{"id":71894,"date":"2015-10-18T10:08:25","date_gmt":"2015-10-18T12:08:25","guid":{"rendered":"http:\/\/www.notibras.com\/site\/?p=71894"},"modified":"2015-10-18T13:18:23","modified_gmt":"2015-10-18T15:18:23","slug":"denuncias-crescem-deixam-cunha-mais-isolado-e-emeacado-no-conselho-de-etica","status":"publish","type":"post","link":"https:\/\/www.notibras.com\/site\/denuncias-crescem-deixam-cunha-mais-isolado-e-emeacado-no-conselho-de-etica\/","title":{"rendered":"Den\u00fancias crescem, deixam Cunha isolado e amea\u00e7ado agora no Conselho de \u00c9tica"},"content":{"rendered":"<p>O isolamento do presidente da C\u00e2mara, Eduardo Cunha (PMDB-RJ), diante do agravamento das den\u00fancias contra ele nos \u00faltimos dias j\u00e1 produz reflexos no Conselho de \u00c9tica, que deve analisar seu processo por quebra de decoro parlamentar. Aliados calculam que, em menos de 24 horas, ele perdeu cerca de metade dos votos que tinha no colegiado e agora ter\u00e1 de apostar em manobras regimentais para evitar a perda do mandato e, consequentemente, do foro privilegiado.<\/p>\n<p>O caso de Cunha chegou ao Conselho de \u00c9tica gra\u00e7as a uma representa\u00e7\u00e3o feita pelo PSOL e pela Rede com base em acusa\u00e7\u00f5es da Procuradoria-Geral da Rep\u00fablica de que ele manteria contas secretas na Su\u00ed\u00e7a. Cabe ao colegiado aprovar parecer indicando a cassa\u00e7\u00e3o ou a manuten\u00e7\u00e3o do mandato, ap\u00f3s uma investiga\u00e7\u00e3o. O julgamento sobre o destino pol\u00edtico do parlamentar \u00e9 tarefa do plen\u00e1rio.<\/p>\n<p>Aliados do peemedebista contabilizavam na noite de quinta-feira de 11 a 14 votos a favor de Cunha entre os 21 titulares do conselho &#8211; o presidente vota, mas s\u00f3 em caso de empate. Na tarde do dia seguinte, ap\u00f3s a divulga\u00e7\u00e3o dos documentos que refor\u00e7am que o presidente da C\u00e2mara possui contas na Su\u00ed\u00e7a, o c\u00e1lculo girava em torno de apenas cinco apoios. Foram colocados em d\u00favida votos de PP, PSD e PR, antes considerados favor\u00e1veis. Os votos dos deputados do DEM (1), do PSDB (2) e do PPS (1), para alguns parlamentares, permanecem uma inc\u00f3gnita.<\/p>\n<p>O Conselho de \u00c9tica n\u00e3o permite troca de seus 21 membros, a n\u00e3o ser em situa\u00e7\u00e3o de ren\u00fancia ou morte. Em caso de aus\u00eancia, o titular \u00e9 substitu\u00eddo por um suplente do mesmo partido. Faltam ser preenchidas duas vagas de supl\u00eancia no bloco do PT e duas no do PSDB.<\/p>\n<p>Al\u00e9m das suspeitas crescentes, a perspectiva de judicializa\u00e7\u00e3o de movimentos de Cunha em favor do impeachment da presidente Dilma Rousseff esvaziou qualquer ensaio de aproxima\u00e7\u00e3o do PT e de aliados do governo com o peemedebista para salv\u00e1-lo. Diante da instabilidade do momento, deputados discutem a situa\u00e7\u00e3o de Cunha apenas nos bastidores.<\/p>\n<p>Segundo um correligion\u00e1rio do presidente da C\u00e2mara, o deputado perdeu o voto daqueles que sustentavam o apoio na cren\u00e7a de que n\u00e3o havia provas ou de que elas n\u00e3o apareceriam at\u00e9 o fim do julgamento. Este peemedebista diz que a revela\u00e7\u00e3o dos documentos &#8220;tira o conforto de quem quer ajud\u00e1-lo&#8221; e que, agora, Cunha passa a contar apenas com parlamentares que n\u00e3o precisam dos chamados &#8220;votos de opini\u00e3o&#8221; para se eleger.<\/p>\n<p>Para ilustrar a situa\u00e7\u00e3o de Cunha, um deputado do PMDB diz que os aliados caminharam com o presidente at\u00e9 a &#8220;beira da cova&#8221;, mas &#8220;agora a cova chegou e ningu\u00e9m vai pular com ele&#8221;.<\/p>\n<p>Um l\u00edder da oposi\u00e7\u00e3o diz acreditar que o peemedebista s\u00f3 conseguir\u00e1 obter sucesso em caso de acordo ou se o processo no conselho n\u00e3o for de fato aberto, pois, no plen\u00e1rio da C\u00e2mara, o presidente da Casa perderia a vota\u00e7\u00e3o. O processo s\u00f3 n\u00e3o \u00e9 aberto em caso de in\u00e9pcia (quando n\u00e3o atende \u00e0s exig\u00eancias das normas regimentais) ou falta de justa causa da representa\u00e7\u00e3o apresentada, aspectos que ser\u00e3o analisados pelo colegiado. J\u00e1 um governista pr\u00f3ximo de Eduardo Cunha diz que o cen\u00e1rio \u00e9 imprevis\u00edvel e que &#8220;pode ser que amanh\u00e3 a situa\u00e7\u00e3o dele fique menos ruim&#8221;, o que lhe devolveria alguns votos.<\/p>\n<p><b>Manobras &#8211;<\/b>\u00a0Profundo conhecedor das regras da Casa, Cunha ainda tem a seu favor a possibilidade de adotar manobras protelat\u00f3rias e suscitar discuss\u00f5es que podem alongar o processo no Conselho de \u00c9tica, contrariando os planos do presidente do colegiado, deputado Jos\u00e9 Carlos Ara\u00fajo (PSD-BA), que diz pretender concluir a an\u00e1lise do caso do presidente da C\u00e2mara ainda neste ano.<\/p>\n<p>&#8220;Quero fazer o mais r\u00e1pido poss\u00edvel. Quanto mais r\u00e1pido eu sair deste problema, melhor para mim&#8221;, disse Ara\u00fajo. Ele pretendia come\u00e7ar os trabalhos j\u00e1 nesta semana, mas deve ter que esperar mais alguns dias. A Mesa Diretora tem at\u00e9 tr\u00eas sess\u00f5es ordin\u00e1rias para devolver representa\u00e7\u00e3o contra Cunha ao colegiado, para que o processo seja aberto. No entanto, s\u00f3 h\u00e1 duas sess\u00f5es marcadas para esta semana. A terceira est\u00e1 prevista apenas para a outra ter\u00e7a-feira, no dia 27, segundo a Secretaria-Geral da Mesa.<\/p>\n<p>De acordo com o C\u00f3digo de \u00c9tica da C\u00e2mara, o relator do processo deve ser escolhido pelo presidente do conselho a partir de tr\u00eas nomes de integrantes do colegiado sorteados.<\/p>\n<p>Em nota divulgada anteontem, Cunha se disse alvo de persegui\u00e7\u00e3o. &#8220;Alguma vez na hist\u00f3ria do Minist\u00e9rio P\u00fablico um procurador-geral respondeu a of\u00edcio de partido pol\u00edtico da forma como foi respondido com rela\u00e7\u00e3o ao presidente da C\u00e2mara, em tempo recorde para ser usado em uma representa\u00e7\u00e3o ao Conselho de \u00c9tica?&#8221;, questionou.<\/p>\n<p><img loading=\"lazy\" decoding=\"async\" class=\"alignnone size-full wp-image-70065\" src=\"http:\/\/www.notibras.com\/site\/wp-content\/uploads\/2015\/10\/estadao.png\" alt=\"estadao\" width=\"99\" height=\"16\" \/><\/p>\n<p>&nbsp;<\/p>\n","protected":false},"excerpt":{"rendered":"<p>O isolamento do presidente da C\u00e2mara, Eduardo Cunha (PMDB-RJ), diante do agravamento das den\u00fancias contra ele nos \u00faltimos dias j\u00e1 produz reflexos no Conselho de \u00c9tica, que deve analisar seu processo por quebra de decoro parlamentar. Aliados calculam que, em menos de 24 horas, ele perdeu cerca de metade dos votos que tinha no colegiado [&hellip;]<\/p>\n","protected":false},"author":2,"featured_media":71895,"comment_status":"open","ping_status":"closed","sticky":false,"template":"","format":"standard","meta":{"_acf_changed":false,"footnotes":""},"categories":[16],"tags":[],"class_list":["post-71894","post","type-post","status-publish","format-standard","has-post-thumbnail","hentry","category-brasil"],"acf":[],"yoast_head":"<!-- This site is optimized with the Yoast SEO plugin v27.2 - https:\/\/yoast.com\/product\/yoast-seo-wordpress\/ -->\n<title>Den\u00fancias crescem, deixam Cunha isolado e amea\u00e7ado agora no Conselho de \u00c9tica - Notibras<\/title>\n<meta name=\"robots\" content=\"index, follow, max-snippet:-1, max-image-preview:large, max-video-preview:-1\" \/>\n<link rel=\"canonical\" href=\"https:\/\/www.notibras.com\/site\/denuncias-crescem-deixam-cunha-mais-isolado-e-emeacado-no-conselho-de-etica\/\" \/>\n<meta property=\"og:locale\" content=\"pt_BR\" \/>\n<meta property=\"og:type\" content=\"article\" \/>\n<meta property=\"og:title\" content=\"Den\u00fancias crescem, deixam Cunha isolado e amea\u00e7ado agora no Conselho de \u00c9tica - Notibras\" \/>\n<meta property=\"og:description\" content=\"O isolamento do presidente da C\u00e2mara, Eduardo Cunha (PMDB-RJ), diante do agravamento das den\u00fancias contra ele nos \u00faltimos dias j\u00e1 produz reflexos no Conselho de \u00c9tica, que deve analisar seu processo por quebra de decoro parlamentar. Aliados calculam que, em menos de 24 horas, ele perdeu cerca de metade dos votos que tinha no colegiado [&hellip;]\" \/>\n<meta property=\"og:url\" content=\"https:\/\/www.notibras.com\/site\/denuncias-crescem-deixam-cunha-mais-isolado-e-emeacado-no-conselho-de-etica\/\" \/>\n<meta property=\"og:site_name\" content=\"Notibras\" \/>\n<meta property=\"article:publisher\" content=\"https:\/\/www.facebook.com\/notibras\/\" \/>\n<meta property=\"article:published_time\" content=\"2015-10-18T12:08:25+00:00\" \/>\n<meta property=\"article:modified_time\" content=\"2015-10-18T15:18:23+00:00\" \/>\n<meta property=\"og:image\" content=\"https:\/\/www.notibras.com\/site\/wp-content\/uploads\/2015\/10\/ed18.jpg\" \/>\n\t<meta property=\"og:image:width\" content=\"570\" \/>\n\t<meta property=\"og:image:height\" content=\"373\" \/>\n\t<meta property=\"og:image:type\" content=\"image\/jpeg\" \/>\n<meta name=\"author\" content=\"Reda\u00e7\u00e3o\" \/>\n<meta name=\"twitter:card\" content=\"summary_large_image\" \/>\n<meta name=\"twitter:creator\" content=\"@Notibras\" \/>\n<meta name=\"twitter:site\" content=\"@Notibras\" \/>\n<meta name=\"twitter:label1\" content=\"Escrito por\" \/>\n\t<meta name=\"twitter:data1\" content=\"Reda\u00e7\u00e3o\" \/>\n\t<meta name=\"twitter:label2\" content=\"Est. tempo de leitura\" \/>\n\t<meta name=\"twitter:data2\" content=\"4 minutos\" \/>\n<script type=\"application\/ld+json\" class=\"yoast-schema-graph\">{\"@context\":\"https:\/\/schema.org\",\"@graph\":[{\"@type\":\"Article\",\"@id\":\"https:\/\/www.notibras.com\/site\/denuncias-crescem-deixam-cunha-mais-isolado-e-emeacado-no-conselho-de-etica\/#article\",\"isPartOf\":{\"@id\":\"https:\/\/www.notibras.com\/site\/denuncias-crescem-deixam-cunha-mais-isolado-e-emeacado-no-conselho-de-etica\/\"},\"author\":{\"name\":\"Reda\u00e7\u00e3o\",\"@id\":\"https:\/\/www.notibras.com\/site\/#\/schema\/person\/36ab0979449956132d3e5b517ea76ac8\"},\"headline\":\"Den\u00fancias crescem, deixam Cunha isolado e amea\u00e7ado agora no Conselho de \u00c9tica\",\"datePublished\":\"2015-10-18T12:08:25+00:00\",\"dateModified\":\"2015-10-18T15:18:23+00:00\",\"mainEntityOfPage\":{\"@id\":\"https:\/\/www.notibras.com\/site\/denuncias-crescem-deixam-cunha-mais-isolado-e-emeacado-no-conselho-de-etica\/\"},\"wordCount\":854,\"commentCount\":0,\"publisher\":{\"@id\":\"https:\/\/www.notibras.com\/site\/#organization\"},\"image\":{\"@id\":\"https:\/\/www.notibras.com\/site\/denuncias-crescem-deixam-cunha-mais-isolado-e-emeacado-no-conselho-de-etica\/#primaryimage\"},\"thumbnailUrl\":\"https:\/\/www.notibras.com\/site\/wp-content\/uploads\/2015\/10\/ed18.jpg\",\"articleSection\":[\"Brasil\"],\"inLanguage\":\"pt-BR\",\"potentialAction\":[{\"@type\":\"CommentAction\",\"name\":\"Comment\",\"target\":[\"https:\/\/www.notibras.com\/site\/denuncias-crescem-deixam-cunha-mais-isolado-e-emeacado-no-conselho-de-etica\/#respond\"]}]},{\"@type\":\"WebPage\",\"@id\":\"https:\/\/www.notibras.com\/site\/denuncias-crescem-deixam-cunha-mais-isolado-e-emeacado-no-conselho-de-etica\/\",\"url\":\"https:\/\/www.notibras.com\/site\/denuncias-crescem-deixam-cunha-mais-isolado-e-emeacado-no-conselho-de-etica\/\",\"name\":\"Den\u00fancias crescem, deixam Cunha isolado e amea\u00e7ado agora no Conselho de \u00c9tica - Notibras\",\"isPartOf\":{\"@id\":\"https:\/\/www.notibras.com\/site\/#website\"},\"primaryImageOfPage\":{\"@id\":\"https:\/\/www.notibras.com\/site\/denuncias-crescem-deixam-cunha-mais-isolado-e-emeacado-no-conselho-de-etica\/#primaryimage\"},\"image\":{\"@id\":\"https:\/\/www.notibras.com\/site\/denuncias-crescem-deixam-cunha-mais-isolado-e-emeacado-no-conselho-de-etica\/#primaryimage\"},\"thumbnailUrl\":\"https:\/\/www.notibras.com\/site\/wp-content\/uploads\/2015\/10\/ed18.jpg\",\"datePublished\":\"2015-10-18T12:08:25+00:00\",\"dateModified\":\"2015-10-18T15:18:23+00:00\",\"breadcrumb\":{\"@id\":\"https:\/\/www.notibras.com\/site\/denuncias-crescem-deixam-cunha-mais-isolado-e-emeacado-no-conselho-de-etica\/#breadcrumb\"},\"inLanguage\":\"pt-BR\",\"potentialAction\":[{\"@type\":\"ReadAction\",\"target\":[\"https:\/\/www.notibras.com\/site\/denuncias-crescem-deixam-cunha-mais-isolado-e-emeacado-no-conselho-de-etica\/\"]}]},{\"@type\":\"ImageObject\",\"inLanguage\":\"pt-BR\",\"@id\":\"https:\/\/www.notibras.com\/site\/denuncias-crescem-deixam-cunha-mais-isolado-e-emeacado-no-conselho-de-etica\/#primaryimage\",\"url\":\"https:\/\/www.notibras.com\/site\/wp-content\/uploads\/2015\/10\/ed18.jpg\",\"contentUrl\":\"https:\/\/www.notibras.com\/site\/wp-content\/uploads\/2015\/10\/ed18.jpg\",\"width\":570,\"height\":373},{\"@type\":\"BreadcrumbList\",\"@id\":\"https:\/\/www.notibras.com\/site\/denuncias-crescem-deixam-cunha-mais-isolado-e-emeacado-no-conselho-de-etica\/#breadcrumb\",\"itemListElement\":[{\"@type\":\"ListItem\",\"position\":1,\"name\":\"In\u00edcio\",\"item\":\"https:\/\/www.notibras.com\/site\/\"},{\"@type\":\"ListItem\",\"position\":2,\"name\":\"Den\u00fancias crescem, deixam Cunha isolado e amea\u00e7ado agora no Conselho de \u00c9tica\"}]},{\"@type\":\"WebSite\",\"@id\":\"https:\/\/www.notibras.com\/site\/#website\",\"url\":\"https:\/\/www.notibras.com\/site\/\",\"name\":\"Notibras\",\"description\":\"Not\u00edcias de Bras\u00edlia, do Brasil e do Mundo\",\"publisher\":{\"@id\":\"https:\/\/www.notibras.com\/site\/#organization\"},\"potentialAction\":[{\"@type\":\"SearchAction\",\"target\":{\"@type\":\"EntryPoint\",\"urlTemplate\":\"https:\/\/www.notibras.com\/site\/?s={search_term_string}\"},\"query-input\":{\"@type\":\"PropertyValueSpecification\",\"valueRequired\":true,\"valueName\":\"search_term_string\"}}],\"inLanguage\":\"pt-BR\"},{\"@type\":\"Organization\",\"@id\":\"https:\/\/www.notibras.com\/site\/#organization\",\"name\":\"Grupo Notibras de Comunica\u00e7\u00e3o\",\"url\":\"https:\/\/www.notibras.com\/site\/\",\"logo\":{\"@type\":\"ImageObject\",\"inLanguage\":\"pt-BR\",\"@id\":\"https:\/\/www.notibras.com\/site\/#\/schema\/logo\/image\/\",\"url\":\"https:\/\/www.notibras.com\/site\/wp-content\/uploads\/2023\/01\/notibras23.png\",\"contentUrl\":\"https:\/\/www.notibras.com\/site\/wp-content\/uploads\/2023\/01\/notibras23.png\",\"width\":350,\"height\":87,\"caption\":\"Grupo Notibras de Comunica\u00e7\u00e3o\"},\"image\":{\"@id\":\"https:\/\/www.notibras.com\/site\/#\/schema\/logo\/image\/\"},\"sameAs\":[\"https:\/\/www.facebook.com\/notibras\/\",\"https:\/\/x.com\/Notibras\",\"https:\/\/www.instagram.com\/notibras\/\"]},{\"@type\":\"Person\",\"@id\":\"https:\/\/www.notibras.com\/site\/#\/schema\/person\/36ab0979449956132d3e5b517ea76ac8\",\"name\":\"Reda\u00e7\u00e3o\",\"image\":{\"@type\":\"ImageObject\",\"inLanguage\":\"pt-BR\",\"@id\":\"https:\/\/secure.gravatar.com\/avatar\/e0a867bdedb85fd243eadf09663511f96fc81e0720a4a42581f334ad4303aa6b?s=96&d=mm&r=g\",\"url\":\"https:\/\/secure.gravatar.com\/avatar\/e0a867bdedb85fd243eadf09663511f96fc81e0720a4a42581f334ad4303aa6b?s=96&d=mm&r=g\",\"contentUrl\":\"https:\/\/secure.gravatar.com\/avatar\/e0a867bdedb85fd243eadf09663511f96fc81e0720a4a42581f334ad4303aa6b?s=96&d=mm&r=g\",\"caption\":\"Reda\u00e7\u00e3o\"}}]}<\/script>\n<!-- \/ Yoast SEO plugin. -->","yoast_head_json":{"title":"Den\u00fancias crescem, deixam Cunha isolado e amea\u00e7ado agora no Conselho de \u00c9tica - Notibras","robots":{"index":"index","follow":"follow","max-snippet":"max-snippet:-1","max-image-preview":"max-image-preview:large","max-video-preview":"max-video-preview:-1"},"canonical":"https:\/\/www.notibras.com\/site\/denuncias-crescem-deixam-cunha-mais-isolado-e-emeacado-no-conselho-de-etica\/","og_locale":"pt_BR","og_type":"article","og_title":"Den\u00fancias crescem, deixam Cunha isolado e amea\u00e7ado agora no Conselho de \u00c9tica - Notibras","og_description":"O isolamento do presidente da C\u00e2mara, Eduardo Cunha (PMDB-RJ), diante do agravamento das den\u00fancias contra ele nos \u00faltimos dias j\u00e1 produz reflexos no Conselho de \u00c9tica, que deve analisar seu processo por quebra de decoro parlamentar. Aliados calculam que, em menos de 24 horas, ele perdeu cerca de metade dos votos que tinha no colegiado [&hellip;]","og_url":"https:\/\/www.notibras.com\/site\/denuncias-crescem-deixam-cunha-mais-isolado-e-emeacado-no-conselho-de-etica\/","og_site_name":"Notibras","article_publisher":"https:\/\/www.facebook.com\/notibras\/","article_published_time":"2015-10-18T12:08:25+00:00","article_modified_time":"2015-10-18T15:18:23+00:00","og_image":[{"width":570,"height":373,"url":"https:\/\/www.notibras.com\/site\/wp-content\/uploads\/2015\/10\/ed18.jpg","type":"image\/jpeg"}],"author":"Reda\u00e7\u00e3o","twitter_card":"summary_large_image","twitter_creator":"@Notibras","twitter_site":"@Notibras","twitter_misc":{"Escrito por":"Reda\u00e7\u00e3o","Est. tempo de leitura":"4 minutos"},"schema":{"@context":"https:\/\/schema.org","@graph":[{"@type":"Article","@id":"https:\/\/www.notibras.com\/site\/denuncias-crescem-deixam-cunha-mais-isolado-e-emeacado-no-conselho-de-etica\/#article","isPartOf":{"@id":"https:\/\/www.notibras.com\/site\/denuncias-crescem-deixam-cunha-mais-isolado-e-emeacado-no-conselho-de-etica\/"},"author":{"name":"Reda\u00e7\u00e3o","@id":"https:\/\/www.notibras.com\/site\/#\/schema\/person\/36ab0979449956132d3e5b517ea76ac8"},"headline":"Den\u00fancias crescem, deixam Cunha isolado e amea\u00e7ado agora no Conselho de \u00c9tica","datePublished":"2015-10-18T12:08:25+00:00","dateModified":"2015-10-18T15:18:23+00:00","mainEntityOfPage":{"@id":"https:\/\/www.notibras.com\/site\/denuncias-crescem-deixam-cunha-mais-isolado-e-emeacado-no-conselho-de-etica\/"},"wordCount":854,"commentCount":0,"publisher":{"@id":"https:\/\/www.notibras.com\/site\/#organization"},"image":{"@id":"https:\/\/www.notibras.com\/site\/denuncias-crescem-deixam-cunha-mais-isolado-e-emeacado-no-conselho-de-etica\/#primaryimage"},"thumbnailUrl":"https:\/\/www.notibras.com\/site\/wp-content\/uploads\/2015\/10\/ed18.jpg","articleSection":["Brasil"],"inLanguage":"pt-BR","potentialAction":[{"@type":"CommentAction","name":"Comment","target":["https:\/\/www.notibras.com\/site\/denuncias-crescem-deixam-cunha-mais-isolado-e-emeacado-no-conselho-de-etica\/#respond"]}]},{"@type":"WebPage","@id":"https:\/\/www.notibras.com\/site\/denuncias-crescem-deixam-cunha-mais-isolado-e-emeacado-no-conselho-de-etica\/","url":"https:\/\/www.notibras.com\/site\/denuncias-crescem-deixam-cunha-mais-isolado-e-emeacado-no-conselho-de-etica\/","name":"Den\u00fancias crescem, deixam Cunha isolado e amea\u00e7ado agora no Conselho de \u00c9tica - Notibras","isPartOf":{"@id":"https:\/\/www.notibras.com\/site\/#website"},"primaryImageOfPage":{"@id":"https:\/\/www.notibras.com\/site\/denuncias-crescem-deixam-cunha-mais-isolado-e-emeacado-no-conselho-de-etica\/#primaryimage"},"image":{"@id":"https:\/\/www.notibras.com\/site\/denuncias-crescem-deixam-cunha-mais-isolado-e-emeacado-no-conselho-de-etica\/#primaryimage"},"thumbnailUrl":"https:\/\/www.notibras.com\/site\/wp-content\/uploads\/2015\/10\/ed18.jpg","datePublished":"2015-10-18T12:08:25+00:00","dateModified":"2015-10-18T15:18:23+00:00","breadcrumb":{"@id":"https:\/\/www.notibras.com\/site\/denuncias-crescem-deixam-cunha-mais-isolado-e-emeacado-no-conselho-de-etica\/#breadcrumb"},"inLanguage":"pt-BR","potentialAction":[{"@type":"ReadAction","target":["https:\/\/www.notibras.com\/site\/denuncias-crescem-deixam-cunha-mais-isolado-e-emeacado-no-conselho-de-etica\/"]}]},{"@type":"ImageObject","inLanguage":"pt-BR","@id":"https:\/\/www.notibras.com\/site\/denuncias-crescem-deixam-cunha-mais-isolado-e-emeacado-no-conselho-de-etica\/#primaryimage","url":"https:\/\/www.notibras.com\/site\/wp-content\/uploads\/2015\/10\/ed18.jpg","contentUrl":"https:\/\/www.notibras.com\/site\/wp-content\/uploads\/2015\/10\/ed18.jpg","width":570,"height":373},{"@type":"BreadcrumbList","@id":"https:\/\/www.notibras.com\/site\/denuncias-crescem-deixam-cunha-mais-isolado-e-emeacado-no-conselho-de-etica\/#breadcrumb","itemListElement":[{"@type":"ListItem","position":1,"name":"In\u00edcio","item":"https:\/\/www.notibras.com\/site\/"},{"@type":"ListItem","position":2,"name":"Den\u00fancias crescem, deixam Cunha isolado e amea\u00e7ado agora no Conselho de \u00c9tica"}]},{"@type":"WebSite","@id":"https:\/\/www.notibras.com\/site\/#website","url":"https:\/\/www.notibras.com\/site\/","name":"Notibras","description":"Not\u00edcias de Bras\u00edlia, do Brasil e do Mundo","publisher":{"@id":"https:\/\/www.notibras.com\/site\/#organization"},"potentialAction":[{"@type":"SearchAction","target":{"@type":"EntryPoint","urlTemplate":"https:\/\/www.notibras.com\/site\/?s={search_term_string}"},"query-input":{"@type":"PropertyValueSpecification","valueRequired":true,"valueName":"search_term_string"}}],"inLanguage":"pt-BR"},{"@type":"Organization","@id":"https:\/\/www.notibras.com\/site\/#organization","name":"Grupo Notibras de Comunica\u00e7\u00e3o","url":"https:\/\/www.notibras.com\/site\/","logo":{"@type":"ImageObject","inLanguage":"pt-BR","@id":"https:\/\/www.notibras.com\/site\/#\/schema\/logo\/image\/","url":"https:\/\/www.notibras.com\/site\/wp-content\/uploads\/2023\/01\/notibras23.png","contentUrl":"https:\/\/www.notibras.com\/site\/wp-content\/uploads\/2023\/01\/notibras23.png","width":350,"height":87,"caption":"Grupo Notibras de Comunica\u00e7\u00e3o"},"image":{"@id":"https:\/\/www.notibras.com\/site\/#\/schema\/logo\/image\/"},"sameAs":["https:\/\/www.facebook.com\/notibras\/","https:\/\/x.com\/Notibras","https:\/\/www.instagram.com\/notibras\/"]},{"@type":"Person","@id":"https:\/\/www.notibras.com\/site\/#\/schema\/person\/36ab0979449956132d3e5b517ea76ac8","name":"Reda\u00e7\u00e3o","image":{"@type":"ImageObject","inLanguage":"pt-BR","@id":"https:\/\/secure.gravatar.com\/avatar\/e0a867bdedb85fd243eadf09663511f96fc81e0720a4a42581f334ad4303aa6b?s=96&d=mm&r=g","url":"https:\/\/secure.gravatar.com\/avatar\/e0a867bdedb85fd243eadf09663511f96fc81e0720a4a42581f334ad4303aa6b?s=96&d=mm&r=g","contentUrl":"https:\/\/secure.gravatar.com\/avatar\/e0a867bdedb85fd243eadf09663511f96fc81e0720a4a42581f334ad4303aa6b?s=96&d=mm&r=g","caption":"Reda\u00e7\u00e3o"}}]}},"amp_enabled":true,"_links":{"self":[{"href":"https:\/\/www.notibras.com\/site\/wp-json\/wp\/v2\/posts\/71894","targetHints":{"allow":["GET"]}}],"collection":[{"href":"https:\/\/www.notibras.com\/site\/wp-json\/wp\/v2\/posts"}],"about":[{"href":"https:\/\/www.notibras.com\/site\/wp-json\/wp\/v2\/types\/post"}],"author":[{"embeddable":true,"href":"https:\/\/www.notibras.com\/site\/wp-json\/wp\/v2\/users\/2"}],"replies":[{"embeddable":true,"href":"https:\/\/www.notibras.com\/site\/wp-json\/wp\/v2\/comments?post=71894"}],"version-history":[{"count":3,"href":"https:\/\/www.notibras.com\/site\/wp-json\/wp\/v2\/posts\/71894\/revisions"}],"predecessor-version":[{"id":71898,"href":"https:\/\/www.notibras.com\/site\/wp-json\/wp\/v2\/posts\/71894\/revisions\/71898"}],"wp:featuredmedia":[{"embeddable":true,"href":"https:\/\/www.notibras.com\/site\/wp-json\/wp\/v2\/media\/71895"}],"wp:attachment":[{"href":"https:\/\/www.notibras.com\/site\/wp-json\/wp\/v2\/media?parent=71894"}],"wp:term":[{"taxonomy":"category","embeddable":true,"href":"https:\/\/www.notibras.com\/site\/wp-json\/wp\/v2\/categories?post=71894"},{"taxonomy":"post_tag","embeddable":true,"href":"https:\/\/www.notibras.com\/site\/wp-json\/wp\/v2\/tags?post=71894"}],"curies":[{"name":"wp","href":"https:\/\/api.w.org\/{rel}","templated":true}]}}