{"id":71903,"date":"2015-10-18T13:41:39","date_gmt":"2015-10-18T15:41:39","guid":{"rendered":"http:\/\/www.notibras.com\/site\/?p=71903"},"modified":"2015-10-18T19:57:40","modified_gmt":"2015-10-18T21:57:40","slug":"cruzeiro-lava-a-alma-contra-o-flu-faz-2-a-0-e-se-afasta-da-degola","status":"publish","type":"post","link":"https:\/\/www.notibras.com\/site\/cruzeiro-lava-a-alma-contra-o-flu-faz-2-a-0-e-se-afasta-da-degola\/","title":{"rendered":"Cruzeiro lava a alma contra o Fluminense, faz 2 a 0 no Mineir\u00e3o e foge da degola"},"content":{"rendered":"<p>Depois de dois empates consecutivos, o Cruzeiro voltou a vencer no Campeonato Brasileiro. O time derrotou o Fluminense por 2 a 0, na manh\u00e3 deste domingo, em partida disputada no Mineir\u00e3o pela 31.\u00aa rodada da competi\u00e7\u00e3o. Os dois gols foram marcados por Willian, que chegou a nove no torneio.<\/p>\n<p>O resultado afasta ainda mais o Cruzeiro da zona do rebaixamento A equipe mineira tem agora 41 pontos, contra 33 do Coritiba, o primeiro time na degola. J\u00e1 o Fluminense, que vinha de vit\u00f3ria em casa contra o S\u00e3o Paulo, permanece com 40 pontos, agora atr\u00e1s do seu algoz. O jogo em Belo Horizonte foi a \u00faltima partida disputada no hor\u00e1rio das 11h da manh\u00e3, conforme decis\u00e3o da Confedera\u00e7\u00e3o Brasileira de Futebol (CBF).<\/p>\n<p><strong>O jogo<\/strong>\u00a0&#8211; A primeira chance de gol foi do Fluminense, logo aos 2 minutos, com Scarpa finalizando para fora cruzamento da direita de Marcos Junior. Mas foi do Cruzeiro o dom\u00ednio do jogo a partir desse momento. Aos 17 minutos, De Arrascaeta chutou forte para boa defesa de Cavalieri que, por cima do gol, jogou para escanteio. Sete minutos depois, Cear\u00e1 cruzou da direita e o uruguaio, de peixinho, jogou para fora.<\/p>\n<p>Na press\u00e3o, o Cruzeiro marcou aos 27 minutos. O zagueiro Manoel avan\u00e7ou pela direita e chutou para o meio da \u00e1rea. Willian parou a bola, ajeitou, girou e chutou no canto direito de Cavalieri para fazer 1 a 0<\/p>\n<p>Allano teve outra chance aos 38 minutos, em chute de frente para o gol de Cavalieri que passou por cima do travess\u00e3o do guarda-meta tricolor. O Cruzeiro mantinha o controle do jogo, marcando bem, impedindo qualquer rea\u00e7\u00e3o do time carioca.<\/p>\n<p>O Cruzeiro marcou o segundo logo no in\u00edcio da etapa complementar, com Willian, que assinalou seu nono gol no Campeonato Brasileiro. O jogador recebeu de Allano na meia esquerda, avan\u00e7ou sem marca\u00e7\u00e3o e chutou no canto esquerdo de Cavalieri, aos 2 minutos.<\/p>\n<p>Destaque da partida, Cavalieri impediu o terceiro do Cruzeiro aos 19 minutos. De Arrascaeta recebeu de Ariel na meia lua, dominou de costas, girou e bateu no canto direito, para excelente defesa do goleiro do Fluminense. Do outro lado, F\u00e1bio parecia muito mais um observador do que um jogador em campo. Em um das poucas chances da equipe carioca no segundo tempo, aos 36 minutos, Scarpa bateu falta da esquerda e Fabr\u00edcio afastou.<\/p>\n<p>Aos 47 minutos Leandro Dami\u00e3o dominou na grande \u00e1rea, tirou Cavalieri da jogada e mandou pra fora, mantendo, de forma inacredit\u00e1vel, seu jejum de gols.<\/p>\n<p>O pr\u00f3ximo compromisso do Cruzeiro \u00e9 contra o Goi\u00e1s no Serra Dourada, domingo \u00e0s 18h. O Fluminense enfrenta o Atl\u00e9tico-PR no s\u00e1bado no Maracan\u00e3 \u00e0s 17h.<\/p>\n<p><img loading=\"lazy\" decoding=\"async\" class=\"alignnone size-full wp-image-70065\" src=\"http:\/\/www.notibras.com\/site\/wp-content\/uploads\/2015\/10\/estadao.png\" alt=\"estadao\" width=\"99\" height=\"16\" \/><\/p>\n","protected":false},"excerpt":{"rendered":"<p>Depois de dois empates consecutivos, o Cruzeiro voltou a vencer no Campeonato Brasileiro. O time derrotou o Fluminense por 2 a 0, na manh\u00e3 deste domingo, em partida disputada no Mineir\u00e3o pela 31.\u00aa rodada da competi\u00e7\u00e3o. Os dois gols foram marcados por Willian, que chegou a nove no torneio. O resultado afasta ainda mais o [&hellip;]<\/p>\n","protected":false},"author":2,"featured_media":71904,"comment_status":"open","ping_status":"closed","sticky":false,"template":"","format":"standard","meta":{"_acf_changed":false,"footnotes":""},"categories":[29],"tags":[],"class_list":["post-71903","post","type-post","status-publish","format-standard","has-post-thumbnail","hentry","category-futebol"],"acf":[],"yoast_head":"<!-- This site is optimized with the Yoast SEO plugin v27.2 - https:\/\/yoast.com\/product\/yoast-seo-wordpress\/ -->\n<title>Cruzeiro lava a alma contra o Fluminense, faz 2 a 0 no Mineir\u00e3o e foge da degola - Notibras<\/title>\n<meta name=\"robots\" content=\"index, follow, max-snippet:-1, max-image-preview:large, max-video-preview:-1\" \/>\n<link rel=\"canonical\" href=\"https:\/\/www.notibras.com\/site\/cruzeiro-lava-a-alma-contra-o-flu-faz-2-a-0-e-se-afasta-da-degola\/\" \/>\n<meta property=\"og:locale\" content=\"pt_BR\" \/>\n<meta property=\"og:type\" content=\"article\" \/>\n<meta property=\"og:title\" content=\"Cruzeiro lava a alma contra o Fluminense, faz 2 a 0 no Mineir\u00e3o e foge da degola - Notibras\" \/>\n<meta property=\"og:description\" content=\"Depois de dois empates consecutivos, o Cruzeiro voltou a vencer no Campeonato Brasileiro. O time derrotou o Fluminense por 2 a 0, na manh\u00e3 deste domingo, em partida disputada no Mineir\u00e3o pela 31.\u00aa rodada da competi\u00e7\u00e3o. Os dois gols foram marcados por Willian, que chegou a nove no torneio. O resultado afasta ainda mais o [&hellip;]\" \/>\n<meta property=\"og:url\" content=\"https:\/\/www.notibras.com\/site\/cruzeiro-lava-a-alma-contra-o-flu-faz-2-a-0-e-se-afasta-da-degola\/\" \/>\n<meta property=\"og:site_name\" content=\"Notibras\" \/>\n<meta property=\"article:publisher\" content=\"https:\/\/www.facebook.com\/notibras\/\" \/>\n<meta property=\"article:published_time\" content=\"2015-10-18T15:41:39+00:00\" \/>\n<meta property=\"article:modified_time\" content=\"2015-10-18T21:57:40+00:00\" \/>\n<meta property=\"og:image\" content=\"https:\/\/www.notibras.com\/site\/wp-content\/uploads\/2015\/10\/cruflu18.jpg\" \/>\n\t<meta property=\"og:image:width\" content=\"527\" \/>\n\t<meta property=\"og:image:height\" content=\"307\" \/>\n\t<meta property=\"og:image:type\" content=\"image\/jpeg\" \/>\n<meta name=\"author\" content=\"Reda\u00e7\u00e3o\" \/>\n<meta name=\"twitter:card\" content=\"summary_large_image\" \/>\n<meta name=\"twitter:creator\" content=\"@Notibras\" \/>\n<meta name=\"twitter:site\" content=\"@Notibras\" \/>\n<meta name=\"twitter:label1\" content=\"Escrito por\" \/>\n\t<meta name=\"twitter:data1\" content=\"Reda\u00e7\u00e3o\" \/>\n\t<meta name=\"twitter:label2\" content=\"Est. tempo de leitura\" \/>\n\t<meta name=\"twitter:data2\" content=\"2 minutos\" \/>\n<script type=\"application\/ld+json\" class=\"yoast-schema-graph\">{\"@context\":\"https:\/\/schema.org\",\"@graph\":[{\"@type\":\"Article\",\"@id\":\"https:\/\/www.notibras.com\/site\/cruzeiro-lava-a-alma-contra-o-flu-faz-2-a-0-e-se-afasta-da-degola\/#article\",\"isPartOf\":{\"@id\":\"https:\/\/www.notibras.com\/site\/cruzeiro-lava-a-alma-contra-o-flu-faz-2-a-0-e-se-afasta-da-degola\/\"},\"author\":{\"name\":\"Reda\u00e7\u00e3o\",\"@id\":\"https:\/\/www.notibras.com\/site\/#\/schema\/person\/36ab0979449956132d3e5b517ea76ac8\"},\"headline\":\"Cruzeiro lava a alma contra o Fluminense, faz 2 a 0 no Mineir\u00e3o e foge da degola\",\"datePublished\":\"2015-10-18T15:41:39+00:00\",\"dateModified\":\"2015-10-18T21:57:40+00:00\",\"mainEntityOfPage\":{\"@id\":\"https:\/\/www.notibras.com\/site\/cruzeiro-lava-a-alma-contra-o-flu-faz-2-a-0-e-se-afasta-da-degola\/\"},\"wordCount\":463,\"commentCount\":0,\"publisher\":{\"@id\":\"https:\/\/www.notibras.com\/site\/#organization\"},\"image\":{\"@id\":\"https:\/\/www.notibras.com\/site\/cruzeiro-lava-a-alma-contra-o-flu-faz-2-a-0-e-se-afasta-da-degola\/#primaryimage\"},\"thumbnailUrl\":\"https:\/\/www.notibras.com\/site\/wp-content\/uploads\/2015\/10\/cruflu18.jpg\",\"articleSection\":[\"Futebol\"],\"inLanguage\":\"pt-BR\",\"potentialAction\":[{\"@type\":\"CommentAction\",\"name\":\"Comment\",\"target\":[\"https:\/\/www.notibras.com\/site\/cruzeiro-lava-a-alma-contra-o-flu-faz-2-a-0-e-se-afasta-da-degola\/#respond\"]}]},{\"@type\":\"WebPage\",\"@id\":\"https:\/\/www.notibras.com\/site\/cruzeiro-lava-a-alma-contra-o-flu-faz-2-a-0-e-se-afasta-da-degola\/\",\"url\":\"https:\/\/www.notibras.com\/site\/cruzeiro-lava-a-alma-contra-o-flu-faz-2-a-0-e-se-afasta-da-degola\/\",\"name\":\"Cruzeiro lava a alma contra o Fluminense, faz 2 a 0 no Mineir\u00e3o e foge da degola - Notibras\",\"isPartOf\":{\"@id\":\"https:\/\/www.notibras.com\/site\/#website\"},\"primaryImageOfPage\":{\"@id\":\"https:\/\/www.notibras.com\/site\/cruzeiro-lava-a-alma-contra-o-flu-faz-2-a-0-e-se-afasta-da-degola\/#primaryimage\"},\"image\":{\"@id\":\"https:\/\/www.notibras.com\/site\/cruzeiro-lava-a-alma-contra-o-flu-faz-2-a-0-e-se-afasta-da-degola\/#primaryimage\"},\"thumbnailUrl\":\"https:\/\/www.notibras.com\/site\/wp-content\/uploads\/2015\/10\/cruflu18.jpg\",\"datePublished\":\"2015-10-18T15:41:39+00:00\",\"dateModified\":\"2015-10-18T21:57:40+00:00\",\"breadcrumb\":{\"@id\":\"https:\/\/www.notibras.com\/site\/cruzeiro-lava-a-alma-contra-o-flu-faz-2-a-0-e-se-afasta-da-degola\/#breadcrumb\"},\"inLanguage\":\"pt-BR\",\"potentialAction\":[{\"@type\":\"ReadAction\",\"target\":[\"https:\/\/www.notibras.com\/site\/cruzeiro-lava-a-alma-contra-o-flu-faz-2-a-0-e-se-afasta-da-degola\/\"]}]},{\"@type\":\"ImageObject\",\"inLanguage\":\"pt-BR\",\"@id\":\"https:\/\/www.notibras.com\/site\/cruzeiro-lava-a-alma-contra-o-flu-faz-2-a-0-e-se-afasta-da-degola\/#primaryimage\",\"url\":\"https:\/\/www.notibras.com\/site\/wp-content\/uploads\/2015\/10\/cruflu18.jpg\",\"contentUrl\":\"https:\/\/www.notibras.com\/site\/wp-content\/uploads\/2015\/10\/cruflu18.jpg\",\"width\":527,\"height\":307},{\"@type\":\"BreadcrumbList\",\"@id\":\"https:\/\/www.notibras.com\/site\/cruzeiro-lava-a-alma-contra-o-flu-faz-2-a-0-e-se-afasta-da-degola\/#breadcrumb\",\"itemListElement\":[{\"@type\":\"ListItem\",\"position\":1,\"name\":\"In\u00edcio\",\"item\":\"https:\/\/www.notibras.com\/site\/\"},{\"@type\":\"ListItem\",\"position\":2,\"name\":\"Cruzeiro lava a alma contra o Fluminense, faz 2 a 0 no Mineir\u00e3o e foge da degola\"}]},{\"@type\":\"WebSite\",\"@id\":\"https:\/\/www.notibras.com\/site\/#website\",\"url\":\"https:\/\/www.notibras.com\/site\/\",\"name\":\"Notibras\",\"description\":\"Not\u00edcias de Bras\u00edlia, do Brasil e do Mundo\",\"publisher\":{\"@id\":\"https:\/\/www.notibras.com\/site\/#organization\"},\"potentialAction\":[{\"@type\":\"SearchAction\",\"target\":{\"@type\":\"EntryPoint\",\"urlTemplate\":\"https:\/\/www.notibras.com\/site\/?s={search_term_string}\"},\"query-input\":{\"@type\":\"PropertyValueSpecification\",\"valueRequired\":true,\"valueName\":\"search_term_string\"}}],\"inLanguage\":\"pt-BR\"},{\"@type\":\"Organization\",\"@id\":\"https:\/\/www.notibras.com\/site\/#organization\",\"name\":\"Grupo Notibras de Comunica\u00e7\u00e3o\",\"url\":\"https:\/\/www.notibras.com\/site\/\",\"logo\":{\"@type\":\"ImageObject\",\"inLanguage\":\"pt-BR\",\"@id\":\"https:\/\/www.notibras.com\/site\/#\/schema\/logo\/image\/\",\"url\":\"https:\/\/www.notibras.com\/site\/wp-content\/uploads\/2023\/01\/notibras23.png\",\"contentUrl\":\"https:\/\/www.notibras.com\/site\/wp-content\/uploads\/2023\/01\/notibras23.png\",\"width\":350,\"height\":87,\"caption\":\"Grupo Notibras de Comunica\u00e7\u00e3o\"},\"image\":{\"@id\":\"https:\/\/www.notibras.com\/site\/#\/schema\/logo\/image\/\"},\"sameAs\":[\"https:\/\/www.facebook.com\/notibras\/\",\"https:\/\/x.com\/Notibras\",\"https:\/\/www.instagram.com\/notibras\/\"]},{\"@type\":\"Person\",\"@id\":\"https:\/\/www.notibras.com\/site\/#\/schema\/person\/36ab0979449956132d3e5b517ea76ac8\",\"name\":\"Reda\u00e7\u00e3o\",\"image\":{\"@type\":\"ImageObject\",\"inLanguage\":\"pt-BR\",\"@id\":\"https:\/\/secure.gravatar.com\/avatar\/e0a867bdedb85fd243eadf09663511f96fc81e0720a4a42581f334ad4303aa6b?s=96&d=mm&r=g\",\"url\":\"https:\/\/secure.gravatar.com\/avatar\/e0a867bdedb85fd243eadf09663511f96fc81e0720a4a42581f334ad4303aa6b?s=96&d=mm&r=g\",\"contentUrl\":\"https:\/\/secure.gravatar.com\/avatar\/e0a867bdedb85fd243eadf09663511f96fc81e0720a4a42581f334ad4303aa6b?s=96&d=mm&r=g\",\"caption\":\"Reda\u00e7\u00e3o\"}}]}<\/script>\n<!-- \/ Yoast SEO plugin. -->","yoast_head_json":{"title":"Cruzeiro lava a alma contra o Fluminense, faz 2 a 0 no Mineir\u00e3o e foge da degola - Notibras","robots":{"index":"index","follow":"follow","max-snippet":"max-snippet:-1","max-image-preview":"max-image-preview:large","max-video-preview":"max-video-preview:-1"},"canonical":"https:\/\/www.notibras.com\/site\/cruzeiro-lava-a-alma-contra-o-flu-faz-2-a-0-e-se-afasta-da-degola\/","og_locale":"pt_BR","og_type":"article","og_title":"Cruzeiro lava a alma contra o Fluminense, faz 2 a 0 no Mineir\u00e3o e foge da degola - Notibras","og_description":"Depois de dois empates consecutivos, o Cruzeiro voltou a vencer no Campeonato Brasileiro. O time derrotou o Fluminense por 2 a 0, na manh\u00e3 deste domingo, em partida disputada no Mineir\u00e3o pela 31.\u00aa rodada da competi\u00e7\u00e3o. Os dois gols foram marcados por Willian, que chegou a nove no torneio. O resultado afasta ainda mais o [&hellip;]","og_url":"https:\/\/www.notibras.com\/site\/cruzeiro-lava-a-alma-contra-o-flu-faz-2-a-0-e-se-afasta-da-degola\/","og_site_name":"Notibras","article_publisher":"https:\/\/www.facebook.com\/notibras\/","article_published_time":"2015-10-18T15:41:39+00:00","article_modified_time":"2015-10-18T21:57:40+00:00","og_image":[{"width":527,"height":307,"url":"https:\/\/www.notibras.com\/site\/wp-content\/uploads\/2015\/10\/cruflu18.jpg","type":"image\/jpeg"}],"author":"Reda\u00e7\u00e3o","twitter_card":"summary_large_image","twitter_creator":"@Notibras","twitter_site":"@Notibras","twitter_misc":{"Escrito por":"Reda\u00e7\u00e3o","Est. tempo de leitura":"2 minutos"},"schema":{"@context":"https:\/\/schema.org","@graph":[{"@type":"Article","@id":"https:\/\/www.notibras.com\/site\/cruzeiro-lava-a-alma-contra-o-flu-faz-2-a-0-e-se-afasta-da-degola\/#article","isPartOf":{"@id":"https:\/\/www.notibras.com\/site\/cruzeiro-lava-a-alma-contra-o-flu-faz-2-a-0-e-se-afasta-da-degola\/"},"author":{"name":"Reda\u00e7\u00e3o","@id":"https:\/\/www.notibras.com\/site\/#\/schema\/person\/36ab0979449956132d3e5b517ea76ac8"},"headline":"Cruzeiro lava a alma contra o Fluminense, faz 2 a 0 no Mineir\u00e3o e foge da degola","datePublished":"2015-10-18T15:41:39+00:00","dateModified":"2015-10-18T21:57:40+00:00","mainEntityOfPage":{"@id":"https:\/\/www.notibras.com\/site\/cruzeiro-lava-a-alma-contra-o-flu-faz-2-a-0-e-se-afasta-da-degola\/"},"wordCount":463,"commentCount":0,"publisher":{"@id":"https:\/\/www.notibras.com\/site\/#organization"},"image":{"@id":"https:\/\/www.notibras.com\/site\/cruzeiro-lava-a-alma-contra-o-flu-faz-2-a-0-e-se-afasta-da-degola\/#primaryimage"},"thumbnailUrl":"https:\/\/www.notibras.com\/site\/wp-content\/uploads\/2015\/10\/cruflu18.jpg","articleSection":["Futebol"],"inLanguage":"pt-BR","potentialAction":[{"@type":"CommentAction","name":"Comment","target":["https:\/\/www.notibras.com\/site\/cruzeiro-lava-a-alma-contra-o-flu-faz-2-a-0-e-se-afasta-da-degola\/#respond"]}]},{"@type":"WebPage","@id":"https:\/\/www.notibras.com\/site\/cruzeiro-lava-a-alma-contra-o-flu-faz-2-a-0-e-se-afasta-da-degola\/","url":"https:\/\/www.notibras.com\/site\/cruzeiro-lava-a-alma-contra-o-flu-faz-2-a-0-e-se-afasta-da-degola\/","name":"Cruzeiro lava a alma contra o Fluminense, faz 2 a 0 no Mineir\u00e3o e foge da degola - Notibras","isPartOf":{"@id":"https:\/\/www.notibras.com\/site\/#website"},"primaryImageOfPage":{"@id":"https:\/\/www.notibras.com\/site\/cruzeiro-lava-a-alma-contra-o-flu-faz-2-a-0-e-se-afasta-da-degola\/#primaryimage"},"image":{"@id":"https:\/\/www.notibras.com\/site\/cruzeiro-lava-a-alma-contra-o-flu-faz-2-a-0-e-se-afasta-da-degola\/#primaryimage"},"thumbnailUrl":"https:\/\/www.notibras.com\/site\/wp-content\/uploads\/2015\/10\/cruflu18.jpg","datePublished":"2015-10-18T15:41:39+00:00","dateModified":"2015-10-18T21:57:40+00:00","breadcrumb":{"@id":"https:\/\/www.notibras.com\/site\/cruzeiro-lava-a-alma-contra-o-flu-faz-2-a-0-e-se-afasta-da-degola\/#breadcrumb"},"inLanguage":"pt-BR","potentialAction":[{"@type":"ReadAction","target":["https:\/\/www.notibras.com\/site\/cruzeiro-lava-a-alma-contra-o-flu-faz-2-a-0-e-se-afasta-da-degola\/"]}]},{"@type":"ImageObject","inLanguage":"pt-BR","@id":"https:\/\/www.notibras.com\/site\/cruzeiro-lava-a-alma-contra-o-flu-faz-2-a-0-e-se-afasta-da-degola\/#primaryimage","url":"https:\/\/www.notibras.com\/site\/wp-content\/uploads\/2015\/10\/cruflu18.jpg","contentUrl":"https:\/\/www.notibras.com\/site\/wp-content\/uploads\/2015\/10\/cruflu18.jpg","width":527,"height":307},{"@type":"BreadcrumbList","@id":"https:\/\/www.notibras.com\/site\/cruzeiro-lava-a-alma-contra-o-flu-faz-2-a-0-e-se-afasta-da-degola\/#breadcrumb","itemListElement":[{"@type":"ListItem","position":1,"name":"In\u00edcio","item":"https:\/\/www.notibras.com\/site\/"},{"@type":"ListItem","position":2,"name":"Cruzeiro lava a alma contra o Fluminense, faz 2 a 0 no Mineir\u00e3o e foge da degola"}]},{"@type":"WebSite","@id":"https:\/\/www.notibras.com\/site\/#website","url":"https:\/\/www.notibras.com\/site\/","name":"Notibras","description":"Not\u00edcias de Bras\u00edlia, do Brasil e do Mundo","publisher":{"@id":"https:\/\/www.notibras.com\/site\/#organization"},"potentialAction":[{"@type":"SearchAction","target":{"@type":"EntryPoint","urlTemplate":"https:\/\/www.notibras.com\/site\/?s={search_term_string}"},"query-input":{"@type":"PropertyValueSpecification","valueRequired":true,"valueName":"search_term_string"}}],"inLanguage":"pt-BR"},{"@type":"Organization","@id":"https:\/\/www.notibras.com\/site\/#organization","name":"Grupo Notibras de Comunica\u00e7\u00e3o","url":"https:\/\/www.notibras.com\/site\/","logo":{"@type":"ImageObject","inLanguage":"pt-BR","@id":"https:\/\/www.notibras.com\/site\/#\/schema\/logo\/image\/","url":"https:\/\/www.notibras.com\/site\/wp-content\/uploads\/2023\/01\/notibras23.png","contentUrl":"https:\/\/www.notibras.com\/site\/wp-content\/uploads\/2023\/01\/notibras23.png","width":350,"height":87,"caption":"Grupo Notibras de Comunica\u00e7\u00e3o"},"image":{"@id":"https:\/\/www.notibras.com\/site\/#\/schema\/logo\/image\/"},"sameAs":["https:\/\/www.facebook.com\/notibras\/","https:\/\/x.com\/Notibras","https:\/\/www.instagram.com\/notibras\/"]},{"@type":"Person","@id":"https:\/\/www.notibras.com\/site\/#\/schema\/person\/36ab0979449956132d3e5b517ea76ac8","name":"Reda\u00e7\u00e3o","image":{"@type":"ImageObject","inLanguage":"pt-BR","@id":"https:\/\/secure.gravatar.com\/avatar\/e0a867bdedb85fd243eadf09663511f96fc81e0720a4a42581f334ad4303aa6b?s=96&d=mm&r=g","url":"https:\/\/secure.gravatar.com\/avatar\/e0a867bdedb85fd243eadf09663511f96fc81e0720a4a42581f334ad4303aa6b?s=96&d=mm&r=g","contentUrl":"https:\/\/secure.gravatar.com\/avatar\/e0a867bdedb85fd243eadf09663511f96fc81e0720a4a42581f334ad4303aa6b?s=96&d=mm&r=g","caption":"Reda\u00e7\u00e3o"}}]}},"amp_enabled":true,"_links":{"self":[{"href":"https:\/\/www.notibras.com\/site\/wp-json\/wp\/v2\/posts\/71903","targetHints":{"allow":["GET"]}}],"collection":[{"href":"https:\/\/www.notibras.com\/site\/wp-json\/wp\/v2\/posts"}],"about":[{"href":"https:\/\/www.notibras.com\/site\/wp-json\/wp\/v2\/types\/post"}],"author":[{"embeddable":true,"href":"https:\/\/www.notibras.com\/site\/wp-json\/wp\/v2\/users\/2"}],"replies":[{"embeddable":true,"href":"https:\/\/www.notibras.com\/site\/wp-json\/wp\/v2\/comments?post=71903"}],"version-history":[{"count":3,"href":"https:\/\/www.notibras.com\/site\/wp-json\/wp\/v2\/posts\/71903\/revisions"}],"predecessor-version":[{"id":71959,"href":"https:\/\/www.notibras.com\/site\/wp-json\/wp\/v2\/posts\/71903\/revisions\/71959"}],"wp:featuredmedia":[{"embeddable":true,"href":"https:\/\/www.notibras.com\/site\/wp-json\/wp\/v2\/media\/71904"}],"wp:attachment":[{"href":"https:\/\/www.notibras.com\/site\/wp-json\/wp\/v2\/media?parent=71903"}],"wp:term":[{"taxonomy":"category","embeddable":true,"href":"https:\/\/www.notibras.com\/site\/wp-json\/wp\/v2\/categories?post=71903"},{"taxonomy":"post_tag","embeddable":true,"href":"https:\/\/www.notibras.com\/site\/wp-json\/wp\/v2\/tags?post=71903"}],"curies":[{"name":"wp","href":"https:\/\/api.w.org\/{rel}","templated":true}]}}