{"id":71914,"date":"2015-10-18T10:57:38","date_gmt":"2015-10-18T12:57:38","guid":{"rendered":"http:\/\/www.notibras.com\/site\/?p=71914"},"modified":"2015-10-18T19:23:47","modified_gmt":"2015-10-18T21:23:47","slug":"brasil-patria-educadora-deixa-de-repassar-29-bilhoes-para-as-escolas-da-rede-publica","status":"publish","type":"post","link":"https:\/\/www.notibras.com\/site\/brasil-patria-educadora-deixa-de-repassar-29-bilhoes-para-as-escolas-da-rede-publica\/","title":{"rendered":"Brasil, &#8216;p\u00e1tria educadora&#8217;, deixa de repassar 2,9 bilh\u00f5es para as escolas p\u00fablicas"},"content":{"rendered":"<p>No ano em que escolheu o slogan &#8220;P\u00e1tria Educadora&#8221;, a gest\u00e3o Dilma Rousseff ainda n\u00e3o repassou R$ 2,9 bilh\u00f5es previstos a escolas p\u00fablicas de educa\u00e7\u00e3o infantil e de ensinos fundamental e m\u00e9dio de todo o Pa\u00eds.<\/p>\n<p>Al\u00e9m de custear pequenos reparos e compra de materiais, a verba do Programa Dinheiro Direto na Escola (PDDE) \u00e9 usada em a\u00e7\u00f5es pedag\u00f3gicas, como oficinas das escolas de tempo integral. O governo federal diz que o recurso ser\u00e1 pago entre este m\u00eas e o pr\u00f3ximo e afirma tamb\u00e9m que a iniciativa ser\u00e1 reestruturada.<\/p>\n<p>Criado em 1995, o PDDE envia recursos para conselhos escolares ou associa\u00e7\u00f5es de pais e mestres, o que d\u00e1 mais autonomia nos gastos. O programa \u00e9 dividido no m\u00f3dulo b\u00e1sico, para pequenas compras e obras, e em 11 a\u00e7\u00f5es agregadas &#8211; de incentivo \u00e0 cultura, esporte ou de ensino integral, por exemplo.<\/p>\n<p>O PDDE b\u00e1sico geralmente \u00e9 pago at\u00e9 junho, em uma parcela. J\u00e1 os repasses das a\u00e7\u00f5es agregadas dependem dos prazos de ades\u00e3o para cada programa. Em 2014, o repasse b\u00e1sico j\u00e1 havia atrasado &#8211; foi dividido em duas cotas, com a segunda paga s\u00f3 em fevereiro deste ano. Mais de 134 mil escolas receberam essas verbas em 2014.<\/p>\n<p>O Minist\u00e9rio da Educa\u00e7\u00e3o (MEC) diz que o PDDE deste ano deve ser pago at\u00e9 novembro em parcela \u00fanica e n\u00e3o h\u00e1 atrasos referentes ao m\u00f3dulo b\u00e1sico de 2014. Ainda h\u00e1 pend\u00eancias de verbas de a\u00e7\u00f5es agregadas do ano passado, que est\u00e3o sendo quitadas segundo a disponibilidade financeira. Ainda n\u00e3o h\u00e1 data para as novas etapas das a\u00e7\u00f5es agregadas.<\/p>\n<p><b>Queixas &#8211;<\/b>\u00a0Sem verba, parte dos col\u00e9gios reduziu ou suspendeu atividades no contraturno. Na Escola Municipal Eponina de Britto, na periferia de Ribeir\u00e3o Preto, oficinas de capoeira e arte, al\u00e9m de visitas a monumentos hist\u00f3ricos &#8211; do PDDE Mais Cultura, uma das a\u00e7\u00f5es agregadas &#8211; foram suspensas.<\/p>\n<p>J\u00e1 as oficinas do PDDE Mais Educa\u00e7\u00e3o, de ensino integral, come\u00e7aram s\u00f3 no meio do ano e foram reestruturadas &#8211; a escolha foi por aquelas que atendiam mais alunos com menos verba. &#8220;\u00c9 complicado parar as atividades. As fam\u00edlias cobram. Nas oficinas, o jovem descobre outros interesses, como em artes ou esporte&#8221;, conta Maria Regina Mois\u00e9s, diretora da unidade.<\/p>\n<p>Segundo o comit\u00ea de educa\u00e7\u00e3o integral de S\u00e3o Paulo, mais de 1,7 mil das 3,9 mil escolas paulistas inscritas no Mais Educa\u00e7\u00e3o j\u00e1 suspenderam atividades por causa da restri\u00e7\u00e3o da verba federal. No Pa\u00eds, h\u00e1 cerca de 60 mil escolas no programa.<\/p>\n<p>Em Marip\u00e1, no oeste paranaense, a demora no PDDE prejudicou a aquisi\u00e7\u00e3o de materiais. &#8220;Dificulta muito o trabalho. Hav\u00edamos planejado comprar mapas, cole\u00e7\u00f5es de livros e jogos pedag\u00f3gicos com a verba&#8221;, diz a secret\u00e1ria municipal de Educa\u00e7\u00e3o, Jana\u00edna M\u00fcller. Pequenos reparos nas quadras foram adiados e, para as oficinas de tempo integral, \u00e9 dif\u00edcil repor instrumentos musicais e materiais esportivos.<\/p>\n<p>Nas capitais, problemas de manuten\u00e7\u00e3o tamb\u00e9m s\u00e3o notados. Na Escola Estadual Olinda Leite Sinisgalli, no Jardim Almanara, zona norte de S\u00e3o Paulo, professores e alunos relatam alagamento de salas e corredores ap\u00f3s chuvas. Do lado de fora, v\u00ea-se mato alto, partes destru\u00eddas do muro e o alambrado da quadra rasgado<\/p>\n<p><strong>Mudan\u00e7as<\/strong> &#8211; O Minist\u00e9rio da Educa\u00e7\u00e3o informa que vai reestruturar todo o PDDE &#8211; o m\u00f3dulo b\u00e1sico e as 11 a\u00e7\u00f5es agregadas. O foco, segundo a pasta, ser\u00e1 no aprendizado, especialmente de Matem\u00e1tica e L\u00edngua Portuguesa. Ainda diz que ser\u00e1 mais rigoroso na avalia\u00e7\u00e3o desses programas, com base no desempenho de indicadores educacionais de qualidade.<\/p>\n<p><img loading=\"lazy\" decoding=\"async\" class=\"alignnone size-full wp-image-70065\" src=\"http:\/\/www.notibras.com\/site\/wp-content\/uploads\/2015\/10\/estadao.png\" alt=\"estadao\" width=\"99\" height=\"16\" \/><\/p>\n","protected":false},"excerpt":{"rendered":"<p>No ano em que escolheu o slogan &#8220;P\u00e1tria Educadora&#8221;, a gest\u00e3o Dilma Rousseff ainda n\u00e3o repassou R$ 2,9 bilh\u00f5es previstos a escolas p\u00fablicas de educa\u00e7\u00e3o infantil e de ensinos fundamental e m\u00e9dio de todo o Pa\u00eds. Al\u00e9m de custear pequenos reparos e compra de materiais, a verba do Programa Dinheiro Direto na Escola (PDDE) \u00e9 [&hellip;]<\/p>\n","protected":false},"author":2,"featured_media":71915,"comment_status":"open","ping_status":"closed","sticky":false,"template":"","format":"standard","meta":{"_acf_changed":false,"footnotes":""},"categories":[16],"tags":[],"class_list":["post-71914","post","type-post","status-publish","format-standard","has-post-thumbnail","hentry","category-brasil"],"acf":[],"yoast_head":"<!-- This site is optimized with the Yoast SEO plugin v27.2 - https:\/\/yoast.com\/product\/yoast-seo-wordpress\/ -->\n<title>Brasil, &#039;p\u00e1tria educadora&#039;, deixa de repassar 2,9 bilh\u00f5es para as escolas p\u00fablicas - Notibras<\/title>\n<meta name=\"robots\" content=\"index, follow, max-snippet:-1, max-image-preview:large, max-video-preview:-1\" \/>\n<link rel=\"canonical\" href=\"https:\/\/www.notibras.com\/site\/brasil-patria-educadora-deixa-de-repassar-29-bilhoes-para-as-escolas-da-rede-publica\/\" \/>\n<meta property=\"og:locale\" content=\"pt_BR\" \/>\n<meta property=\"og:type\" content=\"article\" \/>\n<meta property=\"og:title\" content=\"Brasil, &#039;p\u00e1tria educadora&#039;, deixa de repassar 2,9 bilh\u00f5es para as escolas p\u00fablicas - Notibras\" \/>\n<meta property=\"og:description\" content=\"No ano em que escolheu o slogan &#8220;P\u00e1tria Educadora&#8221;, a gest\u00e3o Dilma Rousseff ainda n\u00e3o repassou R$ 2,9 bilh\u00f5es previstos a escolas p\u00fablicas de educa\u00e7\u00e3o infantil e de ensinos fundamental e m\u00e9dio de todo o Pa\u00eds. Al\u00e9m de custear pequenos reparos e compra de materiais, a verba do Programa Dinheiro Direto na Escola (PDDE) \u00e9 [&hellip;]\" \/>\n<meta property=\"og:url\" content=\"https:\/\/www.notibras.com\/site\/brasil-patria-educadora-deixa-de-repassar-29-bilhoes-para-as-escolas-da-rede-publica\/\" \/>\n<meta property=\"og:site_name\" content=\"Notibras\" \/>\n<meta property=\"article:publisher\" content=\"https:\/\/www.facebook.com\/notibras\/\" \/>\n<meta property=\"article:published_time\" content=\"2015-10-18T12:57:38+00:00\" \/>\n<meta property=\"article:modified_time\" content=\"2015-10-18T21:23:47+00:00\" \/>\n<meta property=\"og:image\" content=\"https:\/\/www.notibras.com\/site\/wp-content\/uploads\/2015\/10\/escola-ok.jpg\" \/>\n\t<meta property=\"og:image:width\" content=\"334\" \/>\n\t<meta property=\"og:image:height\" content=\"235\" \/>\n\t<meta property=\"og:image:type\" content=\"image\/jpeg\" \/>\n<meta name=\"author\" content=\"Reda\u00e7\u00e3o\" \/>\n<meta name=\"twitter:card\" content=\"summary_large_image\" \/>\n<meta name=\"twitter:creator\" content=\"@Notibras\" \/>\n<meta name=\"twitter:site\" content=\"@Notibras\" \/>\n<meta name=\"twitter:label1\" content=\"Escrito por\" \/>\n\t<meta name=\"twitter:data1\" content=\"Reda\u00e7\u00e3o\" \/>\n\t<meta name=\"twitter:label2\" content=\"Est. tempo de leitura\" \/>\n\t<meta name=\"twitter:data2\" content=\"3 minutos\" \/>\n<script type=\"application\/ld+json\" class=\"yoast-schema-graph\">{\"@context\":\"https:\/\/schema.org\",\"@graph\":[{\"@type\":\"Article\",\"@id\":\"https:\/\/www.notibras.com\/site\/brasil-patria-educadora-deixa-de-repassar-29-bilhoes-para-as-escolas-da-rede-publica\/#article\",\"isPartOf\":{\"@id\":\"https:\/\/www.notibras.com\/site\/brasil-patria-educadora-deixa-de-repassar-29-bilhoes-para-as-escolas-da-rede-publica\/\"},\"author\":{\"name\":\"Reda\u00e7\u00e3o\",\"@id\":\"https:\/\/www.notibras.com\/site\/#\/schema\/person\/36ab0979449956132d3e5b517ea76ac8\"},\"headline\":\"Brasil, &#8216;p\u00e1tria educadora&#8217;, deixa de repassar 2,9 bilh\u00f5es para as escolas p\u00fablicas\",\"datePublished\":\"2015-10-18T12:57:38+00:00\",\"dateModified\":\"2015-10-18T21:23:47+00:00\",\"mainEntityOfPage\":{\"@id\":\"https:\/\/www.notibras.com\/site\/brasil-patria-educadora-deixa-de-repassar-29-bilhoes-para-as-escolas-da-rede-publica\/\"},\"wordCount\":639,\"commentCount\":0,\"publisher\":{\"@id\":\"https:\/\/www.notibras.com\/site\/#organization\"},\"image\":{\"@id\":\"https:\/\/www.notibras.com\/site\/brasil-patria-educadora-deixa-de-repassar-29-bilhoes-para-as-escolas-da-rede-publica\/#primaryimage\"},\"thumbnailUrl\":\"https:\/\/www.notibras.com\/site\/wp-content\/uploads\/2015\/10\/escola-ok.jpg\",\"articleSection\":[\"Brasil\"],\"inLanguage\":\"pt-BR\",\"potentialAction\":[{\"@type\":\"CommentAction\",\"name\":\"Comment\",\"target\":[\"https:\/\/www.notibras.com\/site\/brasil-patria-educadora-deixa-de-repassar-29-bilhoes-para-as-escolas-da-rede-publica\/#respond\"]}]},{\"@type\":\"WebPage\",\"@id\":\"https:\/\/www.notibras.com\/site\/brasil-patria-educadora-deixa-de-repassar-29-bilhoes-para-as-escolas-da-rede-publica\/\",\"url\":\"https:\/\/www.notibras.com\/site\/brasil-patria-educadora-deixa-de-repassar-29-bilhoes-para-as-escolas-da-rede-publica\/\",\"name\":\"Brasil, 'p\u00e1tria educadora', deixa de repassar 2,9 bilh\u00f5es para as escolas p\u00fablicas - Notibras\",\"isPartOf\":{\"@id\":\"https:\/\/www.notibras.com\/site\/#website\"},\"primaryImageOfPage\":{\"@id\":\"https:\/\/www.notibras.com\/site\/brasil-patria-educadora-deixa-de-repassar-29-bilhoes-para-as-escolas-da-rede-publica\/#primaryimage\"},\"image\":{\"@id\":\"https:\/\/www.notibras.com\/site\/brasil-patria-educadora-deixa-de-repassar-29-bilhoes-para-as-escolas-da-rede-publica\/#primaryimage\"},\"thumbnailUrl\":\"https:\/\/www.notibras.com\/site\/wp-content\/uploads\/2015\/10\/escola-ok.jpg\",\"datePublished\":\"2015-10-18T12:57:38+00:00\",\"dateModified\":\"2015-10-18T21:23:47+00:00\",\"breadcrumb\":{\"@id\":\"https:\/\/www.notibras.com\/site\/brasil-patria-educadora-deixa-de-repassar-29-bilhoes-para-as-escolas-da-rede-publica\/#breadcrumb\"},\"inLanguage\":\"pt-BR\",\"potentialAction\":[{\"@type\":\"ReadAction\",\"target\":[\"https:\/\/www.notibras.com\/site\/brasil-patria-educadora-deixa-de-repassar-29-bilhoes-para-as-escolas-da-rede-publica\/\"]}]},{\"@type\":\"ImageObject\",\"inLanguage\":\"pt-BR\",\"@id\":\"https:\/\/www.notibras.com\/site\/brasil-patria-educadora-deixa-de-repassar-29-bilhoes-para-as-escolas-da-rede-publica\/#primaryimage\",\"url\":\"https:\/\/www.notibras.com\/site\/wp-content\/uploads\/2015\/10\/escola-ok.jpg\",\"contentUrl\":\"https:\/\/www.notibras.com\/site\/wp-content\/uploads\/2015\/10\/escola-ok.jpg\",\"width\":334,\"height\":235},{\"@type\":\"BreadcrumbList\",\"@id\":\"https:\/\/www.notibras.com\/site\/brasil-patria-educadora-deixa-de-repassar-29-bilhoes-para-as-escolas-da-rede-publica\/#breadcrumb\",\"itemListElement\":[{\"@type\":\"ListItem\",\"position\":1,\"name\":\"In\u00edcio\",\"item\":\"https:\/\/www.notibras.com\/site\/\"},{\"@type\":\"ListItem\",\"position\":2,\"name\":\"Brasil, &#8216;p\u00e1tria educadora&#8217;, deixa de repassar 2,9 bilh\u00f5es para as escolas p\u00fablicas\"}]},{\"@type\":\"WebSite\",\"@id\":\"https:\/\/www.notibras.com\/site\/#website\",\"url\":\"https:\/\/www.notibras.com\/site\/\",\"name\":\"Notibras\",\"description\":\"Not\u00edcias de Bras\u00edlia, do Brasil e do Mundo\",\"publisher\":{\"@id\":\"https:\/\/www.notibras.com\/site\/#organization\"},\"potentialAction\":[{\"@type\":\"SearchAction\",\"target\":{\"@type\":\"EntryPoint\",\"urlTemplate\":\"https:\/\/www.notibras.com\/site\/?s={search_term_string}\"},\"query-input\":{\"@type\":\"PropertyValueSpecification\",\"valueRequired\":true,\"valueName\":\"search_term_string\"}}],\"inLanguage\":\"pt-BR\"},{\"@type\":\"Organization\",\"@id\":\"https:\/\/www.notibras.com\/site\/#organization\",\"name\":\"Grupo Notibras de Comunica\u00e7\u00e3o\",\"url\":\"https:\/\/www.notibras.com\/site\/\",\"logo\":{\"@type\":\"ImageObject\",\"inLanguage\":\"pt-BR\",\"@id\":\"https:\/\/www.notibras.com\/site\/#\/schema\/logo\/image\/\",\"url\":\"https:\/\/www.notibras.com\/site\/wp-content\/uploads\/2023\/01\/notibras23.png\",\"contentUrl\":\"https:\/\/www.notibras.com\/site\/wp-content\/uploads\/2023\/01\/notibras23.png\",\"width\":350,\"height\":87,\"caption\":\"Grupo Notibras de Comunica\u00e7\u00e3o\"},\"image\":{\"@id\":\"https:\/\/www.notibras.com\/site\/#\/schema\/logo\/image\/\"},\"sameAs\":[\"https:\/\/www.facebook.com\/notibras\/\",\"https:\/\/x.com\/Notibras\",\"https:\/\/www.instagram.com\/notibras\/\"]},{\"@type\":\"Person\",\"@id\":\"https:\/\/www.notibras.com\/site\/#\/schema\/person\/36ab0979449956132d3e5b517ea76ac8\",\"name\":\"Reda\u00e7\u00e3o\",\"image\":{\"@type\":\"ImageObject\",\"inLanguage\":\"pt-BR\",\"@id\":\"https:\/\/secure.gravatar.com\/avatar\/e0a867bdedb85fd243eadf09663511f96fc81e0720a4a42581f334ad4303aa6b?s=96&d=mm&r=g\",\"url\":\"https:\/\/secure.gravatar.com\/avatar\/e0a867bdedb85fd243eadf09663511f96fc81e0720a4a42581f334ad4303aa6b?s=96&d=mm&r=g\",\"contentUrl\":\"https:\/\/secure.gravatar.com\/avatar\/e0a867bdedb85fd243eadf09663511f96fc81e0720a4a42581f334ad4303aa6b?s=96&d=mm&r=g\",\"caption\":\"Reda\u00e7\u00e3o\"}}]}<\/script>\n<!-- \/ Yoast SEO plugin. -->","yoast_head_json":{"title":"Brasil, 'p\u00e1tria educadora', deixa de repassar 2,9 bilh\u00f5es para as escolas p\u00fablicas - Notibras","robots":{"index":"index","follow":"follow","max-snippet":"max-snippet:-1","max-image-preview":"max-image-preview:large","max-video-preview":"max-video-preview:-1"},"canonical":"https:\/\/www.notibras.com\/site\/brasil-patria-educadora-deixa-de-repassar-29-bilhoes-para-as-escolas-da-rede-publica\/","og_locale":"pt_BR","og_type":"article","og_title":"Brasil, 'p\u00e1tria educadora', deixa de repassar 2,9 bilh\u00f5es para as escolas p\u00fablicas - Notibras","og_description":"No ano em que escolheu o slogan &#8220;P\u00e1tria Educadora&#8221;, a gest\u00e3o Dilma Rousseff ainda n\u00e3o repassou R$ 2,9 bilh\u00f5es previstos a escolas p\u00fablicas de educa\u00e7\u00e3o infantil e de ensinos fundamental e m\u00e9dio de todo o Pa\u00eds. Al\u00e9m de custear pequenos reparos e compra de materiais, a verba do Programa Dinheiro Direto na Escola (PDDE) \u00e9 [&hellip;]","og_url":"https:\/\/www.notibras.com\/site\/brasil-patria-educadora-deixa-de-repassar-29-bilhoes-para-as-escolas-da-rede-publica\/","og_site_name":"Notibras","article_publisher":"https:\/\/www.facebook.com\/notibras\/","article_published_time":"2015-10-18T12:57:38+00:00","article_modified_time":"2015-10-18T21:23:47+00:00","og_image":[{"width":334,"height":235,"url":"https:\/\/www.notibras.com\/site\/wp-content\/uploads\/2015\/10\/escola-ok.jpg","type":"image\/jpeg"}],"author":"Reda\u00e7\u00e3o","twitter_card":"summary_large_image","twitter_creator":"@Notibras","twitter_site":"@Notibras","twitter_misc":{"Escrito por":"Reda\u00e7\u00e3o","Est. tempo de leitura":"3 minutos"},"schema":{"@context":"https:\/\/schema.org","@graph":[{"@type":"Article","@id":"https:\/\/www.notibras.com\/site\/brasil-patria-educadora-deixa-de-repassar-29-bilhoes-para-as-escolas-da-rede-publica\/#article","isPartOf":{"@id":"https:\/\/www.notibras.com\/site\/brasil-patria-educadora-deixa-de-repassar-29-bilhoes-para-as-escolas-da-rede-publica\/"},"author":{"name":"Reda\u00e7\u00e3o","@id":"https:\/\/www.notibras.com\/site\/#\/schema\/person\/36ab0979449956132d3e5b517ea76ac8"},"headline":"Brasil, &#8216;p\u00e1tria educadora&#8217;, deixa de repassar 2,9 bilh\u00f5es para as escolas p\u00fablicas","datePublished":"2015-10-18T12:57:38+00:00","dateModified":"2015-10-18T21:23:47+00:00","mainEntityOfPage":{"@id":"https:\/\/www.notibras.com\/site\/brasil-patria-educadora-deixa-de-repassar-29-bilhoes-para-as-escolas-da-rede-publica\/"},"wordCount":639,"commentCount":0,"publisher":{"@id":"https:\/\/www.notibras.com\/site\/#organization"},"image":{"@id":"https:\/\/www.notibras.com\/site\/brasil-patria-educadora-deixa-de-repassar-29-bilhoes-para-as-escolas-da-rede-publica\/#primaryimage"},"thumbnailUrl":"https:\/\/www.notibras.com\/site\/wp-content\/uploads\/2015\/10\/escola-ok.jpg","articleSection":["Brasil"],"inLanguage":"pt-BR","potentialAction":[{"@type":"CommentAction","name":"Comment","target":["https:\/\/www.notibras.com\/site\/brasil-patria-educadora-deixa-de-repassar-29-bilhoes-para-as-escolas-da-rede-publica\/#respond"]}]},{"@type":"WebPage","@id":"https:\/\/www.notibras.com\/site\/brasil-patria-educadora-deixa-de-repassar-29-bilhoes-para-as-escolas-da-rede-publica\/","url":"https:\/\/www.notibras.com\/site\/brasil-patria-educadora-deixa-de-repassar-29-bilhoes-para-as-escolas-da-rede-publica\/","name":"Brasil, 'p\u00e1tria educadora', deixa de repassar 2,9 bilh\u00f5es para as escolas p\u00fablicas - Notibras","isPartOf":{"@id":"https:\/\/www.notibras.com\/site\/#website"},"primaryImageOfPage":{"@id":"https:\/\/www.notibras.com\/site\/brasil-patria-educadora-deixa-de-repassar-29-bilhoes-para-as-escolas-da-rede-publica\/#primaryimage"},"image":{"@id":"https:\/\/www.notibras.com\/site\/brasil-patria-educadora-deixa-de-repassar-29-bilhoes-para-as-escolas-da-rede-publica\/#primaryimage"},"thumbnailUrl":"https:\/\/www.notibras.com\/site\/wp-content\/uploads\/2015\/10\/escola-ok.jpg","datePublished":"2015-10-18T12:57:38+00:00","dateModified":"2015-10-18T21:23:47+00:00","breadcrumb":{"@id":"https:\/\/www.notibras.com\/site\/brasil-patria-educadora-deixa-de-repassar-29-bilhoes-para-as-escolas-da-rede-publica\/#breadcrumb"},"inLanguage":"pt-BR","potentialAction":[{"@type":"ReadAction","target":["https:\/\/www.notibras.com\/site\/brasil-patria-educadora-deixa-de-repassar-29-bilhoes-para-as-escolas-da-rede-publica\/"]}]},{"@type":"ImageObject","inLanguage":"pt-BR","@id":"https:\/\/www.notibras.com\/site\/brasil-patria-educadora-deixa-de-repassar-29-bilhoes-para-as-escolas-da-rede-publica\/#primaryimage","url":"https:\/\/www.notibras.com\/site\/wp-content\/uploads\/2015\/10\/escola-ok.jpg","contentUrl":"https:\/\/www.notibras.com\/site\/wp-content\/uploads\/2015\/10\/escola-ok.jpg","width":334,"height":235},{"@type":"BreadcrumbList","@id":"https:\/\/www.notibras.com\/site\/brasil-patria-educadora-deixa-de-repassar-29-bilhoes-para-as-escolas-da-rede-publica\/#breadcrumb","itemListElement":[{"@type":"ListItem","position":1,"name":"In\u00edcio","item":"https:\/\/www.notibras.com\/site\/"},{"@type":"ListItem","position":2,"name":"Brasil, &#8216;p\u00e1tria educadora&#8217;, deixa de repassar 2,9 bilh\u00f5es para as escolas p\u00fablicas"}]},{"@type":"WebSite","@id":"https:\/\/www.notibras.com\/site\/#website","url":"https:\/\/www.notibras.com\/site\/","name":"Notibras","description":"Not\u00edcias de Bras\u00edlia, do Brasil e do Mundo","publisher":{"@id":"https:\/\/www.notibras.com\/site\/#organization"},"potentialAction":[{"@type":"SearchAction","target":{"@type":"EntryPoint","urlTemplate":"https:\/\/www.notibras.com\/site\/?s={search_term_string}"},"query-input":{"@type":"PropertyValueSpecification","valueRequired":true,"valueName":"search_term_string"}}],"inLanguage":"pt-BR"},{"@type":"Organization","@id":"https:\/\/www.notibras.com\/site\/#organization","name":"Grupo Notibras de Comunica\u00e7\u00e3o","url":"https:\/\/www.notibras.com\/site\/","logo":{"@type":"ImageObject","inLanguage":"pt-BR","@id":"https:\/\/www.notibras.com\/site\/#\/schema\/logo\/image\/","url":"https:\/\/www.notibras.com\/site\/wp-content\/uploads\/2023\/01\/notibras23.png","contentUrl":"https:\/\/www.notibras.com\/site\/wp-content\/uploads\/2023\/01\/notibras23.png","width":350,"height":87,"caption":"Grupo Notibras de Comunica\u00e7\u00e3o"},"image":{"@id":"https:\/\/www.notibras.com\/site\/#\/schema\/logo\/image\/"},"sameAs":["https:\/\/www.facebook.com\/notibras\/","https:\/\/x.com\/Notibras","https:\/\/www.instagram.com\/notibras\/"]},{"@type":"Person","@id":"https:\/\/www.notibras.com\/site\/#\/schema\/person\/36ab0979449956132d3e5b517ea76ac8","name":"Reda\u00e7\u00e3o","image":{"@type":"ImageObject","inLanguage":"pt-BR","@id":"https:\/\/secure.gravatar.com\/avatar\/e0a867bdedb85fd243eadf09663511f96fc81e0720a4a42581f334ad4303aa6b?s=96&d=mm&r=g","url":"https:\/\/secure.gravatar.com\/avatar\/e0a867bdedb85fd243eadf09663511f96fc81e0720a4a42581f334ad4303aa6b?s=96&d=mm&r=g","contentUrl":"https:\/\/secure.gravatar.com\/avatar\/e0a867bdedb85fd243eadf09663511f96fc81e0720a4a42581f334ad4303aa6b?s=96&d=mm&r=g","caption":"Reda\u00e7\u00e3o"}}]}},"amp_enabled":true,"_links":{"self":[{"href":"https:\/\/www.notibras.com\/site\/wp-json\/wp\/v2\/posts\/71914","targetHints":{"allow":["GET"]}}],"collection":[{"href":"https:\/\/www.notibras.com\/site\/wp-json\/wp\/v2\/posts"}],"about":[{"href":"https:\/\/www.notibras.com\/site\/wp-json\/wp\/v2\/types\/post"}],"author":[{"embeddable":true,"href":"https:\/\/www.notibras.com\/site\/wp-json\/wp\/v2\/users\/2"}],"replies":[{"embeddable":true,"href":"https:\/\/www.notibras.com\/site\/wp-json\/wp\/v2\/comments?post=71914"}],"version-history":[{"count":2,"href":"https:\/\/www.notibras.com\/site\/wp-json\/wp\/v2\/posts\/71914\/revisions"}],"predecessor-version":[{"id":71917,"href":"https:\/\/www.notibras.com\/site\/wp-json\/wp\/v2\/posts\/71914\/revisions\/71917"}],"wp:featuredmedia":[{"embeddable":true,"href":"https:\/\/www.notibras.com\/site\/wp-json\/wp\/v2\/media\/71915"}],"wp:attachment":[{"href":"https:\/\/www.notibras.com\/site\/wp-json\/wp\/v2\/media?parent=71914"}],"wp:term":[{"taxonomy":"category","embeddable":true,"href":"https:\/\/www.notibras.com\/site\/wp-json\/wp\/v2\/categories?post=71914"},{"taxonomy":"post_tag","embeddable":true,"href":"https:\/\/www.notibras.com\/site\/wp-json\/wp\/v2\/tags?post=71914"}],"curies":[{"name":"wp","href":"https:\/\/api.w.org\/{rel}","templated":true}]}}