{"id":71922,"date":"2015-10-18T16:20:47","date_gmt":"2015-10-18T18:20:47","guid":{"rendered":"http:\/\/www.notibras.com\/site\/?p=71922"},"modified":"2015-10-18T16:22:15","modified_gmt":"2015-10-18T18:22:15","slug":"sociedade-desvaloriza-professor-imaginando-que-qualquer-um-ensina","status":"publish","type":"post","link":"https:\/\/www.notibras.com\/site\/sociedade-desvaloriza-professor-imaginando-que-qualquer-um-ensina\/","title":{"rendered":"Professor \u00e9 \u00fanico; quem pensa diferente n\u00e3o aprendeu nada"},"content":{"rendered":"<p>Todo dia 15 de outubro, comemora-se, em nosso pa\u00eds, o Dia dos Professores. Como docente, fico especialmente feliz por ser lembrada, nesta data, pelos meus alunos, ex-alunos, amigos e familiares. Mensagens de afeto e de estima deixam, sem d\u00favida, todo educador feliz.<\/p>\n<p>Entretanto, al\u00e9m de mensagens de apoio e carinho, ouso dizer, em nome dos professores brasileiros, que desejamos ser reconhecidos, por todos os segmentos da sociedade, como profissionais do ensino.<\/p>\n<p>Infelizmente, ainda hoje, a imagem da doc\u00eancia permanece no campo dos valores altru\u00edstas e da realiza\u00e7\u00e3o pessoal. O dom e a voca\u00e7\u00e3o, o amor pelas crian\u00e7as, o amor pelo outro, o amor pela profiss\u00e3o e o amor pelo saber parecem sustentar a ideia que se tem sobre o ser professor.<\/p>\n<p>Por sua vez, esse entendimento socialmente constru\u00eddo e persistente traz impl\u00edcito um equ\u00edvoco: o de n\u00e3o reconhecer a exist\u00eancia de um conjunto de saberes indispens\u00e1vel ao trabalho docente que os outros \u2013que n\u00e3o s\u00e3o professores\u2013 n\u00e3o dominam.<\/p>\n<p>Entendo que o mais importante deles, e que se encontra unicamente no dom\u00ednio dos professores, diz respeito ao saber fazer com que o conhecimento seja aprendido e apreendido pelo aluno por meio da a\u00e7\u00e3o docente. \u00c9 o que a sociedade espera que ele fa\u00e7a.<\/p>\n<p>Assim, neste 15 de outubro, a bandeira que eu levanto \u00e9 a de combate \u00e0 ideia de que &#8220;qualquer um pode ser professor&#8221;. Infelizmente, o n\u00e3o reconhecimento de um conhecimento espec\u00edfico para o exerc\u00edcio da doc\u00eancia associado \u00e0 precariza\u00e7\u00e3o da profiss\u00e3o \u2013que envolve condi\u00e7\u00f5es conjunturais como sal\u00e1rios, n\u00edveis de participa\u00e7\u00e3o, carreira, condi\u00e7\u00f5es de trabalho, forma\u00e7\u00e3o, entre outros\u2013 vem contribuindo para que a doc\u00eancia se mostre menos motivadora do que outras op\u00e7\u00f5es profissionais, o que tem acarretado escassez de professores, especialmente em algumas \u00e1reas e segmentos de ensino.<\/p>\n<p>Em pesquisa sobre a atratividade da carreira docente, desenvolvida pela Funda\u00e7\u00e3o Carlos Chagas sob a encomenda da Funda\u00e7\u00e3o Victor Civita, em 2009, uma aluna de uma escola p\u00fablica de Feira de Santana (BA), preocupada com o futuro da profiss\u00e3o docente, argumenta: &#8220;hoje em dia, quase ningu\u00e9m quer ser professor. Nossos pais n\u00e3o querem que n\u00f3s sejamos professores, mas eles querem que existam bons professores. Mas, como \u00e9 que vai existir bons professores se meu pai n\u00e3o quer, o dela n\u00e3o quer? Como \u00e9 que vai ter professores? A\u00ed fica dif\u00edcil, n\u00e3o \u00e9?&#8221;.<\/p>\n<p>E fica mesmo! Cada um de n\u00f3s \u00e9 respons\u00e1vel pela constru\u00e7\u00e3o de um referencial positivo do professor. A bandeira pelo reconhecimento profissional do ensino implica tamb\u00e9m no desenvolvimento de pol\u00edticas p\u00fablicas que tenham como prioridade a valoriza\u00e7\u00e3o do magist\u00e9rio, dos cursos de licenciatura e no reconhecimento do papel do ensino e da educa\u00e7\u00e3o b\u00e1sica para o desenvolvimento do pa\u00eds, para a forma\u00e7\u00e3o de uma cidadania ativa e para a constru\u00e7\u00e3o de uma sociedade mais justa e mais humana.<\/p>\n<p>Cada um dos mais de 2 milh\u00f5es de professores brasileiros merece n\u00e3o s\u00f3 o nosso reconhecimento, como tamb\u00e9m o direito de ser de fato assistido em sua forma\u00e7\u00e3o e em seu desenvolvimento profissional. Parab\u00e9ns, professor! Parab\u00e9ns, tamb\u00e9m, aos jovens que optaram pela doc\u00eancia como profiss\u00e3o!<\/p>\n<p><strong>Patr\u00edcia Cristina Albieri de Almeida<\/strong><\/p>\n","protected":false},"excerpt":{"rendered":"<p>Todo dia 15 de outubro, comemora-se, em nosso pa\u00eds, o Dia dos Professores. Como docente, fico especialmente feliz por ser lembrada, nesta data, pelos meus alunos, ex-alunos, amigos e familiares. Mensagens de afeto e de estima deixam, sem d\u00favida, todo educador feliz. Entretanto, al\u00e9m de mensagens de apoio e carinho, ouso dizer, em nome dos [&hellip;]<\/p>\n","protected":false},"author":2,"featured_media":71923,"comment_status":"open","ping_status":"closed","sticky":false,"template":"","format":"standard","meta":{"_acf_changed":false,"footnotes":""},"categories":[25],"tags":[],"class_list":["post-71922","post","type-post","status-publish","format-standard","has-post-thumbnail","hentry","category-opina-ai"],"acf":[],"yoast_head":"<!-- This site is optimized with the Yoast SEO plugin v27.2 - https:\/\/yoast.com\/product\/yoast-seo-wordpress\/ -->\n<title>Professor \u00e9 \u00fanico; quem pensa diferente n\u00e3o aprendeu nada - Notibras<\/title>\n<meta name=\"robots\" content=\"index, follow, max-snippet:-1, max-image-preview:large, max-video-preview:-1\" \/>\n<link rel=\"canonical\" href=\"https:\/\/www.notibras.com\/site\/sociedade-desvaloriza-professor-imaginando-que-qualquer-um-ensina\/\" \/>\n<meta property=\"og:locale\" content=\"pt_BR\" \/>\n<meta property=\"og:type\" content=\"article\" \/>\n<meta property=\"og:title\" content=\"Professor \u00e9 \u00fanico; quem pensa diferente n\u00e3o aprendeu nada - Notibras\" \/>\n<meta property=\"og:description\" content=\"Todo dia 15 de outubro, comemora-se, em nosso pa\u00eds, o Dia dos Professores. Como docente, fico especialmente feliz por ser lembrada, nesta data, pelos meus alunos, ex-alunos, amigos e familiares. Mensagens de afeto e de estima deixam, sem d\u00favida, todo educador feliz. Entretanto, al\u00e9m de mensagens de apoio e carinho, ouso dizer, em nome dos [&hellip;]\" \/>\n<meta property=\"og:url\" content=\"https:\/\/www.notibras.com\/site\/sociedade-desvaloriza-professor-imaginando-que-qualquer-um-ensina\/\" \/>\n<meta property=\"og:site_name\" content=\"Notibras\" \/>\n<meta property=\"article:publisher\" content=\"https:\/\/www.facebook.com\/notibras\/\" \/>\n<meta property=\"article:published_time\" content=\"2015-10-18T18:20:47+00:00\" \/>\n<meta property=\"article:modified_time\" content=\"2015-10-18T18:22:15+00:00\" \/>\n<meta property=\"og:image\" content=\"https:\/\/www.notibras.com\/site\/wp-content\/uploads\/2015\/10\/op18.jpg\" \/>\n\t<meta property=\"og:image:width\" content=\"590\" \/>\n\t<meta property=\"og:image:height\" content=\"443\" \/>\n\t<meta property=\"og:image:type\" content=\"image\/jpeg\" \/>\n<meta name=\"author\" content=\"Reda\u00e7\u00e3o\" \/>\n<meta name=\"twitter:card\" content=\"summary_large_image\" \/>\n<meta name=\"twitter:creator\" content=\"@Notibras\" \/>\n<meta name=\"twitter:site\" content=\"@Notibras\" \/>\n<meta name=\"twitter:label1\" content=\"Escrito por\" \/>\n\t<meta name=\"twitter:data1\" content=\"Reda\u00e7\u00e3o\" \/>\n\t<meta name=\"twitter:label2\" content=\"Est. tempo de leitura\" \/>\n\t<meta name=\"twitter:data2\" content=\"3 minutos\" \/>\n<script type=\"application\/ld+json\" class=\"yoast-schema-graph\">{\"@context\":\"https:\/\/schema.org\",\"@graph\":[{\"@type\":\"Article\",\"@id\":\"https:\/\/www.notibras.com\/site\/sociedade-desvaloriza-professor-imaginando-que-qualquer-um-ensina\/#article\",\"isPartOf\":{\"@id\":\"https:\/\/www.notibras.com\/site\/sociedade-desvaloriza-professor-imaginando-que-qualquer-um-ensina\/\"},\"author\":{\"name\":\"Reda\u00e7\u00e3o\",\"@id\":\"https:\/\/www.notibras.com\/site\/#\/schema\/person\/36ab0979449956132d3e5b517ea76ac8\"},\"headline\":\"Professor \u00e9 \u00fanico; quem pensa diferente n\u00e3o aprendeu nada\",\"datePublished\":\"2015-10-18T18:20:47+00:00\",\"dateModified\":\"2015-10-18T18:22:15+00:00\",\"mainEntityOfPage\":{\"@id\":\"https:\/\/www.notibras.com\/site\/sociedade-desvaloriza-professor-imaginando-que-qualquer-um-ensina\/\"},\"wordCount\":575,\"commentCount\":0,\"publisher\":{\"@id\":\"https:\/\/www.notibras.com\/site\/#organization\"},\"image\":{\"@id\":\"https:\/\/www.notibras.com\/site\/sociedade-desvaloriza-professor-imaginando-que-qualquer-um-ensina\/#primaryimage\"},\"thumbnailUrl\":\"https:\/\/www.notibras.com\/site\/wp-content\/uploads\/2015\/10\/op18.jpg\",\"articleSection\":[\"Opina a\u00ed\"],\"inLanguage\":\"pt-BR\",\"potentialAction\":[{\"@type\":\"CommentAction\",\"name\":\"Comment\",\"target\":[\"https:\/\/www.notibras.com\/site\/sociedade-desvaloriza-professor-imaginando-que-qualquer-um-ensina\/#respond\"]}]},{\"@type\":\"WebPage\",\"@id\":\"https:\/\/www.notibras.com\/site\/sociedade-desvaloriza-professor-imaginando-que-qualquer-um-ensina\/\",\"url\":\"https:\/\/www.notibras.com\/site\/sociedade-desvaloriza-professor-imaginando-que-qualquer-um-ensina\/\",\"name\":\"Professor \u00e9 \u00fanico; quem pensa diferente n\u00e3o aprendeu nada - Notibras\",\"isPartOf\":{\"@id\":\"https:\/\/www.notibras.com\/site\/#website\"},\"primaryImageOfPage\":{\"@id\":\"https:\/\/www.notibras.com\/site\/sociedade-desvaloriza-professor-imaginando-que-qualquer-um-ensina\/#primaryimage\"},\"image\":{\"@id\":\"https:\/\/www.notibras.com\/site\/sociedade-desvaloriza-professor-imaginando-que-qualquer-um-ensina\/#primaryimage\"},\"thumbnailUrl\":\"https:\/\/www.notibras.com\/site\/wp-content\/uploads\/2015\/10\/op18.jpg\",\"datePublished\":\"2015-10-18T18:20:47+00:00\",\"dateModified\":\"2015-10-18T18:22:15+00:00\",\"breadcrumb\":{\"@id\":\"https:\/\/www.notibras.com\/site\/sociedade-desvaloriza-professor-imaginando-que-qualquer-um-ensina\/#breadcrumb\"},\"inLanguage\":\"pt-BR\",\"potentialAction\":[{\"@type\":\"ReadAction\",\"target\":[\"https:\/\/www.notibras.com\/site\/sociedade-desvaloriza-professor-imaginando-que-qualquer-um-ensina\/\"]}]},{\"@type\":\"ImageObject\",\"inLanguage\":\"pt-BR\",\"@id\":\"https:\/\/www.notibras.com\/site\/sociedade-desvaloriza-professor-imaginando-que-qualquer-um-ensina\/#primaryimage\",\"url\":\"https:\/\/www.notibras.com\/site\/wp-content\/uploads\/2015\/10\/op18.jpg\",\"contentUrl\":\"https:\/\/www.notibras.com\/site\/wp-content\/uploads\/2015\/10\/op18.jpg\",\"width\":590,\"height\":443},{\"@type\":\"BreadcrumbList\",\"@id\":\"https:\/\/www.notibras.com\/site\/sociedade-desvaloriza-professor-imaginando-que-qualquer-um-ensina\/#breadcrumb\",\"itemListElement\":[{\"@type\":\"ListItem\",\"position\":1,\"name\":\"In\u00edcio\",\"item\":\"https:\/\/www.notibras.com\/site\/\"},{\"@type\":\"ListItem\",\"position\":2,\"name\":\"Professor \u00e9 \u00fanico; quem pensa diferente n\u00e3o aprendeu nada\"}]},{\"@type\":\"WebSite\",\"@id\":\"https:\/\/www.notibras.com\/site\/#website\",\"url\":\"https:\/\/www.notibras.com\/site\/\",\"name\":\"Notibras\",\"description\":\"Not\u00edcias de Bras\u00edlia, do Brasil e do Mundo\",\"publisher\":{\"@id\":\"https:\/\/www.notibras.com\/site\/#organization\"},\"potentialAction\":[{\"@type\":\"SearchAction\",\"target\":{\"@type\":\"EntryPoint\",\"urlTemplate\":\"https:\/\/www.notibras.com\/site\/?s={search_term_string}\"},\"query-input\":{\"@type\":\"PropertyValueSpecification\",\"valueRequired\":true,\"valueName\":\"search_term_string\"}}],\"inLanguage\":\"pt-BR\"},{\"@type\":\"Organization\",\"@id\":\"https:\/\/www.notibras.com\/site\/#organization\",\"name\":\"Grupo Notibras de Comunica\u00e7\u00e3o\",\"url\":\"https:\/\/www.notibras.com\/site\/\",\"logo\":{\"@type\":\"ImageObject\",\"inLanguage\":\"pt-BR\",\"@id\":\"https:\/\/www.notibras.com\/site\/#\/schema\/logo\/image\/\",\"url\":\"https:\/\/www.notibras.com\/site\/wp-content\/uploads\/2023\/01\/notibras23.png\",\"contentUrl\":\"https:\/\/www.notibras.com\/site\/wp-content\/uploads\/2023\/01\/notibras23.png\",\"width\":350,\"height\":87,\"caption\":\"Grupo Notibras de Comunica\u00e7\u00e3o\"},\"image\":{\"@id\":\"https:\/\/www.notibras.com\/site\/#\/schema\/logo\/image\/\"},\"sameAs\":[\"https:\/\/www.facebook.com\/notibras\/\",\"https:\/\/x.com\/Notibras\",\"https:\/\/www.instagram.com\/notibras\/\"]},{\"@type\":\"Person\",\"@id\":\"https:\/\/www.notibras.com\/site\/#\/schema\/person\/36ab0979449956132d3e5b517ea76ac8\",\"name\":\"Reda\u00e7\u00e3o\",\"image\":{\"@type\":\"ImageObject\",\"inLanguage\":\"pt-BR\",\"@id\":\"https:\/\/secure.gravatar.com\/avatar\/e0a867bdedb85fd243eadf09663511f96fc81e0720a4a42581f334ad4303aa6b?s=96&d=mm&r=g\",\"url\":\"https:\/\/secure.gravatar.com\/avatar\/e0a867bdedb85fd243eadf09663511f96fc81e0720a4a42581f334ad4303aa6b?s=96&d=mm&r=g\",\"contentUrl\":\"https:\/\/secure.gravatar.com\/avatar\/e0a867bdedb85fd243eadf09663511f96fc81e0720a4a42581f334ad4303aa6b?s=96&d=mm&r=g\",\"caption\":\"Reda\u00e7\u00e3o\"}}]}<\/script>\n<!-- \/ Yoast SEO plugin. -->","yoast_head_json":{"title":"Professor \u00e9 \u00fanico; quem pensa diferente n\u00e3o aprendeu nada - Notibras","robots":{"index":"index","follow":"follow","max-snippet":"max-snippet:-1","max-image-preview":"max-image-preview:large","max-video-preview":"max-video-preview:-1"},"canonical":"https:\/\/www.notibras.com\/site\/sociedade-desvaloriza-professor-imaginando-que-qualquer-um-ensina\/","og_locale":"pt_BR","og_type":"article","og_title":"Professor \u00e9 \u00fanico; quem pensa diferente n\u00e3o aprendeu nada - Notibras","og_description":"Todo dia 15 de outubro, comemora-se, em nosso pa\u00eds, o Dia dos Professores. Como docente, fico especialmente feliz por ser lembrada, nesta data, pelos meus alunos, ex-alunos, amigos e familiares. Mensagens de afeto e de estima deixam, sem d\u00favida, todo educador feliz. Entretanto, al\u00e9m de mensagens de apoio e carinho, ouso dizer, em nome dos [&hellip;]","og_url":"https:\/\/www.notibras.com\/site\/sociedade-desvaloriza-professor-imaginando-que-qualquer-um-ensina\/","og_site_name":"Notibras","article_publisher":"https:\/\/www.facebook.com\/notibras\/","article_published_time":"2015-10-18T18:20:47+00:00","article_modified_time":"2015-10-18T18:22:15+00:00","og_image":[{"width":590,"height":443,"url":"https:\/\/www.notibras.com\/site\/wp-content\/uploads\/2015\/10\/op18.jpg","type":"image\/jpeg"}],"author":"Reda\u00e7\u00e3o","twitter_card":"summary_large_image","twitter_creator":"@Notibras","twitter_site":"@Notibras","twitter_misc":{"Escrito por":"Reda\u00e7\u00e3o","Est. tempo de leitura":"3 minutos"},"schema":{"@context":"https:\/\/schema.org","@graph":[{"@type":"Article","@id":"https:\/\/www.notibras.com\/site\/sociedade-desvaloriza-professor-imaginando-que-qualquer-um-ensina\/#article","isPartOf":{"@id":"https:\/\/www.notibras.com\/site\/sociedade-desvaloriza-professor-imaginando-que-qualquer-um-ensina\/"},"author":{"name":"Reda\u00e7\u00e3o","@id":"https:\/\/www.notibras.com\/site\/#\/schema\/person\/36ab0979449956132d3e5b517ea76ac8"},"headline":"Professor \u00e9 \u00fanico; quem pensa diferente n\u00e3o aprendeu nada","datePublished":"2015-10-18T18:20:47+00:00","dateModified":"2015-10-18T18:22:15+00:00","mainEntityOfPage":{"@id":"https:\/\/www.notibras.com\/site\/sociedade-desvaloriza-professor-imaginando-que-qualquer-um-ensina\/"},"wordCount":575,"commentCount":0,"publisher":{"@id":"https:\/\/www.notibras.com\/site\/#organization"},"image":{"@id":"https:\/\/www.notibras.com\/site\/sociedade-desvaloriza-professor-imaginando-que-qualquer-um-ensina\/#primaryimage"},"thumbnailUrl":"https:\/\/www.notibras.com\/site\/wp-content\/uploads\/2015\/10\/op18.jpg","articleSection":["Opina a\u00ed"],"inLanguage":"pt-BR","potentialAction":[{"@type":"CommentAction","name":"Comment","target":["https:\/\/www.notibras.com\/site\/sociedade-desvaloriza-professor-imaginando-que-qualquer-um-ensina\/#respond"]}]},{"@type":"WebPage","@id":"https:\/\/www.notibras.com\/site\/sociedade-desvaloriza-professor-imaginando-que-qualquer-um-ensina\/","url":"https:\/\/www.notibras.com\/site\/sociedade-desvaloriza-professor-imaginando-que-qualquer-um-ensina\/","name":"Professor \u00e9 \u00fanico; quem pensa diferente n\u00e3o aprendeu nada - Notibras","isPartOf":{"@id":"https:\/\/www.notibras.com\/site\/#website"},"primaryImageOfPage":{"@id":"https:\/\/www.notibras.com\/site\/sociedade-desvaloriza-professor-imaginando-que-qualquer-um-ensina\/#primaryimage"},"image":{"@id":"https:\/\/www.notibras.com\/site\/sociedade-desvaloriza-professor-imaginando-que-qualquer-um-ensina\/#primaryimage"},"thumbnailUrl":"https:\/\/www.notibras.com\/site\/wp-content\/uploads\/2015\/10\/op18.jpg","datePublished":"2015-10-18T18:20:47+00:00","dateModified":"2015-10-18T18:22:15+00:00","breadcrumb":{"@id":"https:\/\/www.notibras.com\/site\/sociedade-desvaloriza-professor-imaginando-que-qualquer-um-ensina\/#breadcrumb"},"inLanguage":"pt-BR","potentialAction":[{"@type":"ReadAction","target":["https:\/\/www.notibras.com\/site\/sociedade-desvaloriza-professor-imaginando-que-qualquer-um-ensina\/"]}]},{"@type":"ImageObject","inLanguage":"pt-BR","@id":"https:\/\/www.notibras.com\/site\/sociedade-desvaloriza-professor-imaginando-que-qualquer-um-ensina\/#primaryimage","url":"https:\/\/www.notibras.com\/site\/wp-content\/uploads\/2015\/10\/op18.jpg","contentUrl":"https:\/\/www.notibras.com\/site\/wp-content\/uploads\/2015\/10\/op18.jpg","width":590,"height":443},{"@type":"BreadcrumbList","@id":"https:\/\/www.notibras.com\/site\/sociedade-desvaloriza-professor-imaginando-que-qualquer-um-ensina\/#breadcrumb","itemListElement":[{"@type":"ListItem","position":1,"name":"In\u00edcio","item":"https:\/\/www.notibras.com\/site\/"},{"@type":"ListItem","position":2,"name":"Professor \u00e9 \u00fanico; quem pensa diferente n\u00e3o aprendeu nada"}]},{"@type":"WebSite","@id":"https:\/\/www.notibras.com\/site\/#website","url":"https:\/\/www.notibras.com\/site\/","name":"Notibras","description":"Not\u00edcias de Bras\u00edlia, do Brasil e do Mundo","publisher":{"@id":"https:\/\/www.notibras.com\/site\/#organization"},"potentialAction":[{"@type":"SearchAction","target":{"@type":"EntryPoint","urlTemplate":"https:\/\/www.notibras.com\/site\/?s={search_term_string}"},"query-input":{"@type":"PropertyValueSpecification","valueRequired":true,"valueName":"search_term_string"}}],"inLanguage":"pt-BR"},{"@type":"Organization","@id":"https:\/\/www.notibras.com\/site\/#organization","name":"Grupo Notibras de Comunica\u00e7\u00e3o","url":"https:\/\/www.notibras.com\/site\/","logo":{"@type":"ImageObject","inLanguage":"pt-BR","@id":"https:\/\/www.notibras.com\/site\/#\/schema\/logo\/image\/","url":"https:\/\/www.notibras.com\/site\/wp-content\/uploads\/2023\/01\/notibras23.png","contentUrl":"https:\/\/www.notibras.com\/site\/wp-content\/uploads\/2023\/01\/notibras23.png","width":350,"height":87,"caption":"Grupo Notibras de Comunica\u00e7\u00e3o"},"image":{"@id":"https:\/\/www.notibras.com\/site\/#\/schema\/logo\/image\/"},"sameAs":["https:\/\/www.facebook.com\/notibras\/","https:\/\/x.com\/Notibras","https:\/\/www.instagram.com\/notibras\/"]},{"@type":"Person","@id":"https:\/\/www.notibras.com\/site\/#\/schema\/person\/36ab0979449956132d3e5b517ea76ac8","name":"Reda\u00e7\u00e3o","image":{"@type":"ImageObject","inLanguage":"pt-BR","@id":"https:\/\/secure.gravatar.com\/avatar\/e0a867bdedb85fd243eadf09663511f96fc81e0720a4a42581f334ad4303aa6b?s=96&d=mm&r=g","url":"https:\/\/secure.gravatar.com\/avatar\/e0a867bdedb85fd243eadf09663511f96fc81e0720a4a42581f334ad4303aa6b?s=96&d=mm&r=g","contentUrl":"https:\/\/secure.gravatar.com\/avatar\/e0a867bdedb85fd243eadf09663511f96fc81e0720a4a42581f334ad4303aa6b?s=96&d=mm&r=g","caption":"Reda\u00e7\u00e3o"}}]}},"amp_enabled":true,"_links":{"self":[{"href":"https:\/\/www.notibras.com\/site\/wp-json\/wp\/v2\/posts\/71922","targetHints":{"allow":["GET"]}}],"collection":[{"href":"https:\/\/www.notibras.com\/site\/wp-json\/wp\/v2\/posts"}],"about":[{"href":"https:\/\/www.notibras.com\/site\/wp-json\/wp\/v2\/types\/post"}],"author":[{"embeddable":true,"href":"https:\/\/www.notibras.com\/site\/wp-json\/wp\/v2\/users\/2"}],"replies":[{"embeddable":true,"href":"https:\/\/www.notibras.com\/site\/wp-json\/wp\/v2\/comments?post=71922"}],"version-history":[{"count":3,"href":"https:\/\/www.notibras.com\/site\/wp-json\/wp\/v2\/posts\/71922\/revisions"}],"predecessor-version":[{"id":71926,"href":"https:\/\/www.notibras.com\/site\/wp-json\/wp\/v2\/posts\/71922\/revisions\/71926"}],"wp:featuredmedia":[{"embeddable":true,"href":"https:\/\/www.notibras.com\/site\/wp-json\/wp\/v2\/media\/71923"}],"wp:attachment":[{"href":"https:\/\/www.notibras.com\/site\/wp-json\/wp\/v2\/media?parent=71922"}],"wp:term":[{"taxonomy":"category","embeddable":true,"href":"https:\/\/www.notibras.com\/site\/wp-json\/wp\/v2\/categories?post=71922"},{"taxonomy":"post_tag","embeddable":true,"href":"https:\/\/www.notibras.com\/site\/wp-json\/wp\/v2\/tags?post=71922"}],"curies":[{"name":"wp","href":"https:\/\/api.w.org\/{rel}","templated":true}]}}