{"id":71943,"date":"2015-10-18T18:02:49","date_gmt":"2015-10-18T20:02:49","guid":{"rendered":"http:\/\/www.notibras.com\/site\/?p=71943"},"modified":"2015-10-19T11:03:50","modified_gmt":"2015-10-19T13:03:50","slug":"derrota-para-o-inter-em-casa-deixa-flamengo-mais-distante-da-libertadores","status":"publish","type":"post","link":"https:\/\/www.notibras.com\/site\/derrota-para-o-inter-em-casa-deixa-flamengo-mais-distante-da-libertadores\/","title":{"rendered":"Derrota para o Internacional em casa deixa o Flamengo mais longe da Libertadores"},"content":{"rendered":"<p>A derrota para o Internacional por 1 a 0 neste domingo, no Est\u00e1dio do Maracan\u00e3, no Rio, praticamente tirou o Flamengo da briga por uma vaga na Copa Libertadores do pr\u00f3ximo ano. Sem criatividade, o time carioca perdeu cinco dos \u00faltimos seis jogos, estacionou nos 44 pontos, na nona posi\u00e7\u00e3o, e ainda viu o advers\u00e1rio ganhar novo \u00e2nimo na briga pela classifica\u00e7\u00e3o ao torneio continental.<\/p>\n<p>Mesmo sem mostrar um bom futebol, o Inter venceu o duelo v\u00e1lido pela 31\u00aa rodada do Campeonato Brasileiro e chegou aos 47 pontos, colando no G4 e entrando de vez na luta por uma vaga na pr\u00f3xima Libertadores.<\/p>\n<p>Mais do que pela apresenta\u00e7\u00e3o do Inter, o Flamengo se atrapalhou nas pr\u00f3prias pernas. Pressionado pela necessidade de vit\u00f3ria, o time se lan\u00e7ou ao ataque, mas de forma ineficiente. A grande aposta era em jogadas com Par\u00e1 pelo lado direito. Em um dos avan\u00e7os, o lateral fez boa jogada, mas cruzou errado e desperdi\u00e7ou a oportunidade.<\/p>\n<p>Assim como era uma op\u00e7\u00e3o de ataque, o lado de Par\u00e1 passou a ser um perigo pelos espa\u00e7os deixados. A faixa esquerda ocupada por Jorge tamb\u00e9m. Aos 17 minutos, o Internacional percebeu a lacuna deixada pelos dois laterais e abriu marcador com Ernando, em belo chute de primeira, ap\u00f3s passe de William: 1 a 0.<\/p>\n<p>O gol desnorteou ainda mais o Flamengo. Com os laterais bem bloqueados, o time centralizou o jogo. Em um dos raros momentos de lucidez, quase veio o empate. O peruano Guerrero recebeu passe de Everton e chutou forte na trave. Mas s\u00f3 o peruano levava perigo ao Inter. Ainda no primeiro tempo, cabeceou para o gol e viu Alisson defender.<\/p>\n<p>Na etapa final, Guerrero aproveitou rebote e chutou forte, mas para fora. Aos 11, o centroavante fez o piv\u00f4 para Alan Patrick finalizar errado. Oswaldo de Oliveira modificou as pe\u00e7as, mas sem efici\u00eancia. A press\u00e3o no final da partida n\u00e3o funcionou e o time, agora em situa\u00e7\u00e3o delicada na luta por vaga na Libertadores, deixou o Maracan\u00e3 sob cr\u00edticas da torcida.<\/p>\n<p><img loading=\"lazy\" decoding=\"async\" class=\"alignnone size-full wp-image-70065\" src=\"http:\/\/www.notibras.com\/site\/wp-content\/uploads\/2015\/10\/estadao.png\" alt=\"estadao\" width=\"99\" height=\"16\" \/><\/p>\n","protected":false},"excerpt":{"rendered":"<p>A derrota para o Internacional por 1 a 0 neste domingo, no Est\u00e1dio do Maracan\u00e3, no Rio, praticamente tirou o Flamengo da briga por uma vaga na Copa Libertadores do pr\u00f3ximo ano. Sem criatividade, o time carioca perdeu cinco dos \u00faltimos seis jogos, estacionou nos 44 pontos, na nona posi\u00e7\u00e3o, e ainda viu o advers\u00e1rio [&hellip;]<\/p>\n","protected":false},"author":2,"featured_media":71944,"comment_status":"open","ping_status":"closed","sticky":false,"template":"","format":"standard","meta":{"_acf_changed":false,"footnotes":""},"categories":[29],"tags":[],"class_list":["post-71943","post","type-post","status-publish","format-standard","has-post-thumbnail","hentry","category-futebol"],"acf":[],"yoast_head":"<!-- This site is optimized with the Yoast SEO plugin v27.2 - https:\/\/yoast.com\/product\/yoast-seo-wordpress\/ -->\n<title>Derrota para o Internacional em casa deixa o Flamengo mais longe da Libertadores - Notibras<\/title>\n<meta name=\"robots\" content=\"index, follow, max-snippet:-1, max-image-preview:large, max-video-preview:-1\" \/>\n<link rel=\"canonical\" href=\"https:\/\/www.notibras.com\/site\/derrota-para-o-inter-em-casa-deixa-flamengo-mais-distante-da-libertadores\/\" \/>\n<meta property=\"og:locale\" content=\"pt_BR\" \/>\n<meta property=\"og:type\" content=\"article\" \/>\n<meta property=\"og:title\" content=\"Derrota para o Internacional em casa deixa o Flamengo mais longe da Libertadores - Notibras\" \/>\n<meta property=\"og:description\" content=\"A derrota para o Internacional por 1 a 0 neste domingo, no Est\u00e1dio do Maracan\u00e3, no Rio, praticamente tirou o Flamengo da briga por uma vaga na Copa Libertadores do pr\u00f3ximo ano. Sem criatividade, o time carioca perdeu cinco dos \u00faltimos seis jogos, estacionou nos 44 pontos, na nona posi\u00e7\u00e3o, e ainda viu o advers\u00e1rio [&hellip;]\" \/>\n<meta property=\"og:url\" content=\"https:\/\/www.notibras.com\/site\/derrota-para-o-inter-em-casa-deixa-flamengo-mais-distante-da-libertadores\/\" \/>\n<meta property=\"og:site_name\" content=\"Notibras\" \/>\n<meta property=\"article:publisher\" content=\"https:\/\/www.facebook.com\/notibras\/\" \/>\n<meta property=\"article:published_time\" content=\"2015-10-18T20:02:49+00:00\" \/>\n<meta property=\"article:modified_time\" content=\"2015-10-19T13:03:50+00:00\" \/>\n<meta property=\"og:image\" content=\"https:\/\/www.notibras.com\/site\/wp-content\/uploads\/2015\/10\/fla18..jpg\" \/>\n\t<meta property=\"og:image:width\" content=\"527\" \/>\n\t<meta property=\"og:image:height\" content=\"307\" \/>\n\t<meta property=\"og:image:type\" content=\"image\/jpeg\" \/>\n<meta name=\"author\" content=\"Reda\u00e7\u00e3o\" \/>\n<meta name=\"twitter:card\" content=\"summary_large_image\" \/>\n<meta name=\"twitter:creator\" content=\"@Notibras\" \/>\n<meta name=\"twitter:site\" content=\"@Notibras\" \/>\n<meta name=\"twitter:label1\" content=\"Escrito por\" \/>\n\t<meta name=\"twitter:data1\" content=\"Reda\u00e7\u00e3o\" \/>\n\t<meta name=\"twitter:label2\" content=\"Est. tempo de leitura\" \/>\n\t<meta name=\"twitter:data2\" content=\"2 minutos\" \/>\n<script type=\"application\/ld+json\" class=\"yoast-schema-graph\">{\"@context\":\"https:\/\/schema.org\",\"@graph\":[{\"@type\":\"Article\",\"@id\":\"https:\/\/www.notibras.com\/site\/derrota-para-o-inter-em-casa-deixa-flamengo-mais-distante-da-libertadores\/#article\",\"isPartOf\":{\"@id\":\"https:\/\/www.notibras.com\/site\/derrota-para-o-inter-em-casa-deixa-flamengo-mais-distante-da-libertadores\/\"},\"author\":{\"name\":\"Reda\u00e7\u00e3o\",\"@id\":\"https:\/\/www.notibras.com\/site\/#\/schema\/person\/36ab0979449956132d3e5b517ea76ac8\"},\"headline\":\"Derrota para o Internacional em casa deixa o Flamengo mais longe da Libertadores\",\"datePublished\":\"2015-10-18T20:02:49+00:00\",\"dateModified\":\"2015-10-19T13:03:50+00:00\",\"mainEntityOfPage\":{\"@id\":\"https:\/\/www.notibras.com\/site\/derrota-para-o-inter-em-casa-deixa-flamengo-mais-distante-da-libertadores\/\"},\"wordCount\":362,\"commentCount\":0,\"publisher\":{\"@id\":\"https:\/\/www.notibras.com\/site\/#organization\"},\"image\":{\"@id\":\"https:\/\/www.notibras.com\/site\/derrota-para-o-inter-em-casa-deixa-flamengo-mais-distante-da-libertadores\/#primaryimage\"},\"thumbnailUrl\":\"https:\/\/www.notibras.com\/site\/wp-content\/uploads\/2015\/10\/fla18..jpg\",\"articleSection\":[\"Futebol\"],\"inLanguage\":\"pt-BR\",\"potentialAction\":[{\"@type\":\"CommentAction\",\"name\":\"Comment\",\"target\":[\"https:\/\/www.notibras.com\/site\/derrota-para-o-inter-em-casa-deixa-flamengo-mais-distante-da-libertadores\/#respond\"]}]},{\"@type\":\"WebPage\",\"@id\":\"https:\/\/www.notibras.com\/site\/derrota-para-o-inter-em-casa-deixa-flamengo-mais-distante-da-libertadores\/\",\"url\":\"https:\/\/www.notibras.com\/site\/derrota-para-o-inter-em-casa-deixa-flamengo-mais-distante-da-libertadores\/\",\"name\":\"Derrota para o Internacional em casa deixa o Flamengo mais longe da Libertadores - Notibras\",\"isPartOf\":{\"@id\":\"https:\/\/www.notibras.com\/site\/#website\"},\"primaryImageOfPage\":{\"@id\":\"https:\/\/www.notibras.com\/site\/derrota-para-o-inter-em-casa-deixa-flamengo-mais-distante-da-libertadores\/#primaryimage\"},\"image\":{\"@id\":\"https:\/\/www.notibras.com\/site\/derrota-para-o-inter-em-casa-deixa-flamengo-mais-distante-da-libertadores\/#primaryimage\"},\"thumbnailUrl\":\"https:\/\/www.notibras.com\/site\/wp-content\/uploads\/2015\/10\/fla18..jpg\",\"datePublished\":\"2015-10-18T20:02:49+00:00\",\"dateModified\":\"2015-10-19T13:03:50+00:00\",\"breadcrumb\":{\"@id\":\"https:\/\/www.notibras.com\/site\/derrota-para-o-inter-em-casa-deixa-flamengo-mais-distante-da-libertadores\/#breadcrumb\"},\"inLanguage\":\"pt-BR\",\"potentialAction\":[{\"@type\":\"ReadAction\",\"target\":[\"https:\/\/www.notibras.com\/site\/derrota-para-o-inter-em-casa-deixa-flamengo-mais-distante-da-libertadores\/\"]}]},{\"@type\":\"ImageObject\",\"inLanguage\":\"pt-BR\",\"@id\":\"https:\/\/www.notibras.com\/site\/derrota-para-o-inter-em-casa-deixa-flamengo-mais-distante-da-libertadores\/#primaryimage\",\"url\":\"https:\/\/www.notibras.com\/site\/wp-content\/uploads\/2015\/10\/fla18..jpg\",\"contentUrl\":\"https:\/\/www.notibras.com\/site\/wp-content\/uploads\/2015\/10\/fla18..jpg\",\"width\":527,\"height\":307},{\"@type\":\"BreadcrumbList\",\"@id\":\"https:\/\/www.notibras.com\/site\/derrota-para-o-inter-em-casa-deixa-flamengo-mais-distante-da-libertadores\/#breadcrumb\",\"itemListElement\":[{\"@type\":\"ListItem\",\"position\":1,\"name\":\"In\u00edcio\",\"item\":\"https:\/\/www.notibras.com\/site\/\"},{\"@type\":\"ListItem\",\"position\":2,\"name\":\"Derrota para o Internacional em casa deixa o Flamengo mais longe da Libertadores\"}]},{\"@type\":\"WebSite\",\"@id\":\"https:\/\/www.notibras.com\/site\/#website\",\"url\":\"https:\/\/www.notibras.com\/site\/\",\"name\":\"Notibras\",\"description\":\"Not\u00edcias de Bras\u00edlia, do Brasil e do Mundo\",\"publisher\":{\"@id\":\"https:\/\/www.notibras.com\/site\/#organization\"},\"potentialAction\":[{\"@type\":\"SearchAction\",\"target\":{\"@type\":\"EntryPoint\",\"urlTemplate\":\"https:\/\/www.notibras.com\/site\/?s={search_term_string}\"},\"query-input\":{\"@type\":\"PropertyValueSpecification\",\"valueRequired\":true,\"valueName\":\"search_term_string\"}}],\"inLanguage\":\"pt-BR\"},{\"@type\":\"Organization\",\"@id\":\"https:\/\/www.notibras.com\/site\/#organization\",\"name\":\"Grupo Notibras de Comunica\u00e7\u00e3o\",\"url\":\"https:\/\/www.notibras.com\/site\/\",\"logo\":{\"@type\":\"ImageObject\",\"inLanguage\":\"pt-BR\",\"@id\":\"https:\/\/www.notibras.com\/site\/#\/schema\/logo\/image\/\",\"url\":\"https:\/\/www.notibras.com\/site\/wp-content\/uploads\/2023\/01\/notibras23.png\",\"contentUrl\":\"https:\/\/www.notibras.com\/site\/wp-content\/uploads\/2023\/01\/notibras23.png\",\"width\":350,\"height\":87,\"caption\":\"Grupo Notibras de Comunica\u00e7\u00e3o\"},\"image\":{\"@id\":\"https:\/\/www.notibras.com\/site\/#\/schema\/logo\/image\/\"},\"sameAs\":[\"https:\/\/www.facebook.com\/notibras\/\",\"https:\/\/x.com\/Notibras\",\"https:\/\/www.instagram.com\/notibras\/\"]},{\"@type\":\"Person\",\"@id\":\"https:\/\/www.notibras.com\/site\/#\/schema\/person\/36ab0979449956132d3e5b517ea76ac8\",\"name\":\"Reda\u00e7\u00e3o\",\"image\":{\"@type\":\"ImageObject\",\"inLanguage\":\"pt-BR\",\"@id\":\"https:\/\/secure.gravatar.com\/avatar\/e0a867bdedb85fd243eadf09663511f96fc81e0720a4a42581f334ad4303aa6b?s=96&d=mm&r=g\",\"url\":\"https:\/\/secure.gravatar.com\/avatar\/e0a867bdedb85fd243eadf09663511f96fc81e0720a4a42581f334ad4303aa6b?s=96&d=mm&r=g\",\"contentUrl\":\"https:\/\/secure.gravatar.com\/avatar\/e0a867bdedb85fd243eadf09663511f96fc81e0720a4a42581f334ad4303aa6b?s=96&d=mm&r=g\",\"caption\":\"Reda\u00e7\u00e3o\"}}]}<\/script>\n<!-- \/ Yoast SEO plugin. -->","yoast_head_json":{"title":"Derrota para o Internacional em casa deixa o Flamengo mais longe da Libertadores - Notibras","robots":{"index":"index","follow":"follow","max-snippet":"max-snippet:-1","max-image-preview":"max-image-preview:large","max-video-preview":"max-video-preview:-1"},"canonical":"https:\/\/www.notibras.com\/site\/derrota-para-o-inter-em-casa-deixa-flamengo-mais-distante-da-libertadores\/","og_locale":"pt_BR","og_type":"article","og_title":"Derrota para o Internacional em casa deixa o Flamengo mais longe da Libertadores - Notibras","og_description":"A derrota para o Internacional por 1 a 0 neste domingo, no Est\u00e1dio do Maracan\u00e3, no Rio, praticamente tirou o Flamengo da briga por uma vaga na Copa Libertadores do pr\u00f3ximo ano. Sem criatividade, o time carioca perdeu cinco dos \u00faltimos seis jogos, estacionou nos 44 pontos, na nona posi\u00e7\u00e3o, e ainda viu o advers\u00e1rio [&hellip;]","og_url":"https:\/\/www.notibras.com\/site\/derrota-para-o-inter-em-casa-deixa-flamengo-mais-distante-da-libertadores\/","og_site_name":"Notibras","article_publisher":"https:\/\/www.facebook.com\/notibras\/","article_published_time":"2015-10-18T20:02:49+00:00","article_modified_time":"2015-10-19T13:03:50+00:00","og_image":[{"width":527,"height":307,"url":"https:\/\/www.notibras.com\/site\/wp-content\/uploads\/2015\/10\/fla18..jpg","type":"image\/jpeg"}],"author":"Reda\u00e7\u00e3o","twitter_card":"summary_large_image","twitter_creator":"@Notibras","twitter_site":"@Notibras","twitter_misc":{"Escrito por":"Reda\u00e7\u00e3o","Est. tempo de leitura":"2 minutos"},"schema":{"@context":"https:\/\/schema.org","@graph":[{"@type":"Article","@id":"https:\/\/www.notibras.com\/site\/derrota-para-o-inter-em-casa-deixa-flamengo-mais-distante-da-libertadores\/#article","isPartOf":{"@id":"https:\/\/www.notibras.com\/site\/derrota-para-o-inter-em-casa-deixa-flamengo-mais-distante-da-libertadores\/"},"author":{"name":"Reda\u00e7\u00e3o","@id":"https:\/\/www.notibras.com\/site\/#\/schema\/person\/36ab0979449956132d3e5b517ea76ac8"},"headline":"Derrota para o Internacional em casa deixa o Flamengo mais longe da Libertadores","datePublished":"2015-10-18T20:02:49+00:00","dateModified":"2015-10-19T13:03:50+00:00","mainEntityOfPage":{"@id":"https:\/\/www.notibras.com\/site\/derrota-para-o-inter-em-casa-deixa-flamengo-mais-distante-da-libertadores\/"},"wordCount":362,"commentCount":0,"publisher":{"@id":"https:\/\/www.notibras.com\/site\/#organization"},"image":{"@id":"https:\/\/www.notibras.com\/site\/derrota-para-o-inter-em-casa-deixa-flamengo-mais-distante-da-libertadores\/#primaryimage"},"thumbnailUrl":"https:\/\/www.notibras.com\/site\/wp-content\/uploads\/2015\/10\/fla18..jpg","articleSection":["Futebol"],"inLanguage":"pt-BR","potentialAction":[{"@type":"CommentAction","name":"Comment","target":["https:\/\/www.notibras.com\/site\/derrota-para-o-inter-em-casa-deixa-flamengo-mais-distante-da-libertadores\/#respond"]}]},{"@type":"WebPage","@id":"https:\/\/www.notibras.com\/site\/derrota-para-o-inter-em-casa-deixa-flamengo-mais-distante-da-libertadores\/","url":"https:\/\/www.notibras.com\/site\/derrota-para-o-inter-em-casa-deixa-flamengo-mais-distante-da-libertadores\/","name":"Derrota para o Internacional em casa deixa o Flamengo mais longe da Libertadores - Notibras","isPartOf":{"@id":"https:\/\/www.notibras.com\/site\/#website"},"primaryImageOfPage":{"@id":"https:\/\/www.notibras.com\/site\/derrota-para-o-inter-em-casa-deixa-flamengo-mais-distante-da-libertadores\/#primaryimage"},"image":{"@id":"https:\/\/www.notibras.com\/site\/derrota-para-o-inter-em-casa-deixa-flamengo-mais-distante-da-libertadores\/#primaryimage"},"thumbnailUrl":"https:\/\/www.notibras.com\/site\/wp-content\/uploads\/2015\/10\/fla18..jpg","datePublished":"2015-10-18T20:02:49+00:00","dateModified":"2015-10-19T13:03:50+00:00","breadcrumb":{"@id":"https:\/\/www.notibras.com\/site\/derrota-para-o-inter-em-casa-deixa-flamengo-mais-distante-da-libertadores\/#breadcrumb"},"inLanguage":"pt-BR","potentialAction":[{"@type":"ReadAction","target":["https:\/\/www.notibras.com\/site\/derrota-para-o-inter-em-casa-deixa-flamengo-mais-distante-da-libertadores\/"]}]},{"@type":"ImageObject","inLanguage":"pt-BR","@id":"https:\/\/www.notibras.com\/site\/derrota-para-o-inter-em-casa-deixa-flamengo-mais-distante-da-libertadores\/#primaryimage","url":"https:\/\/www.notibras.com\/site\/wp-content\/uploads\/2015\/10\/fla18..jpg","contentUrl":"https:\/\/www.notibras.com\/site\/wp-content\/uploads\/2015\/10\/fla18..jpg","width":527,"height":307},{"@type":"BreadcrumbList","@id":"https:\/\/www.notibras.com\/site\/derrota-para-o-inter-em-casa-deixa-flamengo-mais-distante-da-libertadores\/#breadcrumb","itemListElement":[{"@type":"ListItem","position":1,"name":"In\u00edcio","item":"https:\/\/www.notibras.com\/site\/"},{"@type":"ListItem","position":2,"name":"Derrota para o Internacional em casa deixa o Flamengo mais longe da Libertadores"}]},{"@type":"WebSite","@id":"https:\/\/www.notibras.com\/site\/#website","url":"https:\/\/www.notibras.com\/site\/","name":"Notibras","description":"Not\u00edcias de Bras\u00edlia, do Brasil e do Mundo","publisher":{"@id":"https:\/\/www.notibras.com\/site\/#organization"},"potentialAction":[{"@type":"SearchAction","target":{"@type":"EntryPoint","urlTemplate":"https:\/\/www.notibras.com\/site\/?s={search_term_string}"},"query-input":{"@type":"PropertyValueSpecification","valueRequired":true,"valueName":"search_term_string"}}],"inLanguage":"pt-BR"},{"@type":"Organization","@id":"https:\/\/www.notibras.com\/site\/#organization","name":"Grupo Notibras de Comunica\u00e7\u00e3o","url":"https:\/\/www.notibras.com\/site\/","logo":{"@type":"ImageObject","inLanguage":"pt-BR","@id":"https:\/\/www.notibras.com\/site\/#\/schema\/logo\/image\/","url":"https:\/\/www.notibras.com\/site\/wp-content\/uploads\/2023\/01\/notibras23.png","contentUrl":"https:\/\/www.notibras.com\/site\/wp-content\/uploads\/2023\/01\/notibras23.png","width":350,"height":87,"caption":"Grupo Notibras de Comunica\u00e7\u00e3o"},"image":{"@id":"https:\/\/www.notibras.com\/site\/#\/schema\/logo\/image\/"},"sameAs":["https:\/\/www.facebook.com\/notibras\/","https:\/\/x.com\/Notibras","https:\/\/www.instagram.com\/notibras\/"]},{"@type":"Person","@id":"https:\/\/www.notibras.com\/site\/#\/schema\/person\/36ab0979449956132d3e5b517ea76ac8","name":"Reda\u00e7\u00e3o","image":{"@type":"ImageObject","inLanguage":"pt-BR","@id":"https:\/\/secure.gravatar.com\/avatar\/e0a867bdedb85fd243eadf09663511f96fc81e0720a4a42581f334ad4303aa6b?s=96&d=mm&r=g","url":"https:\/\/secure.gravatar.com\/avatar\/e0a867bdedb85fd243eadf09663511f96fc81e0720a4a42581f334ad4303aa6b?s=96&d=mm&r=g","contentUrl":"https:\/\/secure.gravatar.com\/avatar\/e0a867bdedb85fd243eadf09663511f96fc81e0720a4a42581f334ad4303aa6b?s=96&d=mm&r=g","caption":"Reda\u00e7\u00e3o"}}]}},"amp_enabled":true,"_links":{"self":[{"href":"https:\/\/www.notibras.com\/site\/wp-json\/wp\/v2\/posts\/71943","targetHints":{"allow":["GET"]}}],"collection":[{"href":"https:\/\/www.notibras.com\/site\/wp-json\/wp\/v2\/posts"}],"about":[{"href":"https:\/\/www.notibras.com\/site\/wp-json\/wp\/v2\/types\/post"}],"author":[{"embeddable":true,"href":"https:\/\/www.notibras.com\/site\/wp-json\/wp\/v2\/users\/2"}],"replies":[{"embeddable":true,"href":"https:\/\/www.notibras.com\/site\/wp-json\/wp\/v2\/comments?post=71943"}],"version-history":[{"count":3,"href":"https:\/\/www.notibras.com\/site\/wp-json\/wp\/v2\/posts\/71943\/revisions"}],"predecessor-version":[{"id":71947,"href":"https:\/\/www.notibras.com\/site\/wp-json\/wp\/v2\/posts\/71943\/revisions\/71947"}],"wp:featuredmedia":[{"embeddable":true,"href":"https:\/\/www.notibras.com\/site\/wp-json\/wp\/v2\/media\/71944"}],"wp:attachment":[{"href":"https:\/\/www.notibras.com\/site\/wp-json\/wp\/v2\/media?parent=71943"}],"wp:term":[{"taxonomy":"category","embeddable":true,"href":"https:\/\/www.notibras.com\/site\/wp-json\/wp\/v2\/categories?post=71943"},{"taxonomy":"post_tag","embeddable":true,"href":"https:\/\/www.notibras.com\/site\/wp-json\/wp\/v2\/tags?post=71943"}],"curies":[{"name":"wp","href":"https:\/\/api.w.org\/{rel}","templated":true}]}}