{"id":71948,"date":"2015-10-18T18:08:06","date_gmt":"2015-10-18T20:08:06","guid":{"rendered":"http:\/\/www.notibras.com\/site\/?p=71948"},"modified":"2015-10-19T11:04:38","modified_gmt":"2015-10-19T13:04:38","slug":"vasco-da-show-peca-por-preciosismo-e-cede-empate-ao-sao-paulo-no-morumbi","status":"publish","type":"post","link":"https:\/\/www.notibras.com\/site\/vasco-da-show-peca-por-preciosismo-e-cede-empate-ao-sao-paulo-no-morumbi\/","title":{"rendered":"Vasco d\u00e1 show, peca por preciosismo e cede empate ao S\u00e3o Paulo no Morumbi"},"content":{"rendered":"<p>O torcedor mais distra\u00eddo poderia achar que o time que iniciou a rodada na lanterna do Campeonato Brasileiro era o S\u00e3o Paulo e o Vasco era quem brigava por uma vaga no G4. Por isso, o empate em 2 a 2, no Morumbi, acabou sendo um resultado pior para o time carioca, que merecia a vit\u00f3ria por demonstrar mais vontade e organiza\u00e7\u00e3o t\u00e1tica.<\/p>\n<p>Embora estivesse jogando em casa, o S\u00e3o Paulo deixou o gramado mais feliz, j\u00e1 que n\u00e3o fez por merecer nem mesmo um ponto. Este foi o primeiro jogo do time com o novo terceiro uniforme e a estreia de Doriva como t\u00e9cnico da equipe no Morumbi. E no primeiro minuto at\u00e9 pareceu que seria um dia de festa. Matheus Reis fez um cruzamento para a \u00e1rea, Rodrigo deu uma furada amadora e ajeitou a bola para Luis Fabiano bater cruzado e abrir o placar.<\/p>\n<p>Mas o gol parece ter feito mal ao time. Lento, com pouca movimenta\u00e7\u00e3o &#8211; exceto o atacante Rog\u00e9rio, que correu como um louco &#8211; a impress\u00e3o \u00e9 que os s\u00e3o-paulinos achavam que a partida j\u00e1 estava resolvida. E a acomoda\u00e7\u00e3o e prepot\u00eancia custaram caro<\/p>\n<p>Ao contr\u00e1rio dos tempos de Juan Carlos Osorio, o S\u00e3o Paulo de Doriva tem uma marca\u00e7\u00e3o mais recuada, deixando o advers\u00e1rio jogar, e sai nos contra-ataques. O problema \u00e9 que isso se torna um grande risco para uma equipe com uma defesa fr\u00e1gil.<\/p>\n<p>Mesmo com a atua\u00e7\u00e3o acomodada e sem mostrar muita disposi\u00e7\u00e3o, os mandantes ainda tiveram mais oportunidades e foram melhores em campo, gra\u00e7as muito mais a falta de qualidade do advers\u00e1rio.<\/p>\n<p>Tudo mudou aos 43 do primeiro tempo. Madson cruzou, Matheus Reis deu um carrinho, a bola bateu em suas costas e nos bra\u00e7os. O \u00e1rbitro deu p\u00eanalti e ainda expulsou o s\u00e3o-paulino, que j\u00e1 tinha cart\u00e3o amarelo. Ap\u00f3s muita reclama\u00e7\u00e3o, Nen\u00ea bateu e aos 45 empatou o jogo.<\/p>\n<p>Durante a semana, o presidente do Vasco, Eurico Miranda, fez duras cr\u00edticas a arbitragem e avisou que n\u00e3o aceitaria que seu time fosse prejudicado. No intervalo da partida, Rog\u00e9rio Ceni ironizou. &#8220;Esse p\u00eanalti foi ganho nos bastidores. Esse p\u00eanalti j\u00e1 estava marcado&#8221;, disse.<\/p>\n<p>Na volta para a etapa final, quem esperava que o gol sofrido fizesse o S\u00e3o Paulo mudar a postura, errou feio. A falta de movimenta\u00e7\u00e3o e pregui\u00e7a em campo continuou. Doriva avan\u00e7ou a marca\u00e7\u00e3o, para tentar pressionar o advers\u00e1rio, mas a defesa ficou exposta e o Vasco foi quem acabou tendo mais oportunidades<\/p>\n<p>A virada saiu aos 17 minutos, quando Nen\u00ea cobrou escanteio e Rodrigo, aquele que foi fundamental no gol de Luis Fabiano, desviou de cabe\u00e7a e virou o placar. Nem mesmo a desvantagem no placar fez o S\u00e3o Paulo acordar. O Vasco era quem parecia que brigava pelo G4 e enfrentava um time que come\u00e7ou a rodada na lanterna.<\/p>\n<p>Leandr\u00e3o e Nen\u00ea tiveram boas chances de ampliar a vantagem e Rafael Silva acertou a trave. Rog\u00e9rio Ceni, com pelo menos duas boas defesas, evitou que o vexame fosse maior.<\/p>\n<p>A torcida j\u00e1 iniciava algumas vaias quando o S\u00e3o Paulo conseguiu o empate. Aos 42, Centurion cruzou para a \u00e1rea, Rodrigo Caio apareceu livre e mandou para as redes, amenizando a situa\u00e7\u00e3o. A verdade \u00e9 que os problemas do S\u00e3o Paulo n\u00e3o se resumem apenas ao que acontecem nos bastidores.<\/p>\n<p>Com o empate, o S\u00e3o Paulo segue fora do G4, com 47 pontos. J\u00e1 o Vasco permanece na lanterna do Brasileir\u00e3o, agora com 29 pontos.<\/p>\n<p><img loading=\"lazy\" decoding=\"async\" class=\"alignnone size-full wp-image-70065\" src=\"http:\/\/www.notibras.com\/site\/wp-content\/uploads\/2015\/10\/estadao.png\" alt=\"estadao\" width=\"99\" height=\"16\" \/><\/p>\n","protected":false},"excerpt":{"rendered":"<p>O torcedor mais distra\u00eddo poderia achar que o time que iniciou a rodada na lanterna do Campeonato Brasileiro era o S\u00e3o Paulo e o Vasco era quem brigava por uma vaga no G4. Por isso, o empate em 2 a 2, no Morumbi, acabou sendo um resultado pior para o time carioca, que merecia a [&hellip;]<\/p>\n","protected":false},"author":2,"featured_media":71949,"comment_status":"open","ping_status":"closed","sticky":false,"template":"","format":"standard","meta":{"_acf_changed":false,"footnotes":""},"categories":[29],"tags":[],"class_list":["post-71948","post","type-post","status-publish","format-standard","has-post-thumbnail","hentry","category-futebol"],"acf":[],"yoast_head":"<!-- This site is optimized with the Yoast SEO plugin v27.2 - https:\/\/yoast.com\/product\/yoast-seo-wordpress\/ -->\n<title>Vasco d\u00e1 show, peca por preciosismo e cede empate ao S\u00e3o Paulo no Morumbi - Notibras<\/title>\n<meta name=\"robots\" content=\"index, follow, max-snippet:-1, max-image-preview:large, max-video-preview:-1\" \/>\n<link rel=\"canonical\" href=\"https:\/\/www.notibras.com\/site\/vasco-da-show-peca-por-preciosismo-e-cede-empate-ao-sao-paulo-no-morumbi\/\" \/>\n<meta property=\"og:locale\" content=\"pt_BR\" \/>\n<meta property=\"og:type\" content=\"article\" \/>\n<meta property=\"og:title\" content=\"Vasco d\u00e1 show, peca por preciosismo e cede empate ao S\u00e3o Paulo no Morumbi - Notibras\" \/>\n<meta property=\"og:description\" content=\"O torcedor mais distra\u00eddo poderia achar que o time que iniciou a rodada na lanterna do Campeonato Brasileiro era o S\u00e3o Paulo e o Vasco era quem brigava por uma vaga no G4. Por isso, o empate em 2 a 2, no Morumbi, acabou sendo um resultado pior para o time carioca, que merecia a [&hellip;]\" \/>\n<meta property=\"og:url\" content=\"https:\/\/www.notibras.com\/site\/vasco-da-show-peca-por-preciosismo-e-cede-empate-ao-sao-paulo-no-morumbi\/\" \/>\n<meta property=\"og:site_name\" content=\"Notibras\" \/>\n<meta property=\"article:publisher\" content=\"https:\/\/www.facebook.com\/notibras\/\" \/>\n<meta property=\"article:published_time\" content=\"2015-10-18T20:08:06+00:00\" \/>\n<meta property=\"article:modified_time\" content=\"2015-10-19T13:04:38+00:00\" \/>\n<meta property=\"og:image\" content=\"https:\/\/www.notibras.com\/site\/wp-content\/uploads\/2015\/10\/vas.18.jpg\" \/>\n\t<meta property=\"og:image:width\" content=\"527\" \/>\n\t<meta property=\"og:image:height\" content=\"307\" \/>\n\t<meta property=\"og:image:type\" content=\"image\/jpeg\" \/>\n<meta name=\"author\" content=\"Reda\u00e7\u00e3o\" \/>\n<meta name=\"twitter:card\" content=\"summary_large_image\" \/>\n<meta name=\"twitter:creator\" content=\"@Notibras\" \/>\n<meta name=\"twitter:site\" content=\"@Notibras\" \/>\n<meta name=\"twitter:label1\" content=\"Escrito por\" \/>\n\t<meta name=\"twitter:data1\" content=\"Reda\u00e7\u00e3o\" \/>\n\t<meta name=\"twitter:label2\" content=\"Est. tempo de leitura\" \/>\n\t<meta name=\"twitter:data2\" content=\"3 minutos\" \/>\n<script type=\"application\/ld+json\" class=\"yoast-schema-graph\">{\"@context\":\"https:\/\/schema.org\",\"@graph\":[{\"@type\":\"Article\",\"@id\":\"https:\/\/www.notibras.com\/site\/vasco-da-show-peca-por-preciosismo-e-cede-empate-ao-sao-paulo-no-morumbi\/#article\",\"isPartOf\":{\"@id\":\"https:\/\/www.notibras.com\/site\/vasco-da-show-peca-por-preciosismo-e-cede-empate-ao-sao-paulo-no-morumbi\/\"},\"author\":{\"name\":\"Reda\u00e7\u00e3o\",\"@id\":\"https:\/\/www.notibras.com\/site\/#\/schema\/person\/36ab0979449956132d3e5b517ea76ac8\"},\"headline\":\"Vasco d\u00e1 show, peca por preciosismo e cede empate ao S\u00e3o Paulo no Morumbi\",\"datePublished\":\"2015-10-18T20:08:06+00:00\",\"dateModified\":\"2015-10-19T13:04:38+00:00\",\"mainEntityOfPage\":{\"@id\":\"https:\/\/www.notibras.com\/site\/vasco-da-show-peca-por-preciosismo-e-cede-empate-ao-sao-paulo-no-morumbi\/\"},\"wordCount\":626,\"commentCount\":0,\"publisher\":{\"@id\":\"https:\/\/www.notibras.com\/site\/#organization\"},\"image\":{\"@id\":\"https:\/\/www.notibras.com\/site\/vasco-da-show-peca-por-preciosismo-e-cede-empate-ao-sao-paulo-no-morumbi\/#primaryimage\"},\"thumbnailUrl\":\"https:\/\/www.notibras.com\/site\/wp-content\/uploads\/2015\/10\/vas.18.jpg\",\"articleSection\":[\"Futebol\"],\"inLanguage\":\"pt-BR\",\"potentialAction\":[{\"@type\":\"CommentAction\",\"name\":\"Comment\",\"target\":[\"https:\/\/www.notibras.com\/site\/vasco-da-show-peca-por-preciosismo-e-cede-empate-ao-sao-paulo-no-morumbi\/#respond\"]}]},{\"@type\":\"WebPage\",\"@id\":\"https:\/\/www.notibras.com\/site\/vasco-da-show-peca-por-preciosismo-e-cede-empate-ao-sao-paulo-no-morumbi\/\",\"url\":\"https:\/\/www.notibras.com\/site\/vasco-da-show-peca-por-preciosismo-e-cede-empate-ao-sao-paulo-no-morumbi\/\",\"name\":\"Vasco d\u00e1 show, peca por preciosismo e cede empate ao S\u00e3o Paulo no Morumbi - Notibras\",\"isPartOf\":{\"@id\":\"https:\/\/www.notibras.com\/site\/#website\"},\"primaryImageOfPage\":{\"@id\":\"https:\/\/www.notibras.com\/site\/vasco-da-show-peca-por-preciosismo-e-cede-empate-ao-sao-paulo-no-morumbi\/#primaryimage\"},\"image\":{\"@id\":\"https:\/\/www.notibras.com\/site\/vasco-da-show-peca-por-preciosismo-e-cede-empate-ao-sao-paulo-no-morumbi\/#primaryimage\"},\"thumbnailUrl\":\"https:\/\/www.notibras.com\/site\/wp-content\/uploads\/2015\/10\/vas.18.jpg\",\"datePublished\":\"2015-10-18T20:08:06+00:00\",\"dateModified\":\"2015-10-19T13:04:38+00:00\",\"breadcrumb\":{\"@id\":\"https:\/\/www.notibras.com\/site\/vasco-da-show-peca-por-preciosismo-e-cede-empate-ao-sao-paulo-no-morumbi\/#breadcrumb\"},\"inLanguage\":\"pt-BR\",\"potentialAction\":[{\"@type\":\"ReadAction\",\"target\":[\"https:\/\/www.notibras.com\/site\/vasco-da-show-peca-por-preciosismo-e-cede-empate-ao-sao-paulo-no-morumbi\/\"]}]},{\"@type\":\"ImageObject\",\"inLanguage\":\"pt-BR\",\"@id\":\"https:\/\/www.notibras.com\/site\/vasco-da-show-peca-por-preciosismo-e-cede-empate-ao-sao-paulo-no-morumbi\/#primaryimage\",\"url\":\"https:\/\/www.notibras.com\/site\/wp-content\/uploads\/2015\/10\/vas.18.jpg\",\"contentUrl\":\"https:\/\/www.notibras.com\/site\/wp-content\/uploads\/2015\/10\/vas.18.jpg\",\"width\":527,\"height\":307},{\"@type\":\"BreadcrumbList\",\"@id\":\"https:\/\/www.notibras.com\/site\/vasco-da-show-peca-por-preciosismo-e-cede-empate-ao-sao-paulo-no-morumbi\/#breadcrumb\",\"itemListElement\":[{\"@type\":\"ListItem\",\"position\":1,\"name\":\"In\u00edcio\",\"item\":\"https:\/\/www.notibras.com\/site\/\"},{\"@type\":\"ListItem\",\"position\":2,\"name\":\"Vasco d\u00e1 show, peca por preciosismo e cede empate ao S\u00e3o Paulo no Morumbi\"}]},{\"@type\":\"WebSite\",\"@id\":\"https:\/\/www.notibras.com\/site\/#website\",\"url\":\"https:\/\/www.notibras.com\/site\/\",\"name\":\"Notibras\",\"description\":\"Not\u00edcias de Bras\u00edlia, do Brasil e do Mundo\",\"publisher\":{\"@id\":\"https:\/\/www.notibras.com\/site\/#organization\"},\"potentialAction\":[{\"@type\":\"SearchAction\",\"target\":{\"@type\":\"EntryPoint\",\"urlTemplate\":\"https:\/\/www.notibras.com\/site\/?s={search_term_string}\"},\"query-input\":{\"@type\":\"PropertyValueSpecification\",\"valueRequired\":true,\"valueName\":\"search_term_string\"}}],\"inLanguage\":\"pt-BR\"},{\"@type\":\"Organization\",\"@id\":\"https:\/\/www.notibras.com\/site\/#organization\",\"name\":\"Grupo Notibras de Comunica\u00e7\u00e3o\",\"url\":\"https:\/\/www.notibras.com\/site\/\",\"logo\":{\"@type\":\"ImageObject\",\"inLanguage\":\"pt-BR\",\"@id\":\"https:\/\/www.notibras.com\/site\/#\/schema\/logo\/image\/\",\"url\":\"https:\/\/www.notibras.com\/site\/wp-content\/uploads\/2023\/01\/notibras23.png\",\"contentUrl\":\"https:\/\/www.notibras.com\/site\/wp-content\/uploads\/2023\/01\/notibras23.png\",\"width\":350,\"height\":87,\"caption\":\"Grupo Notibras de Comunica\u00e7\u00e3o\"},\"image\":{\"@id\":\"https:\/\/www.notibras.com\/site\/#\/schema\/logo\/image\/\"},\"sameAs\":[\"https:\/\/www.facebook.com\/notibras\/\",\"https:\/\/x.com\/Notibras\",\"https:\/\/www.instagram.com\/notibras\/\"]},{\"@type\":\"Person\",\"@id\":\"https:\/\/www.notibras.com\/site\/#\/schema\/person\/36ab0979449956132d3e5b517ea76ac8\",\"name\":\"Reda\u00e7\u00e3o\",\"image\":{\"@type\":\"ImageObject\",\"inLanguage\":\"pt-BR\",\"@id\":\"https:\/\/secure.gravatar.com\/avatar\/e0a867bdedb85fd243eadf09663511f96fc81e0720a4a42581f334ad4303aa6b?s=96&d=mm&r=g\",\"url\":\"https:\/\/secure.gravatar.com\/avatar\/e0a867bdedb85fd243eadf09663511f96fc81e0720a4a42581f334ad4303aa6b?s=96&d=mm&r=g\",\"contentUrl\":\"https:\/\/secure.gravatar.com\/avatar\/e0a867bdedb85fd243eadf09663511f96fc81e0720a4a42581f334ad4303aa6b?s=96&d=mm&r=g\",\"caption\":\"Reda\u00e7\u00e3o\"}}]}<\/script>\n<!-- \/ Yoast SEO plugin. -->","yoast_head_json":{"title":"Vasco d\u00e1 show, peca por preciosismo e cede empate ao S\u00e3o Paulo no Morumbi - Notibras","robots":{"index":"index","follow":"follow","max-snippet":"max-snippet:-1","max-image-preview":"max-image-preview:large","max-video-preview":"max-video-preview:-1"},"canonical":"https:\/\/www.notibras.com\/site\/vasco-da-show-peca-por-preciosismo-e-cede-empate-ao-sao-paulo-no-morumbi\/","og_locale":"pt_BR","og_type":"article","og_title":"Vasco d\u00e1 show, peca por preciosismo e cede empate ao S\u00e3o Paulo no Morumbi - Notibras","og_description":"O torcedor mais distra\u00eddo poderia achar que o time que iniciou a rodada na lanterna do Campeonato Brasileiro era o S\u00e3o Paulo e o Vasco era quem brigava por uma vaga no G4. Por isso, o empate em 2 a 2, no Morumbi, acabou sendo um resultado pior para o time carioca, que merecia a [&hellip;]","og_url":"https:\/\/www.notibras.com\/site\/vasco-da-show-peca-por-preciosismo-e-cede-empate-ao-sao-paulo-no-morumbi\/","og_site_name":"Notibras","article_publisher":"https:\/\/www.facebook.com\/notibras\/","article_published_time":"2015-10-18T20:08:06+00:00","article_modified_time":"2015-10-19T13:04:38+00:00","og_image":[{"width":527,"height":307,"url":"https:\/\/www.notibras.com\/site\/wp-content\/uploads\/2015\/10\/vas.18.jpg","type":"image\/jpeg"}],"author":"Reda\u00e7\u00e3o","twitter_card":"summary_large_image","twitter_creator":"@Notibras","twitter_site":"@Notibras","twitter_misc":{"Escrito por":"Reda\u00e7\u00e3o","Est. tempo de leitura":"3 minutos"},"schema":{"@context":"https:\/\/schema.org","@graph":[{"@type":"Article","@id":"https:\/\/www.notibras.com\/site\/vasco-da-show-peca-por-preciosismo-e-cede-empate-ao-sao-paulo-no-morumbi\/#article","isPartOf":{"@id":"https:\/\/www.notibras.com\/site\/vasco-da-show-peca-por-preciosismo-e-cede-empate-ao-sao-paulo-no-morumbi\/"},"author":{"name":"Reda\u00e7\u00e3o","@id":"https:\/\/www.notibras.com\/site\/#\/schema\/person\/36ab0979449956132d3e5b517ea76ac8"},"headline":"Vasco d\u00e1 show, peca por preciosismo e cede empate ao S\u00e3o Paulo no Morumbi","datePublished":"2015-10-18T20:08:06+00:00","dateModified":"2015-10-19T13:04:38+00:00","mainEntityOfPage":{"@id":"https:\/\/www.notibras.com\/site\/vasco-da-show-peca-por-preciosismo-e-cede-empate-ao-sao-paulo-no-morumbi\/"},"wordCount":626,"commentCount":0,"publisher":{"@id":"https:\/\/www.notibras.com\/site\/#organization"},"image":{"@id":"https:\/\/www.notibras.com\/site\/vasco-da-show-peca-por-preciosismo-e-cede-empate-ao-sao-paulo-no-morumbi\/#primaryimage"},"thumbnailUrl":"https:\/\/www.notibras.com\/site\/wp-content\/uploads\/2015\/10\/vas.18.jpg","articleSection":["Futebol"],"inLanguage":"pt-BR","potentialAction":[{"@type":"CommentAction","name":"Comment","target":["https:\/\/www.notibras.com\/site\/vasco-da-show-peca-por-preciosismo-e-cede-empate-ao-sao-paulo-no-morumbi\/#respond"]}]},{"@type":"WebPage","@id":"https:\/\/www.notibras.com\/site\/vasco-da-show-peca-por-preciosismo-e-cede-empate-ao-sao-paulo-no-morumbi\/","url":"https:\/\/www.notibras.com\/site\/vasco-da-show-peca-por-preciosismo-e-cede-empate-ao-sao-paulo-no-morumbi\/","name":"Vasco d\u00e1 show, peca por preciosismo e cede empate ao S\u00e3o Paulo no Morumbi - Notibras","isPartOf":{"@id":"https:\/\/www.notibras.com\/site\/#website"},"primaryImageOfPage":{"@id":"https:\/\/www.notibras.com\/site\/vasco-da-show-peca-por-preciosismo-e-cede-empate-ao-sao-paulo-no-morumbi\/#primaryimage"},"image":{"@id":"https:\/\/www.notibras.com\/site\/vasco-da-show-peca-por-preciosismo-e-cede-empate-ao-sao-paulo-no-morumbi\/#primaryimage"},"thumbnailUrl":"https:\/\/www.notibras.com\/site\/wp-content\/uploads\/2015\/10\/vas.18.jpg","datePublished":"2015-10-18T20:08:06+00:00","dateModified":"2015-10-19T13:04:38+00:00","breadcrumb":{"@id":"https:\/\/www.notibras.com\/site\/vasco-da-show-peca-por-preciosismo-e-cede-empate-ao-sao-paulo-no-morumbi\/#breadcrumb"},"inLanguage":"pt-BR","potentialAction":[{"@type":"ReadAction","target":["https:\/\/www.notibras.com\/site\/vasco-da-show-peca-por-preciosismo-e-cede-empate-ao-sao-paulo-no-morumbi\/"]}]},{"@type":"ImageObject","inLanguage":"pt-BR","@id":"https:\/\/www.notibras.com\/site\/vasco-da-show-peca-por-preciosismo-e-cede-empate-ao-sao-paulo-no-morumbi\/#primaryimage","url":"https:\/\/www.notibras.com\/site\/wp-content\/uploads\/2015\/10\/vas.18.jpg","contentUrl":"https:\/\/www.notibras.com\/site\/wp-content\/uploads\/2015\/10\/vas.18.jpg","width":527,"height":307},{"@type":"BreadcrumbList","@id":"https:\/\/www.notibras.com\/site\/vasco-da-show-peca-por-preciosismo-e-cede-empate-ao-sao-paulo-no-morumbi\/#breadcrumb","itemListElement":[{"@type":"ListItem","position":1,"name":"In\u00edcio","item":"https:\/\/www.notibras.com\/site\/"},{"@type":"ListItem","position":2,"name":"Vasco d\u00e1 show, peca por preciosismo e cede empate ao S\u00e3o Paulo no Morumbi"}]},{"@type":"WebSite","@id":"https:\/\/www.notibras.com\/site\/#website","url":"https:\/\/www.notibras.com\/site\/","name":"Notibras","description":"Not\u00edcias de Bras\u00edlia, do Brasil e do Mundo","publisher":{"@id":"https:\/\/www.notibras.com\/site\/#organization"},"potentialAction":[{"@type":"SearchAction","target":{"@type":"EntryPoint","urlTemplate":"https:\/\/www.notibras.com\/site\/?s={search_term_string}"},"query-input":{"@type":"PropertyValueSpecification","valueRequired":true,"valueName":"search_term_string"}}],"inLanguage":"pt-BR"},{"@type":"Organization","@id":"https:\/\/www.notibras.com\/site\/#organization","name":"Grupo Notibras de Comunica\u00e7\u00e3o","url":"https:\/\/www.notibras.com\/site\/","logo":{"@type":"ImageObject","inLanguage":"pt-BR","@id":"https:\/\/www.notibras.com\/site\/#\/schema\/logo\/image\/","url":"https:\/\/www.notibras.com\/site\/wp-content\/uploads\/2023\/01\/notibras23.png","contentUrl":"https:\/\/www.notibras.com\/site\/wp-content\/uploads\/2023\/01\/notibras23.png","width":350,"height":87,"caption":"Grupo Notibras de Comunica\u00e7\u00e3o"},"image":{"@id":"https:\/\/www.notibras.com\/site\/#\/schema\/logo\/image\/"},"sameAs":["https:\/\/www.facebook.com\/notibras\/","https:\/\/x.com\/Notibras","https:\/\/www.instagram.com\/notibras\/"]},{"@type":"Person","@id":"https:\/\/www.notibras.com\/site\/#\/schema\/person\/36ab0979449956132d3e5b517ea76ac8","name":"Reda\u00e7\u00e3o","image":{"@type":"ImageObject","inLanguage":"pt-BR","@id":"https:\/\/secure.gravatar.com\/avatar\/e0a867bdedb85fd243eadf09663511f96fc81e0720a4a42581f334ad4303aa6b?s=96&d=mm&r=g","url":"https:\/\/secure.gravatar.com\/avatar\/e0a867bdedb85fd243eadf09663511f96fc81e0720a4a42581f334ad4303aa6b?s=96&d=mm&r=g","contentUrl":"https:\/\/secure.gravatar.com\/avatar\/e0a867bdedb85fd243eadf09663511f96fc81e0720a4a42581f334ad4303aa6b?s=96&d=mm&r=g","caption":"Reda\u00e7\u00e3o"}}]}},"amp_enabled":true,"_links":{"self":[{"href":"https:\/\/www.notibras.com\/site\/wp-json\/wp\/v2\/posts\/71948","targetHints":{"allow":["GET"]}}],"collection":[{"href":"https:\/\/www.notibras.com\/site\/wp-json\/wp\/v2\/posts"}],"about":[{"href":"https:\/\/www.notibras.com\/site\/wp-json\/wp\/v2\/types\/post"}],"author":[{"embeddable":true,"href":"https:\/\/www.notibras.com\/site\/wp-json\/wp\/v2\/users\/2"}],"replies":[{"embeddable":true,"href":"https:\/\/www.notibras.com\/site\/wp-json\/wp\/v2\/comments?post=71948"}],"version-history":[{"count":1,"href":"https:\/\/www.notibras.com\/site\/wp-json\/wp\/v2\/posts\/71948\/revisions"}],"predecessor-version":[{"id":71950,"href":"https:\/\/www.notibras.com\/site\/wp-json\/wp\/v2\/posts\/71948\/revisions\/71950"}],"wp:featuredmedia":[{"embeddable":true,"href":"https:\/\/www.notibras.com\/site\/wp-json\/wp\/v2\/media\/71949"}],"wp:attachment":[{"href":"https:\/\/www.notibras.com\/site\/wp-json\/wp\/v2\/media?parent=71948"}],"wp:term":[{"taxonomy":"category","embeddable":true,"href":"https:\/\/www.notibras.com\/site\/wp-json\/wp\/v2\/categories?post=71948"},{"taxonomy":"post_tag","embeddable":true,"href":"https:\/\/www.notibras.com\/site\/wp-json\/wp\/v2\/tags?post=71948"}],"curies":[{"name":"wp","href":"https:\/\/api.w.org\/{rel}","templated":true}]}}