{"id":7197,"date":"2014-04-20T11:37:36","date_gmt":"2014-04-20T14:37:36","guid":{"rendered":"http:\/\/www.notibras.com\/site\/?p=7197"},"modified":"2014-04-20T11:48:04","modified_gmt":"2014-04-20T14:48:04","slug":"motorista-que-atropelou-procissao-e-matou-tres-nao-tem-habilitacao","status":"publish","type":"post","link":"https:\/\/www.notibras.com\/site\/motorista-que-atropelou-procissao-e-matou-tres-nao-tem-habilitacao\/","title":{"rendered":"Motorista que atropelou prociss\u00e3o e matou tr\u00eas em Manaus n\u00e3o tem habilita\u00e7\u00e3o"},"content":{"rendered":"<p>O Departamento Estadual de Tr\u00e2nsito do Amazonas (Detan-AM) informou neste s\u00e1bado que o motorista do caminh\u00e3o de som que matou tr\u00eas pessoas durante uma prociss\u00e3o na tarde de ontem s\u00f3 era habilitado para dirigir carros pequenos. O ve\u00edculo tamb\u00e9m estava irregular.<\/p>\n<p>Segundo o Detran, o motorista Olerino Siqueira Silva, 49 anos, tem Carteira Nacional de\u00a0 Habilita\u00e7\u00e3o (CNH) categoria B. Para dirigir um caminh\u00e3o, o condutor precisaria de CNH categoria C. Devido \u00e0 irregularidade, o motorista foi indiciado por homic\u00eddio culposo, quando n\u00e3o h\u00e1 inten\u00e7\u00e3o de matar.<\/p>\n<p>O caminh\u00e3o modelo Mercedes Benz 710, placa JWH-4534, original de 1979, tamb\u00e9m\u00a0 estava irregular e n\u00e3o poderia estar trafegando. Segundo o Detran, o ve\u00edculo era originalmente com carroceria aberta para carga e registrado para transporte de materiais reciclados, mas foi alterado,\u00a0irregularmente, e transformado em caminh\u00e3o de som.<\/p>\n","protected":false},"excerpt":{"rendered":"<p>O Departamento Estadual de Tr\u00e2nsito do Amazonas (Detan-AM) informou neste s\u00e1bado que o motorista do caminh\u00e3o de som que matou tr\u00eas pessoas durante uma prociss\u00e3o na tarde de ontem s\u00f3 era habilitado para dirigir carros pequenos. O ve\u00edculo tamb\u00e9m estava irregular. Segundo o Detran, o motorista Olerino Siqueira Silva, 49 anos, tem Carteira Nacional de\u00a0 [&hellip;]<\/p>\n","protected":false},"author":2,"featured_media":7198,"comment_status":"open","ping_status":"closed","sticky":false,"template":"","format":"standard","meta":{"_acf_changed":false,"footnotes":""},"categories":[16],"tags":[],"class_list":["post-7197","post","type-post","status-publish","format-standard","has-post-thumbnail","hentry","category-brasil"],"acf":[],"yoast_head":"<!-- This site is optimized with the Yoast SEO plugin v27.2 - https:\/\/yoast.com\/product\/yoast-seo-wordpress\/ -->\n<title>Motorista que atropelou prociss\u00e3o e matou tr\u00eas em Manaus n\u00e3o tem habilita\u00e7\u00e3o - Notibras<\/title>\n<meta name=\"robots\" content=\"index, follow, max-snippet:-1, max-image-preview:large, max-video-preview:-1\" \/>\n<link rel=\"canonical\" href=\"https:\/\/www.notibras.com\/site\/motorista-que-atropelou-procissao-e-matou-tres-nao-tem-habilitacao\/\" \/>\n<meta property=\"og:locale\" content=\"pt_BR\" \/>\n<meta property=\"og:type\" content=\"article\" \/>\n<meta property=\"og:title\" content=\"Motorista que atropelou prociss\u00e3o e matou tr\u00eas em Manaus n\u00e3o tem habilita\u00e7\u00e3o - Notibras\" \/>\n<meta property=\"og:description\" content=\"O Departamento Estadual de Tr\u00e2nsito do Amazonas (Detan-AM) informou neste s\u00e1bado que o motorista do caminh\u00e3o de som que matou tr\u00eas pessoas durante uma prociss\u00e3o na tarde de ontem s\u00f3 era habilitado para dirigir carros pequenos. O ve\u00edculo tamb\u00e9m estava irregular. Segundo o Detran, o motorista Olerino Siqueira Silva, 49 anos, tem Carteira Nacional de\u00a0 [&hellip;]\" \/>\n<meta property=\"og:url\" content=\"https:\/\/www.notibras.com\/site\/motorista-que-atropelou-procissao-e-matou-tres-nao-tem-habilitacao\/\" \/>\n<meta property=\"og:site_name\" content=\"Notibras\" \/>\n<meta property=\"article:publisher\" content=\"https:\/\/www.facebook.com\/notibras\/\" \/>\n<meta property=\"article:published_time\" content=\"2014-04-20T14:37:36+00:00\" \/>\n<meta property=\"article:modified_time\" content=\"2014-04-20T14:48:04+00:00\" \/>\n<meta property=\"og:image\" content=\"https:\/\/www.notibras.com\/site\/wp-content\/uploads\/2014\/04\/carrodesompm.jpg\" \/>\n\t<meta property=\"og:image:width\" content=\"460\" \/>\n\t<meta property=\"og:image:height\" content=\"340\" \/>\n\t<meta property=\"og:image:type\" content=\"image\/jpeg\" \/>\n<meta name=\"author\" content=\"Reda\u00e7\u00e3o\" \/>\n<meta name=\"twitter:card\" content=\"summary_large_image\" \/>\n<meta name=\"twitter:creator\" content=\"@Notibras\" \/>\n<meta name=\"twitter:site\" content=\"@Notibras\" \/>\n<meta name=\"twitter:label1\" content=\"Escrito por\" \/>\n\t<meta name=\"twitter:data1\" content=\"Reda\u00e7\u00e3o\" \/>\n\t<meta name=\"twitter:label2\" content=\"Est. tempo de leitura\" \/>\n\t<meta name=\"twitter:data2\" content=\"1 minuto\" \/>\n<script type=\"application\/ld+json\" class=\"yoast-schema-graph\">{\"@context\":\"https:\/\/schema.org\",\"@graph\":[{\"@type\":\"Article\",\"@id\":\"https:\/\/www.notibras.com\/site\/motorista-que-atropelou-procissao-e-matou-tres-nao-tem-habilitacao\/#article\",\"isPartOf\":{\"@id\":\"https:\/\/www.notibras.com\/site\/motorista-que-atropelou-procissao-e-matou-tres-nao-tem-habilitacao\/\"},\"author\":{\"name\":\"Reda\u00e7\u00e3o\",\"@id\":\"https:\/\/www.notibras.com\/site\/#\/schema\/person\/36ab0979449956132d3e5b517ea76ac8\"},\"headline\":\"Motorista que atropelou prociss\u00e3o e matou tr\u00eas em Manaus n\u00e3o tem habilita\u00e7\u00e3o\",\"datePublished\":\"2014-04-20T14:37:36+00:00\",\"dateModified\":\"2014-04-20T14:48:04+00:00\",\"mainEntityOfPage\":{\"@id\":\"https:\/\/www.notibras.com\/site\/motorista-que-atropelou-procissao-e-matou-tres-nao-tem-habilitacao\/\"},\"wordCount\":163,\"commentCount\":0,\"publisher\":{\"@id\":\"https:\/\/www.notibras.com\/site\/#organization\"},\"image\":{\"@id\":\"https:\/\/www.notibras.com\/site\/motorista-que-atropelou-procissao-e-matou-tres-nao-tem-habilitacao\/#primaryimage\"},\"thumbnailUrl\":\"https:\/\/www.notibras.com\/site\/wp-content\/uploads\/2014\/04\/carrodesompm.jpg\",\"articleSection\":[\"Brasil\"],\"inLanguage\":\"pt-BR\",\"potentialAction\":[{\"@type\":\"CommentAction\",\"name\":\"Comment\",\"target\":[\"https:\/\/www.notibras.com\/site\/motorista-que-atropelou-procissao-e-matou-tres-nao-tem-habilitacao\/#respond\"]}]},{\"@type\":\"WebPage\",\"@id\":\"https:\/\/www.notibras.com\/site\/motorista-que-atropelou-procissao-e-matou-tres-nao-tem-habilitacao\/\",\"url\":\"https:\/\/www.notibras.com\/site\/motorista-que-atropelou-procissao-e-matou-tres-nao-tem-habilitacao\/\",\"name\":\"Motorista que atropelou prociss\u00e3o e matou tr\u00eas em Manaus n\u00e3o tem habilita\u00e7\u00e3o - Notibras\",\"isPartOf\":{\"@id\":\"https:\/\/www.notibras.com\/site\/#website\"},\"primaryImageOfPage\":{\"@id\":\"https:\/\/www.notibras.com\/site\/motorista-que-atropelou-procissao-e-matou-tres-nao-tem-habilitacao\/#primaryimage\"},\"image\":{\"@id\":\"https:\/\/www.notibras.com\/site\/motorista-que-atropelou-procissao-e-matou-tres-nao-tem-habilitacao\/#primaryimage\"},\"thumbnailUrl\":\"https:\/\/www.notibras.com\/site\/wp-content\/uploads\/2014\/04\/carrodesompm.jpg\",\"datePublished\":\"2014-04-20T14:37:36+00:00\",\"dateModified\":\"2014-04-20T14:48:04+00:00\",\"breadcrumb\":{\"@id\":\"https:\/\/www.notibras.com\/site\/motorista-que-atropelou-procissao-e-matou-tres-nao-tem-habilitacao\/#breadcrumb\"},\"inLanguage\":\"pt-BR\",\"potentialAction\":[{\"@type\":\"ReadAction\",\"target\":[\"https:\/\/www.notibras.com\/site\/motorista-que-atropelou-procissao-e-matou-tres-nao-tem-habilitacao\/\"]}]},{\"@type\":\"ImageObject\",\"inLanguage\":\"pt-BR\",\"@id\":\"https:\/\/www.notibras.com\/site\/motorista-que-atropelou-procissao-e-matou-tres-nao-tem-habilitacao\/#primaryimage\",\"url\":\"https:\/\/www.notibras.com\/site\/wp-content\/uploads\/2014\/04\/carrodesompm.jpg\",\"contentUrl\":\"https:\/\/www.notibras.com\/site\/wp-content\/uploads\/2014\/04\/carrodesompm.jpg\",\"width\":460,\"height\":340},{\"@type\":\"BreadcrumbList\",\"@id\":\"https:\/\/www.notibras.com\/site\/motorista-que-atropelou-procissao-e-matou-tres-nao-tem-habilitacao\/#breadcrumb\",\"itemListElement\":[{\"@type\":\"ListItem\",\"position\":1,\"name\":\"In\u00edcio\",\"item\":\"https:\/\/www.notibras.com\/site\/\"},{\"@type\":\"ListItem\",\"position\":2,\"name\":\"Motorista que atropelou prociss\u00e3o e matou tr\u00eas em Manaus n\u00e3o tem habilita\u00e7\u00e3o\"}]},{\"@type\":\"WebSite\",\"@id\":\"https:\/\/www.notibras.com\/site\/#website\",\"url\":\"https:\/\/www.notibras.com\/site\/\",\"name\":\"Notibras\",\"description\":\"Not\u00edcias de Bras\u00edlia, do Brasil e do Mundo\",\"publisher\":{\"@id\":\"https:\/\/www.notibras.com\/site\/#organization\"},\"potentialAction\":[{\"@type\":\"SearchAction\",\"target\":{\"@type\":\"EntryPoint\",\"urlTemplate\":\"https:\/\/www.notibras.com\/site\/?s={search_term_string}\"},\"query-input\":{\"@type\":\"PropertyValueSpecification\",\"valueRequired\":true,\"valueName\":\"search_term_string\"}}],\"inLanguage\":\"pt-BR\"},{\"@type\":\"Organization\",\"@id\":\"https:\/\/www.notibras.com\/site\/#organization\",\"name\":\"Grupo Notibras de Comunica\u00e7\u00e3o\",\"url\":\"https:\/\/www.notibras.com\/site\/\",\"logo\":{\"@type\":\"ImageObject\",\"inLanguage\":\"pt-BR\",\"@id\":\"https:\/\/www.notibras.com\/site\/#\/schema\/logo\/image\/\",\"url\":\"https:\/\/www.notibras.com\/site\/wp-content\/uploads\/2023\/01\/notibras23.png\",\"contentUrl\":\"https:\/\/www.notibras.com\/site\/wp-content\/uploads\/2023\/01\/notibras23.png\",\"width\":350,\"height\":87,\"caption\":\"Grupo Notibras de Comunica\u00e7\u00e3o\"},\"image\":{\"@id\":\"https:\/\/www.notibras.com\/site\/#\/schema\/logo\/image\/\"},\"sameAs\":[\"https:\/\/www.facebook.com\/notibras\/\",\"https:\/\/x.com\/Notibras\",\"https:\/\/www.instagram.com\/notibras\/\"]},{\"@type\":\"Person\",\"@id\":\"https:\/\/www.notibras.com\/site\/#\/schema\/person\/36ab0979449956132d3e5b517ea76ac8\",\"name\":\"Reda\u00e7\u00e3o\",\"image\":{\"@type\":\"ImageObject\",\"inLanguage\":\"pt-BR\",\"@id\":\"https:\/\/secure.gravatar.com\/avatar\/e0a867bdedb85fd243eadf09663511f96fc81e0720a4a42581f334ad4303aa6b?s=96&d=mm&r=g\",\"url\":\"https:\/\/secure.gravatar.com\/avatar\/e0a867bdedb85fd243eadf09663511f96fc81e0720a4a42581f334ad4303aa6b?s=96&d=mm&r=g\",\"contentUrl\":\"https:\/\/secure.gravatar.com\/avatar\/e0a867bdedb85fd243eadf09663511f96fc81e0720a4a42581f334ad4303aa6b?s=96&d=mm&r=g\",\"caption\":\"Reda\u00e7\u00e3o\"}}]}<\/script>\n<!-- \/ Yoast SEO plugin. -->","yoast_head_json":{"title":"Motorista que atropelou prociss\u00e3o e matou tr\u00eas em Manaus n\u00e3o tem habilita\u00e7\u00e3o - Notibras","robots":{"index":"index","follow":"follow","max-snippet":"max-snippet:-1","max-image-preview":"max-image-preview:large","max-video-preview":"max-video-preview:-1"},"canonical":"https:\/\/www.notibras.com\/site\/motorista-que-atropelou-procissao-e-matou-tres-nao-tem-habilitacao\/","og_locale":"pt_BR","og_type":"article","og_title":"Motorista que atropelou prociss\u00e3o e matou tr\u00eas em Manaus n\u00e3o tem habilita\u00e7\u00e3o - Notibras","og_description":"O Departamento Estadual de Tr\u00e2nsito do Amazonas (Detan-AM) informou neste s\u00e1bado que o motorista do caminh\u00e3o de som que matou tr\u00eas pessoas durante uma prociss\u00e3o na tarde de ontem s\u00f3 era habilitado para dirigir carros pequenos. O ve\u00edculo tamb\u00e9m estava irregular. Segundo o Detran, o motorista Olerino Siqueira Silva, 49 anos, tem Carteira Nacional de\u00a0 [&hellip;]","og_url":"https:\/\/www.notibras.com\/site\/motorista-que-atropelou-procissao-e-matou-tres-nao-tem-habilitacao\/","og_site_name":"Notibras","article_publisher":"https:\/\/www.facebook.com\/notibras\/","article_published_time":"2014-04-20T14:37:36+00:00","article_modified_time":"2014-04-20T14:48:04+00:00","og_image":[{"width":460,"height":340,"url":"https:\/\/www.notibras.com\/site\/wp-content\/uploads\/2014\/04\/carrodesompm.jpg","type":"image\/jpeg"}],"author":"Reda\u00e7\u00e3o","twitter_card":"summary_large_image","twitter_creator":"@Notibras","twitter_site":"@Notibras","twitter_misc":{"Escrito por":"Reda\u00e7\u00e3o","Est. tempo de leitura":"1 minuto"},"schema":{"@context":"https:\/\/schema.org","@graph":[{"@type":"Article","@id":"https:\/\/www.notibras.com\/site\/motorista-que-atropelou-procissao-e-matou-tres-nao-tem-habilitacao\/#article","isPartOf":{"@id":"https:\/\/www.notibras.com\/site\/motorista-que-atropelou-procissao-e-matou-tres-nao-tem-habilitacao\/"},"author":{"name":"Reda\u00e7\u00e3o","@id":"https:\/\/www.notibras.com\/site\/#\/schema\/person\/36ab0979449956132d3e5b517ea76ac8"},"headline":"Motorista que atropelou prociss\u00e3o e matou tr\u00eas em Manaus n\u00e3o tem habilita\u00e7\u00e3o","datePublished":"2014-04-20T14:37:36+00:00","dateModified":"2014-04-20T14:48:04+00:00","mainEntityOfPage":{"@id":"https:\/\/www.notibras.com\/site\/motorista-que-atropelou-procissao-e-matou-tres-nao-tem-habilitacao\/"},"wordCount":163,"commentCount":0,"publisher":{"@id":"https:\/\/www.notibras.com\/site\/#organization"},"image":{"@id":"https:\/\/www.notibras.com\/site\/motorista-que-atropelou-procissao-e-matou-tres-nao-tem-habilitacao\/#primaryimage"},"thumbnailUrl":"https:\/\/www.notibras.com\/site\/wp-content\/uploads\/2014\/04\/carrodesompm.jpg","articleSection":["Brasil"],"inLanguage":"pt-BR","potentialAction":[{"@type":"CommentAction","name":"Comment","target":["https:\/\/www.notibras.com\/site\/motorista-que-atropelou-procissao-e-matou-tres-nao-tem-habilitacao\/#respond"]}]},{"@type":"WebPage","@id":"https:\/\/www.notibras.com\/site\/motorista-que-atropelou-procissao-e-matou-tres-nao-tem-habilitacao\/","url":"https:\/\/www.notibras.com\/site\/motorista-que-atropelou-procissao-e-matou-tres-nao-tem-habilitacao\/","name":"Motorista que atropelou prociss\u00e3o e matou tr\u00eas em Manaus n\u00e3o tem habilita\u00e7\u00e3o - Notibras","isPartOf":{"@id":"https:\/\/www.notibras.com\/site\/#website"},"primaryImageOfPage":{"@id":"https:\/\/www.notibras.com\/site\/motorista-que-atropelou-procissao-e-matou-tres-nao-tem-habilitacao\/#primaryimage"},"image":{"@id":"https:\/\/www.notibras.com\/site\/motorista-que-atropelou-procissao-e-matou-tres-nao-tem-habilitacao\/#primaryimage"},"thumbnailUrl":"https:\/\/www.notibras.com\/site\/wp-content\/uploads\/2014\/04\/carrodesompm.jpg","datePublished":"2014-04-20T14:37:36+00:00","dateModified":"2014-04-20T14:48:04+00:00","breadcrumb":{"@id":"https:\/\/www.notibras.com\/site\/motorista-que-atropelou-procissao-e-matou-tres-nao-tem-habilitacao\/#breadcrumb"},"inLanguage":"pt-BR","potentialAction":[{"@type":"ReadAction","target":["https:\/\/www.notibras.com\/site\/motorista-que-atropelou-procissao-e-matou-tres-nao-tem-habilitacao\/"]}]},{"@type":"ImageObject","inLanguage":"pt-BR","@id":"https:\/\/www.notibras.com\/site\/motorista-que-atropelou-procissao-e-matou-tres-nao-tem-habilitacao\/#primaryimage","url":"https:\/\/www.notibras.com\/site\/wp-content\/uploads\/2014\/04\/carrodesompm.jpg","contentUrl":"https:\/\/www.notibras.com\/site\/wp-content\/uploads\/2014\/04\/carrodesompm.jpg","width":460,"height":340},{"@type":"BreadcrumbList","@id":"https:\/\/www.notibras.com\/site\/motorista-que-atropelou-procissao-e-matou-tres-nao-tem-habilitacao\/#breadcrumb","itemListElement":[{"@type":"ListItem","position":1,"name":"In\u00edcio","item":"https:\/\/www.notibras.com\/site\/"},{"@type":"ListItem","position":2,"name":"Motorista que atropelou prociss\u00e3o e matou tr\u00eas em Manaus n\u00e3o tem habilita\u00e7\u00e3o"}]},{"@type":"WebSite","@id":"https:\/\/www.notibras.com\/site\/#website","url":"https:\/\/www.notibras.com\/site\/","name":"Notibras","description":"Not\u00edcias de Bras\u00edlia, do Brasil e do Mundo","publisher":{"@id":"https:\/\/www.notibras.com\/site\/#organization"},"potentialAction":[{"@type":"SearchAction","target":{"@type":"EntryPoint","urlTemplate":"https:\/\/www.notibras.com\/site\/?s={search_term_string}"},"query-input":{"@type":"PropertyValueSpecification","valueRequired":true,"valueName":"search_term_string"}}],"inLanguage":"pt-BR"},{"@type":"Organization","@id":"https:\/\/www.notibras.com\/site\/#organization","name":"Grupo Notibras de Comunica\u00e7\u00e3o","url":"https:\/\/www.notibras.com\/site\/","logo":{"@type":"ImageObject","inLanguage":"pt-BR","@id":"https:\/\/www.notibras.com\/site\/#\/schema\/logo\/image\/","url":"https:\/\/www.notibras.com\/site\/wp-content\/uploads\/2023\/01\/notibras23.png","contentUrl":"https:\/\/www.notibras.com\/site\/wp-content\/uploads\/2023\/01\/notibras23.png","width":350,"height":87,"caption":"Grupo Notibras de Comunica\u00e7\u00e3o"},"image":{"@id":"https:\/\/www.notibras.com\/site\/#\/schema\/logo\/image\/"},"sameAs":["https:\/\/www.facebook.com\/notibras\/","https:\/\/x.com\/Notibras","https:\/\/www.instagram.com\/notibras\/"]},{"@type":"Person","@id":"https:\/\/www.notibras.com\/site\/#\/schema\/person\/36ab0979449956132d3e5b517ea76ac8","name":"Reda\u00e7\u00e3o","image":{"@type":"ImageObject","inLanguage":"pt-BR","@id":"https:\/\/secure.gravatar.com\/avatar\/e0a867bdedb85fd243eadf09663511f96fc81e0720a4a42581f334ad4303aa6b?s=96&d=mm&r=g","url":"https:\/\/secure.gravatar.com\/avatar\/e0a867bdedb85fd243eadf09663511f96fc81e0720a4a42581f334ad4303aa6b?s=96&d=mm&r=g","contentUrl":"https:\/\/secure.gravatar.com\/avatar\/e0a867bdedb85fd243eadf09663511f96fc81e0720a4a42581f334ad4303aa6b?s=96&d=mm&r=g","caption":"Reda\u00e7\u00e3o"}}]}},"amp_enabled":true,"_links":{"self":[{"href":"https:\/\/www.notibras.com\/site\/wp-json\/wp\/v2\/posts\/7197","targetHints":{"allow":["GET"]}}],"collection":[{"href":"https:\/\/www.notibras.com\/site\/wp-json\/wp\/v2\/posts"}],"about":[{"href":"https:\/\/www.notibras.com\/site\/wp-json\/wp\/v2\/types\/post"}],"author":[{"embeddable":true,"href":"https:\/\/www.notibras.com\/site\/wp-json\/wp\/v2\/users\/2"}],"replies":[{"embeddable":true,"href":"https:\/\/www.notibras.com\/site\/wp-json\/wp\/v2\/comments?post=7197"}],"version-history":[{"count":0,"href":"https:\/\/www.notibras.com\/site\/wp-json\/wp\/v2\/posts\/7197\/revisions"}],"wp:featuredmedia":[{"embeddable":true,"href":"https:\/\/www.notibras.com\/site\/wp-json\/wp\/v2\/media\/7198"}],"wp:attachment":[{"href":"https:\/\/www.notibras.com\/site\/wp-json\/wp\/v2\/media?parent=7197"}],"wp:term":[{"taxonomy":"category","embeddable":true,"href":"https:\/\/www.notibras.com\/site\/wp-json\/wp\/v2\/categories?post=7197"},{"taxonomy":"post_tag","embeddable":true,"href":"https:\/\/www.notibras.com\/site\/wp-json\/wp\/v2\/tags?post=7197"}],"curies":[{"name":"wp","href":"https:\/\/api.w.org\/{rel}","templated":true}]}}