{"id":71998,"date":"2015-10-19T07:25:19","date_gmt":"2015-10-19T09:25:19","guid":{"rendered":"http:\/\/www.notibras.com\/site\/?p=71998"},"modified":"2015-10-19T18:16:52","modified_gmt":"2015-10-19T20:16:52","slug":"febre-do-virus-zika-prima-da-dengue-comeca-a-preocupar-autoridades-sanitarias","status":"publish","type":"post","link":"https:\/\/www.notibras.com\/site\/febre-do-virus-zika-prima-da-dengue-comeca-a-preocupar-autoridades-sanitarias\/","title":{"rendered":"Febre do V\u00edrus Zika, prima da dengue, come\u00e7a a preocupar as autoridades sanit\u00e1rias"},"content":{"rendered":"<p>Preocupado com os casos de Febre do V\u00edrus Zika, o Minist\u00e9rio da Sa\u00fade vai discutir com autoridades sanit\u00e1rias dos Estados e m\u00e9dicos especialistas uma estrat\u00e9gia para enfrentar e tratar a doen\u00e7a no Pa\u00eds. Embora n\u00e3o haja registros de complica\u00e7\u00f5es graves ou mortes, h\u00e1 fortes suspeitas da associa\u00e7\u00e3o entre a infec\u00e7\u00e3o, conhecida como prima da dengue, e a S\u00edndrome Guillain-Barr\u00e9, que provoca paralisia progressiva, iniciando pelos membros inferiores e podendo chegar ao pulm\u00e3o.<\/p>\n<p>&#8220;Houve um aumento importante nos casos dessa s\u00edndrome em Estados do Nordeste&#8221;, afirmou o diretor da Divis\u00e3o de Doen\u00e7as Transmiss\u00edveis do Minist\u00e9rio da Sa\u00fade, Cl\u00e1udio Maierovitch. O fen\u00f4meno coincidiu com a eleva\u00e7\u00e3o dos casos de Zika. Equipes de vigil\u00e2ncia tentam agora comprovar a correla\u00e7\u00e3o entre as duas doen\u00e7as.<\/p>\n<p>Os pacientes no Nordeste com a s\u00edndrome come\u00e7aram a apresentar os sintomas cerca de duas semanas depois de manifestar um quadro semelhante ao da Zika: febre baixa, dores de cabe\u00e7a, nos punhos e tornozelos, al\u00e9m de manchas pelo corpo. &#8220;No caso da s\u00edndrome, o tratamento \u00e9 mais delicado: exige interna\u00e7\u00e3o e pode durar per\u00edodos longos&#8221;, contou o diretor. A s\u00edndrome ocorre geralmente em pacientes que apresentaram infec\u00e7\u00f5es. &#8220;Pode acontecer at\u00e9 com um v\u00edrus da gripe&#8221;, disse.<\/p>\n<p>Depois de infec\u00e7\u00f5es agudas, aparentemente o organismo deixa de reconhecer as pr\u00f3prias c\u00e9lulas e passa a atac\u00e1-las. Os primeiros sintomas da s\u00edndrome s\u00e3o fraqueza e dorm\u00eancia. Se a paralisia chega aos pulm\u00f5es, \u00e9 necess\u00e1rio usar respiradores. Essas rea\u00e7\u00f5es, no entanto, s\u00e3o muito raras. &#8220;Foi isso que despertou a aten\u00e7\u00e3o. O problema, que era espor\u00e1dico, come\u00e7ou a se tornar um pouco mais frequente&#8221;, completou Maierovitch.<\/p>\n<p>A correla\u00e7\u00e3o entre o Zikav\u00edrus e a s\u00edndrome de Guillain-Barr\u00e9 j\u00e1 foi identificada em outros pa\u00edses que apresentam tamb\u00e9m a circula\u00e7\u00e3o simult\u00e2nea do v\u00edrus da dengue. Na Micron\u00e9sia, na Oceania, por exemplo, o n\u00famero de casos da s\u00edndrome saltou de 5 para 20 durante um surto de Zika.<\/p>\n<p>Na Bahia, foram pelo menos 76 casos suspeitos de Guillain-Barr\u00e9 e, em Pernambuco, 64. Al\u00e9m de protocolo para tratamento da doen\u00e7a, o Minist\u00e9rio quer alertar Estados para a necessidade de hospitais estarem atentos para um eventual aumento de demanda no atendimento.<\/p>\n<p>Entre as preocupa\u00e7\u00f5es est\u00e3o a r\u00e1pida identifica\u00e7\u00e3o e o encaminhamento para o tratamento. Uma reuni\u00e3o com coordenadores de Estados e com especialistas deve ser realizada at\u00e9 o in\u00edcio de novembro.<\/p>\n<p><b>Diagn\u00f3stico &#8211;\u00a0<\/b>Transmitida pelo Aedes aegypti, mosquito que \u00e9 vetor tamb\u00e9m da dengue e da Febre Chikungunya, a Febre Zika teve os primeiros casos confirmados no Brasil em fevereiro deste ano. N\u00e3o h\u00e1 um kit comercial para comprovar os casos da doen\u00e7a. Justamente por isso, o diagn\u00f3stico muitas vezes \u00e9 feito com base nos sintomas cl\u00ednicos. Somente parte dos pacientes apresenta manifesta\u00e7\u00f5es da infec\u00e7\u00e3o: 72% s\u00e3o assintom\u00e1ticos.<\/p>\n<p>Maierovitch afirmou que aten\u00e7\u00e3o especial ser\u00e1 dada tamb\u00e9m para Chikungunya. De janeiro a setembro deste ano foram identificados 12.170 casos da doen\u00e7a, nos Estados da Bahia, do Amap\u00e1, de Roraima e do Mato Grosso do Sul, al\u00e9m do Distrito Federal. &#8220;Embora os n\u00fameros tenham sido expressivos, est\u00e3o longe da explos\u00e3o epid\u00eamica vivida, por exemplo, em pa\u00edses da Am\u00e9rica Central nos anos de 2013 e 2014&#8243;, ponderou.<\/p>\n<p>Uma das justificativas para maior prote\u00e7\u00e3o seria o pr\u00f3prio comportamento do doente: como a doen\u00e7a \u00e9 mais incapacitante, h\u00e1 maior probabilidade de que pacientes fiquem em casa, recolhidos, expondo-se menos a picadas de mosquito e, consequentemente, reduzindo os riscos de prolifera\u00e7\u00e3o da doen\u00e7a&#8221;, contou o diretor.<\/p>\n<p><img loading=\"lazy\" decoding=\"async\" class=\"alignnone size-full wp-image-70065\" src=\"http:\/\/www.notibras.com\/site\/wp-content\/uploads\/2015\/10\/estadao.png\" alt=\"estadao\" width=\"99\" height=\"16\" \/><\/p>\n","protected":false},"excerpt":{"rendered":"<p>Preocupado com os casos de Febre do V\u00edrus Zika, o Minist\u00e9rio da Sa\u00fade vai discutir com autoridades sanit\u00e1rias dos Estados e m\u00e9dicos especialistas uma estrat\u00e9gia para enfrentar e tratar a doen\u00e7a no Pa\u00eds. Embora n\u00e3o haja registros de complica\u00e7\u00f5es graves ou mortes, h\u00e1 fortes suspeitas da associa\u00e7\u00e3o entre a infec\u00e7\u00e3o, conhecida como prima da dengue, [&hellip;]<\/p>\n","protected":false},"author":2,"featured_media":71999,"comment_status":"open","ping_status":"closed","sticky":false,"template":"","format":"standard","meta":{"_acf_changed":false,"footnotes":""},"categories":[16],"tags":[],"class_list":["post-71998","post","type-post","status-publish","format-standard","has-post-thumbnail","hentry","category-brasil"],"acf":[],"yoast_head":"<!-- This site is optimized with the Yoast SEO plugin v27.5 - https:\/\/yoast.com\/product\/yoast-seo-wordpress\/ -->\n<title>Febre do V\u00edrus Zika, prima da dengue, come\u00e7a a preocupar as autoridades sanit\u00e1rias - Notibras<\/title>\n<meta name=\"robots\" content=\"index, follow, max-snippet:-1, max-image-preview:large, max-video-preview:-1\" \/>\n<link rel=\"canonical\" href=\"https:\/\/www.notibras.com\/site\/febre-do-virus-zika-prima-da-dengue-comeca-a-preocupar-autoridades-sanitarias\/\" \/>\n<meta property=\"og:locale\" content=\"pt_BR\" \/>\n<meta property=\"og:type\" content=\"article\" \/>\n<meta property=\"og:title\" content=\"Febre do V\u00edrus Zika, prima da dengue, come\u00e7a a preocupar as autoridades sanit\u00e1rias - Notibras\" \/>\n<meta property=\"og:description\" content=\"Preocupado com os casos de Febre do V\u00edrus Zika, o Minist\u00e9rio da Sa\u00fade vai discutir com autoridades sanit\u00e1rias dos Estados e m\u00e9dicos especialistas uma estrat\u00e9gia para enfrentar e tratar a doen\u00e7a no Pa\u00eds. Embora n\u00e3o haja registros de complica\u00e7\u00f5es graves ou mortes, h\u00e1 fortes suspeitas da associa\u00e7\u00e3o entre a infec\u00e7\u00e3o, conhecida como prima da dengue, [&hellip;]\" \/>\n<meta property=\"og:url\" content=\"https:\/\/www.notibras.com\/site\/febre-do-virus-zika-prima-da-dengue-comeca-a-preocupar-autoridades-sanitarias\/\" \/>\n<meta property=\"og:site_name\" content=\"Notibras\" \/>\n<meta property=\"article:publisher\" content=\"https:\/\/www.facebook.com\/notibras\/\" \/>\n<meta property=\"article:published_time\" content=\"2015-10-19T09:25:19+00:00\" \/>\n<meta property=\"article:modified_time\" content=\"2015-10-19T20:16:52+00:00\" \/>\n<meta property=\"og:image\" content=\"https:\/\/www.notibras.com\/site\/wp-content\/uploads\/2015\/10\/zika.jpg\" \/>\n\t<meta property=\"og:image:width\" content=\"619\" \/>\n\t<meta property=\"og:image:height\" content=\"416\" \/>\n\t<meta property=\"og:image:type\" content=\"image\/jpeg\" \/>\n<meta name=\"author\" content=\"Reda\u00e7\u00e3o\" \/>\n<meta name=\"twitter:card\" content=\"summary_large_image\" \/>\n<meta name=\"twitter:creator\" content=\"@Notibras\" \/>\n<meta name=\"twitter:site\" content=\"@Notibras\" \/>\n<meta name=\"twitter:label1\" content=\"Escrito por\" \/>\n\t<meta name=\"twitter:data1\" content=\"Reda\u00e7\u00e3o\" \/>\n\t<meta name=\"twitter:label2\" content=\"Est. tempo de leitura\" \/>\n\t<meta name=\"twitter:data2\" content=\"3 minutos\" \/>\n<script type=\"application\/ld+json\" class=\"yoast-schema-graph\">{\"@context\":\"https:\\\/\\\/schema.org\",\"@graph\":[{\"@type\":\"Article\",\"@id\":\"https:\\\/\\\/www.notibras.com\\\/site\\\/febre-do-virus-zika-prima-da-dengue-comeca-a-preocupar-autoridades-sanitarias\\\/#article\",\"isPartOf\":{\"@id\":\"https:\\\/\\\/www.notibras.com\\\/site\\\/febre-do-virus-zika-prima-da-dengue-comeca-a-preocupar-autoridades-sanitarias\\\/\"},\"author\":{\"name\":\"Reda\u00e7\u00e3o\",\"@id\":\"https:\\\/\\\/www.notibras.com\\\/site\\\/#\\\/schema\\\/person\\\/36ab0979449956132d3e5b517ea76ac8\"},\"headline\":\"Febre do V\u00edrus Zika, prima da dengue, come\u00e7a a preocupar as autoridades sanit\u00e1rias\",\"datePublished\":\"2015-10-19T09:25:19+00:00\",\"dateModified\":\"2015-10-19T20:16:52+00:00\",\"mainEntityOfPage\":{\"@id\":\"https:\\\/\\\/www.notibras.com\\\/site\\\/febre-do-virus-zika-prima-da-dengue-comeca-a-preocupar-autoridades-sanitarias\\\/\"},\"wordCount\":656,\"commentCount\":0,\"publisher\":{\"@id\":\"https:\\\/\\\/www.notibras.com\\\/site\\\/#organization\"},\"image\":{\"@id\":\"https:\\\/\\\/www.notibras.com\\\/site\\\/febre-do-virus-zika-prima-da-dengue-comeca-a-preocupar-autoridades-sanitarias\\\/#primaryimage\"},\"thumbnailUrl\":\"https:\\\/\\\/www.notibras.com\\\/site\\\/wp-content\\\/uploads\\\/2015\\\/10\\\/zika.jpg\",\"articleSection\":[\"Brasil\"],\"inLanguage\":\"pt-BR\",\"potentialAction\":[{\"@type\":\"CommentAction\",\"name\":\"Comment\",\"target\":[\"https:\\\/\\\/www.notibras.com\\\/site\\\/febre-do-virus-zika-prima-da-dengue-comeca-a-preocupar-autoridades-sanitarias\\\/#respond\"]}]},{\"@type\":\"WebPage\",\"@id\":\"https:\\\/\\\/www.notibras.com\\\/site\\\/febre-do-virus-zika-prima-da-dengue-comeca-a-preocupar-autoridades-sanitarias\\\/\",\"url\":\"https:\\\/\\\/www.notibras.com\\\/site\\\/febre-do-virus-zika-prima-da-dengue-comeca-a-preocupar-autoridades-sanitarias\\\/\",\"name\":\"Febre do V\u00edrus Zika, prima da dengue, come\u00e7a a preocupar as autoridades sanit\u00e1rias - Notibras\",\"isPartOf\":{\"@id\":\"https:\\\/\\\/www.notibras.com\\\/site\\\/#website\"},\"primaryImageOfPage\":{\"@id\":\"https:\\\/\\\/www.notibras.com\\\/site\\\/febre-do-virus-zika-prima-da-dengue-comeca-a-preocupar-autoridades-sanitarias\\\/#primaryimage\"},\"image\":{\"@id\":\"https:\\\/\\\/www.notibras.com\\\/site\\\/febre-do-virus-zika-prima-da-dengue-comeca-a-preocupar-autoridades-sanitarias\\\/#primaryimage\"},\"thumbnailUrl\":\"https:\\\/\\\/www.notibras.com\\\/site\\\/wp-content\\\/uploads\\\/2015\\\/10\\\/zika.jpg\",\"datePublished\":\"2015-10-19T09:25:19+00:00\",\"dateModified\":\"2015-10-19T20:16:52+00:00\",\"breadcrumb\":{\"@id\":\"https:\\\/\\\/www.notibras.com\\\/site\\\/febre-do-virus-zika-prima-da-dengue-comeca-a-preocupar-autoridades-sanitarias\\\/#breadcrumb\"},\"inLanguage\":\"pt-BR\",\"potentialAction\":[{\"@type\":\"ReadAction\",\"target\":[\"https:\\\/\\\/www.notibras.com\\\/site\\\/febre-do-virus-zika-prima-da-dengue-comeca-a-preocupar-autoridades-sanitarias\\\/\"]}]},{\"@type\":\"ImageObject\",\"inLanguage\":\"pt-BR\",\"@id\":\"https:\\\/\\\/www.notibras.com\\\/site\\\/febre-do-virus-zika-prima-da-dengue-comeca-a-preocupar-autoridades-sanitarias\\\/#primaryimage\",\"url\":\"https:\\\/\\\/www.notibras.com\\\/site\\\/wp-content\\\/uploads\\\/2015\\\/10\\\/zika.jpg\",\"contentUrl\":\"https:\\\/\\\/www.notibras.com\\\/site\\\/wp-content\\\/uploads\\\/2015\\\/10\\\/zika.jpg\",\"width\":619,\"height\":416},{\"@type\":\"BreadcrumbList\",\"@id\":\"https:\\\/\\\/www.notibras.com\\\/site\\\/febre-do-virus-zika-prima-da-dengue-comeca-a-preocupar-autoridades-sanitarias\\\/#breadcrumb\",\"itemListElement\":[{\"@type\":\"ListItem\",\"position\":1,\"name\":\"In\u00edcio\",\"item\":\"https:\\\/\\\/www.notibras.com\\\/site\\\/\"},{\"@type\":\"ListItem\",\"position\":2,\"name\":\"Febre do V\u00edrus Zika, prima da dengue, come\u00e7a a preocupar as autoridades sanit\u00e1rias\"}]},{\"@type\":\"WebSite\",\"@id\":\"https:\\\/\\\/www.notibras.com\\\/site\\\/#website\",\"url\":\"https:\\\/\\\/www.notibras.com\\\/site\\\/\",\"name\":\"Notibras\",\"description\":\"Not\u00edcias de Bras\u00edlia, do Brasil e do Mundo\",\"publisher\":{\"@id\":\"https:\\\/\\\/www.notibras.com\\\/site\\\/#organization\"},\"potentialAction\":[{\"@type\":\"SearchAction\",\"target\":{\"@type\":\"EntryPoint\",\"urlTemplate\":\"https:\\\/\\\/www.notibras.com\\\/site\\\/?s={search_term_string}\"},\"query-input\":{\"@type\":\"PropertyValueSpecification\",\"valueRequired\":true,\"valueName\":\"search_term_string\"}}],\"inLanguage\":\"pt-BR\"},{\"@type\":\"Organization\",\"@id\":\"https:\\\/\\\/www.notibras.com\\\/site\\\/#organization\",\"name\":\"Grupo Notibras de Comunica\u00e7\u00e3o\",\"url\":\"https:\\\/\\\/www.notibras.com\\\/site\\\/\",\"logo\":{\"@type\":\"ImageObject\",\"inLanguage\":\"pt-BR\",\"@id\":\"https:\\\/\\\/www.notibras.com\\\/site\\\/#\\\/schema\\\/logo\\\/image\\\/\",\"url\":\"https:\\\/\\\/www.notibras.com\\\/site\\\/wp-content\\\/uploads\\\/2023\\\/01\\\/notibras23.png\",\"contentUrl\":\"https:\\\/\\\/www.notibras.com\\\/site\\\/wp-content\\\/uploads\\\/2023\\\/01\\\/notibras23.png\",\"width\":350,\"height\":87,\"caption\":\"Grupo Notibras de Comunica\u00e7\u00e3o\"},\"image\":{\"@id\":\"https:\\\/\\\/www.notibras.com\\\/site\\\/#\\\/schema\\\/logo\\\/image\\\/\"},\"sameAs\":[\"https:\\\/\\\/www.facebook.com\\\/notibras\\\/\",\"https:\\\/\\\/x.com\\\/Notibras\",\"https:\\\/\\\/www.instagram.com\\\/notibras\\\/\"]},{\"@type\":\"Person\",\"@id\":\"https:\\\/\\\/www.notibras.com\\\/site\\\/#\\\/schema\\\/person\\\/36ab0979449956132d3e5b517ea76ac8\",\"name\":\"Reda\u00e7\u00e3o\",\"image\":{\"@type\":\"ImageObject\",\"inLanguage\":\"pt-BR\",\"@id\":\"https:\\\/\\\/secure.gravatar.com\\\/avatar\\\/e0a867bdedb85fd243eadf09663511f96fc81e0720a4a42581f334ad4303aa6b?s=96&d=mm&r=g\",\"url\":\"https:\\\/\\\/secure.gravatar.com\\\/avatar\\\/e0a867bdedb85fd243eadf09663511f96fc81e0720a4a42581f334ad4303aa6b?s=96&d=mm&r=g\",\"contentUrl\":\"https:\\\/\\\/secure.gravatar.com\\\/avatar\\\/e0a867bdedb85fd243eadf09663511f96fc81e0720a4a42581f334ad4303aa6b?s=96&d=mm&r=g\",\"caption\":\"Reda\u00e7\u00e3o\"}}]}<\/script>\n<!-- \/ Yoast SEO plugin. -->","yoast_head_json":{"title":"Febre do V\u00edrus Zika, prima da dengue, come\u00e7a a preocupar as autoridades sanit\u00e1rias - Notibras","robots":{"index":"index","follow":"follow","max-snippet":"max-snippet:-1","max-image-preview":"max-image-preview:large","max-video-preview":"max-video-preview:-1"},"canonical":"https:\/\/www.notibras.com\/site\/febre-do-virus-zika-prima-da-dengue-comeca-a-preocupar-autoridades-sanitarias\/","og_locale":"pt_BR","og_type":"article","og_title":"Febre do V\u00edrus Zika, prima da dengue, come\u00e7a a preocupar as autoridades sanit\u00e1rias - Notibras","og_description":"Preocupado com os casos de Febre do V\u00edrus Zika, o Minist\u00e9rio da Sa\u00fade vai discutir com autoridades sanit\u00e1rias dos Estados e m\u00e9dicos especialistas uma estrat\u00e9gia para enfrentar e tratar a doen\u00e7a no Pa\u00eds. Embora n\u00e3o haja registros de complica\u00e7\u00f5es graves ou mortes, h\u00e1 fortes suspeitas da associa\u00e7\u00e3o entre a infec\u00e7\u00e3o, conhecida como prima da dengue, [&hellip;]","og_url":"https:\/\/www.notibras.com\/site\/febre-do-virus-zika-prima-da-dengue-comeca-a-preocupar-autoridades-sanitarias\/","og_site_name":"Notibras","article_publisher":"https:\/\/www.facebook.com\/notibras\/","article_published_time":"2015-10-19T09:25:19+00:00","article_modified_time":"2015-10-19T20:16:52+00:00","og_image":[{"width":619,"height":416,"url":"https:\/\/www.notibras.com\/site\/wp-content\/uploads\/2015\/10\/zika.jpg","type":"image\/jpeg"}],"author":"Reda\u00e7\u00e3o","twitter_card":"summary_large_image","twitter_creator":"@Notibras","twitter_site":"@Notibras","twitter_misc":{"Escrito por":"Reda\u00e7\u00e3o","Est. tempo de leitura":"3 minutos"},"schema":{"@context":"https:\/\/schema.org","@graph":[{"@type":"Article","@id":"https:\/\/www.notibras.com\/site\/febre-do-virus-zika-prima-da-dengue-comeca-a-preocupar-autoridades-sanitarias\/#article","isPartOf":{"@id":"https:\/\/www.notibras.com\/site\/febre-do-virus-zika-prima-da-dengue-comeca-a-preocupar-autoridades-sanitarias\/"},"author":{"name":"Reda\u00e7\u00e3o","@id":"https:\/\/www.notibras.com\/site\/#\/schema\/person\/36ab0979449956132d3e5b517ea76ac8"},"headline":"Febre do V\u00edrus Zika, prima da dengue, come\u00e7a a preocupar as autoridades sanit\u00e1rias","datePublished":"2015-10-19T09:25:19+00:00","dateModified":"2015-10-19T20:16:52+00:00","mainEntityOfPage":{"@id":"https:\/\/www.notibras.com\/site\/febre-do-virus-zika-prima-da-dengue-comeca-a-preocupar-autoridades-sanitarias\/"},"wordCount":656,"commentCount":0,"publisher":{"@id":"https:\/\/www.notibras.com\/site\/#organization"},"image":{"@id":"https:\/\/www.notibras.com\/site\/febre-do-virus-zika-prima-da-dengue-comeca-a-preocupar-autoridades-sanitarias\/#primaryimage"},"thumbnailUrl":"https:\/\/www.notibras.com\/site\/wp-content\/uploads\/2015\/10\/zika.jpg","articleSection":["Brasil"],"inLanguage":"pt-BR","potentialAction":[{"@type":"CommentAction","name":"Comment","target":["https:\/\/www.notibras.com\/site\/febre-do-virus-zika-prima-da-dengue-comeca-a-preocupar-autoridades-sanitarias\/#respond"]}]},{"@type":"WebPage","@id":"https:\/\/www.notibras.com\/site\/febre-do-virus-zika-prima-da-dengue-comeca-a-preocupar-autoridades-sanitarias\/","url":"https:\/\/www.notibras.com\/site\/febre-do-virus-zika-prima-da-dengue-comeca-a-preocupar-autoridades-sanitarias\/","name":"Febre do V\u00edrus Zika, prima da dengue, come\u00e7a a preocupar as autoridades sanit\u00e1rias - Notibras","isPartOf":{"@id":"https:\/\/www.notibras.com\/site\/#website"},"primaryImageOfPage":{"@id":"https:\/\/www.notibras.com\/site\/febre-do-virus-zika-prima-da-dengue-comeca-a-preocupar-autoridades-sanitarias\/#primaryimage"},"image":{"@id":"https:\/\/www.notibras.com\/site\/febre-do-virus-zika-prima-da-dengue-comeca-a-preocupar-autoridades-sanitarias\/#primaryimage"},"thumbnailUrl":"https:\/\/www.notibras.com\/site\/wp-content\/uploads\/2015\/10\/zika.jpg","datePublished":"2015-10-19T09:25:19+00:00","dateModified":"2015-10-19T20:16:52+00:00","breadcrumb":{"@id":"https:\/\/www.notibras.com\/site\/febre-do-virus-zika-prima-da-dengue-comeca-a-preocupar-autoridades-sanitarias\/#breadcrumb"},"inLanguage":"pt-BR","potentialAction":[{"@type":"ReadAction","target":["https:\/\/www.notibras.com\/site\/febre-do-virus-zika-prima-da-dengue-comeca-a-preocupar-autoridades-sanitarias\/"]}]},{"@type":"ImageObject","inLanguage":"pt-BR","@id":"https:\/\/www.notibras.com\/site\/febre-do-virus-zika-prima-da-dengue-comeca-a-preocupar-autoridades-sanitarias\/#primaryimage","url":"https:\/\/www.notibras.com\/site\/wp-content\/uploads\/2015\/10\/zika.jpg","contentUrl":"https:\/\/www.notibras.com\/site\/wp-content\/uploads\/2015\/10\/zika.jpg","width":619,"height":416},{"@type":"BreadcrumbList","@id":"https:\/\/www.notibras.com\/site\/febre-do-virus-zika-prima-da-dengue-comeca-a-preocupar-autoridades-sanitarias\/#breadcrumb","itemListElement":[{"@type":"ListItem","position":1,"name":"In\u00edcio","item":"https:\/\/www.notibras.com\/site\/"},{"@type":"ListItem","position":2,"name":"Febre do V\u00edrus Zika, prima da dengue, come\u00e7a a preocupar as autoridades sanit\u00e1rias"}]},{"@type":"WebSite","@id":"https:\/\/www.notibras.com\/site\/#website","url":"https:\/\/www.notibras.com\/site\/","name":"Notibras","description":"Not\u00edcias de Bras\u00edlia, do Brasil e do Mundo","publisher":{"@id":"https:\/\/www.notibras.com\/site\/#organization"},"potentialAction":[{"@type":"SearchAction","target":{"@type":"EntryPoint","urlTemplate":"https:\/\/www.notibras.com\/site\/?s={search_term_string}"},"query-input":{"@type":"PropertyValueSpecification","valueRequired":true,"valueName":"search_term_string"}}],"inLanguage":"pt-BR"},{"@type":"Organization","@id":"https:\/\/www.notibras.com\/site\/#organization","name":"Grupo Notibras de Comunica\u00e7\u00e3o","url":"https:\/\/www.notibras.com\/site\/","logo":{"@type":"ImageObject","inLanguage":"pt-BR","@id":"https:\/\/www.notibras.com\/site\/#\/schema\/logo\/image\/","url":"https:\/\/www.notibras.com\/site\/wp-content\/uploads\/2023\/01\/notibras23.png","contentUrl":"https:\/\/www.notibras.com\/site\/wp-content\/uploads\/2023\/01\/notibras23.png","width":350,"height":87,"caption":"Grupo Notibras de Comunica\u00e7\u00e3o"},"image":{"@id":"https:\/\/www.notibras.com\/site\/#\/schema\/logo\/image\/"},"sameAs":["https:\/\/www.facebook.com\/notibras\/","https:\/\/x.com\/Notibras","https:\/\/www.instagram.com\/notibras\/"]},{"@type":"Person","@id":"https:\/\/www.notibras.com\/site\/#\/schema\/person\/36ab0979449956132d3e5b517ea76ac8","name":"Reda\u00e7\u00e3o","image":{"@type":"ImageObject","inLanguage":"pt-BR","@id":"https:\/\/secure.gravatar.com\/avatar\/e0a867bdedb85fd243eadf09663511f96fc81e0720a4a42581f334ad4303aa6b?s=96&d=mm&r=g","url":"https:\/\/secure.gravatar.com\/avatar\/e0a867bdedb85fd243eadf09663511f96fc81e0720a4a42581f334ad4303aa6b?s=96&d=mm&r=g","contentUrl":"https:\/\/secure.gravatar.com\/avatar\/e0a867bdedb85fd243eadf09663511f96fc81e0720a4a42581f334ad4303aa6b?s=96&d=mm&r=g","caption":"Reda\u00e7\u00e3o"}}]}},"amp_enabled":true,"_links":{"self":[{"href":"https:\/\/www.notibras.com\/site\/wp-json\/wp\/v2\/posts\/71998","targetHints":{"allow":["GET"]}}],"collection":[{"href":"https:\/\/www.notibras.com\/site\/wp-json\/wp\/v2\/posts"}],"about":[{"href":"https:\/\/www.notibras.com\/site\/wp-json\/wp\/v2\/types\/post"}],"author":[{"embeddable":true,"href":"https:\/\/www.notibras.com\/site\/wp-json\/wp\/v2\/users\/2"}],"replies":[{"embeddable":true,"href":"https:\/\/www.notibras.com\/site\/wp-json\/wp\/v2\/comments?post=71998"}],"version-history":[{"count":2,"href":"https:\/\/www.notibras.com\/site\/wp-json\/wp\/v2\/posts\/71998\/revisions"}],"predecessor-version":[{"id":72001,"href":"https:\/\/www.notibras.com\/site\/wp-json\/wp\/v2\/posts\/71998\/revisions\/72001"}],"wp:featuredmedia":[{"embeddable":true,"href":"https:\/\/www.notibras.com\/site\/wp-json\/wp\/v2\/media\/71999"}],"wp:attachment":[{"href":"https:\/\/www.notibras.com\/site\/wp-json\/wp\/v2\/media?parent=71998"}],"wp:term":[{"taxonomy":"category","embeddable":true,"href":"https:\/\/www.notibras.com\/site\/wp-json\/wp\/v2\/categories?post=71998"},{"taxonomy":"post_tag","embeddable":true,"href":"https:\/\/www.notibras.com\/site\/wp-json\/wp\/v2\/tags?post=71998"}],"curies":[{"name":"wp","href":"https:\/\/api.w.org\/{rel}","templated":true}]}}