{"id":72025,"date":"2015-10-19T13:05:46","date_gmt":"2015-10-19T15:05:46","guid":{"rendered":"http:\/\/www.notibras.com\/site\/?p=72025"},"modified":"2015-10-19T16:36:41","modified_gmt":"2015-10-19T18:36:41","slug":"lula-avacalha-o-governo-dilma-diz-ciro-da-para-entender-isso","status":"publish","type":"post","link":"https:\/\/www.notibras.com\/site\/lula-avacalha-o-governo-dilma-diz-ciro-da-para-entender-isso\/","title":{"rendered":"Lula manda muito e avacalha o governo Dilma, diz Ciro. D\u00e1 para entender isso direito?"},"content":{"rendered":"<div id=\"Corpo\">\n<p>O ex-ministro da Fazenda e ex-governador do Cear\u00e1 Ciro Gomes, criticou em Fortaleza, o ex-presidente Luiz In\u00e1cio Lula da Silva por sugerir a demiss\u00e3o do ministro da Fazenda, Joaquim Levy.<\/p>\n<p>&#8220;N\u00e3o posso concordar \u00e9 com o jeito que o Lula est\u00e1 fazendo as coisas. Hoje ele \u00e9 uma figura perniciosa ao Brasil. Ningu\u00e9m pode sugerir demiss\u00e3o de ministro a presidente da Rep\u00fablica pelos jornais. Isso avacalha a autoridade da Dilma, que j\u00e1 \u00e9 quase nenhuma&#8221;, disse Ciro ao jornal O Estado de S. Paulo ap\u00f3s a Conven\u00e7\u00e3o do PDT cearense &#8211; partido ao qual se filiou recentemente.<\/p>\n<p>Segundo, ele, &#8220;boa parte da destrui\u00e7\u00e3o da autoridade da presidente parte dessa tutoria p\u00fablica descabida do Lula&#8221;. Para o ex-ministro, &#8220;Lula tem que voltar para uma posi\u00e7\u00e3o de recato&#8221;<\/p>\n<p>Ciro, contudo, fez cr\u00edticas \u00e0 condu\u00e7\u00e3o da atual pol\u00edtica econ\u00f4mica. &#8220;A economia brasileira est\u00e1 basicamente administrada no rumo estrat\u00e9gico errado&#8221;, afirmou. &#8220;Simplesmente, o povo inteiro est\u00e1 perdendo para a infla\u00e7\u00e3o&#8221;, disse.<\/p>\n<p><img loading=\"lazy\" decoding=\"async\" class=\"alignnone size-full wp-image-70065\" src=\"http:\/\/www.notibras.com\/site\/wp-content\/uploads\/2015\/10\/estadao.png\" alt=\"estadao\" width=\"99\" height=\"16\" \/><\/p>\n<\/div>\n<p>&nbsp;<\/p>\n","protected":false},"excerpt":{"rendered":"<p>O ex-ministro da Fazenda e ex-governador do Cear\u00e1 Ciro Gomes, criticou em Fortaleza, o ex-presidente Luiz In\u00e1cio Lula da Silva por sugerir a demiss\u00e3o do ministro da Fazenda, Joaquim Levy. &#8220;N\u00e3o posso concordar \u00e9 com o jeito que o Lula est\u00e1 fazendo as coisas. Hoje ele \u00e9 uma figura perniciosa ao Brasil. Ningu\u00e9m pode sugerir [&hellip;]<\/p>\n","protected":false},"author":2,"featured_media":72026,"comment_status":"open","ping_status":"closed","sticky":false,"template":"","format":"standard","meta":{"_acf_changed":false,"footnotes":""},"categories":[16],"tags":[],"class_list":["post-72025","post","type-post","status-publish","format-standard","has-post-thumbnail","hentry","category-brasil"],"acf":[],"yoast_head":"<!-- This site is optimized with the Yoast SEO plugin v27.5 - https:\/\/yoast.com\/product\/yoast-seo-wordpress\/ -->\n<title>Lula manda muito e avacalha o governo Dilma, diz Ciro. D\u00e1 para entender isso direito? - Notibras<\/title>\n<meta name=\"robots\" content=\"index, follow, max-snippet:-1, max-image-preview:large, max-video-preview:-1\" \/>\n<link rel=\"canonical\" href=\"https:\/\/www.notibras.com\/site\/lula-avacalha-o-governo-dilma-diz-ciro-da-para-entender-isso\/\" \/>\n<meta property=\"og:locale\" content=\"pt_BR\" \/>\n<meta property=\"og:type\" content=\"article\" \/>\n<meta property=\"og:title\" content=\"Lula manda muito e avacalha o governo Dilma, diz Ciro. D\u00e1 para entender isso direito? - Notibras\" \/>\n<meta property=\"og:description\" content=\"O ex-ministro da Fazenda e ex-governador do Cear\u00e1 Ciro Gomes, criticou em Fortaleza, o ex-presidente Luiz In\u00e1cio Lula da Silva por sugerir a demiss\u00e3o do ministro da Fazenda, Joaquim Levy. &#8220;N\u00e3o posso concordar \u00e9 com o jeito que o Lula est\u00e1 fazendo as coisas. Hoje ele \u00e9 uma figura perniciosa ao Brasil. Ningu\u00e9m pode sugerir [&hellip;]\" \/>\n<meta property=\"og:url\" content=\"https:\/\/www.notibras.com\/site\/lula-avacalha-o-governo-dilma-diz-ciro-da-para-entender-isso\/\" \/>\n<meta property=\"og:site_name\" content=\"Notibras\" \/>\n<meta property=\"article:publisher\" content=\"https:\/\/www.facebook.com\/notibras\/\" \/>\n<meta property=\"article:published_time\" content=\"2015-10-19T15:05:46+00:00\" \/>\n<meta property=\"article:modified_time\" content=\"2015-10-19T18:36:41+00:00\" \/>\n<meta property=\"og:image\" content=\"https:\/\/www.notibras.com\/site\/wp-content\/uploads\/2015\/10\/ciroelula.jpg\" \/>\n\t<meta property=\"og:image:width\" content=\"620\" \/>\n\t<meta property=\"og:image:height\" content=\"413\" \/>\n\t<meta property=\"og:image:type\" content=\"image\/jpeg\" \/>\n<meta name=\"author\" content=\"Reda\u00e7\u00e3o\" \/>\n<meta name=\"twitter:card\" content=\"summary_large_image\" \/>\n<meta name=\"twitter:creator\" content=\"@Notibras\" \/>\n<meta name=\"twitter:site\" content=\"@Notibras\" \/>\n<meta name=\"twitter:label1\" content=\"Escrito por\" \/>\n\t<meta name=\"twitter:data1\" content=\"Reda\u00e7\u00e3o\" \/>\n\t<meta name=\"twitter:label2\" content=\"Est. tempo de leitura\" \/>\n\t<meta name=\"twitter:data2\" content=\"1 minuto\" \/>\n<script type=\"application\/ld+json\" class=\"yoast-schema-graph\">{\"@context\":\"https:\\\/\\\/schema.org\",\"@graph\":[{\"@type\":\"Article\",\"@id\":\"https:\\\/\\\/www.notibras.com\\\/site\\\/lula-avacalha-o-governo-dilma-diz-ciro-da-para-entender-isso\\\/#article\",\"isPartOf\":{\"@id\":\"https:\\\/\\\/www.notibras.com\\\/site\\\/lula-avacalha-o-governo-dilma-diz-ciro-da-para-entender-isso\\\/\"},\"author\":{\"name\":\"Reda\u00e7\u00e3o\",\"@id\":\"https:\\\/\\\/www.notibras.com\\\/site\\\/#\\\/schema\\\/person\\\/36ab0979449956132d3e5b517ea76ac8\"},\"headline\":\"Lula manda muito e avacalha o governo Dilma, diz Ciro. D\u00e1 para entender isso direito?\",\"datePublished\":\"2015-10-19T15:05:46+00:00\",\"dateModified\":\"2015-10-19T18:36:41+00:00\",\"mainEntityOfPage\":{\"@id\":\"https:\\\/\\\/www.notibras.com\\\/site\\\/lula-avacalha-o-governo-dilma-diz-ciro-da-para-entender-isso\\\/\"},\"wordCount\":186,\"commentCount\":0,\"publisher\":{\"@id\":\"https:\\\/\\\/www.notibras.com\\\/site\\\/#organization\"},\"image\":{\"@id\":\"https:\\\/\\\/www.notibras.com\\\/site\\\/lula-avacalha-o-governo-dilma-diz-ciro-da-para-entender-isso\\\/#primaryimage\"},\"thumbnailUrl\":\"https:\\\/\\\/www.notibras.com\\\/site\\\/wp-content\\\/uploads\\\/2015\\\/10\\\/ciroelula.jpg\",\"articleSection\":[\"Brasil\"],\"inLanguage\":\"pt-BR\",\"potentialAction\":[{\"@type\":\"CommentAction\",\"name\":\"Comment\",\"target\":[\"https:\\\/\\\/www.notibras.com\\\/site\\\/lula-avacalha-o-governo-dilma-diz-ciro-da-para-entender-isso\\\/#respond\"]}]},{\"@type\":\"WebPage\",\"@id\":\"https:\\\/\\\/www.notibras.com\\\/site\\\/lula-avacalha-o-governo-dilma-diz-ciro-da-para-entender-isso\\\/\",\"url\":\"https:\\\/\\\/www.notibras.com\\\/site\\\/lula-avacalha-o-governo-dilma-diz-ciro-da-para-entender-isso\\\/\",\"name\":\"Lula manda muito e avacalha o governo Dilma, diz Ciro. D\u00e1 para entender isso direito? - Notibras\",\"isPartOf\":{\"@id\":\"https:\\\/\\\/www.notibras.com\\\/site\\\/#website\"},\"primaryImageOfPage\":{\"@id\":\"https:\\\/\\\/www.notibras.com\\\/site\\\/lula-avacalha-o-governo-dilma-diz-ciro-da-para-entender-isso\\\/#primaryimage\"},\"image\":{\"@id\":\"https:\\\/\\\/www.notibras.com\\\/site\\\/lula-avacalha-o-governo-dilma-diz-ciro-da-para-entender-isso\\\/#primaryimage\"},\"thumbnailUrl\":\"https:\\\/\\\/www.notibras.com\\\/site\\\/wp-content\\\/uploads\\\/2015\\\/10\\\/ciroelula.jpg\",\"datePublished\":\"2015-10-19T15:05:46+00:00\",\"dateModified\":\"2015-10-19T18:36:41+00:00\",\"breadcrumb\":{\"@id\":\"https:\\\/\\\/www.notibras.com\\\/site\\\/lula-avacalha-o-governo-dilma-diz-ciro-da-para-entender-isso\\\/#breadcrumb\"},\"inLanguage\":\"pt-BR\",\"potentialAction\":[{\"@type\":\"ReadAction\",\"target\":[\"https:\\\/\\\/www.notibras.com\\\/site\\\/lula-avacalha-o-governo-dilma-diz-ciro-da-para-entender-isso\\\/\"]}]},{\"@type\":\"ImageObject\",\"inLanguage\":\"pt-BR\",\"@id\":\"https:\\\/\\\/www.notibras.com\\\/site\\\/lula-avacalha-o-governo-dilma-diz-ciro-da-para-entender-isso\\\/#primaryimage\",\"url\":\"https:\\\/\\\/www.notibras.com\\\/site\\\/wp-content\\\/uploads\\\/2015\\\/10\\\/ciroelula.jpg\",\"contentUrl\":\"https:\\\/\\\/www.notibras.com\\\/site\\\/wp-content\\\/uploads\\\/2015\\\/10\\\/ciroelula.jpg\",\"width\":620,\"height\":413},{\"@type\":\"BreadcrumbList\",\"@id\":\"https:\\\/\\\/www.notibras.com\\\/site\\\/lula-avacalha-o-governo-dilma-diz-ciro-da-para-entender-isso\\\/#breadcrumb\",\"itemListElement\":[{\"@type\":\"ListItem\",\"position\":1,\"name\":\"In\u00edcio\",\"item\":\"https:\\\/\\\/www.notibras.com\\\/site\\\/\"},{\"@type\":\"ListItem\",\"position\":2,\"name\":\"Lula manda muito e avacalha o governo Dilma, diz Ciro. D\u00e1 para entender isso direito?\"}]},{\"@type\":\"WebSite\",\"@id\":\"https:\\\/\\\/www.notibras.com\\\/site\\\/#website\",\"url\":\"https:\\\/\\\/www.notibras.com\\\/site\\\/\",\"name\":\"Notibras\",\"description\":\"Not\u00edcias de Bras\u00edlia, do Brasil e do Mundo\",\"publisher\":{\"@id\":\"https:\\\/\\\/www.notibras.com\\\/site\\\/#organization\"},\"potentialAction\":[{\"@type\":\"SearchAction\",\"target\":{\"@type\":\"EntryPoint\",\"urlTemplate\":\"https:\\\/\\\/www.notibras.com\\\/site\\\/?s={search_term_string}\"},\"query-input\":{\"@type\":\"PropertyValueSpecification\",\"valueRequired\":true,\"valueName\":\"search_term_string\"}}],\"inLanguage\":\"pt-BR\"},{\"@type\":\"Organization\",\"@id\":\"https:\\\/\\\/www.notibras.com\\\/site\\\/#organization\",\"name\":\"Grupo Notibras de Comunica\u00e7\u00e3o\",\"url\":\"https:\\\/\\\/www.notibras.com\\\/site\\\/\",\"logo\":{\"@type\":\"ImageObject\",\"inLanguage\":\"pt-BR\",\"@id\":\"https:\\\/\\\/www.notibras.com\\\/site\\\/#\\\/schema\\\/logo\\\/image\\\/\",\"url\":\"https:\\\/\\\/www.notibras.com\\\/site\\\/wp-content\\\/uploads\\\/2023\\\/01\\\/notibras23.png\",\"contentUrl\":\"https:\\\/\\\/www.notibras.com\\\/site\\\/wp-content\\\/uploads\\\/2023\\\/01\\\/notibras23.png\",\"width\":350,\"height\":87,\"caption\":\"Grupo Notibras de Comunica\u00e7\u00e3o\"},\"image\":{\"@id\":\"https:\\\/\\\/www.notibras.com\\\/site\\\/#\\\/schema\\\/logo\\\/image\\\/\"},\"sameAs\":[\"https:\\\/\\\/www.facebook.com\\\/notibras\\\/\",\"https:\\\/\\\/x.com\\\/Notibras\",\"https:\\\/\\\/www.instagram.com\\\/notibras\\\/\"]},{\"@type\":\"Person\",\"@id\":\"https:\\\/\\\/www.notibras.com\\\/site\\\/#\\\/schema\\\/person\\\/36ab0979449956132d3e5b517ea76ac8\",\"name\":\"Reda\u00e7\u00e3o\",\"image\":{\"@type\":\"ImageObject\",\"inLanguage\":\"pt-BR\",\"@id\":\"https:\\\/\\\/secure.gravatar.com\\\/avatar\\\/e0a867bdedb85fd243eadf09663511f96fc81e0720a4a42581f334ad4303aa6b?s=96&d=mm&r=g\",\"url\":\"https:\\\/\\\/secure.gravatar.com\\\/avatar\\\/e0a867bdedb85fd243eadf09663511f96fc81e0720a4a42581f334ad4303aa6b?s=96&d=mm&r=g\",\"contentUrl\":\"https:\\\/\\\/secure.gravatar.com\\\/avatar\\\/e0a867bdedb85fd243eadf09663511f96fc81e0720a4a42581f334ad4303aa6b?s=96&d=mm&r=g\",\"caption\":\"Reda\u00e7\u00e3o\"}}]}<\/script>\n<!-- \/ Yoast SEO plugin. -->","yoast_head_json":{"title":"Lula manda muito e avacalha o governo Dilma, diz Ciro. D\u00e1 para entender isso direito? - Notibras","robots":{"index":"index","follow":"follow","max-snippet":"max-snippet:-1","max-image-preview":"max-image-preview:large","max-video-preview":"max-video-preview:-1"},"canonical":"https:\/\/www.notibras.com\/site\/lula-avacalha-o-governo-dilma-diz-ciro-da-para-entender-isso\/","og_locale":"pt_BR","og_type":"article","og_title":"Lula manda muito e avacalha o governo Dilma, diz Ciro. D\u00e1 para entender isso direito? - Notibras","og_description":"O ex-ministro da Fazenda e ex-governador do Cear\u00e1 Ciro Gomes, criticou em Fortaleza, o ex-presidente Luiz In\u00e1cio Lula da Silva por sugerir a demiss\u00e3o do ministro da Fazenda, Joaquim Levy. &#8220;N\u00e3o posso concordar \u00e9 com o jeito que o Lula est\u00e1 fazendo as coisas. Hoje ele \u00e9 uma figura perniciosa ao Brasil. Ningu\u00e9m pode sugerir [&hellip;]","og_url":"https:\/\/www.notibras.com\/site\/lula-avacalha-o-governo-dilma-diz-ciro-da-para-entender-isso\/","og_site_name":"Notibras","article_publisher":"https:\/\/www.facebook.com\/notibras\/","article_published_time":"2015-10-19T15:05:46+00:00","article_modified_time":"2015-10-19T18:36:41+00:00","og_image":[{"width":620,"height":413,"url":"https:\/\/www.notibras.com\/site\/wp-content\/uploads\/2015\/10\/ciroelula.jpg","type":"image\/jpeg"}],"author":"Reda\u00e7\u00e3o","twitter_card":"summary_large_image","twitter_creator":"@Notibras","twitter_site":"@Notibras","twitter_misc":{"Escrito por":"Reda\u00e7\u00e3o","Est. tempo de leitura":"1 minuto"},"schema":{"@context":"https:\/\/schema.org","@graph":[{"@type":"Article","@id":"https:\/\/www.notibras.com\/site\/lula-avacalha-o-governo-dilma-diz-ciro-da-para-entender-isso\/#article","isPartOf":{"@id":"https:\/\/www.notibras.com\/site\/lula-avacalha-o-governo-dilma-diz-ciro-da-para-entender-isso\/"},"author":{"name":"Reda\u00e7\u00e3o","@id":"https:\/\/www.notibras.com\/site\/#\/schema\/person\/36ab0979449956132d3e5b517ea76ac8"},"headline":"Lula manda muito e avacalha o governo Dilma, diz Ciro. D\u00e1 para entender isso direito?","datePublished":"2015-10-19T15:05:46+00:00","dateModified":"2015-10-19T18:36:41+00:00","mainEntityOfPage":{"@id":"https:\/\/www.notibras.com\/site\/lula-avacalha-o-governo-dilma-diz-ciro-da-para-entender-isso\/"},"wordCount":186,"commentCount":0,"publisher":{"@id":"https:\/\/www.notibras.com\/site\/#organization"},"image":{"@id":"https:\/\/www.notibras.com\/site\/lula-avacalha-o-governo-dilma-diz-ciro-da-para-entender-isso\/#primaryimage"},"thumbnailUrl":"https:\/\/www.notibras.com\/site\/wp-content\/uploads\/2015\/10\/ciroelula.jpg","articleSection":["Brasil"],"inLanguage":"pt-BR","potentialAction":[{"@type":"CommentAction","name":"Comment","target":["https:\/\/www.notibras.com\/site\/lula-avacalha-o-governo-dilma-diz-ciro-da-para-entender-isso\/#respond"]}]},{"@type":"WebPage","@id":"https:\/\/www.notibras.com\/site\/lula-avacalha-o-governo-dilma-diz-ciro-da-para-entender-isso\/","url":"https:\/\/www.notibras.com\/site\/lula-avacalha-o-governo-dilma-diz-ciro-da-para-entender-isso\/","name":"Lula manda muito e avacalha o governo Dilma, diz Ciro. D\u00e1 para entender isso direito? - Notibras","isPartOf":{"@id":"https:\/\/www.notibras.com\/site\/#website"},"primaryImageOfPage":{"@id":"https:\/\/www.notibras.com\/site\/lula-avacalha-o-governo-dilma-diz-ciro-da-para-entender-isso\/#primaryimage"},"image":{"@id":"https:\/\/www.notibras.com\/site\/lula-avacalha-o-governo-dilma-diz-ciro-da-para-entender-isso\/#primaryimage"},"thumbnailUrl":"https:\/\/www.notibras.com\/site\/wp-content\/uploads\/2015\/10\/ciroelula.jpg","datePublished":"2015-10-19T15:05:46+00:00","dateModified":"2015-10-19T18:36:41+00:00","breadcrumb":{"@id":"https:\/\/www.notibras.com\/site\/lula-avacalha-o-governo-dilma-diz-ciro-da-para-entender-isso\/#breadcrumb"},"inLanguage":"pt-BR","potentialAction":[{"@type":"ReadAction","target":["https:\/\/www.notibras.com\/site\/lula-avacalha-o-governo-dilma-diz-ciro-da-para-entender-isso\/"]}]},{"@type":"ImageObject","inLanguage":"pt-BR","@id":"https:\/\/www.notibras.com\/site\/lula-avacalha-o-governo-dilma-diz-ciro-da-para-entender-isso\/#primaryimage","url":"https:\/\/www.notibras.com\/site\/wp-content\/uploads\/2015\/10\/ciroelula.jpg","contentUrl":"https:\/\/www.notibras.com\/site\/wp-content\/uploads\/2015\/10\/ciroelula.jpg","width":620,"height":413},{"@type":"BreadcrumbList","@id":"https:\/\/www.notibras.com\/site\/lula-avacalha-o-governo-dilma-diz-ciro-da-para-entender-isso\/#breadcrumb","itemListElement":[{"@type":"ListItem","position":1,"name":"In\u00edcio","item":"https:\/\/www.notibras.com\/site\/"},{"@type":"ListItem","position":2,"name":"Lula manda muito e avacalha o governo Dilma, diz Ciro. D\u00e1 para entender isso direito?"}]},{"@type":"WebSite","@id":"https:\/\/www.notibras.com\/site\/#website","url":"https:\/\/www.notibras.com\/site\/","name":"Notibras","description":"Not\u00edcias de Bras\u00edlia, do Brasil e do Mundo","publisher":{"@id":"https:\/\/www.notibras.com\/site\/#organization"},"potentialAction":[{"@type":"SearchAction","target":{"@type":"EntryPoint","urlTemplate":"https:\/\/www.notibras.com\/site\/?s={search_term_string}"},"query-input":{"@type":"PropertyValueSpecification","valueRequired":true,"valueName":"search_term_string"}}],"inLanguage":"pt-BR"},{"@type":"Organization","@id":"https:\/\/www.notibras.com\/site\/#organization","name":"Grupo Notibras de Comunica\u00e7\u00e3o","url":"https:\/\/www.notibras.com\/site\/","logo":{"@type":"ImageObject","inLanguage":"pt-BR","@id":"https:\/\/www.notibras.com\/site\/#\/schema\/logo\/image\/","url":"https:\/\/www.notibras.com\/site\/wp-content\/uploads\/2023\/01\/notibras23.png","contentUrl":"https:\/\/www.notibras.com\/site\/wp-content\/uploads\/2023\/01\/notibras23.png","width":350,"height":87,"caption":"Grupo Notibras de Comunica\u00e7\u00e3o"},"image":{"@id":"https:\/\/www.notibras.com\/site\/#\/schema\/logo\/image\/"},"sameAs":["https:\/\/www.facebook.com\/notibras\/","https:\/\/x.com\/Notibras","https:\/\/www.instagram.com\/notibras\/"]},{"@type":"Person","@id":"https:\/\/www.notibras.com\/site\/#\/schema\/person\/36ab0979449956132d3e5b517ea76ac8","name":"Reda\u00e7\u00e3o","image":{"@type":"ImageObject","inLanguage":"pt-BR","@id":"https:\/\/secure.gravatar.com\/avatar\/e0a867bdedb85fd243eadf09663511f96fc81e0720a4a42581f334ad4303aa6b?s=96&d=mm&r=g","url":"https:\/\/secure.gravatar.com\/avatar\/e0a867bdedb85fd243eadf09663511f96fc81e0720a4a42581f334ad4303aa6b?s=96&d=mm&r=g","contentUrl":"https:\/\/secure.gravatar.com\/avatar\/e0a867bdedb85fd243eadf09663511f96fc81e0720a4a42581f334ad4303aa6b?s=96&d=mm&r=g","caption":"Reda\u00e7\u00e3o"}}]}},"amp_enabled":true,"_links":{"self":[{"href":"https:\/\/www.notibras.com\/site\/wp-json\/wp\/v2\/posts\/72025","targetHints":{"allow":["GET"]}}],"collection":[{"href":"https:\/\/www.notibras.com\/site\/wp-json\/wp\/v2\/posts"}],"about":[{"href":"https:\/\/www.notibras.com\/site\/wp-json\/wp\/v2\/types\/post"}],"author":[{"embeddable":true,"href":"https:\/\/www.notibras.com\/site\/wp-json\/wp\/v2\/users\/2"}],"replies":[{"embeddable":true,"href":"https:\/\/www.notibras.com\/site\/wp-json\/wp\/v2\/comments?post=72025"}],"version-history":[{"count":3,"href":"https:\/\/www.notibras.com\/site\/wp-json\/wp\/v2\/posts\/72025\/revisions"}],"predecessor-version":[{"id":72039,"href":"https:\/\/www.notibras.com\/site\/wp-json\/wp\/v2\/posts\/72025\/revisions\/72039"}],"wp:featuredmedia":[{"embeddable":true,"href":"https:\/\/www.notibras.com\/site\/wp-json\/wp\/v2\/media\/72026"}],"wp:attachment":[{"href":"https:\/\/www.notibras.com\/site\/wp-json\/wp\/v2\/media?parent=72025"}],"wp:term":[{"taxonomy":"category","embeddable":true,"href":"https:\/\/www.notibras.com\/site\/wp-json\/wp\/v2\/categories?post=72025"},{"taxonomy":"post_tag","embeddable":true,"href":"https:\/\/www.notibras.com\/site\/wp-json\/wp\/v2\/tags?post=72025"}],"curies":[{"name":"wp","href":"https:\/\/api.w.org\/{rel}","templated":true}]}}