{"id":72053,"date":"2015-10-19T18:03:31","date_gmt":"2015-10-19T20:03:31","guid":{"rendered":"http:\/\/www.notibras.com\/site\/?p=72053"},"modified":"2015-10-19T18:03:31","modified_gmt":"2015-10-19T20:03:31","slug":"para-carmen-lucia-ministra-do-stf-crise-no-brasil-e-sinonimo-de-desmoralizacao","status":"publish","type":"post","link":"https:\/\/www.notibras.com\/site\/para-carmen-lucia-ministra-do-stf-crise-no-brasil-e-sinonimo-de-desmoralizacao\/","title":{"rendered":"Para C\u00e1rmen L\u00facia, ministra do STF, crise no Brasil \u00e9 sin\u00f4nimo de desmoraliza\u00e7\u00e3o"},"content":{"rendered":"<div class=\"not\">\n<p>A ministra do Supremo Tribunal Federal (STF), C\u00e1rmen L\u00facia, afirmou nesta segunda-feira, 19, que, para ela, a palavra &#8220;crise&#8221; est\u00e1 desmoralizada, ao se referir ao atual momento pol\u00edtico e econ\u00f4mico do Pa\u00eds. &#8220;Desde crian\u00e7a eu ou\u00e7o que o Brasil est\u00e1 em crise, ent\u00e3o, para mim, essa palavra est\u00e1 desmoralizada&#8221;, disse, durante evento na Associa\u00e7\u00e3o de Advogados de S\u00e3o Paulo (AASP), no centro da capital paulista.<\/p>\n<p>Em seguida, ela lembrou uma conversa em que um dos assessores do ex-governador de Minas Gerais Tancredo Neves lamentou a falta de dinheiro para governar e reclamou de uma suposta crise. Segundo C\u00e1rmen L\u00facia, Tancredo teria respondido: &#8220;Se houvesse dinheiro e estivesse tudo bem, n\u00e3o teria raz\u00e3o de ter algu\u00e9m para administrar&#8221;.<\/p>\n<p>A ministra tamb\u00e9m comentou a cobran\u00e7a dos cidad\u00e3os brasileiros para que a Justi\u00e7a seja mais r\u00e1pida em suas decis\u00f5es e admitiu que n\u00e3o consegue dar conta dos processos que est\u00e3o em seu gabinete para an\u00e1lise. &#8220;Mas a Justi\u00e7a \u00e9 urgente. Sei que \u00e9 meu dever fazer o que n\u00e3o consigo para dar conta. E mais, nunca se teve tanta pressa. As pessoas n\u00e3o aguentam mais esperar por um Estado que n\u00e3o d\u00e1 uma resposta pronta para todos os brasileiros&#8221;, disse.<\/p>\n<p>C\u00e1rmen L\u00facia fez ainda elogios \u00e0 Constitui\u00e7\u00e3o brasileira e disse que as qualidades da Carta &#8220;superam em muito&#8221; os seus defeitos. &#8220;Nossa constitui\u00e7\u00e3o n\u00e3o \u00e9 perfeita, mas nenhuma constitui\u00e7\u00e3o \u00e9 perfeita. \u00c9 uma boa constitui\u00e7\u00e3o, que se faz necess\u00e1ria nesse momento de transi\u00e7\u00e3o de agruras para grandes possibilidades. Se a cumprirmos, corremos o s\u00e9rio risco de entrar em uma democracia permanente e exemplar&#8221;, afirmou. Segundo ela, existem 954 propostas de emenda \u00e0 Constitui\u00e7\u00e3o que tramitam no Congresso Nacional.<\/p>\n<p>A ministra disse tamb\u00e9m que \u00e9 mais dif\u00edcil ser um juiz no Brasil do que na Alemanha ou na Finl\u00e2ndia porque, segundo ela, a sociedade brasileira \u00e9 mais plural. &#8220;O juiz tem de ser o mesmo para o empres\u00e1rio paulista que anda de helic\u00f3ptero e para o cidad\u00e3o que mora em Altamira (no Par\u00e1) e tem de andar a p\u00e9 durante dois dias para ter atendimento m\u00e9dico&#8221;, declarou.<\/p>\n<\/div>\n<p>&nbsp;<\/p>\n<p><img loading=\"lazy\" decoding=\"async\" class=\"alignnone size-full wp-image-70065\" src=\"http:\/\/www.notibras.com\/site\/wp-content\/uploads\/2015\/10\/estadao.png\" alt=\"estadao\" width=\"99\" height=\"16\" \/><\/p>\n","protected":false},"excerpt":{"rendered":"<p>A ministra do Supremo Tribunal Federal (STF), C\u00e1rmen L\u00facia, afirmou nesta segunda-feira, 19, que, para ela, a palavra &#8220;crise&#8221; est\u00e1 desmoralizada, ao se referir ao atual momento pol\u00edtico e econ\u00f4mico do Pa\u00eds. &#8220;Desde crian\u00e7a eu ou\u00e7o que o Brasil est\u00e1 em crise, ent\u00e3o, para mim, essa palavra est\u00e1 desmoralizada&#8221;, disse, durante evento na Associa\u00e7\u00e3o de [&hellip;]<\/p>\n","protected":false},"author":2,"featured_media":72054,"comment_status":"open","ping_status":"closed","sticky":false,"template":"","format":"standard","meta":{"_acf_changed":false,"footnotes":""},"categories":[16],"tags":[],"class_list":["post-72053","post","type-post","status-publish","format-standard","has-post-thumbnail","hentry","category-brasil"],"acf":[],"yoast_head":"<!-- This site is optimized with the Yoast SEO plugin v27.5 - https:\/\/yoast.com\/product\/yoast-seo-wordpress\/ -->\n<title>Para C\u00e1rmen L\u00facia, ministra do STF, crise no Brasil \u00e9 sin\u00f4nimo de desmoraliza\u00e7\u00e3o - Notibras<\/title>\n<meta name=\"robots\" content=\"index, follow, max-snippet:-1, max-image-preview:large, max-video-preview:-1\" \/>\n<link rel=\"canonical\" href=\"https:\/\/www.notibras.com\/site\/para-carmen-lucia-ministra-do-stf-crise-no-brasil-e-sinonimo-de-desmoralizacao\/\" \/>\n<meta property=\"og:locale\" content=\"pt_BR\" \/>\n<meta property=\"og:type\" content=\"article\" \/>\n<meta property=\"og:title\" content=\"Para C\u00e1rmen L\u00facia, ministra do STF, crise no Brasil \u00e9 sin\u00f4nimo de desmoraliza\u00e7\u00e3o - Notibras\" \/>\n<meta property=\"og:description\" content=\"A ministra do Supremo Tribunal Federal (STF), C\u00e1rmen L\u00facia, afirmou nesta segunda-feira, 19, que, para ela, a palavra &#8220;crise&#8221; est\u00e1 desmoralizada, ao se referir ao atual momento pol\u00edtico e econ\u00f4mico do Pa\u00eds. &#8220;Desde crian\u00e7a eu ou\u00e7o que o Brasil est\u00e1 em crise, ent\u00e3o, para mim, essa palavra est\u00e1 desmoralizada&#8221;, disse, durante evento na Associa\u00e7\u00e3o de [&hellip;]\" \/>\n<meta property=\"og:url\" content=\"https:\/\/www.notibras.com\/site\/para-carmen-lucia-ministra-do-stf-crise-no-brasil-e-sinonimo-de-desmoralizacao\/\" \/>\n<meta property=\"og:site_name\" content=\"Notibras\" \/>\n<meta property=\"article:publisher\" content=\"https:\/\/www.facebook.com\/notibras\/\" \/>\n<meta property=\"article:published_time\" content=\"2015-10-19T20:03:31+00:00\" \/>\n<meta property=\"og:image\" content=\"https:\/\/www.notibras.com\/site\/wp-content\/uploads\/2015\/10\/Carmem_Lucia-1.jpg\" \/>\n\t<meta property=\"og:image:width\" content=\"650\" \/>\n\t<meta property=\"og:image:height\" content=\"433\" \/>\n\t<meta property=\"og:image:type\" content=\"image\/jpeg\" \/>\n<meta name=\"author\" content=\"Reda\u00e7\u00e3o\" \/>\n<meta name=\"twitter:card\" content=\"summary_large_image\" \/>\n<meta name=\"twitter:creator\" content=\"@Notibras\" \/>\n<meta name=\"twitter:site\" content=\"@Notibras\" \/>\n<meta name=\"twitter:label1\" content=\"Escrito por\" \/>\n\t<meta name=\"twitter:data1\" content=\"Reda\u00e7\u00e3o\" \/>\n\t<meta name=\"twitter:label2\" content=\"Est. tempo de leitura\" \/>\n\t<meta name=\"twitter:data2\" content=\"2 minutos\" \/>\n<script type=\"application\/ld+json\" class=\"yoast-schema-graph\">{\"@context\":\"https:\\\/\\\/schema.org\",\"@graph\":[{\"@type\":\"Article\",\"@id\":\"https:\\\/\\\/www.notibras.com\\\/site\\\/para-carmen-lucia-ministra-do-stf-crise-no-brasil-e-sinonimo-de-desmoralizacao\\\/#article\",\"isPartOf\":{\"@id\":\"https:\\\/\\\/www.notibras.com\\\/site\\\/para-carmen-lucia-ministra-do-stf-crise-no-brasil-e-sinonimo-de-desmoralizacao\\\/\"},\"author\":{\"name\":\"Reda\u00e7\u00e3o\",\"@id\":\"https:\\\/\\\/www.notibras.com\\\/site\\\/#\\\/schema\\\/person\\\/36ab0979449956132d3e5b517ea76ac8\"},\"headline\":\"Para C\u00e1rmen L\u00facia, ministra do STF, crise no Brasil \u00e9 sin\u00f4nimo de desmoraliza\u00e7\u00e3o\",\"datePublished\":\"2015-10-19T20:03:31+00:00\",\"mainEntityOfPage\":{\"@id\":\"https:\\\/\\\/www.notibras.com\\\/site\\\/para-carmen-lucia-ministra-do-stf-crise-no-brasil-e-sinonimo-de-desmoralizacao\\\/\"},\"wordCount\":395,\"commentCount\":0,\"publisher\":{\"@id\":\"https:\\\/\\\/www.notibras.com\\\/site\\\/#organization\"},\"image\":{\"@id\":\"https:\\\/\\\/www.notibras.com\\\/site\\\/para-carmen-lucia-ministra-do-stf-crise-no-brasil-e-sinonimo-de-desmoralizacao\\\/#primaryimage\"},\"thumbnailUrl\":\"https:\\\/\\\/www.notibras.com\\\/site\\\/wp-content\\\/uploads\\\/2015\\\/10\\\/Carmem_Lucia-1.jpg\",\"articleSection\":[\"Brasil\"],\"inLanguage\":\"pt-BR\",\"potentialAction\":[{\"@type\":\"CommentAction\",\"name\":\"Comment\",\"target\":[\"https:\\\/\\\/www.notibras.com\\\/site\\\/para-carmen-lucia-ministra-do-stf-crise-no-brasil-e-sinonimo-de-desmoralizacao\\\/#respond\"]}]},{\"@type\":\"WebPage\",\"@id\":\"https:\\\/\\\/www.notibras.com\\\/site\\\/para-carmen-lucia-ministra-do-stf-crise-no-brasil-e-sinonimo-de-desmoralizacao\\\/\",\"url\":\"https:\\\/\\\/www.notibras.com\\\/site\\\/para-carmen-lucia-ministra-do-stf-crise-no-brasil-e-sinonimo-de-desmoralizacao\\\/\",\"name\":\"Para C\u00e1rmen L\u00facia, ministra do STF, crise no Brasil \u00e9 sin\u00f4nimo de desmoraliza\u00e7\u00e3o - Notibras\",\"isPartOf\":{\"@id\":\"https:\\\/\\\/www.notibras.com\\\/site\\\/#website\"},\"primaryImageOfPage\":{\"@id\":\"https:\\\/\\\/www.notibras.com\\\/site\\\/para-carmen-lucia-ministra-do-stf-crise-no-brasil-e-sinonimo-de-desmoralizacao\\\/#primaryimage\"},\"image\":{\"@id\":\"https:\\\/\\\/www.notibras.com\\\/site\\\/para-carmen-lucia-ministra-do-stf-crise-no-brasil-e-sinonimo-de-desmoralizacao\\\/#primaryimage\"},\"thumbnailUrl\":\"https:\\\/\\\/www.notibras.com\\\/site\\\/wp-content\\\/uploads\\\/2015\\\/10\\\/Carmem_Lucia-1.jpg\",\"datePublished\":\"2015-10-19T20:03:31+00:00\",\"breadcrumb\":{\"@id\":\"https:\\\/\\\/www.notibras.com\\\/site\\\/para-carmen-lucia-ministra-do-stf-crise-no-brasil-e-sinonimo-de-desmoralizacao\\\/#breadcrumb\"},\"inLanguage\":\"pt-BR\",\"potentialAction\":[{\"@type\":\"ReadAction\",\"target\":[\"https:\\\/\\\/www.notibras.com\\\/site\\\/para-carmen-lucia-ministra-do-stf-crise-no-brasil-e-sinonimo-de-desmoralizacao\\\/\"]}]},{\"@type\":\"ImageObject\",\"inLanguage\":\"pt-BR\",\"@id\":\"https:\\\/\\\/www.notibras.com\\\/site\\\/para-carmen-lucia-ministra-do-stf-crise-no-brasil-e-sinonimo-de-desmoralizacao\\\/#primaryimage\",\"url\":\"https:\\\/\\\/www.notibras.com\\\/site\\\/wp-content\\\/uploads\\\/2015\\\/10\\\/Carmem_Lucia-1.jpg\",\"contentUrl\":\"https:\\\/\\\/www.notibras.com\\\/site\\\/wp-content\\\/uploads\\\/2015\\\/10\\\/Carmem_Lucia-1.jpg\",\"width\":650,\"height\":433},{\"@type\":\"BreadcrumbList\",\"@id\":\"https:\\\/\\\/www.notibras.com\\\/site\\\/para-carmen-lucia-ministra-do-stf-crise-no-brasil-e-sinonimo-de-desmoralizacao\\\/#breadcrumb\",\"itemListElement\":[{\"@type\":\"ListItem\",\"position\":1,\"name\":\"In\u00edcio\",\"item\":\"https:\\\/\\\/www.notibras.com\\\/site\\\/\"},{\"@type\":\"ListItem\",\"position\":2,\"name\":\"Para C\u00e1rmen L\u00facia, ministra do STF, crise no Brasil \u00e9 sin\u00f4nimo de desmoraliza\u00e7\u00e3o\"}]},{\"@type\":\"WebSite\",\"@id\":\"https:\\\/\\\/www.notibras.com\\\/site\\\/#website\",\"url\":\"https:\\\/\\\/www.notibras.com\\\/site\\\/\",\"name\":\"Notibras\",\"description\":\"Not\u00edcias de Bras\u00edlia, do Brasil e do Mundo\",\"publisher\":{\"@id\":\"https:\\\/\\\/www.notibras.com\\\/site\\\/#organization\"},\"potentialAction\":[{\"@type\":\"SearchAction\",\"target\":{\"@type\":\"EntryPoint\",\"urlTemplate\":\"https:\\\/\\\/www.notibras.com\\\/site\\\/?s={search_term_string}\"},\"query-input\":{\"@type\":\"PropertyValueSpecification\",\"valueRequired\":true,\"valueName\":\"search_term_string\"}}],\"inLanguage\":\"pt-BR\"},{\"@type\":\"Organization\",\"@id\":\"https:\\\/\\\/www.notibras.com\\\/site\\\/#organization\",\"name\":\"Grupo Notibras de Comunica\u00e7\u00e3o\",\"url\":\"https:\\\/\\\/www.notibras.com\\\/site\\\/\",\"logo\":{\"@type\":\"ImageObject\",\"inLanguage\":\"pt-BR\",\"@id\":\"https:\\\/\\\/www.notibras.com\\\/site\\\/#\\\/schema\\\/logo\\\/image\\\/\",\"url\":\"https:\\\/\\\/www.notibras.com\\\/site\\\/wp-content\\\/uploads\\\/2023\\\/01\\\/notibras23.png\",\"contentUrl\":\"https:\\\/\\\/www.notibras.com\\\/site\\\/wp-content\\\/uploads\\\/2023\\\/01\\\/notibras23.png\",\"width\":350,\"height\":87,\"caption\":\"Grupo Notibras de Comunica\u00e7\u00e3o\"},\"image\":{\"@id\":\"https:\\\/\\\/www.notibras.com\\\/site\\\/#\\\/schema\\\/logo\\\/image\\\/\"},\"sameAs\":[\"https:\\\/\\\/www.facebook.com\\\/notibras\\\/\",\"https:\\\/\\\/x.com\\\/Notibras\",\"https:\\\/\\\/www.instagram.com\\\/notibras\\\/\"]},{\"@type\":\"Person\",\"@id\":\"https:\\\/\\\/www.notibras.com\\\/site\\\/#\\\/schema\\\/person\\\/36ab0979449956132d3e5b517ea76ac8\",\"name\":\"Reda\u00e7\u00e3o\",\"image\":{\"@type\":\"ImageObject\",\"inLanguage\":\"pt-BR\",\"@id\":\"https:\\\/\\\/secure.gravatar.com\\\/avatar\\\/e0a867bdedb85fd243eadf09663511f96fc81e0720a4a42581f334ad4303aa6b?s=96&d=mm&r=g\",\"url\":\"https:\\\/\\\/secure.gravatar.com\\\/avatar\\\/e0a867bdedb85fd243eadf09663511f96fc81e0720a4a42581f334ad4303aa6b?s=96&d=mm&r=g\",\"contentUrl\":\"https:\\\/\\\/secure.gravatar.com\\\/avatar\\\/e0a867bdedb85fd243eadf09663511f96fc81e0720a4a42581f334ad4303aa6b?s=96&d=mm&r=g\",\"caption\":\"Reda\u00e7\u00e3o\"}}]}<\/script>\n<!-- \/ Yoast SEO plugin. -->","yoast_head_json":{"title":"Para C\u00e1rmen L\u00facia, ministra do STF, crise no Brasil \u00e9 sin\u00f4nimo de desmoraliza\u00e7\u00e3o - Notibras","robots":{"index":"index","follow":"follow","max-snippet":"max-snippet:-1","max-image-preview":"max-image-preview:large","max-video-preview":"max-video-preview:-1"},"canonical":"https:\/\/www.notibras.com\/site\/para-carmen-lucia-ministra-do-stf-crise-no-brasil-e-sinonimo-de-desmoralizacao\/","og_locale":"pt_BR","og_type":"article","og_title":"Para C\u00e1rmen L\u00facia, ministra do STF, crise no Brasil \u00e9 sin\u00f4nimo de desmoraliza\u00e7\u00e3o - Notibras","og_description":"A ministra do Supremo Tribunal Federal (STF), C\u00e1rmen L\u00facia, afirmou nesta segunda-feira, 19, que, para ela, a palavra &#8220;crise&#8221; est\u00e1 desmoralizada, ao se referir ao atual momento pol\u00edtico e econ\u00f4mico do Pa\u00eds. &#8220;Desde crian\u00e7a eu ou\u00e7o que o Brasil est\u00e1 em crise, ent\u00e3o, para mim, essa palavra est\u00e1 desmoralizada&#8221;, disse, durante evento na Associa\u00e7\u00e3o de [&hellip;]","og_url":"https:\/\/www.notibras.com\/site\/para-carmen-lucia-ministra-do-stf-crise-no-brasil-e-sinonimo-de-desmoralizacao\/","og_site_name":"Notibras","article_publisher":"https:\/\/www.facebook.com\/notibras\/","article_published_time":"2015-10-19T20:03:31+00:00","og_image":[{"width":650,"height":433,"url":"https:\/\/www.notibras.com\/site\/wp-content\/uploads\/2015\/10\/Carmem_Lucia-1.jpg","type":"image\/jpeg"}],"author":"Reda\u00e7\u00e3o","twitter_card":"summary_large_image","twitter_creator":"@Notibras","twitter_site":"@Notibras","twitter_misc":{"Escrito por":"Reda\u00e7\u00e3o","Est. tempo de leitura":"2 minutos"},"schema":{"@context":"https:\/\/schema.org","@graph":[{"@type":"Article","@id":"https:\/\/www.notibras.com\/site\/para-carmen-lucia-ministra-do-stf-crise-no-brasil-e-sinonimo-de-desmoralizacao\/#article","isPartOf":{"@id":"https:\/\/www.notibras.com\/site\/para-carmen-lucia-ministra-do-stf-crise-no-brasil-e-sinonimo-de-desmoralizacao\/"},"author":{"name":"Reda\u00e7\u00e3o","@id":"https:\/\/www.notibras.com\/site\/#\/schema\/person\/36ab0979449956132d3e5b517ea76ac8"},"headline":"Para C\u00e1rmen L\u00facia, ministra do STF, crise no Brasil \u00e9 sin\u00f4nimo de desmoraliza\u00e7\u00e3o","datePublished":"2015-10-19T20:03:31+00:00","mainEntityOfPage":{"@id":"https:\/\/www.notibras.com\/site\/para-carmen-lucia-ministra-do-stf-crise-no-brasil-e-sinonimo-de-desmoralizacao\/"},"wordCount":395,"commentCount":0,"publisher":{"@id":"https:\/\/www.notibras.com\/site\/#organization"},"image":{"@id":"https:\/\/www.notibras.com\/site\/para-carmen-lucia-ministra-do-stf-crise-no-brasil-e-sinonimo-de-desmoralizacao\/#primaryimage"},"thumbnailUrl":"https:\/\/www.notibras.com\/site\/wp-content\/uploads\/2015\/10\/Carmem_Lucia-1.jpg","articleSection":["Brasil"],"inLanguage":"pt-BR","potentialAction":[{"@type":"CommentAction","name":"Comment","target":["https:\/\/www.notibras.com\/site\/para-carmen-lucia-ministra-do-stf-crise-no-brasil-e-sinonimo-de-desmoralizacao\/#respond"]}]},{"@type":"WebPage","@id":"https:\/\/www.notibras.com\/site\/para-carmen-lucia-ministra-do-stf-crise-no-brasil-e-sinonimo-de-desmoralizacao\/","url":"https:\/\/www.notibras.com\/site\/para-carmen-lucia-ministra-do-stf-crise-no-brasil-e-sinonimo-de-desmoralizacao\/","name":"Para C\u00e1rmen L\u00facia, ministra do STF, crise no Brasil \u00e9 sin\u00f4nimo de desmoraliza\u00e7\u00e3o - Notibras","isPartOf":{"@id":"https:\/\/www.notibras.com\/site\/#website"},"primaryImageOfPage":{"@id":"https:\/\/www.notibras.com\/site\/para-carmen-lucia-ministra-do-stf-crise-no-brasil-e-sinonimo-de-desmoralizacao\/#primaryimage"},"image":{"@id":"https:\/\/www.notibras.com\/site\/para-carmen-lucia-ministra-do-stf-crise-no-brasil-e-sinonimo-de-desmoralizacao\/#primaryimage"},"thumbnailUrl":"https:\/\/www.notibras.com\/site\/wp-content\/uploads\/2015\/10\/Carmem_Lucia-1.jpg","datePublished":"2015-10-19T20:03:31+00:00","breadcrumb":{"@id":"https:\/\/www.notibras.com\/site\/para-carmen-lucia-ministra-do-stf-crise-no-brasil-e-sinonimo-de-desmoralizacao\/#breadcrumb"},"inLanguage":"pt-BR","potentialAction":[{"@type":"ReadAction","target":["https:\/\/www.notibras.com\/site\/para-carmen-lucia-ministra-do-stf-crise-no-brasil-e-sinonimo-de-desmoralizacao\/"]}]},{"@type":"ImageObject","inLanguage":"pt-BR","@id":"https:\/\/www.notibras.com\/site\/para-carmen-lucia-ministra-do-stf-crise-no-brasil-e-sinonimo-de-desmoralizacao\/#primaryimage","url":"https:\/\/www.notibras.com\/site\/wp-content\/uploads\/2015\/10\/Carmem_Lucia-1.jpg","contentUrl":"https:\/\/www.notibras.com\/site\/wp-content\/uploads\/2015\/10\/Carmem_Lucia-1.jpg","width":650,"height":433},{"@type":"BreadcrumbList","@id":"https:\/\/www.notibras.com\/site\/para-carmen-lucia-ministra-do-stf-crise-no-brasil-e-sinonimo-de-desmoralizacao\/#breadcrumb","itemListElement":[{"@type":"ListItem","position":1,"name":"In\u00edcio","item":"https:\/\/www.notibras.com\/site\/"},{"@type":"ListItem","position":2,"name":"Para C\u00e1rmen L\u00facia, ministra do STF, crise no Brasil \u00e9 sin\u00f4nimo de desmoraliza\u00e7\u00e3o"}]},{"@type":"WebSite","@id":"https:\/\/www.notibras.com\/site\/#website","url":"https:\/\/www.notibras.com\/site\/","name":"Notibras","description":"Not\u00edcias de Bras\u00edlia, do Brasil e do Mundo","publisher":{"@id":"https:\/\/www.notibras.com\/site\/#organization"},"potentialAction":[{"@type":"SearchAction","target":{"@type":"EntryPoint","urlTemplate":"https:\/\/www.notibras.com\/site\/?s={search_term_string}"},"query-input":{"@type":"PropertyValueSpecification","valueRequired":true,"valueName":"search_term_string"}}],"inLanguage":"pt-BR"},{"@type":"Organization","@id":"https:\/\/www.notibras.com\/site\/#organization","name":"Grupo Notibras de Comunica\u00e7\u00e3o","url":"https:\/\/www.notibras.com\/site\/","logo":{"@type":"ImageObject","inLanguage":"pt-BR","@id":"https:\/\/www.notibras.com\/site\/#\/schema\/logo\/image\/","url":"https:\/\/www.notibras.com\/site\/wp-content\/uploads\/2023\/01\/notibras23.png","contentUrl":"https:\/\/www.notibras.com\/site\/wp-content\/uploads\/2023\/01\/notibras23.png","width":350,"height":87,"caption":"Grupo Notibras de Comunica\u00e7\u00e3o"},"image":{"@id":"https:\/\/www.notibras.com\/site\/#\/schema\/logo\/image\/"},"sameAs":["https:\/\/www.facebook.com\/notibras\/","https:\/\/x.com\/Notibras","https:\/\/www.instagram.com\/notibras\/"]},{"@type":"Person","@id":"https:\/\/www.notibras.com\/site\/#\/schema\/person\/36ab0979449956132d3e5b517ea76ac8","name":"Reda\u00e7\u00e3o","image":{"@type":"ImageObject","inLanguage":"pt-BR","@id":"https:\/\/secure.gravatar.com\/avatar\/e0a867bdedb85fd243eadf09663511f96fc81e0720a4a42581f334ad4303aa6b?s=96&d=mm&r=g","url":"https:\/\/secure.gravatar.com\/avatar\/e0a867bdedb85fd243eadf09663511f96fc81e0720a4a42581f334ad4303aa6b?s=96&d=mm&r=g","contentUrl":"https:\/\/secure.gravatar.com\/avatar\/e0a867bdedb85fd243eadf09663511f96fc81e0720a4a42581f334ad4303aa6b?s=96&d=mm&r=g","caption":"Reda\u00e7\u00e3o"}}]}},"amp_enabled":true,"_links":{"self":[{"href":"https:\/\/www.notibras.com\/site\/wp-json\/wp\/v2\/posts\/72053","targetHints":{"allow":["GET"]}}],"collection":[{"href":"https:\/\/www.notibras.com\/site\/wp-json\/wp\/v2\/posts"}],"about":[{"href":"https:\/\/www.notibras.com\/site\/wp-json\/wp\/v2\/types\/post"}],"author":[{"embeddable":true,"href":"https:\/\/www.notibras.com\/site\/wp-json\/wp\/v2\/users\/2"}],"replies":[{"embeddable":true,"href":"https:\/\/www.notibras.com\/site\/wp-json\/wp\/v2\/comments?post=72053"}],"version-history":[{"count":1,"href":"https:\/\/www.notibras.com\/site\/wp-json\/wp\/v2\/posts\/72053\/revisions"}],"predecessor-version":[{"id":72055,"href":"https:\/\/www.notibras.com\/site\/wp-json\/wp\/v2\/posts\/72053\/revisions\/72055"}],"wp:featuredmedia":[{"embeddable":true,"href":"https:\/\/www.notibras.com\/site\/wp-json\/wp\/v2\/media\/72054"}],"wp:attachment":[{"href":"https:\/\/www.notibras.com\/site\/wp-json\/wp\/v2\/media?parent=72053"}],"wp:term":[{"taxonomy":"category","embeddable":true,"href":"https:\/\/www.notibras.com\/site\/wp-json\/wp\/v2\/categories?post=72053"},{"taxonomy":"post_tag","embeddable":true,"href":"https:\/\/www.notibras.com\/site\/wp-json\/wp\/v2\/tags?post=72053"}],"curies":[{"name":"wp","href":"https:\/\/api.w.org\/{rel}","templated":true}]}}