{"id":7209,"date":"2014-04-20T12:25:22","date_gmt":"2014-04-20T15:25:22","guid":{"rendered":"http:\/\/www.notibras.com\/site\/?p=7209"},"modified":"2014-04-20T12:25:22","modified_gmt":"2014-04-20T15:25:22","slug":"acoes-na-justica-deixam-a-saude-de-brasilia-ainda-mais-doente","status":"publish","type":"post","link":"https:\/\/www.notibras.com\/site\/acoes-na-justica-deixam-a-saude-de-brasilia-ainda-mais-doente\/","title":{"rendered":"A\u00e7\u00f5es na Justi\u00e7a deixam a sa\u00fade de Bras\u00edlia ainda mais doente"},"content":{"rendered":"<p>A falta de m\u00e3o de obra e estrutura prec\u00e1ria n\u00e3o s\u00e3o os \u00fanicos problemas da Secretaria de Sa\u00fade do Distrito Federal. A justi\u00e7a tem sido uma \u201cpedra no caminho\u201d da pasta, principalmente a Defensoria P\u00fablica. Demandas judiciais abarrotam ainda mais as j\u00e1 lotadas filas de atendimentos nos hospitais p\u00fablicos do DF. Com a judicializa\u00e7\u00e3o \u2013 quando um atendimento na sa\u00fade p\u00fablica \u00e9 determinada pela justi\u00e7a \u2013 pessoas s\u00e3o colocadas \u00e0 frente das que est\u00e3o esperando a tempos por um m\u00e9dico ou procedimento.<\/p>\n<p>Em tr\u00eas anos (2011 \u2013 2013), o n\u00famero de determina\u00e7\u00f5es judiciais nas mesas da dire\u00e7\u00e3o da secretaria aumentaram mais de 400%. Em 2011, a Secretaria tinha 352 a\u00e7\u00f5es judiciais. Dois anos depois, o n\u00famero cresceu assustadoramente: 1.581 a\u00e7\u00f5es foram registradas. Levando em considera\u00e7\u00e3o os tr\u00eas primeiros meses de 2014, h\u00e1 mais motivo de preocupa\u00e7\u00e3o. De janeiro a mar\u00e7o deste ano, a pasta recebeu 434 a\u00e7\u00f5es da justi\u00e7a para executar algum tipo de servi\u00e7o.<\/p>\n<p>A situa\u00e7\u00e3o poderia ser bem pior. Segundo a Defensoria P\u00fablica do DF, no ano passado houve uma m\u00e9dia de 110 casos mensais no N\u00facleo de Sa\u00fade, divididos entre cirurgias, consultas, interna\u00e7\u00e3o, exames, UTIs entre outros.<\/p>\n<p>N\u00e3o h\u00e1 n\u00fameros exatos, mas fontes da \u00e1rea da sa\u00fade do DF afirmam que a maior parte dessas decis\u00f5es judiciais \u00e9 assinada por ju\u00edzes plantonistas. \u201cEles est\u00e3o no af\u00e3 de mostrar trabalho. N\u00e3o que isso seja conden\u00e1vel. Mas a\u00e7\u00f5es deliberadas deles mais atrapalham do que ajudam\u201d, confidenciou um integrante do Executivo local.<\/p>\n<p>Certa vez, por determina\u00e7\u00e3o da justi\u00e7a, o secret\u00e1rio de Sa\u00fade Rafael Barbosa quase foi preso. No caso, ele n\u00e3o havia cumprido uma decis\u00e3o pra comprar um determinado rem\u00e9dio. Barbosa s\u00f3 n\u00e3o saiu algemado porque foi embora por outra porta.<\/p>\n<p>De acordo com a assessoria da Secretaria de Sa\u00fade, as tr\u00eas principais demandas vindas da justi\u00e7a \u00e9 o acesso \u00e0 vagas na UTI, \u00e0 cirurgias eletivas e a medicamentos n\u00e3o padronizados \u2013 que s\u00e3o aquelas drogas n\u00e3o previstas na rela\u00e7\u00e3o de medicamentos do SUS ou do pr\u00f3prio Distrito Federal. H\u00e1 outras demandas tamb\u00e9m como aquisi\u00e7\u00e3o de \u00f3rteses e pr\u00f3teses e interna\u00e7\u00f5es compuls\u00f3rias.<\/p>\n<p>Por causa do grande volume de a\u00e7\u00f5es e do tempo despendido para resolver essas quest\u00f5es, a Secretaria instituiu no final de 2010 um departamento para tratar da judicializa\u00e7\u00e3o de processos. O setor, no entanto, era respons\u00e1vel por todo tipo de demanda judicial, seja de licita\u00e7\u00e3o de equipamentos ou por necessidades individuais dos pacientes.<\/p>\n<p>No in\u00edcio do ano passado, foi criado o N\u00facleo de Judicializa\u00e7\u00e3o do gabinete da Secretaria para tratar apenas dos casos espec\u00edficos das pessoas. A cria\u00e7\u00e3o das duas unidades mostra a rela\u00e7\u00e3o de briga entre o Executivo e o Judici\u00e1rio e a pr\u00f3pria inoper\u00e2ncia do GDF, por n\u00e3o conseguir resolver os problemas rotineiros.<\/p>\n<p><strong>Elton Santos<\/strong><\/p>\n","protected":false},"excerpt":{"rendered":"<p>A falta de m\u00e3o de obra e estrutura prec\u00e1ria n\u00e3o s\u00e3o os \u00fanicos problemas da Secretaria de Sa\u00fade do Distrito Federal. A justi\u00e7a tem sido uma \u201cpedra no caminho\u201d da pasta, principalmente a Defensoria P\u00fablica. Demandas judiciais abarrotam ainda mais as j\u00e1 lotadas filas de atendimentos nos hospitais p\u00fablicos do DF. Com a judicializa\u00e7\u00e3o \u2013 [&hellip;]<\/p>\n","protected":false},"author":2,"featured_media":7210,"comment_status":"open","ping_status":"closed","sticky":false,"template":"","format":"standard","meta":{"_acf_changed":false,"footnotes":""},"categories":[1],"tags":[],"class_list":["post-7209","post","type-post","status-publish","format-standard","has-post-thumbnail","hentry","category-brasilia"],"acf":[],"yoast_head":"<!-- This site is optimized with the Yoast SEO plugin v27.2 - https:\/\/yoast.com\/product\/yoast-seo-wordpress\/ -->\n<title>A\u00e7\u00f5es na Justi\u00e7a deixam a sa\u00fade de Bras\u00edlia ainda mais doente - Notibras<\/title>\n<meta name=\"robots\" content=\"index, follow, max-snippet:-1, max-image-preview:large, max-video-preview:-1\" \/>\n<link rel=\"canonical\" href=\"https:\/\/www.notibras.com\/site\/acoes-na-justica-deixam-a-saude-de-brasilia-ainda-mais-doente\/\" \/>\n<meta property=\"og:locale\" content=\"pt_BR\" \/>\n<meta property=\"og:type\" content=\"article\" \/>\n<meta property=\"og:title\" content=\"A\u00e7\u00f5es na Justi\u00e7a deixam a sa\u00fade de Bras\u00edlia ainda mais doente - Notibras\" \/>\n<meta property=\"og:description\" content=\"A falta de m\u00e3o de obra e estrutura prec\u00e1ria n\u00e3o s\u00e3o os \u00fanicos problemas da Secretaria de Sa\u00fade do Distrito Federal. A justi\u00e7a tem sido uma \u201cpedra no caminho\u201d da pasta, principalmente a Defensoria P\u00fablica. Demandas judiciais abarrotam ainda mais as j\u00e1 lotadas filas de atendimentos nos hospitais p\u00fablicos do DF. Com a judicializa\u00e7\u00e3o \u2013 [&hellip;]\" \/>\n<meta property=\"og:url\" content=\"https:\/\/www.notibras.com\/site\/acoes-na-justica-deixam-a-saude-de-brasilia-ainda-mais-doente\/\" \/>\n<meta property=\"og:site_name\" content=\"Notibras\" \/>\n<meta property=\"article:publisher\" content=\"https:\/\/www.facebook.com\/notibras\/\" \/>\n<meta property=\"article:published_time\" content=\"2014-04-20T15:25:22+00:00\" \/>\n<meta property=\"og:image\" content=\"https:\/\/www.notibras.com\/site\/wp-content\/uploads\/2014\/04\/30112012191404caos-na-saude.jpg\" \/>\n\t<meta property=\"og:image:width\" content=\"565\" \/>\n\t<meta property=\"og:image:height\" content=\"422\" \/>\n\t<meta property=\"og:image:type\" content=\"image\/jpeg\" \/>\n<meta name=\"author\" content=\"Reda\u00e7\u00e3o\" \/>\n<meta name=\"twitter:card\" content=\"summary_large_image\" \/>\n<meta name=\"twitter:creator\" content=\"@Notibras\" \/>\n<meta name=\"twitter:site\" content=\"@Notibras\" \/>\n<meta name=\"twitter:label1\" content=\"Escrito por\" \/>\n\t<meta name=\"twitter:data1\" content=\"Reda\u00e7\u00e3o\" \/>\n\t<meta name=\"twitter:label2\" content=\"Est. tempo de leitura\" \/>\n\t<meta name=\"twitter:data2\" content=\"3 minutos\" \/>\n<script type=\"application\/ld+json\" class=\"yoast-schema-graph\">{\"@context\":\"https:\/\/schema.org\",\"@graph\":[{\"@type\":\"Article\",\"@id\":\"https:\/\/www.notibras.com\/site\/acoes-na-justica-deixam-a-saude-de-brasilia-ainda-mais-doente\/#article\",\"isPartOf\":{\"@id\":\"https:\/\/www.notibras.com\/site\/acoes-na-justica-deixam-a-saude-de-brasilia-ainda-mais-doente\/\"},\"author\":{\"name\":\"Reda\u00e7\u00e3o\",\"@id\":\"https:\/\/www.notibras.com\/site\/#\/schema\/person\/36ab0979449956132d3e5b517ea76ac8\"},\"headline\":\"A\u00e7\u00f5es na Justi\u00e7a deixam a sa\u00fade de Bras\u00edlia ainda mais doente\",\"datePublished\":\"2014-04-20T15:25:22+00:00\",\"mainEntityOfPage\":{\"@id\":\"https:\/\/www.notibras.com\/site\/acoes-na-justica-deixam-a-saude-de-brasilia-ainda-mais-doente\/\"},\"wordCount\":525,\"commentCount\":0,\"publisher\":{\"@id\":\"https:\/\/www.notibras.com\/site\/#organization\"},\"image\":{\"@id\":\"https:\/\/www.notibras.com\/site\/acoes-na-justica-deixam-a-saude-de-brasilia-ainda-mais-doente\/#primaryimage\"},\"thumbnailUrl\":\"https:\/\/www.notibras.com\/site\/wp-content\/uploads\/2014\/04\/30112012191404caos-na-saude.jpg\",\"articleSection\":[\"Bras\u00edlia\"],\"inLanguage\":\"pt-BR\",\"potentialAction\":[{\"@type\":\"CommentAction\",\"name\":\"Comment\",\"target\":[\"https:\/\/www.notibras.com\/site\/acoes-na-justica-deixam-a-saude-de-brasilia-ainda-mais-doente\/#respond\"]}]},{\"@type\":\"WebPage\",\"@id\":\"https:\/\/www.notibras.com\/site\/acoes-na-justica-deixam-a-saude-de-brasilia-ainda-mais-doente\/\",\"url\":\"https:\/\/www.notibras.com\/site\/acoes-na-justica-deixam-a-saude-de-brasilia-ainda-mais-doente\/\",\"name\":\"A\u00e7\u00f5es na Justi\u00e7a deixam a sa\u00fade de Bras\u00edlia ainda mais doente - Notibras\",\"isPartOf\":{\"@id\":\"https:\/\/www.notibras.com\/site\/#website\"},\"primaryImageOfPage\":{\"@id\":\"https:\/\/www.notibras.com\/site\/acoes-na-justica-deixam-a-saude-de-brasilia-ainda-mais-doente\/#primaryimage\"},\"image\":{\"@id\":\"https:\/\/www.notibras.com\/site\/acoes-na-justica-deixam-a-saude-de-brasilia-ainda-mais-doente\/#primaryimage\"},\"thumbnailUrl\":\"https:\/\/www.notibras.com\/site\/wp-content\/uploads\/2014\/04\/30112012191404caos-na-saude.jpg\",\"datePublished\":\"2014-04-20T15:25:22+00:00\",\"breadcrumb\":{\"@id\":\"https:\/\/www.notibras.com\/site\/acoes-na-justica-deixam-a-saude-de-brasilia-ainda-mais-doente\/#breadcrumb\"},\"inLanguage\":\"pt-BR\",\"potentialAction\":[{\"@type\":\"ReadAction\",\"target\":[\"https:\/\/www.notibras.com\/site\/acoes-na-justica-deixam-a-saude-de-brasilia-ainda-mais-doente\/\"]}]},{\"@type\":\"ImageObject\",\"inLanguage\":\"pt-BR\",\"@id\":\"https:\/\/www.notibras.com\/site\/acoes-na-justica-deixam-a-saude-de-brasilia-ainda-mais-doente\/#primaryimage\",\"url\":\"https:\/\/www.notibras.com\/site\/wp-content\/uploads\/2014\/04\/30112012191404caos-na-saude.jpg\",\"contentUrl\":\"https:\/\/www.notibras.com\/site\/wp-content\/uploads\/2014\/04\/30112012191404caos-na-saude.jpg\",\"width\":565,\"height\":422},{\"@type\":\"BreadcrumbList\",\"@id\":\"https:\/\/www.notibras.com\/site\/acoes-na-justica-deixam-a-saude-de-brasilia-ainda-mais-doente\/#breadcrumb\",\"itemListElement\":[{\"@type\":\"ListItem\",\"position\":1,\"name\":\"In\u00edcio\",\"item\":\"https:\/\/www.notibras.com\/site\/\"},{\"@type\":\"ListItem\",\"position\":2,\"name\":\"A\u00e7\u00f5es na Justi\u00e7a deixam a sa\u00fade de Bras\u00edlia ainda mais doente\"}]},{\"@type\":\"WebSite\",\"@id\":\"https:\/\/www.notibras.com\/site\/#website\",\"url\":\"https:\/\/www.notibras.com\/site\/\",\"name\":\"Notibras\",\"description\":\"Not\u00edcias de Bras\u00edlia, do Brasil e do Mundo\",\"publisher\":{\"@id\":\"https:\/\/www.notibras.com\/site\/#organization\"},\"potentialAction\":[{\"@type\":\"SearchAction\",\"target\":{\"@type\":\"EntryPoint\",\"urlTemplate\":\"https:\/\/www.notibras.com\/site\/?s={search_term_string}\"},\"query-input\":{\"@type\":\"PropertyValueSpecification\",\"valueRequired\":true,\"valueName\":\"search_term_string\"}}],\"inLanguage\":\"pt-BR\"},{\"@type\":\"Organization\",\"@id\":\"https:\/\/www.notibras.com\/site\/#organization\",\"name\":\"Grupo Notibras de Comunica\u00e7\u00e3o\",\"url\":\"https:\/\/www.notibras.com\/site\/\",\"logo\":{\"@type\":\"ImageObject\",\"inLanguage\":\"pt-BR\",\"@id\":\"https:\/\/www.notibras.com\/site\/#\/schema\/logo\/image\/\",\"url\":\"https:\/\/www.notibras.com\/site\/wp-content\/uploads\/2023\/01\/notibras23.png\",\"contentUrl\":\"https:\/\/www.notibras.com\/site\/wp-content\/uploads\/2023\/01\/notibras23.png\",\"width\":350,\"height\":87,\"caption\":\"Grupo Notibras de Comunica\u00e7\u00e3o\"},\"image\":{\"@id\":\"https:\/\/www.notibras.com\/site\/#\/schema\/logo\/image\/\"},\"sameAs\":[\"https:\/\/www.facebook.com\/notibras\/\",\"https:\/\/x.com\/Notibras\",\"https:\/\/www.instagram.com\/notibras\/\"]},{\"@type\":\"Person\",\"@id\":\"https:\/\/www.notibras.com\/site\/#\/schema\/person\/36ab0979449956132d3e5b517ea76ac8\",\"name\":\"Reda\u00e7\u00e3o\",\"image\":{\"@type\":\"ImageObject\",\"inLanguage\":\"pt-BR\",\"@id\":\"https:\/\/secure.gravatar.com\/avatar\/e0a867bdedb85fd243eadf09663511f96fc81e0720a4a42581f334ad4303aa6b?s=96&d=mm&r=g\",\"url\":\"https:\/\/secure.gravatar.com\/avatar\/e0a867bdedb85fd243eadf09663511f96fc81e0720a4a42581f334ad4303aa6b?s=96&d=mm&r=g\",\"contentUrl\":\"https:\/\/secure.gravatar.com\/avatar\/e0a867bdedb85fd243eadf09663511f96fc81e0720a4a42581f334ad4303aa6b?s=96&d=mm&r=g\",\"caption\":\"Reda\u00e7\u00e3o\"}}]}<\/script>\n<!-- \/ Yoast SEO plugin. -->","yoast_head_json":{"title":"A\u00e7\u00f5es na Justi\u00e7a deixam a sa\u00fade de Bras\u00edlia ainda mais doente - Notibras","robots":{"index":"index","follow":"follow","max-snippet":"max-snippet:-1","max-image-preview":"max-image-preview:large","max-video-preview":"max-video-preview:-1"},"canonical":"https:\/\/www.notibras.com\/site\/acoes-na-justica-deixam-a-saude-de-brasilia-ainda-mais-doente\/","og_locale":"pt_BR","og_type":"article","og_title":"A\u00e7\u00f5es na Justi\u00e7a deixam a sa\u00fade de Bras\u00edlia ainda mais doente - Notibras","og_description":"A falta de m\u00e3o de obra e estrutura prec\u00e1ria n\u00e3o s\u00e3o os \u00fanicos problemas da Secretaria de Sa\u00fade do Distrito Federal. A justi\u00e7a tem sido uma \u201cpedra no caminho\u201d da pasta, principalmente a Defensoria P\u00fablica. Demandas judiciais abarrotam ainda mais as j\u00e1 lotadas filas de atendimentos nos hospitais p\u00fablicos do DF. Com a judicializa\u00e7\u00e3o \u2013 [&hellip;]","og_url":"https:\/\/www.notibras.com\/site\/acoes-na-justica-deixam-a-saude-de-brasilia-ainda-mais-doente\/","og_site_name":"Notibras","article_publisher":"https:\/\/www.facebook.com\/notibras\/","article_published_time":"2014-04-20T15:25:22+00:00","og_image":[{"width":565,"height":422,"url":"https:\/\/www.notibras.com\/site\/wp-content\/uploads\/2014\/04\/30112012191404caos-na-saude.jpg","type":"image\/jpeg"}],"author":"Reda\u00e7\u00e3o","twitter_card":"summary_large_image","twitter_creator":"@Notibras","twitter_site":"@Notibras","twitter_misc":{"Escrito por":"Reda\u00e7\u00e3o","Est. tempo de leitura":"3 minutos"},"schema":{"@context":"https:\/\/schema.org","@graph":[{"@type":"Article","@id":"https:\/\/www.notibras.com\/site\/acoes-na-justica-deixam-a-saude-de-brasilia-ainda-mais-doente\/#article","isPartOf":{"@id":"https:\/\/www.notibras.com\/site\/acoes-na-justica-deixam-a-saude-de-brasilia-ainda-mais-doente\/"},"author":{"name":"Reda\u00e7\u00e3o","@id":"https:\/\/www.notibras.com\/site\/#\/schema\/person\/36ab0979449956132d3e5b517ea76ac8"},"headline":"A\u00e7\u00f5es na Justi\u00e7a deixam a sa\u00fade de Bras\u00edlia ainda mais doente","datePublished":"2014-04-20T15:25:22+00:00","mainEntityOfPage":{"@id":"https:\/\/www.notibras.com\/site\/acoes-na-justica-deixam-a-saude-de-brasilia-ainda-mais-doente\/"},"wordCount":525,"commentCount":0,"publisher":{"@id":"https:\/\/www.notibras.com\/site\/#organization"},"image":{"@id":"https:\/\/www.notibras.com\/site\/acoes-na-justica-deixam-a-saude-de-brasilia-ainda-mais-doente\/#primaryimage"},"thumbnailUrl":"https:\/\/www.notibras.com\/site\/wp-content\/uploads\/2014\/04\/30112012191404caos-na-saude.jpg","articleSection":["Bras\u00edlia"],"inLanguage":"pt-BR","potentialAction":[{"@type":"CommentAction","name":"Comment","target":["https:\/\/www.notibras.com\/site\/acoes-na-justica-deixam-a-saude-de-brasilia-ainda-mais-doente\/#respond"]}]},{"@type":"WebPage","@id":"https:\/\/www.notibras.com\/site\/acoes-na-justica-deixam-a-saude-de-brasilia-ainda-mais-doente\/","url":"https:\/\/www.notibras.com\/site\/acoes-na-justica-deixam-a-saude-de-brasilia-ainda-mais-doente\/","name":"A\u00e7\u00f5es na Justi\u00e7a deixam a sa\u00fade de Bras\u00edlia ainda mais doente - Notibras","isPartOf":{"@id":"https:\/\/www.notibras.com\/site\/#website"},"primaryImageOfPage":{"@id":"https:\/\/www.notibras.com\/site\/acoes-na-justica-deixam-a-saude-de-brasilia-ainda-mais-doente\/#primaryimage"},"image":{"@id":"https:\/\/www.notibras.com\/site\/acoes-na-justica-deixam-a-saude-de-brasilia-ainda-mais-doente\/#primaryimage"},"thumbnailUrl":"https:\/\/www.notibras.com\/site\/wp-content\/uploads\/2014\/04\/30112012191404caos-na-saude.jpg","datePublished":"2014-04-20T15:25:22+00:00","breadcrumb":{"@id":"https:\/\/www.notibras.com\/site\/acoes-na-justica-deixam-a-saude-de-brasilia-ainda-mais-doente\/#breadcrumb"},"inLanguage":"pt-BR","potentialAction":[{"@type":"ReadAction","target":["https:\/\/www.notibras.com\/site\/acoes-na-justica-deixam-a-saude-de-brasilia-ainda-mais-doente\/"]}]},{"@type":"ImageObject","inLanguage":"pt-BR","@id":"https:\/\/www.notibras.com\/site\/acoes-na-justica-deixam-a-saude-de-brasilia-ainda-mais-doente\/#primaryimage","url":"https:\/\/www.notibras.com\/site\/wp-content\/uploads\/2014\/04\/30112012191404caos-na-saude.jpg","contentUrl":"https:\/\/www.notibras.com\/site\/wp-content\/uploads\/2014\/04\/30112012191404caos-na-saude.jpg","width":565,"height":422},{"@type":"BreadcrumbList","@id":"https:\/\/www.notibras.com\/site\/acoes-na-justica-deixam-a-saude-de-brasilia-ainda-mais-doente\/#breadcrumb","itemListElement":[{"@type":"ListItem","position":1,"name":"In\u00edcio","item":"https:\/\/www.notibras.com\/site\/"},{"@type":"ListItem","position":2,"name":"A\u00e7\u00f5es na Justi\u00e7a deixam a sa\u00fade de Bras\u00edlia ainda mais doente"}]},{"@type":"WebSite","@id":"https:\/\/www.notibras.com\/site\/#website","url":"https:\/\/www.notibras.com\/site\/","name":"Notibras","description":"Not\u00edcias de Bras\u00edlia, do Brasil e do Mundo","publisher":{"@id":"https:\/\/www.notibras.com\/site\/#organization"},"potentialAction":[{"@type":"SearchAction","target":{"@type":"EntryPoint","urlTemplate":"https:\/\/www.notibras.com\/site\/?s={search_term_string}"},"query-input":{"@type":"PropertyValueSpecification","valueRequired":true,"valueName":"search_term_string"}}],"inLanguage":"pt-BR"},{"@type":"Organization","@id":"https:\/\/www.notibras.com\/site\/#organization","name":"Grupo Notibras de Comunica\u00e7\u00e3o","url":"https:\/\/www.notibras.com\/site\/","logo":{"@type":"ImageObject","inLanguage":"pt-BR","@id":"https:\/\/www.notibras.com\/site\/#\/schema\/logo\/image\/","url":"https:\/\/www.notibras.com\/site\/wp-content\/uploads\/2023\/01\/notibras23.png","contentUrl":"https:\/\/www.notibras.com\/site\/wp-content\/uploads\/2023\/01\/notibras23.png","width":350,"height":87,"caption":"Grupo Notibras de Comunica\u00e7\u00e3o"},"image":{"@id":"https:\/\/www.notibras.com\/site\/#\/schema\/logo\/image\/"},"sameAs":["https:\/\/www.facebook.com\/notibras\/","https:\/\/x.com\/Notibras","https:\/\/www.instagram.com\/notibras\/"]},{"@type":"Person","@id":"https:\/\/www.notibras.com\/site\/#\/schema\/person\/36ab0979449956132d3e5b517ea76ac8","name":"Reda\u00e7\u00e3o","image":{"@type":"ImageObject","inLanguage":"pt-BR","@id":"https:\/\/secure.gravatar.com\/avatar\/e0a867bdedb85fd243eadf09663511f96fc81e0720a4a42581f334ad4303aa6b?s=96&d=mm&r=g","url":"https:\/\/secure.gravatar.com\/avatar\/e0a867bdedb85fd243eadf09663511f96fc81e0720a4a42581f334ad4303aa6b?s=96&d=mm&r=g","contentUrl":"https:\/\/secure.gravatar.com\/avatar\/e0a867bdedb85fd243eadf09663511f96fc81e0720a4a42581f334ad4303aa6b?s=96&d=mm&r=g","caption":"Reda\u00e7\u00e3o"}}]}},"amp_enabled":true,"_links":{"self":[{"href":"https:\/\/www.notibras.com\/site\/wp-json\/wp\/v2\/posts\/7209","targetHints":{"allow":["GET"]}}],"collection":[{"href":"https:\/\/www.notibras.com\/site\/wp-json\/wp\/v2\/posts"}],"about":[{"href":"https:\/\/www.notibras.com\/site\/wp-json\/wp\/v2\/types\/post"}],"author":[{"embeddable":true,"href":"https:\/\/www.notibras.com\/site\/wp-json\/wp\/v2\/users\/2"}],"replies":[{"embeddable":true,"href":"https:\/\/www.notibras.com\/site\/wp-json\/wp\/v2\/comments?post=7209"}],"version-history":[{"count":0,"href":"https:\/\/www.notibras.com\/site\/wp-json\/wp\/v2\/posts\/7209\/revisions"}],"wp:featuredmedia":[{"embeddable":true,"href":"https:\/\/www.notibras.com\/site\/wp-json\/wp\/v2\/media\/7210"}],"wp:attachment":[{"href":"https:\/\/www.notibras.com\/site\/wp-json\/wp\/v2\/media?parent=7209"}],"wp:term":[{"taxonomy":"category","embeddable":true,"href":"https:\/\/www.notibras.com\/site\/wp-json\/wp\/v2\/categories?post=7209"},{"taxonomy":"post_tag","embeddable":true,"href":"https:\/\/www.notibras.com\/site\/wp-json\/wp\/v2\/tags?post=7209"}],"curies":[{"name":"wp","href":"https:\/\/api.w.org\/{rel}","templated":true}]}}