{"id":72128,"date":"2015-10-20T07:54:09","date_gmt":"2015-10-20T09:54:09","guid":{"rendered":"http:\/\/www.notibras.com\/site\/?p=72128"},"modified":"2015-10-20T07:55:03","modified_gmt":"2015-10-20T09:55:03","slug":"bolsa-familia-12-anos-depois-vive-sob-pressao-na-crise-mas-ministra-nao-aceita-cortes","status":"publish","type":"post","link":"https:\/\/www.notibras.com\/site\/bolsa-familia-12-anos-depois-vive-sob-pressao-na-crise-mas-ministra-nao-aceita-cortes\/","title":{"rendered":"Bolsa Fam\u00edlia vive sob press\u00e3o 12 anos depois, mas ministra n\u00e3o aceita cortes"},"content":{"rendered":"<p>Com o Bolsa Fam\u00edlia sob press\u00e3o de cortes, a ministra do Desenvolvimento Social, Tereza Campello, defendeu cada centavo dos R$ 28,8 bilh\u00f5es previstos no Or\u00e7amento de 2016 para o programa de transfer\u00eancia de renda, que completa hoje 12 anos.<\/p>\n<p>Qualquer corte no programa, segundo ela, ter\u00e1 impacto no aumento da extrema pobreza. &#8220;Essa \u00e9 a op\u00e7\u00e3o do Brasil? N\u00e3o acredito que o Congresso Nacional far\u00e1 isso.&#8221; Em entrevista ao jornal O Estado de S. Paulo, a ministra disse que o &#8220;debate pol\u00edtico&#8221; est\u00e1 contaminado as pol\u00edticas p\u00fablicas e pediu o fim do &#8220;disse que disse&#8221; sobre fraudes no programa.<\/p>\n<p><b>Corte &#8216;sem d\u00f3&#8217; &#8211;\u00a0<\/b>Criado em 2004 pelo governo Lula, como jun\u00e7\u00e3o de uma s\u00e9rie de programas sociais, o Bolsa Fam\u00edlia entrou na mira do relator-geral do Or\u00e7amento de 2016, deputado Ricardo Barros (PP-PR). Ele disse \u00e0 reportagem que n\u00e3o ter\u00e1 &#8220;d\u00f3&#8221; de cortar recursos do programa para compensar a frustra\u00e7\u00e3o da arrecada\u00e7\u00e3o da nova CMPF, que n\u00e3o deve ser aprovada pelo Congresso. Fraudes no programa permitiriam o corte.<\/p>\n<p>&#8220;N\u00e3o est\u00e1 sobrando dinheiro. Os valores presentes no Or\u00e7amento do ano que vem s\u00e3o muito exatos. Fizemos a conta na ponta do l\u00e1pis. N\u00e3o fizemos uma conta aproximada&#8221;, rebateu Tereza.<\/p>\n<p>Segundo a ministra, fiscaliza\u00e7\u00f5es de \u00f3rg\u00e3os de controle apontam que as fraudes no programa n\u00e3o ultrapassam 1% das 14 milh\u00f5es de fam\u00edlias que ganham o benef\u00edcio.<\/p>\n<p><b>Desafio &#8211;\u00a0<\/b>De acordo com Tereza, h\u00e1 um cruzamento de dados que comprovam a condi\u00e7\u00e3o vulner\u00e1vel das pessoas que recebem o Bolsa Fam\u00edlia. Ela disse que s\u00e3o checadas informa\u00e7\u00f5es sobre trabalho, renda e at\u00e9 a possibilidade de o benefici\u00e1rio ter morrido.<\/p>\n<p>&#8220;Pouco se discute o Bolsa Fam\u00edlia, principalmente no Sul e no Sudeste, a n\u00e3o ser com base em preconceitos. Vamos parar de disse que disse e vamos agir.&#8221; A ministra desafiou as pessoas que afirmam conhecer &#8220;vizinho&#8221; ou &#8220;algu\u00e9m&#8221; que receba o benef\u00edcio sem necessidade a denunci\u00e1-lo.<\/p>\n<p>De acordo com ela, o governo aprimora permanentemente os mecanismos de controle e retira, todo ano, pessoas que n\u00e3o merecem o benef\u00edcio. S\u00f3 no ano passado, 600 mil fam\u00edlias deixaram de ganhar o Bolsa Fam\u00edlia. Ao longo dos 12 anos, foram 3 milh\u00f5es. Entre os canais de comunica\u00e7\u00e3o direta com os benefici\u00e1rios, o governo anunciou ontem o lan\u00e7amento de um aplicativo que pode ser baixado pela popula\u00e7\u00e3o de baixa renda.<\/p>\n<p><b>Rela\u00e7\u00e3o com o Congresso &#8211;\u00a0<\/b>Tereza disse que o Congresso precisa definir como seria a proposta. &#8220;N\u00e3o d\u00e1 para dizer que vai cortar R$ 10 bilh\u00f5es sem dizer o que vai fazer&#8221;, afirmou. Ela questiona se os parlamentares querem mudar as regras de acesso ao Bolsa Fam\u00edlia para reduzir quase 40% no valor do benef\u00edcio ou no n\u00famero de fam\u00edlias contempladas.<\/p>\n<p>A ministra manifestou preocupa\u00e7\u00e3o de que &#8220;esse n\u00edvel de debate&#8221; sirva para trazer mais temor \u00e0 popula\u00e7\u00e3o. &#8220;Esse programa \u00e9 um legado do Pa\u00eds, muito mais do que do PT&#8221;, disse. Segundo ela, nos \u00faltimos anos, o Bolsa Fam\u00edlia contribuiu para retirar 36 milh\u00f5es de brasileiros da extrema pobreza, sendo 8 milh\u00f5es de crian\u00e7as. &#8220;Qualquer corte ter\u00e1 ampla consequ\u00eancia nesses indicadores sociais.&#8221;<\/p>\n<p>&#8220;\u00c9 justamente no momento de maior dificuldade econ\u00f4mica do Pa\u00eds que a popula\u00e7\u00e3o de baixa renda mais precisa de prote\u00e7\u00e3o. A discuss\u00e3o do Or\u00e7amento n\u00e3o vai poder prejudicar justamente aqueles mais vulner\u00e1veis, aqueles que mais precisam&#8221;, afirmou.<\/p>\n<p><b>Press\u00e3o &#8211;\u00a0<\/b>Com a amea\u00e7a de corte em um dos programas vitrines da gest\u00e3o do PT, Barros, relator do Or\u00e7amento, pressiona a equipe econ\u00f4mica para tomar uma decis\u00e3o r\u00e1pida em rela\u00e7\u00e3o a medidas de aumento de impostos. Ele j\u00e1 avisou que n\u00e3o pretende incluir a nova CPMF. Ele tem defendido enfaticamente o aumento da Cide do combust\u00edvel, que n\u00e3o precisa de aprova\u00e7\u00e3o no Congresso.<\/p>\n<p><img loading=\"lazy\" decoding=\"async\" class=\"alignnone size-full wp-image-70065\" src=\"http:\/\/www.notibras.com\/site\/wp-content\/uploads\/2015\/10\/estadao.png\" alt=\"estadao\" width=\"99\" height=\"16\" \/><\/p>\n","protected":false},"excerpt":{"rendered":"<p>Com o Bolsa Fam\u00edlia sob press\u00e3o de cortes, a ministra do Desenvolvimento Social, Tereza Campello, defendeu cada centavo dos R$ 28,8 bilh\u00f5es previstos no Or\u00e7amento de 2016 para o programa de transfer\u00eancia de renda, que completa hoje 12 anos. Qualquer corte no programa, segundo ela, ter\u00e1 impacto no aumento da extrema pobreza. &#8220;Essa \u00e9 a [&hellip;]<\/p>\n","protected":false},"author":2,"featured_media":72129,"comment_status":"open","ping_status":"closed","sticky":false,"template":"","format":"standard","meta":{"_acf_changed":false,"footnotes":""},"categories":[16],"tags":[],"class_list":["post-72128","post","type-post","status-publish","format-standard","has-post-thumbnail","hentry","category-brasil"],"acf":[],"yoast_head":"<!-- This site is optimized with the Yoast SEO plugin v27.5 - https:\/\/yoast.com\/product\/yoast-seo-wordpress\/ -->\n<title>Bolsa Fam\u00edlia vive sob press\u00e3o 12 anos depois, mas ministra n\u00e3o aceita cortes - Notibras<\/title>\n<meta name=\"robots\" content=\"index, follow, max-snippet:-1, max-image-preview:large, max-video-preview:-1\" \/>\n<link rel=\"canonical\" href=\"https:\/\/www.notibras.com\/site\/bolsa-familia-12-anos-depois-vive-sob-pressao-na-crise-mas-ministra-nao-aceita-cortes\/\" \/>\n<meta property=\"og:locale\" content=\"pt_BR\" \/>\n<meta property=\"og:type\" content=\"article\" \/>\n<meta property=\"og:title\" content=\"Bolsa Fam\u00edlia vive sob press\u00e3o 12 anos depois, mas ministra n\u00e3o aceita cortes - Notibras\" \/>\n<meta property=\"og:description\" content=\"Com o Bolsa Fam\u00edlia sob press\u00e3o de cortes, a ministra do Desenvolvimento Social, Tereza Campello, defendeu cada centavo dos R$ 28,8 bilh\u00f5es previstos no Or\u00e7amento de 2016 para o programa de transfer\u00eancia de renda, que completa hoje 12 anos. Qualquer corte no programa, segundo ela, ter\u00e1 impacto no aumento da extrema pobreza. &#8220;Essa \u00e9 a [&hellip;]\" \/>\n<meta property=\"og:url\" content=\"https:\/\/www.notibras.com\/site\/bolsa-familia-12-anos-depois-vive-sob-pressao-na-crise-mas-ministra-nao-aceita-cortes\/\" \/>\n<meta property=\"og:site_name\" content=\"Notibras\" \/>\n<meta property=\"article:publisher\" content=\"https:\/\/www.facebook.com\/notibras\/\" \/>\n<meta property=\"article:published_time\" content=\"2015-10-20T09:54:09+00:00\" \/>\n<meta property=\"article:modified_time\" content=\"2015-10-20T09:55:03+00:00\" \/>\n<meta property=\"og:image\" content=\"https:\/\/www.notibras.com\/site\/wp-content\/uploads\/2015\/10\/bolsa-familia-caixa.jpg\" \/>\n\t<meta property=\"og:image:width\" content=\"635\" \/>\n\t<meta property=\"og:image:height\" content=\"357\" \/>\n\t<meta property=\"og:image:type\" content=\"image\/jpeg\" \/>\n<meta name=\"author\" content=\"Reda\u00e7\u00e3o\" \/>\n<meta name=\"twitter:card\" content=\"summary_large_image\" \/>\n<meta name=\"twitter:creator\" content=\"@Notibras\" \/>\n<meta name=\"twitter:site\" content=\"@Notibras\" \/>\n<meta name=\"twitter:label1\" content=\"Escrito por\" \/>\n\t<meta name=\"twitter:data1\" content=\"Reda\u00e7\u00e3o\" \/>\n\t<meta name=\"twitter:label2\" content=\"Est. tempo de leitura\" \/>\n\t<meta name=\"twitter:data2\" content=\"3 minutos\" \/>\n<script type=\"application\/ld+json\" class=\"yoast-schema-graph\">{\"@context\":\"https:\\\/\\\/schema.org\",\"@graph\":[{\"@type\":\"Article\",\"@id\":\"https:\\\/\\\/www.notibras.com\\\/site\\\/bolsa-familia-12-anos-depois-vive-sob-pressao-na-crise-mas-ministra-nao-aceita-cortes\\\/#article\",\"isPartOf\":{\"@id\":\"https:\\\/\\\/www.notibras.com\\\/site\\\/bolsa-familia-12-anos-depois-vive-sob-pressao-na-crise-mas-ministra-nao-aceita-cortes\\\/\"},\"author\":{\"name\":\"Reda\u00e7\u00e3o\",\"@id\":\"https:\\\/\\\/www.notibras.com\\\/site\\\/#\\\/schema\\\/person\\\/36ab0979449956132d3e5b517ea76ac8\"},\"headline\":\"Bolsa Fam\u00edlia vive sob press\u00e3o 12 anos depois, mas ministra n\u00e3o aceita cortes\",\"datePublished\":\"2015-10-20T09:54:09+00:00\",\"dateModified\":\"2015-10-20T09:55:03+00:00\",\"mainEntityOfPage\":{\"@id\":\"https:\\\/\\\/www.notibras.com\\\/site\\\/bolsa-familia-12-anos-depois-vive-sob-pressao-na-crise-mas-ministra-nao-aceita-cortes\\\/\"},\"wordCount\":688,\"commentCount\":0,\"publisher\":{\"@id\":\"https:\\\/\\\/www.notibras.com\\\/site\\\/#organization\"},\"image\":{\"@id\":\"https:\\\/\\\/www.notibras.com\\\/site\\\/bolsa-familia-12-anos-depois-vive-sob-pressao-na-crise-mas-ministra-nao-aceita-cortes\\\/#primaryimage\"},\"thumbnailUrl\":\"https:\\\/\\\/www.notibras.com\\\/site\\\/wp-content\\\/uploads\\\/2015\\\/10\\\/bolsa-familia-caixa.jpg\",\"articleSection\":[\"Brasil\"],\"inLanguage\":\"pt-BR\",\"potentialAction\":[{\"@type\":\"CommentAction\",\"name\":\"Comment\",\"target\":[\"https:\\\/\\\/www.notibras.com\\\/site\\\/bolsa-familia-12-anos-depois-vive-sob-pressao-na-crise-mas-ministra-nao-aceita-cortes\\\/#respond\"]}]},{\"@type\":\"WebPage\",\"@id\":\"https:\\\/\\\/www.notibras.com\\\/site\\\/bolsa-familia-12-anos-depois-vive-sob-pressao-na-crise-mas-ministra-nao-aceita-cortes\\\/\",\"url\":\"https:\\\/\\\/www.notibras.com\\\/site\\\/bolsa-familia-12-anos-depois-vive-sob-pressao-na-crise-mas-ministra-nao-aceita-cortes\\\/\",\"name\":\"Bolsa Fam\u00edlia vive sob press\u00e3o 12 anos depois, mas ministra n\u00e3o aceita cortes - Notibras\",\"isPartOf\":{\"@id\":\"https:\\\/\\\/www.notibras.com\\\/site\\\/#website\"},\"primaryImageOfPage\":{\"@id\":\"https:\\\/\\\/www.notibras.com\\\/site\\\/bolsa-familia-12-anos-depois-vive-sob-pressao-na-crise-mas-ministra-nao-aceita-cortes\\\/#primaryimage\"},\"image\":{\"@id\":\"https:\\\/\\\/www.notibras.com\\\/site\\\/bolsa-familia-12-anos-depois-vive-sob-pressao-na-crise-mas-ministra-nao-aceita-cortes\\\/#primaryimage\"},\"thumbnailUrl\":\"https:\\\/\\\/www.notibras.com\\\/site\\\/wp-content\\\/uploads\\\/2015\\\/10\\\/bolsa-familia-caixa.jpg\",\"datePublished\":\"2015-10-20T09:54:09+00:00\",\"dateModified\":\"2015-10-20T09:55:03+00:00\",\"breadcrumb\":{\"@id\":\"https:\\\/\\\/www.notibras.com\\\/site\\\/bolsa-familia-12-anos-depois-vive-sob-pressao-na-crise-mas-ministra-nao-aceita-cortes\\\/#breadcrumb\"},\"inLanguage\":\"pt-BR\",\"potentialAction\":[{\"@type\":\"ReadAction\",\"target\":[\"https:\\\/\\\/www.notibras.com\\\/site\\\/bolsa-familia-12-anos-depois-vive-sob-pressao-na-crise-mas-ministra-nao-aceita-cortes\\\/\"]}]},{\"@type\":\"ImageObject\",\"inLanguage\":\"pt-BR\",\"@id\":\"https:\\\/\\\/www.notibras.com\\\/site\\\/bolsa-familia-12-anos-depois-vive-sob-pressao-na-crise-mas-ministra-nao-aceita-cortes\\\/#primaryimage\",\"url\":\"https:\\\/\\\/www.notibras.com\\\/site\\\/wp-content\\\/uploads\\\/2015\\\/10\\\/bolsa-familia-caixa.jpg\",\"contentUrl\":\"https:\\\/\\\/www.notibras.com\\\/site\\\/wp-content\\\/uploads\\\/2015\\\/10\\\/bolsa-familia-caixa.jpg\",\"width\":635,\"height\":357},{\"@type\":\"BreadcrumbList\",\"@id\":\"https:\\\/\\\/www.notibras.com\\\/site\\\/bolsa-familia-12-anos-depois-vive-sob-pressao-na-crise-mas-ministra-nao-aceita-cortes\\\/#breadcrumb\",\"itemListElement\":[{\"@type\":\"ListItem\",\"position\":1,\"name\":\"In\u00edcio\",\"item\":\"https:\\\/\\\/www.notibras.com\\\/site\\\/\"},{\"@type\":\"ListItem\",\"position\":2,\"name\":\"Bolsa Fam\u00edlia vive sob press\u00e3o 12 anos depois, mas ministra n\u00e3o aceita cortes\"}]},{\"@type\":\"WebSite\",\"@id\":\"https:\\\/\\\/www.notibras.com\\\/site\\\/#website\",\"url\":\"https:\\\/\\\/www.notibras.com\\\/site\\\/\",\"name\":\"Notibras\",\"description\":\"Not\u00edcias de Bras\u00edlia, do Brasil e do Mundo\",\"publisher\":{\"@id\":\"https:\\\/\\\/www.notibras.com\\\/site\\\/#organization\"},\"potentialAction\":[{\"@type\":\"SearchAction\",\"target\":{\"@type\":\"EntryPoint\",\"urlTemplate\":\"https:\\\/\\\/www.notibras.com\\\/site\\\/?s={search_term_string}\"},\"query-input\":{\"@type\":\"PropertyValueSpecification\",\"valueRequired\":true,\"valueName\":\"search_term_string\"}}],\"inLanguage\":\"pt-BR\"},{\"@type\":\"Organization\",\"@id\":\"https:\\\/\\\/www.notibras.com\\\/site\\\/#organization\",\"name\":\"Grupo Notibras de Comunica\u00e7\u00e3o\",\"url\":\"https:\\\/\\\/www.notibras.com\\\/site\\\/\",\"logo\":{\"@type\":\"ImageObject\",\"inLanguage\":\"pt-BR\",\"@id\":\"https:\\\/\\\/www.notibras.com\\\/site\\\/#\\\/schema\\\/logo\\\/image\\\/\",\"url\":\"https:\\\/\\\/www.notibras.com\\\/site\\\/wp-content\\\/uploads\\\/2023\\\/01\\\/notibras23.png\",\"contentUrl\":\"https:\\\/\\\/www.notibras.com\\\/site\\\/wp-content\\\/uploads\\\/2023\\\/01\\\/notibras23.png\",\"width\":350,\"height\":87,\"caption\":\"Grupo Notibras de Comunica\u00e7\u00e3o\"},\"image\":{\"@id\":\"https:\\\/\\\/www.notibras.com\\\/site\\\/#\\\/schema\\\/logo\\\/image\\\/\"},\"sameAs\":[\"https:\\\/\\\/www.facebook.com\\\/notibras\\\/\",\"https:\\\/\\\/x.com\\\/Notibras\",\"https:\\\/\\\/www.instagram.com\\\/notibras\\\/\"]},{\"@type\":\"Person\",\"@id\":\"https:\\\/\\\/www.notibras.com\\\/site\\\/#\\\/schema\\\/person\\\/36ab0979449956132d3e5b517ea76ac8\",\"name\":\"Reda\u00e7\u00e3o\",\"image\":{\"@type\":\"ImageObject\",\"inLanguage\":\"pt-BR\",\"@id\":\"https:\\\/\\\/secure.gravatar.com\\\/avatar\\\/e0a867bdedb85fd243eadf09663511f96fc81e0720a4a42581f334ad4303aa6b?s=96&d=mm&r=g\",\"url\":\"https:\\\/\\\/secure.gravatar.com\\\/avatar\\\/e0a867bdedb85fd243eadf09663511f96fc81e0720a4a42581f334ad4303aa6b?s=96&d=mm&r=g\",\"contentUrl\":\"https:\\\/\\\/secure.gravatar.com\\\/avatar\\\/e0a867bdedb85fd243eadf09663511f96fc81e0720a4a42581f334ad4303aa6b?s=96&d=mm&r=g\",\"caption\":\"Reda\u00e7\u00e3o\"}}]}<\/script>\n<!-- \/ Yoast SEO plugin. -->","yoast_head_json":{"title":"Bolsa Fam\u00edlia vive sob press\u00e3o 12 anos depois, mas ministra n\u00e3o aceita cortes - Notibras","robots":{"index":"index","follow":"follow","max-snippet":"max-snippet:-1","max-image-preview":"max-image-preview:large","max-video-preview":"max-video-preview:-1"},"canonical":"https:\/\/www.notibras.com\/site\/bolsa-familia-12-anos-depois-vive-sob-pressao-na-crise-mas-ministra-nao-aceita-cortes\/","og_locale":"pt_BR","og_type":"article","og_title":"Bolsa Fam\u00edlia vive sob press\u00e3o 12 anos depois, mas ministra n\u00e3o aceita cortes - Notibras","og_description":"Com o Bolsa Fam\u00edlia sob press\u00e3o de cortes, a ministra do Desenvolvimento Social, Tereza Campello, defendeu cada centavo dos R$ 28,8 bilh\u00f5es previstos no Or\u00e7amento de 2016 para o programa de transfer\u00eancia de renda, que completa hoje 12 anos. Qualquer corte no programa, segundo ela, ter\u00e1 impacto no aumento da extrema pobreza. &#8220;Essa \u00e9 a [&hellip;]","og_url":"https:\/\/www.notibras.com\/site\/bolsa-familia-12-anos-depois-vive-sob-pressao-na-crise-mas-ministra-nao-aceita-cortes\/","og_site_name":"Notibras","article_publisher":"https:\/\/www.facebook.com\/notibras\/","article_published_time":"2015-10-20T09:54:09+00:00","article_modified_time":"2015-10-20T09:55:03+00:00","og_image":[{"width":635,"height":357,"url":"https:\/\/www.notibras.com\/site\/wp-content\/uploads\/2015\/10\/bolsa-familia-caixa.jpg","type":"image\/jpeg"}],"author":"Reda\u00e7\u00e3o","twitter_card":"summary_large_image","twitter_creator":"@Notibras","twitter_site":"@Notibras","twitter_misc":{"Escrito por":"Reda\u00e7\u00e3o","Est. tempo de leitura":"3 minutos"},"schema":{"@context":"https:\/\/schema.org","@graph":[{"@type":"Article","@id":"https:\/\/www.notibras.com\/site\/bolsa-familia-12-anos-depois-vive-sob-pressao-na-crise-mas-ministra-nao-aceita-cortes\/#article","isPartOf":{"@id":"https:\/\/www.notibras.com\/site\/bolsa-familia-12-anos-depois-vive-sob-pressao-na-crise-mas-ministra-nao-aceita-cortes\/"},"author":{"name":"Reda\u00e7\u00e3o","@id":"https:\/\/www.notibras.com\/site\/#\/schema\/person\/36ab0979449956132d3e5b517ea76ac8"},"headline":"Bolsa Fam\u00edlia vive sob press\u00e3o 12 anos depois, mas ministra n\u00e3o aceita cortes","datePublished":"2015-10-20T09:54:09+00:00","dateModified":"2015-10-20T09:55:03+00:00","mainEntityOfPage":{"@id":"https:\/\/www.notibras.com\/site\/bolsa-familia-12-anos-depois-vive-sob-pressao-na-crise-mas-ministra-nao-aceita-cortes\/"},"wordCount":688,"commentCount":0,"publisher":{"@id":"https:\/\/www.notibras.com\/site\/#organization"},"image":{"@id":"https:\/\/www.notibras.com\/site\/bolsa-familia-12-anos-depois-vive-sob-pressao-na-crise-mas-ministra-nao-aceita-cortes\/#primaryimage"},"thumbnailUrl":"https:\/\/www.notibras.com\/site\/wp-content\/uploads\/2015\/10\/bolsa-familia-caixa.jpg","articleSection":["Brasil"],"inLanguage":"pt-BR","potentialAction":[{"@type":"CommentAction","name":"Comment","target":["https:\/\/www.notibras.com\/site\/bolsa-familia-12-anos-depois-vive-sob-pressao-na-crise-mas-ministra-nao-aceita-cortes\/#respond"]}]},{"@type":"WebPage","@id":"https:\/\/www.notibras.com\/site\/bolsa-familia-12-anos-depois-vive-sob-pressao-na-crise-mas-ministra-nao-aceita-cortes\/","url":"https:\/\/www.notibras.com\/site\/bolsa-familia-12-anos-depois-vive-sob-pressao-na-crise-mas-ministra-nao-aceita-cortes\/","name":"Bolsa Fam\u00edlia vive sob press\u00e3o 12 anos depois, mas ministra n\u00e3o aceita cortes - Notibras","isPartOf":{"@id":"https:\/\/www.notibras.com\/site\/#website"},"primaryImageOfPage":{"@id":"https:\/\/www.notibras.com\/site\/bolsa-familia-12-anos-depois-vive-sob-pressao-na-crise-mas-ministra-nao-aceita-cortes\/#primaryimage"},"image":{"@id":"https:\/\/www.notibras.com\/site\/bolsa-familia-12-anos-depois-vive-sob-pressao-na-crise-mas-ministra-nao-aceita-cortes\/#primaryimage"},"thumbnailUrl":"https:\/\/www.notibras.com\/site\/wp-content\/uploads\/2015\/10\/bolsa-familia-caixa.jpg","datePublished":"2015-10-20T09:54:09+00:00","dateModified":"2015-10-20T09:55:03+00:00","breadcrumb":{"@id":"https:\/\/www.notibras.com\/site\/bolsa-familia-12-anos-depois-vive-sob-pressao-na-crise-mas-ministra-nao-aceita-cortes\/#breadcrumb"},"inLanguage":"pt-BR","potentialAction":[{"@type":"ReadAction","target":["https:\/\/www.notibras.com\/site\/bolsa-familia-12-anos-depois-vive-sob-pressao-na-crise-mas-ministra-nao-aceita-cortes\/"]}]},{"@type":"ImageObject","inLanguage":"pt-BR","@id":"https:\/\/www.notibras.com\/site\/bolsa-familia-12-anos-depois-vive-sob-pressao-na-crise-mas-ministra-nao-aceita-cortes\/#primaryimage","url":"https:\/\/www.notibras.com\/site\/wp-content\/uploads\/2015\/10\/bolsa-familia-caixa.jpg","contentUrl":"https:\/\/www.notibras.com\/site\/wp-content\/uploads\/2015\/10\/bolsa-familia-caixa.jpg","width":635,"height":357},{"@type":"BreadcrumbList","@id":"https:\/\/www.notibras.com\/site\/bolsa-familia-12-anos-depois-vive-sob-pressao-na-crise-mas-ministra-nao-aceita-cortes\/#breadcrumb","itemListElement":[{"@type":"ListItem","position":1,"name":"In\u00edcio","item":"https:\/\/www.notibras.com\/site\/"},{"@type":"ListItem","position":2,"name":"Bolsa Fam\u00edlia vive sob press\u00e3o 12 anos depois, mas ministra n\u00e3o aceita cortes"}]},{"@type":"WebSite","@id":"https:\/\/www.notibras.com\/site\/#website","url":"https:\/\/www.notibras.com\/site\/","name":"Notibras","description":"Not\u00edcias de Bras\u00edlia, do Brasil e do Mundo","publisher":{"@id":"https:\/\/www.notibras.com\/site\/#organization"},"potentialAction":[{"@type":"SearchAction","target":{"@type":"EntryPoint","urlTemplate":"https:\/\/www.notibras.com\/site\/?s={search_term_string}"},"query-input":{"@type":"PropertyValueSpecification","valueRequired":true,"valueName":"search_term_string"}}],"inLanguage":"pt-BR"},{"@type":"Organization","@id":"https:\/\/www.notibras.com\/site\/#organization","name":"Grupo Notibras de Comunica\u00e7\u00e3o","url":"https:\/\/www.notibras.com\/site\/","logo":{"@type":"ImageObject","inLanguage":"pt-BR","@id":"https:\/\/www.notibras.com\/site\/#\/schema\/logo\/image\/","url":"https:\/\/www.notibras.com\/site\/wp-content\/uploads\/2023\/01\/notibras23.png","contentUrl":"https:\/\/www.notibras.com\/site\/wp-content\/uploads\/2023\/01\/notibras23.png","width":350,"height":87,"caption":"Grupo Notibras de Comunica\u00e7\u00e3o"},"image":{"@id":"https:\/\/www.notibras.com\/site\/#\/schema\/logo\/image\/"},"sameAs":["https:\/\/www.facebook.com\/notibras\/","https:\/\/x.com\/Notibras","https:\/\/www.instagram.com\/notibras\/"]},{"@type":"Person","@id":"https:\/\/www.notibras.com\/site\/#\/schema\/person\/36ab0979449956132d3e5b517ea76ac8","name":"Reda\u00e7\u00e3o","image":{"@type":"ImageObject","inLanguage":"pt-BR","@id":"https:\/\/secure.gravatar.com\/avatar\/e0a867bdedb85fd243eadf09663511f96fc81e0720a4a42581f334ad4303aa6b?s=96&d=mm&r=g","url":"https:\/\/secure.gravatar.com\/avatar\/e0a867bdedb85fd243eadf09663511f96fc81e0720a4a42581f334ad4303aa6b?s=96&d=mm&r=g","contentUrl":"https:\/\/secure.gravatar.com\/avatar\/e0a867bdedb85fd243eadf09663511f96fc81e0720a4a42581f334ad4303aa6b?s=96&d=mm&r=g","caption":"Reda\u00e7\u00e3o"}}]}},"amp_enabled":true,"_links":{"self":[{"href":"https:\/\/www.notibras.com\/site\/wp-json\/wp\/v2\/posts\/72128","targetHints":{"allow":["GET"]}}],"collection":[{"href":"https:\/\/www.notibras.com\/site\/wp-json\/wp\/v2\/posts"}],"about":[{"href":"https:\/\/www.notibras.com\/site\/wp-json\/wp\/v2\/types\/post"}],"author":[{"embeddable":true,"href":"https:\/\/www.notibras.com\/site\/wp-json\/wp\/v2\/users\/2"}],"replies":[{"embeddable":true,"href":"https:\/\/www.notibras.com\/site\/wp-json\/wp\/v2\/comments?post=72128"}],"version-history":[{"count":2,"href":"https:\/\/www.notibras.com\/site\/wp-json\/wp\/v2\/posts\/72128\/revisions"}],"predecessor-version":[{"id":72131,"href":"https:\/\/www.notibras.com\/site\/wp-json\/wp\/v2\/posts\/72128\/revisions\/72131"}],"wp:featuredmedia":[{"embeddable":true,"href":"https:\/\/www.notibras.com\/site\/wp-json\/wp\/v2\/media\/72129"}],"wp:attachment":[{"href":"https:\/\/www.notibras.com\/site\/wp-json\/wp\/v2\/media?parent=72128"}],"wp:term":[{"taxonomy":"category","embeddable":true,"href":"https:\/\/www.notibras.com\/site\/wp-json\/wp\/v2\/categories?post=72128"},{"taxonomy":"post_tag","embeddable":true,"href":"https:\/\/www.notibras.com\/site\/wp-json\/wp\/v2\/tags?post=72128"}],"curies":[{"name":"wp","href":"https:\/\/api.w.org\/{rel}","templated":true}]}}