{"id":72179,"date":"2015-10-20T12:49:51","date_gmt":"2015-10-20T14:49:51","guid":{"rendered":"http:\/\/www.notibras.com\/site\/?p=72179"},"modified":"2015-10-20T23:42:16","modified_gmt":"2015-10-21T01:42:16","slug":"barranco-desmorona-e-deixa-cinco-garimpeiros-feridos-na-nova-serra-pelada","status":"publish","type":"post","link":"https:\/\/www.notibras.com\/site\/barranco-desmorona-e-deixa-cinco-garimpeiros-feridos-na-nova-serra-pelada\/","title":{"rendered":"Barranco desmorona e deixa cinco garimpeiros feridos na mina da nova Serra Pelada"},"content":{"rendered":"<p>Pelo menos cinco pessoas ficaram feridas, na tarde de segunda-feira, 19, no garimpo da Serra da Borda, pr\u00f3ximo ao munic\u00edpio de Pontes e Lacerda, a 485 quil\u00f4metros de Cuiab\u00e1. A informa\u00e7\u00e3o \u00e9 do Corpo de Bombeiros. De acordo com boletim da corpora\u00e7\u00e3o, os trabalhadores foram soterrados com o desmoronamento de uma galeria aberta para extra\u00e7\u00e3o do ouro. Os trabalhadores soterrados foram retirados e encaminhados para hospital da cidade e passam bem.<\/p>\n<p>Nesta ter\u00e7a-feira, 20, por determina\u00e7\u00e3o da Justi\u00e7a Federal, devem come\u00e7ar as retiradas dos garimpeiros da regi\u00e3o.<\/p>\n<p>O garimpo da Serra da Borda, tamb\u00e9m chamado de &#8220;Serra Pelada de Mato Grosso&#8221;, tem atra\u00eddo milhares de aventureiros em busca do &#8220;El Dourado&#8221; mato-grossense. De acordo com informa\u00e7\u00f5es oficiais da prefeitura, pelo menos 5,5 mil pessoas chegaram ao munic\u00edpio nos \u00faltimos 45 dias.<\/p>\n<p>Na tarde de sexta-feira, 16, o juiz federal Francisco Antonio de Moura Junior, substituto na 1\u00aa Vara Federal da Subse\u00e7\u00e3o de C\u00e1ceres, determinou a pedido do Minist\u00e9rio P\u00fablico Federal (MPF) o fim da explora\u00e7\u00e3o ilegal de ouro na regi\u00e3o e a retirada das pessoas (crian\u00e7as, homens e mulheres) e das m\u00e1quinas.<\/p>\n<p>A a\u00e7\u00e3o do MPF relata a exist\u00eancia de mais de 5 mil pessoas garimpando na regi\u00e3o, que dista cerca de 10 quil\u00f4metros da cidade de Pontes e Lacerda. Narra o MPF que &#8220;n\u00e3o h\u00e1 autoriza\u00e7\u00e3o em favor de nenhuma empresa no Departamento Nacional de Produ\u00e7\u00e3o Mineral &#8211; DNPM e que h\u00e1 ineg\u00e1vel impacto danoso na cidade e regi\u00e3o, tanto no que se refere aos danos ambientais quanto no fato de se tratar de regi\u00e3o de fronteira, onde incidem organiza\u00e7\u00f5es criminosas ligadas ao tr\u00e1fico de entorpecentes e de armas, o que poder\u00e1 gerar conflitos em pouco tempo&#8221;.<\/p>\n<p><img loading=\"lazy\" decoding=\"async\" class=\"alignnone size-full wp-image-70065\" src=\"http:\/\/www.notibras.com\/site\/wp-content\/uploads\/2015\/10\/estadao.png\" alt=\"estadao\" width=\"99\" height=\"16\" \/><\/p>\n","protected":false},"excerpt":{"rendered":"<p>Pelo menos cinco pessoas ficaram feridas, na tarde de segunda-feira, 19, no garimpo da Serra da Borda, pr\u00f3ximo ao munic\u00edpio de Pontes e Lacerda, a 485 quil\u00f4metros de Cuiab\u00e1. A informa\u00e7\u00e3o \u00e9 do Corpo de Bombeiros. De acordo com boletim da corpora\u00e7\u00e3o, os trabalhadores foram soterrados com o desmoronamento de uma galeria aberta para extra\u00e7\u00e3o [&hellip;]<\/p>\n","protected":false},"author":2,"featured_media":72180,"comment_status":"open","ping_status":"closed","sticky":false,"template":"","format":"standard","meta":{"_acf_changed":false,"footnotes":""},"categories":[16],"tags":[],"class_list":["post-72179","post","type-post","status-publish","format-standard","has-post-thumbnail","hentry","category-brasil"],"acf":[],"yoast_head":"<!-- This site is optimized with the Yoast SEO plugin v27.2 - https:\/\/yoast.com\/product\/yoast-seo-wordpress\/ -->\n<title>Barranco desmorona e deixa cinco garimpeiros feridos na mina da nova Serra Pelada - Notibras<\/title>\n<meta name=\"robots\" content=\"index, follow, max-snippet:-1, max-image-preview:large, max-video-preview:-1\" \/>\n<link rel=\"canonical\" href=\"https:\/\/www.notibras.com\/site\/barranco-desmorona-e-deixa-cinco-garimpeiros-feridos-na-nova-serra-pelada\/\" \/>\n<meta property=\"og:locale\" content=\"pt_BR\" \/>\n<meta property=\"og:type\" content=\"article\" \/>\n<meta property=\"og:title\" content=\"Barranco desmorona e deixa cinco garimpeiros feridos na mina da nova Serra Pelada - Notibras\" \/>\n<meta property=\"og:description\" content=\"Pelo menos cinco pessoas ficaram feridas, na tarde de segunda-feira, 19, no garimpo da Serra da Borda, pr\u00f3ximo ao munic\u00edpio de Pontes e Lacerda, a 485 quil\u00f4metros de Cuiab\u00e1. A informa\u00e7\u00e3o \u00e9 do Corpo de Bombeiros. De acordo com boletim da corpora\u00e7\u00e3o, os trabalhadores foram soterrados com o desmoronamento de uma galeria aberta para extra\u00e7\u00e3o [&hellip;]\" \/>\n<meta property=\"og:url\" content=\"https:\/\/www.notibras.com\/site\/barranco-desmorona-e-deixa-cinco-garimpeiros-feridos-na-nova-serra-pelada\/\" \/>\n<meta property=\"og:site_name\" content=\"Notibras\" \/>\n<meta property=\"article:publisher\" content=\"https:\/\/www.facebook.com\/notibras\/\" \/>\n<meta property=\"article:published_time\" content=\"2015-10-20T14:49:51+00:00\" \/>\n<meta property=\"article:modified_time\" content=\"2015-10-21T01:42:16+00:00\" \/>\n<meta property=\"og:image\" content=\"https:\/\/www.notibras.com\/site\/wp-content\/uploads\/2015\/10\/serpe.jpg\" \/>\n\t<meta property=\"og:image:width\" content=\"1024\" \/>\n\t<meta property=\"og:image:height\" content=\"762\" \/>\n\t<meta property=\"og:image:type\" content=\"image\/jpeg\" \/>\n<meta name=\"author\" content=\"Reda\u00e7\u00e3o\" \/>\n<meta name=\"twitter:card\" content=\"summary_large_image\" \/>\n<meta name=\"twitter:creator\" content=\"@Notibras\" \/>\n<meta name=\"twitter:site\" content=\"@Notibras\" \/>\n<meta name=\"twitter:label1\" content=\"Escrito por\" \/>\n\t<meta name=\"twitter:data1\" content=\"Reda\u00e7\u00e3o\" \/>\n\t<meta name=\"twitter:label2\" content=\"Est. tempo de leitura\" \/>\n\t<meta name=\"twitter:data2\" content=\"2 minutos\" \/>\n<script type=\"application\/ld+json\" class=\"yoast-schema-graph\">{\"@context\":\"https:\/\/schema.org\",\"@graph\":[{\"@type\":\"Article\",\"@id\":\"https:\/\/www.notibras.com\/site\/barranco-desmorona-e-deixa-cinco-garimpeiros-feridos-na-nova-serra-pelada\/#article\",\"isPartOf\":{\"@id\":\"https:\/\/www.notibras.com\/site\/barranco-desmorona-e-deixa-cinco-garimpeiros-feridos-na-nova-serra-pelada\/\"},\"author\":{\"name\":\"Reda\u00e7\u00e3o\",\"@id\":\"https:\/\/www.notibras.com\/site\/#\/schema\/person\/36ab0979449956132d3e5b517ea76ac8\"},\"headline\":\"Barranco desmorona e deixa cinco garimpeiros feridos na mina da nova Serra Pelada\",\"datePublished\":\"2015-10-20T14:49:51+00:00\",\"dateModified\":\"2015-10-21T01:42:16+00:00\",\"mainEntityOfPage\":{\"@id\":\"https:\/\/www.notibras.com\/site\/barranco-desmorona-e-deixa-cinco-garimpeiros-feridos-na-nova-serra-pelada\/\"},\"wordCount\":316,\"commentCount\":0,\"publisher\":{\"@id\":\"https:\/\/www.notibras.com\/site\/#organization\"},\"image\":{\"@id\":\"https:\/\/www.notibras.com\/site\/barranco-desmorona-e-deixa-cinco-garimpeiros-feridos-na-nova-serra-pelada\/#primaryimage\"},\"thumbnailUrl\":\"https:\/\/www.notibras.com\/site\/wp-content\/uploads\/2015\/10\/serpe.jpg\",\"articleSection\":[\"Brasil\"],\"inLanguage\":\"pt-BR\",\"potentialAction\":[{\"@type\":\"CommentAction\",\"name\":\"Comment\",\"target\":[\"https:\/\/www.notibras.com\/site\/barranco-desmorona-e-deixa-cinco-garimpeiros-feridos-na-nova-serra-pelada\/#respond\"]}]},{\"@type\":\"WebPage\",\"@id\":\"https:\/\/www.notibras.com\/site\/barranco-desmorona-e-deixa-cinco-garimpeiros-feridos-na-nova-serra-pelada\/\",\"url\":\"https:\/\/www.notibras.com\/site\/barranco-desmorona-e-deixa-cinco-garimpeiros-feridos-na-nova-serra-pelada\/\",\"name\":\"Barranco desmorona e deixa cinco garimpeiros feridos na mina da nova Serra Pelada - Notibras\",\"isPartOf\":{\"@id\":\"https:\/\/www.notibras.com\/site\/#website\"},\"primaryImageOfPage\":{\"@id\":\"https:\/\/www.notibras.com\/site\/barranco-desmorona-e-deixa-cinco-garimpeiros-feridos-na-nova-serra-pelada\/#primaryimage\"},\"image\":{\"@id\":\"https:\/\/www.notibras.com\/site\/barranco-desmorona-e-deixa-cinco-garimpeiros-feridos-na-nova-serra-pelada\/#primaryimage\"},\"thumbnailUrl\":\"https:\/\/www.notibras.com\/site\/wp-content\/uploads\/2015\/10\/serpe.jpg\",\"datePublished\":\"2015-10-20T14:49:51+00:00\",\"dateModified\":\"2015-10-21T01:42:16+00:00\",\"breadcrumb\":{\"@id\":\"https:\/\/www.notibras.com\/site\/barranco-desmorona-e-deixa-cinco-garimpeiros-feridos-na-nova-serra-pelada\/#breadcrumb\"},\"inLanguage\":\"pt-BR\",\"potentialAction\":[{\"@type\":\"ReadAction\",\"target\":[\"https:\/\/www.notibras.com\/site\/barranco-desmorona-e-deixa-cinco-garimpeiros-feridos-na-nova-serra-pelada\/\"]}]},{\"@type\":\"ImageObject\",\"inLanguage\":\"pt-BR\",\"@id\":\"https:\/\/www.notibras.com\/site\/barranco-desmorona-e-deixa-cinco-garimpeiros-feridos-na-nova-serra-pelada\/#primaryimage\",\"url\":\"https:\/\/www.notibras.com\/site\/wp-content\/uploads\/2015\/10\/serpe.jpg\",\"contentUrl\":\"https:\/\/www.notibras.com\/site\/wp-content\/uploads\/2015\/10\/serpe.jpg\",\"width\":1024,\"height\":762},{\"@type\":\"BreadcrumbList\",\"@id\":\"https:\/\/www.notibras.com\/site\/barranco-desmorona-e-deixa-cinco-garimpeiros-feridos-na-nova-serra-pelada\/#breadcrumb\",\"itemListElement\":[{\"@type\":\"ListItem\",\"position\":1,\"name\":\"In\u00edcio\",\"item\":\"https:\/\/www.notibras.com\/site\/\"},{\"@type\":\"ListItem\",\"position\":2,\"name\":\"Barranco desmorona e deixa cinco garimpeiros feridos na mina da nova Serra Pelada\"}]},{\"@type\":\"WebSite\",\"@id\":\"https:\/\/www.notibras.com\/site\/#website\",\"url\":\"https:\/\/www.notibras.com\/site\/\",\"name\":\"Notibras\",\"description\":\"Not\u00edcias de Bras\u00edlia, do Brasil e do Mundo\",\"publisher\":{\"@id\":\"https:\/\/www.notibras.com\/site\/#organization\"},\"potentialAction\":[{\"@type\":\"SearchAction\",\"target\":{\"@type\":\"EntryPoint\",\"urlTemplate\":\"https:\/\/www.notibras.com\/site\/?s={search_term_string}\"},\"query-input\":{\"@type\":\"PropertyValueSpecification\",\"valueRequired\":true,\"valueName\":\"search_term_string\"}}],\"inLanguage\":\"pt-BR\"},{\"@type\":\"Organization\",\"@id\":\"https:\/\/www.notibras.com\/site\/#organization\",\"name\":\"Grupo Notibras de Comunica\u00e7\u00e3o\",\"url\":\"https:\/\/www.notibras.com\/site\/\",\"logo\":{\"@type\":\"ImageObject\",\"inLanguage\":\"pt-BR\",\"@id\":\"https:\/\/www.notibras.com\/site\/#\/schema\/logo\/image\/\",\"url\":\"https:\/\/www.notibras.com\/site\/wp-content\/uploads\/2023\/01\/notibras23.png\",\"contentUrl\":\"https:\/\/www.notibras.com\/site\/wp-content\/uploads\/2023\/01\/notibras23.png\",\"width\":350,\"height\":87,\"caption\":\"Grupo Notibras de Comunica\u00e7\u00e3o\"},\"image\":{\"@id\":\"https:\/\/www.notibras.com\/site\/#\/schema\/logo\/image\/\"},\"sameAs\":[\"https:\/\/www.facebook.com\/notibras\/\",\"https:\/\/x.com\/Notibras\",\"https:\/\/www.instagram.com\/notibras\/\"]},{\"@type\":\"Person\",\"@id\":\"https:\/\/www.notibras.com\/site\/#\/schema\/person\/36ab0979449956132d3e5b517ea76ac8\",\"name\":\"Reda\u00e7\u00e3o\",\"image\":{\"@type\":\"ImageObject\",\"inLanguage\":\"pt-BR\",\"@id\":\"https:\/\/secure.gravatar.com\/avatar\/e0a867bdedb85fd243eadf09663511f96fc81e0720a4a42581f334ad4303aa6b?s=96&d=mm&r=g\",\"url\":\"https:\/\/secure.gravatar.com\/avatar\/e0a867bdedb85fd243eadf09663511f96fc81e0720a4a42581f334ad4303aa6b?s=96&d=mm&r=g\",\"contentUrl\":\"https:\/\/secure.gravatar.com\/avatar\/e0a867bdedb85fd243eadf09663511f96fc81e0720a4a42581f334ad4303aa6b?s=96&d=mm&r=g\",\"caption\":\"Reda\u00e7\u00e3o\"}}]}<\/script>\n<!-- \/ Yoast SEO plugin. -->","yoast_head_json":{"title":"Barranco desmorona e deixa cinco garimpeiros feridos na mina da nova Serra Pelada - Notibras","robots":{"index":"index","follow":"follow","max-snippet":"max-snippet:-1","max-image-preview":"max-image-preview:large","max-video-preview":"max-video-preview:-1"},"canonical":"https:\/\/www.notibras.com\/site\/barranco-desmorona-e-deixa-cinco-garimpeiros-feridos-na-nova-serra-pelada\/","og_locale":"pt_BR","og_type":"article","og_title":"Barranco desmorona e deixa cinco garimpeiros feridos na mina da nova Serra Pelada - Notibras","og_description":"Pelo menos cinco pessoas ficaram feridas, na tarde de segunda-feira, 19, no garimpo da Serra da Borda, pr\u00f3ximo ao munic\u00edpio de Pontes e Lacerda, a 485 quil\u00f4metros de Cuiab\u00e1. A informa\u00e7\u00e3o \u00e9 do Corpo de Bombeiros. De acordo com boletim da corpora\u00e7\u00e3o, os trabalhadores foram soterrados com o desmoronamento de uma galeria aberta para extra\u00e7\u00e3o [&hellip;]","og_url":"https:\/\/www.notibras.com\/site\/barranco-desmorona-e-deixa-cinco-garimpeiros-feridos-na-nova-serra-pelada\/","og_site_name":"Notibras","article_publisher":"https:\/\/www.facebook.com\/notibras\/","article_published_time":"2015-10-20T14:49:51+00:00","article_modified_time":"2015-10-21T01:42:16+00:00","og_image":[{"width":1024,"height":762,"url":"https:\/\/www.notibras.com\/site\/wp-content\/uploads\/2015\/10\/serpe.jpg","type":"image\/jpeg"}],"author":"Reda\u00e7\u00e3o","twitter_card":"summary_large_image","twitter_creator":"@Notibras","twitter_site":"@Notibras","twitter_misc":{"Escrito por":"Reda\u00e7\u00e3o","Est. tempo de leitura":"2 minutos"},"schema":{"@context":"https:\/\/schema.org","@graph":[{"@type":"Article","@id":"https:\/\/www.notibras.com\/site\/barranco-desmorona-e-deixa-cinco-garimpeiros-feridos-na-nova-serra-pelada\/#article","isPartOf":{"@id":"https:\/\/www.notibras.com\/site\/barranco-desmorona-e-deixa-cinco-garimpeiros-feridos-na-nova-serra-pelada\/"},"author":{"name":"Reda\u00e7\u00e3o","@id":"https:\/\/www.notibras.com\/site\/#\/schema\/person\/36ab0979449956132d3e5b517ea76ac8"},"headline":"Barranco desmorona e deixa cinco garimpeiros feridos na mina da nova Serra Pelada","datePublished":"2015-10-20T14:49:51+00:00","dateModified":"2015-10-21T01:42:16+00:00","mainEntityOfPage":{"@id":"https:\/\/www.notibras.com\/site\/barranco-desmorona-e-deixa-cinco-garimpeiros-feridos-na-nova-serra-pelada\/"},"wordCount":316,"commentCount":0,"publisher":{"@id":"https:\/\/www.notibras.com\/site\/#organization"},"image":{"@id":"https:\/\/www.notibras.com\/site\/barranco-desmorona-e-deixa-cinco-garimpeiros-feridos-na-nova-serra-pelada\/#primaryimage"},"thumbnailUrl":"https:\/\/www.notibras.com\/site\/wp-content\/uploads\/2015\/10\/serpe.jpg","articleSection":["Brasil"],"inLanguage":"pt-BR","potentialAction":[{"@type":"CommentAction","name":"Comment","target":["https:\/\/www.notibras.com\/site\/barranco-desmorona-e-deixa-cinco-garimpeiros-feridos-na-nova-serra-pelada\/#respond"]}]},{"@type":"WebPage","@id":"https:\/\/www.notibras.com\/site\/barranco-desmorona-e-deixa-cinco-garimpeiros-feridos-na-nova-serra-pelada\/","url":"https:\/\/www.notibras.com\/site\/barranco-desmorona-e-deixa-cinco-garimpeiros-feridos-na-nova-serra-pelada\/","name":"Barranco desmorona e deixa cinco garimpeiros feridos na mina da nova Serra Pelada - Notibras","isPartOf":{"@id":"https:\/\/www.notibras.com\/site\/#website"},"primaryImageOfPage":{"@id":"https:\/\/www.notibras.com\/site\/barranco-desmorona-e-deixa-cinco-garimpeiros-feridos-na-nova-serra-pelada\/#primaryimage"},"image":{"@id":"https:\/\/www.notibras.com\/site\/barranco-desmorona-e-deixa-cinco-garimpeiros-feridos-na-nova-serra-pelada\/#primaryimage"},"thumbnailUrl":"https:\/\/www.notibras.com\/site\/wp-content\/uploads\/2015\/10\/serpe.jpg","datePublished":"2015-10-20T14:49:51+00:00","dateModified":"2015-10-21T01:42:16+00:00","breadcrumb":{"@id":"https:\/\/www.notibras.com\/site\/barranco-desmorona-e-deixa-cinco-garimpeiros-feridos-na-nova-serra-pelada\/#breadcrumb"},"inLanguage":"pt-BR","potentialAction":[{"@type":"ReadAction","target":["https:\/\/www.notibras.com\/site\/barranco-desmorona-e-deixa-cinco-garimpeiros-feridos-na-nova-serra-pelada\/"]}]},{"@type":"ImageObject","inLanguage":"pt-BR","@id":"https:\/\/www.notibras.com\/site\/barranco-desmorona-e-deixa-cinco-garimpeiros-feridos-na-nova-serra-pelada\/#primaryimage","url":"https:\/\/www.notibras.com\/site\/wp-content\/uploads\/2015\/10\/serpe.jpg","contentUrl":"https:\/\/www.notibras.com\/site\/wp-content\/uploads\/2015\/10\/serpe.jpg","width":1024,"height":762},{"@type":"BreadcrumbList","@id":"https:\/\/www.notibras.com\/site\/barranco-desmorona-e-deixa-cinco-garimpeiros-feridos-na-nova-serra-pelada\/#breadcrumb","itemListElement":[{"@type":"ListItem","position":1,"name":"In\u00edcio","item":"https:\/\/www.notibras.com\/site\/"},{"@type":"ListItem","position":2,"name":"Barranco desmorona e deixa cinco garimpeiros feridos na mina da nova Serra Pelada"}]},{"@type":"WebSite","@id":"https:\/\/www.notibras.com\/site\/#website","url":"https:\/\/www.notibras.com\/site\/","name":"Notibras","description":"Not\u00edcias de Bras\u00edlia, do Brasil e do Mundo","publisher":{"@id":"https:\/\/www.notibras.com\/site\/#organization"},"potentialAction":[{"@type":"SearchAction","target":{"@type":"EntryPoint","urlTemplate":"https:\/\/www.notibras.com\/site\/?s={search_term_string}"},"query-input":{"@type":"PropertyValueSpecification","valueRequired":true,"valueName":"search_term_string"}}],"inLanguage":"pt-BR"},{"@type":"Organization","@id":"https:\/\/www.notibras.com\/site\/#organization","name":"Grupo Notibras de Comunica\u00e7\u00e3o","url":"https:\/\/www.notibras.com\/site\/","logo":{"@type":"ImageObject","inLanguage":"pt-BR","@id":"https:\/\/www.notibras.com\/site\/#\/schema\/logo\/image\/","url":"https:\/\/www.notibras.com\/site\/wp-content\/uploads\/2023\/01\/notibras23.png","contentUrl":"https:\/\/www.notibras.com\/site\/wp-content\/uploads\/2023\/01\/notibras23.png","width":350,"height":87,"caption":"Grupo Notibras de Comunica\u00e7\u00e3o"},"image":{"@id":"https:\/\/www.notibras.com\/site\/#\/schema\/logo\/image\/"},"sameAs":["https:\/\/www.facebook.com\/notibras\/","https:\/\/x.com\/Notibras","https:\/\/www.instagram.com\/notibras\/"]},{"@type":"Person","@id":"https:\/\/www.notibras.com\/site\/#\/schema\/person\/36ab0979449956132d3e5b517ea76ac8","name":"Reda\u00e7\u00e3o","image":{"@type":"ImageObject","inLanguage":"pt-BR","@id":"https:\/\/secure.gravatar.com\/avatar\/e0a867bdedb85fd243eadf09663511f96fc81e0720a4a42581f334ad4303aa6b?s=96&d=mm&r=g","url":"https:\/\/secure.gravatar.com\/avatar\/e0a867bdedb85fd243eadf09663511f96fc81e0720a4a42581f334ad4303aa6b?s=96&d=mm&r=g","contentUrl":"https:\/\/secure.gravatar.com\/avatar\/e0a867bdedb85fd243eadf09663511f96fc81e0720a4a42581f334ad4303aa6b?s=96&d=mm&r=g","caption":"Reda\u00e7\u00e3o"}}]}},"amp_enabled":true,"_links":{"self":[{"href":"https:\/\/www.notibras.com\/site\/wp-json\/wp\/v2\/posts\/72179","targetHints":{"allow":["GET"]}}],"collection":[{"href":"https:\/\/www.notibras.com\/site\/wp-json\/wp\/v2\/posts"}],"about":[{"href":"https:\/\/www.notibras.com\/site\/wp-json\/wp\/v2\/types\/post"}],"author":[{"embeddable":true,"href":"https:\/\/www.notibras.com\/site\/wp-json\/wp\/v2\/users\/2"}],"replies":[{"embeddable":true,"href":"https:\/\/www.notibras.com\/site\/wp-json\/wp\/v2\/comments?post=72179"}],"version-history":[{"count":3,"href":"https:\/\/www.notibras.com\/site\/wp-json\/wp\/v2\/posts\/72179\/revisions"}],"predecessor-version":[{"id":72184,"href":"https:\/\/www.notibras.com\/site\/wp-json\/wp\/v2\/posts\/72179\/revisions\/72184"}],"wp:featuredmedia":[{"embeddable":true,"href":"https:\/\/www.notibras.com\/site\/wp-json\/wp\/v2\/media\/72180"}],"wp:attachment":[{"href":"https:\/\/www.notibras.com\/site\/wp-json\/wp\/v2\/media?parent=72179"}],"wp:term":[{"taxonomy":"category","embeddable":true,"href":"https:\/\/www.notibras.com\/site\/wp-json\/wp\/v2\/categories?post=72179"},{"taxonomy":"post_tag","embeddable":true,"href":"https:\/\/www.notibras.com\/site\/wp-json\/wp\/v2\/tags?post=72179"}],"curies":[{"name":"wp","href":"https:\/\/api.w.org\/{rel}","templated":true}]}}