{"id":72185,"date":"2015-10-20T11:55:55","date_gmt":"2015-10-20T13:55:55","guid":{"rendered":"http:\/\/www.notibras.com\/site\/?p=72185"},"modified":"2015-10-20T23:41:41","modified_gmt":"2015-10-21T01:41:41","slug":"brasileiro-continua-pensando-duas-vezes-antes-de-decidir-se-esquenta-o-consumo","status":"publish","type":"post","link":"https:\/\/www.notibras.com\/site\/brasileiro-continua-pensando-duas-vezes-antes-de-decidir-se-esquenta-o-consumo\/","title":{"rendered":"Brasileiro continua pensando duas vezes antes de decidir se vai esquentar o consumo"},"content":{"rendered":"<p>A Inten\u00e7\u00e3o de Consumo das Fam\u00edlias (ICF), indicador apurado pela Confedera\u00e7\u00e3o Nacional do Com\u00e9rcio de Bens, Servi\u00e7os e Turismo (CNC), recuou 1,8% em outubro na compara\u00e7\u00e3o com setembro, registrando 78,4 pontos. \u00c9 o menor valor da s\u00e9rie hist\u00f3rica iniciada em 2010, informou nesta ter\u00e7a-feira, 20, a confedera\u00e7\u00e3o.<\/p>\n<p>Na compara\u00e7\u00e3o com o mesmo m\u00eas do ano passado a retra\u00e7\u00e3o foi de 35,5%. \u00c9 o nono m\u00eas consecutivo da queda do \u00edndice, que est\u00e1 h\u00e1 seis meses na zona negativa &#8211; abaixo de 100 pontos &#8211; o que indica uma percep\u00e7\u00e3o de insatisfa\u00e7\u00e3o com a situa\u00e7\u00e3o atual.<\/p>\n<p>&#8220;A queda do ICF em outubro decorre da continuidade da deteriora\u00e7\u00e3o dos fatores determinantes da piora das expectativas ao longo dos \u00faltimos 12 meses: acelera\u00e7\u00e3o da infla\u00e7\u00e3o, enfraquecimento da atividade econ\u00f4mica, com reflexo crescente no mercado de trabalho, e aumento da incerteza pol\u00edtica&#8221;, diz a CNC em nota.<\/p>\n<p>A entidade lembra o resultado recente da Pesquisa Mensal de Com\u00e9rcio divulgada pelo IBGE apontando que a queda das vendas no m\u00eas de agosto na compara\u00e7\u00e3o com julho foi de 0,9% &#8211; a maior para o m\u00eas desde o ano 2000.<\/p>\n<p>O quesito que mede a inten\u00e7\u00e3o de compra de bens dur\u00e1veis \u00e9 o que registra o menor n\u00edvel da ICF, em 51,3 pontos. O sub item apresentou retra\u00e7\u00f5es de 2,2% na compara\u00e7\u00e3o mensal e 51% ante o mesmo per\u00edodo do ano passado. A maior parte das fam\u00edlias (70,7%) considera o momento atual desfavor\u00e1vel para aquisi\u00e7\u00e3o de dur\u00e1veis.<\/p>\n<p>Em seguida vem o componente que mede o n\u00edvel de consumo atual, em 57,7 pontos, registrando recuos de 3,7% em rela\u00e7\u00e3o a setembro e 43,3% em compara\u00e7\u00e3o com o mesmo per\u00edodo do ano passado.<\/p>\n<p>De acordo com a CNC, a queda progressiva nas vagas est\u00e1 aumentando a inseguran\u00e7a das fam\u00edlias em rela\u00e7\u00e3o ao emprego. A satisfa\u00e7\u00e3o com o emprego atual, apesar de ser o \u00fanico componente da ICF a se manter acima da zona de indiferen\u00e7a, com 106,0 pontos, registrou quedas de 0,8% em rela\u00e7\u00e3o ao m\u00eas anterior e 20,3% na compara\u00e7\u00e3o anual. O indicador de desemprego mensal nas seis maiores regi\u00f5es metropolitanas do Pa\u00eds atingiu 7,6% em agosto. O \u00edndice era de 4,3% em dezembro de 2014.<\/p>\n<p>A falta de perspectivas de revers\u00e3o do cen\u00e1rio condicionante do consumo no curto prazo levou a CNC a revisar de -2,9% para -3,6% sua expectativa para o varejo restrito em 2015. No conceito ampliado, a proje\u00e7\u00e3o da CNC passou de queda de 6,5% para queda de 6,8% ao final do ano.<\/p>\n<p><img loading=\"lazy\" decoding=\"async\" class=\"alignnone size-full wp-image-70065\" src=\"http:\/\/www.notibras.com\/site\/wp-content\/uploads\/2015\/10\/estadao.png\" alt=\"estadao\" width=\"99\" height=\"16\" \/><\/p>\n","protected":false},"excerpt":{"rendered":"<p>A Inten\u00e7\u00e3o de Consumo das Fam\u00edlias (ICF), indicador apurado pela Confedera\u00e7\u00e3o Nacional do Com\u00e9rcio de Bens, Servi\u00e7os e Turismo (CNC), recuou 1,8% em outubro na compara\u00e7\u00e3o com setembro, registrando 78,4 pontos. \u00c9 o menor valor da s\u00e9rie hist\u00f3rica iniciada em 2010, informou nesta ter\u00e7a-feira, 20, a confedera\u00e7\u00e3o. Na compara\u00e7\u00e3o com o mesmo m\u00eas do ano [&hellip;]<\/p>\n","protected":false},"author":2,"featured_media":72189,"comment_status":"open","ping_status":"closed","sticky":false,"template":"","format":"standard","meta":{"_acf_changed":false,"footnotes":""},"categories":[16],"tags":[],"class_list":["post-72185","post","type-post","status-publish","format-standard","has-post-thumbnail","hentry","category-brasil"],"acf":[],"yoast_head":"<!-- This site is optimized with the Yoast SEO plugin v27.5 - https:\/\/yoast.com\/product\/yoast-seo-wordpress\/ -->\n<title>Brasileiro continua pensando duas vezes antes de decidir se vai esquentar o consumo - Notibras<\/title>\n<meta name=\"robots\" content=\"index, follow, max-snippet:-1, max-image-preview:large, max-video-preview:-1\" \/>\n<link rel=\"canonical\" href=\"https:\/\/www.notibras.com\/site\/brasileiro-continua-pensando-duas-vezes-antes-de-decidir-se-esquenta-o-consumo\/\" \/>\n<meta property=\"og:locale\" content=\"pt_BR\" \/>\n<meta property=\"og:type\" content=\"article\" \/>\n<meta property=\"og:title\" content=\"Brasileiro continua pensando duas vezes antes de decidir se vai esquentar o consumo - Notibras\" \/>\n<meta property=\"og:description\" content=\"A Inten\u00e7\u00e3o de Consumo das Fam\u00edlias (ICF), indicador apurado pela Confedera\u00e7\u00e3o Nacional do Com\u00e9rcio de Bens, Servi\u00e7os e Turismo (CNC), recuou 1,8% em outubro na compara\u00e7\u00e3o com setembro, registrando 78,4 pontos. \u00c9 o menor valor da s\u00e9rie hist\u00f3rica iniciada em 2010, informou nesta ter\u00e7a-feira, 20, a confedera\u00e7\u00e3o. Na compara\u00e7\u00e3o com o mesmo m\u00eas do ano [&hellip;]\" \/>\n<meta property=\"og:url\" content=\"https:\/\/www.notibras.com\/site\/brasileiro-continua-pensando-duas-vezes-antes-de-decidir-se-esquenta-o-consumo\/\" \/>\n<meta property=\"og:site_name\" content=\"Notibras\" \/>\n<meta property=\"article:publisher\" content=\"https:\/\/www.facebook.com\/notibras\/\" \/>\n<meta property=\"article:published_time\" content=\"2015-10-20T13:55:55+00:00\" \/>\n<meta property=\"article:modified_time\" content=\"2015-10-21T01:41:41+00:00\" \/>\n<meta property=\"og:image\" content=\"https:\/\/www.notibras.com\/site\/wp-content\/uploads\/2015\/10\/100956.jpg\" \/>\n\t<meta property=\"og:image:width\" content=\"600\" \/>\n\t<meta property=\"og:image:height\" content=\"400\" \/>\n\t<meta property=\"og:image:type\" content=\"image\/jpeg\" \/>\n<meta name=\"author\" content=\"Reda\u00e7\u00e3o\" \/>\n<meta name=\"twitter:card\" content=\"summary_large_image\" \/>\n<meta name=\"twitter:creator\" content=\"@Notibras\" \/>\n<meta name=\"twitter:site\" content=\"@Notibras\" \/>\n<meta name=\"twitter:label1\" content=\"Escrito por\" \/>\n\t<meta name=\"twitter:data1\" content=\"Reda\u00e7\u00e3o\" \/>\n\t<meta name=\"twitter:label2\" content=\"Est. tempo de leitura\" \/>\n\t<meta name=\"twitter:data2\" content=\"2 minutos\" \/>\n<script type=\"application\/ld+json\" class=\"yoast-schema-graph\">{\"@context\":\"https:\\\/\\\/schema.org\",\"@graph\":[{\"@type\":\"Article\",\"@id\":\"https:\\\/\\\/www.notibras.com\\\/site\\\/brasileiro-continua-pensando-duas-vezes-antes-de-decidir-se-esquenta-o-consumo\\\/#article\",\"isPartOf\":{\"@id\":\"https:\\\/\\\/www.notibras.com\\\/site\\\/brasileiro-continua-pensando-duas-vezes-antes-de-decidir-se-esquenta-o-consumo\\\/\"},\"author\":{\"name\":\"Reda\u00e7\u00e3o\",\"@id\":\"https:\\\/\\\/www.notibras.com\\\/site\\\/#\\\/schema\\\/person\\\/36ab0979449956132d3e5b517ea76ac8\"},\"headline\":\"Brasileiro continua pensando duas vezes antes de decidir se vai esquentar o consumo\",\"datePublished\":\"2015-10-20T13:55:55+00:00\",\"dateModified\":\"2015-10-21T01:41:41+00:00\",\"mainEntityOfPage\":{\"@id\":\"https:\\\/\\\/www.notibras.com\\\/site\\\/brasileiro-continua-pensando-duas-vezes-antes-de-decidir-se-esquenta-o-consumo\\\/\"},\"wordCount\":448,\"commentCount\":0,\"publisher\":{\"@id\":\"https:\\\/\\\/www.notibras.com\\\/site\\\/#organization\"},\"image\":{\"@id\":\"https:\\\/\\\/www.notibras.com\\\/site\\\/brasileiro-continua-pensando-duas-vezes-antes-de-decidir-se-esquenta-o-consumo\\\/#primaryimage\"},\"thumbnailUrl\":\"https:\\\/\\\/www.notibras.com\\\/site\\\/wp-content\\\/uploads\\\/2015\\\/10\\\/100956.jpg\",\"articleSection\":[\"Brasil\"],\"inLanguage\":\"pt-BR\",\"potentialAction\":[{\"@type\":\"CommentAction\",\"name\":\"Comment\",\"target\":[\"https:\\\/\\\/www.notibras.com\\\/site\\\/brasileiro-continua-pensando-duas-vezes-antes-de-decidir-se-esquenta-o-consumo\\\/#respond\"]}]},{\"@type\":\"WebPage\",\"@id\":\"https:\\\/\\\/www.notibras.com\\\/site\\\/brasileiro-continua-pensando-duas-vezes-antes-de-decidir-se-esquenta-o-consumo\\\/\",\"url\":\"https:\\\/\\\/www.notibras.com\\\/site\\\/brasileiro-continua-pensando-duas-vezes-antes-de-decidir-se-esquenta-o-consumo\\\/\",\"name\":\"Brasileiro continua pensando duas vezes antes de decidir se vai esquentar o consumo - Notibras\",\"isPartOf\":{\"@id\":\"https:\\\/\\\/www.notibras.com\\\/site\\\/#website\"},\"primaryImageOfPage\":{\"@id\":\"https:\\\/\\\/www.notibras.com\\\/site\\\/brasileiro-continua-pensando-duas-vezes-antes-de-decidir-se-esquenta-o-consumo\\\/#primaryimage\"},\"image\":{\"@id\":\"https:\\\/\\\/www.notibras.com\\\/site\\\/brasileiro-continua-pensando-duas-vezes-antes-de-decidir-se-esquenta-o-consumo\\\/#primaryimage\"},\"thumbnailUrl\":\"https:\\\/\\\/www.notibras.com\\\/site\\\/wp-content\\\/uploads\\\/2015\\\/10\\\/100956.jpg\",\"datePublished\":\"2015-10-20T13:55:55+00:00\",\"dateModified\":\"2015-10-21T01:41:41+00:00\",\"breadcrumb\":{\"@id\":\"https:\\\/\\\/www.notibras.com\\\/site\\\/brasileiro-continua-pensando-duas-vezes-antes-de-decidir-se-esquenta-o-consumo\\\/#breadcrumb\"},\"inLanguage\":\"pt-BR\",\"potentialAction\":[{\"@type\":\"ReadAction\",\"target\":[\"https:\\\/\\\/www.notibras.com\\\/site\\\/brasileiro-continua-pensando-duas-vezes-antes-de-decidir-se-esquenta-o-consumo\\\/\"]}]},{\"@type\":\"ImageObject\",\"inLanguage\":\"pt-BR\",\"@id\":\"https:\\\/\\\/www.notibras.com\\\/site\\\/brasileiro-continua-pensando-duas-vezes-antes-de-decidir-se-esquenta-o-consumo\\\/#primaryimage\",\"url\":\"https:\\\/\\\/www.notibras.com\\\/site\\\/wp-content\\\/uploads\\\/2015\\\/10\\\/100956.jpg\",\"contentUrl\":\"https:\\\/\\\/www.notibras.com\\\/site\\\/wp-content\\\/uploads\\\/2015\\\/10\\\/100956.jpg\",\"width\":600,\"height\":400},{\"@type\":\"BreadcrumbList\",\"@id\":\"https:\\\/\\\/www.notibras.com\\\/site\\\/brasileiro-continua-pensando-duas-vezes-antes-de-decidir-se-esquenta-o-consumo\\\/#breadcrumb\",\"itemListElement\":[{\"@type\":\"ListItem\",\"position\":1,\"name\":\"In\u00edcio\",\"item\":\"https:\\\/\\\/www.notibras.com\\\/site\\\/\"},{\"@type\":\"ListItem\",\"position\":2,\"name\":\"Brasileiro continua pensando duas vezes antes de decidir se vai esquentar o consumo\"}]},{\"@type\":\"WebSite\",\"@id\":\"https:\\\/\\\/www.notibras.com\\\/site\\\/#website\",\"url\":\"https:\\\/\\\/www.notibras.com\\\/site\\\/\",\"name\":\"Notibras\",\"description\":\"Not\u00edcias de Bras\u00edlia, do Brasil e do Mundo\",\"publisher\":{\"@id\":\"https:\\\/\\\/www.notibras.com\\\/site\\\/#organization\"},\"potentialAction\":[{\"@type\":\"SearchAction\",\"target\":{\"@type\":\"EntryPoint\",\"urlTemplate\":\"https:\\\/\\\/www.notibras.com\\\/site\\\/?s={search_term_string}\"},\"query-input\":{\"@type\":\"PropertyValueSpecification\",\"valueRequired\":true,\"valueName\":\"search_term_string\"}}],\"inLanguage\":\"pt-BR\"},{\"@type\":\"Organization\",\"@id\":\"https:\\\/\\\/www.notibras.com\\\/site\\\/#organization\",\"name\":\"Grupo Notibras de Comunica\u00e7\u00e3o\",\"url\":\"https:\\\/\\\/www.notibras.com\\\/site\\\/\",\"logo\":{\"@type\":\"ImageObject\",\"inLanguage\":\"pt-BR\",\"@id\":\"https:\\\/\\\/www.notibras.com\\\/site\\\/#\\\/schema\\\/logo\\\/image\\\/\",\"url\":\"https:\\\/\\\/www.notibras.com\\\/site\\\/wp-content\\\/uploads\\\/2023\\\/01\\\/notibras23.png\",\"contentUrl\":\"https:\\\/\\\/www.notibras.com\\\/site\\\/wp-content\\\/uploads\\\/2023\\\/01\\\/notibras23.png\",\"width\":350,\"height\":87,\"caption\":\"Grupo Notibras de Comunica\u00e7\u00e3o\"},\"image\":{\"@id\":\"https:\\\/\\\/www.notibras.com\\\/site\\\/#\\\/schema\\\/logo\\\/image\\\/\"},\"sameAs\":[\"https:\\\/\\\/www.facebook.com\\\/notibras\\\/\",\"https:\\\/\\\/x.com\\\/Notibras\",\"https:\\\/\\\/www.instagram.com\\\/notibras\\\/\"]},{\"@type\":\"Person\",\"@id\":\"https:\\\/\\\/www.notibras.com\\\/site\\\/#\\\/schema\\\/person\\\/36ab0979449956132d3e5b517ea76ac8\",\"name\":\"Reda\u00e7\u00e3o\",\"image\":{\"@type\":\"ImageObject\",\"inLanguage\":\"pt-BR\",\"@id\":\"https:\\\/\\\/secure.gravatar.com\\\/avatar\\\/e0a867bdedb85fd243eadf09663511f96fc81e0720a4a42581f334ad4303aa6b?s=96&d=mm&r=g\",\"url\":\"https:\\\/\\\/secure.gravatar.com\\\/avatar\\\/e0a867bdedb85fd243eadf09663511f96fc81e0720a4a42581f334ad4303aa6b?s=96&d=mm&r=g\",\"contentUrl\":\"https:\\\/\\\/secure.gravatar.com\\\/avatar\\\/e0a867bdedb85fd243eadf09663511f96fc81e0720a4a42581f334ad4303aa6b?s=96&d=mm&r=g\",\"caption\":\"Reda\u00e7\u00e3o\"}}]}<\/script>\n<!-- \/ Yoast SEO plugin. -->","yoast_head_json":{"title":"Brasileiro continua pensando duas vezes antes de decidir se vai esquentar o consumo - Notibras","robots":{"index":"index","follow":"follow","max-snippet":"max-snippet:-1","max-image-preview":"max-image-preview:large","max-video-preview":"max-video-preview:-1"},"canonical":"https:\/\/www.notibras.com\/site\/brasileiro-continua-pensando-duas-vezes-antes-de-decidir-se-esquenta-o-consumo\/","og_locale":"pt_BR","og_type":"article","og_title":"Brasileiro continua pensando duas vezes antes de decidir se vai esquentar o consumo - Notibras","og_description":"A Inten\u00e7\u00e3o de Consumo das Fam\u00edlias (ICF), indicador apurado pela Confedera\u00e7\u00e3o Nacional do Com\u00e9rcio de Bens, Servi\u00e7os e Turismo (CNC), recuou 1,8% em outubro na compara\u00e7\u00e3o com setembro, registrando 78,4 pontos. \u00c9 o menor valor da s\u00e9rie hist\u00f3rica iniciada em 2010, informou nesta ter\u00e7a-feira, 20, a confedera\u00e7\u00e3o. Na compara\u00e7\u00e3o com o mesmo m\u00eas do ano [&hellip;]","og_url":"https:\/\/www.notibras.com\/site\/brasileiro-continua-pensando-duas-vezes-antes-de-decidir-se-esquenta-o-consumo\/","og_site_name":"Notibras","article_publisher":"https:\/\/www.facebook.com\/notibras\/","article_published_time":"2015-10-20T13:55:55+00:00","article_modified_time":"2015-10-21T01:41:41+00:00","og_image":[{"width":600,"height":400,"url":"https:\/\/www.notibras.com\/site\/wp-content\/uploads\/2015\/10\/100956.jpg","type":"image\/jpeg"}],"author":"Reda\u00e7\u00e3o","twitter_card":"summary_large_image","twitter_creator":"@Notibras","twitter_site":"@Notibras","twitter_misc":{"Escrito por":"Reda\u00e7\u00e3o","Est. tempo de leitura":"2 minutos"},"schema":{"@context":"https:\/\/schema.org","@graph":[{"@type":"Article","@id":"https:\/\/www.notibras.com\/site\/brasileiro-continua-pensando-duas-vezes-antes-de-decidir-se-esquenta-o-consumo\/#article","isPartOf":{"@id":"https:\/\/www.notibras.com\/site\/brasileiro-continua-pensando-duas-vezes-antes-de-decidir-se-esquenta-o-consumo\/"},"author":{"name":"Reda\u00e7\u00e3o","@id":"https:\/\/www.notibras.com\/site\/#\/schema\/person\/36ab0979449956132d3e5b517ea76ac8"},"headline":"Brasileiro continua pensando duas vezes antes de decidir se vai esquentar o consumo","datePublished":"2015-10-20T13:55:55+00:00","dateModified":"2015-10-21T01:41:41+00:00","mainEntityOfPage":{"@id":"https:\/\/www.notibras.com\/site\/brasileiro-continua-pensando-duas-vezes-antes-de-decidir-se-esquenta-o-consumo\/"},"wordCount":448,"commentCount":0,"publisher":{"@id":"https:\/\/www.notibras.com\/site\/#organization"},"image":{"@id":"https:\/\/www.notibras.com\/site\/brasileiro-continua-pensando-duas-vezes-antes-de-decidir-se-esquenta-o-consumo\/#primaryimage"},"thumbnailUrl":"https:\/\/www.notibras.com\/site\/wp-content\/uploads\/2015\/10\/100956.jpg","articleSection":["Brasil"],"inLanguage":"pt-BR","potentialAction":[{"@type":"CommentAction","name":"Comment","target":["https:\/\/www.notibras.com\/site\/brasileiro-continua-pensando-duas-vezes-antes-de-decidir-se-esquenta-o-consumo\/#respond"]}]},{"@type":"WebPage","@id":"https:\/\/www.notibras.com\/site\/brasileiro-continua-pensando-duas-vezes-antes-de-decidir-se-esquenta-o-consumo\/","url":"https:\/\/www.notibras.com\/site\/brasileiro-continua-pensando-duas-vezes-antes-de-decidir-se-esquenta-o-consumo\/","name":"Brasileiro continua pensando duas vezes antes de decidir se vai esquentar o consumo - Notibras","isPartOf":{"@id":"https:\/\/www.notibras.com\/site\/#website"},"primaryImageOfPage":{"@id":"https:\/\/www.notibras.com\/site\/brasileiro-continua-pensando-duas-vezes-antes-de-decidir-se-esquenta-o-consumo\/#primaryimage"},"image":{"@id":"https:\/\/www.notibras.com\/site\/brasileiro-continua-pensando-duas-vezes-antes-de-decidir-se-esquenta-o-consumo\/#primaryimage"},"thumbnailUrl":"https:\/\/www.notibras.com\/site\/wp-content\/uploads\/2015\/10\/100956.jpg","datePublished":"2015-10-20T13:55:55+00:00","dateModified":"2015-10-21T01:41:41+00:00","breadcrumb":{"@id":"https:\/\/www.notibras.com\/site\/brasileiro-continua-pensando-duas-vezes-antes-de-decidir-se-esquenta-o-consumo\/#breadcrumb"},"inLanguage":"pt-BR","potentialAction":[{"@type":"ReadAction","target":["https:\/\/www.notibras.com\/site\/brasileiro-continua-pensando-duas-vezes-antes-de-decidir-se-esquenta-o-consumo\/"]}]},{"@type":"ImageObject","inLanguage":"pt-BR","@id":"https:\/\/www.notibras.com\/site\/brasileiro-continua-pensando-duas-vezes-antes-de-decidir-se-esquenta-o-consumo\/#primaryimage","url":"https:\/\/www.notibras.com\/site\/wp-content\/uploads\/2015\/10\/100956.jpg","contentUrl":"https:\/\/www.notibras.com\/site\/wp-content\/uploads\/2015\/10\/100956.jpg","width":600,"height":400},{"@type":"BreadcrumbList","@id":"https:\/\/www.notibras.com\/site\/brasileiro-continua-pensando-duas-vezes-antes-de-decidir-se-esquenta-o-consumo\/#breadcrumb","itemListElement":[{"@type":"ListItem","position":1,"name":"In\u00edcio","item":"https:\/\/www.notibras.com\/site\/"},{"@type":"ListItem","position":2,"name":"Brasileiro continua pensando duas vezes antes de decidir se vai esquentar o consumo"}]},{"@type":"WebSite","@id":"https:\/\/www.notibras.com\/site\/#website","url":"https:\/\/www.notibras.com\/site\/","name":"Notibras","description":"Not\u00edcias de Bras\u00edlia, do Brasil e do Mundo","publisher":{"@id":"https:\/\/www.notibras.com\/site\/#organization"},"potentialAction":[{"@type":"SearchAction","target":{"@type":"EntryPoint","urlTemplate":"https:\/\/www.notibras.com\/site\/?s={search_term_string}"},"query-input":{"@type":"PropertyValueSpecification","valueRequired":true,"valueName":"search_term_string"}}],"inLanguage":"pt-BR"},{"@type":"Organization","@id":"https:\/\/www.notibras.com\/site\/#organization","name":"Grupo Notibras de Comunica\u00e7\u00e3o","url":"https:\/\/www.notibras.com\/site\/","logo":{"@type":"ImageObject","inLanguage":"pt-BR","@id":"https:\/\/www.notibras.com\/site\/#\/schema\/logo\/image\/","url":"https:\/\/www.notibras.com\/site\/wp-content\/uploads\/2023\/01\/notibras23.png","contentUrl":"https:\/\/www.notibras.com\/site\/wp-content\/uploads\/2023\/01\/notibras23.png","width":350,"height":87,"caption":"Grupo Notibras de Comunica\u00e7\u00e3o"},"image":{"@id":"https:\/\/www.notibras.com\/site\/#\/schema\/logo\/image\/"},"sameAs":["https:\/\/www.facebook.com\/notibras\/","https:\/\/x.com\/Notibras","https:\/\/www.instagram.com\/notibras\/"]},{"@type":"Person","@id":"https:\/\/www.notibras.com\/site\/#\/schema\/person\/36ab0979449956132d3e5b517ea76ac8","name":"Reda\u00e7\u00e3o","image":{"@type":"ImageObject","inLanguage":"pt-BR","@id":"https:\/\/secure.gravatar.com\/avatar\/e0a867bdedb85fd243eadf09663511f96fc81e0720a4a42581f334ad4303aa6b?s=96&d=mm&r=g","url":"https:\/\/secure.gravatar.com\/avatar\/e0a867bdedb85fd243eadf09663511f96fc81e0720a4a42581f334ad4303aa6b?s=96&d=mm&r=g","contentUrl":"https:\/\/secure.gravatar.com\/avatar\/e0a867bdedb85fd243eadf09663511f96fc81e0720a4a42581f334ad4303aa6b?s=96&d=mm&r=g","caption":"Reda\u00e7\u00e3o"}}]}},"amp_enabled":true,"_links":{"self":[{"href":"https:\/\/www.notibras.com\/site\/wp-json\/wp\/v2\/posts\/72185","targetHints":{"allow":["GET"]}}],"collection":[{"href":"https:\/\/www.notibras.com\/site\/wp-json\/wp\/v2\/posts"}],"about":[{"href":"https:\/\/www.notibras.com\/site\/wp-json\/wp\/v2\/types\/post"}],"author":[{"embeddable":true,"href":"https:\/\/www.notibras.com\/site\/wp-json\/wp\/v2\/users\/2"}],"replies":[{"embeddable":true,"href":"https:\/\/www.notibras.com\/site\/wp-json\/wp\/v2\/comments?post=72185"}],"version-history":[{"count":2,"href":"https:\/\/www.notibras.com\/site\/wp-json\/wp\/v2\/posts\/72185\/revisions"}],"predecessor-version":[{"id":72191,"href":"https:\/\/www.notibras.com\/site\/wp-json\/wp\/v2\/posts\/72185\/revisions\/72191"}],"wp:featuredmedia":[{"embeddable":true,"href":"https:\/\/www.notibras.com\/site\/wp-json\/wp\/v2\/media\/72189"}],"wp:attachment":[{"href":"https:\/\/www.notibras.com\/site\/wp-json\/wp\/v2\/media?parent=72185"}],"wp:term":[{"taxonomy":"category","embeddable":true,"href":"https:\/\/www.notibras.com\/site\/wp-json\/wp\/v2\/categories?post=72185"},{"taxonomy":"post_tag","embeddable":true,"href":"https:\/\/www.notibras.com\/site\/wp-json\/wp\/v2\/tags?post=72185"}],"curies":[{"name":"wp","href":"https:\/\/api.w.org\/{rel}","templated":true}]}}