{"id":72202,"date":"2015-10-20T16:10:12","date_gmt":"2015-10-20T18:10:12","guid":{"rendered":"http:\/\/www.notibras.com\/site\/?p=72202"},"modified":"2015-10-20T18:32:21","modified_gmt":"2015-10-20T20:32:21","slug":"yona-a-velha-mocinha-da-globo-morre-no-rio-de-complicacoes-pos-operatorias","status":"publish","type":"post","link":"https:\/\/www.notibras.com\/site\/yona-a-velha-mocinha-da-globo-morre-no-rio-de-complicacoes-pos-operatorias\/","title":{"rendered":"Yon\u00e1, 80, velha mocinha da Globo, morre no Rio de complica\u00e7\u00e3o p\u00f3s-operat\u00f3ria"},"content":{"rendered":"<p>A atriz Yon\u00e1 Magalh\u00e3es morreu esta ter\u00e7a-feira (20) na Casa de Sa\u00fade S\u00e3o Jos\u00e9, no Rio de Janeiro. Ela\u00a0deu entrada no pronto-atendimento de cardiologia no dia 18 de setembro e foi submetida a uma cirurgia para corrigir uma insufici\u00eancia card\u00edaca. Ap\u00f3s o procedimento, ela foi internada na UTI, mas apresentou complica\u00e7\u00f5es p\u00f3s-operat\u00f3rias que resultaram na morte.<\/p>\n<p>Ela deixa o filho Marcos Mendes, de seu casamento com o produtor Luis Augusto Mendes. O vel\u00f3rio da atriz est\u00e1 marcado para a manh\u00e3 desta quarta-feira, no Memorial do Carmo. A cerim\u00f4nia de crema\u00e7\u00e3o ser\u00e1 \u00e0s 13h30, no mesmo local.<\/p>\n<p>Yon\u00e1, 80 anos, foi a mocinha pioneira na teledramaturgia da TV Globo. Participou de dezenas de novelas, na Globo, na Bandeirantes e na Tupi, al\u00e9m de filmes como &#8220;Deus e o Diabo na Terra do Sol&#8221; (1964), de Glauber Rocha.<\/p>\n<p>Yon\u00e1 fez parte do elenco das novelas &#8220;Para\u00edso Tropical&#8221;, &#8220;Senhora do Destino&#8221;, &#8220;As Filhas da M\u00e3e&#8221;, &#8220;A Pr\u00f3xima V\u00edtima&#8221;, &#8220;Meu Bem, Meu Mal&#8221;, &#8220;Tieta&#8221; e &#8220;Roque Santeiro&#8221; e das s\u00e9ries &#8220;Tapas &amp; Beijos&#8221;, &#8220;Carga Pesada&#8221;, &#8220;Engra\u00e7adinha&#8221; e &#8220;Grande Sert\u00e3o: Veredas&#8221;. Seu \u00faltimo trabalho na TV foi em &#8220;Sangue Bom&#8221;, em 2013.<\/p>\n","protected":false},"excerpt":{"rendered":"<p>A atriz Yon\u00e1 Magalh\u00e3es morreu esta ter\u00e7a-feira (20) na Casa de Sa\u00fade S\u00e3o Jos\u00e9, no Rio de Janeiro. Ela\u00a0deu entrada no pronto-atendimento de cardiologia no dia 18 de setembro e foi submetida a uma cirurgia para corrigir uma insufici\u00eancia card\u00edaca. Ap\u00f3s o procedimento, ela foi internada na UTI, mas apresentou complica\u00e7\u00f5es p\u00f3s-operat\u00f3rias que resultaram na [&hellip;]<\/p>\n","protected":false},"author":2,"featured_media":72206,"comment_status":"open","ping_status":"closed","sticky":false,"template":"","format":"standard","meta":{"_acf_changed":false,"footnotes":""},"categories":[16],"tags":[],"class_list":["post-72202","post","type-post","status-publish","format-standard","has-post-thumbnail","hentry","category-brasil"],"acf":[],"yoast_head":"<!-- This site is optimized with the Yoast SEO plugin v27.2 - https:\/\/yoast.com\/product\/yoast-seo-wordpress\/ -->\n<title>Yon\u00e1, 80, velha mocinha da Globo, morre no Rio de complica\u00e7\u00e3o p\u00f3s-operat\u00f3ria - Notibras<\/title>\n<meta name=\"robots\" content=\"index, follow, max-snippet:-1, max-image-preview:large, max-video-preview:-1\" \/>\n<link rel=\"canonical\" href=\"https:\/\/www.notibras.com\/site\/yona-a-velha-mocinha-da-globo-morre-no-rio-de-complicacoes-pos-operatorias\/\" \/>\n<meta property=\"og:locale\" content=\"pt_BR\" \/>\n<meta property=\"og:type\" content=\"article\" \/>\n<meta property=\"og:title\" content=\"Yon\u00e1, 80, velha mocinha da Globo, morre no Rio de complica\u00e7\u00e3o p\u00f3s-operat\u00f3ria - Notibras\" \/>\n<meta property=\"og:description\" content=\"A atriz Yon\u00e1 Magalh\u00e3es morreu esta ter\u00e7a-feira (20) na Casa de Sa\u00fade S\u00e3o Jos\u00e9, no Rio de Janeiro. Ela\u00a0deu entrada no pronto-atendimento de cardiologia no dia 18 de setembro e foi submetida a uma cirurgia para corrigir uma insufici\u00eancia card\u00edaca. Ap\u00f3s o procedimento, ela foi internada na UTI, mas apresentou complica\u00e7\u00f5es p\u00f3s-operat\u00f3rias que resultaram na [&hellip;]\" \/>\n<meta property=\"og:url\" content=\"https:\/\/www.notibras.com\/site\/yona-a-velha-mocinha-da-globo-morre-no-rio-de-complicacoes-pos-operatorias\/\" \/>\n<meta property=\"og:site_name\" content=\"Notibras\" \/>\n<meta property=\"article:publisher\" content=\"https:\/\/www.facebook.com\/notibras\/\" \/>\n<meta property=\"article:published_time\" content=\"2015-10-20T18:10:12+00:00\" \/>\n<meta property=\"article:modified_time\" content=\"2015-10-20T20:32:21+00:00\" \/>\n<meta property=\"og:image\" content=\"https:\/\/www.notibras.com\/site\/wp-content\/uploads\/2015\/10\/Yona-Magalhaes.jpg\" \/>\n\t<meta property=\"og:image:width\" content=\"460\" \/>\n\t<meta property=\"og:image:height\" content=\"314\" \/>\n\t<meta property=\"og:image:type\" content=\"image\/jpeg\" \/>\n<meta name=\"author\" content=\"Reda\u00e7\u00e3o\" \/>\n<meta name=\"twitter:card\" content=\"summary_large_image\" \/>\n<meta name=\"twitter:creator\" content=\"@Notibras\" \/>\n<meta name=\"twitter:site\" content=\"@Notibras\" \/>\n<meta name=\"twitter:label1\" content=\"Escrito por\" \/>\n\t<meta name=\"twitter:data1\" content=\"Reda\u00e7\u00e3o\" \/>\n\t<meta name=\"twitter:label2\" content=\"Est. tempo de leitura\" \/>\n\t<meta name=\"twitter:data2\" content=\"1 minuto\" \/>\n<script type=\"application\/ld+json\" class=\"yoast-schema-graph\">{\"@context\":\"https:\/\/schema.org\",\"@graph\":[{\"@type\":\"Article\",\"@id\":\"https:\/\/www.notibras.com\/site\/yona-a-velha-mocinha-da-globo-morre-no-rio-de-complicacoes-pos-operatorias\/#article\",\"isPartOf\":{\"@id\":\"https:\/\/www.notibras.com\/site\/yona-a-velha-mocinha-da-globo-morre-no-rio-de-complicacoes-pos-operatorias\/\"},\"author\":{\"name\":\"Reda\u00e7\u00e3o\",\"@id\":\"https:\/\/www.notibras.com\/site\/#\/schema\/person\/36ab0979449956132d3e5b517ea76ac8\"},\"headline\":\"Yon\u00e1, 80, velha mocinha da Globo, morre no Rio de complica\u00e7\u00e3o p\u00f3s-operat\u00f3ria\",\"datePublished\":\"2015-10-20T18:10:12+00:00\",\"dateModified\":\"2015-10-20T20:32:21+00:00\",\"mainEntityOfPage\":{\"@id\":\"https:\/\/www.notibras.com\/site\/yona-a-velha-mocinha-da-globo-morre-no-rio-de-complicacoes-pos-operatorias\/\"},\"wordCount\":218,\"commentCount\":0,\"publisher\":{\"@id\":\"https:\/\/www.notibras.com\/site\/#organization\"},\"image\":{\"@id\":\"https:\/\/www.notibras.com\/site\/yona-a-velha-mocinha-da-globo-morre-no-rio-de-complicacoes-pos-operatorias\/#primaryimage\"},\"thumbnailUrl\":\"https:\/\/www.notibras.com\/site\/wp-content\/uploads\/2015\/10\/Yona-Magalhaes.jpg\",\"articleSection\":[\"Brasil\"],\"inLanguage\":\"pt-BR\",\"potentialAction\":[{\"@type\":\"CommentAction\",\"name\":\"Comment\",\"target\":[\"https:\/\/www.notibras.com\/site\/yona-a-velha-mocinha-da-globo-morre-no-rio-de-complicacoes-pos-operatorias\/#respond\"]}]},{\"@type\":\"WebPage\",\"@id\":\"https:\/\/www.notibras.com\/site\/yona-a-velha-mocinha-da-globo-morre-no-rio-de-complicacoes-pos-operatorias\/\",\"url\":\"https:\/\/www.notibras.com\/site\/yona-a-velha-mocinha-da-globo-morre-no-rio-de-complicacoes-pos-operatorias\/\",\"name\":\"Yon\u00e1, 80, velha mocinha da Globo, morre no Rio de complica\u00e7\u00e3o p\u00f3s-operat\u00f3ria - Notibras\",\"isPartOf\":{\"@id\":\"https:\/\/www.notibras.com\/site\/#website\"},\"primaryImageOfPage\":{\"@id\":\"https:\/\/www.notibras.com\/site\/yona-a-velha-mocinha-da-globo-morre-no-rio-de-complicacoes-pos-operatorias\/#primaryimage\"},\"image\":{\"@id\":\"https:\/\/www.notibras.com\/site\/yona-a-velha-mocinha-da-globo-morre-no-rio-de-complicacoes-pos-operatorias\/#primaryimage\"},\"thumbnailUrl\":\"https:\/\/www.notibras.com\/site\/wp-content\/uploads\/2015\/10\/Yona-Magalhaes.jpg\",\"datePublished\":\"2015-10-20T18:10:12+00:00\",\"dateModified\":\"2015-10-20T20:32:21+00:00\",\"breadcrumb\":{\"@id\":\"https:\/\/www.notibras.com\/site\/yona-a-velha-mocinha-da-globo-morre-no-rio-de-complicacoes-pos-operatorias\/#breadcrumb\"},\"inLanguage\":\"pt-BR\",\"potentialAction\":[{\"@type\":\"ReadAction\",\"target\":[\"https:\/\/www.notibras.com\/site\/yona-a-velha-mocinha-da-globo-morre-no-rio-de-complicacoes-pos-operatorias\/\"]}]},{\"@type\":\"ImageObject\",\"inLanguage\":\"pt-BR\",\"@id\":\"https:\/\/www.notibras.com\/site\/yona-a-velha-mocinha-da-globo-morre-no-rio-de-complicacoes-pos-operatorias\/#primaryimage\",\"url\":\"https:\/\/www.notibras.com\/site\/wp-content\/uploads\/2015\/10\/Yona-Magalhaes.jpg\",\"contentUrl\":\"https:\/\/www.notibras.com\/site\/wp-content\/uploads\/2015\/10\/Yona-Magalhaes.jpg\",\"width\":460,\"height\":314},{\"@type\":\"BreadcrumbList\",\"@id\":\"https:\/\/www.notibras.com\/site\/yona-a-velha-mocinha-da-globo-morre-no-rio-de-complicacoes-pos-operatorias\/#breadcrumb\",\"itemListElement\":[{\"@type\":\"ListItem\",\"position\":1,\"name\":\"In\u00edcio\",\"item\":\"https:\/\/www.notibras.com\/site\/\"},{\"@type\":\"ListItem\",\"position\":2,\"name\":\"Yon\u00e1, 80, velha mocinha da Globo, morre no Rio de complica\u00e7\u00e3o p\u00f3s-operat\u00f3ria\"}]},{\"@type\":\"WebSite\",\"@id\":\"https:\/\/www.notibras.com\/site\/#website\",\"url\":\"https:\/\/www.notibras.com\/site\/\",\"name\":\"Notibras\",\"description\":\"Not\u00edcias de Bras\u00edlia, do Brasil e do Mundo\",\"publisher\":{\"@id\":\"https:\/\/www.notibras.com\/site\/#organization\"},\"potentialAction\":[{\"@type\":\"SearchAction\",\"target\":{\"@type\":\"EntryPoint\",\"urlTemplate\":\"https:\/\/www.notibras.com\/site\/?s={search_term_string}\"},\"query-input\":{\"@type\":\"PropertyValueSpecification\",\"valueRequired\":true,\"valueName\":\"search_term_string\"}}],\"inLanguage\":\"pt-BR\"},{\"@type\":\"Organization\",\"@id\":\"https:\/\/www.notibras.com\/site\/#organization\",\"name\":\"Grupo Notibras de Comunica\u00e7\u00e3o\",\"url\":\"https:\/\/www.notibras.com\/site\/\",\"logo\":{\"@type\":\"ImageObject\",\"inLanguage\":\"pt-BR\",\"@id\":\"https:\/\/www.notibras.com\/site\/#\/schema\/logo\/image\/\",\"url\":\"https:\/\/www.notibras.com\/site\/wp-content\/uploads\/2023\/01\/notibras23.png\",\"contentUrl\":\"https:\/\/www.notibras.com\/site\/wp-content\/uploads\/2023\/01\/notibras23.png\",\"width\":350,\"height\":87,\"caption\":\"Grupo Notibras de Comunica\u00e7\u00e3o\"},\"image\":{\"@id\":\"https:\/\/www.notibras.com\/site\/#\/schema\/logo\/image\/\"},\"sameAs\":[\"https:\/\/www.facebook.com\/notibras\/\",\"https:\/\/x.com\/Notibras\",\"https:\/\/www.instagram.com\/notibras\/\"]},{\"@type\":\"Person\",\"@id\":\"https:\/\/www.notibras.com\/site\/#\/schema\/person\/36ab0979449956132d3e5b517ea76ac8\",\"name\":\"Reda\u00e7\u00e3o\",\"image\":{\"@type\":\"ImageObject\",\"inLanguage\":\"pt-BR\",\"@id\":\"https:\/\/secure.gravatar.com\/avatar\/e0a867bdedb85fd243eadf09663511f96fc81e0720a4a42581f334ad4303aa6b?s=96&d=mm&r=g\",\"url\":\"https:\/\/secure.gravatar.com\/avatar\/e0a867bdedb85fd243eadf09663511f96fc81e0720a4a42581f334ad4303aa6b?s=96&d=mm&r=g\",\"contentUrl\":\"https:\/\/secure.gravatar.com\/avatar\/e0a867bdedb85fd243eadf09663511f96fc81e0720a4a42581f334ad4303aa6b?s=96&d=mm&r=g\",\"caption\":\"Reda\u00e7\u00e3o\"}}]}<\/script>\n<!-- \/ Yoast SEO plugin. -->","yoast_head_json":{"title":"Yon\u00e1, 80, velha mocinha da Globo, morre no Rio de complica\u00e7\u00e3o p\u00f3s-operat\u00f3ria - Notibras","robots":{"index":"index","follow":"follow","max-snippet":"max-snippet:-1","max-image-preview":"max-image-preview:large","max-video-preview":"max-video-preview:-1"},"canonical":"https:\/\/www.notibras.com\/site\/yona-a-velha-mocinha-da-globo-morre-no-rio-de-complicacoes-pos-operatorias\/","og_locale":"pt_BR","og_type":"article","og_title":"Yon\u00e1, 80, velha mocinha da Globo, morre no Rio de complica\u00e7\u00e3o p\u00f3s-operat\u00f3ria - Notibras","og_description":"A atriz Yon\u00e1 Magalh\u00e3es morreu esta ter\u00e7a-feira (20) na Casa de Sa\u00fade S\u00e3o Jos\u00e9, no Rio de Janeiro. Ela\u00a0deu entrada no pronto-atendimento de cardiologia no dia 18 de setembro e foi submetida a uma cirurgia para corrigir uma insufici\u00eancia card\u00edaca. Ap\u00f3s o procedimento, ela foi internada na UTI, mas apresentou complica\u00e7\u00f5es p\u00f3s-operat\u00f3rias que resultaram na [&hellip;]","og_url":"https:\/\/www.notibras.com\/site\/yona-a-velha-mocinha-da-globo-morre-no-rio-de-complicacoes-pos-operatorias\/","og_site_name":"Notibras","article_publisher":"https:\/\/www.facebook.com\/notibras\/","article_published_time":"2015-10-20T18:10:12+00:00","article_modified_time":"2015-10-20T20:32:21+00:00","og_image":[{"width":460,"height":314,"url":"https:\/\/www.notibras.com\/site\/wp-content\/uploads\/2015\/10\/Yona-Magalhaes.jpg","type":"image\/jpeg"}],"author":"Reda\u00e7\u00e3o","twitter_card":"summary_large_image","twitter_creator":"@Notibras","twitter_site":"@Notibras","twitter_misc":{"Escrito por":"Reda\u00e7\u00e3o","Est. tempo de leitura":"1 minuto"},"schema":{"@context":"https:\/\/schema.org","@graph":[{"@type":"Article","@id":"https:\/\/www.notibras.com\/site\/yona-a-velha-mocinha-da-globo-morre-no-rio-de-complicacoes-pos-operatorias\/#article","isPartOf":{"@id":"https:\/\/www.notibras.com\/site\/yona-a-velha-mocinha-da-globo-morre-no-rio-de-complicacoes-pos-operatorias\/"},"author":{"name":"Reda\u00e7\u00e3o","@id":"https:\/\/www.notibras.com\/site\/#\/schema\/person\/36ab0979449956132d3e5b517ea76ac8"},"headline":"Yon\u00e1, 80, velha mocinha da Globo, morre no Rio de complica\u00e7\u00e3o p\u00f3s-operat\u00f3ria","datePublished":"2015-10-20T18:10:12+00:00","dateModified":"2015-10-20T20:32:21+00:00","mainEntityOfPage":{"@id":"https:\/\/www.notibras.com\/site\/yona-a-velha-mocinha-da-globo-morre-no-rio-de-complicacoes-pos-operatorias\/"},"wordCount":218,"commentCount":0,"publisher":{"@id":"https:\/\/www.notibras.com\/site\/#organization"},"image":{"@id":"https:\/\/www.notibras.com\/site\/yona-a-velha-mocinha-da-globo-morre-no-rio-de-complicacoes-pos-operatorias\/#primaryimage"},"thumbnailUrl":"https:\/\/www.notibras.com\/site\/wp-content\/uploads\/2015\/10\/Yona-Magalhaes.jpg","articleSection":["Brasil"],"inLanguage":"pt-BR","potentialAction":[{"@type":"CommentAction","name":"Comment","target":["https:\/\/www.notibras.com\/site\/yona-a-velha-mocinha-da-globo-morre-no-rio-de-complicacoes-pos-operatorias\/#respond"]}]},{"@type":"WebPage","@id":"https:\/\/www.notibras.com\/site\/yona-a-velha-mocinha-da-globo-morre-no-rio-de-complicacoes-pos-operatorias\/","url":"https:\/\/www.notibras.com\/site\/yona-a-velha-mocinha-da-globo-morre-no-rio-de-complicacoes-pos-operatorias\/","name":"Yon\u00e1, 80, velha mocinha da Globo, morre no Rio de complica\u00e7\u00e3o p\u00f3s-operat\u00f3ria - Notibras","isPartOf":{"@id":"https:\/\/www.notibras.com\/site\/#website"},"primaryImageOfPage":{"@id":"https:\/\/www.notibras.com\/site\/yona-a-velha-mocinha-da-globo-morre-no-rio-de-complicacoes-pos-operatorias\/#primaryimage"},"image":{"@id":"https:\/\/www.notibras.com\/site\/yona-a-velha-mocinha-da-globo-morre-no-rio-de-complicacoes-pos-operatorias\/#primaryimage"},"thumbnailUrl":"https:\/\/www.notibras.com\/site\/wp-content\/uploads\/2015\/10\/Yona-Magalhaes.jpg","datePublished":"2015-10-20T18:10:12+00:00","dateModified":"2015-10-20T20:32:21+00:00","breadcrumb":{"@id":"https:\/\/www.notibras.com\/site\/yona-a-velha-mocinha-da-globo-morre-no-rio-de-complicacoes-pos-operatorias\/#breadcrumb"},"inLanguage":"pt-BR","potentialAction":[{"@type":"ReadAction","target":["https:\/\/www.notibras.com\/site\/yona-a-velha-mocinha-da-globo-morre-no-rio-de-complicacoes-pos-operatorias\/"]}]},{"@type":"ImageObject","inLanguage":"pt-BR","@id":"https:\/\/www.notibras.com\/site\/yona-a-velha-mocinha-da-globo-morre-no-rio-de-complicacoes-pos-operatorias\/#primaryimage","url":"https:\/\/www.notibras.com\/site\/wp-content\/uploads\/2015\/10\/Yona-Magalhaes.jpg","contentUrl":"https:\/\/www.notibras.com\/site\/wp-content\/uploads\/2015\/10\/Yona-Magalhaes.jpg","width":460,"height":314},{"@type":"BreadcrumbList","@id":"https:\/\/www.notibras.com\/site\/yona-a-velha-mocinha-da-globo-morre-no-rio-de-complicacoes-pos-operatorias\/#breadcrumb","itemListElement":[{"@type":"ListItem","position":1,"name":"In\u00edcio","item":"https:\/\/www.notibras.com\/site\/"},{"@type":"ListItem","position":2,"name":"Yon\u00e1, 80, velha mocinha da Globo, morre no Rio de complica\u00e7\u00e3o p\u00f3s-operat\u00f3ria"}]},{"@type":"WebSite","@id":"https:\/\/www.notibras.com\/site\/#website","url":"https:\/\/www.notibras.com\/site\/","name":"Notibras","description":"Not\u00edcias de Bras\u00edlia, do Brasil e do Mundo","publisher":{"@id":"https:\/\/www.notibras.com\/site\/#organization"},"potentialAction":[{"@type":"SearchAction","target":{"@type":"EntryPoint","urlTemplate":"https:\/\/www.notibras.com\/site\/?s={search_term_string}"},"query-input":{"@type":"PropertyValueSpecification","valueRequired":true,"valueName":"search_term_string"}}],"inLanguage":"pt-BR"},{"@type":"Organization","@id":"https:\/\/www.notibras.com\/site\/#organization","name":"Grupo Notibras de Comunica\u00e7\u00e3o","url":"https:\/\/www.notibras.com\/site\/","logo":{"@type":"ImageObject","inLanguage":"pt-BR","@id":"https:\/\/www.notibras.com\/site\/#\/schema\/logo\/image\/","url":"https:\/\/www.notibras.com\/site\/wp-content\/uploads\/2023\/01\/notibras23.png","contentUrl":"https:\/\/www.notibras.com\/site\/wp-content\/uploads\/2023\/01\/notibras23.png","width":350,"height":87,"caption":"Grupo Notibras de Comunica\u00e7\u00e3o"},"image":{"@id":"https:\/\/www.notibras.com\/site\/#\/schema\/logo\/image\/"},"sameAs":["https:\/\/www.facebook.com\/notibras\/","https:\/\/x.com\/Notibras","https:\/\/www.instagram.com\/notibras\/"]},{"@type":"Person","@id":"https:\/\/www.notibras.com\/site\/#\/schema\/person\/36ab0979449956132d3e5b517ea76ac8","name":"Reda\u00e7\u00e3o","image":{"@type":"ImageObject","inLanguage":"pt-BR","@id":"https:\/\/secure.gravatar.com\/avatar\/e0a867bdedb85fd243eadf09663511f96fc81e0720a4a42581f334ad4303aa6b?s=96&d=mm&r=g","url":"https:\/\/secure.gravatar.com\/avatar\/e0a867bdedb85fd243eadf09663511f96fc81e0720a4a42581f334ad4303aa6b?s=96&d=mm&r=g","contentUrl":"https:\/\/secure.gravatar.com\/avatar\/e0a867bdedb85fd243eadf09663511f96fc81e0720a4a42581f334ad4303aa6b?s=96&d=mm&r=g","caption":"Reda\u00e7\u00e3o"}}]}},"amp_enabled":true,"_links":{"self":[{"href":"https:\/\/www.notibras.com\/site\/wp-json\/wp\/v2\/posts\/72202","targetHints":{"allow":["GET"]}}],"collection":[{"href":"https:\/\/www.notibras.com\/site\/wp-json\/wp\/v2\/posts"}],"about":[{"href":"https:\/\/www.notibras.com\/site\/wp-json\/wp\/v2\/types\/post"}],"author":[{"embeddable":true,"href":"https:\/\/www.notibras.com\/site\/wp-json\/wp\/v2\/users\/2"}],"replies":[{"embeddable":true,"href":"https:\/\/www.notibras.com\/site\/wp-json\/wp\/v2\/comments?post=72202"}],"version-history":[{"count":4,"href":"https:\/\/www.notibras.com\/site\/wp-json\/wp\/v2\/posts\/72202\/revisions"}],"predecessor-version":[{"id":72210,"href":"https:\/\/www.notibras.com\/site\/wp-json\/wp\/v2\/posts\/72202\/revisions\/72210"}],"wp:featuredmedia":[{"embeddable":true,"href":"https:\/\/www.notibras.com\/site\/wp-json\/wp\/v2\/media\/72206"}],"wp:attachment":[{"href":"https:\/\/www.notibras.com\/site\/wp-json\/wp\/v2\/media?parent=72202"}],"wp:term":[{"taxonomy":"category","embeddable":true,"href":"https:\/\/www.notibras.com\/site\/wp-json\/wp\/v2\/categories?post=72202"},{"taxonomy":"post_tag","embeddable":true,"href":"https:\/\/www.notibras.com\/site\/wp-json\/wp\/v2\/tags?post=72202"}],"curies":[{"name":"wp","href":"https:\/\/api.w.org\/{rel}","templated":true}]}}