{"id":72253,"date":"2015-10-20T22:50:09","date_gmt":"2015-10-21T00:50:09","guid":{"rendered":"http:\/\/www.notibras.com\/site\/?p=72253"},"modified":"2015-10-20T22:56:55","modified_gmt":"2015-10-21T00:56:55","slug":"pedaladas-e-queda-na-receita-abrem-rombo-de-70-bilhoes-nas-contas-do-governo","status":"publish","type":"post","link":"https:\/\/www.notibras.com\/site\/pedaladas-e-queda-na-receita-abrem-rombo-de-70-bilhoes-nas-contas-do-governo\/","title":{"rendered":"Pedalada e queda na receita abrem rombo de 70 bi nas contas do governo federal"},"content":{"rendered":"<p>A depender do tamanho do pagamento ainda este ano das despesas pedaladas e da frustra\u00e7\u00e3o de receitas extraordin\u00e1rias, o rombo das contas da presidente Dilma Rousseff ser\u00e1 acima de R$ 50 bilh\u00f5es em 2015 e poder\u00e1 chegar a R$ 70 bilh\u00f5es. S\u00f3 a frustra\u00e7\u00e3o de receitas em rela\u00e7\u00e3o ao estimado at\u00e9 setembro soma R$ 50 bilh\u00f5es.<\/p>\n<p>Dois integrantes da \u00e1rea econ\u00f4mica n\u00e3o descartaram a possibilidade de o d\u00e9ficit prim\u00e1rio do Governo Central, que re\u00fane as contas do Tesouro, INSS e Banco Central, chegar a R$ 70 bilh\u00f5es, se houver o pagamento de todos os gastos represados no ano passado e identificados pelo Tribunal de Contas da Uni\u00e3o (TCU) como pedaladas fiscais. O senador Romero Juc\u00e1 (PMDB-RR), relator do Or\u00e7amento de 2015, foi ainda mais pessimista e estimou nesta ter\u00e7a-feira, 20, um rombo das contas p\u00fablicas deste ano de at\u00e9 R$ 80 bilh\u00f5es. &#8220;O valor do d\u00e9ficit previsto est\u00e1 mudando a todo momento&#8221;, disse uma fonte do governo.<\/p>\n<p>Quanto maior o acerto das pedaladas, maior ter\u00e1 que ser o d\u00e9ficit previsto para 2015. N\u00e3o se trata mais de prever um super\u00e1vit prim\u00e1rio, como o governo vendeu que faria para este ano, mas o tamanho do rombo. O TCU cobra uma corre\u00e7\u00e3o de R$ 40 bilh\u00f5es.<\/p>\n<p>Assim que retornar ao Brasil, nesta quarta-feira, 21, a presidente Dilma Rousseff pretende convocar uma reuni\u00e3o da Junta Or\u00e7ament\u00e1ria para definir a nova meta fiscal. O dilema da presidente e da equipe econ\u00f4mica \u00e9 definir se haver\u00e1 uma corre\u00e7\u00e3o de todas as pedaladas de uma \u00fanica vez em 2015 ou se ser\u00e1 feito um acordo com o TCU com um cronograma de pagamentos, com impacto tamb\u00e9m nos pr\u00f3ximos anos.<\/p>\n<p>A meta atual das contas do setor p\u00fablico, que nem chegou a ser aprovada, prev\u00ea super\u00e1vit de 0,15% do PIB (R$ 8,7 bilh\u00f5es), mas com a possibilidade de d\u00e9ficit prim\u00e1rio de at\u00e9 R$ 17,7 bilh\u00f5es (incluindo Estados e munic\u00edpios) e de R$ 20,6 bilh\u00f5es no resultado do governo federal por conta de uma cl\u00e1usula de abatimento de R$ 26,4 bilh\u00f5es. Essa possibilidade poder\u00e1 ser acionada se houver uma frustra\u00e7\u00e3o de um grupo de receitas extraordin\u00e1rias nesse valor. Entre elas est\u00e3o o programa de recupera\u00e7\u00e3o de d\u00e9bitos em atraso, a repatria\u00e7\u00e3o de recursos n\u00e3o declarados no exterior e concess\u00f5es. Todas n\u00e3o devem se concretizar esse ano.<\/p>\n<p>H\u00e1 d\u00favidas, inclusive, sobre a arrecada\u00e7\u00e3o prevista de R$ 11 bilh\u00f5es para este ano com as outorgas de concess\u00e3o de hidrel\u00e9tricas previstas para serem leiloadas em novembro &#8211; uma esperan\u00e7a final do governo para aumentar o dinheiro no caixa at\u00e9 o final do ano.<\/p>\n<p>A expectativa do governo \u00e9 de que os Estados e munic\u00edpios registrem super\u00e1vit prim\u00e1rio este ano. Fontes informaram que o governo pode fixar uma meta em torno de um d\u00e9ficit prim\u00e1rio de R$ 40 bilh\u00f5es usando uma margem maior de abatimento das despesas tamb\u00e9m dos investimentos inclu\u00eddos no Programa de Acelera\u00e7\u00e3o do Crescimento (PAC).<\/p>\n<p><b>Divis\u00e3o &#8211;\u00a0<\/b>Mas h\u00e1 uma divis\u00e3o no governo sobre a forma de pagamento de passivos. O ministro da Fazenda, Joaquim Levy, j\u00e1 sinalizou que prefere uma &#8220;modula\u00e7\u00e3o&#8221; no acerto das pedaladas. J\u00e1 o ministro do Planejamento, Nelson Barbosa, defende internamente que se resolva logo a situa\u00e7\u00e3o para entrar em 2016 com o passivo zerado das pedaladas.<\/p>\n<p>O secret\u00e1rio-executivo do Planejamento, Dyogo Oliveira, j\u00e1 visitou o relator das pedaladas no TCU, ministro Vital do R\u00eago, mas ainda n\u00e3o apresentou formalmente nada \u00e0 Corte sobre qual ser\u00e1 a posi\u00e7\u00e3o do governo no processo. At\u00e9 mesmo no tribunal h\u00e1 a percep\u00e7\u00e3o de que ainda n\u00e3o h\u00e1 uma posi\u00e7\u00e3o de governo, mesmo \u00e0s v\u00e9speras do julgamento.<\/p>\n<p>Com o resultado de 2015 j\u00e1 perdido, o acerto de todas as pedaladas serviria, na pr\u00e1tica, para um novo recome\u00e7o. A ideia do Planalto, seguindo a sugest\u00e3o do ministro Barbosa, \u00e9 limpar o passivo de 2015, para entrar 2016 com o balan\u00e7o limpo. Mas a decis\u00e3o n\u00e3o est\u00e1 tomada e depender\u00e1 do que a presidente Dilma vai arbitrar. Para 2016, a inten\u00e7\u00e3o \u00e9 manter a previs\u00e3o de uma meta de 0,7% do PIB, contando com a CPMF. Mas se estuda tamb\u00e9m uma flexibilidade, como maior possibilidade de abatimento para acomodar choques.<\/p>\n<p>A mudan\u00e7a da meta ter\u00e1 que ser aprovada pelo Congresso. O senador Romero Juc\u00e1 (PMDB-RO), defendeu que o governo inclua na revis\u00e3o da meta fiscal de 2015 todo o passivo existente. &#8220;Temos que ter realidade, mas \u00e9 muito importante que as pedaladas remanescentes e qualquer tipo de maquiagem ou a\u00e7\u00e3o que seja de esconder a realidade das contas p\u00fablicas possa ser redefinido, clarificado transparentemente e da\u00ed a gente parta para um novo momento das contas p\u00fablicas brasileiras buscando o equil\u00edbrio&#8221;, afirmou.<\/p>\n<p><img loading=\"lazy\" decoding=\"async\" class=\"alignnone size-full wp-image-70065\" src=\"http:\/\/www.notibras.com\/site\/wp-content\/uploads\/2015\/10\/estadao.png\" alt=\"estadao\" width=\"99\" height=\"16\" \/><\/p>\n","protected":false},"excerpt":{"rendered":"<p>A depender do tamanho do pagamento ainda este ano das despesas pedaladas e da frustra\u00e7\u00e3o de receitas extraordin\u00e1rias, o rombo das contas da presidente Dilma Rousseff ser\u00e1 acima de R$ 50 bilh\u00f5es em 2015 e poder\u00e1 chegar a R$ 70 bilh\u00f5es. S\u00f3 a frustra\u00e7\u00e3o de receitas em rela\u00e7\u00e3o ao estimado at\u00e9 setembro soma R$ 50 [&hellip;]<\/p>\n","protected":false},"author":2,"featured_media":72254,"comment_status":"open","ping_status":"closed","sticky":false,"template":"","format":"standard","meta":{"_acf_changed":false,"footnotes":""},"categories":[16],"tags":[],"class_list":["post-72253","post","type-post","status-publish","format-standard","has-post-thumbnail","hentry","category-brasil"],"acf":[],"yoast_head":"<!-- This site is optimized with the Yoast SEO plugin v27.2 - https:\/\/yoast.com\/product\/yoast-seo-wordpress\/ -->\n<title>Pedalada e queda na receita abrem rombo de 70 bi nas contas do governo federal - Notibras<\/title>\n<meta name=\"robots\" content=\"index, follow, max-snippet:-1, max-image-preview:large, max-video-preview:-1\" \/>\n<link rel=\"canonical\" href=\"https:\/\/www.notibras.com\/site\/pedaladas-e-queda-na-receita-abrem-rombo-de-70-bilhoes-nas-contas-do-governo\/\" \/>\n<meta property=\"og:locale\" content=\"pt_BR\" \/>\n<meta property=\"og:type\" content=\"article\" \/>\n<meta property=\"og:title\" content=\"Pedalada e queda na receita abrem rombo de 70 bi nas contas do governo federal - Notibras\" \/>\n<meta property=\"og:description\" content=\"A depender do tamanho do pagamento ainda este ano das despesas pedaladas e da frustra\u00e7\u00e3o de receitas extraordin\u00e1rias, o rombo das contas da presidente Dilma Rousseff ser\u00e1 acima de R$ 50 bilh\u00f5es em 2015 e poder\u00e1 chegar a R$ 70 bilh\u00f5es. S\u00f3 a frustra\u00e7\u00e3o de receitas em rela\u00e7\u00e3o ao estimado at\u00e9 setembro soma R$ 50 [&hellip;]\" \/>\n<meta property=\"og:url\" content=\"https:\/\/www.notibras.com\/site\/pedaladas-e-queda-na-receita-abrem-rombo-de-70-bilhoes-nas-contas-do-governo\/\" \/>\n<meta property=\"og:site_name\" content=\"Notibras\" \/>\n<meta property=\"article:publisher\" content=\"https:\/\/www.facebook.com\/notibras\/\" \/>\n<meta property=\"article:published_time\" content=\"2015-10-21T00:50:09+00:00\" \/>\n<meta property=\"article:modified_time\" content=\"2015-10-21T00:56:55+00:00\" \/>\n<meta property=\"og:image\" content=\"https:\/\/www.notibras.com\/site\/wp-content\/uploads\/2015\/10\/reais-380981-640x426.jpg\" \/>\n\t<meta property=\"og:image:width\" content=\"640\" \/>\n\t<meta property=\"og:image:height\" content=\"426\" \/>\n\t<meta property=\"og:image:type\" content=\"image\/jpeg\" \/>\n<meta name=\"author\" content=\"Reda\u00e7\u00e3o\" \/>\n<meta name=\"twitter:card\" content=\"summary_large_image\" \/>\n<meta name=\"twitter:creator\" content=\"@Notibras\" \/>\n<meta name=\"twitter:site\" content=\"@Notibras\" \/>\n<meta name=\"twitter:label1\" content=\"Escrito por\" \/>\n\t<meta name=\"twitter:data1\" content=\"Reda\u00e7\u00e3o\" \/>\n\t<meta name=\"twitter:label2\" content=\"Est. tempo de leitura\" \/>\n\t<meta name=\"twitter:data2\" content=\"4 minutos\" \/>\n<script type=\"application\/ld+json\" class=\"yoast-schema-graph\">{\"@context\":\"https:\/\/schema.org\",\"@graph\":[{\"@type\":\"Article\",\"@id\":\"https:\/\/www.notibras.com\/site\/pedaladas-e-queda-na-receita-abrem-rombo-de-70-bilhoes-nas-contas-do-governo\/#article\",\"isPartOf\":{\"@id\":\"https:\/\/www.notibras.com\/site\/pedaladas-e-queda-na-receita-abrem-rombo-de-70-bilhoes-nas-contas-do-governo\/\"},\"author\":{\"name\":\"Reda\u00e7\u00e3o\",\"@id\":\"https:\/\/www.notibras.com\/site\/#\/schema\/person\/36ab0979449956132d3e5b517ea76ac8\"},\"headline\":\"Pedalada e queda na receita abrem rombo de 70 bi nas contas do governo federal\",\"datePublished\":\"2015-10-21T00:50:09+00:00\",\"dateModified\":\"2015-10-21T00:56:55+00:00\",\"mainEntityOfPage\":{\"@id\":\"https:\/\/www.notibras.com\/site\/pedaladas-e-queda-na-receita-abrem-rombo-de-70-bilhoes-nas-contas-do-governo\/\"},\"wordCount\":835,\"commentCount\":0,\"publisher\":{\"@id\":\"https:\/\/www.notibras.com\/site\/#organization\"},\"image\":{\"@id\":\"https:\/\/www.notibras.com\/site\/pedaladas-e-queda-na-receita-abrem-rombo-de-70-bilhoes-nas-contas-do-governo\/#primaryimage\"},\"thumbnailUrl\":\"https:\/\/www.notibras.com\/site\/wp-content\/uploads\/2015\/10\/reais-380981-640x426.jpg\",\"articleSection\":[\"Brasil\"],\"inLanguage\":\"pt-BR\",\"potentialAction\":[{\"@type\":\"CommentAction\",\"name\":\"Comment\",\"target\":[\"https:\/\/www.notibras.com\/site\/pedaladas-e-queda-na-receita-abrem-rombo-de-70-bilhoes-nas-contas-do-governo\/#respond\"]}]},{\"@type\":\"WebPage\",\"@id\":\"https:\/\/www.notibras.com\/site\/pedaladas-e-queda-na-receita-abrem-rombo-de-70-bilhoes-nas-contas-do-governo\/\",\"url\":\"https:\/\/www.notibras.com\/site\/pedaladas-e-queda-na-receita-abrem-rombo-de-70-bilhoes-nas-contas-do-governo\/\",\"name\":\"Pedalada e queda na receita abrem rombo de 70 bi nas contas do governo federal - Notibras\",\"isPartOf\":{\"@id\":\"https:\/\/www.notibras.com\/site\/#website\"},\"primaryImageOfPage\":{\"@id\":\"https:\/\/www.notibras.com\/site\/pedaladas-e-queda-na-receita-abrem-rombo-de-70-bilhoes-nas-contas-do-governo\/#primaryimage\"},\"image\":{\"@id\":\"https:\/\/www.notibras.com\/site\/pedaladas-e-queda-na-receita-abrem-rombo-de-70-bilhoes-nas-contas-do-governo\/#primaryimage\"},\"thumbnailUrl\":\"https:\/\/www.notibras.com\/site\/wp-content\/uploads\/2015\/10\/reais-380981-640x426.jpg\",\"datePublished\":\"2015-10-21T00:50:09+00:00\",\"dateModified\":\"2015-10-21T00:56:55+00:00\",\"breadcrumb\":{\"@id\":\"https:\/\/www.notibras.com\/site\/pedaladas-e-queda-na-receita-abrem-rombo-de-70-bilhoes-nas-contas-do-governo\/#breadcrumb\"},\"inLanguage\":\"pt-BR\",\"potentialAction\":[{\"@type\":\"ReadAction\",\"target\":[\"https:\/\/www.notibras.com\/site\/pedaladas-e-queda-na-receita-abrem-rombo-de-70-bilhoes-nas-contas-do-governo\/\"]}]},{\"@type\":\"ImageObject\",\"inLanguage\":\"pt-BR\",\"@id\":\"https:\/\/www.notibras.com\/site\/pedaladas-e-queda-na-receita-abrem-rombo-de-70-bilhoes-nas-contas-do-governo\/#primaryimage\",\"url\":\"https:\/\/www.notibras.com\/site\/wp-content\/uploads\/2015\/10\/reais-380981-640x426.jpg\",\"contentUrl\":\"https:\/\/www.notibras.com\/site\/wp-content\/uploads\/2015\/10\/reais-380981-640x426.jpg\",\"width\":640,\"height\":426},{\"@type\":\"BreadcrumbList\",\"@id\":\"https:\/\/www.notibras.com\/site\/pedaladas-e-queda-na-receita-abrem-rombo-de-70-bilhoes-nas-contas-do-governo\/#breadcrumb\",\"itemListElement\":[{\"@type\":\"ListItem\",\"position\":1,\"name\":\"In\u00edcio\",\"item\":\"https:\/\/www.notibras.com\/site\/\"},{\"@type\":\"ListItem\",\"position\":2,\"name\":\"Pedalada e queda na receita abrem rombo de 70 bi nas contas do governo federal\"}]},{\"@type\":\"WebSite\",\"@id\":\"https:\/\/www.notibras.com\/site\/#website\",\"url\":\"https:\/\/www.notibras.com\/site\/\",\"name\":\"Notibras\",\"description\":\"Not\u00edcias de Bras\u00edlia, do Brasil e do Mundo\",\"publisher\":{\"@id\":\"https:\/\/www.notibras.com\/site\/#organization\"},\"potentialAction\":[{\"@type\":\"SearchAction\",\"target\":{\"@type\":\"EntryPoint\",\"urlTemplate\":\"https:\/\/www.notibras.com\/site\/?s={search_term_string}\"},\"query-input\":{\"@type\":\"PropertyValueSpecification\",\"valueRequired\":true,\"valueName\":\"search_term_string\"}}],\"inLanguage\":\"pt-BR\"},{\"@type\":\"Organization\",\"@id\":\"https:\/\/www.notibras.com\/site\/#organization\",\"name\":\"Grupo Notibras de Comunica\u00e7\u00e3o\",\"url\":\"https:\/\/www.notibras.com\/site\/\",\"logo\":{\"@type\":\"ImageObject\",\"inLanguage\":\"pt-BR\",\"@id\":\"https:\/\/www.notibras.com\/site\/#\/schema\/logo\/image\/\",\"url\":\"https:\/\/www.notibras.com\/site\/wp-content\/uploads\/2023\/01\/notibras23.png\",\"contentUrl\":\"https:\/\/www.notibras.com\/site\/wp-content\/uploads\/2023\/01\/notibras23.png\",\"width\":350,\"height\":87,\"caption\":\"Grupo Notibras de Comunica\u00e7\u00e3o\"},\"image\":{\"@id\":\"https:\/\/www.notibras.com\/site\/#\/schema\/logo\/image\/\"},\"sameAs\":[\"https:\/\/www.facebook.com\/notibras\/\",\"https:\/\/x.com\/Notibras\",\"https:\/\/www.instagram.com\/notibras\/\"]},{\"@type\":\"Person\",\"@id\":\"https:\/\/www.notibras.com\/site\/#\/schema\/person\/36ab0979449956132d3e5b517ea76ac8\",\"name\":\"Reda\u00e7\u00e3o\",\"image\":{\"@type\":\"ImageObject\",\"inLanguage\":\"pt-BR\",\"@id\":\"https:\/\/secure.gravatar.com\/avatar\/e0a867bdedb85fd243eadf09663511f96fc81e0720a4a42581f334ad4303aa6b?s=96&d=mm&r=g\",\"url\":\"https:\/\/secure.gravatar.com\/avatar\/e0a867bdedb85fd243eadf09663511f96fc81e0720a4a42581f334ad4303aa6b?s=96&d=mm&r=g\",\"contentUrl\":\"https:\/\/secure.gravatar.com\/avatar\/e0a867bdedb85fd243eadf09663511f96fc81e0720a4a42581f334ad4303aa6b?s=96&d=mm&r=g\",\"caption\":\"Reda\u00e7\u00e3o\"}}]}<\/script>\n<!-- \/ Yoast SEO plugin. -->","yoast_head_json":{"title":"Pedalada e queda na receita abrem rombo de 70 bi nas contas do governo federal - Notibras","robots":{"index":"index","follow":"follow","max-snippet":"max-snippet:-1","max-image-preview":"max-image-preview:large","max-video-preview":"max-video-preview:-1"},"canonical":"https:\/\/www.notibras.com\/site\/pedaladas-e-queda-na-receita-abrem-rombo-de-70-bilhoes-nas-contas-do-governo\/","og_locale":"pt_BR","og_type":"article","og_title":"Pedalada e queda na receita abrem rombo de 70 bi nas contas do governo federal - Notibras","og_description":"A depender do tamanho do pagamento ainda este ano das despesas pedaladas e da frustra\u00e7\u00e3o de receitas extraordin\u00e1rias, o rombo das contas da presidente Dilma Rousseff ser\u00e1 acima de R$ 50 bilh\u00f5es em 2015 e poder\u00e1 chegar a R$ 70 bilh\u00f5es. S\u00f3 a frustra\u00e7\u00e3o de receitas em rela\u00e7\u00e3o ao estimado at\u00e9 setembro soma R$ 50 [&hellip;]","og_url":"https:\/\/www.notibras.com\/site\/pedaladas-e-queda-na-receita-abrem-rombo-de-70-bilhoes-nas-contas-do-governo\/","og_site_name":"Notibras","article_publisher":"https:\/\/www.facebook.com\/notibras\/","article_published_time":"2015-10-21T00:50:09+00:00","article_modified_time":"2015-10-21T00:56:55+00:00","og_image":[{"width":640,"height":426,"url":"https:\/\/www.notibras.com\/site\/wp-content\/uploads\/2015\/10\/reais-380981-640x426.jpg","type":"image\/jpeg"}],"author":"Reda\u00e7\u00e3o","twitter_card":"summary_large_image","twitter_creator":"@Notibras","twitter_site":"@Notibras","twitter_misc":{"Escrito por":"Reda\u00e7\u00e3o","Est. tempo de leitura":"4 minutos"},"schema":{"@context":"https:\/\/schema.org","@graph":[{"@type":"Article","@id":"https:\/\/www.notibras.com\/site\/pedaladas-e-queda-na-receita-abrem-rombo-de-70-bilhoes-nas-contas-do-governo\/#article","isPartOf":{"@id":"https:\/\/www.notibras.com\/site\/pedaladas-e-queda-na-receita-abrem-rombo-de-70-bilhoes-nas-contas-do-governo\/"},"author":{"name":"Reda\u00e7\u00e3o","@id":"https:\/\/www.notibras.com\/site\/#\/schema\/person\/36ab0979449956132d3e5b517ea76ac8"},"headline":"Pedalada e queda na receita abrem rombo de 70 bi nas contas do governo federal","datePublished":"2015-10-21T00:50:09+00:00","dateModified":"2015-10-21T00:56:55+00:00","mainEntityOfPage":{"@id":"https:\/\/www.notibras.com\/site\/pedaladas-e-queda-na-receita-abrem-rombo-de-70-bilhoes-nas-contas-do-governo\/"},"wordCount":835,"commentCount":0,"publisher":{"@id":"https:\/\/www.notibras.com\/site\/#organization"},"image":{"@id":"https:\/\/www.notibras.com\/site\/pedaladas-e-queda-na-receita-abrem-rombo-de-70-bilhoes-nas-contas-do-governo\/#primaryimage"},"thumbnailUrl":"https:\/\/www.notibras.com\/site\/wp-content\/uploads\/2015\/10\/reais-380981-640x426.jpg","articleSection":["Brasil"],"inLanguage":"pt-BR","potentialAction":[{"@type":"CommentAction","name":"Comment","target":["https:\/\/www.notibras.com\/site\/pedaladas-e-queda-na-receita-abrem-rombo-de-70-bilhoes-nas-contas-do-governo\/#respond"]}]},{"@type":"WebPage","@id":"https:\/\/www.notibras.com\/site\/pedaladas-e-queda-na-receita-abrem-rombo-de-70-bilhoes-nas-contas-do-governo\/","url":"https:\/\/www.notibras.com\/site\/pedaladas-e-queda-na-receita-abrem-rombo-de-70-bilhoes-nas-contas-do-governo\/","name":"Pedalada e queda na receita abrem rombo de 70 bi nas contas do governo federal - Notibras","isPartOf":{"@id":"https:\/\/www.notibras.com\/site\/#website"},"primaryImageOfPage":{"@id":"https:\/\/www.notibras.com\/site\/pedaladas-e-queda-na-receita-abrem-rombo-de-70-bilhoes-nas-contas-do-governo\/#primaryimage"},"image":{"@id":"https:\/\/www.notibras.com\/site\/pedaladas-e-queda-na-receita-abrem-rombo-de-70-bilhoes-nas-contas-do-governo\/#primaryimage"},"thumbnailUrl":"https:\/\/www.notibras.com\/site\/wp-content\/uploads\/2015\/10\/reais-380981-640x426.jpg","datePublished":"2015-10-21T00:50:09+00:00","dateModified":"2015-10-21T00:56:55+00:00","breadcrumb":{"@id":"https:\/\/www.notibras.com\/site\/pedaladas-e-queda-na-receita-abrem-rombo-de-70-bilhoes-nas-contas-do-governo\/#breadcrumb"},"inLanguage":"pt-BR","potentialAction":[{"@type":"ReadAction","target":["https:\/\/www.notibras.com\/site\/pedaladas-e-queda-na-receita-abrem-rombo-de-70-bilhoes-nas-contas-do-governo\/"]}]},{"@type":"ImageObject","inLanguage":"pt-BR","@id":"https:\/\/www.notibras.com\/site\/pedaladas-e-queda-na-receita-abrem-rombo-de-70-bilhoes-nas-contas-do-governo\/#primaryimage","url":"https:\/\/www.notibras.com\/site\/wp-content\/uploads\/2015\/10\/reais-380981-640x426.jpg","contentUrl":"https:\/\/www.notibras.com\/site\/wp-content\/uploads\/2015\/10\/reais-380981-640x426.jpg","width":640,"height":426},{"@type":"BreadcrumbList","@id":"https:\/\/www.notibras.com\/site\/pedaladas-e-queda-na-receita-abrem-rombo-de-70-bilhoes-nas-contas-do-governo\/#breadcrumb","itemListElement":[{"@type":"ListItem","position":1,"name":"In\u00edcio","item":"https:\/\/www.notibras.com\/site\/"},{"@type":"ListItem","position":2,"name":"Pedalada e queda na receita abrem rombo de 70 bi nas contas do governo federal"}]},{"@type":"WebSite","@id":"https:\/\/www.notibras.com\/site\/#website","url":"https:\/\/www.notibras.com\/site\/","name":"Notibras","description":"Not\u00edcias de Bras\u00edlia, do Brasil e do Mundo","publisher":{"@id":"https:\/\/www.notibras.com\/site\/#organization"},"potentialAction":[{"@type":"SearchAction","target":{"@type":"EntryPoint","urlTemplate":"https:\/\/www.notibras.com\/site\/?s={search_term_string}"},"query-input":{"@type":"PropertyValueSpecification","valueRequired":true,"valueName":"search_term_string"}}],"inLanguage":"pt-BR"},{"@type":"Organization","@id":"https:\/\/www.notibras.com\/site\/#organization","name":"Grupo Notibras de Comunica\u00e7\u00e3o","url":"https:\/\/www.notibras.com\/site\/","logo":{"@type":"ImageObject","inLanguage":"pt-BR","@id":"https:\/\/www.notibras.com\/site\/#\/schema\/logo\/image\/","url":"https:\/\/www.notibras.com\/site\/wp-content\/uploads\/2023\/01\/notibras23.png","contentUrl":"https:\/\/www.notibras.com\/site\/wp-content\/uploads\/2023\/01\/notibras23.png","width":350,"height":87,"caption":"Grupo Notibras de Comunica\u00e7\u00e3o"},"image":{"@id":"https:\/\/www.notibras.com\/site\/#\/schema\/logo\/image\/"},"sameAs":["https:\/\/www.facebook.com\/notibras\/","https:\/\/x.com\/Notibras","https:\/\/www.instagram.com\/notibras\/"]},{"@type":"Person","@id":"https:\/\/www.notibras.com\/site\/#\/schema\/person\/36ab0979449956132d3e5b517ea76ac8","name":"Reda\u00e7\u00e3o","image":{"@type":"ImageObject","inLanguage":"pt-BR","@id":"https:\/\/secure.gravatar.com\/avatar\/e0a867bdedb85fd243eadf09663511f96fc81e0720a4a42581f334ad4303aa6b?s=96&d=mm&r=g","url":"https:\/\/secure.gravatar.com\/avatar\/e0a867bdedb85fd243eadf09663511f96fc81e0720a4a42581f334ad4303aa6b?s=96&d=mm&r=g","contentUrl":"https:\/\/secure.gravatar.com\/avatar\/e0a867bdedb85fd243eadf09663511f96fc81e0720a4a42581f334ad4303aa6b?s=96&d=mm&r=g","caption":"Reda\u00e7\u00e3o"}}]}},"amp_enabled":true,"_links":{"self":[{"href":"https:\/\/www.notibras.com\/site\/wp-json\/wp\/v2\/posts\/72253","targetHints":{"allow":["GET"]}}],"collection":[{"href":"https:\/\/www.notibras.com\/site\/wp-json\/wp\/v2\/posts"}],"about":[{"href":"https:\/\/www.notibras.com\/site\/wp-json\/wp\/v2\/types\/post"}],"author":[{"embeddable":true,"href":"https:\/\/www.notibras.com\/site\/wp-json\/wp\/v2\/users\/2"}],"replies":[{"embeddable":true,"href":"https:\/\/www.notibras.com\/site\/wp-json\/wp\/v2\/comments?post=72253"}],"version-history":[{"count":3,"href":"https:\/\/www.notibras.com\/site\/wp-json\/wp\/v2\/posts\/72253\/revisions"}],"predecessor-version":[{"id":72257,"href":"https:\/\/www.notibras.com\/site\/wp-json\/wp\/v2\/posts\/72253\/revisions\/72257"}],"wp:featuredmedia":[{"embeddable":true,"href":"https:\/\/www.notibras.com\/site\/wp-json\/wp\/v2\/media\/72254"}],"wp:attachment":[{"href":"https:\/\/www.notibras.com\/site\/wp-json\/wp\/v2\/media?parent=72253"}],"wp:term":[{"taxonomy":"category","embeddable":true,"href":"https:\/\/www.notibras.com\/site\/wp-json\/wp\/v2\/categories?post=72253"},{"taxonomy":"post_tag","embeddable":true,"href":"https:\/\/www.notibras.com\/site\/wp-json\/wp\/v2\/tags?post=72253"}],"curies":[{"name":"wp","href":"https:\/\/api.w.org\/{rel}","templated":true}]}}