{"id":72261,"date":"2015-10-20T23:07:42","date_gmt":"2015-10-21T01:07:42","guid":{"rendered":"http:\/\/www.notibras.com\/site\/?p=72261"},"modified":"2015-10-20T23:10:31","modified_gmt":"2015-10-21T01:10:31","slug":"conta-de-luz-volta-a-subir-primeiro-gauchos-e-paulistas-depois-sabe-se-la-quem","status":"publish","type":"post","link":"https:\/\/www.notibras.com\/site\/conta-de-luz-volta-a-subir-primeiro-gauchos-e-paulistas-depois-sabe-se-la-quem\/","title":{"rendered":"Conta de luz volta a subir. Primeiro ga\u00fachos e paulistas; depois, sabe-se l\u00e1 quem"},"content":{"rendered":"<div class=\"not\">\n<p>A Ag\u00eancia Nacional de Energia El\u00e9trica (Aneel) aprovou nesta ter\u00e7a-feira, 20, a 4\u00aa Revis\u00e3o Tarif\u00e1ria Peri\u00f3dica da Bandeirante Energia, com aumento m\u00e9dio de 16,14% nas contas de luz. Para os consumidores ligados na alta tens\u00e3o, como ind\u00fastrias, a corre\u00e7\u00e3o ser\u00e1 de 17,09%. J\u00e1 para a baixa tens\u00e3o, como com\u00e9rcio e resid\u00eancias, a alta ser\u00e1 de 15,37%.<\/p>\n<p>O diretor da Aneel relator do processo, Andr\u00e9 Pepitone, explicou que o porcentual j\u00e1 considera o novo rateio da Conta de Desenvolvimento Energ\u00e9tico (CDE) decorrente de uma liminar da Associa\u00e7\u00e3o Brasileira de Grandes Consumidores Industriais de Energia e de Consumidores Livres (Abrace).<\/p>\n<p>Como os valores antes cobertos por esse grupo de ind\u00fastrias eletrointensivas agora precisam ser pagos pelos demais consumidores, esse impacto nas contas residenciais da CPFL Piratininga ser\u00e1 de 1,41%.<\/p>\n<p>As novas tarifas entram em vigor na pr\u00f3xima sexta-feira, 23, para 1,76 milh\u00e3o de unidades consumidoras atendidas pela companhia em 28 munic\u00edpios do interior do Estado de S\u00e3o Paulo.<\/p>\n<p>As contas de luz da Bandeirante j\u00e1 haviam subido em m\u00e9dia 24,9% em fevereiro deste ano, na revis\u00e3o extraordin\u00e1ria concedida pela Aneel a todas as distribuidoras de eletricidade do Pa\u00eds.<\/p>\n<\/div>\n<p>A Aneel tamb\u00e9m aprovou nesta ter\u00e7a-feira, 20, o reajuste tarif\u00e1rio anual da Companhia Estadual de Distribui\u00e7\u00e3o de Energia El\u00e9trica (CEEE), com aumento m\u00e9dio de 6,52% nas contas de luz. Para os consumidores ligados na alta tens\u00e3o, como ind\u00fastrias, a corre\u00e7\u00e3o ser\u00e1 de 7,78%. J\u00e1 para a baixa tens\u00e3o, como com\u00e9rcio e resid\u00eancias, a alta ser\u00e1 de 5,82%.<\/p>\n<p>As novas tarifas entram em vigor no pr\u00f3ximo domingo, 25, para 1,6 milh\u00e3o de unidades consumidoras atendidas pela companhia em 72 munic\u00edpios do Rio Grande do Sul.<\/p>\n<p>As contas de luz da CEEE j\u00e1 haviam subido em m\u00e9dia 21,87% em fevereiro deste ano, na revis\u00e3o extraordin\u00e1ria concedida pela Aneel a todas as distribuidoras de eletricidade do Pa\u00eds.<\/p>\n<p><img loading=\"lazy\" decoding=\"async\" class=\"alignnone size-full wp-image-70065\" src=\"http:\/\/www.notibras.com\/site\/wp-content\/uploads\/2015\/10\/estadao.png\" alt=\"estadao\" width=\"99\" height=\"16\" \/><\/p>\n","protected":false},"excerpt":{"rendered":"<p>A Ag\u00eancia Nacional de Energia El\u00e9trica (Aneel) aprovou nesta ter\u00e7a-feira, 20, a 4\u00aa Revis\u00e3o Tarif\u00e1ria Peri\u00f3dica da Bandeirante Energia, com aumento m\u00e9dio de 16,14% nas contas de luz. Para os consumidores ligados na alta tens\u00e3o, como ind\u00fastrias, a corre\u00e7\u00e3o ser\u00e1 de 17,09%. J\u00e1 para a baixa tens\u00e3o, como com\u00e9rcio e resid\u00eancias, a alta ser\u00e1 de [&hellip;]<\/p>\n","protected":false},"author":2,"featured_media":72262,"comment_status":"open","ping_status":"closed","sticky":false,"template":"","format":"standard","meta":{"_acf_changed":false,"footnotes":""},"categories":[16],"tags":[],"class_list":["post-72261","post","type-post","status-publish","format-standard","has-post-thumbnail","hentry","category-brasil"],"acf":[],"yoast_head":"<!-- This site is optimized with the Yoast SEO plugin v27.2 - https:\/\/yoast.com\/product\/yoast-seo-wordpress\/ -->\n<title>Conta de luz volta a subir. Primeiro ga\u00fachos e paulistas; depois, sabe-se l\u00e1 quem - Notibras<\/title>\n<meta name=\"robots\" content=\"index, follow, max-snippet:-1, max-image-preview:large, max-video-preview:-1\" \/>\n<link rel=\"canonical\" href=\"https:\/\/www.notibras.com\/site\/conta-de-luz-volta-a-subir-primeiro-gauchos-e-paulistas-depois-sabe-se-la-quem\/\" \/>\n<meta property=\"og:locale\" content=\"pt_BR\" \/>\n<meta property=\"og:type\" content=\"article\" \/>\n<meta property=\"og:title\" content=\"Conta de luz volta a subir. Primeiro ga\u00fachos e paulistas; depois, sabe-se l\u00e1 quem - Notibras\" \/>\n<meta property=\"og:description\" content=\"A Ag\u00eancia Nacional de Energia El\u00e9trica (Aneel) aprovou nesta ter\u00e7a-feira, 20, a 4\u00aa Revis\u00e3o Tarif\u00e1ria Peri\u00f3dica da Bandeirante Energia, com aumento m\u00e9dio de 16,14% nas contas de luz. Para os consumidores ligados na alta tens\u00e3o, como ind\u00fastrias, a corre\u00e7\u00e3o ser\u00e1 de 17,09%. J\u00e1 para a baixa tens\u00e3o, como com\u00e9rcio e resid\u00eancias, a alta ser\u00e1 de [&hellip;]\" \/>\n<meta property=\"og:url\" content=\"https:\/\/www.notibras.com\/site\/conta-de-luz-volta-a-subir-primeiro-gauchos-e-paulistas-depois-sabe-se-la-quem\/\" \/>\n<meta property=\"og:site_name\" content=\"Notibras\" \/>\n<meta property=\"article:publisher\" content=\"https:\/\/www.facebook.com\/notibras\/\" \/>\n<meta property=\"article:published_time\" content=\"2015-10-21T01:07:42+00:00\" \/>\n<meta property=\"article:modified_time\" content=\"2015-10-21T01:10:31+00:00\" \/>\n<meta property=\"og:image\" content=\"https:\/\/www.notibras.com\/site\/wp-content\/uploads\/2015\/10\/conta_de_luz_not1288.jpg\" \/>\n\t<meta property=\"og:image:width\" content=\"1150\" \/>\n\t<meta property=\"og:image:height\" content=\"943\" \/>\n\t<meta property=\"og:image:type\" content=\"image\/jpeg\" \/>\n<meta name=\"author\" content=\"Reda\u00e7\u00e3o\" \/>\n<meta name=\"twitter:card\" content=\"summary_large_image\" \/>\n<meta name=\"twitter:creator\" content=\"@Notibras\" \/>\n<meta name=\"twitter:site\" content=\"@Notibras\" \/>\n<meta name=\"twitter:label1\" content=\"Escrito por\" \/>\n\t<meta name=\"twitter:data1\" content=\"Reda\u00e7\u00e3o\" \/>\n\t<meta name=\"twitter:label2\" content=\"Est. tempo de leitura\" \/>\n\t<meta name=\"twitter:data2\" content=\"2 minutos\" \/>\n<script type=\"application\/ld+json\" class=\"yoast-schema-graph\">{\"@context\":\"https:\/\/schema.org\",\"@graph\":[{\"@type\":\"Article\",\"@id\":\"https:\/\/www.notibras.com\/site\/conta-de-luz-volta-a-subir-primeiro-gauchos-e-paulistas-depois-sabe-se-la-quem\/#article\",\"isPartOf\":{\"@id\":\"https:\/\/www.notibras.com\/site\/conta-de-luz-volta-a-subir-primeiro-gauchos-e-paulistas-depois-sabe-se-la-quem\/\"},\"author\":{\"name\":\"Reda\u00e7\u00e3o\",\"@id\":\"https:\/\/www.notibras.com\/site\/#\/schema\/person\/36ab0979449956132d3e5b517ea76ac8\"},\"headline\":\"Conta de luz volta a subir. Primeiro ga\u00fachos e paulistas; depois, sabe-se l\u00e1 quem\",\"datePublished\":\"2015-10-21T01:07:42+00:00\",\"dateModified\":\"2015-10-21T01:10:31+00:00\",\"mainEntityOfPage\":{\"@id\":\"https:\/\/www.notibras.com\/site\/conta-de-luz-volta-a-subir-primeiro-gauchos-e-paulistas-depois-sabe-se-la-quem\/\"},\"wordCount\":340,\"commentCount\":0,\"publisher\":{\"@id\":\"https:\/\/www.notibras.com\/site\/#organization\"},\"image\":{\"@id\":\"https:\/\/www.notibras.com\/site\/conta-de-luz-volta-a-subir-primeiro-gauchos-e-paulistas-depois-sabe-se-la-quem\/#primaryimage\"},\"thumbnailUrl\":\"https:\/\/www.notibras.com\/site\/wp-content\/uploads\/2015\/10\/conta_de_luz_not1288.jpg\",\"articleSection\":[\"Brasil\"],\"inLanguage\":\"pt-BR\",\"potentialAction\":[{\"@type\":\"CommentAction\",\"name\":\"Comment\",\"target\":[\"https:\/\/www.notibras.com\/site\/conta-de-luz-volta-a-subir-primeiro-gauchos-e-paulistas-depois-sabe-se-la-quem\/#respond\"]}]},{\"@type\":\"WebPage\",\"@id\":\"https:\/\/www.notibras.com\/site\/conta-de-luz-volta-a-subir-primeiro-gauchos-e-paulistas-depois-sabe-se-la-quem\/\",\"url\":\"https:\/\/www.notibras.com\/site\/conta-de-luz-volta-a-subir-primeiro-gauchos-e-paulistas-depois-sabe-se-la-quem\/\",\"name\":\"Conta de luz volta a subir. Primeiro ga\u00fachos e paulistas; depois, sabe-se l\u00e1 quem - Notibras\",\"isPartOf\":{\"@id\":\"https:\/\/www.notibras.com\/site\/#website\"},\"primaryImageOfPage\":{\"@id\":\"https:\/\/www.notibras.com\/site\/conta-de-luz-volta-a-subir-primeiro-gauchos-e-paulistas-depois-sabe-se-la-quem\/#primaryimage\"},\"image\":{\"@id\":\"https:\/\/www.notibras.com\/site\/conta-de-luz-volta-a-subir-primeiro-gauchos-e-paulistas-depois-sabe-se-la-quem\/#primaryimage\"},\"thumbnailUrl\":\"https:\/\/www.notibras.com\/site\/wp-content\/uploads\/2015\/10\/conta_de_luz_not1288.jpg\",\"datePublished\":\"2015-10-21T01:07:42+00:00\",\"dateModified\":\"2015-10-21T01:10:31+00:00\",\"breadcrumb\":{\"@id\":\"https:\/\/www.notibras.com\/site\/conta-de-luz-volta-a-subir-primeiro-gauchos-e-paulistas-depois-sabe-se-la-quem\/#breadcrumb\"},\"inLanguage\":\"pt-BR\",\"potentialAction\":[{\"@type\":\"ReadAction\",\"target\":[\"https:\/\/www.notibras.com\/site\/conta-de-luz-volta-a-subir-primeiro-gauchos-e-paulistas-depois-sabe-se-la-quem\/\"]}]},{\"@type\":\"ImageObject\",\"inLanguage\":\"pt-BR\",\"@id\":\"https:\/\/www.notibras.com\/site\/conta-de-luz-volta-a-subir-primeiro-gauchos-e-paulistas-depois-sabe-se-la-quem\/#primaryimage\",\"url\":\"https:\/\/www.notibras.com\/site\/wp-content\/uploads\/2015\/10\/conta_de_luz_not1288.jpg\",\"contentUrl\":\"https:\/\/www.notibras.com\/site\/wp-content\/uploads\/2015\/10\/conta_de_luz_not1288.jpg\",\"width\":1150,\"height\":943},{\"@type\":\"BreadcrumbList\",\"@id\":\"https:\/\/www.notibras.com\/site\/conta-de-luz-volta-a-subir-primeiro-gauchos-e-paulistas-depois-sabe-se-la-quem\/#breadcrumb\",\"itemListElement\":[{\"@type\":\"ListItem\",\"position\":1,\"name\":\"In\u00edcio\",\"item\":\"https:\/\/www.notibras.com\/site\/\"},{\"@type\":\"ListItem\",\"position\":2,\"name\":\"Conta de luz volta a subir. Primeiro ga\u00fachos e paulistas; depois, sabe-se l\u00e1 quem\"}]},{\"@type\":\"WebSite\",\"@id\":\"https:\/\/www.notibras.com\/site\/#website\",\"url\":\"https:\/\/www.notibras.com\/site\/\",\"name\":\"Notibras\",\"description\":\"Not\u00edcias de Bras\u00edlia, do Brasil e do Mundo\",\"publisher\":{\"@id\":\"https:\/\/www.notibras.com\/site\/#organization\"},\"potentialAction\":[{\"@type\":\"SearchAction\",\"target\":{\"@type\":\"EntryPoint\",\"urlTemplate\":\"https:\/\/www.notibras.com\/site\/?s={search_term_string}\"},\"query-input\":{\"@type\":\"PropertyValueSpecification\",\"valueRequired\":true,\"valueName\":\"search_term_string\"}}],\"inLanguage\":\"pt-BR\"},{\"@type\":\"Organization\",\"@id\":\"https:\/\/www.notibras.com\/site\/#organization\",\"name\":\"Grupo Notibras de Comunica\u00e7\u00e3o\",\"url\":\"https:\/\/www.notibras.com\/site\/\",\"logo\":{\"@type\":\"ImageObject\",\"inLanguage\":\"pt-BR\",\"@id\":\"https:\/\/www.notibras.com\/site\/#\/schema\/logo\/image\/\",\"url\":\"https:\/\/www.notibras.com\/site\/wp-content\/uploads\/2023\/01\/notibras23.png\",\"contentUrl\":\"https:\/\/www.notibras.com\/site\/wp-content\/uploads\/2023\/01\/notibras23.png\",\"width\":350,\"height\":87,\"caption\":\"Grupo Notibras de Comunica\u00e7\u00e3o\"},\"image\":{\"@id\":\"https:\/\/www.notibras.com\/site\/#\/schema\/logo\/image\/\"},\"sameAs\":[\"https:\/\/www.facebook.com\/notibras\/\",\"https:\/\/x.com\/Notibras\",\"https:\/\/www.instagram.com\/notibras\/\"]},{\"@type\":\"Person\",\"@id\":\"https:\/\/www.notibras.com\/site\/#\/schema\/person\/36ab0979449956132d3e5b517ea76ac8\",\"name\":\"Reda\u00e7\u00e3o\",\"image\":{\"@type\":\"ImageObject\",\"inLanguage\":\"pt-BR\",\"@id\":\"https:\/\/secure.gravatar.com\/avatar\/e0a867bdedb85fd243eadf09663511f96fc81e0720a4a42581f334ad4303aa6b?s=96&d=mm&r=g\",\"url\":\"https:\/\/secure.gravatar.com\/avatar\/e0a867bdedb85fd243eadf09663511f96fc81e0720a4a42581f334ad4303aa6b?s=96&d=mm&r=g\",\"contentUrl\":\"https:\/\/secure.gravatar.com\/avatar\/e0a867bdedb85fd243eadf09663511f96fc81e0720a4a42581f334ad4303aa6b?s=96&d=mm&r=g\",\"caption\":\"Reda\u00e7\u00e3o\"}}]}<\/script>\n<!-- \/ Yoast SEO plugin. -->","yoast_head_json":{"title":"Conta de luz volta a subir. Primeiro ga\u00fachos e paulistas; depois, sabe-se l\u00e1 quem - Notibras","robots":{"index":"index","follow":"follow","max-snippet":"max-snippet:-1","max-image-preview":"max-image-preview:large","max-video-preview":"max-video-preview:-1"},"canonical":"https:\/\/www.notibras.com\/site\/conta-de-luz-volta-a-subir-primeiro-gauchos-e-paulistas-depois-sabe-se-la-quem\/","og_locale":"pt_BR","og_type":"article","og_title":"Conta de luz volta a subir. Primeiro ga\u00fachos e paulistas; depois, sabe-se l\u00e1 quem - Notibras","og_description":"A Ag\u00eancia Nacional de Energia El\u00e9trica (Aneel) aprovou nesta ter\u00e7a-feira, 20, a 4\u00aa Revis\u00e3o Tarif\u00e1ria Peri\u00f3dica da Bandeirante Energia, com aumento m\u00e9dio de 16,14% nas contas de luz. Para os consumidores ligados na alta tens\u00e3o, como ind\u00fastrias, a corre\u00e7\u00e3o ser\u00e1 de 17,09%. J\u00e1 para a baixa tens\u00e3o, como com\u00e9rcio e resid\u00eancias, a alta ser\u00e1 de [&hellip;]","og_url":"https:\/\/www.notibras.com\/site\/conta-de-luz-volta-a-subir-primeiro-gauchos-e-paulistas-depois-sabe-se-la-quem\/","og_site_name":"Notibras","article_publisher":"https:\/\/www.facebook.com\/notibras\/","article_published_time":"2015-10-21T01:07:42+00:00","article_modified_time":"2015-10-21T01:10:31+00:00","og_image":[{"width":1150,"height":943,"url":"https:\/\/www.notibras.com\/site\/wp-content\/uploads\/2015\/10\/conta_de_luz_not1288.jpg","type":"image\/jpeg"}],"author":"Reda\u00e7\u00e3o","twitter_card":"summary_large_image","twitter_creator":"@Notibras","twitter_site":"@Notibras","twitter_misc":{"Escrito por":"Reda\u00e7\u00e3o","Est. tempo de leitura":"2 minutos"},"schema":{"@context":"https:\/\/schema.org","@graph":[{"@type":"Article","@id":"https:\/\/www.notibras.com\/site\/conta-de-luz-volta-a-subir-primeiro-gauchos-e-paulistas-depois-sabe-se-la-quem\/#article","isPartOf":{"@id":"https:\/\/www.notibras.com\/site\/conta-de-luz-volta-a-subir-primeiro-gauchos-e-paulistas-depois-sabe-se-la-quem\/"},"author":{"name":"Reda\u00e7\u00e3o","@id":"https:\/\/www.notibras.com\/site\/#\/schema\/person\/36ab0979449956132d3e5b517ea76ac8"},"headline":"Conta de luz volta a subir. Primeiro ga\u00fachos e paulistas; depois, sabe-se l\u00e1 quem","datePublished":"2015-10-21T01:07:42+00:00","dateModified":"2015-10-21T01:10:31+00:00","mainEntityOfPage":{"@id":"https:\/\/www.notibras.com\/site\/conta-de-luz-volta-a-subir-primeiro-gauchos-e-paulistas-depois-sabe-se-la-quem\/"},"wordCount":340,"commentCount":0,"publisher":{"@id":"https:\/\/www.notibras.com\/site\/#organization"},"image":{"@id":"https:\/\/www.notibras.com\/site\/conta-de-luz-volta-a-subir-primeiro-gauchos-e-paulistas-depois-sabe-se-la-quem\/#primaryimage"},"thumbnailUrl":"https:\/\/www.notibras.com\/site\/wp-content\/uploads\/2015\/10\/conta_de_luz_not1288.jpg","articleSection":["Brasil"],"inLanguage":"pt-BR","potentialAction":[{"@type":"CommentAction","name":"Comment","target":["https:\/\/www.notibras.com\/site\/conta-de-luz-volta-a-subir-primeiro-gauchos-e-paulistas-depois-sabe-se-la-quem\/#respond"]}]},{"@type":"WebPage","@id":"https:\/\/www.notibras.com\/site\/conta-de-luz-volta-a-subir-primeiro-gauchos-e-paulistas-depois-sabe-se-la-quem\/","url":"https:\/\/www.notibras.com\/site\/conta-de-luz-volta-a-subir-primeiro-gauchos-e-paulistas-depois-sabe-se-la-quem\/","name":"Conta de luz volta a subir. Primeiro ga\u00fachos e paulistas; depois, sabe-se l\u00e1 quem - Notibras","isPartOf":{"@id":"https:\/\/www.notibras.com\/site\/#website"},"primaryImageOfPage":{"@id":"https:\/\/www.notibras.com\/site\/conta-de-luz-volta-a-subir-primeiro-gauchos-e-paulistas-depois-sabe-se-la-quem\/#primaryimage"},"image":{"@id":"https:\/\/www.notibras.com\/site\/conta-de-luz-volta-a-subir-primeiro-gauchos-e-paulistas-depois-sabe-se-la-quem\/#primaryimage"},"thumbnailUrl":"https:\/\/www.notibras.com\/site\/wp-content\/uploads\/2015\/10\/conta_de_luz_not1288.jpg","datePublished":"2015-10-21T01:07:42+00:00","dateModified":"2015-10-21T01:10:31+00:00","breadcrumb":{"@id":"https:\/\/www.notibras.com\/site\/conta-de-luz-volta-a-subir-primeiro-gauchos-e-paulistas-depois-sabe-se-la-quem\/#breadcrumb"},"inLanguage":"pt-BR","potentialAction":[{"@type":"ReadAction","target":["https:\/\/www.notibras.com\/site\/conta-de-luz-volta-a-subir-primeiro-gauchos-e-paulistas-depois-sabe-se-la-quem\/"]}]},{"@type":"ImageObject","inLanguage":"pt-BR","@id":"https:\/\/www.notibras.com\/site\/conta-de-luz-volta-a-subir-primeiro-gauchos-e-paulistas-depois-sabe-se-la-quem\/#primaryimage","url":"https:\/\/www.notibras.com\/site\/wp-content\/uploads\/2015\/10\/conta_de_luz_not1288.jpg","contentUrl":"https:\/\/www.notibras.com\/site\/wp-content\/uploads\/2015\/10\/conta_de_luz_not1288.jpg","width":1150,"height":943},{"@type":"BreadcrumbList","@id":"https:\/\/www.notibras.com\/site\/conta-de-luz-volta-a-subir-primeiro-gauchos-e-paulistas-depois-sabe-se-la-quem\/#breadcrumb","itemListElement":[{"@type":"ListItem","position":1,"name":"In\u00edcio","item":"https:\/\/www.notibras.com\/site\/"},{"@type":"ListItem","position":2,"name":"Conta de luz volta a subir. Primeiro ga\u00fachos e paulistas; depois, sabe-se l\u00e1 quem"}]},{"@type":"WebSite","@id":"https:\/\/www.notibras.com\/site\/#website","url":"https:\/\/www.notibras.com\/site\/","name":"Notibras","description":"Not\u00edcias de Bras\u00edlia, do Brasil e do Mundo","publisher":{"@id":"https:\/\/www.notibras.com\/site\/#organization"},"potentialAction":[{"@type":"SearchAction","target":{"@type":"EntryPoint","urlTemplate":"https:\/\/www.notibras.com\/site\/?s={search_term_string}"},"query-input":{"@type":"PropertyValueSpecification","valueRequired":true,"valueName":"search_term_string"}}],"inLanguage":"pt-BR"},{"@type":"Organization","@id":"https:\/\/www.notibras.com\/site\/#organization","name":"Grupo Notibras de Comunica\u00e7\u00e3o","url":"https:\/\/www.notibras.com\/site\/","logo":{"@type":"ImageObject","inLanguage":"pt-BR","@id":"https:\/\/www.notibras.com\/site\/#\/schema\/logo\/image\/","url":"https:\/\/www.notibras.com\/site\/wp-content\/uploads\/2023\/01\/notibras23.png","contentUrl":"https:\/\/www.notibras.com\/site\/wp-content\/uploads\/2023\/01\/notibras23.png","width":350,"height":87,"caption":"Grupo Notibras de Comunica\u00e7\u00e3o"},"image":{"@id":"https:\/\/www.notibras.com\/site\/#\/schema\/logo\/image\/"},"sameAs":["https:\/\/www.facebook.com\/notibras\/","https:\/\/x.com\/Notibras","https:\/\/www.instagram.com\/notibras\/"]},{"@type":"Person","@id":"https:\/\/www.notibras.com\/site\/#\/schema\/person\/36ab0979449956132d3e5b517ea76ac8","name":"Reda\u00e7\u00e3o","image":{"@type":"ImageObject","inLanguage":"pt-BR","@id":"https:\/\/secure.gravatar.com\/avatar\/e0a867bdedb85fd243eadf09663511f96fc81e0720a4a42581f334ad4303aa6b?s=96&d=mm&r=g","url":"https:\/\/secure.gravatar.com\/avatar\/e0a867bdedb85fd243eadf09663511f96fc81e0720a4a42581f334ad4303aa6b?s=96&d=mm&r=g","contentUrl":"https:\/\/secure.gravatar.com\/avatar\/e0a867bdedb85fd243eadf09663511f96fc81e0720a4a42581f334ad4303aa6b?s=96&d=mm&r=g","caption":"Reda\u00e7\u00e3o"}}]}},"amp_enabled":true,"_links":{"self":[{"href":"https:\/\/www.notibras.com\/site\/wp-json\/wp\/v2\/posts\/72261","targetHints":{"allow":["GET"]}}],"collection":[{"href":"https:\/\/www.notibras.com\/site\/wp-json\/wp\/v2\/posts"}],"about":[{"href":"https:\/\/www.notibras.com\/site\/wp-json\/wp\/v2\/types\/post"}],"author":[{"embeddable":true,"href":"https:\/\/www.notibras.com\/site\/wp-json\/wp\/v2\/users\/2"}],"replies":[{"embeddable":true,"href":"https:\/\/www.notibras.com\/site\/wp-json\/wp\/v2\/comments?post=72261"}],"version-history":[{"count":1,"href":"https:\/\/www.notibras.com\/site\/wp-json\/wp\/v2\/posts\/72261\/revisions"}],"predecessor-version":[{"id":72263,"href":"https:\/\/www.notibras.com\/site\/wp-json\/wp\/v2\/posts\/72261\/revisions\/72263"}],"wp:featuredmedia":[{"embeddable":true,"href":"https:\/\/www.notibras.com\/site\/wp-json\/wp\/v2\/media\/72262"}],"wp:attachment":[{"href":"https:\/\/www.notibras.com\/site\/wp-json\/wp\/v2\/media?parent=72261"}],"wp:term":[{"taxonomy":"category","embeddable":true,"href":"https:\/\/www.notibras.com\/site\/wp-json\/wp\/v2\/categories?post=72261"},{"taxonomy":"post_tag","embeddable":true,"href":"https:\/\/www.notibras.com\/site\/wp-json\/wp\/v2\/tags?post=72261"}],"curies":[{"name":"wp","href":"https:\/\/api.w.org\/{rel}","templated":true}]}}