{"id":72268,"date":"2015-10-20T21:17:23","date_gmt":"2015-10-20T23:17:23","guid":{"rendered":"http:\/\/www.notibras.com\/site\/?p=72268"},"modified":"2015-10-21T11:28:07","modified_gmt":"2015-10-21T13:28:07","slug":"brasileiro-que-matou-ex-namorada-pega-prisao-perpetua-nos-estados-unidos","status":"publish","type":"post","link":"https:\/\/www.notibras.com\/site\/brasileiro-que-matou-ex-namorada-pega-prisao-perpetua-nos-estados-unidos\/","title":{"rendered":"Brasileiro que matou a ex-namorada pega a pris\u00e3o perp\u00e9tua em Massachusetts"},"content":{"rendered":"<p>O entregador de pizzas Marcello Almeida, de Frei Inoc\u00eancio, regi\u00e3o leste de Minas Gerais, foi condenado \u00e0 pris\u00e3o perp\u00e9tua nos Estados Unidos pelo assassinato a facadas da ex-namorada, Patr\u00edcia Fr\u00f3is, tamb\u00e9m de Frei Inoc\u00eancio, h\u00e1 quatro anos. O crime aconteceu em Marshfield, cidade de aproximadamente 30 mil habitantes no estado de Massachusetts, para onde o casal se mudou em 2007.<\/p>\n<p>Patr\u00edcia era faxineira de resid\u00eancias e trabalhava em uma lanchonete. O casal teve um filho, Bruno, hoje com 9 anos, que n\u00e3o se mudou para os Estados Unidos com os pais e vive com a av\u00f3 materna em Frei Inoc\u00eancio.<\/p>\n<p>O assassinato aconteceu em 24 de setembro de 2011. Em Massachusetts n\u00e3o h\u00e1 pena de morte. Segundo relato dos familiares de Patr\u00edcia, inconformado depois de ter o relacionamento rompido pela mulher, que na \u00e9poca tinha 24 anos, Almeida a esperou chegar em um dos corredores do edif\u00edcio em que viviam e a esfaqueou dez vezes. &#8220;Foi tudo filmado e apresentado no julgamento. A pol\u00edcia tamb\u00e9m mostrou as roupas, perfuradas e ensanguentadas, que a Patr\u00edcia usava no momento em que foi atacada&#8221;, afirma a av\u00f3 da v\u00edtima, Jacira Ferreira do Nascimento.<\/p>\n<p>O relato foi passado para Jacira por sua filha, Roseli Fr\u00f3is, m\u00e3e da v\u00edtima. Roseli foi convidada pela Justi\u00e7a do Estado de Massachusetts para acompanhar nos Estados Unidos o julgamento, que durou 18 dias e terminou na \u00faltima ter\u00e7a-feira, 13. O j\u00fari foi formado por nove mulheres e cinco homens.<\/p>\n<p>&#8220;No dia anterior ao crime, Almeida ligou para a Patr\u00edcia 232 vezes, conforme consta no celular que tamb\u00e9m ficou com a pol\u00edcia e foi mostrado no julgamento&#8221;, conta Jacira. O garoto, segundo a bisav\u00f3, n\u00e3o sabe da hist\u00f3ria envolvendo o pai e a m\u00e3e.<\/p>\n<p>A defesa de Almeida, hoje com 45 anos, vai recorrer da senten\u00e7a, que \u00e9 de primeira inst\u00e2ncia. &#8220;Estamos tranquilos. Temos que ver o que Deus reserva para a gente&#8221;, afirma a irm\u00e3 do condenado, Marl\u00facia Almeida, que vive em Frei Inoc\u00eancio. As duas fam\u00edlias mant\u00eam algum relacionamento na cidade. &#8220;Minha filha tem um cora\u00e7\u00e3o muito bom. Perdoou, mas eu n\u00e3o quero mexida com esse povo&#8221;, afirma Jacira. &#8220;N\u00e3o quero nada ruim para o assassino da minha neta, mas o quero l\u00e1, preso&#8221;, acrescenta.<\/p>\n<p>\u00c0 \u00e9poca do assassinato, ex-vizinhos do casal afirmaram que o brasileiro era muito agressivo com Patr\u00edcia, e a teria agredido v\u00e1rias vezes. Depois de matar a mulher, o condenado tentou suic\u00eddio. Na senten\u00e7a, o juiz respons\u00e1vel pelo processo, Thomas McGuire, determinou que n\u00e3o haja possibilidade de liberdade condicional para Almeida, que ficar\u00e1 preso no Massachusetts Correctional Institution. A defesa tem 30 dias para recorrer da senten\u00e7a.<\/p>\n<p><img loading=\"lazy\" decoding=\"async\" class=\"alignnone size-full wp-image-70065\" src=\"http:\/\/www.notibras.com\/site\/wp-content\/uploads\/2015\/10\/estadao.png\" alt=\"estadao\" width=\"99\" height=\"16\" \/><\/p>\n","protected":false},"excerpt":{"rendered":"<p>O entregador de pizzas Marcello Almeida, de Frei Inoc\u00eancio, regi\u00e3o leste de Minas Gerais, foi condenado \u00e0 pris\u00e3o perp\u00e9tua nos Estados Unidos pelo assassinato a facadas da ex-namorada, Patr\u00edcia Fr\u00f3is, tamb\u00e9m de Frei Inoc\u00eancio, h\u00e1 quatro anos. O crime aconteceu em Marshfield, cidade de aproximadamente 30 mil habitantes no estado de Massachusetts, para onde o [&hellip;]<\/p>\n","protected":false},"author":2,"featured_media":72270,"comment_status":"open","ping_status":"closed","sticky":false,"template":"","format":"standard","meta":{"_acf_changed":false,"footnotes":""},"categories":[16],"tags":[],"class_list":["post-72268","post","type-post","status-publish","format-standard","has-post-thumbnail","hentry","category-brasil"],"acf":[],"yoast_head":"<!-- This site is optimized with the Yoast SEO plugin v27.2 - https:\/\/yoast.com\/product\/yoast-seo-wordpress\/ -->\n<title>Brasileiro que matou a ex-namorada pega a pris\u00e3o perp\u00e9tua em Massachusetts - Notibras<\/title>\n<meta name=\"robots\" content=\"index, follow, max-snippet:-1, max-image-preview:large, max-video-preview:-1\" \/>\n<link rel=\"canonical\" href=\"https:\/\/www.notibras.com\/site\/brasileiro-que-matou-ex-namorada-pega-prisao-perpetua-nos-estados-unidos\/\" \/>\n<meta property=\"og:locale\" content=\"pt_BR\" \/>\n<meta property=\"og:type\" content=\"article\" \/>\n<meta property=\"og:title\" content=\"Brasileiro que matou a ex-namorada pega a pris\u00e3o perp\u00e9tua em Massachusetts - Notibras\" \/>\n<meta property=\"og:description\" content=\"O entregador de pizzas Marcello Almeida, de Frei Inoc\u00eancio, regi\u00e3o leste de Minas Gerais, foi condenado \u00e0 pris\u00e3o perp\u00e9tua nos Estados Unidos pelo assassinato a facadas da ex-namorada, Patr\u00edcia Fr\u00f3is, tamb\u00e9m de Frei Inoc\u00eancio, h\u00e1 quatro anos. O crime aconteceu em Marshfield, cidade de aproximadamente 30 mil habitantes no estado de Massachusetts, para onde o [&hellip;]\" \/>\n<meta property=\"og:url\" content=\"https:\/\/www.notibras.com\/site\/brasileiro-que-matou-ex-namorada-pega-prisao-perpetua-nos-estados-unidos\/\" \/>\n<meta property=\"og:site_name\" content=\"Notibras\" \/>\n<meta property=\"article:publisher\" content=\"https:\/\/www.facebook.com\/notibras\/\" \/>\n<meta property=\"article:published_time\" content=\"2015-10-20T23:17:23+00:00\" \/>\n<meta property=\"article:modified_time\" content=\"2015-10-21T13:28:07+00:00\" \/>\n<meta property=\"og:image\" content=\"https:\/\/www.notibras.com\/site\/wp-content\/uploads\/2015\/10\/size_810_16_9_prisoes-eua.jpg\" \/>\n\t<meta property=\"og:image:width\" content=\"810\" \/>\n\t<meta property=\"og:image:height\" content=\"455\" \/>\n\t<meta property=\"og:image:type\" content=\"image\/jpeg\" \/>\n<meta name=\"author\" content=\"Reda\u00e7\u00e3o\" \/>\n<meta name=\"twitter:card\" content=\"summary_large_image\" \/>\n<meta name=\"twitter:creator\" content=\"@Notibras\" \/>\n<meta name=\"twitter:site\" content=\"@Notibras\" \/>\n<meta name=\"twitter:label1\" content=\"Escrito por\" \/>\n\t<meta name=\"twitter:data1\" content=\"Reda\u00e7\u00e3o\" \/>\n\t<meta name=\"twitter:label2\" content=\"Est. tempo de leitura\" \/>\n\t<meta name=\"twitter:data2\" content=\"2 minutos\" \/>\n<script type=\"application\/ld+json\" class=\"yoast-schema-graph\">{\"@context\":\"https:\/\/schema.org\",\"@graph\":[{\"@type\":\"Article\",\"@id\":\"https:\/\/www.notibras.com\/site\/brasileiro-que-matou-ex-namorada-pega-prisao-perpetua-nos-estados-unidos\/#article\",\"isPartOf\":{\"@id\":\"https:\/\/www.notibras.com\/site\/brasileiro-que-matou-ex-namorada-pega-prisao-perpetua-nos-estados-unidos\/\"},\"author\":{\"name\":\"Reda\u00e7\u00e3o\",\"@id\":\"https:\/\/www.notibras.com\/site\/#\/schema\/person\/36ab0979449956132d3e5b517ea76ac8\"},\"headline\":\"Brasileiro que matou a ex-namorada pega a pris\u00e3o perp\u00e9tua em Massachusetts\",\"datePublished\":\"2015-10-20T23:17:23+00:00\",\"dateModified\":\"2015-10-21T13:28:07+00:00\",\"mainEntityOfPage\":{\"@id\":\"https:\/\/www.notibras.com\/site\/brasileiro-que-matou-ex-namorada-pega-prisao-perpetua-nos-estados-unidos\/\"},\"wordCount\":479,\"commentCount\":0,\"publisher\":{\"@id\":\"https:\/\/www.notibras.com\/site\/#organization\"},\"image\":{\"@id\":\"https:\/\/www.notibras.com\/site\/brasileiro-que-matou-ex-namorada-pega-prisao-perpetua-nos-estados-unidos\/#primaryimage\"},\"thumbnailUrl\":\"https:\/\/www.notibras.com\/site\/wp-content\/uploads\/2015\/10\/size_810_16_9_prisoes-eua.jpg\",\"articleSection\":[\"Brasil\"],\"inLanguage\":\"pt-BR\",\"potentialAction\":[{\"@type\":\"CommentAction\",\"name\":\"Comment\",\"target\":[\"https:\/\/www.notibras.com\/site\/brasileiro-que-matou-ex-namorada-pega-prisao-perpetua-nos-estados-unidos\/#respond\"]}]},{\"@type\":\"WebPage\",\"@id\":\"https:\/\/www.notibras.com\/site\/brasileiro-que-matou-ex-namorada-pega-prisao-perpetua-nos-estados-unidos\/\",\"url\":\"https:\/\/www.notibras.com\/site\/brasileiro-que-matou-ex-namorada-pega-prisao-perpetua-nos-estados-unidos\/\",\"name\":\"Brasileiro que matou a ex-namorada pega a pris\u00e3o perp\u00e9tua em Massachusetts - Notibras\",\"isPartOf\":{\"@id\":\"https:\/\/www.notibras.com\/site\/#website\"},\"primaryImageOfPage\":{\"@id\":\"https:\/\/www.notibras.com\/site\/brasileiro-que-matou-ex-namorada-pega-prisao-perpetua-nos-estados-unidos\/#primaryimage\"},\"image\":{\"@id\":\"https:\/\/www.notibras.com\/site\/brasileiro-que-matou-ex-namorada-pega-prisao-perpetua-nos-estados-unidos\/#primaryimage\"},\"thumbnailUrl\":\"https:\/\/www.notibras.com\/site\/wp-content\/uploads\/2015\/10\/size_810_16_9_prisoes-eua.jpg\",\"datePublished\":\"2015-10-20T23:17:23+00:00\",\"dateModified\":\"2015-10-21T13:28:07+00:00\",\"breadcrumb\":{\"@id\":\"https:\/\/www.notibras.com\/site\/brasileiro-que-matou-ex-namorada-pega-prisao-perpetua-nos-estados-unidos\/#breadcrumb\"},\"inLanguage\":\"pt-BR\",\"potentialAction\":[{\"@type\":\"ReadAction\",\"target\":[\"https:\/\/www.notibras.com\/site\/brasileiro-que-matou-ex-namorada-pega-prisao-perpetua-nos-estados-unidos\/\"]}]},{\"@type\":\"ImageObject\",\"inLanguage\":\"pt-BR\",\"@id\":\"https:\/\/www.notibras.com\/site\/brasileiro-que-matou-ex-namorada-pega-prisao-perpetua-nos-estados-unidos\/#primaryimage\",\"url\":\"https:\/\/www.notibras.com\/site\/wp-content\/uploads\/2015\/10\/size_810_16_9_prisoes-eua.jpg\",\"contentUrl\":\"https:\/\/www.notibras.com\/site\/wp-content\/uploads\/2015\/10\/size_810_16_9_prisoes-eua.jpg\",\"width\":810,\"height\":455},{\"@type\":\"BreadcrumbList\",\"@id\":\"https:\/\/www.notibras.com\/site\/brasileiro-que-matou-ex-namorada-pega-prisao-perpetua-nos-estados-unidos\/#breadcrumb\",\"itemListElement\":[{\"@type\":\"ListItem\",\"position\":1,\"name\":\"In\u00edcio\",\"item\":\"https:\/\/www.notibras.com\/site\/\"},{\"@type\":\"ListItem\",\"position\":2,\"name\":\"Brasileiro que matou a ex-namorada pega a pris\u00e3o perp\u00e9tua em Massachusetts\"}]},{\"@type\":\"WebSite\",\"@id\":\"https:\/\/www.notibras.com\/site\/#website\",\"url\":\"https:\/\/www.notibras.com\/site\/\",\"name\":\"Notibras\",\"description\":\"Not\u00edcias de Bras\u00edlia, do Brasil e do Mundo\",\"publisher\":{\"@id\":\"https:\/\/www.notibras.com\/site\/#organization\"},\"potentialAction\":[{\"@type\":\"SearchAction\",\"target\":{\"@type\":\"EntryPoint\",\"urlTemplate\":\"https:\/\/www.notibras.com\/site\/?s={search_term_string}\"},\"query-input\":{\"@type\":\"PropertyValueSpecification\",\"valueRequired\":true,\"valueName\":\"search_term_string\"}}],\"inLanguage\":\"pt-BR\"},{\"@type\":\"Organization\",\"@id\":\"https:\/\/www.notibras.com\/site\/#organization\",\"name\":\"Grupo Notibras de Comunica\u00e7\u00e3o\",\"url\":\"https:\/\/www.notibras.com\/site\/\",\"logo\":{\"@type\":\"ImageObject\",\"inLanguage\":\"pt-BR\",\"@id\":\"https:\/\/www.notibras.com\/site\/#\/schema\/logo\/image\/\",\"url\":\"https:\/\/www.notibras.com\/site\/wp-content\/uploads\/2023\/01\/notibras23.png\",\"contentUrl\":\"https:\/\/www.notibras.com\/site\/wp-content\/uploads\/2023\/01\/notibras23.png\",\"width\":350,\"height\":87,\"caption\":\"Grupo Notibras de Comunica\u00e7\u00e3o\"},\"image\":{\"@id\":\"https:\/\/www.notibras.com\/site\/#\/schema\/logo\/image\/\"},\"sameAs\":[\"https:\/\/www.facebook.com\/notibras\/\",\"https:\/\/x.com\/Notibras\",\"https:\/\/www.instagram.com\/notibras\/\"]},{\"@type\":\"Person\",\"@id\":\"https:\/\/www.notibras.com\/site\/#\/schema\/person\/36ab0979449956132d3e5b517ea76ac8\",\"name\":\"Reda\u00e7\u00e3o\",\"image\":{\"@type\":\"ImageObject\",\"inLanguage\":\"pt-BR\",\"@id\":\"https:\/\/secure.gravatar.com\/avatar\/e0a867bdedb85fd243eadf09663511f96fc81e0720a4a42581f334ad4303aa6b?s=96&d=mm&r=g\",\"url\":\"https:\/\/secure.gravatar.com\/avatar\/e0a867bdedb85fd243eadf09663511f96fc81e0720a4a42581f334ad4303aa6b?s=96&d=mm&r=g\",\"contentUrl\":\"https:\/\/secure.gravatar.com\/avatar\/e0a867bdedb85fd243eadf09663511f96fc81e0720a4a42581f334ad4303aa6b?s=96&d=mm&r=g\",\"caption\":\"Reda\u00e7\u00e3o\"}}]}<\/script>\n<!-- \/ Yoast SEO plugin. -->","yoast_head_json":{"title":"Brasileiro que matou a ex-namorada pega a pris\u00e3o perp\u00e9tua em Massachusetts - Notibras","robots":{"index":"index","follow":"follow","max-snippet":"max-snippet:-1","max-image-preview":"max-image-preview:large","max-video-preview":"max-video-preview:-1"},"canonical":"https:\/\/www.notibras.com\/site\/brasileiro-que-matou-ex-namorada-pega-prisao-perpetua-nos-estados-unidos\/","og_locale":"pt_BR","og_type":"article","og_title":"Brasileiro que matou a ex-namorada pega a pris\u00e3o perp\u00e9tua em Massachusetts - Notibras","og_description":"O entregador de pizzas Marcello Almeida, de Frei Inoc\u00eancio, regi\u00e3o leste de Minas Gerais, foi condenado \u00e0 pris\u00e3o perp\u00e9tua nos Estados Unidos pelo assassinato a facadas da ex-namorada, Patr\u00edcia Fr\u00f3is, tamb\u00e9m de Frei Inoc\u00eancio, h\u00e1 quatro anos. O crime aconteceu em Marshfield, cidade de aproximadamente 30 mil habitantes no estado de Massachusetts, para onde o [&hellip;]","og_url":"https:\/\/www.notibras.com\/site\/brasileiro-que-matou-ex-namorada-pega-prisao-perpetua-nos-estados-unidos\/","og_site_name":"Notibras","article_publisher":"https:\/\/www.facebook.com\/notibras\/","article_published_time":"2015-10-20T23:17:23+00:00","article_modified_time":"2015-10-21T13:28:07+00:00","og_image":[{"width":810,"height":455,"url":"https:\/\/www.notibras.com\/site\/wp-content\/uploads\/2015\/10\/size_810_16_9_prisoes-eua.jpg","type":"image\/jpeg"}],"author":"Reda\u00e7\u00e3o","twitter_card":"summary_large_image","twitter_creator":"@Notibras","twitter_site":"@Notibras","twitter_misc":{"Escrito por":"Reda\u00e7\u00e3o","Est. tempo de leitura":"2 minutos"},"schema":{"@context":"https:\/\/schema.org","@graph":[{"@type":"Article","@id":"https:\/\/www.notibras.com\/site\/brasileiro-que-matou-ex-namorada-pega-prisao-perpetua-nos-estados-unidos\/#article","isPartOf":{"@id":"https:\/\/www.notibras.com\/site\/brasileiro-que-matou-ex-namorada-pega-prisao-perpetua-nos-estados-unidos\/"},"author":{"name":"Reda\u00e7\u00e3o","@id":"https:\/\/www.notibras.com\/site\/#\/schema\/person\/36ab0979449956132d3e5b517ea76ac8"},"headline":"Brasileiro que matou a ex-namorada pega a pris\u00e3o perp\u00e9tua em Massachusetts","datePublished":"2015-10-20T23:17:23+00:00","dateModified":"2015-10-21T13:28:07+00:00","mainEntityOfPage":{"@id":"https:\/\/www.notibras.com\/site\/brasileiro-que-matou-ex-namorada-pega-prisao-perpetua-nos-estados-unidos\/"},"wordCount":479,"commentCount":0,"publisher":{"@id":"https:\/\/www.notibras.com\/site\/#organization"},"image":{"@id":"https:\/\/www.notibras.com\/site\/brasileiro-que-matou-ex-namorada-pega-prisao-perpetua-nos-estados-unidos\/#primaryimage"},"thumbnailUrl":"https:\/\/www.notibras.com\/site\/wp-content\/uploads\/2015\/10\/size_810_16_9_prisoes-eua.jpg","articleSection":["Brasil"],"inLanguage":"pt-BR","potentialAction":[{"@type":"CommentAction","name":"Comment","target":["https:\/\/www.notibras.com\/site\/brasileiro-que-matou-ex-namorada-pega-prisao-perpetua-nos-estados-unidos\/#respond"]}]},{"@type":"WebPage","@id":"https:\/\/www.notibras.com\/site\/brasileiro-que-matou-ex-namorada-pega-prisao-perpetua-nos-estados-unidos\/","url":"https:\/\/www.notibras.com\/site\/brasileiro-que-matou-ex-namorada-pega-prisao-perpetua-nos-estados-unidos\/","name":"Brasileiro que matou a ex-namorada pega a pris\u00e3o perp\u00e9tua em Massachusetts - Notibras","isPartOf":{"@id":"https:\/\/www.notibras.com\/site\/#website"},"primaryImageOfPage":{"@id":"https:\/\/www.notibras.com\/site\/brasileiro-que-matou-ex-namorada-pega-prisao-perpetua-nos-estados-unidos\/#primaryimage"},"image":{"@id":"https:\/\/www.notibras.com\/site\/brasileiro-que-matou-ex-namorada-pega-prisao-perpetua-nos-estados-unidos\/#primaryimage"},"thumbnailUrl":"https:\/\/www.notibras.com\/site\/wp-content\/uploads\/2015\/10\/size_810_16_9_prisoes-eua.jpg","datePublished":"2015-10-20T23:17:23+00:00","dateModified":"2015-10-21T13:28:07+00:00","breadcrumb":{"@id":"https:\/\/www.notibras.com\/site\/brasileiro-que-matou-ex-namorada-pega-prisao-perpetua-nos-estados-unidos\/#breadcrumb"},"inLanguage":"pt-BR","potentialAction":[{"@type":"ReadAction","target":["https:\/\/www.notibras.com\/site\/brasileiro-que-matou-ex-namorada-pega-prisao-perpetua-nos-estados-unidos\/"]}]},{"@type":"ImageObject","inLanguage":"pt-BR","@id":"https:\/\/www.notibras.com\/site\/brasileiro-que-matou-ex-namorada-pega-prisao-perpetua-nos-estados-unidos\/#primaryimage","url":"https:\/\/www.notibras.com\/site\/wp-content\/uploads\/2015\/10\/size_810_16_9_prisoes-eua.jpg","contentUrl":"https:\/\/www.notibras.com\/site\/wp-content\/uploads\/2015\/10\/size_810_16_9_prisoes-eua.jpg","width":810,"height":455},{"@type":"BreadcrumbList","@id":"https:\/\/www.notibras.com\/site\/brasileiro-que-matou-ex-namorada-pega-prisao-perpetua-nos-estados-unidos\/#breadcrumb","itemListElement":[{"@type":"ListItem","position":1,"name":"In\u00edcio","item":"https:\/\/www.notibras.com\/site\/"},{"@type":"ListItem","position":2,"name":"Brasileiro que matou a ex-namorada pega a pris\u00e3o perp\u00e9tua em Massachusetts"}]},{"@type":"WebSite","@id":"https:\/\/www.notibras.com\/site\/#website","url":"https:\/\/www.notibras.com\/site\/","name":"Notibras","description":"Not\u00edcias de Bras\u00edlia, do Brasil e do Mundo","publisher":{"@id":"https:\/\/www.notibras.com\/site\/#organization"},"potentialAction":[{"@type":"SearchAction","target":{"@type":"EntryPoint","urlTemplate":"https:\/\/www.notibras.com\/site\/?s={search_term_string}"},"query-input":{"@type":"PropertyValueSpecification","valueRequired":true,"valueName":"search_term_string"}}],"inLanguage":"pt-BR"},{"@type":"Organization","@id":"https:\/\/www.notibras.com\/site\/#organization","name":"Grupo Notibras de Comunica\u00e7\u00e3o","url":"https:\/\/www.notibras.com\/site\/","logo":{"@type":"ImageObject","inLanguage":"pt-BR","@id":"https:\/\/www.notibras.com\/site\/#\/schema\/logo\/image\/","url":"https:\/\/www.notibras.com\/site\/wp-content\/uploads\/2023\/01\/notibras23.png","contentUrl":"https:\/\/www.notibras.com\/site\/wp-content\/uploads\/2023\/01\/notibras23.png","width":350,"height":87,"caption":"Grupo Notibras de Comunica\u00e7\u00e3o"},"image":{"@id":"https:\/\/www.notibras.com\/site\/#\/schema\/logo\/image\/"},"sameAs":["https:\/\/www.facebook.com\/notibras\/","https:\/\/x.com\/Notibras","https:\/\/www.instagram.com\/notibras\/"]},{"@type":"Person","@id":"https:\/\/www.notibras.com\/site\/#\/schema\/person\/36ab0979449956132d3e5b517ea76ac8","name":"Reda\u00e7\u00e3o","image":{"@type":"ImageObject","inLanguage":"pt-BR","@id":"https:\/\/secure.gravatar.com\/avatar\/e0a867bdedb85fd243eadf09663511f96fc81e0720a4a42581f334ad4303aa6b?s=96&d=mm&r=g","url":"https:\/\/secure.gravatar.com\/avatar\/e0a867bdedb85fd243eadf09663511f96fc81e0720a4a42581f334ad4303aa6b?s=96&d=mm&r=g","contentUrl":"https:\/\/secure.gravatar.com\/avatar\/e0a867bdedb85fd243eadf09663511f96fc81e0720a4a42581f334ad4303aa6b?s=96&d=mm&r=g","caption":"Reda\u00e7\u00e3o"}}]}},"amp_enabled":true,"_links":{"self":[{"href":"https:\/\/www.notibras.com\/site\/wp-json\/wp\/v2\/posts\/72268","targetHints":{"allow":["GET"]}}],"collection":[{"href":"https:\/\/www.notibras.com\/site\/wp-json\/wp\/v2\/posts"}],"about":[{"href":"https:\/\/www.notibras.com\/site\/wp-json\/wp\/v2\/types\/post"}],"author":[{"embeddable":true,"href":"https:\/\/www.notibras.com\/site\/wp-json\/wp\/v2\/users\/2"}],"replies":[{"embeddable":true,"href":"https:\/\/www.notibras.com\/site\/wp-json\/wp\/v2\/comments?post=72268"}],"version-history":[{"count":3,"href":"https:\/\/www.notibras.com\/site\/wp-json\/wp\/v2\/posts\/72268\/revisions"}],"predecessor-version":[{"id":72273,"href":"https:\/\/www.notibras.com\/site\/wp-json\/wp\/v2\/posts\/72268\/revisions\/72273"}],"wp:featuredmedia":[{"embeddable":true,"href":"https:\/\/www.notibras.com\/site\/wp-json\/wp\/v2\/media\/72270"}],"wp:attachment":[{"href":"https:\/\/www.notibras.com\/site\/wp-json\/wp\/v2\/media?parent=72268"}],"wp:term":[{"taxonomy":"category","embeddable":true,"href":"https:\/\/www.notibras.com\/site\/wp-json\/wp\/v2\/categories?post=72268"},{"taxonomy":"post_tag","embeddable":true,"href":"https:\/\/www.notibras.com\/site\/wp-json\/wp\/v2\/tags?post=72268"}],"curies":[{"name":"wp","href":"https:\/\/api.w.org\/{rel}","templated":true}]}}