{"id":72283,"date":"2015-10-20T21:01:09","date_gmt":"2015-10-20T23:01:09","guid":{"rendered":"http:\/\/www.notibras.com\/site\/?p=72283"},"modified":"2015-10-21T10:35:44","modified_gmt":"2015-10-21T12:35:44","slug":"camara-aprova-direito-de-resposta-e-ameaca-jornalismo-investigativo","status":"publish","type":"post","link":"https:\/\/www.notibras.com\/site\/camara-aprova-direito-de-resposta-e-ameaca-jornalismo-investigativo\/","title":{"rendered":"Governo imp\u00f5e nova regra para o direito de resposta e amea\u00e7a amorda\u00e7ar imprensa"},"content":{"rendered":"<div id=\"Corpo\">\n<p>O plen\u00e1rio da C\u00e2mara dos Deputados aprovou na noite desta ter\u00e7a-feira, 20, o projeto de lei que regulamenta o exerc\u00edcio do direito de resposta aos que se sentirem ofendidos por mat\u00e9rias jornal\u00edsticas veiculadas nos meios de comunica\u00e7\u00e3o. O texto volta agora \u00e0 aprecia\u00e7\u00e3o dos senadores.<\/p>\n<p>O projeto, de autoria do senador Roberto Requi\u00e3o (PMDB-PR), prev\u00ea que o cidad\u00e3o que se sentir ofendido em sua honra, reputa\u00e7\u00e3o, imagem ou intimidade, pode exigir a retifica\u00e7\u00e3o da informa\u00e7\u00e3o em espa\u00e7o proporcional \u00e0 not\u00edcia divulgada. O projeto regulamenta o artigo 5\u00ba da Constitui\u00e7\u00e3o e \u00e9 o primeiro do g\u00eanero desde a revoga\u00e7\u00e3o da Lei de Imprensa em 2009.<\/p>\n<p>Na vota\u00e7\u00e3o, os deputados retiraram do texto original a possibilidade de o ofendido exercer pessoalmente o direito de resposta, a chamada retifica\u00e7\u00e3o pessoal, nos casos de conte\u00fado televisivo ou radiof\u00f4nico. Outra mudan\u00e7a foi a inclus\u00e3o de um artigo que isenta o acusado de puni\u00e7\u00e3o caso se retrate, pelos mesmos meios, antes da senten\u00e7a em a\u00e7\u00f5es de cal\u00fania e difama\u00e7\u00e3o.<\/p>\n<p>A \u00faltima vez que a proposta foi colocada em pauta foi no ano passado, mas o tema n\u00e3o avan\u00e7ou em plen\u00e1rio. O tema volta \u00e0 tona no momento em que o presidente da Casa, Eduardo Cunha (PMDB-RJ), ganhou destaque no notici\u00e1rio como um dos principais investigados da Opera\u00e7\u00e3o Lava Jato.<\/p>\n<p>&#8220;O projeto acaba com o jornalismo investigativo&#8221;, concluiu o l\u00edder do PPS, Rubens Bueno (PR). Apenas PPS, DEM e PSDB votaram contra o projeto.<\/p>\n<p><b>Regras &#8211;\u00a0<\/b>O projeto d\u00e1 ao ofendido a possibilidade de reivindicar o direito de resposta diretamente ao ve\u00edculo de comunica\u00e7\u00e3o. A partir da data de publica\u00e7\u00e3o da not\u00edcia, o cidad\u00e3o tem at\u00e9 60 dias para exigir esse direito. O ofendido pode exigir que o direito de resposta seja publicado em mesmo espa\u00e7o semelhante ao conte\u00fado publicado contra ele, no mesmo dia da semana e hor\u00e1rio do agravo.<\/p>\n<p>Mesmo havendo retrata\u00e7\u00e3o espont\u00e2nea do ve\u00edculo, se o cidad\u00e3o se sentir insatisfeito com o tratamento, poder\u00e1 recorrer \u00e0 Justi\u00e7a, em primeira inst\u00e2ncia. Caso a empresa n\u00e3o fa\u00e7a a retrata\u00e7\u00e3o em sete dias &#8211; contando a partir da data do recebimento do pedido de direito de resposta -, o ofendido poder\u00e1 procurar inst\u00e2ncias judiciais superiores. Ao receber a a\u00e7\u00e3o, o magistrado dar\u00e1 24 horas para que o respons\u00e1vel seja citado e tr\u00eas dias para a contesta\u00e7\u00e3o. Ao total, o juiz ter\u00e1 30 dias para deliberar sobre a a\u00e7\u00e3o.<\/p>\n<p>O projeto n\u00e3o se aplica aos coment\u00e1rios feitos por usu\u00e1rios de internet nas p\u00e1ginas eletr\u00f4nicas dos ve\u00edculos de comunica\u00e7\u00e3o.<\/p>\n<p>A lei do Direito de Reposta prev\u00ea que o juiz poder\u00e1 impor multa di\u00e1ria ao r\u00e9u, independentemente da solicita\u00e7\u00e3o do autor da a\u00e7\u00e3o, &#8220;bem como modificar-lhe o valor ou a periodicidade, caso verifique-se que se tornou insuficiente ou excessiva.&#8221; Foi mantido na lei a possibilidade de efeito suspensivo da decis\u00e3o de primeira inst\u00e2ncia, desde que seja por colegiado.<\/p>\n<\/div>\n<p><img loading=\"lazy\" decoding=\"async\" class=\"alignnone size-full wp-image-70065\" src=\"http:\/\/www.notibras.com\/site\/wp-content\/uploads\/2015\/10\/estadao.png\" alt=\"estadao\" width=\"99\" height=\"16\" \/><\/p>\n","protected":false},"excerpt":{"rendered":"<p>O plen\u00e1rio da C\u00e2mara dos Deputados aprovou na noite desta ter\u00e7a-feira, 20, o projeto de lei que regulamenta o exerc\u00edcio do direito de resposta aos que se sentirem ofendidos por mat\u00e9rias jornal\u00edsticas veiculadas nos meios de comunica\u00e7\u00e3o. O texto volta agora \u00e0 aprecia\u00e7\u00e3o dos senadores. O projeto, de autoria do senador Roberto Requi\u00e3o (PMDB-PR), prev\u00ea [&hellip;]<\/p>\n","protected":false},"author":2,"featured_media":72284,"comment_status":"open","ping_status":"closed","sticky":false,"template":"","format":"standard","meta":{"_acf_changed":false,"footnotes":""},"categories":[16],"tags":[],"class_list":["post-72283","post","type-post","status-publish","format-standard","has-post-thumbnail","hentry","category-brasil"],"acf":[],"yoast_head":"<!-- This site is optimized with the Yoast SEO plugin v27.2 - https:\/\/yoast.com\/product\/yoast-seo-wordpress\/ -->\n<title>Governo imp\u00f5e nova regra para o direito de resposta e amea\u00e7a amorda\u00e7ar imprensa - Notibras<\/title>\n<meta name=\"robots\" content=\"index, follow, max-snippet:-1, max-image-preview:large, max-video-preview:-1\" \/>\n<link rel=\"canonical\" href=\"https:\/\/www.notibras.com\/site\/camara-aprova-direito-de-resposta-e-ameaca-jornalismo-investigativo\/\" \/>\n<meta property=\"og:locale\" content=\"pt_BR\" \/>\n<meta property=\"og:type\" content=\"article\" \/>\n<meta property=\"og:title\" content=\"Governo imp\u00f5e nova regra para o direito de resposta e amea\u00e7a amorda\u00e7ar imprensa - Notibras\" \/>\n<meta property=\"og:description\" content=\"O plen\u00e1rio da C\u00e2mara dos Deputados aprovou na noite desta ter\u00e7a-feira, 20, o projeto de lei que regulamenta o exerc\u00edcio do direito de resposta aos que se sentirem ofendidos por mat\u00e9rias jornal\u00edsticas veiculadas nos meios de comunica\u00e7\u00e3o. O texto volta agora \u00e0 aprecia\u00e7\u00e3o dos senadores. O projeto, de autoria do senador Roberto Requi\u00e3o (PMDB-PR), prev\u00ea [&hellip;]\" \/>\n<meta property=\"og:url\" content=\"https:\/\/www.notibras.com\/site\/camara-aprova-direito-de-resposta-e-ameaca-jornalismo-investigativo\/\" \/>\n<meta property=\"og:site_name\" content=\"Notibras\" \/>\n<meta property=\"article:publisher\" content=\"https:\/\/www.facebook.com\/notibras\/\" \/>\n<meta property=\"article:published_time\" content=\"2015-10-20T23:01:09+00:00\" \/>\n<meta property=\"article:modified_time\" content=\"2015-10-21T12:35:44+00:00\" \/>\n<meta property=\"og:image\" content=\"https:\/\/www.notibras.com\/site\/wp-content\/uploads\/2015\/10\/direito_de_resposta_pinheiro_advogados_gazeta_do_povo.jpg\" \/>\n\t<meta property=\"og:image:width\" content=\"400\" \/>\n\t<meta property=\"og:image:height\" content=\"300\" \/>\n\t<meta property=\"og:image:type\" content=\"image\/jpeg\" \/>\n<meta name=\"author\" content=\"Reda\u00e7\u00e3o\" \/>\n<meta name=\"twitter:card\" content=\"summary_large_image\" \/>\n<meta name=\"twitter:creator\" content=\"@Notibras\" \/>\n<meta name=\"twitter:site\" content=\"@Notibras\" \/>\n<meta name=\"twitter:label1\" content=\"Escrito por\" \/>\n\t<meta name=\"twitter:data1\" content=\"Reda\u00e7\u00e3o\" \/>\n\t<meta name=\"twitter:label2\" content=\"Est. tempo de leitura\" \/>\n\t<meta name=\"twitter:data2\" content=\"3 minutos\" \/>\n<script type=\"application\/ld+json\" class=\"yoast-schema-graph\">{\"@context\":\"https:\/\/schema.org\",\"@graph\":[{\"@type\":\"Article\",\"@id\":\"https:\/\/www.notibras.com\/site\/camara-aprova-direito-de-resposta-e-ameaca-jornalismo-investigativo\/#article\",\"isPartOf\":{\"@id\":\"https:\/\/www.notibras.com\/site\/camara-aprova-direito-de-resposta-e-ameaca-jornalismo-investigativo\/\"},\"author\":{\"name\":\"Reda\u00e7\u00e3o\",\"@id\":\"https:\/\/www.notibras.com\/site\/#\/schema\/person\/36ab0979449956132d3e5b517ea76ac8\"},\"headline\":\"Governo imp\u00f5e nova regra para o direito de resposta e amea\u00e7a amorda\u00e7ar imprensa\",\"datePublished\":\"2015-10-20T23:01:09+00:00\",\"dateModified\":\"2015-10-21T12:35:44+00:00\",\"mainEntityOfPage\":{\"@id\":\"https:\/\/www.notibras.com\/site\/camara-aprova-direito-de-resposta-e-ameaca-jornalismo-investigativo\/\"},\"wordCount\":544,\"commentCount\":0,\"publisher\":{\"@id\":\"https:\/\/www.notibras.com\/site\/#organization\"},\"image\":{\"@id\":\"https:\/\/www.notibras.com\/site\/camara-aprova-direito-de-resposta-e-ameaca-jornalismo-investigativo\/#primaryimage\"},\"thumbnailUrl\":\"https:\/\/www.notibras.com\/site\/wp-content\/uploads\/2015\/10\/direito_de_resposta_pinheiro_advogados_gazeta_do_povo.jpg\",\"articleSection\":[\"Brasil\"],\"inLanguage\":\"pt-BR\",\"potentialAction\":[{\"@type\":\"CommentAction\",\"name\":\"Comment\",\"target\":[\"https:\/\/www.notibras.com\/site\/camara-aprova-direito-de-resposta-e-ameaca-jornalismo-investigativo\/#respond\"]}]},{\"@type\":\"WebPage\",\"@id\":\"https:\/\/www.notibras.com\/site\/camara-aprova-direito-de-resposta-e-ameaca-jornalismo-investigativo\/\",\"url\":\"https:\/\/www.notibras.com\/site\/camara-aprova-direito-de-resposta-e-ameaca-jornalismo-investigativo\/\",\"name\":\"Governo imp\u00f5e nova regra para o direito de resposta e amea\u00e7a amorda\u00e7ar imprensa - Notibras\",\"isPartOf\":{\"@id\":\"https:\/\/www.notibras.com\/site\/#website\"},\"primaryImageOfPage\":{\"@id\":\"https:\/\/www.notibras.com\/site\/camara-aprova-direito-de-resposta-e-ameaca-jornalismo-investigativo\/#primaryimage\"},\"image\":{\"@id\":\"https:\/\/www.notibras.com\/site\/camara-aprova-direito-de-resposta-e-ameaca-jornalismo-investigativo\/#primaryimage\"},\"thumbnailUrl\":\"https:\/\/www.notibras.com\/site\/wp-content\/uploads\/2015\/10\/direito_de_resposta_pinheiro_advogados_gazeta_do_povo.jpg\",\"datePublished\":\"2015-10-20T23:01:09+00:00\",\"dateModified\":\"2015-10-21T12:35:44+00:00\",\"breadcrumb\":{\"@id\":\"https:\/\/www.notibras.com\/site\/camara-aprova-direito-de-resposta-e-ameaca-jornalismo-investigativo\/#breadcrumb\"},\"inLanguage\":\"pt-BR\",\"potentialAction\":[{\"@type\":\"ReadAction\",\"target\":[\"https:\/\/www.notibras.com\/site\/camara-aprova-direito-de-resposta-e-ameaca-jornalismo-investigativo\/\"]}]},{\"@type\":\"ImageObject\",\"inLanguage\":\"pt-BR\",\"@id\":\"https:\/\/www.notibras.com\/site\/camara-aprova-direito-de-resposta-e-ameaca-jornalismo-investigativo\/#primaryimage\",\"url\":\"https:\/\/www.notibras.com\/site\/wp-content\/uploads\/2015\/10\/direito_de_resposta_pinheiro_advogados_gazeta_do_povo.jpg\",\"contentUrl\":\"https:\/\/www.notibras.com\/site\/wp-content\/uploads\/2015\/10\/direito_de_resposta_pinheiro_advogados_gazeta_do_povo.jpg\",\"width\":400,\"height\":300},{\"@type\":\"BreadcrumbList\",\"@id\":\"https:\/\/www.notibras.com\/site\/camara-aprova-direito-de-resposta-e-ameaca-jornalismo-investigativo\/#breadcrumb\",\"itemListElement\":[{\"@type\":\"ListItem\",\"position\":1,\"name\":\"In\u00edcio\",\"item\":\"https:\/\/www.notibras.com\/site\/\"},{\"@type\":\"ListItem\",\"position\":2,\"name\":\"Governo imp\u00f5e nova regra para o direito de resposta e amea\u00e7a amorda\u00e7ar imprensa\"}]},{\"@type\":\"WebSite\",\"@id\":\"https:\/\/www.notibras.com\/site\/#website\",\"url\":\"https:\/\/www.notibras.com\/site\/\",\"name\":\"Notibras\",\"description\":\"Not\u00edcias de Bras\u00edlia, do Brasil e do Mundo\",\"publisher\":{\"@id\":\"https:\/\/www.notibras.com\/site\/#organization\"},\"potentialAction\":[{\"@type\":\"SearchAction\",\"target\":{\"@type\":\"EntryPoint\",\"urlTemplate\":\"https:\/\/www.notibras.com\/site\/?s={search_term_string}\"},\"query-input\":{\"@type\":\"PropertyValueSpecification\",\"valueRequired\":true,\"valueName\":\"search_term_string\"}}],\"inLanguage\":\"pt-BR\"},{\"@type\":\"Organization\",\"@id\":\"https:\/\/www.notibras.com\/site\/#organization\",\"name\":\"Grupo Notibras de Comunica\u00e7\u00e3o\",\"url\":\"https:\/\/www.notibras.com\/site\/\",\"logo\":{\"@type\":\"ImageObject\",\"inLanguage\":\"pt-BR\",\"@id\":\"https:\/\/www.notibras.com\/site\/#\/schema\/logo\/image\/\",\"url\":\"https:\/\/www.notibras.com\/site\/wp-content\/uploads\/2023\/01\/notibras23.png\",\"contentUrl\":\"https:\/\/www.notibras.com\/site\/wp-content\/uploads\/2023\/01\/notibras23.png\",\"width\":350,\"height\":87,\"caption\":\"Grupo Notibras de Comunica\u00e7\u00e3o\"},\"image\":{\"@id\":\"https:\/\/www.notibras.com\/site\/#\/schema\/logo\/image\/\"},\"sameAs\":[\"https:\/\/www.facebook.com\/notibras\/\",\"https:\/\/x.com\/Notibras\",\"https:\/\/www.instagram.com\/notibras\/\"]},{\"@type\":\"Person\",\"@id\":\"https:\/\/www.notibras.com\/site\/#\/schema\/person\/36ab0979449956132d3e5b517ea76ac8\",\"name\":\"Reda\u00e7\u00e3o\",\"image\":{\"@type\":\"ImageObject\",\"inLanguage\":\"pt-BR\",\"@id\":\"https:\/\/secure.gravatar.com\/avatar\/e0a867bdedb85fd243eadf09663511f96fc81e0720a4a42581f334ad4303aa6b?s=96&d=mm&r=g\",\"url\":\"https:\/\/secure.gravatar.com\/avatar\/e0a867bdedb85fd243eadf09663511f96fc81e0720a4a42581f334ad4303aa6b?s=96&d=mm&r=g\",\"contentUrl\":\"https:\/\/secure.gravatar.com\/avatar\/e0a867bdedb85fd243eadf09663511f96fc81e0720a4a42581f334ad4303aa6b?s=96&d=mm&r=g\",\"caption\":\"Reda\u00e7\u00e3o\"}}]}<\/script>\n<!-- \/ Yoast SEO plugin. -->","yoast_head_json":{"title":"Governo imp\u00f5e nova regra para o direito de resposta e amea\u00e7a amorda\u00e7ar imprensa - Notibras","robots":{"index":"index","follow":"follow","max-snippet":"max-snippet:-1","max-image-preview":"max-image-preview:large","max-video-preview":"max-video-preview:-1"},"canonical":"https:\/\/www.notibras.com\/site\/camara-aprova-direito-de-resposta-e-ameaca-jornalismo-investigativo\/","og_locale":"pt_BR","og_type":"article","og_title":"Governo imp\u00f5e nova regra para o direito de resposta e amea\u00e7a amorda\u00e7ar imprensa - Notibras","og_description":"O plen\u00e1rio da C\u00e2mara dos Deputados aprovou na noite desta ter\u00e7a-feira, 20, o projeto de lei que regulamenta o exerc\u00edcio do direito de resposta aos que se sentirem ofendidos por mat\u00e9rias jornal\u00edsticas veiculadas nos meios de comunica\u00e7\u00e3o. O texto volta agora \u00e0 aprecia\u00e7\u00e3o dos senadores. O projeto, de autoria do senador Roberto Requi\u00e3o (PMDB-PR), prev\u00ea [&hellip;]","og_url":"https:\/\/www.notibras.com\/site\/camara-aprova-direito-de-resposta-e-ameaca-jornalismo-investigativo\/","og_site_name":"Notibras","article_publisher":"https:\/\/www.facebook.com\/notibras\/","article_published_time":"2015-10-20T23:01:09+00:00","article_modified_time":"2015-10-21T12:35:44+00:00","og_image":[{"width":400,"height":300,"url":"https:\/\/www.notibras.com\/site\/wp-content\/uploads\/2015\/10\/direito_de_resposta_pinheiro_advogados_gazeta_do_povo.jpg","type":"image\/jpeg"}],"author":"Reda\u00e7\u00e3o","twitter_card":"summary_large_image","twitter_creator":"@Notibras","twitter_site":"@Notibras","twitter_misc":{"Escrito por":"Reda\u00e7\u00e3o","Est. tempo de leitura":"3 minutos"},"schema":{"@context":"https:\/\/schema.org","@graph":[{"@type":"Article","@id":"https:\/\/www.notibras.com\/site\/camara-aprova-direito-de-resposta-e-ameaca-jornalismo-investigativo\/#article","isPartOf":{"@id":"https:\/\/www.notibras.com\/site\/camara-aprova-direito-de-resposta-e-ameaca-jornalismo-investigativo\/"},"author":{"name":"Reda\u00e7\u00e3o","@id":"https:\/\/www.notibras.com\/site\/#\/schema\/person\/36ab0979449956132d3e5b517ea76ac8"},"headline":"Governo imp\u00f5e nova regra para o direito de resposta e amea\u00e7a amorda\u00e7ar imprensa","datePublished":"2015-10-20T23:01:09+00:00","dateModified":"2015-10-21T12:35:44+00:00","mainEntityOfPage":{"@id":"https:\/\/www.notibras.com\/site\/camara-aprova-direito-de-resposta-e-ameaca-jornalismo-investigativo\/"},"wordCount":544,"commentCount":0,"publisher":{"@id":"https:\/\/www.notibras.com\/site\/#organization"},"image":{"@id":"https:\/\/www.notibras.com\/site\/camara-aprova-direito-de-resposta-e-ameaca-jornalismo-investigativo\/#primaryimage"},"thumbnailUrl":"https:\/\/www.notibras.com\/site\/wp-content\/uploads\/2015\/10\/direito_de_resposta_pinheiro_advogados_gazeta_do_povo.jpg","articleSection":["Brasil"],"inLanguage":"pt-BR","potentialAction":[{"@type":"CommentAction","name":"Comment","target":["https:\/\/www.notibras.com\/site\/camara-aprova-direito-de-resposta-e-ameaca-jornalismo-investigativo\/#respond"]}]},{"@type":"WebPage","@id":"https:\/\/www.notibras.com\/site\/camara-aprova-direito-de-resposta-e-ameaca-jornalismo-investigativo\/","url":"https:\/\/www.notibras.com\/site\/camara-aprova-direito-de-resposta-e-ameaca-jornalismo-investigativo\/","name":"Governo imp\u00f5e nova regra para o direito de resposta e amea\u00e7a amorda\u00e7ar imprensa - Notibras","isPartOf":{"@id":"https:\/\/www.notibras.com\/site\/#website"},"primaryImageOfPage":{"@id":"https:\/\/www.notibras.com\/site\/camara-aprova-direito-de-resposta-e-ameaca-jornalismo-investigativo\/#primaryimage"},"image":{"@id":"https:\/\/www.notibras.com\/site\/camara-aprova-direito-de-resposta-e-ameaca-jornalismo-investigativo\/#primaryimage"},"thumbnailUrl":"https:\/\/www.notibras.com\/site\/wp-content\/uploads\/2015\/10\/direito_de_resposta_pinheiro_advogados_gazeta_do_povo.jpg","datePublished":"2015-10-20T23:01:09+00:00","dateModified":"2015-10-21T12:35:44+00:00","breadcrumb":{"@id":"https:\/\/www.notibras.com\/site\/camara-aprova-direito-de-resposta-e-ameaca-jornalismo-investigativo\/#breadcrumb"},"inLanguage":"pt-BR","potentialAction":[{"@type":"ReadAction","target":["https:\/\/www.notibras.com\/site\/camara-aprova-direito-de-resposta-e-ameaca-jornalismo-investigativo\/"]}]},{"@type":"ImageObject","inLanguage":"pt-BR","@id":"https:\/\/www.notibras.com\/site\/camara-aprova-direito-de-resposta-e-ameaca-jornalismo-investigativo\/#primaryimage","url":"https:\/\/www.notibras.com\/site\/wp-content\/uploads\/2015\/10\/direito_de_resposta_pinheiro_advogados_gazeta_do_povo.jpg","contentUrl":"https:\/\/www.notibras.com\/site\/wp-content\/uploads\/2015\/10\/direito_de_resposta_pinheiro_advogados_gazeta_do_povo.jpg","width":400,"height":300},{"@type":"BreadcrumbList","@id":"https:\/\/www.notibras.com\/site\/camara-aprova-direito-de-resposta-e-ameaca-jornalismo-investigativo\/#breadcrumb","itemListElement":[{"@type":"ListItem","position":1,"name":"In\u00edcio","item":"https:\/\/www.notibras.com\/site\/"},{"@type":"ListItem","position":2,"name":"Governo imp\u00f5e nova regra para o direito de resposta e amea\u00e7a amorda\u00e7ar imprensa"}]},{"@type":"WebSite","@id":"https:\/\/www.notibras.com\/site\/#website","url":"https:\/\/www.notibras.com\/site\/","name":"Notibras","description":"Not\u00edcias de Bras\u00edlia, do Brasil e do Mundo","publisher":{"@id":"https:\/\/www.notibras.com\/site\/#organization"},"potentialAction":[{"@type":"SearchAction","target":{"@type":"EntryPoint","urlTemplate":"https:\/\/www.notibras.com\/site\/?s={search_term_string}"},"query-input":{"@type":"PropertyValueSpecification","valueRequired":true,"valueName":"search_term_string"}}],"inLanguage":"pt-BR"},{"@type":"Organization","@id":"https:\/\/www.notibras.com\/site\/#organization","name":"Grupo Notibras de Comunica\u00e7\u00e3o","url":"https:\/\/www.notibras.com\/site\/","logo":{"@type":"ImageObject","inLanguage":"pt-BR","@id":"https:\/\/www.notibras.com\/site\/#\/schema\/logo\/image\/","url":"https:\/\/www.notibras.com\/site\/wp-content\/uploads\/2023\/01\/notibras23.png","contentUrl":"https:\/\/www.notibras.com\/site\/wp-content\/uploads\/2023\/01\/notibras23.png","width":350,"height":87,"caption":"Grupo Notibras de Comunica\u00e7\u00e3o"},"image":{"@id":"https:\/\/www.notibras.com\/site\/#\/schema\/logo\/image\/"},"sameAs":["https:\/\/www.facebook.com\/notibras\/","https:\/\/x.com\/Notibras","https:\/\/www.instagram.com\/notibras\/"]},{"@type":"Person","@id":"https:\/\/www.notibras.com\/site\/#\/schema\/person\/36ab0979449956132d3e5b517ea76ac8","name":"Reda\u00e7\u00e3o","image":{"@type":"ImageObject","inLanguage":"pt-BR","@id":"https:\/\/secure.gravatar.com\/avatar\/e0a867bdedb85fd243eadf09663511f96fc81e0720a4a42581f334ad4303aa6b?s=96&d=mm&r=g","url":"https:\/\/secure.gravatar.com\/avatar\/e0a867bdedb85fd243eadf09663511f96fc81e0720a4a42581f334ad4303aa6b?s=96&d=mm&r=g","contentUrl":"https:\/\/secure.gravatar.com\/avatar\/e0a867bdedb85fd243eadf09663511f96fc81e0720a4a42581f334ad4303aa6b?s=96&d=mm&r=g","caption":"Reda\u00e7\u00e3o"}}]}},"amp_enabled":true,"_links":{"self":[{"href":"https:\/\/www.notibras.com\/site\/wp-json\/wp\/v2\/posts\/72283","targetHints":{"allow":["GET"]}}],"collection":[{"href":"https:\/\/www.notibras.com\/site\/wp-json\/wp\/v2\/posts"}],"about":[{"href":"https:\/\/www.notibras.com\/site\/wp-json\/wp\/v2\/types\/post"}],"author":[{"embeddable":true,"href":"https:\/\/www.notibras.com\/site\/wp-json\/wp\/v2\/users\/2"}],"replies":[{"embeddable":true,"href":"https:\/\/www.notibras.com\/site\/wp-json\/wp\/v2\/comments?post=72283"}],"version-history":[{"count":7,"href":"https:\/\/www.notibras.com\/site\/wp-json\/wp\/v2\/posts\/72283\/revisions"}],"predecessor-version":[{"id":72300,"href":"https:\/\/www.notibras.com\/site\/wp-json\/wp\/v2\/posts\/72283\/revisions\/72300"}],"wp:featuredmedia":[{"embeddable":true,"href":"https:\/\/www.notibras.com\/site\/wp-json\/wp\/v2\/media\/72284"}],"wp:attachment":[{"href":"https:\/\/www.notibras.com\/site\/wp-json\/wp\/v2\/media?parent=72283"}],"wp:term":[{"taxonomy":"category","embeddable":true,"href":"https:\/\/www.notibras.com\/site\/wp-json\/wp\/v2\/categories?post=72283"},{"taxonomy":"post_tag","embeddable":true,"href":"https:\/\/www.notibras.com\/site\/wp-json\/wp\/v2\/tags?post=72283"}],"curies":[{"name":"wp","href":"https:\/\/api.w.org\/{rel}","templated":true}]}}