{"id":72329,"date":"2015-10-21T09:10:13","date_gmt":"2015-10-21T11:10:13","guid":{"rendered":"http:\/\/www.notibras.com\/site\/?p=72329"},"modified":"2015-10-21T16:50:05","modified_gmt":"2015-10-21T18:50:05","slug":"oposicao-aposta-em-novo-rito-de-eduardo-cunha-para-deflagrar-o-impeachment","status":"publish","type":"post","link":"https:\/\/www.notibras.com\/site\/oposicao-aposta-em-novo-rito-de-eduardo-cunha-para-deflagrar-o-impeachment\/","title":{"rendered":"Oposi\u00e7\u00e3o aposta em novo rito de Eduardo Cunha para deflagrar o impeachment"},"content":{"rendered":"<p>O presidente da C\u00e2mara, Eduardo Cunha (PMDB-RJ), admitiu nesta ter\u00e7a-feira, 20, a possibilidade de revogar o rito que estabeleceu para conduzir um eventual processo de impeachment da presidente Dilma Rousseff e levar a tramita\u00e7\u00e3o em frente baseado na Constitui\u00e7\u00e3o e na legisla\u00e7\u00e3o que trata de crimes de responsabilidade.<\/p>\n<p>O rito do impeachment com procedimentos que apresentou em resposta a uma quest\u00e3o de ordem da oposi\u00e7\u00e3o, foi suspenso na semana passada por tr\u00eas liminares do Supremo Tribunal Federal (STF) que atenderam a a\u00e7\u00f5es de deputados governistas.<\/p>\n<p>Cunha admitiu a aliados que, caso o STF n\u00e3o julgue rapidamente os recursos que apresentou anteontem, revogar\u00e1 a quest\u00e3o de ordem para que as a\u00e7\u00f5es percam seu objeto. Caso isso aconte\u00e7a, o peemedebista disse que n\u00e3o estabelecer\u00e1 novo rito. &#8220;Fica como sempre. Interpreta pela Constitui\u00e7\u00e3o e pela Lei 1079&#8221;, disse o presidente da C\u00e2mara.<\/p>\n<p>Cunha diz que o rito questionado pelo Supremo \u00e9 o mesmo utilizado no processo de impeachment do ex-presidente Fernando Collor de Mello. &#8220;Caso a interpreta\u00e7\u00e3o do STF seja mantida, n\u00e3o poderia ter tido o impeachment do Collor. Espero que o STF reveja (a decis\u00e3o que tomou)&#8221;, disse o deputado.<\/p>\n<p>A reportagem apurou com tr\u00eas deputados pr\u00f3ximos a Cunha que o peemedebista reuniu-se ontem pela manh\u00e3 com l\u00edderes oposicionistas na resid\u00eancia oficial do l\u00edder do DEM, Mendon\u00e7a Filho (PE), para tratar do impeachment. De acordo com os relatos, Cunha disse que, se derrotado no Supremo, ou seja, caso o STF mantenha as liminares, ele aceita discutir a possibilidade de assumir o protagonismo do processo de impeachment e ele mesmo acatar algum dos pedidos.<\/p>\n<p>O presidente da C\u00e2mara nega tanto o encontro quanto as declara\u00e7\u00f5es. &#8220;N\u00e3o confirmo nada disso. Nem encontrei e nem falei isso. N\u00e3o \u00e9 verdade&#8221;, afirmou o peemedebista.<\/p>\n<p><b>Afastamento &#8211;\u00a0<\/b>Mais uma vez divididos, partidos de oposi\u00e7\u00e3o fizeram nesta ter\u00e7a-feira (20) uma manifesta\u00e7\u00e3o p\u00fablica no Sal\u00e3o Verde da C\u00e2mara dos Deputados pedindo o afastamento de Eduardo Cunha do cargo. Pressionados, os oposicionistas reiteraram a nota divulgada no \u00faltimo dia 10 defendendo a sa\u00edda do peemedebista. No entanto, eles deixaram claro que o foco do grupo \u00e9 aprovar o in\u00edcio do processo de impeachment de Dilma.<\/p>\n<p>PPS, DEM e PSDB disseram reconhecer que as den\u00fancias contra Cunha s\u00e3o &#8220;grav\u00edssimas&#8221; e que pretendem &#8220;acompanhar de perto&#8221; o processo por quebra de decoro parlamentar no Conselho de \u00c9tica. O Solidariedade &#8211; partido cujo presidente, deputado Paulo Pereira da Silva, o Paulinho da For\u00e7a (SP), \u00e9 alinhado de Cunha &#8211; n\u00e3o participou da manifesta\u00e7\u00e3o.<\/p>\n<p><img loading=\"lazy\" decoding=\"async\" class=\"alignnone size-full wp-image-70065\" src=\"http:\/\/www.notibras.com\/site\/wp-content\/uploads\/2015\/10\/estadao.png\" alt=\"estadao\" width=\"99\" height=\"16\" \/><\/p>\n","protected":false},"excerpt":{"rendered":"<p>O presidente da C\u00e2mara, Eduardo Cunha (PMDB-RJ), admitiu nesta ter\u00e7a-feira, 20, a possibilidade de revogar o rito que estabeleceu para conduzir um eventual processo de impeachment da presidente Dilma Rousseff e levar a tramita\u00e7\u00e3o em frente baseado na Constitui\u00e7\u00e3o e na legisla\u00e7\u00e3o que trata de crimes de responsabilidade. O rito do impeachment com procedimentos que [&hellip;]<\/p>\n","protected":false},"author":2,"featured_media":72330,"comment_status":"open","ping_status":"closed","sticky":false,"template":"","format":"standard","meta":{"_acf_changed":false,"footnotes":""},"categories":[16],"tags":[],"class_list":["post-72329","post","type-post","status-publish","format-standard","has-post-thumbnail","hentry","category-brasil"],"acf":[],"yoast_head":"<!-- This site is optimized with the Yoast SEO plugin v27.2 - https:\/\/yoast.com\/product\/yoast-seo-wordpress\/ -->\n<title>Oposi\u00e7\u00e3o aposta em novo rito de Eduardo Cunha para deflagrar o impeachment - Notibras<\/title>\n<meta name=\"robots\" content=\"index, follow, max-snippet:-1, max-image-preview:large, max-video-preview:-1\" \/>\n<link rel=\"canonical\" href=\"https:\/\/www.notibras.com\/site\/oposicao-aposta-em-novo-rito-de-eduardo-cunha-para-deflagrar-o-impeachment\/\" \/>\n<meta property=\"og:locale\" content=\"pt_BR\" \/>\n<meta property=\"og:type\" content=\"article\" \/>\n<meta property=\"og:title\" content=\"Oposi\u00e7\u00e3o aposta em novo rito de Eduardo Cunha para deflagrar o impeachment - Notibras\" \/>\n<meta property=\"og:description\" content=\"O presidente da C\u00e2mara, Eduardo Cunha (PMDB-RJ), admitiu nesta ter\u00e7a-feira, 20, a possibilidade de revogar o rito que estabeleceu para conduzir um eventual processo de impeachment da presidente Dilma Rousseff e levar a tramita\u00e7\u00e3o em frente baseado na Constitui\u00e7\u00e3o e na legisla\u00e7\u00e3o que trata de crimes de responsabilidade. O rito do impeachment com procedimentos que [&hellip;]\" \/>\n<meta property=\"og:url\" content=\"https:\/\/www.notibras.com\/site\/oposicao-aposta-em-novo-rito-de-eduardo-cunha-para-deflagrar-o-impeachment\/\" \/>\n<meta property=\"og:site_name\" content=\"Notibras\" \/>\n<meta property=\"article:publisher\" content=\"https:\/\/www.facebook.com\/notibras\/\" \/>\n<meta property=\"article:published_time\" content=\"2015-10-21T11:10:13+00:00\" \/>\n<meta property=\"article:modified_time\" content=\"2015-10-21T18:50:05+00:00\" \/>\n<meta property=\"og:image\" content=\"https:\/\/www.notibras.com\/site\/wp-content\/uploads\/2015\/10\/ec21.jpeg\" \/>\n\t<meta property=\"og:image:width\" content=\"768\" \/>\n\t<meta property=\"og:image:height\" content=\"503\" \/>\n\t<meta property=\"og:image:type\" content=\"image\/jpeg\" \/>\n<meta name=\"author\" content=\"Reda\u00e7\u00e3o\" \/>\n<meta name=\"twitter:card\" content=\"summary_large_image\" \/>\n<meta name=\"twitter:creator\" content=\"@Notibras\" \/>\n<meta name=\"twitter:site\" content=\"@Notibras\" \/>\n<meta name=\"twitter:label1\" content=\"Escrito por\" \/>\n\t<meta name=\"twitter:data1\" content=\"Reda\u00e7\u00e3o\" \/>\n\t<meta name=\"twitter:label2\" content=\"Est. tempo de leitura\" \/>\n\t<meta name=\"twitter:data2\" content=\"2 minutos\" \/>\n<script type=\"application\/ld+json\" class=\"yoast-schema-graph\">{\"@context\":\"https:\/\/schema.org\",\"@graph\":[{\"@type\":\"Article\",\"@id\":\"https:\/\/www.notibras.com\/site\/oposicao-aposta-em-novo-rito-de-eduardo-cunha-para-deflagrar-o-impeachment\/#article\",\"isPartOf\":{\"@id\":\"https:\/\/www.notibras.com\/site\/oposicao-aposta-em-novo-rito-de-eduardo-cunha-para-deflagrar-o-impeachment\/\"},\"author\":{\"name\":\"Reda\u00e7\u00e3o\",\"@id\":\"https:\/\/www.notibras.com\/site\/#\/schema\/person\/36ab0979449956132d3e5b517ea76ac8\"},\"headline\":\"Oposi\u00e7\u00e3o aposta em novo rito de Eduardo Cunha para deflagrar o impeachment\",\"datePublished\":\"2015-10-21T11:10:13+00:00\",\"dateModified\":\"2015-10-21T18:50:05+00:00\",\"mainEntityOfPage\":{\"@id\":\"https:\/\/www.notibras.com\/site\/oposicao-aposta-em-novo-rito-de-eduardo-cunha-para-deflagrar-o-impeachment\/\"},\"wordCount\":458,\"commentCount\":0,\"publisher\":{\"@id\":\"https:\/\/www.notibras.com\/site\/#organization\"},\"image\":{\"@id\":\"https:\/\/www.notibras.com\/site\/oposicao-aposta-em-novo-rito-de-eduardo-cunha-para-deflagrar-o-impeachment\/#primaryimage\"},\"thumbnailUrl\":\"https:\/\/www.notibras.com\/site\/wp-content\/uploads\/2015\/10\/ec21.jpeg\",\"articleSection\":[\"Brasil\"],\"inLanguage\":\"pt-BR\",\"potentialAction\":[{\"@type\":\"CommentAction\",\"name\":\"Comment\",\"target\":[\"https:\/\/www.notibras.com\/site\/oposicao-aposta-em-novo-rito-de-eduardo-cunha-para-deflagrar-o-impeachment\/#respond\"]}]},{\"@type\":\"WebPage\",\"@id\":\"https:\/\/www.notibras.com\/site\/oposicao-aposta-em-novo-rito-de-eduardo-cunha-para-deflagrar-o-impeachment\/\",\"url\":\"https:\/\/www.notibras.com\/site\/oposicao-aposta-em-novo-rito-de-eduardo-cunha-para-deflagrar-o-impeachment\/\",\"name\":\"Oposi\u00e7\u00e3o aposta em novo rito de Eduardo Cunha para deflagrar o impeachment - Notibras\",\"isPartOf\":{\"@id\":\"https:\/\/www.notibras.com\/site\/#website\"},\"primaryImageOfPage\":{\"@id\":\"https:\/\/www.notibras.com\/site\/oposicao-aposta-em-novo-rito-de-eduardo-cunha-para-deflagrar-o-impeachment\/#primaryimage\"},\"image\":{\"@id\":\"https:\/\/www.notibras.com\/site\/oposicao-aposta-em-novo-rito-de-eduardo-cunha-para-deflagrar-o-impeachment\/#primaryimage\"},\"thumbnailUrl\":\"https:\/\/www.notibras.com\/site\/wp-content\/uploads\/2015\/10\/ec21.jpeg\",\"datePublished\":\"2015-10-21T11:10:13+00:00\",\"dateModified\":\"2015-10-21T18:50:05+00:00\",\"breadcrumb\":{\"@id\":\"https:\/\/www.notibras.com\/site\/oposicao-aposta-em-novo-rito-de-eduardo-cunha-para-deflagrar-o-impeachment\/#breadcrumb\"},\"inLanguage\":\"pt-BR\",\"potentialAction\":[{\"@type\":\"ReadAction\",\"target\":[\"https:\/\/www.notibras.com\/site\/oposicao-aposta-em-novo-rito-de-eduardo-cunha-para-deflagrar-o-impeachment\/\"]}]},{\"@type\":\"ImageObject\",\"inLanguage\":\"pt-BR\",\"@id\":\"https:\/\/www.notibras.com\/site\/oposicao-aposta-em-novo-rito-de-eduardo-cunha-para-deflagrar-o-impeachment\/#primaryimage\",\"url\":\"https:\/\/www.notibras.com\/site\/wp-content\/uploads\/2015\/10\/ec21.jpeg\",\"contentUrl\":\"https:\/\/www.notibras.com\/site\/wp-content\/uploads\/2015\/10\/ec21.jpeg\",\"width\":768,\"height\":503},{\"@type\":\"BreadcrumbList\",\"@id\":\"https:\/\/www.notibras.com\/site\/oposicao-aposta-em-novo-rito-de-eduardo-cunha-para-deflagrar-o-impeachment\/#breadcrumb\",\"itemListElement\":[{\"@type\":\"ListItem\",\"position\":1,\"name\":\"In\u00edcio\",\"item\":\"https:\/\/www.notibras.com\/site\/\"},{\"@type\":\"ListItem\",\"position\":2,\"name\":\"Oposi\u00e7\u00e3o aposta em novo rito de Eduardo Cunha para deflagrar o impeachment\"}]},{\"@type\":\"WebSite\",\"@id\":\"https:\/\/www.notibras.com\/site\/#website\",\"url\":\"https:\/\/www.notibras.com\/site\/\",\"name\":\"Notibras\",\"description\":\"Not\u00edcias de Bras\u00edlia, do Brasil e do Mundo\",\"publisher\":{\"@id\":\"https:\/\/www.notibras.com\/site\/#organization\"},\"potentialAction\":[{\"@type\":\"SearchAction\",\"target\":{\"@type\":\"EntryPoint\",\"urlTemplate\":\"https:\/\/www.notibras.com\/site\/?s={search_term_string}\"},\"query-input\":{\"@type\":\"PropertyValueSpecification\",\"valueRequired\":true,\"valueName\":\"search_term_string\"}}],\"inLanguage\":\"pt-BR\"},{\"@type\":\"Organization\",\"@id\":\"https:\/\/www.notibras.com\/site\/#organization\",\"name\":\"Grupo Notibras de Comunica\u00e7\u00e3o\",\"url\":\"https:\/\/www.notibras.com\/site\/\",\"logo\":{\"@type\":\"ImageObject\",\"inLanguage\":\"pt-BR\",\"@id\":\"https:\/\/www.notibras.com\/site\/#\/schema\/logo\/image\/\",\"url\":\"https:\/\/www.notibras.com\/site\/wp-content\/uploads\/2023\/01\/notibras23.png\",\"contentUrl\":\"https:\/\/www.notibras.com\/site\/wp-content\/uploads\/2023\/01\/notibras23.png\",\"width\":350,\"height\":87,\"caption\":\"Grupo Notibras de Comunica\u00e7\u00e3o\"},\"image\":{\"@id\":\"https:\/\/www.notibras.com\/site\/#\/schema\/logo\/image\/\"},\"sameAs\":[\"https:\/\/www.facebook.com\/notibras\/\",\"https:\/\/x.com\/Notibras\",\"https:\/\/www.instagram.com\/notibras\/\"]},{\"@type\":\"Person\",\"@id\":\"https:\/\/www.notibras.com\/site\/#\/schema\/person\/36ab0979449956132d3e5b517ea76ac8\",\"name\":\"Reda\u00e7\u00e3o\",\"image\":{\"@type\":\"ImageObject\",\"inLanguage\":\"pt-BR\",\"@id\":\"https:\/\/secure.gravatar.com\/avatar\/e0a867bdedb85fd243eadf09663511f96fc81e0720a4a42581f334ad4303aa6b?s=96&d=mm&r=g\",\"url\":\"https:\/\/secure.gravatar.com\/avatar\/e0a867bdedb85fd243eadf09663511f96fc81e0720a4a42581f334ad4303aa6b?s=96&d=mm&r=g\",\"contentUrl\":\"https:\/\/secure.gravatar.com\/avatar\/e0a867bdedb85fd243eadf09663511f96fc81e0720a4a42581f334ad4303aa6b?s=96&d=mm&r=g\",\"caption\":\"Reda\u00e7\u00e3o\"}}]}<\/script>\n<!-- \/ Yoast SEO plugin. -->","yoast_head_json":{"title":"Oposi\u00e7\u00e3o aposta em novo rito de Eduardo Cunha para deflagrar o impeachment - Notibras","robots":{"index":"index","follow":"follow","max-snippet":"max-snippet:-1","max-image-preview":"max-image-preview:large","max-video-preview":"max-video-preview:-1"},"canonical":"https:\/\/www.notibras.com\/site\/oposicao-aposta-em-novo-rito-de-eduardo-cunha-para-deflagrar-o-impeachment\/","og_locale":"pt_BR","og_type":"article","og_title":"Oposi\u00e7\u00e3o aposta em novo rito de Eduardo Cunha para deflagrar o impeachment - Notibras","og_description":"O presidente da C\u00e2mara, Eduardo Cunha (PMDB-RJ), admitiu nesta ter\u00e7a-feira, 20, a possibilidade de revogar o rito que estabeleceu para conduzir um eventual processo de impeachment da presidente Dilma Rousseff e levar a tramita\u00e7\u00e3o em frente baseado na Constitui\u00e7\u00e3o e na legisla\u00e7\u00e3o que trata de crimes de responsabilidade. O rito do impeachment com procedimentos que [&hellip;]","og_url":"https:\/\/www.notibras.com\/site\/oposicao-aposta-em-novo-rito-de-eduardo-cunha-para-deflagrar-o-impeachment\/","og_site_name":"Notibras","article_publisher":"https:\/\/www.facebook.com\/notibras\/","article_published_time":"2015-10-21T11:10:13+00:00","article_modified_time":"2015-10-21T18:50:05+00:00","og_image":[{"width":768,"height":503,"url":"https:\/\/www.notibras.com\/site\/wp-content\/uploads\/2015\/10\/ec21.jpeg","type":"image\/jpeg"}],"author":"Reda\u00e7\u00e3o","twitter_card":"summary_large_image","twitter_creator":"@Notibras","twitter_site":"@Notibras","twitter_misc":{"Escrito por":"Reda\u00e7\u00e3o","Est. tempo de leitura":"2 minutos"},"schema":{"@context":"https:\/\/schema.org","@graph":[{"@type":"Article","@id":"https:\/\/www.notibras.com\/site\/oposicao-aposta-em-novo-rito-de-eduardo-cunha-para-deflagrar-o-impeachment\/#article","isPartOf":{"@id":"https:\/\/www.notibras.com\/site\/oposicao-aposta-em-novo-rito-de-eduardo-cunha-para-deflagrar-o-impeachment\/"},"author":{"name":"Reda\u00e7\u00e3o","@id":"https:\/\/www.notibras.com\/site\/#\/schema\/person\/36ab0979449956132d3e5b517ea76ac8"},"headline":"Oposi\u00e7\u00e3o aposta em novo rito de Eduardo Cunha para deflagrar o impeachment","datePublished":"2015-10-21T11:10:13+00:00","dateModified":"2015-10-21T18:50:05+00:00","mainEntityOfPage":{"@id":"https:\/\/www.notibras.com\/site\/oposicao-aposta-em-novo-rito-de-eduardo-cunha-para-deflagrar-o-impeachment\/"},"wordCount":458,"commentCount":0,"publisher":{"@id":"https:\/\/www.notibras.com\/site\/#organization"},"image":{"@id":"https:\/\/www.notibras.com\/site\/oposicao-aposta-em-novo-rito-de-eduardo-cunha-para-deflagrar-o-impeachment\/#primaryimage"},"thumbnailUrl":"https:\/\/www.notibras.com\/site\/wp-content\/uploads\/2015\/10\/ec21.jpeg","articleSection":["Brasil"],"inLanguage":"pt-BR","potentialAction":[{"@type":"CommentAction","name":"Comment","target":["https:\/\/www.notibras.com\/site\/oposicao-aposta-em-novo-rito-de-eduardo-cunha-para-deflagrar-o-impeachment\/#respond"]}]},{"@type":"WebPage","@id":"https:\/\/www.notibras.com\/site\/oposicao-aposta-em-novo-rito-de-eduardo-cunha-para-deflagrar-o-impeachment\/","url":"https:\/\/www.notibras.com\/site\/oposicao-aposta-em-novo-rito-de-eduardo-cunha-para-deflagrar-o-impeachment\/","name":"Oposi\u00e7\u00e3o aposta em novo rito de Eduardo Cunha para deflagrar o impeachment - Notibras","isPartOf":{"@id":"https:\/\/www.notibras.com\/site\/#website"},"primaryImageOfPage":{"@id":"https:\/\/www.notibras.com\/site\/oposicao-aposta-em-novo-rito-de-eduardo-cunha-para-deflagrar-o-impeachment\/#primaryimage"},"image":{"@id":"https:\/\/www.notibras.com\/site\/oposicao-aposta-em-novo-rito-de-eduardo-cunha-para-deflagrar-o-impeachment\/#primaryimage"},"thumbnailUrl":"https:\/\/www.notibras.com\/site\/wp-content\/uploads\/2015\/10\/ec21.jpeg","datePublished":"2015-10-21T11:10:13+00:00","dateModified":"2015-10-21T18:50:05+00:00","breadcrumb":{"@id":"https:\/\/www.notibras.com\/site\/oposicao-aposta-em-novo-rito-de-eduardo-cunha-para-deflagrar-o-impeachment\/#breadcrumb"},"inLanguage":"pt-BR","potentialAction":[{"@type":"ReadAction","target":["https:\/\/www.notibras.com\/site\/oposicao-aposta-em-novo-rito-de-eduardo-cunha-para-deflagrar-o-impeachment\/"]}]},{"@type":"ImageObject","inLanguage":"pt-BR","@id":"https:\/\/www.notibras.com\/site\/oposicao-aposta-em-novo-rito-de-eduardo-cunha-para-deflagrar-o-impeachment\/#primaryimage","url":"https:\/\/www.notibras.com\/site\/wp-content\/uploads\/2015\/10\/ec21.jpeg","contentUrl":"https:\/\/www.notibras.com\/site\/wp-content\/uploads\/2015\/10\/ec21.jpeg","width":768,"height":503},{"@type":"BreadcrumbList","@id":"https:\/\/www.notibras.com\/site\/oposicao-aposta-em-novo-rito-de-eduardo-cunha-para-deflagrar-o-impeachment\/#breadcrumb","itemListElement":[{"@type":"ListItem","position":1,"name":"In\u00edcio","item":"https:\/\/www.notibras.com\/site\/"},{"@type":"ListItem","position":2,"name":"Oposi\u00e7\u00e3o aposta em novo rito de Eduardo Cunha para deflagrar o impeachment"}]},{"@type":"WebSite","@id":"https:\/\/www.notibras.com\/site\/#website","url":"https:\/\/www.notibras.com\/site\/","name":"Notibras","description":"Not\u00edcias de Bras\u00edlia, do Brasil e do Mundo","publisher":{"@id":"https:\/\/www.notibras.com\/site\/#organization"},"potentialAction":[{"@type":"SearchAction","target":{"@type":"EntryPoint","urlTemplate":"https:\/\/www.notibras.com\/site\/?s={search_term_string}"},"query-input":{"@type":"PropertyValueSpecification","valueRequired":true,"valueName":"search_term_string"}}],"inLanguage":"pt-BR"},{"@type":"Organization","@id":"https:\/\/www.notibras.com\/site\/#organization","name":"Grupo Notibras de Comunica\u00e7\u00e3o","url":"https:\/\/www.notibras.com\/site\/","logo":{"@type":"ImageObject","inLanguage":"pt-BR","@id":"https:\/\/www.notibras.com\/site\/#\/schema\/logo\/image\/","url":"https:\/\/www.notibras.com\/site\/wp-content\/uploads\/2023\/01\/notibras23.png","contentUrl":"https:\/\/www.notibras.com\/site\/wp-content\/uploads\/2023\/01\/notibras23.png","width":350,"height":87,"caption":"Grupo Notibras de Comunica\u00e7\u00e3o"},"image":{"@id":"https:\/\/www.notibras.com\/site\/#\/schema\/logo\/image\/"},"sameAs":["https:\/\/www.facebook.com\/notibras\/","https:\/\/x.com\/Notibras","https:\/\/www.instagram.com\/notibras\/"]},{"@type":"Person","@id":"https:\/\/www.notibras.com\/site\/#\/schema\/person\/36ab0979449956132d3e5b517ea76ac8","name":"Reda\u00e7\u00e3o","image":{"@type":"ImageObject","inLanguage":"pt-BR","@id":"https:\/\/secure.gravatar.com\/avatar\/e0a867bdedb85fd243eadf09663511f96fc81e0720a4a42581f334ad4303aa6b?s=96&d=mm&r=g","url":"https:\/\/secure.gravatar.com\/avatar\/e0a867bdedb85fd243eadf09663511f96fc81e0720a4a42581f334ad4303aa6b?s=96&d=mm&r=g","contentUrl":"https:\/\/secure.gravatar.com\/avatar\/e0a867bdedb85fd243eadf09663511f96fc81e0720a4a42581f334ad4303aa6b?s=96&d=mm&r=g","caption":"Reda\u00e7\u00e3o"}}]}},"amp_enabled":true,"_links":{"self":[{"href":"https:\/\/www.notibras.com\/site\/wp-json\/wp\/v2\/posts\/72329","targetHints":{"allow":["GET"]}}],"collection":[{"href":"https:\/\/www.notibras.com\/site\/wp-json\/wp\/v2\/posts"}],"about":[{"href":"https:\/\/www.notibras.com\/site\/wp-json\/wp\/v2\/types\/post"}],"author":[{"embeddable":true,"href":"https:\/\/www.notibras.com\/site\/wp-json\/wp\/v2\/users\/2"}],"replies":[{"embeddable":true,"href":"https:\/\/www.notibras.com\/site\/wp-json\/wp\/v2\/comments?post=72329"}],"version-history":[{"count":1,"href":"https:\/\/www.notibras.com\/site\/wp-json\/wp\/v2\/posts\/72329\/revisions"}],"predecessor-version":[{"id":72331,"href":"https:\/\/www.notibras.com\/site\/wp-json\/wp\/v2\/posts\/72329\/revisions\/72331"}],"wp:featuredmedia":[{"embeddable":true,"href":"https:\/\/www.notibras.com\/site\/wp-json\/wp\/v2\/media\/72330"}],"wp:attachment":[{"href":"https:\/\/www.notibras.com\/site\/wp-json\/wp\/v2\/media?parent=72329"}],"wp:term":[{"taxonomy":"category","embeddable":true,"href":"https:\/\/www.notibras.com\/site\/wp-json\/wp\/v2\/categories?post=72329"},{"taxonomy":"post_tag","embeddable":true,"href":"https:\/\/www.notibras.com\/site\/wp-json\/wp\/v2\/tags?post=72329"}],"curies":[{"name":"wp","href":"https:\/\/api.w.org\/{rel}","templated":true}]}}