{"id":72425,"date":"2015-10-21T20:27:00","date_gmt":"2015-10-21T22:27:00","guid":{"rendered":"http:\/\/www.notibras.com\/site\/?p=72425"},"modified":"2015-10-22T10:38:54","modified_gmt":"2015-10-22T12:38:54","slug":"bc-mantem-taxa-de-juros-e-silencia-sobre-meta-da-inflacao-em-2016","status":"publish","type":"post","link":"https:\/\/www.notibras.com\/site\/bc-mantem-taxa-de-juros-e-silencia-sobre-meta-da-inflacao-em-2016\/","title":{"rendered":"BC decide manter a taxa de juros e silencia sobre a meta da infla\u00e7\u00e3o para 2016"},"content":{"rendered":"<p>No dia em que se soube que a infla\u00e7\u00e3o acumulada em 12 meses superou a marca de 10% em algumas regi\u00f5es do Pa\u00eds, o Comit\u00ea de Pol\u00edtica Monet\u00e1ria (Copom) do Banco Central manteve a taxa b\u00e1sica Selic est\u00e1vel em 14,25% ao ano. Tamb\u00e9m sinalizou, no comunicado, que o IPCA n\u00e3o ir\u00e1 convergir para a meta, que tem como teto 6,5%, nem em 2016. Esta \u00e9 a segunda vez consecutiva que o colegiado, por unanimidade, decide congelar os juros. O mercado financeiro tamb\u00e9m apostava em peso que n\u00e3o haveria mudan\u00e7as.<\/p>\n<p>Para a diretoria do BC, o foco na meta n\u00e3o est\u00e1 mais em 2016, como pregava at\u00e9 ent\u00e3o. Conforme antecipou o Broadcast, servi\u00e7o de not\u00edcias em tempo real da Ag\u00eancia Estado, a diretoria j\u00e1 discutia internamente a possibilidade de rever esse prazo de atua\u00e7\u00e3o. Em setembro, o recado foi o de que a manuten\u00e7\u00e3o desse patamar por per\u00edodo &#8220;suficientemente prolongado&#8221; \u00e9 necess\u00e1ria para a &#8220;converg\u00eancia da infla\u00e7\u00e3o para a meta no final de 2016&#8221;. Agora, o comunicado do Copom traz que a manuten\u00e7\u00e3o por tempo prolongado \u00e9 necess\u00e1ria para a converg\u00eancia da infla\u00e7\u00e3o para a meta no horizonte relevante da pol\u00edtica monet\u00e1ria. Esse per\u00edodo, como \u00e9 sabido, \u00e9 de dois anos a frente da data atual.<\/p>\n<p>Al\u00e9m disso, o comit\u00ea ressaltou que a pol\u00edtica monet\u00e1ria se manter\u00e1 &#8220;vigilante&#8221; para a &#8220;consecu\u00e7\u00e3o desse objetivo&#8221;. Mais detalhes sobre o que levou o Copom a definir pela estabilidade da Selic ser\u00e3o conhecidos na quinta-feira da semana que vem, quando o Banco Central divulgar\u00e1 a ata da reuni\u00e3o. Antes disso, por\u00e9m, o mercado financeiro j\u00e1 mostrar\u00e1 sua rea\u00e7\u00e3o por meio das previs\u00f5es para infla\u00e7\u00e3o, juros e outras vari\u00e1veis econ\u00f4micas no Relat\u00f3rio de Mercado Focus.<\/p>\n<p>Entre as duas reuni\u00f5es, o cen\u00e1rio econ\u00f4mico e pol\u00edtico se deteriorou ainda mais e a quest\u00e3o fiscal continua como a grande algoz da inefic\u00e1cia da pol\u00edtica monet\u00e1ria. Um dos pontos que mais mostraram abalo foi o das expectativas para a infla\u00e7\u00e3o, que est\u00e3o cada vez mais distantes do centro da meta de 4,5% n\u00e3o apenas para o ano que vem como tamb\u00e9m para os seguintes &#8211; as deste ano j\u00e1 encostam em 10%.<\/p>\n<p>A elite dos cinco economistas que mais conseguem antecipar o resultado da infla\u00e7\u00e3o (Top 5) j\u00e1 prev\u00ea estouro da meta tamb\u00e9m no ano que vem. A tarefa do BC \u00e9 n\u00e3o deixar que o IPCA ultrapasse a marca de 6,5%, mas esse grupo j\u00e1 calcula o \u00edndice em 6,72% em 2016. Isso \u00e9 mais do que um &#8220;desvio significativo&#8221; que a diretoria escreveu nas \u00faltimas atas como praticamente uma senha de que poder\u00e1 elevar a Selic. O BC nunca explicitou, no entanto, quanto um desvio tem de subir para tornar-se significativo.<\/p>\n<p>Mesmo com a disparada dos pre\u00e7os, a decis\u00e3o do comit\u00ea tamb\u00e9m levou em conta a recess\u00e3o econ\u00f4mica, que n\u00e3o permite alta dos juros. At\u00e9 por conta disso, as estimativas do mercado sobre a possibilidade de corte t\u00eam sido adiada semana a semana e tamb\u00e9m passam por redu\u00e7\u00e3o de magnitude. O mais recente levantamento revela consenso sobre queda em julho do ano que vem, para 14,00% ao ano.<\/p>\n<p>Analistas j\u00e1 n\u00e3o acreditam mais que o BC conseguir\u00e1 cumprir a meta tamb\u00e9m no ano que vem. At\u00e9 meados do ano, as institui\u00e7\u00f5es financeiras ainda consideravam essa uma possibilidade, mas com a mudan\u00e7a or\u00e7ament\u00e1ria para 2016 e outras not\u00edcias ruins das contas p\u00fablicas jogaram por terra essa hip\u00f3tese. Internamente, a institui\u00e7\u00e3o j\u00e1 calcula os impactos positivos e negativos de estender mais uma vez seu foco de atua\u00e7\u00e3o, para 2017, ainda que negue oficialmente.<\/p>\n<p>O efeito do c\u00e2mbio sobre os pre\u00e7os \u00e9 outra vari\u00e1vel que n\u00e3o pode ser colocada de lado nos c\u00e1lculos da autoridade monet\u00e1ria. A diminui\u00e7\u00e3o da nota soberana brasileira pela Fitch foi mais um vetor negativo para o ambiente macroecon\u00f4mico, ainda que o Brasil n\u00e3o tenha perdido o selo de bom pagador por essa ag\u00eancia de classifica\u00e7\u00e3o. A perspectiva, por\u00e9m, continuou negativa, como temia o BC. Do lado externo, pesou na decis\u00e3o a indefini\u00e7\u00e3o nos Estados Unidos sobre os juros, que ainda podem aumentar a qualquer momento.<\/p>\n<p><img loading=\"lazy\" decoding=\"async\" class=\"alignnone size-full wp-image-70065\" src=\"http:\/\/www.notibras.com\/site\/wp-content\/uploads\/2015\/10\/estadao.png\" alt=\"estadao\" width=\"99\" height=\"16\" \/><\/p>\n","protected":false},"excerpt":{"rendered":"<p>No dia em que se soube que a infla\u00e7\u00e3o acumulada em 12 meses superou a marca de 10% em algumas regi\u00f5es do Pa\u00eds, o Comit\u00ea de Pol\u00edtica Monet\u00e1ria (Copom) do Banco Central manteve a taxa b\u00e1sica Selic est\u00e1vel em 14,25% ao ano. Tamb\u00e9m sinalizou, no comunicado, que o IPCA n\u00e3o ir\u00e1 convergir para a meta, [&hellip;]<\/p>\n","protected":false},"author":2,"featured_media":72426,"comment_status":"open","ping_status":"closed","sticky":false,"template":"","format":"standard","meta":{"_acf_changed":false,"footnotes":""},"categories":[16],"tags":[],"class_list":["post-72425","post","type-post","status-publish","format-standard","has-post-thumbnail","hentry","category-brasil"],"acf":[],"yoast_head":"<!-- This site is optimized with the Yoast SEO plugin v27.2 - https:\/\/yoast.com\/product\/yoast-seo-wordpress\/ -->\n<title>BC decide manter a taxa de juros e silencia sobre a meta da infla\u00e7\u00e3o para 2016 - Notibras<\/title>\n<meta name=\"robots\" content=\"index, follow, max-snippet:-1, max-image-preview:large, max-video-preview:-1\" \/>\n<link rel=\"canonical\" href=\"https:\/\/www.notibras.com\/site\/bc-mantem-taxa-de-juros-e-silencia-sobre-meta-da-inflacao-em-2016\/\" \/>\n<meta property=\"og:locale\" content=\"pt_BR\" \/>\n<meta property=\"og:type\" content=\"article\" \/>\n<meta property=\"og:title\" content=\"BC decide manter a taxa de juros e silencia sobre a meta da infla\u00e7\u00e3o para 2016 - Notibras\" \/>\n<meta property=\"og:description\" content=\"No dia em que se soube que a infla\u00e7\u00e3o acumulada em 12 meses superou a marca de 10% em algumas regi\u00f5es do Pa\u00eds, o Comit\u00ea de Pol\u00edtica Monet\u00e1ria (Copom) do Banco Central manteve a taxa b\u00e1sica Selic est\u00e1vel em 14,25% ao ano. Tamb\u00e9m sinalizou, no comunicado, que o IPCA n\u00e3o ir\u00e1 convergir para a meta, [&hellip;]\" \/>\n<meta property=\"og:url\" content=\"https:\/\/www.notibras.com\/site\/bc-mantem-taxa-de-juros-e-silencia-sobre-meta-da-inflacao-em-2016\/\" \/>\n<meta property=\"og:site_name\" content=\"Notibras\" \/>\n<meta property=\"article:publisher\" content=\"https:\/\/www.facebook.com\/notibras\/\" \/>\n<meta property=\"article:published_time\" content=\"2015-10-21T22:27:00+00:00\" \/>\n<meta property=\"article:modified_time\" content=\"2015-10-22T12:38:54+00:00\" \/>\n<meta property=\"og:image\" content=\"https:\/\/www.notibras.com\/site\/wp-content\/uploads\/2015\/10\/544898-970x600-1.jpeg\" \/>\n\t<meta property=\"og:image:width\" content=\"970\" \/>\n\t<meta property=\"og:image:height\" content=\"600\" \/>\n\t<meta property=\"og:image:type\" content=\"image\/jpeg\" \/>\n<meta name=\"author\" content=\"Reda\u00e7\u00e3o\" \/>\n<meta name=\"twitter:card\" content=\"summary_large_image\" \/>\n<meta name=\"twitter:creator\" content=\"@Notibras\" \/>\n<meta name=\"twitter:site\" content=\"@Notibras\" \/>\n<meta name=\"twitter:label1\" content=\"Escrito por\" \/>\n\t<meta name=\"twitter:data1\" content=\"Reda\u00e7\u00e3o\" \/>\n\t<meta name=\"twitter:label2\" content=\"Est. tempo de leitura\" \/>\n\t<meta name=\"twitter:data2\" content=\"4 minutos\" \/>\n<script type=\"application\/ld+json\" class=\"yoast-schema-graph\">{\"@context\":\"https:\/\/schema.org\",\"@graph\":[{\"@type\":\"Article\",\"@id\":\"https:\/\/www.notibras.com\/site\/bc-mantem-taxa-de-juros-e-silencia-sobre-meta-da-inflacao-em-2016\/#article\",\"isPartOf\":{\"@id\":\"https:\/\/www.notibras.com\/site\/bc-mantem-taxa-de-juros-e-silencia-sobre-meta-da-inflacao-em-2016\/\"},\"author\":{\"name\":\"Reda\u00e7\u00e3o\",\"@id\":\"https:\/\/www.notibras.com\/site\/#\/schema\/person\/36ab0979449956132d3e5b517ea76ac8\"},\"headline\":\"BC decide manter a taxa de juros e silencia sobre a meta da infla\u00e7\u00e3o para 2016\",\"datePublished\":\"2015-10-21T22:27:00+00:00\",\"dateModified\":\"2015-10-22T12:38:54+00:00\",\"mainEntityOfPage\":{\"@id\":\"https:\/\/www.notibras.com\/site\/bc-mantem-taxa-de-juros-e-silencia-sobre-meta-da-inflacao-em-2016\/\"},\"wordCount\":753,\"commentCount\":0,\"publisher\":{\"@id\":\"https:\/\/www.notibras.com\/site\/#organization\"},\"image\":{\"@id\":\"https:\/\/www.notibras.com\/site\/bc-mantem-taxa-de-juros-e-silencia-sobre-meta-da-inflacao-em-2016\/#primaryimage\"},\"thumbnailUrl\":\"https:\/\/www.notibras.com\/site\/wp-content\/uploads\/2015\/10\/544898-970x600-1.jpeg\",\"articleSection\":[\"Brasil\"],\"inLanguage\":\"pt-BR\",\"potentialAction\":[{\"@type\":\"CommentAction\",\"name\":\"Comment\",\"target\":[\"https:\/\/www.notibras.com\/site\/bc-mantem-taxa-de-juros-e-silencia-sobre-meta-da-inflacao-em-2016\/#respond\"]}]},{\"@type\":\"WebPage\",\"@id\":\"https:\/\/www.notibras.com\/site\/bc-mantem-taxa-de-juros-e-silencia-sobre-meta-da-inflacao-em-2016\/\",\"url\":\"https:\/\/www.notibras.com\/site\/bc-mantem-taxa-de-juros-e-silencia-sobre-meta-da-inflacao-em-2016\/\",\"name\":\"BC decide manter a taxa de juros e silencia sobre a meta da infla\u00e7\u00e3o para 2016 - Notibras\",\"isPartOf\":{\"@id\":\"https:\/\/www.notibras.com\/site\/#website\"},\"primaryImageOfPage\":{\"@id\":\"https:\/\/www.notibras.com\/site\/bc-mantem-taxa-de-juros-e-silencia-sobre-meta-da-inflacao-em-2016\/#primaryimage\"},\"image\":{\"@id\":\"https:\/\/www.notibras.com\/site\/bc-mantem-taxa-de-juros-e-silencia-sobre-meta-da-inflacao-em-2016\/#primaryimage\"},\"thumbnailUrl\":\"https:\/\/www.notibras.com\/site\/wp-content\/uploads\/2015\/10\/544898-970x600-1.jpeg\",\"datePublished\":\"2015-10-21T22:27:00+00:00\",\"dateModified\":\"2015-10-22T12:38:54+00:00\",\"breadcrumb\":{\"@id\":\"https:\/\/www.notibras.com\/site\/bc-mantem-taxa-de-juros-e-silencia-sobre-meta-da-inflacao-em-2016\/#breadcrumb\"},\"inLanguage\":\"pt-BR\",\"potentialAction\":[{\"@type\":\"ReadAction\",\"target\":[\"https:\/\/www.notibras.com\/site\/bc-mantem-taxa-de-juros-e-silencia-sobre-meta-da-inflacao-em-2016\/\"]}]},{\"@type\":\"ImageObject\",\"inLanguage\":\"pt-BR\",\"@id\":\"https:\/\/www.notibras.com\/site\/bc-mantem-taxa-de-juros-e-silencia-sobre-meta-da-inflacao-em-2016\/#primaryimage\",\"url\":\"https:\/\/www.notibras.com\/site\/wp-content\/uploads\/2015\/10\/544898-970x600-1.jpeg\",\"contentUrl\":\"https:\/\/www.notibras.com\/site\/wp-content\/uploads\/2015\/10\/544898-970x600-1.jpeg\",\"width\":970,\"height\":600},{\"@type\":\"BreadcrumbList\",\"@id\":\"https:\/\/www.notibras.com\/site\/bc-mantem-taxa-de-juros-e-silencia-sobre-meta-da-inflacao-em-2016\/#breadcrumb\",\"itemListElement\":[{\"@type\":\"ListItem\",\"position\":1,\"name\":\"In\u00edcio\",\"item\":\"https:\/\/www.notibras.com\/site\/\"},{\"@type\":\"ListItem\",\"position\":2,\"name\":\"BC decide manter a taxa de juros e silencia sobre a meta da infla\u00e7\u00e3o para 2016\"}]},{\"@type\":\"WebSite\",\"@id\":\"https:\/\/www.notibras.com\/site\/#website\",\"url\":\"https:\/\/www.notibras.com\/site\/\",\"name\":\"Notibras\",\"description\":\"Not\u00edcias de Bras\u00edlia, do Brasil e do Mundo\",\"publisher\":{\"@id\":\"https:\/\/www.notibras.com\/site\/#organization\"},\"potentialAction\":[{\"@type\":\"SearchAction\",\"target\":{\"@type\":\"EntryPoint\",\"urlTemplate\":\"https:\/\/www.notibras.com\/site\/?s={search_term_string}\"},\"query-input\":{\"@type\":\"PropertyValueSpecification\",\"valueRequired\":true,\"valueName\":\"search_term_string\"}}],\"inLanguage\":\"pt-BR\"},{\"@type\":\"Organization\",\"@id\":\"https:\/\/www.notibras.com\/site\/#organization\",\"name\":\"Grupo Notibras de Comunica\u00e7\u00e3o\",\"url\":\"https:\/\/www.notibras.com\/site\/\",\"logo\":{\"@type\":\"ImageObject\",\"inLanguage\":\"pt-BR\",\"@id\":\"https:\/\/www.notibras.com\/site\/#\/schema\/logo\/image\/\",\"url\":\"https:\/\/www.notibras.com\/site\/wp-content\/uploads\/2023\/01\/notibras23.png\",\"contentUrl\":\"https:\/\/www.notibras.com\/site\/wp-content\/uploads\/2023\/01\/notibras23.png\",\"width\":350,\"height\":87,\"caption\":\"Grupo Notibras de Comunica\u00e7\u00e3o\"},\"image\":{\"@id\":\"https:\/\/www.notibras.com\/site\/#\/schema\/logo\/image\/\"},\"sameAs\":[\"https:\/\/www.facebook.com\/notibras\/\",\"https:\/\/x.com\/Notibras\",\"https:\/\/www.instagram.com\/notibras\/\"]},{\"@type\":\"Person\",\"@id\":\"https:\/\/www.notibras.com\/site\/#\/schema\/person\/36ab0979449956132d3e5b517ea76ac8\",\"name\":\"Reda\u00e7\u00e3o\",\"image\":{\"@type\":\"ImageObject\",\"inLanguage\":\"pt-BR\",\"@id\":\"https:\/\/secure.gravatar.com\/avatar\/e0a867bdedb85fd243eadf09663511f96fc81e0720a4a42581f334ad4303aa6b?s=96&d=mm&r=g\",\"url\":\"https:\/\/secure.gravatar.com\/avatar\/e0a867bdedb85fd243eadf09663511f96fc81e0720a4a42581f334ad4303aa6b?s=96&d=mm&r=g\",\"contentUrl\":\"https:\/\/secure.gravatar.com\/avatar\/e0a867bdedb85fd243eadf09663511f96fc81e0720a4a42581f334ad4303aa6b?s=96&d=mm&r=g\",\"caption\":\"Reda\u00e7\u00e3o\"}}]}<\/script>\n<!-- \/ Yoast SEO plugin. -->","yoast_head_json":{"title":"BC decide manter a taxa de juros e silencia sobre a meta da infla\u00e7\u00e3o para 2016 - Notibras","robots":{"index":"index","follow":"follow","max-snippet":"max-snippet:-1","max-image-preview":"max-image-preview:large","max-video-preview":"max-video-preview:-1"},"canonical":"https:\/\/www.notibras.com\/site\/bc-mantem-taxa-de-juros-e-silencia-sobre-meta-da-inflacao-em-2016\/","og_locale":"pt_BR","og_type":"article","og_title":"BC decide manter a taxa de juros e silencia sobre a meta da infla\u00e7\u00e3o para 2016 - Notibras","og_description":"No dia em que se soube que a infla\u00e7\u00e3o acumulada em 12 meses superou a marca de 10% em algumas regi\u00f5es do Pa\u00eds, o Comit\u00ea de Pol\u00edtica Monet\u00e1ria (Copom) do Banco Central manteve a taxa b\u00e1sica Selic est\u00e1vel em 14,25% ao ano. Tamb\u00e9m sinalizou, no comunicado, que o IPCA n\u00e3o ir\u00e1 convergir para a meta, [&hellip;]","og_url":"https:\/\/www.notibras.com\/site\/bc-mantem-taxa-de-juros-e-silencia-sobre-meta-da-inflacao-em-2016\/","og_site_name":"Notibras","article_publisher":"https:\/\/www.facebook.com\/notibras\/","article_published_time":"2015-10-21T22:27:00+00:00","article_modified_time":"2015-10-22T12:38:54+00:00","og_image":[{"width":970,"height":600,"url":"https:\/\/www.notibras.com\/site\/wp-content\/uploads\/2015\/10\/544898-970x600-1.jpeg","type":"image\/jpeg"}],"author":"Reda\u00e7\u00e3o","twitter_card":"summary_large_image","twitter_creator":"@Notibras","twitter_site":"@Notibras","twitter_misc":{"Escrito por":"Reda\u00e7\u00e3o","Est. tempo de leitura":"4 minutos"},"schema":{"@context":"https:\/\/schema.org","@graph":[{"@type":"Article","@id":"https:\/\/www.notibras.com\/site\/bc-mantem-taxa-de-juros-e-silencia-sobre-meta-da-inflacao-em-2016\/#article","isPartOf":{"@id":"https:\/\/www.notibras.com\/site\/bc-mantem-taxa-de-juros-e-silencia-sobre-meta-da-inflacao-em-2016\/"},"author":{"name":"Reda\u00e7\u00e3o","@id":"https:\/\/www.notibras.com\/site\/#\/schema\/person\/36ab0979449956132d3e5b517ea76ac8"},"headline":"BC decide manter a taxa de juros e silencia sobre a meta da infla\u00e7\u00e3o para 2016","datePublished":"2015-10-21T22:27:00+00:00","dateModified":"2015-10-22T12:38:54+00:00","mainEntityOfPage":{"@id":"https:\/\/www.notibras.com\/site\/bc-mantem-taxa-de-juros-e-silencia-sobre-meta-da-inflacao-em-2016\/"},"wordCount":753,"commentCount":0,"publisher":{"@id":"https:\/\/www.notibras.com\/site\/#organization"},"image":{"@id":"https:\/\/www.notibras.com\/site\/bc-mantem-taxa-de-juros-e-silencia-sobre-meta-da-inflacao-em-2016\/#primaryimage"},"thumbnailUrl":"https:\/\/www.notibras.com\/site\/wp-content\/uploads\/2015\/10\/544898-970x600-1.jpeg","articleSection":["Brasil"],"inLanguage":"pt-BR","potentialAction":[{"@type":"CommentAction","name":"Comment","target":["https:\/\/www.notibras.com\/site\/bc-mantem-taxa-de-juros-e-silencia-sobre-meta-da-inflacao-em-2016\/#respond"]}]},{"@type":"WebPage","@id":"https:\/\/www.notibras.com\/site\/bc-mantem-taxa-de-juros-e-silencia-sobre-meta-da-inflacao-em-2016\/","url":"https:\/\/www.notibras.com\/site\/bc-mantem-taxa-de-juros-e-silencia-sobre-meta-da-inflacao-em-2016\/","name":"BC decide manter a taxa de juros e silencia sobre a meta da infla\u00e7\u00e3o para 2016 - Notibras","isPartOf":{"@id":"https:\/\/www.notibras.com\/site\/#website"},"primaryImageOfPage":{"@id":"https:\/\/www.notibras.com\/site\/bc-mantem-taxa-de-juros-e-silencia-sobre-meta-da-inflacao-em-2016\/#primaryimage"},"image":{"@id":"https:\/\/www.notibras.com\/site\/bc-mantem-taxa-de-juros-e-silencia-sobre-meta-da-inflacao-em-2016\/#primaryimage"},"thumbnailUrl":"https:\/\/www.notibras.com\/site\/wp-content\/uploads\/2015\/10\/544898-970x600-1.jpeg","datePublished":"2015-10-21T22:27:00+00:00","dateModified":"2015-10-22T12:38:54+00:00","breadcrumb":{"@id":"https:\/\/www.notibras.com\/site\/bc-mantem-taxa-de-juros-e-silencia-sobre-meta-da-inflacao-em-2016\/#breadcrumb"},"inLanguage":"pt-BR","potentialAction":[{"@type":"ReadAction","target":["https:\/\/www.notibras.com\/site\/bc-mantem-taxa-de-juros-e-silencia-sobre-meta-da-inflacao-em-2016\/"]}]},{"@type":"ImageObject","inLanguage":"pt-BR","@id":"https:\/\/www.notibras.com\/site\/bc-mantem-taxa-de-juros-e-silencia-sobre-meta-da-inflacao-em-2016\/#primaryimage","url":"https:\/\/www.notibras.com\/site\/wp-content\/uploads\/2015\/10\/544898-970x600-1.jpeg","contentUrl":"https:\/\/www.notibras.com\/site\/wp-content\/uploads\/2015\/10\/544898-970x600-1.jpeg","width":970,"height":600},{"@type":"BreadcrumbList","@id":"https:\/\/www.notibras.com\/site\/bc-mantem-taxa-de-juros-e-silencia-sobre-meta-da-inflacao-em-2016\/#breadcrumb","itemListElement":[{"@type":"ListItem","position":1,"name":"In\u00edcio","item":"https:\/\/www.notibras.com\/site\/"},{"@type":"ListItem","position":2,"name":"BC decide manter a taxa de juros e silencia sobre a meta da infla\u00e7\u00e3o para 2016"}]},{"@type":"WebSite","@id":"https:\/\/www.notibras.com\/site\/#website","url":"https:\/\/www.notibras.com\/site\/","name":"Notibras","description":"Not\u00edcias de Bras\u00edlia, do Brasil e do Mundo","publisher":{"@id":"https:\/\/www.notibras.com\/site\/#organization"},"potentialAction":[{"@type":"SearchAction","target":{"@type":"EntryPoint","urlTemplate":"https:\/\/www.notibras.com\/site\/?s={search_term_string}"},"query-input":{"@type":"PropertyValueSpecification","valueRequired":true,"valueName":"search_term_string"}}],"inLanguage":"pt-BR"},{"@type":"Organization","@id":"https:\/\/www.notibras.com\/site\/#organization","name":"Grupo Notibras de Comunica\u00e7\u00e3o","url":"https:\/\/www.notibras.com\/site\/","logo":{"@type":"ImageObject","inLanguage":"pt-BR","@id":"https:\/\/www.notibras.com\/site\/#\/schema\/logo\/image\/","url":"https:\/\/www.notibras.com\/site\/wp-content\/uploads\/2023\/01\/notibras23.png","contentUrl":"https:\/\/www.notibras.com\/site\/wp-content\/uploads\/2023\/01\/notibras23.png","width":350,"height":87,"caption":"Grupo Notibras de Comunica\u00e7\u00e3o"},"image":{"@id":"https:\/\/www.notibras.com\/site\/#\/schema\/logo\/image\/"},"sameAs":["https:\/\/www.facebook.com\/notibras\/","https:\/\/x.com\/Notibras","https:\/\/www.instagram.com\/notibras\/"]},{"@type":"Person","@id":"https:\/\/www.notibras.com\/site\/#\/schema\/person\/36ab0979449956132d3e5b517ea76ac8","name":"Reda\u00e7\u00e3o","image":{"@type":"ImageObject","inLanguage":"pt-BR","@id":"https:\/\/secure.gravatar.com\/avatar\/e0a867bdedb85fd243eadf09663511f96fc81e0720a4a42581f334ad4303aa6b?s=96&d=mm&r=g","url":"https:\/\/secure.gravatar.com\/avatar\/e0a867bdedb85fd243eadf09663511f96fc81e0720a4a42581f334ad4303aa6b?s=96&d=mm&r=g","contentUrl":"https:\/\/secure.gravatar.com\/avatar\/e0a867bdedb85fd243eadf09663511f96fc81e0720a4a42581f334ad4303aa6b?s=96&d=mm&r=g","caption":"Reda\u00e7\u00e3o"}}]}},"amp_enabled":true,"_links":{"self":[{"href":"https:\/\/www.notibras.com\/site\/wp-json\/wp\/v2\/posts\/72425","targetHints":{"allow":["GET"]}}],"collection":[{"href":"https:\/\/www.notibras.com\/site\/wp-json\/wp\/v2\/posts"}],"about":[{"href":"https:\/\/www.notibras.com\/site\/wp-json\/wp\/v2\/types\/post"}],"author":[{"embeddable":true,"href":"https:\/\/www.notibras.com\/site\/wp-json\/wp\/v2\/users\/2"}],"replies":[{"embeddable":true,"href":"https:\/\/www.notibras.com\/site\/wp-json\/wp\/v2\/comments?post=72425"}],"version-history":[{"count":4,"href":"https:\/\/www.notibras.com\/site\/wp-json\/wp\/v2\/posts\/72425\/revisions"}],"predecessor-version":[{"id":72524,"href":"https:\/\/www.notibras.com\/site\/wp-json\/wp\/v2\/posts\/72425\/revisions\/72524"}],"wp:featuredmedia":[{"embeddable":true,"href":"https:\/\/www.notibras.com\/site\/wp-json\/wp\/v2\/media\/72426"}],"wp:attachment":[{"href":"https:\/\/www.notibras.com\/site\/wp-json\/wp\/v2\/media?parent=72425"}],"wp:term":[{"taxonomy":"category","embeddable":true,"href":"https:\/\/www.notibras.com\/site\/wp-json\/wp\/v2\/categories?post=72425"},{"taxonomy":"post_tag","embeddable":true,"href":"https:\/\/www.notibras.com\/site\/wp-json\/wp\/v2\/tags?post=72425"}],"curies":[{"name":"wp","href":"https:\/\/api.w.org\/{rel}","templated":true}]}}