{"id":72445,"date":"2015-10-22T00:09:48","date_gmt":"2015-10-22T02:09:48","guid":{"rendered":"http:\/\/www.notibras.com\/site\/?p=72445"},"modified":"2015-10-22T18:42:26","modified_gmt":"2015-10-22T20:42:26","slug":"netanyahu-inventa-historia-do-holocausto-e-so-hospicio-pode-ajudar","status":"publish","type":"post","link":"https:\/\/www.notibras.com\/site\/netanyahu-inventa-historia-do-holocausto-e-so-hospicio-pode-ajudar\/","title":{"rendered":"Netanyahu inventa hist\u00f3ria do holocausto e s\u00f3 hosp\u00edcio ajuda"},"content":{"rendered":"<p>Autoridades israelenses e palestinas condenaram o discurso do primeiro-ministro de Israel, Benjamin Netanyahu, que declarou que foi o mufti (alto dirigente mu\u00e7ulmano na Palestina) de Jerusal\u00e9m que deu a ideia de exterminar os judeus da Europa, em 1941.<\/p>\n<p>Em um discurso pronunciado na ter\u00e7a-feira no Congresso sionista em Jerusal\u00e9m, Netanyahu se referiu ao encontro de novembro de 1941, na Alemanha, entre Adolf Hitler e o ent\u00e3o grande mufti de Jerusal\u00e9m Haj Amin al-Husseini.<\/p>\n<p>&#8220;Hitler queria expulsar os judeus da Europa, mas Amin al-Husseini, o Grande Mufti de Jerusal\u00e9m, disse que todos viriam para c\u00e1. Hitler ent\u00e3o perguntou, o que devo fazer com eles? E al-Husseini respondeu: queime eles&#8221;, explicou Netanyahu.<\/p>\n<p>Saeb Erekat, secret\u00e1rio-geral da Organiza\u00e7\u00e3o de Liberta\u00e7\u00e3o da Palestina, disse que os coment\u00e1rios do primeiro-ministro israelense alimentou a atual onda de derramamento de sangue palestino-israelense no qual pelo menos nove israelenses e 50 palestinos foram mortos.<\/p>\n<p>&#8220;Netanyahu odeia os palestinos, tanto que ele est\u00e1 disposto a absolver Hitler do assassinato de 6 milh\u00f5es de judeus&#8221;, disse Erekat. &#8220;[Ele] deve parar de usar esta trag\u00e9dia humana para marcar pontos para o seu fim pol\u00edtico&#8221;.<\/p>\n<p>Antes viajar para Berlim nesta quarta-feira para uma reuni\u00e3o com a chanceler alem\u00e3, Angela Merkel, Netanyahu respondeu \u00e0 tempestade de cr\u00edticas sobre suas observa\u00e7\u00f5es.<\/p>\n<p>&#8220;Eu n\u00e3o tive a inten\u00e7\u00e3o de absolver Hitler de responsabilidade pela sua destrui\u00e7\u00e3o diab\u00f3lica dos judeus europeus&#8221;, disse ele. &#8220;Mas \u00e9 tamb\u00e9m um absurdo ignorar o papel desempenhado&#8221; pelo grande mufti.<\/p>\n<p>Isaac Herzog, chefe da oposi\u00e7\u00e3o no parlamento e do partido Uni\u00e3o sionista, chamou os coment\u00e1rios de Netanyahu de &#8220;uma distor\u00e7\u00e3o hist\u00f3rica perigosa&#8221;, dizendo que minimizou o Holocausto, Nazismo e &#8220;parte de Hitler no terr\u00edvel desastre do nosso povo&#8221;.<\/p>\n<p>Os coment\u00e1rios de Netanyahu intensificaram preocupa\u00e7\u00f5es manifestadas pelos l\u00edderes internacionais que a incita\u00e7\u00e3o por ambas as autoridades palestinas e israelitas est\u00e1 prolongando a onda de esfaqueamentos e tiroteios. O secret\u00e1rio de Estado dos EUA, John Kerry, e Netanyahu devem se reunir em Berlim na quinta-feira para discutir formas de reduzir as tens\u00f5es entre palestinos e israelenses.<\/p>\n","protected":false},"excerpt":{"rendered":"<p>Autoridades israelenses e palestinas condenaram o discurso do primeiro-ministro de Israel, Benjamin Netanyahu, que declarou que foi o mufti (alto dirigente mu\u00e7ulmano na Palestina) de Jerusal\u00e9m que deu a ideia de exterminar os judeus da Europa, em 1941. Em um discurso pronunciado na ter\u00e7a-feira no Congresso sionista em Jerusal\u00e9m, Netanyahu se referiu ao encontro de [&hellip;]<\/p>\n","protected":false},"author":2,"featured_media":72446,"comment_status":"open","ping_status":"closed","sticky":false,"template":"","format":"standard","meta":{"_acf_changed":false,"footnotes":""},"categories":[17],"tags":[],"class_list":["post-72445","post","type-post","status-publish","format-standard","has-post-thumbnail","hentry","category-mundo"],"acf":[],"yoast_head":"<!-- This site is optimized with the Yoast SEO plugin v27.2 - https:\/\/yoast.com\/product\/yoast-seo-wordpress\/ -->\n<title>Netanyahu inventa hist\u00f3ria do holocausto e s\u00f3 hosp\u00edcio ajuda - Notibras<\/title>\n<meta name=\"robots\" content=\"index, follow, max-snippet:-1, max-image-preview:large, max-video-preview:-1\" \/>\n<link rel=\"canonical\" href=\"https:\/\/www.notibras.com\/site\/netanyahu-inventa-historia-do-holocausto-e-so-hospicio-pode-ajudar\/\" \/>\n<meta property=\"og:locale\" content=\"pt_BR\" \/>\n<meta property=\"og:type\" content=\"article\" \/>\n<meta property=\"og:title\" content=\"Netanyahu inventa hist\u00f3ria do holocausto e s\u00f3 hosp\u00edcio ajuda - Notibras\" \/>\n<meta property=\"og:description\" content=\"Autoridades israelenses e palestinas condenaram o discurso do primeiro-ministro de Israel, Benjamin Netanyahu, que declarou que foi o mufti (alto dirigente mu\u00e7ulmano na Palestina) de Jerusal\u00e9m que deu a ideia de exterminar os judeus da Europa, em 1941. Em um discurso pronunciado na ter\u00e7a-feira no Congresso sionista em Jerusal\u00e9m, Netanyahu se referiu ao encontro de [&hellip;]\" \/>\n<meta property=\"og:url\" content=\"https:\/\/www.notibras.com\/site\/netanyahu-inventa-historia-do-holocausto-e-so-hospicio-pode-ajudar\/\" \/>\n<meta property=\"og:site_name\" content=\"Notibras\" \/>\n<meta property=\"article:publisher\" content=\"https:\/\/www.facebook.com\/notibras\/\" \/>\n<meta property=\"article:published_time\" content=\"2015-10-22T02:09:48+00:00\" \/>\n<meta property=\"article:modified_time\" content=\"2015-10-22T20:42:26+00:00\" \/>\n<meta property=\"og:image\" content=\"https:\/\/www.notibras.com\/site\/wp-content\/uploads\/2015\/10\/benjamin-netanyahu-20111102-size-598-1.jpg\" \/>\n\t<meta property=\"og:image:width\" content=\"597\" \/>\n\t<meta property=\"og:image:height\" content=\"336\" \/>\n\t<meta property=\"og:image:type\" content=\"image\/jpeg\" \/>\n<meta name=\"author\" content=\"Reda\u00e7\u00e3o\" \/>\n<meta name=\"twitter:card\" content=\"summary_large_image\" \/>\n<meta name=\"twitter:creator\" content=\"@Notibras\" \/>\n<meta name=\"twitter:site\" content=\"@Notibras\" \/>\n<meta name=\"twitter:label1\" content=\"Escrito por\" \/>\n\t<meta name=\"twitter:data1\" content=\"Reda\u00e7\u00e3o\" \/>\n\t<meta name=\"twitter:label2\" content=\"Est. tempo de leitura\" \/>\n\t<meta name=\"twitter:data2\" content=\"2 minutos\" \/>\n<script type=\"application\/ld+json\" class=\"yoast-schema-graph\">{\"@context\":\"https:\/\/schema.org\",\"@graph\":[{\"@type\":\"Article\",\"@id\":\"https:\/\/www.notibras.com\/site\/netanyahu-inventa-historia-do-holocausto-e-so-hospicio-pode-ajudar\/#article\",\"isPartOf\":{\"@id\":\"https:\/\/www.notibras.com\/site\/netanyahu-inventa-historia-do-holocausto-e-so-hospicio-pode-ajudar\/\"},\"author\":{\"name\":\"Reda\u00e7\u00e3o\",\"@id\":\"https:\/\/www.notibras.com\/site\/#\/schema\/person\/36ab0979449956132d3e5b517ea76ac8\"},\"headline\":\"Netanyahu inventa hist\u00f3ria do holocausto e s\u00f3 hosp\u00edcio ajuda\",\"datePublished\":\"2015-10-22T02:09:48+00:00\",\"dateModified\":\"2015-10-22T20:42:26+00:00\",\"mainEntityOfPage\":{\"@id\":\"https:\/\/www.notibras.com\/site\/netanyahu-inventa-historia-do-holocausto-e-so-hospicio-pode-ajudar\/\"},\"wordCount\":372,\"commentCount\":0,\"publisher\":{\"@id\":\"https:\/\/www.notibras.com\/site\/#organization\"},\"image\":{\"@id\":\"https:\/\/www.notibras.com\/site\/netanyahu-inventa-historia-do-holocausto-e-so-hospicio-pode-ajudar\/#primaryimage\"},\"thumbnailUrl\":\"https:\/\/www.notibras.com\/site\/wp-content\/uploads\/2015\/10\/benjamin-netanyahu-20111102-size-598-1.jpg\",\"articleSection\":[\"Mundo\"],\"inLanguage\":\"pt-BR\",\"potentialAction\":[{\"@type\":\"CommentAction\",\"name\":\"Comment\",\"target\":[\"https:\/\/www.notibras.com\/site\/netanyahu-inventa-historia-do-holocausto-e-so-hospicio-pode-ajudar\/#respond\"]}]},{\"@type\":\"WebPage\",\"@id\":\"https:\/\/www.notibras.com\/site\/netanyahu-inventa-historia-do-holocausto-e-so-hospicio-pode-ajudar\/\",\"url\":\"https:\/\/www.notibras.com\/site\/netanyahu-inventa-historia-do-holocausto-e-so-hospicio-pode-ajudar\/\",\"name\":\"Netanyahu inventa hist\u00f3ria do holocausto e s\u00f3 hosp\u00edcio ajuda - Notibras\",\"isPartOf\":{\"@id\":\"https:\/\/www.notibras.com\/site\/#website\"},\"primaryImageOfPage\":{\"@id\":\"https:\/\/www.notibras.com\/site\/netanyahu-inventa-historia-do-holocausto-e-so-hospicio-pode-ajudar\/#primaryimage\"},\"image\":{\"@id\":\"https:\/\/www.notibras.com\/site\/netanyahu-inventa-historia-do-holocausto-e-so-hospicio-pode-ajudar\/#primaryimage\"},\"thumbnailUrl\":\"https:\/\/www.notibras.com\/site\/wp-content\/uploads\/2015\/10\/benjamin-netanyahu-20111102-size-598-1.jpg\",\"datePublished\":\"2015-10-22T02:09:48+00:00\",\"dateModified\":\"2015-10-22T20:42:26+00:00\",\"breadcrumb\":{\"@id\":\"https:\/\/www.notibras.com\/site\/netanyahu-inventa-historia-do-holocausto-e-so-hospicio-pode-ajudar\/#breadcrumb\"},\"inLanguage\":\"pt-BR\",\"potentialAction\":[{\"@type\":\"ReadAction\",\"target\":[\"https:\/\/www.notibras.com\/site\/netanyahu-inventa-historia-do-holocausto-e-so-hospicio-pode-ajudar\/\"]}]},{\"@type\":\"ImageObject\",\"inLanguage\":\"pt-BR\",\"@id\":\"https:\/\/www.notibras.com\/site\/netanyahu-inventa-historia-do-holocausto-e-so-hospicio-pode-ajudar\/#primaryimage\",\"url\":\"https:\/\/www.notibras.com\/site\/wp-content\/uploads\/2015\/10\/benjamin-netanyahu-20111102-size-598-1.jpg\",\"contentUrl\":\"https:\/\/www.notibras.com\/site\/wp-content\/uploads\/2015\/10\/benjamin-netanyahu-20111102-size-598-1.jpg\",\"width\":597,\"height\":336},{\"@type\":\"BreadcrumbList\",\"@id\":\"https:\/\/www.notibras.com\/site\/netanyahu-inventa-historia-do-holocausto-e-so-hospicio-pode-ajudar\/#breadcrumb\",\"itemListElement\":[{\"@type\":\"ListItem\",\"position\":1,\"name\":\"In\u00edcio\",\"item\":\"https:\/\/www.notibras.com\/site\/\"},{\"@type\":\"ListItem\",\"position\":2,\"name\":\"Netanyahu inventa hist\u00f3ria do holocausto e s\u00f3 hosp\u00edcio ajuda\"}]},{\"@type\":\"WebSite\",\"@id\":\"https:\/\/www.notibras.com\/site\/#website\",\"url\":\"https:\/\/www.notibras.com\/site\/\",\"name\":\"Notibras\",\"description\":\"Not\u00edcias de Bras\u00edlia, do Brasil e do Mundo\",\"publisher\":{\"@id\":\"https:\/\/www.notibras.com\/site\/#organization\"},\"potentialAction\":[{\"@type\":\"SearchAction\",\"target\":{\"@type\":\"EntryPoint\",\"urlTemplate\":\"https:\/\/www.notibras.com\/site\/?s={search_term_string}\"},\"query-input\":{\"@type\":\"PropertyValueSpecification\",\"valueRequired\":true,\"valueName\":\"search_term_string\"}}],\"inLanguage\":\"pt-BR\"},{\"@type\":\"Organization\",\"@id\":\"https:\/\/www.notibras.com\/site\/#organization\",\"name\":\"Grupo Notibras de Comunica\u00e7\u00e3o\",\"url\":\"https:\/\/www.notibras.com\/site\/\",\"logo\":{\"@type\":\"ImageObject\",\"inLanguage\":\"pt-BR\",\"@id\":\"https:\/\/www.notibras.com\/site\/#\/schema\/logo\/image\/\",\"url\":\"https:\/\/www.notibras.com\/site\/wp-content\/uploads\/2023\/01\/notibras23.png\",\"contentUrl\":\"https:\/\/www.notibras.com\/site\/wp-content\/uploads\/2023\/01\/notibras23.png\",\"width\":350,\"height\":87,\"caption\":\"Grupo Notibras de Comunica\u00e7\u00e3o\"},\"image\":{\"@id\":\"https:\/\/www.notibras.com\/site\/#\/schema\/logo\/image\/\"},\"sameAs\":[\"https:\/\/www.facebook.com\/notibras\/\",\"https:\/\/x.com\/Notibras\",\"https:\/\/www.instagram.com\/notibras\/\"]},{\"@type\":\"Person\",\"@id\":\"https:\/\/www.notibras.com\/site\/#\/schema\/person\/36ab0979449956132d3e5b517ea76ac8\",\"name\":\"Reda\u00e7\u00e3o\",\"image\":{\"@type\":\"ImageObject\",\"inLanguage\":\"pt-BR\",\"@id\":\"https:\/\/secure.gravatar.com\/avatar\/e0a867bdedb85fd243eadf09663511f96fc81e0720a4a42581f334ad4303aa6b?s=96&d=mm&r=g\",\"url\":\"https:\/\/secure.gravatar.com\/avatar\/e0a867bdedb85fd243eadf09663511f96fc81e0720a4a42581f334ad4303aa6b?s=96&d=mm&r=g\",\"contentUrl\":\"https:\/\/secure.gravatar.com\/avatar\/e0a867bdedb85fd243eadf09663511f96fc81e0720a4a42581f334ad4303aa6b?s=96&d=mm&r=g\",\"caption\":\"Reda\u00e7\u00e3o\"}}]}<\/script>\n<!-- \/ Yoast SEO plugin. -->","yoast_head_json":{"title":"Netanyahu inventa hist\u00f3ria do holocausto e s\u00f3 hosp\u00edcio ajuda - Notibras","robots":{"index":"index","follow":"follow","max-snippet":"max-snippet:-1","max-image-preview":"max-image-preview:large","max-video-preview":"max-video-preview:-1"},"canonical":"https:\/\/www.notibras.com\/site\/netanyahu-inventa-historia-do-holocausto-e-so-hospicio-pode-ajudar\/","og_locale":"pt_BR","og_type":"article","og_title":"Netanyahu inventa hist\u00f3ria do holocausto e s\u00f3 hosp\u00edcio ajuda - Notibras","og_description":"Autoridades israelenses e palestinas condenaram o discurso do primeiro-ministro de Israel, Benjamin Netanyahu, que declarou que foi o mufti (alto dirigente mu\u00e7ulmano na Palestina) de Jerusal\u00e9m que deu a ideia de exterminar os judeus da Europa, em 1941. Em um discurso pronunciado na ter\u00e7a-feira no Congresso sionista em Jerusal\u00e9m, Netanyahu se referiu ao encontro de [&hellip;]","og_url":"https:\/\/www.notibras.com\/site\/netanyahu-inventa-historia-do-holocausto-e-so-hospicio-pode-ajudar\/","og_site_name":"Notibras","article_publisher":"https:\/\/www.facebook.com\/notibras\/","article_published_time":"2015-10-22T02:09:48+00:00","article_modified_time":"2015-10-22T20:42:26+00:00","og_image":[{"width":597,"height":336,"url":"https:\/\/www.notibras.com\/site\/wp-content\/uploads\/2015\/10\/benjamin-netanyahu-20111102-size-598-1.jpg","type":"image\/jpeg"}],"author":"Reda\u00e7\u00e3o","twitter_card":"summary_large_image","twitter_creator":"@Notibras","twitter_site":"@Notibras","twitter_misc":{"Escrito por":"Reda\u00e7\u00e3o","Est. tempo de leitura":"2 minutos"},"schema":{"@context":"https:\/\/schema.org","@graph":[{"@type":"Article","@id":"https:\/\/www.notibras.com\/site\/netanyahu-inventa-historia-do-holocausto-e-so-hospicio-pode-ajudar\/#article","isPartOf":{"@id":"https:\/\/www.notibras.com\/site\/netanyahu-inventa-historia-do-holocausto-e-so-hospicio-pode-ajudar\/"},"author":{"name":"Reda\u00e7\u00e3o","@id":"https:\/\/www.notibras.com\/site\/#\/schema\/person\/36ab0979449956132d3e5b517ea76ac8"},"headline":"Netanyahu inventa hist\u00f3ria do holocausto e s\u00f3 hosp\u00edcio ajuda","datePublished":"2015-10-22T02:09:48+00:00","dateModified":"2015-10-22T20:42:26+00:00","mainEntityOfPage":{"@id":"https:\/\/www.notibras.com\/site\/netanyahu-inventa-historia-do-holocausto-e-so-hospicio-pode-ajudar\/"},"wordCount":372,"commentCount":0,"publisher":{"@id":"https:\/\/www.notibras.com\/site\/#organization"},"image":{"@id":"https:\/\/www.notibras.com\/site\/netanyahu-inventa-historia-do-holocausto-e-so-hospicio-pode-ajudar\/#primaryimage"},"thumbnailUrl":"https:\/\/www.notibras.com\/site\/wp-content\/uploads\/2015\/10\/benjamin-netanyahu-20111102-size-598-1.jpg","articleSection":["Mundo"],"inLanguage":"pt-BR","potentialAction":[{"@type":"CommentAction","name":"Comment","target":["https:\/\/www.notibras.com\/site\/netanyahu-inventa-historia-do-holocausto-e-so-hospicio-pode-ajudar\/#respond"]}]},{"@type":"WebPage","@id":"https:\/\/www.notibras.com\/site\/netanyahu-inventa-historia-do-holocausto-e-so-hospicio-pode-ajudar\/","url":"https:\/\/www.notibras.com\/site\/netanyahu-inventa-historia-do-holocausto-e-so-hospicio-pode-ajudar\/","name":"Netanyahu inventa hist\u00f3ria do holocausto e s\u00f3 hosp\u00edcio ajuda - Notibras","isPartOf":{"@id":"https:\/\/www.notibras.com\/site\/#website"},"primaryImageOfPage":{"@id":"https:\/\/www.notibras.com\/site\/netanyahu-inventa-historia-do-holocausto-e-so-hospicio-pode-ajudar\/#primaryimage"},"image":{"@id":"https:\/\/www.notibras.com\/site\/netanyahu-inventa-historia-do-holocausto-e-so-hospicio-pode-ajudar\/#primaryimage"},"thumbnailUrl":"https:\/\/www.notibras.com\/site\/wp-content\/uploads\/2015\/10\/benjamin-netanyahu-20111102-size-598-1.jpg","datePublished":"2015-10-22T02:09:48+00:00","dateModified":"2015-10-22T20:42:26+00:00","breadcrumb":{"@id":"https:\/\/www.notibras.com\/site\/netanyahu-inventa-historia-do-holocausto-e-so-hospicio-pode-ajudar\/#breadcrumb"},"inLanguage":"pt-BR","potentialAction":[{"@type":"ReadAction","target":["https:\/\/www.notibras.com\/site\/netanyahu-inventa-historia-do-holocausto-e-so-hospicio-pode-ajudar\/"]}]},{"@type":"ImageObject","inLanguage":"pt-BR","@id":"https:\/\/www.notibras.com\/site\/netanyahu-inventa-historia-do-holocausto-e-so-hospicio-pode-ajudar\/#primaryimage","url":"https:\/\/www.notibras.com\/site\/wp-content\/uploads\/2015\/10\/benjamin-netanyahu-20111102-size-598-1.jpg","contentUrl":"https:\/\/www.notibras.com\/site\/wp-content\/uploads\/2015\/10\/benjamin-netanyahu-20111102-size-598-1.jpg","width":597,"height":336},{"@type":"BreadcrumbList","@id":"https:\/\/www.notibras.com\/site\/netanyahu-inventa-historia-do-holocausto-e-so-hospicio-pode-ajudar\/#breadcrumb","itemListElement":[{"@type":"ListItem","position":1,"name":"In\u00edcio","item":"https:\/\/www.notibras.com\/site\/"},{"@type":"ListItem","position":2,"name":"Netanyahu inventa hist\u00f3ria do holocausto e s\u00f3 hosp\u00edcio ajuda"}]},{"@type":"WebSite","@id":"https:\/\/www.notibras.com\/site\/#website","url":"https:\/\/www.notibras.com\/site\/","name":"Notibras","description":"Not\u00edcias de Bras\u00edlia, do Brasil e do Mundo","publisher":{"@id":"https:\/\/www.notibras.com\/site\/#organization"},"potentialAction":[{"@type":"SearchAction","target":{"@type":"EntryPoint","urlTemplate":"https:\/\/www.notibras.com\/site\/?s={search_term_string}"},"query-input":{"@type":"PropertyValueSpecification","valueRequired":true,"valueName":"search_term_string"}}],"inLanguage":"pt-BR"},{"@type":"Organization","@id":"https:\/\/www.notibras.com\/site\/#organization","name":"Grupo Notibras de Comunica\u00e7\u00e3o","url":"https:\/\/www.notibras.com\/site\/","logo":{"@type":"ImageObject","inLanguage":"pt-BR","@id":"https:\/\/www.notibras.com\/site\/#\/schema\/logo\/image\/","url":"https:\/\/www.notibras.com\/site\/wp-content\/uploads\/2023\/01\/notibras23.png","contentUrl":"https:\/\/www.notibras.com\/site\/wp-content\/uploads\/2023\/01\/notibras23.png","width":350,"height":87,"caption":"Grupo Notibras de Comunica\u00e7\u00e3o"},"image":{"@id":"https:\/\/www.notibras.com\/site\/#\/schema\/logo\/image\/"},"sameAs":["https:\/\/www.facebook.com\/notibras\/","https:\/\/x.com\/Notibras","https:\/\/www.instagram.com\/notibras\/"]},{"@type":"Person","@id":"https:\/\/www.notibras.com\/site\/#\/schema\/person\/36ab0979449956132d3e5b517ea76ac8","name":"Reda\u00e7\u00e3o","image":{"@type":"ImageObject","inLanguage":"pt-BR","@id":"https:\/\/secure.gravatar.com\/avatar\/e0a867bdedb85fd243eadf09663511f96fc81e0720a4a42581f334ad4303aa6b?s=96&d=mm&r=g","url":"https:\/\/secure.gravatar.com\/avatar\/e0a867bdedb85fd243eadf09663511f96fc81e0720a4a42581f334ad4303aa6b?s=96&d=mm&r=g","contentUrl":"https:\/\/secure.gravatar.com\/avatar\/e0a867bdedb85fd243eadf09663511f96fc81e0720a4a42581f334ad4303aa6b?s=96&d=mm&r=g","caption":"Reda\u00e7\u00e3o"}}]}},"amp_enabled":true,"_links":{"self":[{"href":"https:\/\/www.notibras.com\/site\/wp-json\/wp\/v2\/posts\/72445","targetHints":{"allow":["GET"]}}],"collection":[{"href":"https:\/\/www.notibras.com\/site\/wp-json\/wp\/v2\/posts"}],"about":[{"href":"https:\/\/www.notibras.com\/site\/wp-json\/wp\/v2\/types\/post"}],"author":[{"embeddable":true,"href":"https:\/\/www.notibras.com\/site\/wp-json\/wp\/v2\/users\/2"}],"replies":[{"embeddable":true,"href":"https:\/\/www.notibras.com\/site\/wp-json\/wp\/v2\/comments?post=72445"}],"version-history":[{"count":7,"href":"https:\/\/www.notibras.com\/site\/wp-json\/wp\/v2\/posts\/72445\/revisions"}],"predecessor-version":[{"id":72582,"href":"https:\/\/www.notibras.com\/site\/wp-json\/wp\/v2\/posts\/72445\/revisions\/72582"}],"wp:featuredmedia":[{"embeddable":true,"href":"https:\/\/www.notibras.com\/site\/wp-json\/wp\/v2\/media\/72446"}],"wp:attachment":[{"href":"https:\/\/www.notibras.com\/site\/wp-json\/wp\/v2\/media?parent=72445"}],"wp:term":[{"taxonomy":"category","embeddable":true,"href":"https:\/\/www.notibras.com\/site\/wp-json\/wp\/v2\/categories?post=72445"},{"taxonomy":"post_tag","embeddable":true,"href":"https:\/\/www.notibras.com\/site\/wp-json\/wp\/v2\/tags?post=72445"}],"curies":[{"name":"wp","href":"https:\/\/api.w.org\/{rel}","templated":true}]}}