{"id":72457,"date":"2015-10-22T00:30:13","date_gmt":"2015-10-22T02:30:13","guid":{"rendered":"http:\/\/www.notibras.com\/site\/?p=72457"},"modified":"2015-10-22T10:55:15","modified_gmt":"2015-10-22T12:55:15","slug":"flu-abre-vantagem-contra-o-palmeiras-e-joga-pelo-empate-na-volta","status":"publish","type":"post","link":"https:\/\/www.notibras.com\/site\/flu-abre-vantagem-contra-o-palmeiras-e-joga-pelo-empate-na-volta\/","title":{"rendered":"Flu abre vantagem contra Verd\u00e3o, faz 2 a 1 e jogar\u00e1 pelo empate na volta"},"content":{"rendered":"<p>O Fluminense saiu na frente do Palmeiras na disputa por uma vaga na final da Copa do Brasil. Na noite desta quarta-feira, o time carioca fez valer o mando de campo para vencer por 2 a 1 o rival paulista, no Maracan\u00e3, no jogo de ida da semifinal. O Flu chegou a abrir 2 a 0 no primeiro tempo, mas o Palmeiras descontou na etapa final e se manteve vivo no confronto.<\/p>\n<p>Com o placar, o Palmeiras precisa de uma vit\u00f3ria simples, por 1 a 0, quarta-feira que vem, no Allianz Parque, para chegar \u00e0 decis\u00e3o da Copa do Brasil. Um empate assegura o Fluminense na grande decis\u00e3o, contra S\u00e3o Paulo ou Santos.<\/p>\n<p>O atacante Fred deixou o jogo machucado e n\u00e3o se sabe se ter\u00e1 condi\u00e7\u00f5es de atuar no jogo da volta. No Maracan\u00e3, durante toda a segunda etapa, o Fluminense precisou jogar sem seu principal jogador e ficou claro o quanto ele faz a diferen\u00e7a.<\/p>\n<p><strong>O jogo<\/strong>\u00a0&#8211; Para tentar refor\u00e7ar a marca\u00e7\u00e3o sem abrir m\u00e3o do ataque, o t\u00e9cnico Marcelo Oliveira resolveu escalar Z\u00e9 Roberto na lateral-esquerda e Amaral e Andrei no meio. Na teoria, tinha tudo para dar certo. Na pr\u00e1tica, o que se viu foi um time sem pegada na marca\u00e7\u00e3o e cria\u00e7\u00e3o. Os defensores ficaram assistindo aos advers\u00e1rios com a bola no p\u00e9, enquanto os atacantes ficaram muito distantes do resto do time. Por isso, Barrios, Dudu e Gabriel Jesus praticamente n\u00e3o apareceram.<\/p>\n<p>Com liberdade para atacar, o time carioca apostou nos toques de velocidade e boa movimenta\u00e7\u00e3o para envolver os perdidos defensores palmeirenses e tomar conta do primeiro tempo. O Fluminense teve seus m\u00e9ritos, mas Marcelo Oliveira errou na escala\u00e7\u00e3o quando resolveu colocar o inseguro Victor Ramos para marcar o melhor jogador do advers\u00e1rio, Fred. L\u00e1 na frente, o menino Gabriel Jesus parecia assustado e perdeu duas excelentes chances.<\/p>\n<p>Em ritmo muito mais intenso que o advers\u00e1rio, o Fluminense abriu o placar aos 28 minutos. Fred, sem nenhuma marca\u00e7\u00e3o, cabeceou ap\u00f3s cobran\u00e7a de escanteio, Prass fez grande defesa e, no rebote, Marcos Junior mandou para as redes. O gol n\u00e3o fez efeito para nenhuma das equipes. Os cariocas tocavam a bola com organiza\u00e7\u00e3o e explorando os buracos da defesa alviverde, que acabou entregando mais um gol de bandeja.<\/p>\n<p>Aos 41, falta pela esquerda, Gustavo Scarpa apareceu livre na \u00e1rea e chutou rasteiro. Gum deu um leve desvio e ampliou a vantagem. A euforia pela vantagem no placar logo dividiu as aten\u00e7\u00f5es com a preocupa\u00e7\u00e3o. Nos minutos finais, Fred sofreu uma entorse no joelho e no tornozelo esquerdo e teve que deixar o campo.<\/p>\n<p>No intervalo, o t\u00e9cnico palmeirense fez algo que se tornou corriqueiro. Mexeu no time para tentar corrigir os erros da escala\u00e7\u00e3o inicial. Tirou Victor Ramos e Andrei e colocou Jackson e Eg\u00eddio para tentar, mais uma vez, dar seguran\u00e7a \u00e0 defesa e op\u00e7\u00e3o na cria\u00e7\u00e3o, com Z\u00e9 Roberto sendo deslocado para o meio.<\/p>\n<p>A mudan\u00e7a surtiu efeito, pelo menos para amenizar o preju\u00edzo. O Palmeiras voltou mais equilibrado, colocou a bola no ch\u00e3o e passou a ter as r\u00e9deas da partida. At\u00e9 que, aos 15, Barrios tocou para Z\u00e9 Roberto, que trombou com Gum e caiu na \u00e1rea. O pr\u00f3prio meia palmeirense cobrou o p\u00eanalti e diminuiu a vantagem dos cariocas no placar.<\/p>\n<p>Sem Fred, o Fluminense parecia ter perdido todo seu \u00edmpeto para atacar e o Palmeiras deu a impress\u00e3o de que estava satisfeito com a derrota pela vantagem m\u00ednima.<\/p>\n<p><img loading=\"lazy\" decoding=\"async\" class=\"alignnone size-full wp-image-70065\" src=\"http:\/\/www.notibras.com\/site\/wp-content\/uploads\/2015\/10\/estadao.png\" alt=\"estadao\" width=\"99\" height=\"16\" \/><\/p>\n","protected":false},"excerpt":{"rendered":"<p>O Fluminense saiu na frente do Palmeiras na disputa por uma vaga na final da Copa do Brasil. Na noite desta quarta-feira, o time carioca fez valer o mando de campo para vencer por 2 a 1 o rival paulista, no Maracan\u00e3, no jogo de ida da semifinal. O Flu chegou a abrir 2 a [&hellip;]<\/p>\n","protected":false},"author":2,"featured_media":72458,"comment_status":"open","ping_status":"closed","sticky":false,"template":"","format":"standard","meta":{"_acf_changed":false,"footnotes":""},"categories":[29],"tags":[],"class_list":["post-72457","post","type-post","status-publish","format-standard","has-post-thumbnail","hentry","category-futebol"],"acf":[],"yoast_head":"<!-- This site is optimized with the Yoast SEO plugin v27.2 - https:\/\/yoast.com\/product\/yoast-seo-wordpress\/ -->\n<title>Flu abre vantagem contra Verd\u00e3o, faz 2 a 1 e jogar\u00e1 pelo empate na volta - Notibras<\/title>\n<meta name=\"robots\" content=\"index, follow, max-snippet:-1, max-image-preview:large, max-video-preview:-1\" \/>\n<link rel=\"canonical\" href=\"https:\/\/www.notibras.com\/site\/flu-abre-vantagem-contra-o-palmeiras-e-joga-pelo-empate-na-volta\/\" \/>\n<meta property=\"og:locale\" content=\"pt_BR\" \/>\n<meta property=\"og:type\" content=\"article\" \/>\n<meta property=\"og:title\" content=\"Flu abre vantagem contra Verd\u00e3o, faz 2 a 1 e jogar\u00e1 pelo empate na volta - Notibras\" \/>\n<meta property=\"og:description\" content=\"O Fluminense saiu na frente do Palmeiras na disputa por uma vaga na final da Copa do Brasil. Na noite desta quarta-feira, o time carioca fez valer o mando de campo para vencer por 2 a 1 o rival paulista, no Maracan\u00e3, no jogo de ida da semifinal. O Flu chegou a abrir 2 a [&hellip;]\" \/>\n<meta property=\"og:url\" content=\"https:\/\/www.notibras.com\/site\/flu-abre-vantagem-contra-o-palmeiras-e-joga-pelo-empate-na-volta\/\" \/>\n<meta property=\"og:site_name\" content=\"Notibras\" \/>\n<meta property=\"article:publisher\" content=\"https:\/\/www.facebook.com\/notibras\/\" \/>\n<meta property=\"article:published_time\" content=\"2015-10-22T02:30:13+00:00\" \/>\n<meta property=\"article:modified_time\" content=\"2015-10-22T12:55:15+00:00\" \/>\n<meta property=\"og:image\" content=\"https:\/\/www.notibras.com\/site\/wp-content\/uploads\/2015\/10\/fluvan.jpg\" \/>\n\t<meta property=\"og:image:width\" content=\"645\" \/>\n\t<meta property=\"og:image:height\" content=\"350\" \/>\n\t<meta property=\"og:image:type\" content=\"image\/jpeg\" \/>\n<meta name=\"author\" content=\"Reda\u00e7\u00e3o\" \/>\n<meta name=\"twitter:card\" content=\"summary_large_image\" \/>\n<meta name=\"twitter:creator\" content=\"@Notibras\" \/>\n<meta name=\"twitter:site\" content=\"@Notibras\" \/>\n<meta name=\"twitter:label1\" content=\"Escrito por\" \/>\n\t<meta name=\"twitter:data1\" content=\"Reda\u00e7\u00e3o\" \/>\n\t<meta name=\"twitter:label2\" content=\"Est. tempo de leitura\" \/>\n\t<meta name=\"twitter:data2\" content=\"3 minutos\" \/>\n<script type=\"application\/ld+json\" class=\"yoast-schema-graph\">{\"@context\":\"https:\/\/schema.org\",\"@graph\":[{\"@type\":\"Article\",\"@id\":\"https:\/\/www.notibras.com\/site\/flu-abre-vantagem-contra-o-palmeiras-e-joga-pelo-empate-na-volta\/#article\",\"isPartOf\":{\"@id\":\"https:\/\/www.notibras.com\/site\/flu-abre-vantagem-contra-o-palmeiras-e-joga-pelo-empate-na-volta\/\"},\"author\":{\"name\":\"Reda\u00e7\u00e3o\",\"@id\":\"https:\/\/www.notibras.com\/site\/#\/schema\/person\/36ab0979449956132d3e5b517ea76ac8\"},\"headline\":\"Flu abre vantagem contra Verd\u00e3o, faz 2 a 1 e jogar\u00e1 pelo empate na volta\",\"datePublished\":\"2015-10-22T02:30:13+00:00\",\"dateModified\":\"2015-10-22T12:55:15+00:00\",\"mainEntityOfPage\":{\"@id\":\"https:\/\/www.notibras.com\/site\/flu-abre-vantagem-contra-o-palmeiras-e-joga-pelo-empate-na-volta\/\"},\"wordCount\":616,\"commentCount\":0,\"publisher\":{\"@id\":\"https:\/\/www.notibras.com\/site\/#organization\"},\"image\":{\"@id\":\"https:\/\/www.notibras.com\/site\/flu-abre-vantagem-contra-o-palmeiras-e-joga-pelo-empate-na-volta\/#primaryimage\"},\"thumbnailUrl\":\"https:\/\/www.notibras.com\/site\/wp-content\/uploads\/2015\/10\/fluvan.jpg\",\"articleSection\":[\"Futebol\"],\"inLanguage\":\"pt-BR\",\"potentialAction\":[{\"@type\":\"CommentAction\",\"name\":\"Comment\",\"target\":[\"https:\/\/www.notibras.com\/site\/flu-abre-vantagem-contra-o-palmeiras-e-joga-pelo-empate-na-volta\/#respond\"]}]},{\"@type\":\"WebPage\",\"@id\":\"https:\/\/www.notibras.com\/site\/flu-abre-vantagem-contra-o-palmeiras-e-joga-pelo-empate-na-volta\/\",\"url\":\"https:\/\/www.notibras.com\/site\/flu-abre-vantagem-contra-o-palmeiras-e-joga-pelo-empate-na-volta\/\",\"name\":\"Flu abre vantagem contra Verd\u00e3o, faz 2 a 1 e jogar\u00e1 pelo empate na volta - Notibras\",\"isPartOf\":{\"@id\":\"https:\/\/www.notibras.com\/site\/#website\"},\"primaryImageOfPage\":{\"@id\":\"https:\/\/www.notibras.com\/site\/flu-abre-vantagem-contra-o-palmeiras-e-joga-pelo-empate-na-volta\/#primaryimage\"},\"image\":{\"@id\":\"https:\/\/www.notibras.com\/site\/flu-abre-vantagem-contra-o-palmeiras-e-joga-pelo-empate-na-volta\/#primaryimage\"},\"thumbnailUrl\":\"https:\/\/www.notibras.com\/site\/wp-content\/uploads\/2015\/10\/fluvan.jpg\",\"datePublished\":\"2015-10-22T02:30:13+00:00\",\"dateModified\":\"2015-10-22T12:55:15+00:00\",\"breadcrumb\":{\"@id\":\"https:\/\/www.notibras.com\/site\/flu-abre-vantagem-contra-o-palmeiras-e-joga-pelo-empate-na-volta\/#breadcrumb\"},\"inLanguage\":\"pt-BR\",\"potentialAction\":[{\"@type\":\"ReadAction\",\"target\":[\"https:\/\/www.notibras.com\/site\/flu-abre-vantagem-contra-o-palmeiras-e-joga-pelo-empate-na-volta\/\"]}]},{\"@type\":\"ImageObject\",\"inLanguage\":\"pt-BR\",\"@id\":\"https:\/\/www.notibras.com\/site\/flu-abre-vantagem-contra-o-palmeiras-e-joga-pelo-empate-na-volta\/#primaryimage\",\"url\":\"https:\/\/www.notibras.com\/site\/wp-content\/uploads\/2015\/10\/fluvan.jpg\",\"contentUrl\":\"https:\/\/www.notibras.com\/site\/wp-content\/uploads\/2015\/10\/fluvan.jpg\",\"width\":645,\"height\":350},{\"@type\":\"BreadcrumbList\",\"@id\":\"https:\/\/www.notibras.com\/site\/flu-abre-vantagem-contra-o-palmeiras-e-joga-pelo-empate-na-volta\/#breadcrumb\",\"itemListElement\":[{\"@type\":\"ListItem\",\"position\":1,\"name\":\"In\u00edcio\",\"item\":\"https:\/\/www.notibras.com\/site\/\"},{\"@type\":\"ListItem\",\"position\":2,\"name\":\"Flu abre vantagem contra Verd\u00e3o, faz 2 a 1 e jogar\u00e1 pelo empate na volta\"}]},{\"@type\":\"WebSite\",\"@id\":\"https:\/\/www.notibras.com\/site\/#website\",\"url\":\"https:\/\/www.notibras.com\/site\/\",\"name\":\"Notibras\",\"description\":\"Not\u00edcias de Bras\u00edlia, do Brasil e do Mundo\",\"publisher\":{\"@id\":\"https:\/\/www.notibras.com\/site\/#organization\"},\"potentialAction\":[{\"@type\":\"SearchAction\",\"target\":{\"@type\":\"EntryPoint\",\"urlTemplate\":\"https:\/\/www.notibras.com\/site\/?s={search_term_string}\"},\"query-input\":{\"@type\":\"PropertyValueSpecification\",\"valueRequired\":true,\"valueName\":\"search_term_string\"}}],\"inLanguage\":\"pt-BR\"},{\"@type\":\"Organization\",\"@id\":\"https:\/\/www.notibras.com\/site\/#organization\",\"name\":\"Grupo Notibras de Comunica\u00e7\u00e3o\",\"url\":\"https:\/\/www.notibras.com\/site\/\",\"logo\":{\"@type\":\"ImageObject\",\"inLanguage\":\"pt-BR\",\"@id\":\"https:\/\/www.notibras.com\/site\/#\/schema\/logo\/image\/\",\"url\":\"https:\/\/www.notibras.com\/site\/wp-content\/uploads\/2023\/01\/notibras23.png\",\"contentUrl\":\"https:\/\/www.notibras.com\/site\/wp-content\/uploads\/2023\/01\/notibras23.png\",\"width\":350,\"height\":87,\"caption\":\"Grupo Notibras de Comunica\u00e7\u00e3o\"},\"image\":{\"@id\":\"https:\/\/www.notibras.com\/site\/#\/schema\/logo\/image\/\"},\"sameAs\":[\"https:\/\/www.facebook.com\/notibras\/\",\"https:\/\/x.com\/Notibras\",\"https:\/\/www.instagram.com\/notibras\/\"]},{\"@type\":\"Person\",\"@id\":\"https:\/\/www.notibras.com\/site\/#\/schema\/person\/36ab0979449956132d3e5b517ea76ac8\",\"name\":\"Reda\u00e7\u00e3o\",\"image\":{\"@type\":\"ImageObject\",\"inLanguage\":\"pt-BR\",\"@id\":\"https:\/\/secure.gravatar.com\/avatar\/e0a867bdedb85fd243eadf09663511f96fc81e0720a4a42581f334ad4303aa6b?s=96&d=mm&r=g\",\"url\":\"https:\/\/secure.gravatar.com\/avatar\/e0a867bdedb85fd243eadf09663511f96fc81e0720a4a42581f334ad4303aa6b?s=96&d=mm&r=g\",\"contentUrl\":\"https:\/\/secure.gravatar.com\/avatar\/e0a867bdedb85fd243eadf09663511f96fc81e0720a4a42581f334ad4303aa6b?s=96&d=mm&r=g\",\"caption\":\"Reda\u00e7\u00e3o\"}}]}<\/script>\n<!-- \/ Yoast SEO plugin. -->","yoast_head_json":{"title":"Flu abre vantagem contra Verd\u00e3o, faz 2 a 1 e jogar\u00e1 pelo empate na volta - Notibras","robots":{"index":"index","follow":"follow","max-snippet":"max-snippet:-1","max-image-preview":"max-image-preview:large","max-video-preview":"max-video-preview:-1"},"canonical":"https:\/\/www.notibras.com\/site\/flu-abre-vantagem-contra-o-palmeiras-e-joga-pelo-empate-na-volta\/","og_locale":"pt_BR","og_type":"article","og_title":"Flu abre vantagem contra Verd\u00e3o, faz 2 a 1 e jogar\u00e1 pelo empate na volta - Notibras","og_description":"O Fluminense saiu na frente do Palmeiras na disputa por uma vaga na final da Copa do Brasil. Na noite desta quarta-feira, o time carioca fez valer o mando de campo para vencer por 2 a 1 o rival paulista, no Maracan\u00e3, no jogo de ida da semifinal. O Flu chegou a abrir 2 a [&hellip;]","og_url":"https:\/\/www.notibras.com\/site\/flu-abre-vantagem-contra-o-palmeiras-e-joga-pelo-empate-na-volta\/","og_site_name":"Notibras","article_publisher":"https:\/\/www.facebook.com\/notibras\/","article_published_time":"2015-10-22T02:30:13+00:00","article_modified_time":"2015-10-22T12:55:15+00:00","og_image":[{"width":645,"height":350,"url":"https:\/\/www.notibras.com\/site\/wp-content\/uploads\/2015\/10\/fluvan.jpg","type":"image\/jpeg"}],"author":"Reda\u00e7\u00e3o","twitter_card":"summary_large_image","twitter_creator":"@Notibras","twitter_site":"@Notibras","twitter_misc":{"Escrito por":"Reda\u00e7\u00e3o","Est. tempo de leitura":"3 minutos"},"schema":{"@context":"https:\/\/schema.org","@graph":[{"@type":"Article","@id":"https:\/\/www.notibras.com\/site\/flu-abre-vantagem-contra-o-palmeiras-e-joga-pelo-empate-na-volta\/#article","isPartOf":{"@id":"https:\/\/www.notibras.com\/site\/flu-abre-vantagem-contra-o-palmeiras-e-joga-pelo-empate-na-volta\/"},"author":{"name":"Reda\u00e7\u00e3o","@id":"https:\/\/www.notibras.com\/site\/#\/schema\/person\/36ab0979449956132d3e5b517ea76ac8"},"headline":"Flu abre vantagem contra Verd\u00e3o, faz 2 a 1 e jogar\u00e1 pelo empate na volta","datePublished":"2015-10-22T02:30:13+00:00","dateModified":"2015-10-22T12:55:15+00:00","mainEntityOfPage":{"@id":"https:\/\/www.notibras.com\/site\/flu-abre-vantagem-contra-o-palmeiras-e-joga-pelo-empate-na-volta\/"},"wordCount":616,"commentCount":0,"publisher":{"@id":"https:\/\/www.notibras.com\/site\/#organization"},"image":{"@id":"https:\/\/www.notibras.com\/site\/flu-abre-vantagem-contra-o-palmeiras-e-joga-pelo-empate-na-volta\/#primaryimage"},"thumbnailUrl":"https:\/\/www.notibras.com\/site\/wp-content\/uploads\/2015\/10\/fluvan.jpg","articleSection":["Futebol"],"inLanguage":"pt-BR","potentialAction":[{"@type":"CommentAction","name":"Comment","target":["https:\/\/www.notibras.com\/site\/flu-abre-vantagem-contra-o-palmeiras-e-joga-pelo-empate-na-volta\/#respond"]}]},{"@type":"WebPage","@id":"https:\/\/www.notibras.com\/site\/flu-abre-vantagem-contra-o-palmeiras-e-joga-pelo-empate-na-volta\/","url":"https:\/\/www.notibras.com\/site\/flu-abre-vantagem-contra-o-palmeiras-e-joga-pelo-empate-na-volta\/","name":"Flu abre vantagem contra Verd\u00e3o, faz 2 a 1 e jogar\u00e1 pelo empate na volta - Notibras","isPartOf":{"@id":"https:\/\/www.notibras.com\/site\/#website"},"primaryImageOfPage":{"@id":"https:\/\/www.notibras.com\/site\/flu-abre-vantagem-contra-o-palmeiras-e-joga-pelo-empate-na-volta\/#primaryimage"},"image":{"@id":"https:\/\/www.notibras.com\/site\/flu-abre-vantagem-contra-o-palmeiras-e-joga-pelo-empate-na-volta\/#primaryimage"},"thumbnailUrl":"https:\/\/www.notibras.com\/site\/wp-content\/uploads\/2015\/10\/fluvan.jpg","datePublished":"2015-10-22T02:30:13+00:00","dateModified":"2015-10-22T12:55:15+00:00","breadcrumb":{"@id":"https:\/\/www.notibras.com\/site\/flu-abre-vantagem-contra-o-palmeiras-e-joga-pelo-empate-na-volta\/#breadcrumb"},"inLanguage":"pt-BR","potentialAction":[{"@type":"ReadAction","target":["https:\/\/www.notibras.com\/site\/flu-abre-vantagem-contra-o-palmeiras-e-joga-pelo-empate-na-volta\/"]}]},{"@type":"ImageObject","inLanguage":"pt-BR","@id":"https:\/\/www.notibras.com\/site\/flu-abre-vantagem-contra-o-palmeiras-e-joga-pelo-empate-na-volta\/#primaryimage","url":"https:\/\/www.notibras.com\/site\/wp-content\/uploads\/2015\/10\/fluvan.jpg","contentUrl":"https:\/\/www.notibras.com\/site\/wp-content\/uploads\/2015\/10\/fluvan.jpg","width":645,"height":350},{"@type":"BreadcrumbList","@id":"https:\/\/www.notibras.com\/site\/flu-abre-vantagem-contra-o-palmeiras-e-joga-pelo-empate-na-volta\/#breadcrumb","itemListElement":[{"@type":"ListItem","position":1,"name":"In\u00edcio","item":"https:\/\/www.notibras.com\/site\/"},{"@type":"ListItem","position":2,"name":"Flu abre vantagem contra Verd\u00e3o, faz 2 a 1 e jogar\u00e1 pelo empate na volta"}]},{"@type":"WebSite","@id":"https:\/\/www.notibras.com\/site\/#website","url":"https:\/\/www.notibras.com\/site\/","name":"Notibras","description":"Not\u00edcias de Bras\u00edlia, do Brasil e do Mundo","publisher":{"@id":"https:\/\/www.notibras.com\/site\/#organization"},"potentialAction":[{"@type":"SearchAction","target":{"@type":"EntryPoint","urlTemplate":"https:\/\/www.notibras.com\/site\/?s={search_term_string}"},"query-input":{"@type":"PropertyValueSpecification","valueRequired":true,"valueName":"search_term_string"}}],"inLanguage":"pt-BR"},{"@type":"Organization","@id":"https:\/\/www.notibras.com\/site\/#organization","name":"Grupo Notibras de Comunica\u00e7\u00e3o","url":"https:\/\/www.notibras.com\/site\/","logo":{"@type":"ImageObject","inLanguage":"pt-BR","@id":"https:\/\/www.notibras.com\/site\/#\/schema\/logo\/image\/","url":"https:\/\/www.notibras.com\/site\/wp-content\/uploads\/2023\/01\/notibras23.png","contentUrl":"https:\/\/www.notibras.com\/site\/wp-content\/uploads\/2023\/01\/notibras23.png","width":350,"height":87,"caption":"Grupo Notibras de Comunica\u00e7\u00e3o"},"image":{"@id":"https:\/\/www.notibras.com\/site\/#\/schema\/logo\/image\/"},"sameAs":["https:\/\/www.facebook.com\/notibras\/","https:\/\/x.com\/Notibras","https:\/\/www.instagram.com\/notibras\/"]},{"@type":"Person","@id":"https:\/\/www.notibras.com\/site\/#\/schema\/person\/36ab0979449956132d3e5b517ea76ac8","name":"Reda\u00e7\u00e3o","image":{"@type":"ImageObject","inLanguage":"pt-BR","@id":"https:\/\/secure.gravatar.com\/avatar\/e0a867bdedb85fd243eadf09663511f96fc81e0720a4a42581f334ad4303aa6b?s=96&d=mm&r=g","url":"https:\/\/secure.gravatar.com\/avatar\/e0a867bdedb85fd243eadf09663511f96fc81e0720a4a42581f334ad4303aa6b?s=96&d=mm&r=g","contentUrl":"https:\/\/secure.gravatar.com\/avatar\/e0a867bdedb85fd243eadf09663511f96fc81e0720a4a42581f334ad4303aa6b?s=96&d=mm&r=g","caption":"Reda\u00e7\u00e3o"}}]}},"amp_enabled":true,"_links":{"self":[{"href":"https:\/\/www.notibras.com\/site\/wp-json\/wp\/v2\/posts\/72457","targetHints":{"allow":["GET"]}}],"collection":[{"href":"https:\/\/www.notibras.com\/site\/wp-json\/wp\/v2\/posts"}],"about":[{"href":"https:\/\/www.notibras.com\/site\/wp-json\/wp\/v2\/types\/post"}],"author":[{"embeddable":true,"href":"https:\/\/www.notibras.com\/site\/wp-json\/wp\/v2\/users\/2"}],"replies":[{"embeddable":true,"href":"https:\/\/www.notibras.com\/site\/wp-json\/wp\/v2\/comments?post=72457"}],"version-history":[{"count":3,"href":"https:\/\/www.notibras.com\/site\/wp-json\/wp\/v2\/posts\/72457\/revisions"}],"predecessor-version":[{"id":72528,"href":"https:\/\/www.notibras.com\/site\/wp-json\/wp\/v2\/posts\/72457\/revisions\/72528"}],"wp:featuredmedia":[{"embeddable":true,"href":"https:\/\/www.notibras.com\/site\/wp-json\/wp\/v2\/media\/72458"}],"wp:attachment":[{"href":"https:\/\/www.notibras.com\/site\/wp-json\/wp\/v2\/media?parent=72457"}],"wp:term":[{"taxonomy":"category","embeddable":true,"href":"https:\/\/www.notibras.com\/site\/wp-json\/wp\/v2\/categories?post=72457"},{"taxonomy":"post_tag","embeddable":true,"href":"https:\/\/www.notibras.com\/site\/wp-json\/wp\/v2\/tags?post=72457"}],"curies":[{"name":"wp","href":"https:\/\/api.w.org\/{rel}","templated":true}]}}