{"id":72521,"date":"2015-10-22T10:37:09","date_gmt":"2015-10-22T12:37:09","guid":{"rendered":"http:\/\/www.notibras.com\/site\/?p=72521"},"modified":"2015-10-22T18:44:52","modified_gmt":"2015-10-22T20:44:52","slug":"cunha-esta-no-mato-sem-cachorro-e-a-luz-no-fim-do-tunel-e-quadrada","status":"publish","type":"post","link":"https:\/\/www.notibras.com\/site\/cunha-esta-no-mato-sem-cachorro-e-a-luz-no-fim-do-tunel-e-quadrada\/","title":{"rendered":"Cunha est\u00e1 no mato sem cachorro e a luz no fim do t\u00fanel vai aparecer quadrada"},"content":{"rendered":"<p>Usando uma express\u00e3o bem popular entre os brasileiros, temos a dizer que o presidente da C\u00e2mara, deputado Eduardo Cunha (PMDB- RJ), est\u00e1 no mato sem cachorro. S\u00f3 um milagre o livrar\u00e1 da perda do mandato e de uma condena\u00e7\u00e3o de v\u00e1rios anos de pris\u00e3o, tal qual aconteceu com os ent\u00e3o poderosos pol\u00edticos Jos\u00e9 Dirceu, Jos\u00e9 Geno\u00edno, Jo\u00e3o Paulo Cunha e Del\u00fabio Soares, no processo do mensal\u00e3o do PT.<\/p>\n<p>Informa\u00e7\u00f5es de fontes variadas d\u00e3o conta que Eduardo Cunha promoveu movimenta\u00e7\u00f5es financeiras da ordem de R$ 400 milh\u00f5es, por meio de 74 contas banc\u00e1rias, em pa\u00edses diversos. Essas\\opera\u00e7\u00f5es foram realizadas entre 2007 e 2014.<\/p>\n<p>No Supremo Tribunal Federal, ele responde por dois processos, propostos pelo Procurador-Geral da Rep\u00fablica-PGR, Rodrigo Janot. Cunha \u00e9 acusado da pr\u00e1tica de crimes de corrup\u00e7\u00e3o, lavagem de dinheiro e evas\u00e3o de divisas. Pelo fato de ser presidente da C\u00e2mara, seu julgamento acontecer\u00e1 no plen\u00e1rio do Supremo, com a participa\u00e7\u00e3o dos 11 ministros e transmiss\u00e3o pela TV- Justi\u00e7a.<\/p>\n<p>Vamos assistir a repeti\u00e7\u00e3o do julgamento dos 24 r\u00e9us envolvidos no esc\u00e2ndalo do mensal\u00e3o do PT, no qual se destacou o ministro Joaquim Barbosa. Est\u00e1 nas m\u00e3os do ministro Teori Zavascki a relatoria das duas a\u00e7\u00f5es.<\/p>\n<p>Numa das a\u00e7\u00f5es em andamento no Supremo, Eduardo Cunha \u00e9 acusado pelo procurador-geral da Rep\u00fablica de ter recebido sete milh\u00f5es de d\u00f3lares de propina para viabilizar a venda de dois navios-sondas, produzidos pelo estaleiro coreano Samsung \u00e0 Petrobras. O valor desse neg\u00f3cio foi de 1 bilh\u00e3o e 200 milh\u00f5es de d\u00f3lares.<\/p>\n<p>No segundo processo, aparecem documentos enviados pelo Minist\u00e9rio P\u00fablico da Su\u00ed\u00e7a \u00e0 Procuradoria da Republica do Brasil, comprovando a exist\u00eancia naquele pa\u00eds de quatro contas banc\u00e1rias em nome de Eduardo Cunha. A movimenta\u00e7\u00e3o financeira de tais contas chegou a R$ 135 milh\u00f5es. Uma das contas foi movimentada por Claudia Luz, esposa de Cunha, e por uma filha. Ambas chegaram a utilizar 1 milh\u00e3o de d\u00f3lares para bancar cart\u00f5es internacionais de cr\u00e9dito, pagamento de aulas de ingl\u00eas, academia de t\u00eanis e butiques de v\u00e1rios pa\u00edses.<\/p>\n<p>Segundo o PGR Rodrigo Janot, s\u00e3o fortes os ind\u00edcios de que tais contas foram abastecidas com recursos roubados da Petrobras. Precisamente, propina de neg\u00f3cios de direitos de explora\u00e7\u00e3o de um campo de petr\u00f3leo em Benin, na Costa da \u00c1frica.<\/p>\n<p>Veio a p\u00fablico a informa\u00e7\u00e3o de que a fam\u00edlia de Eduardo Cunha possui, no Rio de Janeiro, uma frota de nove carros de alto luxo, avaliados em R$ 1 bilh\u00e3o.<\/p>\n<p>Cunha solicitou ao ministro-relator Teori Zavaski que seus processos no Supremo corram em regime de sigilo. Ele afirmou que foi transformado em v\u00edtima do procurador Janot&#8230; \u201cele promoveu o vazamento de documentos s\u00f3 para me prejudicar e ajudar a presidente Dilma se livrar do processo do impeachment\u201d- declarou o presidente da C\u00e2mara.<\/p>\n<p>Cunha corre o risco de ser punido na C\u00e2mara antes da decis\u00e3o do Supremo. J\u00e1 est\u00e1 em andamento no Conselho de \u00c9tica uma a\u00e7\u00e3o pedindo seu afastamento da presid\u00eancia da Casa. Ele j\u00e1 perdeu o apoio da maioria dos integrantes desse colegiado, por conta dos documentos que foram divulgados contra ele. Diante da reavalia\u00e7\u00e3o das posi\u00e7\u00f5es de certos deputados, Cunha core o risco de ser derrotado no Conselho de \u00c9tica.<\/p>\n<p>Mesmo diante de tantas evid\u00eancias da sua participa\u00e7\u00e3o nas maracutaias da Petrobras, Eduardo Cunha declarou que n\u00e3o passa pela cabe\u00e7a renunciar \u00e0 presid\u00eancia da C\u00e2mara.<\/p>\n","protected":false},"excerpt":{"rendered":"<p>Usando uma express\u00e3o bem popular entre os brasileiros, temos a dizer que o presidente da C\u00e2mara, deputado Eduardo Cunha (PMDB- RJ), est\u00e1 no mato sem cachorro. S\u00f3 um milagre o livrar\u00e1 da perda do mandato e de uma condena\u00e7\u00e3o de v\u00e1rios anos de pris\u00e3o, tal qual aconteceu com os ent\u00e3o poderosos pol\u00edticos Jos\u00e9 Dirceu, Jos\u00e9 [&hellip;]<\/p>\n","protected":false},"author":2,"featured_media":72522,"comment_status":"open","ping_status":"closed","sticky":false,"template":"","format":"standard","meta":{"_acf_changed":false,"footnotes":""},"categories":[42],"tags":[],"class_list":["post-72521","post","type-post","status-publish","format-standard","has-post-thumbnail","hentry","category-coletti"],"acf":[],"yoast_head":"<!-- This site is optimized with the Yoast SEO plugin v27.2 - https:\/\/yoast.com\/product\/yoast-seo-wordpress\/ -->\n<title>Cunha est\u00e1 no mato sem cachorro e a luz no fim do t\u00fanel vai aparecer quadrada - Notibras<\/title>\n<meta name=\"robots\" content=\"index, follow, max-snippet:-1, max-image-preview:large, max-video-preview:-1\" \/>\n<link rel=\"canonical\" href=\"https:\/\/www.notibras.com\/site\/cunha-esta-no-mato-sem-cachorro-e-a-luz-no-fim-do-tunel-e-quadrada\/\" \/>\n<meta property=\"og:locale\" content=\"pt_BR\" \/>\n<meta property=\"og:type\" content=\"article\" \/>\n<meta property=\"og:title\" content=\"Cunha est\u00e1 no mato sem cachorro e a luz no fim do t\u00fanel vai aparecer quadrada - Notibras\" \/>\n<meta property=\"og:description\" content=\"Usando uma express\u00e3o bem popular entre os brasileiros, temos a dizer que o presidente da C\u00e2mara, deputado Eduardo Cunha (PMDB- RJ), est\u00e1 no mato sem cachorro. S\u00f3 um milagre o livrar\u00e1 da perda do mandato e de uma condena\u00e7\u00e3o de v\u00e1rios anos de pris\u00e3o, tal qual aconteceu com os ent\u00e3o poderosos pol\u00edticos Jos\u00e9 Dirceu, Jos\u00e9 [&hellip;]\" \/>\n<meta property=\"og:url\" content=\"https:\/\/www.notibras.com\/site\/cunha-esta-no-mato-sem-cachorro-e-a-luz-no-fim-do-tunel-e-quadrada\/\" \/>\n<meta property=\"og:site_name\" content=\"Notibras\" \/>\n<meta property=\"article:publisher\" content=\"https:\/\/www.facebook.com\/notibras\/\" \/>\n<meta property=\"article:published_time\" content=\"2015-10-22T12:37:09+00:00\" \/>\n<meta property=\"article:modified_time\" content=\"2015-10-22T20:44:52+00:00\" \/>\n<meta property=\"og:image\" content=\"https:\/\/www.notibras.com\/site\/wp-content\/uploads\/2015\/10\/cunha1.jpg\" \/>\n\t<meta property=\"og:image:width\" content=\"597\" \/>\n\t<meta property=\"og:image:height\" content=\"336\" \/>\n\t<meta property=\"og:image:type\" content=\"image\/jpeg\" \/>\n<meta name=\"author\" content=\"Reda\u00e7\u00e3o\" \/>\n<meta name=\"twitter:card\" content=\"summary_large_image\" \/>\n<meta name=\"twitter:creator\" content=\"@Notibras\" \/>\n<meta name=\"twitter:site\" content=\"@Notibras\" \/>\n<meta name=\"twitter:label1\" content=\"Escrito por\" \/>\n\t<meta name=\"twitter:data1\" content=\"Reda\u00e7\u00e3o\" \/>\n\t<meta name=\"twitter:label2\" content=\"Est. tempo de leitura\" \/>\n\t<meta name=\"twitter:data2\" content=\"3 minutos\" \/>\n<script type=\"application\/ld+json\" class=\"yoast-schema-graph\">{\"@context\":\"https:\/\/schema.org\",\"@graph\":[{\"@type\":\"Article\",\"@id\":\"https:\/\/www.notibras.com\/site\/cunha-esta-no-mato-sem-cachorro-e-a-luz-no-fim-do-tunel-e-quadrada\/#article\",\"isPartOf\":{\"@id\":\"https:\/\/www.notibras.com\/site\/cunha-esta-no-mato-sem-cachorro-e-a-luz-no-fim-do-tunel-e-quadrada\/\"},\"author\":{\"name\":\"Reda\u00e7\u00e3o\",\"@id\":\"https:\/\/www.notibras.com\/site\/#\/schema\/person\/36ab0979449956132d3e5b517ea76ac8\"},\"headline\":\"Cunha est\u00e1 no mato sem cachorro e a luz no fim do t\u00fanel vai aparecer quadrada\",\"datePublished\":\"2015-10-22T12:37:09+00:00\",\"dateModified\":\"2015-10-22T20:44:52+00:00\",\"mainEntityOfPage\":{\"@id\":\"https:\/\/www.notibras.com\/site\/cunha-esta-no-mato-sem-cachorro-e-a-luz-no-fim-do-tunel-e-quadrada\/\"},\"wordCount\":629,\"commentCount\":0,\"publisher\":{\"@id\":\"https:\/\/www.notibras.com\/site\/#organization\"},\"image\":{\"@id\":\"https:\/\/www.notibras.com\/site\/cunha-esta-no-mato-sem-cachorro-e-a-luz-no-fim-do-tunel-e-quadrada\/#primaryimage\"},\"thumbnailUrl\":\"https:\/\/www.notibras.com\/site\/wp-content\/uploads\/2015\/10\/cunha1.jpg\",\"articleSection\":[\"Cl\u00e1udio Coletti\"],\"inLanguage\":\"pt-BR\",\"potentialAction\":[{\"@type\":\"CommentAction\",\"name\":\"Comment\",\"target\":[\"https:\/\/www.notibras.com\/site\/cunha-esta-no-mato-sem-cachorro-e-a-luz-no-fim-do-tunel-e-quadrada\/#respond\"]}]},{\"@type\":\"WebPage\",\"@id\":\"https:\/\/www.notibras.com\/site\/cunha-esta-no-mato-sem-cachorro-e-a-luz-no-fim-do-tunel-e-quadrada\/\",\"url\":\"https:\/\/www.notibras.com\/site\/cunha-esta-no-mato-sem-cachorro-e-a-luz-no-fim-do-tunel-e-quadrada\/\",\"name\":\"Cunha est\u00e1 no mato sem cachorro e a luz no fim do t\u00fanel vai aparecer quadrada - Notibras\",\"isPartOf\":{\"@id\":\"https:\/\/www.notibras.com\/site\/#website\"},\"primaryImageOfPage\":{\"@id\":\"https:\/\/www.notibras.com\/site\/cunha-esta-no-mato-sem-cachorro-e-a-luz-no-fim-do-tunel-e-quadrada\/#primaryimage\"},\"image\":{\"@id\":\"https:\/\/www.notibras.com\/site\/cunha-esta-no-mato-sem-cachorro-e-a-luz-no-fim-do-tunel-e-quadrada\/#primaryimage\"},\"thumbnailUrl\":\"https:\/\/www.notibras.com\/site\/wp-content\/uploads\/2015\/10\/cunha1.jpg\",\"datePublished\":\"2015-10-22T12:37:09+00:00\",\"dateModified\":\"2015-10-22T20:44:52+00:00\",\"breadcrumb\":{\"@id\":\"https:\/\/www.notibras.com\/site\/cunha-esta-no-mato-sem-cachorro-e-a-luz-no-fim-do-tunel-e-quadrada\/#breadcrumb\"},\"inLanguage\":\"pt-BR\",\"potentialAction\":[{\"@type\":\"ReadAction\",\"target\":[\"https:\/\/www.notibras.com\/site\/cunha-esta-no-mato-sem-cachorro-e-a-luz-no-fim-do-tunel-e-quadrada\/\"]}]},{\"@type\":\"ImageObject\",\"inLanguage\":\"pt-BR\",\"@id\":\"https:\/\/www.notibras.com\/site\/cunha-esta-no-mato-sem-cachorro-e-a-luz-no-fim-do-tunel-e-quadrada\/#primaryimage\",\"url\":\"https:\/\/www.notibras.com\/site\/wp-content\/uploads\/2015\/10\/cunha1.jpg\",\"contentUrl\":\"https:\/\/www.notibras.com\/site\/wp-content\/uploads\/2015\/10\/cunha1.jpg\",\"width\":597,\"height\":336},{\"@type\":\"BreadcrumbList\",\"@id\":\"https:\/\/www.notibras.com\/site\/cunha-esta-no-mato-sem-cachorro-e-a-luz-no-fim-do-tunel-e-quadrada\/#breadcrumb\",\"itemListElement\":[{\"@type\":\"ListItem\",\"position\":1,\"name\":\"In\u00edcio\",\"item\":\"https:\/\/www.notibras.com\/site\/\"},{\"@type\":\"ListItem\",\"position\":2,\"name\":\"Cunha est\u00e1 no mato sem cachorro e a luz no fim do t\u00fanel vai aparecer quadrada\"}]},{\"@type\":\"WebSite\",\"@id\":\"https:\/\/www.notibras.com\/site\/#website\",\"url\":\"https:\/\/www.notibras.com\/site\/\",\"name\":\"Notibras\",\"description\":\"Not\u00edcias de Bras\u00edlia, do Brasil e do Mundo\",\"publisher\":{\"@id\":\"https:\/\/www.notibras.com\/site\/#organization\"},\"potentialAction\":[{\"@type\":\"SearchAction\",\"target\":{\"@type\":\"EntryPoint\",\"urlTemplate\":\"https:\/\/www.notibras.com\/site\/?s={search_term_string}\"},\"query-input\":{\"@type\":\"PropertyValueSpecification\",\"valueRequired\":true,\"valueName\":\"search_term_string\"}}],\"inLanguage\":\"pt-BR\"},{\"@type\":\"Organization\",\"@id\":\"https:\/\/www.notibras.com\/site\/#organization\",\"name\":\"Grupo Notibras de Comunica\u00e7\u00e3o\",\"url\":\"https:\/\/www.notibras.com\/site\/\",\"logo\":{\"@type\":\"ImageObject\",\"inLanguage\":\"pt-BR\",\"@id\":\"https:\/\/www.notibras.com\/site\/#\/schema\/logo\/image\/\",\"url\":\"https:\/\/www.notibras.com\/site\/wp-content\/uploads\/2023\/01\/notibras23.png\",\"contentUrl\":\"https:\/\/www.notibras.com\/site\/wp-content\/uploads\/2023\/01\/notibras23.png\",\"width\":350,\"height\":87,\"caption\":\"Grupo Notibras de Comunica\u00e7\u00e3o\"},\"image\":{\"@id\":\"https:\/\/www.notibras.com\/site\/#\/schema\/logo\/image\/\"},\"sameAs\":[\"https:\/\/www.facebook.com\/notibras\/\",\"https:\/\/x.com\/Notibras\",\"https:\/\/www.instagram.com\/notibras\/\"]},{\"@type\":\"Person\",\"@id\":\"https:\/\/www.notibras.com\/site\/#\/schema\/person\/36ab0979449956132d3e5b517ea76ac8\",\"name\":\"Reda\u00e7\u00e3o\",\"image\":{\"@type\":\"ImageObject\",\"inLanguage\":\"pt-BR\",\"@id\":\"https:\/\/secure.gravatar.com\/avatar\/e0a867bdedb85fd243eadf09663511f96fc81e0720a4a42581f334ad4303aa6b?s=96&d=mm&r=g\",\"url\":\"https:\/\/secure.gravatar.com\/avatar\/e0a867bdedb85fd243eadf09663511f96fc81e0720a4a42581f334ad4303aa6b?s=96&d=mm&r=g\",\"contentUrl\":\"https:\/\/secure.gravatar.com\/avatar\/e0a867bdedb85fd243eadf09663511f96fc81e0720a4a42581f334ad4303aa6b?s=96&d=mm&r=g\",\"caption\":\"Reda\u00e7\u00e3o\"}}]}<\/script>\n<!-- \/ Yoast SEO plugin. -->","yoast_head_json":{"title":"Cunha est\u00e1 no mato sem cachorro e a luz no fim do t\u00fanel vai aparecer quadrada - Notibras","robots":{"index":"index","follow":"follow","max-snippet":"max-snippet:-1","max-image-preview":"max-image-preview:large","max-video-preview":"max-video-preview:-1"},"canonical":"https:\/\/www.notibras.com\/site\/cunha-esta-no-mato-sem-cachorro-e-a-luz-no-fim-do-tunel-e-quadrada\/","og_locale":"pt_BR","og_type":"article","og_title":"Cunha est\u00e1 no mato sem cachorro e a luz no fim do t\u00fanel vai aparecer quadrada - Notibras","og_description":"Usando uma express\u00e3o bem popular entre os brasileiros, temos a dizer que o presidente da C\u00e2mara, deputado Eduardo Cunha (PMDB- RJ), est\u00e1 no mato sem cachorro. S\u00f3 um milagre o livrar\u00e1 da perda do mandato e de uma condena\u00e7\u00e3o de v\u00e1rios anos de pris\u00e3o, tal qual aconteceu com os ent\u00e3o poderosos pol\u00edticos Jos\u00e9 Dirceu, Jos\u00e9 [&hellip;]","og_url":"https:\/\/www.notibras.com\/site\/cunha-esta-no-mato-sem-cachorro-e-a-luz-no-fim-do-tunel-e-quadrada\/","og_site_name":"Notibras","article_publisher":"https:\/\/www.facebook.com\/notibras\/","article_published_time":"2015-10-22T12:37:09+00:00","article_modified_time":"2015-10-22T20:44:52+00:00","og_image":[{"width":597,"height":336,"url":"https:\/\/www.notibras.com\/site\/wp-content\/uploads\/2015\/10\/cunha1.jpg","type":"image\/jpeg"}],"author":"Reda\u00e7\u00e3o","twitter_card":"summary_large_image","twitter_creator":"@Notibras","twitter_site":"@Notibras","twitter_misc":{"Escrito por":"Reda\u00e7\u00e3o","Est. tempo de leitura":"3 minutos"},"schema":{"@context":"https:\/\/schema.org","@graph":[{"@type":"Article","@id":"https:\/\/www.notibras.com\/site\/cunha-esta-no-mato-sem-cachorro-e-a-luz-no-fim-do-tunel-e-quadrada\/#article","isPartOf":{"@id":"https:\/\/www.notibras.com\/site\/cunha-esta-no-mato-sem-cachorro-e-a-luz-no-fim-do-tunel-e-quadrada\/"},"author":{"name":"Reda\u00e7\u00e3o","@id":"https:\/\/www.notibras.com\/site\/#\/schema\/person\/36ab0979449956132d3e5b517ea76ac8"},"headline":"Cunha est\u00e1 no mato sem cachorro e a luz no fim do t\u00fanel vai aparecer quadrada","datePublished":"2015-10-22T12:37:09+00:00","dateModified":"2015-10-22T20:44:52+00:00","mainEntityOfPage":{"@id":"https:\/\/www.notibras.com\/site\/cunha-esta-no-mato-sem-cachorro-e-a-luz-no-fim-do-tunel-e-quadrada\/"},"wordCount":629,"commentCount":0,"publisher":{"@id":"https:\/\/www.notibras.com\/site\/#organization"},"image":{"@id":"https:\/\/www.notibras.com\/site\/cunha-esta-no-mato-sem-cachorro-e-a-luz-no-fim-do-tunel-e-quadrada\/#primaryimage"},"thumbnailUrl":"https:\/\/www.notibras.com\/site\/wp-content\/uploads\/2015\/10\/cunha1.jpg","articleSection":["Cl\u00e1udio Coletti"],"inLanguage":"pt-BR","potentialAction":[{"@type":"CommentAction","name":"Comment","target":["https:\/\/www.notibras.com\/site\/cunha-esta-no-mato-sem-cachorro-e-a-luz-no-fim-do-tunel-e-quadrada\/#respond"]}]},{"@type":"WebPage","@id":"https:\/\/www.notibras.com\/site\/cunha-esta-no-mato-sem-cachorro-e-a-luz-no-fim-do-tunel-e-quadrada\/","url":"https:\/\/www.notibras.com\/site\/cunha-esta-no-mato-sem-cachorro-e-a-luz-no-fim-do-tunel-e-quadrada\/","name":"Cunha est\u00e1 no mato sem cachorro e a luz no fim do t\u00fanel vai aparecer quadrada - Notibras","isPartOf":{"@id":"https:\/\/www.notibras.com\/site\/#website"},"primaryImageOfPage":{"@id":"https:\/\/www.notibras.com\/site\/cunha-esta-no-mato-sem-cachorro-e-a-luz-no-fim-do-tunel-e-quadrada\/#primaryimage"},"image":{"@id":"https:\/\/www.notibras.com\/site\/cunha-esta-no-mato-sem-cachorro-e-a-luz-no-fim-do-tunel-e-quadrada\/#primaryimage"},"thumbnailUrl":"https:\/\/www.notibras.com\/site\/wp-content\/uploads\/2015\/10\/cunha1.jpg","datePublished":"2015-10-22T12:37:09+00:00","dateModified":"2015-10-22T20:44:52+00:00","breadcrumb":{"@id":"https:\/\/www.notibras.com\/site\/cunha-esta-no-mato-sem-cachorro-e-a-luz-no-fim-do-tunel-e-quadrada\/#breadcrumb"},"inLanguage":"pt-BR","potentialAction":[{"@type":"ReadAction","target":["https:\/\/www.notibras.com\/site\/cunha-esta-no-mato-sem-cachorro-e-a-luz-no-fim-do-tunel-e-quadrada\/"]}]},{"@type":"ImageObject","inLanguage":"pt-BR","@id":"https:\/\/www.notibras.com\/site\/cunha-esta-no-mato-sem-cachorro-e-a-luz-no-fim-do-tunel-e-quadrada\/#primaryimage","url":"https:\/\/www.notibras.com\/site\/wp-content\/uploads\/2015\/10\/cunha1.jpg","contentUrl":"https:\/\/www.notibras.com\/site\/wp-content\/uploads\/2015\/10\/cunha1.jpg","width":597,"height":336},{"@type":"BreadcrumbList","@id":"https:\/\/www.notibras.com\/site\/cunha-esta-no-mato-sem-cachorro-e-a-luz-no-fim-do-tunel-e-quadrada\/#breadcrumb","itemListElement":[{"@type":"ListItem","position":1,"name":"In\u00edcio","item":"https:\/\/www.notibras.com\/site\/"},{"@type":"ListItem","position":2,"name":"Cunha est\u00e1 no mato sem cachorro e a luz no fim do t\u00fanel vai aparecer quadrada"}]},{"@type":"WebSite","@id":"https:\/\/www.notibras.com\/site\/#website","url":"https:\/\/www.notibras.com\/site\/","name":"Notibras","description":"Not\u00edcias de Bras\u00edlia, do Brasil e do Mundo","publisher":{"@id":"https:\/\/www.notibras.com\/site\/#organization"},"potentialAction":[{"@type":"SearchAction","target":{"@type":"EntryPoint","urlTemplate":"https:\/\/www.notibras.com\/site\/?s={search_term_string}"},"query-input":{"@type":"PropertyValueSpecification","valueRequired":true,"valueName":"search_term_string"}}],"inLanguage":"pt-BR"},{"@type":"Organization","@id":"https:\/\/www.notibras.com\/site\/#organization","name":"Grupo Notibras de Comunica\u00e7\u00e3o","url":"https:\/\/www.notibras.com\/site\/","logo":{"@type":"ImageObject","inLanguage":"pt-BR","@id":"https:\/\/www.notibras.com\/site\/#\/schema\/logo\/image\/","url":"https:\/\/www.notibras.com\/site\/wp-content\/uploads\/2023\/01\/notibras23.png","contentUrl":"https:\/\/www.notibras.com\/site\/wp-content\/uploads\/2023\/01\/notibras23.png","width":350,"height":87,"caption":"Grupo Notibras de Comunica\u00e7\u00e3o"},"image":{"@id":"https:\/\/www.notibras.com\/site\/#\/schema\/logo\/image\/"},"sameAs":["https:\/\/www.facebook.com\/notibras\/","https:\/\/x.com\/Notibras","https:\/\/www.instagram.com\/notibras\/"]},{"@type":"Person","@id":"https:\/\/www.notibras.com\/site\/#\/schema\/person\/36ab0979449956132d3e5b517ea76ac8","name":"Reda\u00e7\u00e3o","image":{"@type":"ImageObject","inLanguage":"pt-BR","@id":"https:\/\/secure.gravatar.com\/avatar\/e0a867bdedb85fd243eadf09663511f96fc81e0720a4a42581f334ad4303aa6b?s=96&d=mm&r=g","url":"https:\/\/secure.gravatar.com\/avatar\/e0a867bdedb85fd243eadf09663511f96fc81e0720a4a42581f334ad4303aa6b?s=96&d=mm&r=g","contentUrl":"https:\/\/secure.gravatar.com\/avatar\/e0a867bdedb85fd243eadf09663511f96fc81e0720a4a42581f334ad4303aa6b?s=96&d=mm&r=g","caption":"Reda\u00e7\u00e3o"}}]}},"amp_enabled":true,"_links":{"self":[{"href":"https:\/\/www.notibras.com\/site\/wp-json\/wp\/v2\/posts\/72521","targetHints":{"allow":["GET"]}}],"collection":[{"href":"https:\/\/www.notibras.com\/site\/wp-json\/wp\/v2\/posts"}],"about":[{"href":"https:\/\/www.notibras.com\/site\/wp-json\/wp\/v2\/types\/post"}],"author":[{"embeddable":true,"href":"https:\/\/www.notibras.com\/site\/wp-json\/wp\/v2\/users\/2"}],"replies":[{"embeddable":true,"href":"https:\/\/www.notibras.com\/site\/wp-json\/wp\/v2\/comments?post=72521"}],"version-history":[{"count":3,"href":"https:\/\/www.notibras.com\/site\/wp-json\/wp\/v2\/posts\/72521\/revisions"}],"predecessor-version":[{"id":72583,"href":"https:\/\/www.notibras.com\/site\/wp-json\/wp\/v2\/posts\/72521\/revisions\/72583"}],"wp:featuredmedia":[{"embeddable":true,"href":"https:\/\/www.notibras.com\/site\/wp-json\/wp\/v2\/media\/72522"}],"wp:attachment":[{"href":"https:\/\/www.notibras.com\/site\/wp-json\/wp\/v2\/media?parent=72521"}],"wp:term":[{"taxonomy":"category","embeddable":true,"href":"https:\/\/www.notibras.com\/site\/wp-json\/wp\/v2\/categories?post=72521"},{"taxonomy":"post_tag","embeddable":true,"href":"https:\/\/www.notibras.com\/site\/wp-json\/wp\/v2\/tags?post=72521"}],"curies":[{"name":"wp","href":"https:\/\/api.w.org\/{rel}","templated":true}]}}