{"id":7255,"date":"2014-04-20T20:40:16","date_gmt":"2014-04-20T23:40:16","guid":{"rendered":"http:\/\/www.notibras.com\/site\/?p=7255"},"modified":"2014-05-07T21:09:05","modified_gmt":"2014-05-08T00:09:05","slug":"prass-vira-muralha-kardec-marca-e-palmeiras-bate-o-criciuma-de-virada","status":"publish","type":"post","link":"https:\/\/www.notibras.com\/site\/prass-vira-muralha-kardec-marca-e-palmeiras-bate-o-criciuma-de-virada\/","title":{"rendered":"Prass vira muralha, Kardec marca e Palmeiras bate o Crici\u00fama"},"content":{"rendered":"<p>Foi na ra\u00e7a. O Palmeiras deixou bastante claro que faltou qualidade, mas com muita vontade e acreditado at\u00e9 o fim, venceu o Crici\u00fama por 2 a 1 em pleno Heriberto Hulse, de virada, na estreia do Brasileiro. Os tr\u00eas pontos podem ser creditados a Fernando Prass, que, em noite inspirada, impediu uma derrota el\u00e1stica, e a Alan Kardec.<\/p>\n<p>Kardec teve azar ao atrapalhar seu goleiro com um desvio contra a pr\u00f3pria meta, ajudando Paulo Baier, mas apareceu bem perto dos acr\u00e9scimos do 2\u00ba tempo para virar o jogo com uma bela cabe\u00e7ada. O outro gol palmeirense foi marcado por Leandro, que, assim como Baier, contou com o desvio de seu advers\u00e1rio para comemorar.<\/p>\n<p>O gol de Kardec e a noite de Prass salvaram as fracas atua\u00e7\u00f5es de Valdivia e Bruno C\u00e9sar, que sumiram. Marquinhos Gabriel pouco apareceu. Leandro, que entrou no 2\u00ba tempo, at\u00e9 pisou na bola e caiu sozinho no gramado. No fim, usou da mesma sorte que seu advers\u00e1rio para empatar, ao chutar e ver Escudero desviar e enganar Bruno, goleiro do Crici\u00fama.<\/p>\n<p>O jovem atacante, por sinal, foi uma das poucas grandes apostas da diretoria. Custou R$ 8 milh\u00f5es para a gest\u00e3o de Paulo Nobre. Alan Kardec, destaque at\u00e9 aqui, n\u00e3o consegue acertar a sua renova\u00e7\u00e3o por falta de uma proposta salarial que o agrade. O gol aumenta a press\u00e3o em cima da diretoria por um acerto o mais r\u00e1pido poss\u00edvel.<\/p>\n<p>No sistema defensivo, Marcelo Oliveira abusou de chegar atrasado e ainda perdeu boa chance criada pelo Palmeiras ao chutar a bola por cima da meta. Amarelado, deu lugar a Wesley, que n\u00e3o apareceu bem, mas deu a assist\u00eancia para Alan Kardec virar. Josimar foi outro que mostrou pouco futebol. Tiago Alves quase complicou as coisas para o Palmeiras ao acertar Silvinho com um chute na barriga e a m\u00e3o na bola. O juiz n\u00e3o marcou nada.<\/p>\n<p>O Crici\u00fama, de Caio J\u00fanior, mostrou que jogar\u00e1 com a for\u00e7a da torcida em casa e com o ditado de &#8220;fechar a casinha&#8221;. Sempre que a bola chegava a sua intermedi\u00e1ria, pelo menos dois jogadores davam o combate, especialmente quando Valdivia tentava criar algo. O desafogo era usar as bolas paradas, com Baier, e a sa\u00edda pela direita, com Eduardo. Silvinho, nos contra-ataques, tamb\u00e9m levava algum perigo.<\/p>\n<p>Ap\u00f3s a derrota, o time do sul do pa\u00eds se prepara para viajar at\u00e9 Goi\u00e1s, onde enfrenta os donos de casa, no domingo, \u00e0s 18h30. J\u00e1 o Palmeiras joga diante do Fluminense nos &#8220;embalos de s\u00e1bado \u00e0 noite&#8221;, \u00e0s 21h.<\/p>\n","protected":false},"excerpt":{"rendered":"<p>Foi na ra\u00e7a. O Palmeiras deixou bastante claro que faltou qualidade, mas com muita vontade e acreditado at\u00e9 o fim, venceu o Crici\u00fama por 2 a 1 em pleno Heriberto Hulse, de virada, na estreia do Brasileiro. Os tr\u00eas pontos podem ser creditados a Fernando Prass, que, em noite inspirada, impediu uma derrota el\u00e1stica, e [&hellip;]<\/p>\n","protected":false},"author":2,"featured_media":7256,"comment_status":"open","ping_status":"closed","sticky":false,"template":"","format":"standard","meta":{"_acf_changed":false,"footnotes":""},"categories":[19,29],"tags":[],"class_list":["post-7255","post","type-post","status-publish","format-standard","has-post-thumbnail","hentry","category-esportes","category-futebol"],"acf":[],"yoast_head":"<!-- This site is optimized with the Yoast SEO plugin v27.2 - https:\/\/yoast.com\/product\/yoast-seo-wordpress\/ -->\n<title>Prass vira muralha, Kardec marca e Palmeiras bate o Crici\u00fama - Notibras<\/title>\n<meta name=\"robots\" content=\"index, follow, max-snippet:-1, max-image-preview:large, max-video-preview:-1\" \/>\n<link rel=\"canonical\" href=\"https:\/\/www.notibras.com\/site\/prass-vira-muralha-kardec-marca-e-palmeiras-bate-o-criciuma-de-virada\/\" \/>\n<meta property=\"og:locale\" content=\"pt_BR\" \/>\n<meta property=\"og:type\" content=\"article\" \/>\n<meta property=\"og:title\" content=\"Prass vira muralha, Kardec marca e Palmeiras bate o Crici\u00fama - Notibras\" \/>\n<meta property=\"og:description\" content=\"Foi na ra\u00e7a. O Palmeiras deixou bastante claro que faltou qualidade, mas com muita vontade e acreditado at\u00e9 o fim, venceu o Crici\u00fama por 2 a 1 em pleno Heriberto Hulse, de virada, na estreia do Brasileiro. Os tr\u00eas pontos podem ser creditados a Fernando Prass, que, em noite inspirada, impediu uma derrota el\u00e1stica, e [&hellip;]\" \/>\n<meta property=\"og:url\" content=\"https:\/\/www.notibras.com\/site\/prass-vira-muralha-kardec-marca-e-palmeiras-bate-o-criciuma-de-virada\/\" \/>\n<meta property=\"og:site_name\" content=\"Notibras\" \/>\n<meta property=\"article:publisher\" content=\"https:\/\/www.facebook.com\/notibras\/\" \/>\n<meta property=\"article:published_time\" content=\"2014-04-20T23:40:16+00:00\" \/>\n<meta property=\"article:modified_time\" content=\"2014-05-08T00:09:05+00:00\" \/>\n<meta property=\"og:image\" content=\"https:\/\/www.notibras.com\/site\/wp-content\/uploads\/2014\/04\/palmeiras_alan_kardec-10800151.jpg\" \/>\n\t<meta property=\"og:image:width\" content=\"702\" \/>\n\t<meta property=\"og:image:height\" content=\"431\" \/>\n\t<meta property=\"og:image:type\" content=\"image\/jpeg\" \/>\n<meta name=\"author\" content=\"Reda\u00e7\u00e3o\" \/>\n<meta name=\"twitter:card\" content=\"summary_large_image\" \/>\n<meta name=\"twitter:creator\" content=\"@Notibras\" \/>\n<meta name=\"twitter:site\" content=\"@Notibras\" \/>\n<meta name=\"twitter:label1\" content=\"Escrito por\" \/>\n\t<meta name=\"twitter:data1\" content=\"Reda\u00e7\u00e3o\" \/>\n\t<meta name=\"twitter:label2\" content=\"Est. tempo de leitura\" \/>\n\t<meta name=\"twitter:data2\" content=\"2 minutos\" \/>\n<script type=\"application\/ld+json\" class=\"yoast-schema-graph\">{\"@context\":\"https:\/\/schema.org\",\"@graph\":[{\"@type\":\"Article\",\"@id\":\"https:\/\/www.notibras.com\/site\/prass-vira-muralha-kardec-marca-e-palmeiras-bate-o-criciuma-de-virada\/#article\",\"isPartOf\":{\"@id\":\"https:\/\/www.notibras.com\/site\/prass-vira-muralha-kardec-marca-e-palmeiras-bate-o-criciuma-de-virada\/\"},\"author\":{\"name\":\"Reda\u00e7\u00e3o\",\"@id\":\"https:\/\/www.notibras.com\/site\/#\/schema\/person\/36ab0979449956132d3e5b517ea76ac8\"},\"headline\":\"Prass vira muralha, Kardec marca e Palmeiras bate o Crici\u00fama\",\"datePublished\":\"2014-04-20T23:40:16+00:00\",\"dateModified\":\"2014-05-08T00:09:05+00:00\",\"mainEntityOfPage\":{\"@id\":\"https:\/\/www.notibras.com\/site\/prass-vira-muralha-kardec-marca-e-palmeiras-bate-o-criciuma-de-virada\/\"},\"wordCount\":455,\"commentCount\":0,\"publisher\":{\"@id\":\"https:\/\/www.notibras.com\/site\/#organization\"},\"image\":{\"@id\":\"https:\/\/www.notibras.com\/site\/prass-vira-muralha-kardec-marca-e-palmeiras-bate-o-criciuma-de-virada\/#primaryimage\"},\"thumbnailUrl\":\"https:\/\/www.notibras.com\/site\/wp-content\/uploads\/2014\/04\/palmeiras_alan_kardec-10800151.jpg\",\"articleSection\":[\"Esportes\",\"Futebol\"],\"inLanguage\":\"pt-BR\",\"potentialAction\":[{\"@type\":\"CommentAction\",\"name\":\"Comment\",\"target\":[\"https:\/\/www.notibras.com\/site\/prass-vira-muralha-kardec-marca-e-palmeiras-bate-o-criciuma-de-virada\/#respond\"]}]},{\"@type\":\"WebPage\",\"@id\":\"https:\/\/www.notibras.com\/site\/prass-vira-muralha-kardec-marca-e-palmeiras-bate-o-criciuma-de-virada\/\",\"url\":\"https:\/\/www.notibras.com\/site\/prass-vira-muralha-kardec-marca-e-palmeiras-bate-o-criciuma-de-virada\/\",\"name\":\"Prass vira muralha, Kardec marca e Palmeiras bate o Crici\u00fama - Notibras\",\"isPartOf\":{\"@id\":\"https:\/\/www.notibras.com\/site\/#website\"},\"primaryImageOfPage\":{\"@id\":\"https:\/\/www.notibras.com\/site\/prass-vira-muralha-kardec-marca-e-palmeiras-bate-o-criciuma-de-virada\/#primaryimage\"},\"image\":{\"@id\":\"https:\/\/www.notibras.com\/site\/prass-vira-muralha-kardec-marca-e-palmeiras-bate-o-criciuma-de-virada\/#primaryimage\"},\"thumbnailUrl\":\"https:\/\/www.notibras.com\/site\/wp-content\/uploads\/2014\/04\/palmeiras_alan_kardec-10800151.jpg\",\"datePublished\":\"2014-04-20T23:40:16+00:00\",\"dateModified\":\"2014-05-08T00:09:05+00:00\",\"breadcrumb\":{\"@id\":\"https:\/\/www.notibras.com\/site\/prass-vira-muralha-kardec-marca-e-palmeiras-bate-o-criciuma-de-virada\/#breadcrumb\"},\"inLanguage\":\"pt-BR\",\"potentialAction\":[{\"@type\":\"ReadAction\",\"target\":[\"https:\/\/www.notibras.com\/site\/prass-vira-muralha-kardec-marca-e-palmeiras-bate-o-criciuma-de-virada\/\"]}]},{\"@type\":\"ImageObject\",\"inLanguage\":\"pt-BR\",\"@id\":\"https:\/\/www.notibras.com\/site\/prass-vira-muralha-kardec-marca-e-palmeiras-bate-o-criciuma-de-virada\/#primaryimage\",\"url\":\"https:\/\/www.notibras.com\/site\/wp-content\/uploads\/2014\/04\/palmeiras_alan_kardec-10800151.jpg\",\"contentUrl\":\"https:\/\/www.notibras.com\/site\/wp-content\/uploads\/2014\/04\/palmeiras_alan_kardec-10800151.jpg\",\"width\":702,\"height\":431},{\"@type\":\"BreadcrumbList\",\"@id\":\"https:\/\/www.notibras.com\/site\/prass-vira-muralha-kardec-marca-e-palmeiras-bate-o-criciuma-de-virada\/#breadcrumb\",\"itemListElement\":[{\"@type\":\"ListItem\",\"position\":1,\"name\":\"In\u00edcio\",\"item\":\"https:\/\/www.notibras.com\/site\/\"},{\"@type\":\"ListItem\",\"position\":2,\"name\":\"Prass vira muralha, Kardec marca e Palmeiras bate o Crici\u00fama\"}]},{\"@type\":\"WebSite\",\"@id\":\"https:\/\/www.notibras.com\/site\/#website\",\"url\":\"https:\/\/www.notibras.com\/site\/\",\"name\":\"Notibras\",\"description\":\"Not\u00edcias de Bras\u00edlia, do Brasil e do Mundo\",\"publisher\":{\"@id\":\"https:\/\/www.notibras.com\/site\/#organization\"},\"potentialAction\":[{\"@type\":\"SearchAction\",\"target\":{\"@type\":\"EntryPoint\",\"urlTemplate\":\"https:\/\/www.notibras.com\/site\/?s={search_term_string}\"},\"query-input\":{\"@type\":\"PropertyValueSpecification\",\"valueRequired\":true,\"valueName\":\"search_term_string\"}}],\"inLanguage\":\"pt-BR\"},{\"@type\":\"Organization\",\"@id\":\"https:\/\/www.notibras.com\/site\/#organization\",\"name\":\"Grupo Notibras de Comunica\u00e7\u00e3o\",\"url\":\"https:\/\/www.notibras.com\/site\/\",\"logo\":{\"@type\":\"ImageObject\",\"inLanguage\":\"pt-BR\",\"@id\":\"https:\/\/www.notibras.com\/site\/#\/schema\/logo\/image\/\",\"url\":\"https:\/\/www.notibras.com\/site\/wp-content\/uploads\/2023\/01\/notibras23.png\",\"contentUrl\":\"https:\/\/www.notibras.com\/site\/wp-content\/uploads\/2023\/01\/notibras23.png\",\"width\":350,\"height\":87,\"caption\":\"Grupo Notibras de Comunica\u00e7\u00e3o\"},\"image\":{\"@id\":\"https:\/\/www.notibras.com\/site\/#\/schema\/logo\/image\/\"},\"sameAs\":[\"https:\/\/www.facebook.com\/notibras\/\",\"https:\/\/x.com\/Notibras\",\"https:\/\/www.instagram.com\/notibras\/\"]},{\"@type\":\"Person\",\"@id\":\"https:\/\/www.notibras.com\/site\/#\/schema\/person\/36ab0979449956132d3e5b517ea76ac8\",\"name\":\"Reda\u00e7\u00e3o\",\"image\":{\"@type\":\"ImageObject\",\"inLanguage\":\"pt-BR\",\"@id\":\"https:\/\/secure.gravatar.com\/avatar\/e0a867bdedb85fd243eadf09663511f96fc81e0720a4a42581f334ad4303aa6b?s=96&d=mm&r=g\",\"url\":\"https:\/\/secure.gravatar.com\/avatar\/e0a867bdedb85fd243eadf09663511f96fc81e0720a4a42581f334ad4303aa6b?s=96&d=mm&r=g\",\"contentUrl\":\"https:\/\/secure.gravatar.com\/avatar\/e0a867bdedb85fd243eadf09663511f96fc81e0720a4a42581f334ad4303aa6b?s=96&d=mm&r=g\",\"caption\":\"Reda\u00e7\u00e3o\"}}]}<\/script>\n<!-- \/ Yoast SEO plugin. -->","yoast_head_json":{"title":"Prass vira muralha, Kardec marca e Palmeiras bate o Crici\u00fama - Notibras","robots":{"index":"index","follow":"follow","max-snippet":"max-snippet:-1","max-image-preview":"max-image-preview:large","max-video-preview":"max-video-preview:-1"},"canonical":"https:\/\/www.notibras.com\/site\/prass-vira-muralha-kardec-marca-e-palmeiras-bate-o-criciuma-de-virada\/","og_locale":"pt_BR","og_type":"article","og_title":"Prass vira muralha, Kardec marca e Palmeiras bate o Crici\u00fama - Notibras","og_description":"Foi na ra\u00e7a. O Palmeiras deixou bastante claro que faltou qualidade, mas com muita vontade e acreditado at\u00e9 o fim, venceu o Crici\u00fama por 2 a 1 em pleno Heriberto Hulse, de virada, na estreia do Brasileiro. Os tr\u00eas pontos podem ser creditados a Fernando Prass, que, em noite inspirada, impediu uma derrota el\u00e1stica, e [&hellip;]","og_url":"https:\/\/www.notibras.com\/site\/prass-vira-muralha-kardec-marca-e-palmeiras-bate-o-criciuma-de-virada\/","og_site_name":"Notibras","article_publisher":"https:\/\/www.facebook.com\/notibras\/","article_published_time":"2014-04-20T23:40:16+00:00","article_modified_time":"2014-05-08T00:09:05+00:00","og_image":[{"width":702,"height":431,"url":"https:\/\/www.notibras.com\/site\/wp-content\/uploads\/2014\/04\/palmeiras_alan_kardec-10800151.jpg","type":"image\/jpeg"}],"author":"Reda\u00e7\u00e3o","twitter_card":"summary_large_image","twitter_creator":"@Notibras","twitter_site":"@Notibras","twitter_misc":{"Escrito por":"Reda\u00e7\u00e3o","Est. tempo de leitura":"2 minutos"},"schema":{"@context":"https:\/\/schema.org","@graph":[{"@type":"Article","@id":"https:\/\/www.notibras.com\/site\/prass-vira-muralha-kardec-marca-e-palmeiras-bate-o-criciuma-de-virada\/#article","isPartOf":{"@id":"https:\/\/www.notibras.com\/site\/prass-vira-muralha-kardec-marca-e-palmeiras-bate-o-criciuma-de-virada\/"},"author":{"name":"Reda\u00e7\u00e3o","@id":"https:\/\/www.notibras.com\/site\/#\/schema\/person\/36ab0979449956132d3e5b517ea76ac8"},"headline":"Prass vira muralha, Kardec marca e Palmeiras bate o Crici\u00fama","datePublished":"2014-04-20T23:40:16+00:00","dateModified":"2014-05-08T00:09:05+00:00","mainEntityOfPage":{"@id":"https:\/\/www.notibras.com\/site\/prass-vira-muralha-kardec-marca-e-palmeiras-bate-o-criciuma-de-virada\/"},"wordCount":455,"commentCount":0,"publisher":{"@id":"https:\/\/www.notibras.com\/site\/#organization"},"image":{"@id":"https:\/\/www.notibras.com\/site\/prass-vira-muralha-kardec-marca-e-palmeiras-bate-o-criciuma-de-virada\/#primaryimage"},"thumbnailUrl":"https:\/\/www.notibras.com\/site\/wp-content\/uploads\/2014\/04\/palmeiras_alan_kardec-10800151.jpg","articleSection":["Esportes","Futebol"],"inLanguage":"pt-BR","potentialAction":[{"@type":"CommentAction","name":"Comment","target":["https:\/\/www.notibras.com\/site\/prass-vira-muralha-kardec-marca-e-palmeiras-bate-o-criciuma-de-virada\/#respond"]}]},{"@type":"WebPage","@id":"https:\/\/www.notibras.com\/site\/prass-vira-muralha-kardec-marca-e-palmeiras-bate-o-criciuma-de-virada\/","url":"https:\/\/www.notibras.com\/site\/prass-vira-muralha-kardec-marca-e-palmeiras-bate-o-criciuma-de-virada\/","name":"Prass vira muralha, Kardec marca e Palmeiras bate o Crici\u00fama - Notibras","isPartOf":{"@id":"https:\/\/www.notibras.com\/site\/#website"},"primaryImageOfPage":{"@id":"https:\/\/www.notibras.com\/site\/prass-vira-muralha-kardec-marca-e-palmeiras-bate-o-criciuma-de-virada\/#primaryimage"},"image":{"@id":"https:\/\/www.notibras.com\/site\/prass-vira-muralha-kardec-marca-e-palmeiras-bate-o-criciuma-de-virada\/#primaryimage"},"thumbnailUrl":"https:\/\/www.notibras.com\/site\/wp-content\/uploads\/2014\/04\/palmeiras_alan_kardec-10800151.jpg","datePublished":"2014-04-20T23:40:16+00:00","dateModified":"2014-05-08T00:09:05+00:00","breadcrumb":{"@id":"https:\/\/www.notibras.com\/site\/prass-vira-muralha-kardec-marca-e-palmeiras-bate-o-criciuma-de-virada\/#breadcrumb"},"inLanguage":"pt-BR","potentialAction":[{"@type":"ReadAction","target":["https:\/\/www.notibras.com\/site\/prass-vira-muralha-kardec-marca-e-palmeiras-bate-o-criciuma-de-virada\/"]}]},{"@type":"ImageObject","inLanguage":"pt-BR","@id":"https:\/\/www.notibras.com\/site\/prass-vira-muralha-kardec-marca-e-palmeiras-bate-o-criciuma-de-virada\/#primaryimage","url":"https:\/\/www.notibras.com\/site\/wp-content\/uploads\/2014\/04\/palmeiras_alan_kardec-10800151.jpg","contentUrl":"https:\/\/www.notibras.com\/site\/wp-content\/uploads\/2014\/04\/palmeiras_alan_kardec-10800151.jpg","width":702,"height":431},{"@type":"BreadcrumbList","@id":"https:\/\/www.notibras.com\/site\/prass-vira-muralha-kardec-marca-e-palmeiras-bate-o-criciuma-de-virada\/#breadcrumb","itemListElement":[{"@type":"ListItem","position":1,"name":"In\u00edcio","item":"https:\/\/www.notibras.com\/site\/"},{"@type":"ListItem","position":2,"name":"Prass vira muralha, Kardec marca e Palmeiras bate o Crici\u00fama"}]},{"@type":"WebSite","@id":"https:\/\/www.notibras.com\/site\/#website","url":"https:\/\/www.notibras.com\/site\/","name":"Notibras","description":"Not\u00edcias de Bras\u00edlia, do Brasil e do Mundo","publisher":{"@id":"https:\/\/www.notibras.com\/site\/#organization"},"potentialAction":[{"@type":"SearchAction","target":{"@type":"EntryPoint","urlTemplate":"https:\/\/www.notibras.com\/site\/?s={search_term_string}"},"query-input":{"@type":"PropertyValueSpecification","valueRequired":true,"valueName":"search_term_string"}}],"inLanguage":"pt-BR"},{"@type":"Organization","@id":"https:\/\/www.notibras.com\/site\/#organization","name":"Grupo Notibras de Comunica\u00e7\u00e3o","url":"https:\/\/www.notibras.com\/site\/","logo":{"@type":"ImageObject","inLanguage":"pt-BR","@id":"https:\/\/www.notibras.com\/site\/#\/schema\/logo\/image\/","url":"https:\/\/www.notibras.com\/site\/wp-content\/uploads\/2023\/01\/notibras23.png","contentUrl":"https:\/\/www.notibras.com\/site\/wp-content\/uploads\/2023\/01\/notibras23.png","width":350,"height":87,"caption":"Grupo Notibras de Comunica\u00e7\u00e3o"},"image":{"@id":"https:\/\/www.notibras.com\/site\/#\/schema\/logo\/image\/"},"sameAs":["https:\/\/www.facebook.com\/notibras\/","https:\/\/x.com\/Notibras","https:\/\/www.instagram.com\/notibras\/"]},{"@type":"Person","@id":"https:\/\/www.notibras.com\/site\/#\/schema\/person\/36ab0979449956132d3e5b517ea76ac8","name":"Reda\u00e7\u00e3o","image":{"@type":"ImageObject","inLanguage":"pt-BR","@id":"https:\/\/secure.gravatar.com\/avatar\/e0a867bdedb85fd243eadf09663511f96fc81e0720a4a42581f334ad4303aa6b?s=96&d=mm&r=g","url":"https:\/\/secure.gravatar.com\/avatar\/e0a867bdedb85fd243eadf09663511f96fc81e0720a4a42581f334ad4303aa6b?s=96&d=mm&r=g","contentUrl":"https:\/\/secure.gravatar.com\/avatar\/e0a867bdedb85fd243eadf09663511f96fc81e0720a4a42581f334ad4303aa6b?s=96&d=mm&r=g","caption":"Reda\u00e7\u00e3o"}}]}},"amp_enabled":true,"_links":{"self":[{"href":"https:\/\/www.notibras.com\/site\/wp-json\/wp\/v2\/posts\/7255","targetHints":{"allow":["GET"]}}],"collection":[{"href":"https:\/\/www.notibras.com\/site\/wp-json\/wp\/v2\/posts"}],"about":[{"href":"https:\/\/www.notibras.com\/site\/wp-json\/wp\/v2\/types\/post"}],"author":[{"embeddable":true,"href":"https:\/\/www.notibras.com\/site\/wp-json\/wp\/v2\/users\/2"}],"replies":[{"embeddable":true,"href":"https:\/\/www.notibras.com\/site\/wp-json\/wp\/v2\/comments?post=7255"}],"version-history":[{"count":0,"href":"https:\/\/www.notibras.com\/site\/wp-json\/wp\/v2\/posts\/7255\/revisions"}],"wp:featuredmedia":[{"embeddable":true,"href":"https:\/\/www.notibras.com\/site\/wp-json\/wp\/v2\/media\/7256"}],"wp:attachment":[{"href":"https:\/\/www.notibras.com\/site\/wp-json\/wp\/v2\/media?parent=7255"}],"wp:term":[{"taxonomy":"category","embeddable":true,"href":"https:\/\/www.notibras.com\/site\/wp-json\/wp\/v2\/categories?post=7255"},{"taxonomy":"post_tag","embeddable":true,"href":"https:\/\/www.notibras.com\/site\/wp-json\/wp\/v2\/tags?post=7255"}],"curies":[{"name":"wp","href":"https:\/\/api.w.org\/{rel}","templated":true}]}}