{"id":72552,"date":"2015-10-22T16:38:59","date_gmt":"2015-10-22T18:38:59","guid":{"rendered":"http:\/\/www.notibras.com\/site\/?p=72552"},"modified":"2015-10-22T16:44:55","modified_gmt":"2015-10-22T18:44:55","slug":"consorcio-de-onibus-pagou-pixuleco-a-empresa-ligada-ao-governador-fernando-pimentel","status":"publish","type":"post","link":"https:\/\/www.notibras.com\/site\/consorcio-de-onibus-pagou-pixuleco-a-empresa-ligada-ao-governador-fernando-pimentel\/","title":{"rendered":"Cons\u00f3rcio de \u00f4nibus pagou pixuleco a empresa ligada a Fernando Pimentel"},"content":{"rendered":"<p>Uma empresa investigada pela Pol\u00edcia Federal por liga\u00e7\u00f5es com o ex-prefeito de Belo Horizonte, ex-ministro do Desenvolvimento e atual governador de Minas, Fernando Pimentel (PT), recebeu R$ 635 mil do Sindicato das Empresas de Transporte de Passageiros de Belo Horizonte (Setra). A entidade representa as via\u00e7\u00f5es de \u00f4nibus da capital mineira, contratadas na gest\u00e3o do petista, em 2008, para operar as linhas da cidade por 20 anos, com faturamento previsto de R$ 10 bilh\u00f5es.<\/p>\n<p>A empresa que recebeu os pagamentos foi a MOP Consultoria e Assessoria, aberta em novembro de 2012 pelo atual presidente da Companhia de Tecnologia da Informa\u00e7\u00e3o de Minas (Prodemge), Paulo de Moura, e pelo secret\u00e1rio da Casa Civil do governo Pimentel, Marco Ant\u00f4nio de Rezende. Eles integravam o primeiro escal\u00e3o da prefeitura de Belo Horizonte na gest\u00e3o Pimentel (2001-2008) e ficaram nos cargos at\u00e9 2012, j\u00e1 na administra\u00e7\u00e3o Marcio Lacerda (PSB). Investigadores da Opera\u00e7\u00e3o Acr\u00f4nimo suspeitam que o governador seja o dono da consultoria e benefici\u00e1rio de recursos recebidos por ela.<\/p>\n<p>Al\u00e9m do Setra, a empresa teve mais sete clientes e faturou R$ 1,9 milh\u00e3o em 21 meses. Em 25 de junho, numa das fases da Acr\u00f4nimo, a PF recolheu notas fiscais dos pagamentos \u00e0 MOP e a outras empresas atribu\u00eddas pelos investigadores ao governador, conforme auto de apreens\u00e3o obtido pelo jornal O Estado de S.Paulo. Os documentos estavam numa sala alugada por Pimentel para ser seu escrit\u00f3rio pol\u00edtico.<\/p>\n<p>No local funcionam empresas supostamente de propriedade de Pimentel &#8211; a P-21 Consultoria e Projetos, OPR Consultoria Imobili\u00e1ria e MOP Consultoria e Assessoria Empresarial, de acordo com a PF. Os investigadores apuram as rela\u00e7\u00f5es das contratantes das empresas com \u00f3rg\u00e3os j\u00e1 comandados por Pimentel, entre eles o BNDES, foco da Acr\u00f4nimo.<\/p>\n<p>O Setra representa as 40 empresas que exploram o Transporte de BH. Quando o contrato foi firmado, Rezende era procurador-geral do munic\u00edpio. Coube a ele coordenar a licita\u00e7\u00e3o dos \u00f4nibus, elaborar e assinar os contratos.<\/p>\n<p>Filiado ao PT e pr\u00f3ximo de Pimentel, Rezende continuou na prefeitura durante a execu\u00e7\u00e3o dos contratos. Saiu em julho de 2012, menos de cinco meses antes de abrir a MOP com Moura. Os pagamentos feitos pelas via\u00e7\u00f5es \u00e0 empresa foram a t\u00edtulo de &#8220;servi\u00e7os de consultoria&#8221;, a serem prestados em 2013 e 2014, para readequar os mesmos contratos que o secret\u00e1rio formatou. Em abril de 2014, a prefeitura firmou aditivos com as empresas, cedendo \u00e0s reivindica\u00e7\u00f5es do Setra.<\/p>\n<p>O secret\u00e1rio, que \u00e9 advogado, alega que os servi\u00e7os prestados t\u00eam rela\u00e7\u00e3o com sua experi\u00eancia profissional. &#8220;N\u00e3o podia sair (da prefeitura) e fazer cirurgia&#8221;. Ele n\u00e3o quis abrir a lista de clientes, com o argumento de n\u00e3o os &#8220;expor&#8221;.<\/p>\n<p>A MOP tamb\u00e9m recebeu pagamentos a t\u00edtulo de assessorar um grupo de empresas sobre o Imposto sobre Servi\u00e7os (ISS), tributo municipal; e de montar projetos de interesse de um fundo portugu\u00eas e de uma empresa agropecu\u00e1ria.<\/p>\n<p>A consultoria teve vida curta. Em dezembro de 2014, logo ap\u00f3s Pimentel vencer as elei\u00e7\u00f5es para o governo de Minas, os dois s\u00f3cios a fecharam. Ambos trabalharam na campanha e, em seguida, na equipe que cuidou da transi\u00e7\u00e3o do governo. Rezende era coordenador financeiro e jur\u00eddico do comit\u00ea.<\/p>\n<p>O advogado de Pimentel, Ant\u00f4nio Carlos de Almeida Castro, o Kakay, negou que o governador seja dono da MOP. Rezende disse que abriu a empresa como forma de assegurar sua sobreviv\u00eancia e a do s\u00f3cio. \u00c0 reportagem, ele explicou que as notas fiscais foram levadas para o escrit\u00f3rio de Pimentel por falta de outro lugar para guard\u00e1-las ap\u00f3s o encerramento das atividades da consultoria.<\/p>\n<p>Rezende sustentou que, diferentemente do que registrou a PF, documentos da empresa n\u00e3o foram apreendidos, pois os originais permanecem no im\u00f3vel. &#8220;Podem \u00e9 ter fotografado.&#8221; O secret\u00e1rio disse n\u00e3o ver conflito \u00e9tico ou de interesse em trabalhar para as empresas de \u00f4nibus ap\u00f3s contrat\u00e1-las na prefeitura. Justificou tamb\u00e9m que s\u00f3 aceitou prestar a consultoria em 2013, ap\u00f3s esperar os seis meses de quarentena previstos em lei. Al\u00e9m disso, argumentou que o servi\u00e7o foi de aconselhamento, sem implicar contato com servidores do munic\u00edpio. O Setra informou que o contrato foi feito quando os secret\u00e1rios j\u00e1 haviam deixado a prefeitura, j\u00e1 est\u00e1 encerrado e n\u00e3o envolveu valores vultosos.<\/p>\n<p><img loading=\"lazy\" decoding=\"async\" class=\"alignnone size-full wp-image-70065\" src=\"http:\/\/www.notibras.com\/site\/wp-content\/uploads\/2015\/10\/estadao.png\" alt=\"estadao\" width=\"99\" height=\"16\" \/><\/p>\n","protected":false},"excerpt":{"rendered":"<p>Uma empresa investigada pela Pol\u00edcia Federal por liga\u00e7\u00f5es com o ex-prefeito de Belo Horizonte, ex-ministro do Desenvolvimento e atual governador de Minas, Fernando Pimentel (PT), recebeu R$ 635 mil do Sindicato das Empresas de Transporte de Passageiros de Belo Horizonte (Setra). A entidade representa as via\u00e7\u00f5es de \u00f4nibus da capital mineira, contratadas na gest\u00e3o do [&hellip;]<\/p>\n","protected":false},"author":2,"featured_media":72553,"comment_status":"open","ping_status":"closed","sticky":false,"template":"","format":"standard","meta":{"_acf_changed":false,"footnotes":""},"categories":[16],"tags":[],"class_list":["post-72552","post","type-post","status-publish","format-standard","has-post-thumbnail","hentry","category-brasil"],"acf":[],"yoast_head":"<!-- This site is optimized with the Yoast SEO plugin v27.2 - https:\/\/yoast.com\/product\/yoast-seo-wordpress\/ -->\n<title>Cons\u00f3rcio de \u00f4nibus pagou pixuleco a empresa ligada a Fernando Pimentel - Notibras<\/title>\n<meta name=\"robots\" content=\"index, follow, max-snippet:-1, max-image-preview:large, max-video-preview:-1\" \/>\n<link rel=\"canonical\" href=\"https:\/\/www.notibras.com\/site\/consorcio-de-onibus-pagou-pixuleco-a-empresa-ligada-ao-governador-fernando-pimentel\/\" \/>\n<meta property=\"og:locale\" content=\"pt_BR\" \/>\n<meta property=\"og:type\" content=\"article\" \/>\n<meta property=\"og:title\" content=\"Cons\u00f3rcio de \u00f4nibus pagou pixuleco a empresa ligada a Fernando Pimentel - Notibras\" \/>\n<meta property=\"og:description\" content=\"Uma empresa investigada pela Pol\u00edcia Federal por liga\u00e7\u00f5es com o ex-prefeito de Belo Horizonte, ex-ministro do Desenvolvimento e atual governador de Minas, Fernando Pimentel (PT), recebeu R$ 635 mil do Sindicato das Empresas de Transporte de Passageiros de Belo Horizonte (Setra). A entidade representa as via\u00e7\u00f5es de \u00f4nibus da capital mineira, contratadas na gest\u00e3o do [&hellip;]\" \/>\n<meta property=\"og:url\" content=\"https:\/\/www.notibras.com\/site\/consorcio-de-onibus-pagou-pixuleco-a-empresa-ligada-ao-governador-fernando-pimentel\/\" \/>\n<meta property=\"og:site_name\" content=\"Notibras\" \/>\n<meta property=\"article:publisher\" content=\"https:\/\/www.facebook.com\/notibras\/\" \/>\n<meta property=\"article:published_time\" content=\"2015-10-22T18:38:59+00:00\" \/>\n<meta property=\"article:modified_time\" content=\"2015-10-22T18:44:55+00:00\" \/>\n<meta property=\"og:image\" content=\"https:\/\/www.notibras.com\/site\/wp-content\/uploads\/2015\/10\/foto_19122014144816.jpg\" \/>\n\t<meta property=\"og:image:width\" content=\"800\" \/>\n\t<meta property=\"og:image:height\" content=\"533\" \/>\n\t<meta property=\"og:image:type\" content=\"image\/jpeg\" \/>\n<meta name=\"author\" content=\"Reda\u00e7\u00e3o\" \/>\n<meta name=\"twitter:card\" content=\"summary_large_image\" \/>\n<meta name=\"twitter:creator\" content=\"@Notibras\" \/>\n<meta name=\"twitter:site\" content=\"@Notibras\" \/>\n<meta name=\"twitter:label1\" content=\"Escrito por\" \/>\n\t<meta name=\"twitter:data1\" content=\"Reda\u00e7\u00e3o\" \/>\n\t<meta name=\"twitter:label2\" content=\"Est. tempo de leitura\" \/>\n\t<meta name=\"twitter:data2\" content=\"4 minutos\" \/>\n<script type=\"application\/ld+json\" class=\"yoast-schema-graph\">{\"@context\":\"https:\/\/schema.org\",\"@graph\":[{\"@type\":\"Article\",\"@id\":\"https:\/\/www.notibras.com\/site\/consorcio-de-onibus-pagou-pixuleco-a-empresa-ligada-ao-governador-fernando-pimentel\/#article\",\"isPartOf\":{\"@id\":\"https:\/\/www.notibras.com\/site\/consorcio-de-onibus-pagou-pixuleco-a-empresa-ligada-ao-governador-fernando-pimentel\/\"},\"author\":{\"name\":\"Reda\u00e7\u00e3o\",\"@id\":\"https:\/\/www.notibras.com\/site\/#\/schema\/person\/36ab0979449956132d3e5b517ea76ac8\"},\"headline\":\"Cons\u00f3rcio de \u00f4nibus pagou pixuleco a empresa ligada a Fernando Pimentel\",\"datePublished\":\"2015-10-22T18:38:59+00:00\",\"dateModified\":\"2015-10-22T18:44:55+00:00\",\"mainEntityOfPage\":{\"@id\":\"https:\/\/www.notibras.com\/site\/consorcio-de-onibus-pagou-pixuleco-a-empresa-ligada-ao-governador-fernando-pimentel\/\"},\"wordCount\":753,\"commentCount\":0,\"publisher\":{\"@id\":\"https:\/\/www.notibras.com\/site\/#organization\"},\"image\":{\"@id\":\"https:\/\/www.notibras.com\/site\/consorcio-de-onibus-pagou-pixuleco-a-empresa-ligada-ao-governador-fernando-pimentel\/#primaryimage\"},\"thumbnailUrl\":\"https:\/\/www.notibras.com\/site\/wp-content\/uploads\/2015\/10\/foto_19122014144816.jpg\",\"articleSection\":[\"Brasil\"],\"inLanguage\":\"pt-BR\",\"potentialAction\":[{\"@type\":\"CommentAction\",\"name\":\"Comment\",\"target\":[\"https:\/\/www.notibras.com\/site\/consorcio-de-onibus-pagou-pixuleco-a-empresa-ligada-ao-governador-fernando-pimentel\/#respond\"]}]},{\"@type\":\"WebPage\",\"@id\":\"https:\/\/www.notibras.com\/site\/consorcio-de-onibus-pagou-pixuleco-a-empresa-ligada-ao-governador-fernando-pimentel\/\",\"url\":\"https:\/\/www.notibras.com\/site\/consorcio-de-onibus-pagou-pixuleco-a-empresa-ligada-ao-governador-fernando-pimentel\/\",\"name\":\"Cons\u00f3rcio de \u00f4nibus pagou pixuleco a empresa ligada a Fernando Pimentel - Notibras\",\"isPartOf\":{\"@id\":\"https:\/\/www.notibras.com\/site\/#website\"},\"primaryImageOfPage\":{\"@id\":\"https:\/\/www.notibras.com\/site\/consorcio-de-onibus-pagou-pixuleco-a-empresa-ligada-ao-governador-fernando-pimentel\/#primaryimage\"},\"image\":{\"@id\":\"https:\/\/www.notibras.com\/site\/consorcio-de-onibus-pagou-pixuleco-a-empresa-ligada-ao-governador-fernando-pimentel\/#primaryimage\"},\"thumbnailUrl\":\"https:\/\/www.notibras.com\/site\/wp-content\/uploads\/2015\/10\/foto_19122014144816.jpg\",\"datePublished\":\"2015-10-22T18:38:59+00:00\",\"dateModified\":\"2015-10-22T18:44:55+00:00\",\"breadcrumb\":{\"@id\":\"https:\/\/www.notibras.com\/site\/consorcio-de-onibus-pagou-pixuleco-a-empresa-ligada-ao-governador-fernando-pimentel\/#breadcrumb\"},\"inLanguage\":\"pt-BR\",\"potentialAction\":[{\"@type\":\"ReadAction\",\"target\":[\"https:\/\/www.notibras.com\/site\/consorcio-de-onibus-pagou-pixuleco-a-empresa-ligada-ao-governador-fernando-pimentel\/\"]}]},{\"@type\":\"ImageObject\",\"inLanguage\":\"pt-BR\",\"@id\":\"https:\/\/www.notibras.com\/site\/consorcio-de-onibus-pagou-pixuleco-a-empresa-ligada-ao-governador-fernando-pimentel\/#primaryimage\",\"url\":\"https:\/\/www.notibras.com\/site\/wp-content\/uploads\/2015\/10\/foto_19122014144816.jpg\",\"contentUrl\":\"https:\/\/www.notibras.com\/site\/wp-content\/uploads\/2015\/10\/foto_19122014144816.jpg\",\"width\":800,\"height\":533},{\"@type\":\"BreadcrumbList\",\"@id\":\"https:\/\/www.notibras.com\/site\/consorcio-de-onibus-pagou-pixuleco-a-empresa-ligada-ao-governador-fernando-pimentel\/#breadcrumb\",\"itemListElement\":[{\"@type\":\"ListItem\",\"position\":1,\"name\":\"In\u00edcio\",\"item\":\"https:\/\/www.notibras.com\/site\/\"},{\"@type\":\"ListItem\",\"position\":2,\"name\":\"Cons\u00f3rcio de \u00f4nibus pagou pixuleco a empresa ligada a Fernando Pimentel\"}]},{\"@type\":\"WebSite\",\"@id\":\"https:\/\/www.notibras.com\/site\/#website\",\"url\":\"https:\/\/www.notibras.com\/site\/\",\"name\":\"Notibras\",\"description\":\"Not\u00edcias de Bras\u00edlia, do Brasil e do Mundo\",\"publisher\":{\"@id\":\"https:\/\/www.notibras.com\/site\/#organization\"},\"potentialAction\":[{\"@type\":\"SearchAction\",\"target\":{\"@type\":\"EntryPoint\",\"urlTemplate\":\"https:\/\/www.notibras.com\/site\/?s={search_term_string}\"},\"query-input\":{\"@type\":\"PropertyValueSpecification\",\"valueRequired\":true,\"valueName\":\"search_term_string\"}}],\"inLanguage\":\"pt-BR\"},{\"@type\":\"Organization\",\"@id\":\"https:\/\/www.notibras.com\/site\/#organization\",\"name\":\"Grupo Notibras de Comunica\u00e7\u00e3o\",\"url\":\"https:\/\/www.notibras.com\/site\/\",\"logo\":{\"@type\":\"ImageObject\",\"inLanguage\":\"pt-BR\",\"@id\":\"https:\/\/www.notibras.com\/site\/#\/schema\/logo\/image\/\",\"url\":\"https:\/\/www.notibras.com\/site\/wp-content\/uploads\/2023\/01\/notibras23.png\",\"contentUrl\":\"https:\/\/www.notibras.com\/site\/wp-content\/uploads\/2023\/01\/notibras23.png\",\"width\":350,\"height\":87,\"caption\":\"Grupo Notibras de Comunica\u00e7\u00e3o\"},\"image\":{\"@id\":\"https:\/\/www.notibras.com\/site\/#\/schema\/logo\/image\/\"},\"sameAs\":[\"https:\/\/www.facebook.com\/notibras\/\",\"https:\/\/x.com\/Notibras\",\"https:\/\/www.instagram.com\/notibras\/\"]},{\"@type\":\"Person\",\"@id\":\"https:\/\/www.notibras.com\/site\/#\/schema\/person\/36ab0979449956132d3e5b517ea76ac8\",\"name\":\"Reda\u00e7\u00e3o\",\"image\":{\"@type\":\"ImageObject\",\"inLanguage\":\"pt-BR\",\"@id\":\"https:\/\/secure.gravatar.com\/avatar\/e0a867bdedb85fd243eadf09663511f96fc81e0720a4a42581f334ad4303aa6b?s=96&d=mm&r=g\",\"url\":\"https:\/\/secure.gravatar.com\/avatar\/e0a867bdedb85fd243eadf09663511f96fc81e0720a4a42581f334ad4303aa6b?s=96&d=mm&r=g\",\"contentUrl\":\"https:\/\/secure.gravatar.com\/avatar\/e0a867bdedb85fd243eadf09663511f96fc81e0720a4a42581f334ad4303aa6b?s=96&d=mm&r=g\",\"caption\":\"Reda\u00e7\u00e3o\"}}]}<\/script>\n<!-- \/ Yoast SEO plugin. -->","yoast_head_json":{"title":"Cons\u00f3rcio de \u00f4nibus pagou pixuleco a empresa ligada a Fernando Pimentel - Notibras","robots":{"index":"index","follow":"follow","max-snippet":"max-snippet:-1","max-image-preview":"max-image-preview:large","max-video-preview":"max-video-preview:-1"},"canonical":"https:\/\/www.notibras.com\/site\/consorcio-de-onibus-pagou-pixuleco-a-empresa-ligada-ao-governador-fernando-pimentel\/","og_locale":"pt_BR","og_type":"article","og_title":"Cons\u00f3rcio de \u00f4nibus pagou pixuleco a empresa ligada a Fernando Pimentel - Notibras","og_description":"Uma empresa investigada pela Pol\u00edcia Federal por liga\u00e7\u00f5es com o ex-prefeito de Belo Horizonte, ex-ministro do Desenvolvimento e atual governador de Minas, Fernando Pimentel (PT), recebeu R$ 635 mil do Sindicato das Empresas de Transporte de Passageiros de Belo Horizonte (Setra). A entidade representa as via\u00e7\u00f5es de \u00f4nibus da capital mineira, contratadas na gest\u00e3o do [&hellip;]","og_url":"https:\/\/www.notibras.com\/site\/consorcio-de-onibus-pagou-pixuleco-a-empresa-ligada-ao-governador-fernando-pimentel\/","og_site_name":"Notibras","article_publisher":"https:\/\/www.facebook.com\/notibras\/","article_published_time":"2015-10-22T18:38:59+00:00","article_modified_time":"2015-10-22T18:44:55+00:00","og_image":[{"width":800,"height":533,"url":"https:\/\/www.notibras.com\/site\/wp-content\/uploads\/2015\/10\/foto_19122014144816.jpg","type":"image\/jpeg"}],"author":"Reda\u00e7\u00e3o","twitter_card":"summary_large_image","twitter_creator":"@Notibras","twitter_site":"@Notibras","twitter_misc":{"Escrito por":"Reda\u00e7\u00e3o","Est. tempo de leitura":"4 minutos"},"schema":{"@context":"https:\/\/schema.org","@graph":[{"@type":"Article","@id":"https:\/\/www.notibras.com\/site\/consorcio-de-onibus-pagou-pixuleco-a-empresa-ligada-ao-governador-fernando-pimentel\/#article","isPartOf":{"@id":"https:\/\/www.notibras.com\/site\/consorcio-de-onibus-pagou-pixuleco-a-empresa-ligada-ao-governador-fernando-pimentel\/"},"author":{"name":"Reda\u00e7\u00e3o","@id":"https:\/\/www.notibras.com\/site\/#\/schema\/person\/36ab0979449956132d3e5b517ea76ac8"},"headline":"Cons\u00f3rcio de \u00f4nibus pagou pixuleco a empresa ligada a Fernando Pimentel","datePublished":"2015-10-22T18:38:59+00:00","dateModified":"2015-10-22T18:44:55+00:00","mainEntityOfPage":{"@id":"https:\/\/www.notibras.com\/site\/consorcio-de-onibus-pagou-pixuleco-a-empresa-ligada-ao-governador-fernando-pimentel\/"},"wordCount":753,"commentCount":0,"publisher":{"@id":"https:\/\/www.notibras.com\/site\/#organization"},"image":{"@id":"https:\/\/www.notibras.com\/site\/consorcio-de-onibus-pagou-pixuleco-a-empresa-ligada-ao-governador-fernando-pimentel\/#primaryimage"},"thumbnailUrl":"https:\/\/www.notibras.com\/site\/wp-content\/uploads\/2015\/10\/foto_19122014144816.jpg","articleSection":["Brasil"],"inLanguage":"pt-BR","potentialAction":[{"@type":"CommentAction","name":"Comment","target":["https:\/\/www.notibras.com\/site\/consorcio-de-onibus-pagou-pixuleco-a-empresa-ligada-ao-governador-fernando-pimentel\/#respond"]}]},{"@type":"WebPage","@id":"https:\/\/www.notibras.com\/site\/consorcio-de-onibus-pagou-pixuleco-a-empresa-ligada-ao-governador-fernando-pimentel\/","url":"https:\/\/www.notibras.com\/site\/consorcio-de-onibus-pagou-pixuleco-a-empresa-ligada-ao-governador-fernando-pimentel\/","name":"Cons\u00f3rcio de \u00f4nibus pagou pixuleco a empresa ligada a Fernando Pimentel - Notibras","isPartOf":{"@id":"https:\/\/www.notibras.com\/site\/#website"},"primaryImageOfPage":{"@id":"https:\/\/www.notibras.com\/site\/consorcio-de-onibus-pagou-pixuleco-a-empresa-ligada-ao-governador-fernando-pimentel\/#primaryimage"},"image":{"@id":"https:\/\/www.notibras.com\/site\/consorcio-de-onibus-pagou-pixuleco-a-empresa-ligada-ao-governador-fernando-pimentel\/#primaryimage"},"thumbnailUrl":"https:\/\/www.notibras.com\/site\/wp-content\/uploads\/2015\/10\/foto_19122014144816.jpg","datePublished":"2015-10-22T18:38:59+00:00","dateModified":"2015-10-22T18:44:55+00:00","breadcrumb":{"@id":"https:\/\/www.notibras.com\/site\/consorcio-de-onibus-pagou-pixuleco-a-empresa-ligada-ao-governador-fernando-pimentel\/#breadcrumb"},"inLanguage":"pt-BR","potentialAction":[{"@type":"ReadAction","target":["https:\/\/www.notibras.com\/site\/consorcio-de-onibus-pagou-pixuleco-a-empresa-ligada-ao-governador-fernando-pimentel\/"]}]},{"@type":"ImageObject","inLanguage":"pt-BR","@id":"https:\/\/www.notibras.com\/site\/consorcio-de-onibus-pagou-pixuleco-a-empresa-ligada-ao-governador-fernando-pimentel\/#primaryimage","url":"https:\/\/www.notibras.com\/site\/wp-content\/uploads\/2015\/10\/foto_19122014144816.jpg","contentUrl":"https:\/\/www.notibras.com\/site\/wp-content\/uploads\/2015\/10\/foto_19122014144816.jpg","width":800,"height":533},{"@type":"BreadcrumbList","@id":"https:\/\/www.notibras.com\/site\/consorcio-de-onibus-pagou-pixuleco-a-empresa-ligada-ao-governador-fernando-pimentel\/#breadcrumb","itemListElement":[{"@type":"ListItem","position":1,"name":"In\u00edcio","item":"https:\/\/www.notibras.com\/site\/"},{"@type":"ListItem","position":2,"name":"Cons\u00f3rcio de \u00f4nibus pagou pixuleco a empresa ligada a Fernando Pimentel"}]},{"@type":"WebSite","@id":"https:\/\/www.notibras.com\/site\/#website","url":"https:\/\/www.notibras.com\/site\/","name":"Notibras","description":"Not\u00edcias de Bras\u00edlia, do Brasil e do Mundo","publisher":{"@id":"https:\/\/www.notibras.com\/site\/#organization"},"potentialAction":[{"@type":"SearchAction","target":{"@type":"EntryPoint","urlTemplate":"https:\/\/www.notibras.com\/site\/?s={search_term_string}"},"query-input":{"@type":"PropertyValueSpecification","valueRequired":true,"valueName":"search_term_string"}}],"inLanguage":"pt-BR"},{"@type":"Organization","@id":"https:\/\/www.notibras.com\/site\/#organization","name":"Grupo Notibras de Comunica\u00e7\u00e3o","url":"https:\/\/www.notibras.com\/site\/","logo":{"@type":"ImageObject","inLanguage":"pt-BR","@id":"https:\/\/www.notibras.com\/site\/#\/schema\/logo\/image\/","url":"https:\/\/www.notibras.com\/site\/wp-content\/uploads\/2023\/01\/notibras23.png","contentUrl":"https:\/\/www.notibras.com\/site\/wp-content\/uploads\/2023\/01\/notibras23.png","width":350,"height":87,"caption":"Grupo Notibras de Comunica\u00e7\u00e3o"},"image":{"@id":"https:\/\/www.notibras.com\/site\/#\/schema\/logo\/image\/"},"sameAs":["https:\/\/www.facebook.com\/notibras\/","https:\/\/x.com\/Notibras","https:\/\/www.instagram.com\/notibras\/"]},{"@type":"Person","@id":"https:\/\/www.notibras.com\/site\/#\/schema\/person\/36ab0979449956132d3e5b517ea76ac8","name":"Reda\u00e7\u00e3o","image":{"@type":"ImageObject","inLanguage":"pt-BR","@id":"https:\/\/secure.gravatar.com\/avatar\/e0a867bdedb85fd243eadf09663511f96fc81e0720a4a42581f334ad4303aa6b?s=96&d=mm&r=g","url":"https:\/\/secure.gravatar.com\/avatar\/e0a867bdedb85fd243eadf09663511f96fc81e0720a4a42581f334ad4303aa6b?s=96&d=mm&r=g","contentUrl":"https:\/\/secure.gravatar.com\/avatar\/e0a867bdedb85fd243eadf09663511f96fc81e0720a4a42581f334ad4303aa6b?s=96&d=mm&r=g","caption":"Reda\u00e7\u00e3o"}}]}},"amp_enabled":true,"_links":{"self":[{"href":"https:\/\/www.notibras.com\/site\/wp-json\/wp\/v2\/posts\/72552","targetHints":{"allow":["GET"]}}],"collection":[{"href":"https:\/\/www.notibras.com\/site\/wp-json\/wp\/v2\/posts"}],"about":[{"href":"https:\/\/www.notibras.com\/site\/wp-json\/wp\/v2\/types\/post"}],"author":[{"embeddable":true,"href":"https:\/\/www.notibras.com\/site\/wp-json\/wp\/v2\/users\/2"}],"replies":[{"embeddable":true,"href":"https:\/\/www.notibras.com\/site\/wp-json\/wp\/v2\/comments?post=72552"}],"version-history":[{"count":2,"href":"https:\/\/www.notibras.com\/site\/wp-json\/wp\/v2\/posts\/72552\/revisions"}],"predecessor-version":[{"id":72555,"href":"https:\/\/www.notibras.com\/site\/wp-json\/wp\/v2\/posts\/72552\/revisions\/72555"}],"wp:featuredmedia":[{"embeddable":true,"href":"https:\/\/www.notibras.com\/site\/wp-json\/wp\/v2\/media\/72553"}],"wp:attachment":[{"href":"https:\/\/www.notibras.com\/site\/wp-json\/wp\/v2\/media?parent=72552"}],"wp:term":[{"taxonomy":"category","embeddable":true,"href":"https:\/\/www.notibras.com\/site\/wp-json\/wp\/v2\/categories?post=72552"},{"taxonomy":"post_tag","embeddable":true,"href":"https:\/\/www.notibras.com\/site\/wp-json\/wp\/v2\/tags?post=72552"}],"curies":[{"name":"wp","href":"https:\/\/api.w.org\/{rel}","templated":true}]}}