{"id":72560,"date":"2015-10-22T17:02:56","date_gmt":"2015-10-22T19:02:56","guid":{"rendered":"http:\/\/www.notibras.com\/site\/?p=72560"},"modified":"2015-10-23T18:20:46","modified_gmt":"2015-10-23T20:20:46","slug":"contrato-com-petrobras-quitou-dividas-da-campanha-da-reeleicao-de-lula-ao-planalto","status":"publish","type":"post","link":"https:\/\/www.notibras.com\/site\/contrato-com-petrobras-quitou-dividas-da-campanha-da-reeleicao-de-lula-ao-planalto\/","title":{"rendered":"Contrato de 1,6 bi de d\u00f3lares com a Petrobras quitou as d\u00edvidas da reelei\u00e7\u00e3o de Lula"},"content":{"rendered":"<div id=\"Corpo\">\n<p>Um contrato de US$ 1,6 bilh\u00e3o assinado pelo Grupo Schahin com a Petrobras, entre 2006 e 2007, para opera\u00e7\u00e3o do navio-sonda Vitoria 10000 fez parte da quita\u00e7\u00e3o de uma d\u00edvida de campanha do PT com a empresa referente \u00e0 campanha eleitoral de reelei\u00e7\u00e3o do ex-presidente Luiz In\u00e1cio Lula da Silva. \u00c9 o que afirmou Eduardo Musa, ex-gerente-geral da Diretoria Internacional, em dela\u00e7\u00e3o premiada \u00e0 for\u00e7a-tarefa da Opera\u00e7\u00e3o Lava Jato.<\/p>\n<p>&#8220;Foi explicado que havia uma d\u00edvida de campanha presidencial do PT de R$ 60 milh\u00f5es junto ao Banco Schahin e que para quit\u00e1-la o governo utilizaria do contato de operacionaliza\u00e7\u00e3o da sonda Vitoria 10.000&#8221;, contou Musa, em depoimento prestado no dia 21 de agosto.<\/p>\n<p>Musa, que n\u00e3o chegou a ser preso pela Lava Jato, atuou na Diretoria Internacional da Petrobras de 2006 a 2009, sob o comando de dois ex-diretores que est\u00e3o detidos em Curitiba &#8211; sede das investiga\u00e7\u00f5es de corrup\u00e7\u00e3o na estatal -, Nestor Cerver\u00f3 e Jorge Zelada. De acordo com as investiga\u00e7\u00f5es, a \u00e1rea era uma cota do PMDB no esquema de fatiamento pol\u00edtico das diretorias da estatal para arrecada\u00e7\u00e3o de propina sistematizado a partir de 2004.<\/p>\n<p>&#8220;Foi explicado por Cerver\u00f3 e Moreira para o declarante que esta nova sonda (Vitoria 10000) deveria ser operada pela Schahin Engenharia&#8221;, explicou o delator. &#8220;Em rela\u00e7\u00e3o ao motivo de contrata\u00e7\u00e3o da Schahin, foi explicado por Cerver\u00f3 e Moreira que havia sido recebida uma ordem &#8216;de cima&#8217; para que se procedesse desta forma&#8221;, registrou a for\u00e7a-tarefa da Lava Jato.<\/p>\n<p>&#8220;(Musa) n\u00e3o perguntou quem era a pessoa de cima mas, do contexto, imaginou que esta pessoa seria Sergio Gabrielli, ent\u00e3o presidente da Petrobras.&#8221; Gabrielli foi citado na Lava Jato.<\/p>\n<p>Foi na gest\u00e3o de Gabrielli como presidente que sa\u00edram os dois projetos dos navios-sonda Petrobras 10000 e Vitoria 10000, feitos pela Diretoria de Internacional, que teriam envolvido propina de US$ 35 milh\u00f5es pagos pelo estaleiro Samsung Heavy Industries, em sua fase de constru\u00e7\u00e3o. Foi desse montante que sa\u00edram os US$ 5 milh\u00f5es dirigidos ao presidente da C\u00e2mara dos Deputados, Eduardo Cunha (PMDB-RJ).<\/p>\n<p><b>Bumlai &#8211;\u00a0<\/b>Musa relata que em janeiro de 2007, Cerver\u00f3 assinou uma carta de inten\u00e7\u00e3o com o estaleiro Samsung Heavey Industries, da Coreia, que construiria o navio-sonda, no mesmo modelo usada para constru\u00e7\u00e3o do navio-sonda Petrobras 10000. A diferen\u00e7a \u00e9 que o projeto da segunda sonda foi feito para explora\u00e7\u00e3o de po\u00e7os na \u00c1frica, onde j\u00e1 se sabia que n\u00e3o havia petr\u00f3leo.<\/p>\n<p>Foi a partir dessa carta, que deu-se inicio &#8220;a negocia\u00e7\u00e3o com Schahin para opera\u00e7\u00e3o&#8221; do equipamento Vitoria 10000, conta Musa. &#8220;Dede a primeira apresenta\u00e7\u00e3o realizada em 18 de janeiro de 2007, j\u00e1 foi apresentada \u00e0 Diretoria Executiva a Schahin como operadora da sonda&#8221;, revelou o ex-gerente. &#8220;O contrato (de constru\u00e7\u00e3o da sonda) com a Samsung Heavy Industries foi assinado em mar\u00e7o de 2007, mesma \u00e9poca em que foi assinado o memorando de entendimento com a Schahin&#8221;, explica. &#8220;O contrato com a Schahin (para opera\u00e7\u00e3o do equipamento) foi assinado em dezembro de 2007 &#8221;<\/p>\n<p>Houve um acerto de pagamento de US$ 5 milh\u00f5es em propina pela Schahin para ex-executivos da Petrobras. Esse neg\u00f3cio, segundo delatores, envolveu o pecuarista Jos\u00e9 Carlos Bumlai, amigo do ex-presidente Lula, e o operador de propinas ligado ao PMDB Fernando Antonio Falc\u00e3o Soares, o Fernando Baiano.<\/p>\n<p>Os benefici\u00e1rios foram Cerver\u00f3, Musa e o ex-gerente executivo da \u00e1rea Internacional Luis Carlos Moreira. O acerto foi fechado no escrit\u00f3rio de Fernando Baiano, no Rio.<\/p>\n<p>De acordo com as investiga\u00e7\u00f5es, o pagamento dos US$ 5 milh\u00f5es teria sido tratado diretamente por Fernando Schahin, filho de um dos fundadores do grupo, e dividido entre os ex-executivos da Petrobras. Cerver\u00f3 e Moreira indicaram contas no Uruguai para receber suas partes e Musa, na Su\u00ed\u00e7a.<\/p>\n<p>Citado como &#8220;o pecuarista&#8221; em conversas de executivos investigados em Curitiba, Bumlai seria uma esp\u00e9cie de avalista dos neg\u00f3cios com a Schahin, suspeita a Pol\u00edcia Federal. Seu nome, ainda n\u00e3o havia sido citado diretamente nos neg\u00f3cios de propina alvos da Lava Jato.<\/p>\n<p><b>Defesa &#8211;\u00a0<\/b>Rui Falc\u00e3o, presidente nacional do PT: &#8220;Esta \u00e9 uma hist\u00f3ria totalmente falsa, pois a suposta d\u00edvida mencionada na dela\u00e7\u00e3o nunca existiu. \u00c9 mais uma mentira divulgada de maneira irrespons\u00e1vel, sem base em provas, na tentativa de comprometer o PT. Nas campanhas eleitorais, o PT jamais delegou a terceiros a responsabilidade de arrecadar fundos. A arrecada\u00e7\u00e3o do partido sempre foi feita em obedi\u00eancia \u00e0 lei, atrav\u00e9s de transa\u00e7\u00f5es bancarias, todas elas declaradas \u00e0 justi\u00e7a eleitoral.&#8221;<\/p>\n<p><img loading=\"lazy\" decoding=\"async\" class=\"alignnone size-full wp-image-70065\" src=\"http:\/\/www.notibras.com\/site\/wp-content\/uploads\/2015\/10\/estadao.png\" alt=\"estadao\" width=\"99\" height=\"16\" \/><\/p>\n<\/div>\n<p>&nbsp;<\/p>\n","protected":false},"excerpt":{"rendered":"<p>Um contrato de US$ 1,6 bilh\u00e3o assinado pelo Grupo Schahin com a Petrobras, entre 2006 e 2007, para opera\u00e7\u00e3o do navio-sonda Vitoria 10000 fez parte da quita\u00e7\u00e3o de uma d\u00edvida de campanha do PT com a empresa referente \u00e0 campanha eleitoral de reelei\u00e7\u00e3o do ex-presidente Luiz In\u00e1cio Lula da Silva. \u00c9 o que afirmou Eduardo [&hellip;]<\/p>\n","protected":false},"author":2,"featured_media":72561,"comment_status":"open","ping_status":"closed","sticky":false,"template":"","format":"standard","meta":{"_acf_changed":false,"footnotes":""},"categories":[16],"tags":[],"class_list":["post-72560","post","type-post","status-publish","format-standard","has-post-thumbnail","hentry","category-brasil"],"acf":[],"yoast_head":"<!-- This site is optimized with the Yoast SEO plugin v27.2 - https:\/\/yoast.com\/product\/yoast-seo-wordpress\/ -->\n<title>Contrato de 1,6 bi de d\u00f3lares com a Petrobras quitou as d\u00edvidas da reelei\u00e7\u00e3o de Lula - Notibras<\/title>\n<meta name=\"robots\" content=\"index, follow, max-snippet:-1, max-image-preview:large, max-video-preview:-1\" \/>\n<link rel=\"canonical\" href=\"https:\/\/www.notibras.com\/site\/contrato-com-petrobras-quitou-dividas-da-campanha-da-reeleicao-de-lula-ao-planalto\/\" \/>\n<meta property=\"og:locale\" content=\"pt_BR\" \/>\n<meta property=\"og:type\" content=\"article\" \/>\n<meta property=\"og:title\" content=\"Contrato de 1,6 bi de d\u00f3lares com a Petrobras quitou as d\u00edvidas da reelei\u00e7\u00e3o de Lula - Notibras\" \/>\n<meta property=\"og:description\" content=\"Um contrato de US$ 1,6 bilh\u00e3o assinado pelo Grupo Schahin com a Petrobras, entre 2006 e 2007, para opera\u00e7\u00e3o do navio-sonda Vitoria 10000 fez parte da quita\u00e7\u00e3o de uma d\u00edvida de campanha do PT com a empresa referente \u00e0 campanha eleitoral de reelei\u00e7\u00e3o do ex-presidente Luiz In\u00e1cio Lula da Silva. \u00c9 o que afirmou Eduardo [&hellip;]\" \/>\n<meta property=\"og:url\" content=\"https:\/\/www.notibras.com\/site\/contrato-com-petrobras-quitou-dividas-da-campanha-da-reeleicao-de-lula-ao-planalto\/\" \/>\n<meta property=\"og:site_name\" content=\"Notibras\" \/>\n<meta property=\"article:publisher\" content=\"https:\/\/www.facebook.com\/notibras\/\" \/>\n<meta property=\"article:published_time\" content=\"2015-10-22T19:02:56+00:00\" \/>\n<meta property=\"article:modified_time\" content=\"2015-10-23T20:20:46+00:00\" \/>\n<meta property=\"og:image\" content=\"https:\/\/www.notibras.com\/site\/wp-content\/uploads\/2015\/10\/lucor.png\" \/>\n\t<meta property=\"og:image:width\" content=\"584\" \/>\n\t<meta property=\"og:image:height\" content=\"458\" \/>\n\t<meta property=\"og:image:type\" content=\"image\/png\" \/>\n<meta name=\"author\" content=\"Reda\u00e7\u00e3o\" \/>\n<meta name=\"twitter:card\" content=\"summary_large_image\" \/>\n<meta name=\"twitter:creator\" content=\"@Notibras\" \/>\n<meta name=\"twitter:site\" content=\"@Notibras\" \/>\n<meta name=\"twitter:label1\" content=\"Escrito por\" \/>\n\t<meta name=\"twitter:data1\" content=\"Reda\u00e7\u00e3o\" \/>\n\t<meta name=\"twitter:label2\" content=\"Est. tempo de leitura\" \/>\n\t<meta name=\"twitter:data2\" content=\"4 minutos\" \/>\n<script type=\"application\/ld+json\" class=\"yoast-schema-graph\">{\"@context\":\"https:\/\/schema.org\",\"@graph\":[{\"@type\":\"Article\",\"@id\":\"https:\/\/www.notibras.com\/site\/contrato-com-petrobras-quitou-dividas-da-campanha-da-reeleicao-de-lula-ao-planalto\/#article\",\"isPartOf\":{\"@id\":\"https:\/\/www.notibras.com\/site\/contrato-com-petrobras-quitou-dividas-da-campanha-da-reeleicao-de-lula-ao-planalto\/\"},\"author\":{\"name\":\"Reda\u00e7\u00e3o\",\"@id\":\"https:\/\/www.notibras.com\/site\/#\/schema\/person\/36ab0979449956132d3e5b517ea76ac8\"},\"headline\":\"Contrato de 1,6 bi de d\u00f3lares com a Petrobras quitou as d\u00edvidas da reelei\u00e7\u00e3o de Lula\",\"datePublished\":\"2015-10-22T19:02:56+00:00\",\"dateModified\":\"2015-10-23T20:20:46+00:00\",\"mainEntityOfPage\":{\"@id\":\"https:\/\/www.notibras.com\/site\/contrato-com-petrobras-quitou-dividas-da-campanha-da-reeleicao-de-lula-ao-planalto\/\"},\"wordCount\":782,\"commentCount\":0,\"publisher\":{\"@id\":\"https:\/\/www.notibras.com\/site\/#organization\"},\"image\":{\"@id\":\"https:\/\/www.notibras.com\/site\/contrato-com-petrobras-quitou-dividas-da-campanha-da-reeleicao-de-lula-ao-planalto\/#primaryimage\"},\"thumbnailUrl\":\"https:\/\/www.notibras.com\/site\/wp-content\/uploads\/2015\/10\/lucor.png\",\"articleSection\":[\"Brasil\"],\"inLanguage\":\"pt-BR\",\"potentialAction\":[{\"@type\":\"CommentAction\",\"name\":\"Comment\",\"target\":[\"https:\/\/www.notibras.com\/site\/contrato-com-petrobras-quitou-dividas-da-campanha-da-reeleicao-de-lula-ao-planalto\/#respond\"]}]},{\"@type\":\"WebPage\",\"@id\":\"https:\/\/www.notibras.com\/site\/contrato-com-petrobras-quitou-dividas-da-campanha-da-reeleicao-de-lula-ao-planalto\/\",\"url\":\"https:\/\/www.notibras.com\/site\/contrato-com-petrobras-quitou-dividas-da-campanha-da-reeleicao-de-lula-ao-planalto\/\",\"name\":\"Contrato de 1,6 bi de d\u00f3lares com a Petrobras quitou as d\u00edvidas da reelei\u00e7\u00e3o de Lula - Notibras\",\"isPartOf\":{\"@id\":\"https:\/\/www.notibras.com\/site\/#website\"},\"primaryImageOfPage\":{\"@id\":\"https:\/\/www.notibras.com\/site\/contrato-com-petrobras-quitou-dividas-da-campanha-da-reeleicao-de-lula-ao-planalto\/#primaryimage\"},\"image\":{\"@id\":\"https:\/\/www.notibras.com\/site\/contrato-com-petrobras-quitou-dividas-da-campanha-da-reeleicao-de-lula-ao-planalto\/#primaryimage\"},\"thumbnailUrl\":\"https:\/\/www.notibras.com\/site\/wp-content\/uploads\/2015\/10\/lucor.png\",\"datePublished\":\"2015-10-22T19:02:56+00:00\",\"dateModified\":\"2015-10-23T20:20:46+00:00\",\"breadcrumb\":{\"@id\":\"https:\/\/www.notibras.com\/site\/contrato-com-petrobras-quitou-dividas-da-campanha-da-reeleicao-de-lula-ao-planalto\/#breadcrumb\"},\"inLanguage\":\"pt-BR\",\"potentialAction\":[{\"@type\":\"ReadAction\",\"target\":[\"https:\/\/www.notibras.com\/site\/contrato-com-petrobras-quitou-dividas-da-campanha-da-reeleicao-de-lula-ao-planalto\/\"]}]},{\"@type\":\"ImageObject\",\"inLanguage\":\"pt-BR\",\"@id\":\"https:\/\/www.notibras.com\/site\/contrato-com-petrobras-quitou-dividas-da-campanha-da-reeleicao-de-lula-ao-planalto\/#primaryimage\",\"url\":\"https:\/\/www.notibras.com\/site\/wp-content\/uploads\/2015\/10\/lucor.png\",\"contentUrl\":\"https:\/\/www.notibras.com\/site\/wp-content\/uploads\/2015\/10\/lucor.png\",\"width\":584,\"height\":458},{\"@type\":\"BreadcrumbList\",\"@id\":\"https:\/\/www.notibras.com\/site\/contrato-com-petrobras-quitou-dividas-da-campanha-da-reeleicao-de-lula-ao-planalto\/#breadcrumb\",\"itemListElement\":[{\"@type\":\"ListItem\",\"position\":1,\"name\":\"In\u00edcio\",\"item\":\"https:\/\/www.notibras.com\/site\/\"},{\"@type\":\"ListItem\",\"position\":2,\"name\":\"Contrato de 1,6 bi de d\u00f3lares com a Petrobras quitou as d\u00edvidas da reelei\u00e7\u00e3o de Lula\"}]},{\"@type\":\"WebSite\",\"@id\":\"https:\/\/www.notibras.com\/site\/#website\",\"url\":\"https:\/\/www.notibras.com\/site\/\",\"name\":\"Notibras\",\"description\":\"Not\u00edcias de Bras\u00edlia, do Brasil e do Mundo\",\"publisher\":{\"@id\":\"https:\/\/www.notibras.com\/site\/#organization\"},\"potentialAction\":[{\"@type\":\"SearchAction\",\"target\":{\"@type\":\"EntryPoint\",\"urlTemplate\":\"https:\/\/www.notibras.com\/site\/?s={search_term_string}\"},\"query-input\":{\"@type\":\"PropertyValueSpecification\",\"valueRequired\":true,\"valueName\":\"search_term_string\"}}],\"inLanguage\":\"pt-BR\"},{\"@type\":\"Organization\",\"@id\":\"https:\/\/www.notibras.com\/site\/#organization\",\"name\":\"Grupo Notibras de Comunica\u00e7\u00e3o\",\"url\":\"https:\/\/www.notibras.com\/site\/\",\"logo\":{\"@type\":\"ImageObject\",\"inLanguage\":\"pt-BR\",\"@id\":\"https:\/\/www.notibras.com\/site\/#\/schema\/logo\/image\/\",\"url\":\"https:\/\/www.notibras.com\/site\/wp-content\/uploads\/2023\/01\/notibras23.png\",\"contentUrl\":\"https:\/\/www.notibras.com\/site\/wp-content\/uploads\/2023\/01\/notibras23.png\",\"width\":350,\"height\":87,\"caption\":\"Grupo Notibras de Comunica\u00e7\u00e3o\"},\"image\":{\"@id\":\"https:\/\/www.notibras.com\/site\/#\/schema\/logo\/image\/\"},\"sameAs\":[\"https:\/\/www.facebook.com\/notibras\/\",\"https:\/\/x.com\/Notibras\",\"https:\/\/www.instagram.com\/notibras\/\"]},{\"@type\":\"Person\",\"@id\":\"https:\/\/www.notibras.com\/site\/#\/schema\/person\/36ab0979449956132d3e5b517ea76ac8\",\"name\":\"Reda\u00e7\u00e3o\",\"image\":{\"@type\":\"ImageObject\",\"inLanguage\":\"pt-BR\",\"@id\":\"https:\/\/secure.gravatar.com\/avatar\/e0a867bdedb85fd243eadf09663511f96fc81e0720a4a42581f334ad4303aa6b?s=96&d=mm&r=g\",\"url\":\"https:\/\/secure.gravatar.com\/avatar\/e0a867bdedb85fd243eadf09663511f96fc81e0720a4a42581f334ad4303aa6b?s=96&d=mm&r=g\",\"contentUrl\":\"https:\/\/secure.gravatar.com\/avatar\/e0a867bdedb85fd243eadf09663511f96fc81e0720a4a42581f334ad4303aa6b?s=96&d=mm&r=g\",\"caption\":\"Reda\u00e7\u00e3o\"}}]}<\/script>\n<!-- \/ Yoast SEO plugin. -->","yoast_head_json":{"title":"Contrato de 1,6 bi de d\u00f3lares com a Petrobras quitou as d\u00edvidas da reelei\u00e7\u00e3o de Lula - Notibras","robots":{"index":"index","follow":"follow","max-snippet":"max-snippet:-1","max-image-preview":"max-image-preview:large","max-video-preview":"max-video-preview:-1"},"canonical":"https:\/\/www.notibras.com\/site\/contrato-com-petrobras-quitou-dividas-da-campanha-da-reeleicao-de-lula-ao-planalto\/","og_locale":"pt_BR","og_type":"article","og_title":"Contrato de 1,6 bi de d\u00f3lares com a Petrobras quitou as d\u00edvidas da reelei\u00e7\u00e3o de Lula - Notibras","og_description":"Um contrato de US$ 1,6 bilh\u00e3o assinado pelo Grupo Schahin com a Petrobras, entre 2006 e 2007, para opera\u00e7\u00e3o do navio-sonda Vitoria 10000 fez parte da quita\u00e7\u00e3o de uma d\u00edvida de campanha do PT com a empresa referente \u00e0 campanha eleitoral de reelei\u00e7\u00e3o do ex-presidente Luiz In\u00e1cio Lula da Silva. \u00c9 o que afirmou Eduardo [&hellip;]","og_url":"https:\/\/www.notibras.com\/site\/contrato-com-petrobras-quitou-dividas-da-campanha-da-reeleicao-de-lula-ao-planalto\/","og_site_name":"Notibras","article_publisher":"https:\/\/www.facebook.com\/notibras\/","article_published_time":"2015-10-22T19:02:56+00:00","article_modified_time":"2015-10-23T20:20:46+00:00","og_image":[{"width":584,"height":458,"url":"https:\/\/www.notibras.com\/site\/wp-content\/uploads\/2015\/10\/lucor.png","type":"image\/png"}],"author":"Reda\u00e7\u00e3o","twitter_card":"summary_large_image","twitter_creator":"@Notibras","twitter_site":"@Notibras","twitter_misc":{"Escrito por":"Reda\u00e7\u00e3o","Est. tempo de leitura":"4 minutos"},"schema":{"@context":"https:\/\/schema.org","@graph":[{"@type":"Article","@id":"https:\/\/www.notibras.com\/site\/contrato-com-petrobras-quitou-dividas-da-campanha-da-reeleicao-de-lula-ao-planalto\/#article","isPartOf":{"@id":"https:\/\/www.notibras.com\/site\/contrato-com-petrobras-quitou-dividas-da-campanha-da-reeleicao-de-lula-ao-planalto\/"},"author":{"name":"Reda\u00e7\u00e3o","@id":"https:\/\/www.notibras.com\/site\/#\/schema\/person\/36ab0979449956132d3e5b517ea76ac8"},"headline":"Contrato de 1,6 bi de d\u00f3lares com a Petrobras quitou as d\u00edvidas da reelei\u00e7\u00e3o de Lula","datePublished":"2015-10-22T19:02:56+00:00","dateModified":"2015-10-23T20:20:46+00:00","mainEntityOfPage":{"@id":"https:\/\/www.notibras.com\/site\/contrato-com-petrobras-quitou-dividas-da-campanha-da-reeleicao-de-lula-ao-planalto\/"},"wordCount":782,"commentCount":0,"publisher":{"@id":"https:\/\/www.notibras.com\/site\/#organization"},"image":{"@id":"https:\/\/www.notibras.com\/site\/contrato-com-petrobras-quitou-dividas-da-campanha-da-reeleicao-de-lula-ao-planalto\/#primaryimage"},"thumbnailUrl":"https:\/\/www.notibras.com\/site\/wp-content\/uploads\/2015\/10\/lucor.png","articleSection":["Brasil"],"inLanguage":"pt-BR","potentialAction":[{"@type":"CommentAction","name":"Comment","target":["https:\/\/www.notibras.com\/site\/contrato-com-petrobras-quitou-dividas-da-campanha-da-reeleicao-de-lula-ao-planalto\/#respond"]}]},{"@type":"WebPage","@id":"https:\/\/www.notibras.com\/site\/contrato-com-petrobras-quitou-dividas-da-campanha-da-reeleicao-de-lula-ao-planalto\/","url":"https:\/\/www.notibras.com\/site\/contrato-com-petrobras-quitou-dividas-da-campanha-da-reeleicao-de-lula-ao-planalto\/","name":"Contrato de 1,6 bi de d\u00f3lares com a Petrobras quitou as d\u00edvidas da reelei\u00e7\u00e3o de Lula - Notibras","isPartOf":{"@id":"https:\/\/www.notibras.com\/site\/#website"},"primaryImageOfPage":{"@id":"https:\/\/www.notibras.com\/site\/contrato-com-petrobras-quitou-dividas-da-campanha-da-reeleicao-de-lula-ao-planalto\/#primaryimage"},"image":{"@id":"https:\/\/www.notibras.com\/site\/contrato-com-petrobras-quitou-dividas-da-campanha-da-reeleicao-de-lula-ao-planalto\/#primaryimage"},"thumbnailUrl":"https:\/\/www.notibras.com\/site\/wp-content\/uploads\/2015\/10\/lucor.png","datePublished":"2015-10-22T19:02:56+00:00","dateModified":"2015-10-23T20:20:46+00:00","breadcrumb":{"@id":"https:\/\/www.notibras.com\/site\/contrato-com-petrobras-quitou-dividas-da-campanha-da-reeleicao-de-lula-ao-planalto\/#breadcrumb"},"inLanguage":"pt-BR","potentialAction":[{"@type":"ReadAction","target":["https:\/\/www.notibras.com\/site\/contrato-com-petrobras-quitou-dividas-da-campanha-da-reeleicao-de-lula-ao-planalto\/"]}]},{"@type":"ImageObject","inLanguage":"pt-BR","@id":"https:\/\/www.notibras.com\/site\/contrato-com-petrobras-quitou-dividas-da-campanha-da-reeleicao-de-lula-ao-planalto\/#primaryimage","url":"https:\/\/www.notibras.com\/site\/wp-content\/uploads\/2015\/10\/lucor.png","contentUrl":"https:\/\/www.notibras.com\/site\/wp-content\/uploads\/2015\/10\/lucor.png","width":584,"height":458},{"@type":"BreadcrumbList","@id":"https:\/\/www.notibras.com\/site\/contrato-com-petrobras-quitou-dividas-da-campanha-da-reeleicao-de-lula-ao-planalto\/#breadcrumb","itemListElement":[{"@type":"ListItem","position":1,"name":"In\u00edcio","item":"https:\/\/www.notibras.com\/site\/"},{"@type":"ListItem","position":2,"name":"Contrato de 1,6 bi de d\u00f3lares com a Petrobras quitou as d\u00edvidas da reelei\u00e7\u00e3o de Lula"}]},{"@type":"WebSite","@id":"https:\/\/www.notibras.com\/site\/#website","url":"https:\/\/www.notibras.com\/site\/","name":"Notibras","description":"Not\u00edcias de Bras\u00edlia, do Brasil e do Mundo","publisher":{"@id":"https:\/\/www.notibras.com\/site\/#organization"},"potentialAction":[{"@type":"SearchAction","target":{"@type":"EntryPoint","urlTemplate":"https:\/\/www.notibras.com\/site\/?s={search_term_string}"},"query-input":{"@type":"PropertyValueSpecification","valueRequired":true,"valueName":"search_term_string"}}],"inLanguage":"pt-BR"},{"@type":"Organization","@id":"https:\/\/www.notibras.com\/site\/#organization","name":"Grupo Notibras de Comunica\u00e7\u00e3o","url":"https:\/\/www.notibras.com\/site\/","logo":{"@type":"ImageObject","inLanguage":"pt-BR","@id":"https:\/\/www.notibras.com\/site\/#\/schema\/logo\/image\/","url":"https:\/\/www.notibras.com\/site\/wp-content\/uploads\/2023\/01\/notibras23.png","contentUrl":"https:\/\/www.notibras.com\/site\/wp-content\/uploads\/2023\/01\/notibras23.png","width":350,"height":87,"caption":"Grupo Notibras de Comunica\u00e7\u00e3o"},"image":{"@id":"https:\/\/www.notibras.com\/site\/#\/schema\/logo\/image\/"},"sameAs":["https:\/\/www.facebook.com\/notibras\/","https:\/\/x.com\/Notibras","https:\/\/www.instagram.com\/notibras\/"]},{"@type":"Person","@id":"https:\/\/www.notibras.com\/site\/#\/schema\/person\/36ab0979449956132d3e5b517ea76ac8","name":"Reda\u00e7\u00e3o","image":{"@type":"ImageObject","inLanguage":"pt-BR","@id":"https:\/\/secure.gravatar.com\/avatar\/e0a867bdedb85fd243eadf09663511f96fc81e0720a4a42581f334ad4303aa6b?s=96&d=mm&r=g","url":"https:\/\/secure.gravatar.com\/avatar\/e0a867bdedb85fd243eadf09663511f96fc81e0720a4a42581f334ad4303aa6b?s=96&d=mm&r=g","contentUrl":"https:\/\/secure.gravatar.com\/avatar\/e0a867bdedb85fd243eadf09663511f96fc81e0720a4a42581f334ad4303aa6b?s=96&d=mm&r=g","caption":"Reda\u00e7\u00e3o"}}]}},"amp_enabled":true,"_links":{"self":[{"href":"https:\/\/www.notibras.com\/site\/wp-json\/wp\/v2\/posts\/72560","targetHints":{"allow":["GET"]}}],"collection":[{"href":"https:\/\/www.notibras.com\/site\/wp-json\/wp\/v2\/posts"}],"about":[{"href":"https:\/\/www.notibras.com\/site\/wp-json\/wp\/v2\/types\/post"}],"author":[{"embeddable":true,"href":"https:\/\/www.notibras.com\/site\/wp-json\/wp\/v2\/users\/2"}],"replies":[{"embeddable":true,"href":"https:\/\/www.notibras.com\/site\/wp-json\/wp\/v2\/comments?post=72560"}],"version-history":[{"count":4,"href":"https:\/\/www.notibras.com\/site\/wp-json\/wp\/v2\/posts\/72560\/revisions"}],"predecessor-version":[{"id":72580,"href":"https:\/\/www.notibras.com\/site\/wp-json\/wp\/v2\/posts\/72560\/revisions\/72580"}],"wp:featuredmedia":[{"embeddable":true,"href":"https:\/\/www.notibras.com\/site\/wp-json\/wp\/v2\/media\/72561"}],"wp:attachment":[{"href":"https:\/\/www.notibras.com\/site\/wp-json\/wp\/v2\/media?parent=72560"}],"wp:term":[{"taxonomy":"category","embeddable":true,"href":"https:\/\/www.notibras.com\/site\/wp-json\/wp\/v2\/categories?post=72560"},{"taxonomy":"post_tag","embeddable":true,"href":"https:\/\/www.notibras.com\/site\/wp-json\/wp\/v2\/tags?post=72560"}],"curies":[{"name":"wp","href":"https:\/\/api.w.org\/{rel}","templated":true}]}}