{"id":72570,"date":"2015-10-22T12:25:12","date_gmt":"2015-10-22T14:25:12","guid":{"rendered":"http:\/\/www.notibras.com\/site\/?p=72570"},"modified":"2015-10-23T05:17:18","modified_gmt":"2015-10-23T07:17:18","slug":"cunha-diz-que-cpmf-e-purgante-que-sera-rejeitado-pela-camara-dos-deputados","status":"publish","type":"post","link":"https:\/\/www.notibras.com\/site\/cunha-diz-que-cpmf-e-purgante-que-sera-rejeitado-pela-camara-dos-deputados\/","title":{"rendered":"Cunha diz que CPMF \u00e9 um purgante que ser\u00e1 rejeitado pela C\u00e2mara dos Deputados"},"content":{"rendered":"<p>O presidente da C\u00e2mara, Eduardo Cunha (PMDB-RJ), avaliou em entrevista nesta quinta-feira, 22, que a articula\u00e7\u00e3o do Planalto com prefeitos para dobrar a CPMF de 0,20% para 0,38% n\u00e3o dever\u00e1 ajudar a aprova\u00e7\u00e3o da recria\u00e7\u00e3o do tributo na Casa. Mesmo que o governo tenha a &#8220;base mais azeitada poss\u00edvel&#8221;, ele disse n\u00e3o acreditar na aprova\u00e7\u00e3o da mat\u00e9ria por parte dos deputados.<\/p>\n<p>&#8220;Se voc\u00ea aumentar a meta, aumenta o problema&#8221;, afirmou. Isso porque, de acordo com o peemedebista, h\u00e1 uma rejei\u00e7\u00e3o da sociedade como um todo em rela\u00e7\u00e3o aos efeitos que a recria\u00e7\u00e3o na economia. &#8220;Sinceramente, n\u00e3o acredito na aprova\u00e7\u00e3o da CPMF, mesmo que o governo tenha a base mais azeitada poss\u00edvel&#8221;, disse.<\/p>\n<p>Como noticiou nesta quinta-feira o Broadcast, servi\u00e7o de not\u00edcias em tempo real da Ag\u00eancia Estado, o ministro da Secretaria de Governo, Ricardo Berzoini est\u00e1 articulando o apoio de prefeitos para tentar aprovar a recria\u00e7\u00e3o da CPMF no Congresso. Pela ideia estudada, a al\u00edquota seria de 0,38%, compartilhada em 0,20% para a Uni\u00e3o, 0,09% para munic\u00edpios e 0,09% para os Estados.<\/p>\n<p><b>Rela\u00e7\u00e3o &#8211;\u00a0<\/b>Cunha tamb\u00e9m comentou declara\u00e7\u00e3o de Berzoini, que, em entrevista hoje, defendeu a necessidade de manuten\u00e7\u00e3o do &#8220;di\u00e1logo institucional&#8221; com o presidente da C\u00e2mara. O peemedebista afirmou que, independente da sua posi\u00e7\u00e3o pol\u00edtica, sempre trabalhar\u00e1 por uma rela\u00e7\u00e3o institucional harmoniosa com o Executivo.<\/p>\n<p>&#8220;Sempre costumo dizer, e sempre fez parte da minha campanha eleitoral aqui, os poderes s\u00e3o independentes e harm\u00f4nicos entre si. Ent\u00e3o, qualquer rela\u00e7\u00e3o institucional com harmonia da minha parte sempre ter\u00e1&#8221;, disse. &#8220;Isso \u00e9 uma coisa complemente diferente da minha posi\u00e7\u00e3o pol\u00edtica pessoal, que eu n\u00e3o misturo com minha posi\u00e7\u00e3o de presidente da C\u00e2mara&#8221;, emendou.<\/p>\n<p><b>Dela\u00e7\u00f5es &#8211;\u00a0<\/b>O presidente da C\u00e2mara afirmou tamb\u00e9m que, assim como toda a lei, a de dela\u00e7\u00f5es \u00e9 pass\u00edvel de revis\u00e3o. Ele afirmou que a ideia de criar uma comiss\u00e3o especial para discutir o assunto na Casa, defendida pelo relator da CPI da Petrobras, deputado Luiz S\u00e9rgio (PT-RJ), em seu relat\u00f3rio, poder\u00e1 avan\u00e7ar.<\/p>\n<p>&#8220;Toda lei \u00e9 pass\u00edvel de revis\u00e3o, toda lei pode ser aperfei\u00e7oada&#8221;, afirmou ao ser questionado sobre o que achava da defesa de revis\u00e3o da lei de dela\u00e7\u00f5es defendida por S\u00e9rgio em seu relat\u00f3rio. Ele ponderou, contudo, que n\u00e3o conhece o debate e que estava falando apenas em tese.<\/p>\n<p>Na entrevista, o peemedebista voltou a refor\u00e7ar que n\u00e3o tem prazo para anunciar se vai deferir ou n\u00e3o o novo pedido de impeachment da presidente Dilma Rousseff protocolado ontem pela oposi\u00e7\u00e3o, mas sinalizou que &#8220;prefere tomar a decis\u00e3o o mais r\u00e1pido poss\u00edvel&#8221;.<\/p>\n<p><img loading=\"lazy\" decoding=\"async\" class=\"alignnone size-full wp-image-70065\" src=\"http:\/\/www.notibras.com\/site\/wp-content\/uploads\/2015\/10\/estadao.png\" alt=\"estadao\" width=\"99\" height=\"16\" \/><\/p>\n","protected":false},"excerpt":{"rendered":"<p>O presidente da C\u00e2mara, Eduardo Cunha (PMDB-RJ), avaliou em entrevista nesta quinta-feira, 22, que a articula\u00e7\u00e3o do Planalto com prefeitos para dobrar a CPMF de 0,20% para 0,38% n\u00e3o dever\u00e1 ajudar a aprova\u00e7\u00e3o da recria\u00e7\u00e3o do tributo na Casa. Mesmo que o governo tenha a &#8220;base mais azeitada poss\u00edvel&#8221;, ele disse n\u00e3o acreditar na aprova\u00e7\u00e3o [&hellip;]<\/p>\n","protected":false},"author":2,"featured_media":72571,"comment_status":"open","ping_status":"closed","sticky":false,"template":"","format":"standard","meta":{"_acf_changed":false,"footnotes":""},"categories":[16],"tags":[],"class_list":["post-72570","post","type-post","status-publish","format-standard","has-post-thumbnail","hentry","category-brasil"],"acf":[],"yoast_head":"<!-- This site is optimized with the Yoast SEO plugin v27.2 - https:\/\/yoast.com\/product\/yoast-seo-wordpress\/ -->\n<title>Cunha diz que CPMF \u00e9 um purgante que ser\u00e1 rejeitado pela C\u00e2mara dos Deputados - Notibras<\/title>\n<meta name=\"robots\" content=\"index, follow, max-snippet:-1, max-image-preview:large, max-video-preview:-1\" \/>\n<link rel=\"canonical\" href=\"https:\/\/www.notibras.com\/site\/cunha-diz-que-cpmf-e-purgante-que-sera-rejeitado-pela-camara-dos-deputados\/\" \/>\n<meta property=\"og:locale\" content=\"pt_BR\" \/>\n<meta property=\"og:type\" content=\"article\" \/>\n<meta property=\"og:title\" content=\"Cunha diz que CPMF \u00e9 um purgante que ser\u00e1 rejeitado pela C\u00e2mara dos Deputados - Notibras\" \/>\n<meta property=\"og:description\" content=\"O presidente da C\u00e2mara, Eduardo Cunha (PMDB-RJ), avaliou em entrevista nesta quinta-feira, 22, que a articula\u00e7\u00e3o do Planalto com prefeitos para dobrar a CPMF de 0,20% para 0,38% n\u00e3o dever\u00e1 ajudar a aprova\u00e7\u00e3o da recria\u00e7\u00e3o do tributo na Casa. Mesmo que o governo tenha a &#8220;base mais azeitada poss\u00edvel&#8221;, ele disse n\u00e3o acreditar na aprova\u00e7\u00e3o [&hellip;]\" \/>\n<meta property=\"og:url\" content=\"https:\/\/www.notibras.com\/site\/cunha-diz-que-cpmf-e-purgante-que-sera-rejeitado-pela-camara-dos-deputados\/\" \/>\n<meta property=\"og:site_name\" content=\"Notibras\" \/>\n<meta property=\"article:publisher\" content=\"https:\/\/www.facebook.com\/notibras\/\" \/>\n<meta property=\"article:published_time\" content=\"2015-10-22T14:25:12+00:00\" \/>\n<meta property=\"article:modified_time\" content=\"2015-10-23T07:17:18+00:00\" \/>\n<meta property=\"og:image\" content=\"https:\/\/www.notibras.com\/site\/wp-content\/uploads\/2015\/10\/968230-df17072015-dsc_2886_1.jpg\" \/>\n\t<meta property=\"og:image:width\" content=\"940\" \/>\n\t<meta property=\"og:image:height\" content=\"716\" \/>\n\t<meta property=\"og:image:type\" content=\"image\/jpeg\" \/>\n<meta name=\"author\" content=\"Reda\u00e7\u00e3o\" \/>\n<meta name=\"twitter:card\" content=\"summary_large_image\" \/>\n<meta name=\"twitter:creator\" content=\"@Notibras\" \/>\n<meta name=\"twitter:site\" content=\"@Notibras\" \/>\n<meta name=\"twitter:label1\" content=\"Escrito por\" \/>\n\t<meta name=\"twitter:data1\" content=\"Reda\u00e7\u00e3o\" \/>\n\t<meta name=\"twitter:label2\" content=\"Est. tempo de leitura\" \/>\n\t<meta name=\"twitter:data2\" content=\"2 minutos\" \/>\n<script type=\"application\/ld+json\" class=\"yoast-schema-graph\">{\"@context\":\"https:\/\/schema.org\",\"@graph\":[{\"@type\":\"Article\",\"@id\":\"https:\/\/www.notibras.com\/site\/cunha-diz-que-cpmf-e-purgante-que-sera-rejeitado-pela-camara-dos-deputados\/#article\",\"isPartOf\":{\"@id\":\"https:\/\/www.notibras.com\/site\/cunha-diz-que-cpmf-e-purgante-que-sera-rejeitado-pela-camara-dos-deputados\/\"},\"author\":{\"name\":\"Reda\u00e7\u00e3o\",\"@id\":\"https:\/\/www.notibras.com\/site\/#\/schema\/person\/36ab0979449956132d3e5b517ea76ac8\"},\"headline\":\"Cunha diz que CPMF \u00e9 um purgante que ser\u00e1 rejeitado pela C\u00e2mara dos Deputados\",\"datePublished\":\"2015-10-22T14:25:12+00:00\",\"dateModified\":\"2015-10-23T07:17:18+00:00\",\"mainEntityOfPage\":{\"@id\":\"https:\/\/www.notibras.com\/site\/cunha-diz-que-cpmf-e-purgante-que-sera-rejeitado-pela-camara-dos-deputados\/\"},\"wordCount\":483,\"commentCount\":0,\"publisher\":{\"@id\":\"https:\/\/www.notibras.com\/site\/#organization\"},\"image\":{\"@id\":\"https:\/\/www.notibras.com\/site\/cunha-diz-que-cpmf-e-purgante-que-sera-rejeitado-pela-camara-dos-deputados\/#primaryimage\"},\"thumbnailUrl\":\"https:\/\/www.notibras.com\/site\/wp-content\/uploads\/2015\/10\/968230-df17072015-dsc_2886_1.jpg\",\"articleSection\":[\"Brasil\"],\"inLanguage\":\"pt-BR\",\"potentialAction\":[{\"@type\":\"CommentAction\",\"name\":\"Comment\",\"target\":[\"https:\/\/www.notibras.com\/site\/cunha-diz-que-cpmf-e-purgante-que-sera-rejeitado-pela-camara-dos-deputados\/#respond\"]}]},{\"@type\":\"WebPage\",\"@id\":\"https:\/\/www.notibras.com\/site\/cunha-diz-que-cpmf-e-purgante-que-sera-rejeitado-pela-camara-dos-deputados\/\",\"url\":\"https:\/\/www.notibras.com\/site\/cunha-diz-que-cpmf-e-purgante-que-sera-rejeitado-pela-camara-dos-deputados\/\",\"name\":\"Cunha diz que CPMF \u00e9 um purgante que ser\u00e1 rejeitado pela C\u00e2mara dos Deputados - Notibras\",\"isPartOf\":{\"@id\":\"https:\/\/www.notibras.com\/site\/#website\"},\"primaryImageOfPage\":{\"@id\":\"https:\/\/www.notibras.com\/site\/cunha-diz-que-cpmf-e-purgante-que-sera-rejeitado-pela-camara-dos-deputados\/#primaryimage\"},\"image\":{\"@id\":\"https:\/\/www.notibras.com\/site\/cunha-diz-que-cpmf-e-purgante-que-sera-rejeitado-pela-camara-dos-deputados\/#primaryimage\"},\"thumbnailUrl\":\"https:\/\/www.notibras.com\/site\/wp-content\/uploads\/2015\/10\/968230-df17072015-dsc_2886_1.jpg\",\"datePublished\":\"2015-10-22T14:25:12+00:00\",\"dateModified\":\"2015-10-23T07:17:18+00:00\",\"breadcrumb\":{\"@id\":\"https:\/\/www.notibras.com\/site\/cunha-diz-que-cpmf-e-purgante-que-sera-rejeitado-pela-camara-dos-deputados\/#breadcrumb\"},\"inLanguage\":\"pt-BR\",\"potentialAction\":[{\"@type\":\"ReadAction\",\"target\":[\"https:\/\/www.notibras.com\/site\/cunha-diz-que-cpmf-e-purgante-que-sera-rejeitado-pela-camara-dos-deputados\/\"]}]},{\"@type\":\"ImageObject\",\"inLanguage\":\"pt-BR\",\"@id\":\"https:\/\/www.notibras.com\/site\/cunha-diz-que-cpmf-e-purgante-que-sera-rejeitado-pela-camara-dos-deputados\/#primaryimage\",\"url\":\"https:\/\/www.notibras.com\/site\/wp-content\/uploads\/2015\/10\/968230-df17072015-dsc_2886_1.jpg\",\"contentUrl\":\"https:\/\/www.notibras.com\/site\/wp-content\/uploads\/2015\/10\/968230-df17072015-dsc_2886_1.jpg\",\"width\":940,\"height\":716},{\"@type\":\"BreadcrumbList\",\"@id\":\"https:\/\/www.notibras.com\/site\/cunha-diz-que-cpmf-e-purgante-que-sera-rejeitado-pela-camara-dos-deputados\/#breadcrumb\",\"itemListElement\":[{\"@type\":\"ListItem\",\"position\":1,\"name\":\"In\u00edcio\",\"item\":\"https:\/\/www.notibras.com\/site\/\"},{\"@type\":\"ListItem\",\"position\":2,\"name\":\"Cunha diz que CPMF \u00e9 um purgante que ser\u00e1 rejeitado pela C\u00e2mara dos Deputados\"}]},{\"@type\":\"WebSite\",\"@id\":\"https:\/\/www.notibras.com\/site\/#website\",\"url\":\"https:\/\/www.notibras.com\/site\/\",\"name\":\"Notibras\",\"description\":\"Not\u00edcias de Bras\u00edlia, do Brasil e do Mundo\",\"publisher\":{\"@id\":\"https:\/\/www.notibras.com\/site\/#organization\"},\"potentialAction\":[{\"@type\":\"SearchAction\",\"target\":{\"@type\":\"EntryPoint\",\"urlTemplate\":\"https:\/\/www.notibras.com\/site\/?s={search_term_string}\"},\"query-input\":{\"@type\":\"PropertyValueSpecification\",\"valueRequired\":true,\"valueName\":\"search_term_string\"}}],\"inLanguage\":\"pt-BR\"},{\"@type\":\"Organization\",\"@id\":\"https:\/\/www.notibras.com\/site\/#organization\",\"name\":\"Grupo Notibras de Comunica\u00e7\u00e3o\",\"url\":\"https:\/\/www.notibras.com\/site\/\",\"logo\":{\"@type\":\"ImageObject\",\"inLanguage\":\"pt-BR\",\"@id\":\"https:\/\/www.notibras.com\/site\/#\/schema\/logo\/image\/\",\"url\":\"https:\/\/www.notibras.com\/site\/wp-content\/uploads\/2023\/01\/notibras23.png\",\"contentUrl\":\"https:\/\/www.notibras.com\/site\/wp-content\/uploads\/2023\/01\/notibras23.png\",\"width\":350,\"height\":87,\"caption\":\"Grupo Notibras de Comunica\u00e7\u00e3o\"},\"image\":{\"@id\":\"https:\/\/www.notibras.com\/site\/#\/schema\/logo\/image\/\"},\"sameAs\":[\"https:\/\/www.facebook.com\/notibras\/\",\"https:\/\/x.com\/Notibras\",\"https:\/\/www.instagram.com\/notibras\/\"]},{\"@type\":\"Person\",\"@id\":\"https:\/\/www.notibras.com\/site\/#\/schema\/person\/36ab0979449956132d3e5b517ea76ac8\",\"name\":\"Reda\u00e7\u00e3o\",\"image\":{\"@type\":\"ImageObject\",\"inLanguage\":\"pt-BR\",\"@id\":\"https:\/\/secure.gravatar.com\/avatar\/e0a867bdedb85fd243eadf09663511f96fc81e0720a4a42581f334ad4303aa6b?s=96&d=mm&r=g\",\"url\":\"https:\/\/secure.gravatar.com\/avatar\/e0a867bdedb85fd243eadf09663511f96fc81e0720a4a42581f334ad4303aa6b?s=96&d=mm&r=g\",\"contentUrl\":\"https:\/\/secure.gravatar.com\/avatar\/e0a867bdedb85fd243eadf09663511f96fc81e0720a4a42581f334ad4303aa6b?s=96&d=mm&r=g\",\"caption\":\"Reda\u00e7\u00e3o\"}}]}<\/script>\n<!-- \/ Yoast SEO plugin. -->","yoast_head_json":{"title":"Cunha diz que CPMF \u00e9 um purgante que ser\u00e1 rejeitado pela C\u00e2mara dos Deputados - Notibras","robots":{"index":"index","follow":"follow","max-snippet":"max-snippet:-1","max-image-preview":"max-image-preview:large","max-video-preview":"max-video-preview:-1"},"canonical":"https:\/\/www.notibras.com\/site\/cunha-diz-que-cpmf-e-purgante-que-sera-rejeitado-pela-camara-dos-deputados\/","og_locale":"pt_BR","og_type":"article","og_title":"Cunha diz que CPMF \u00e9 um purgante que ser\u00e1 rejeitado pela C\u00e2mara dos Deputados - Notibras","og_description":"O presidente da C\u00e2mara, Eduardo Cunha (PMDB-RJ), avaliou em entrevista nesta quinta-feira, 22, que a articula\u00e7\u00e3o do Planalto com prefeitos para dobrar a CPMF de 0,20% para 0,38% n\u00e3o dever\u00e1 ajudar a aprova\u00e7\u00e3o da recria\u00e7\u00e3o do tributo na Casa. Mesmo que o governo tenha a &#8220;base mais azeitada poss\u00edvel&#8221;, ele disse n\u00e3o acreditar na aprova\u00e7\u00e3o [&hellip;]","og_url":"https:\/\/www.notibras.com\/site\/cunha-diz-que-cpmf-e-purgante-que-sera-rejeitado-pela-camara-dos-deputados\/","og_site_name":"Notibras","article_publisher":"https:\/\/www.facebook.com\/notibras\/","article_published_time":"2015-10-22T14:25:12+00:00","article_modified_time":"2015-10-23T07:17:18+00:00","og_image":[{"width":940,"height":716,"url":"https:\/\/www.notibras.com\/site\/wp-content\/uploads\/2015\/10\/968230-df17072015-dsc_2886_1.jpg","type":"image\/jpeg"}],"author":"Reda\u00e7\u00e3o","twitter_card":"summary_large_image","twitter_creator":"@Notibras","twitter_site":"@Notibras","twitter_misc":{"Escrito por":"Reda\u00e7\u00e3o","Est. tempo de leitura":"2 minutos"},"schema":{"@context":"https:\/\/schema.org","@graph":[{"@type":"Article","@id":"https:\/\/www.notibras.com\/site\/cunha-diz-que-cpmf-e-purgante-que-sera-rejeitado-pela-camara-dos-deputados\/#article","isPartOf":{"@id":"https:\/\/www.notibras.com\/site\/cunha-diz-que-cpmf-e-purgante-que-sera-rejeitado-pela-camara-dos-deputados\/"},"author":{"name":"Reda\u00e7\u00e3o","@id":"https:\/\/www.notibras.com\/site\/#\/schema\/person\/36ab0979449956132d3e5b517ea76ac8"},"headline":"Cunha diz que CPMF \u00e9 um purgante que ser\u00e1 rejeitado pela C\u00e2mara dos Deputados","datePublished":"2015-10-22T14:25:12+00:00","dateModified":"2015-10-23T07:17:18+00:00","mainEntityOfPage":{"@id":"https:\/\/www.notibras.com\/site\/cunha-diz-que-cpmf-e-purgante-que-sera-rejeitado-pela-camara-dos-deputados\/"},"wordCount":483,"commentCount":0,"publisher":{"@id":"https:\/\/www.notibras.com\/site\/#organization"},"image":{"@id":"https:\/\/www.notibras.com\/site\/cunha-diz-que-cpmf-e-purgante-que-sera-rejeitado-pela-camara-dos-deputados\/#primaryimage"},"thumbnailUrl":"https:\/\/www.notibras.com\/site\/wp-content\/uploads\/2015\/10\/968230-df17072015-dsc_2886_1.jpg","articleSection":["Brasil"],"inLanguage":"pt-BR","potentialAction":[{"@type":"CommentAction","name":"Comment","target":["https:\/\/www.notibras.com\/site\/cunha-diz-que-cpmf-e-purgante-que-sera-rejeitado-pela-camara-dos-deputados\/#respond"]}]},{"@type":"WebPage","@id":"https:\/\/www.notibras.com\/site\/cunha-diz-que-cpmf-e-purgante-que-sera-rejeitado-pela-camara-dos-deputados\/","url":"https:\/\/www.notibras.com\/site\/cunha-diz-que-cpmf-e-purgante-que-sera-rejeitado-pela-camara-dos-deputados\/","name":"Cunha diz que CPMF \u00e9 um purgante que ser\u00e1 rejeitado pela C\u00e2mara dos Deputados - Notibras","isPartOf":{"@id":"https:\/\/www.notibras.com\/site\/#website"},"primaryImageOfPage":{"@id":"https:\/\/www.notibras.com\/site\/cunha-diz-que-cpmf-e-purgante-que-sera-rejeitado-pela-camara-dos-deputados\/#primaryimage"},"image":{"@id":"https:\/\/www.notibras.com\/site\/cunha-diz-que-cpmf-e-purgante-que-sera-rejeitado-pela-camara-dos-deputados\/#primaryimage"},"thumbnailUrl":"https:\/\/www.notibras.com\/site\/wp-content\/uploads\/2015\/10\/968230-df17072015-dsc_2886_1.jpg","datePublished":"2015-10-22T14:25:12+00:00","dateModified":"2015-10-23T07:17:18+00:00","breadcrumb":{"@id":"https:\/\/www.notibras.com\/site\/cunha-diz-que-cpmf-e-purgante-que-sera-rejeitado-pela-camara-dos-deputados\/#breadcrumb"},"inLanguage":"pt-BR","potentialAction":[{"@type":"ReadAction","target":["https:\/\/www.notibras.com\/site\/cunha-diz-que-cpmf-e-purgante-que-sera-rejeitado-pela-camara-dos-deputados\/"]}]},{"@type":"ImageObject","inLanguage":"pt-BR","@id":"https:\/\/www.notibras.com\/site\/cunha-diz-que-cpmf-e-purgante-que-sera-rejeitado-pela-camara-dos-deputados\/#primaryimage","url":"https:\/\/www.notibras.com\/site\/wp-content\/uploads\/2015\/10\/968230-df17072015-dsc_2886_1.jpg","contentUrl":"https:\/\/www.notibras.com\/site\/wp-content\/uploads\/2015\/10\/968230-df17072015-dsc_2886_1.jpg","width":940,"height":716},{"@type":"BreadcrumbList","@id":"https:\/\/www.notibras.com\/site\/cunha-diz-que-cpmf-e-purgante-que-sera-rejeitado-pela-camara-dos-deputados\/#breadcrumb","itemListElement":[{"@type":"ListItem","position":1,"name":"In\u00edcio","item":"https:\/\/www.notibras.com\/site\/"},{"@type":"ListItem","position":2,"name":"Cunha diz que CPMF \u00e9 um purgante que ser\u00e1 rejeitado pela C\u00e2mara dos Deputados"}]},{"@type":"WebSite","@id":"https:\/\/www.notibras.com\/site\/#website","url":"https:\/\/www.notibras.com\/site\/","name":"Notibras","description":"Not\u00edcias de Bras\u00edlia, do Brasil e do Mundo","publisher":{"@id":"https:\/\/www.notibras.com\/site\/#organization"},"potentialAction":[{"@type":"SearchAction","target":{"@type":"EntryPoint","urlTemplate":"https:\/\/www.notibras.com\/site\/?s={search_term_string}"},"query-input":{"@type":"PropertyValueSpecification","valueRequired":true,"valueName":"search_term_string"}}],"inLanguage":"pt-BR"},{"@type":"Organization","@id":"https:\/\/www.notibras.com\/site\/#organization","name":"Grupo Notibras de Comunica\u00e7\u00e3o","url":"https:\/\/www.notibras.com\/site\/","logo":{"@type":"ImageObject","inLanguage":"pt-BR","@id":"https:\/\/www.notibras.com\/site\/#\/schema\/logo\/image\/","url":"https:\/\/www.notibras.com\/site\/wp-content\/uploads\/2023\/01\/notibras23.png","contentUrl":"https:\/\/www.notibras.com\/site\/wp-content\/uploads\/2023\/01\/notibras23.png","width":350,"height":87,"caption":"Grupo Notibras de Comunica\u00e7\u00e3o"},"image":{"@id":"https:\/\/www.notibras.com\/site\/#\/schema\/logo\/image\/"},"sameAs":["https:\/\/www.facebook.com\/notibras\/","https:\/\/x.com\/Notibras","https:\/\/www.instagram.com\/notibras\/"]},{"@type":"Person","@id":"https:\/\/www.notibras.com\/site\/#\/schema\/person\/36ab0979449956132d3e5b517ea76ac8","name":"Reda\u00e7\u00e3o","image":{"@type":"ImageObject","inLanguage":"pt-BR","@id":"https:\/\/secure.gravatar.com\/avatar\/e0a867bdedb85fd243eadf09663511f96fc81e0720a4a42581f334ad4303aa6b?s=96&d=mm&r=g","url":"https:\/\/secure.gravatar.com\/avatar\/e0a867bdedb85fd243eadf09663511f96fc81e0720a4a42581f334ad4303aa6b?s=96&d=mm&r=g","contentUrl":"https:\/\/secure.gravatar.com\/avatar\/e0a867bdedb85fd243eadf09663511f96fc81e0720a4a42581f334ad4303aa6b?s=96&d=mm&r=g","caption":"Reda\u00e7\u00e3o"}}]}},"amp_enabled":true,"_links":{"self":[{"href":"https:\/\/www.notibras.com\/site\/wp-json\/wp\/v2\/posts\/72570","targetHints":{"allow":["GET"]}}],"collection":[{"href":"https:\/\/www.notibras.com\/site\/wp-json\/wp\/v2\/posts"}],"about":[{"href":"https:\/\/www.notibras.com\/site\/wp-json\/wp\/v2\/types\/post"}],"author":[{"embeddable":true,"href":"https:\/\/www.notibras.com\/site\/wp-json\/wp\/v2\/users\/2"}],"replies":[{"embeddable":true,"href":"https:\/\/www.notibras.com\/site\/wp-json\/wp\/v2\/comments?post=72570"}],"version-history":[{"count":2,"href":"https:\/\/www.notibras.com\/site\/wp-json\/wp\/v2\/posts\/72570\/revisions"}],"predecessor-version":[{"id":72573,"href":"https:\/\/www.notibras.com\/site\/wp-json\/wp\/v2\/posts\/72570\/revisions\/72573"}],"wp:featuredmedia":[{"embeddable":true,"href":"https:\/\/www.notibras.com\/site\/wp-json\/wp\/v2\/media\/72571"}],"wp:attachment":[{"href":"https:\/\/www.notibras.com\/site\/wp-json\/wp\/v2\/media?parent=72570"}],"wp:term":[{"taxonomy":"category","embeddable":true,"href":"https:\/\/www.notibras.com\/site\/wp-json\/wp\/v2\/categories?post=72570"},{"taxonomy":"post_tag","embeddable":true,"href":"https:\/\/www.notibras.com\/site\/wp-json\/wp\/v2\/tags?post=72570"}],"curies":[{"name":"wp","href":"https:\/\/api.w.org\/{rel}","templated":true}]}}