{"id":72585,"date":"2015-10-22T19:02:08","date_gmt":"2015-10-22T21:02:08","guid":{"rendered":"http:\/\/www.notibras.com\/site\/?p=72585"},"modified":"2015-10-22T19:03:16","modified_gmt":"2015-10-22T21:03:16","slug":"chuvas-matam-um-e-provocam-destruicao-em-cidades-do-interior-de-sao-paulo","status":"publish","type":"post","link":"https:\/\/www.notibras.com\/site\/chuvas-matam-um-e-provocam-destruicao-em-cidades-do-interior-de-sao-paulo\/","title":{"rendered":"Chuvas matam um e provocam destrui\u00e7\u00e3o em cidades do interior paulista"},"content":{"rendered":"<div class=\"not\">\n<p>Uma sequ\u00eancia de temporais com raios e rajadas de vento destruiu casas, derrubou \u00e1rvores e deixou fam\u00edlias desabrigadas entre a noite de quarta-feira, 21, e a tarde desta quinta-feira, 22, no interior de S\u00e3o Paulo.<\/p>\n<p>Em Motuca, regi\u00e3o Araraquara, um raio matou o lavrador Jo\u00e3o Nilson Mateus, de 48 anos, que trabalhava em uma planta\u00e7\u00e3o, no assentamento Monte Alegre. Ele foi atingido quando corria em campo aberto para se abrigar da chuva em um barrac\u00e3o.<\/p>\n<p>Em Ara\u00e7oiaba da Serra, regi\u00e3o de Sorocaba, cinco casas desabaram e as fam\u00edlias foram levadas para o pr\u00e9dio da assist\u00eancia social. Outras trinta casas foram destelhadas e dois postos de combust\u00edvel tiveram arrancadas as coberturas met\u00e1licas.<\/p>\n<p>Pelo menos 80 \u00e1rvores e tr\u00eas postes ca\u00edram e bairros estavam sem energia. Duas rodovias vicinais ficaram interditadas. Um galp\u00e3o de uma empresa de usinagem desabou, mas ningu\u00e9m se feriu. Dois idosos tiveram ferimentos leves.<\/p>\n<p>Em Sorocaba, as rajadas de vento danificaram sete avi\u00f5es estacionados em uma \u00e1rea coberta do Aeroclube. Segundo a Defesa Civil, com a queda de mais de 40 \u00e1rvores, o sistema el\u00e9trico entrou em pane em v\u00e1rios bairros.<\/p>\n<p>Um barraco caiu no bairro Ipiranga e a fam\u00edlia foi levada para um abrigo municipal. Quatro casas sofreram avarias e ser\u00e3o avaliadas.<\/p>\n<p>Em S\u00e3o Roque, um temporal com granizo destruiu telhados e a cobertura de uma ind\u00fastria.<\/p>\n<p>No munic\u00edpio de Guararapes, oeste do Estado, o vento derrubou o barrac\u00e3o de festas de uma igreja e tr\u00eas postes.<\/p>\n<p>Pelo menos 11 \u00e1rvores ca\u00edram em Sumar\u00e9, regi\u00e3o de Campinas. Uma delas caiu sobre um carro no Parque Ideal, mas os ocupantes sa\u00edram ilesos. Em Itarar\u00e9, no sudoeste, um temporal com granizo causou a queda de \u00e1rvores e o destelhamento de duas casas. Uma fam\u00edlia foi abrigada em uma escola.<\/p>\n<p><b>Capital &#8211;\u00a0<\/b>Na cidade de S\u00e3o Paulo, durante a manh\u00e3 desta quinta-feira, havia pelo menos 51 sem\u00e1foros desligados ou no amarelo piscante, de acordo com a Companhia de Engenharia de Tr\u00e1fego (CET). Faltou luz em v\u00e1rios bairros.<\/p>\n<p>A AES Eletropaulo n\u00e3o forneceu uma estimativa de quantos e quais bairros tinham pontos sem energia e disse que as ocorr\u00eancias eram &#8220;pontuais&#8221; e que as equipes trabalhavam em v\u00e1rios pontos da cidade para restabelecer o fornecimento.<\/p>\n<p><img loading=\"lazy\" decoding=\"async\" class=\"alignnone size-full wp-image-70065\" src=\"http:\/\/www.notibras.com\/site\/wp-content\/uploads\/2015\/10\/estadao.png\" alt=\"estadao\" width=\"99\" height=\"16\" \/><\/p>\n<\/div>\n<p>&nbsp;<\/p>\n","protected":false},"excerpt":{"rendered":"<p>Uma sequ\u00eancia de temporais com raios e rajadas de vento destruiu casas, derrubou \u00e1rvores e deixou fam\u00edlias desabrigadas entre a noite de quarta-feira, 21, e a tarde desta quinta-feira, 22, no interior de S\u00e3o Paulo. Em Motuca, regi\u00e3o Araraquara, um raio matou o lavrador Jo\u00e3o Nilson Mateus, de 48 anos, que trabalhava em uma planta\u00e7\u00e3o, [&hellip;]<\/p>\n","protected":false},"author":2,"featured_media":72586,"comment_status":"open","ping_status":"closed","sticky":false,"template":"","format":"standard","meta":{"_acf_changed":false,"footnotes":""},"categories":[16],"tags":[],"class_list":["post-72585","post","type-post","status-publish","format-standard","has-post-thumbnail","hentry","category-brasil"],"acf":[],"yoast_head":"<!-- This site is optimized with the Yoast SEO plugin v27.2 - https:\/\/yoast.com\/product\/yoast-seo-wordpress\/ -->\n<title>Chuvas matam um e provocam destrui\u00e7\u00e3o em cidades do interior paulista - Notibras<\/title>\n<meta name=\"robots\" content=\"index, follow, max-snippet:-1, max-image-preview:large, max-video-preview:-1\" \/>\n<link rel=\"canonical\" href=\"https:\/\/www.notibras.com\/site\/chuvas-matam-um-e-provocam-destruicao-em-cidades-do-interior-de-sao-paulo\/\" \/>\n<meta property=\"og:locale\" content=\"pt_BR\" \/>\n<meta property=\"og:type\" content=\"article\" \/>\n<meta property=\"og:title\" content=\"Chuvas matam um e provocam destrui\u00e7\u00e3o em cidades do interior paulista - Notibras\" \/>\n<meta property=\"og:description\" content=\"Uma sequ\u00eancia de temporais com raios e rajadas de vento destruiu casas, derrubou \u00e1rvores e deixou fam\u00edlias desabrigadas entre a noite de quarta-feira, 21, e a tarde desta quinta-feira, 22, no interior de S\u00e3o Paulo. Em Motuca, regi\u00e3o Araraquara, um raio matou o lavrador Jo\u00e3o Nilson Mateus, de 48 anos, que trabalhava em uma planta\u00e7\u00e3o, [&hellip;]\" \/>\n<meta property=\"og:url\" content=\"https:\/\/www.notibras.com\/site\/chuvas-matam-um-e-provocam-destruicao-em-cidades-do-interior-de-sao-paulo\/\" \/>\n<meta property=\"og:site_name\" content=\"Notibras\" \/>\n<meta property=\"article:publisher\" content=\"https:\/\/www.facebook.com\/notibras\/\" \/>\n<meta property=\"article:published_time\" content=\"2015-10-22T21:02:08+00:00\" \/>\n<meta property=\"article:modified_time\" content=\"2015-10-22T21:03:16+00:00\" \/>\n<meta property=\"og:image\" content=\"https:\/\/www.notibras.com\/site\/wp-content\/uploads\/2015\/10\/015611269-EX00.jpg\" \/>\n\t<meta property=\"og:image:width\" content=\"600\" \/>\n\t<meta property=\"og:image:height\" content=\"400\" \/>\n\t<meta property=\"og:image:type\" content=\"image\/jpeg\" \/>\n<meta name=\"author\" content=\"Reda\u00e7\u00e3o\" \/>\n<meta name=\"twitter:card\" content=\"summary_large_image\" \/>\n<meta name=\"twitter:creator\" content=\"@Notibras\" \/>\n<meta name=\"twitter:site\" content=\"@Notibras\" \/>\n<meta name=\"twitter:label1\" content=\"Escrito por\" \/>\n\t<meta name=\"twitter:data1\" content=\"Reda\u00e7\u00e3o\" \/>\n\t<meta name=\"twitter:label2\" content=\"Est. tempo de leitura\" \/>\n\t<meta name=\"twitter:data2\" content=\"2 minutos\" \/>\n<script type=\"application\/ld+json\" class=\"yoast-schema-graph\">{\"@context\":\"https:\/\/schema.org\",\"@graph\":[{\"@type\":\"Article\",\"@id\":\"https:\/\/www.notibras.com\/site\/chuvas-matam-um-e-provocam-destruicao-em-cidades-do-interior-de-sao-paulo\/#article\",\"isPartOf\":{\"@id\":\"https:\/\/www.notibras.com\/site\/chuvas-matam-um-e-provocam-destruicao-em-cidades-do-interior-de-sao-paulo\/\"},\"author\":{\"name\":\"Reda\u00e7\u00e3o\",\"@id\":\"https:\/\/www.notibras.com\/site\/#\/schema\/person\/36ab0979449956132d3e5b517ea76ac8\"},\"headline\":\"Chuvas matam um e provocam destrui\u00e7\u00e3o em cidades do interior paulista\",\"datePublished\":\"2015-10-22T21:02:08+00:00\",\"dateModified\":\"2015-10-22T21:03:16+00:00\",\"mainEntityOfPage\":{\"@id\":\"https:\/\/www.notibras.com\/site\/chuvas-matam-um-e-provocam-destruicao-em-cidades-do-interior-de-sao-paulo\/\"},\"wordCount\":409,\"commentCount\":0,\"publisher\":{\"@id\":\"https:\/\/www.notibras.com\/site\/#organization\"},\"image\":{\"@id\":\"https:\/\/www.notibras.com\/site\/chuvas-matam-um-e-provocam-destruicao-em-cidades-do-interior-de-sao-paulo\/#primaryimage\"},\"thumbnailUrl\":\"https:\/\/www.notibras.com\/site\/wp-content\/uploads\/2015\/10\/015611269-EX00.jpg\",\"articleSection\":[\"Brasil\"],\"inLanguage\":\"pt-BR\",\"potentialAction\":[{\"@type\":\"CommentAction\",\"name\":\"Comment\",\"target\":[\"https:\/\/www.notibras.com\/site\/chuvas-matam-um-e-provocam-destruicao-em-cidades-do-interior-de-sao-paulo\/#respond\"]}]},{\"@type\":\"WebPage\",\"@id\":\"https:\/\/www.notibras.com\/site\/chuvas-matam-um-e-provocam-destruicao-em-cidades-do-interior-de-sao-paulo\/\",\"url\":\"https:\/\/www.notibras.com\/site\/chuvas-matam-um-e-provocam-destruicao-em-cidades-do-interior-de-sao-paulo\/\",\"name\":\"Chuvas matam um e provocam destrui\u00e7\u00e3o em cidades do interior paulista - Notibras\",\"isPartOf\":{\"@id\":\"https:\/\/www.notibras.com\/site\/#website\"},\"primaryImageOfPage\":{\"@id\":\"https:\/\/www.notibras.com\/site\/chuvas-matam-um-e-provocam-destruicao-em-cidades-do-interior-de-sao-paulo\/#primaryimage\"},\"image\":{\"@id\":\"https:\/\/www.notibras.com\/site\/chuvas-matam-um-e-provocam-destruicao-em-cidades-do-interior-de-sao-paulo\/#primaryimage\"},\"thumbnailUrl\":\"https:\/\/www.notibras.com\/site\/wp-content\/uploads\/2015\/10\/015611269-EX00.jpg\",\"datePublished\":\"2015-10-22T21:02:08+00:00\",\"dateModified\":\"2015-10-22T21:03:16+00:00\",\"breadcrumb\":{\"@id\":\"https:\/\/www.notibras.com\/site\/chuvas-matam-um-e-provocam-destruicao-em-cidades-do-interior-de-sao-paulo\/#breadcrumb\"},\"inLanguage\":\"pt-BR\",\"potentialAction\":[{\"@type\":\"ReadAction\",\"target\":[\"https:\/\/www.notibras.com\/site\/chuvas-matam-um-e-provocam-destruicao-em-cidades-do-interior-de-sao-paulo\/\"]}]},{\"@type\":\"ImageObject\",\"inLanguage\":\"pt-BR\",\"@id\":\"https:\/\/www.notibras.com\/site\/chuvas-matam-um-e-provocam-destruicao-em-cidades-do-interior-de-sao-paulo\/#primaryimage\",\"url\":\"https:\/\/www.notibras.com\/site\/wp-content\/uploads\/2015\/10\/015611269-EX00.jpg\",\"contentUrl\":\"https:\/\/www.notibras.com\/site\/wp-content\/uploads\/2015\/10\/015611269-EX00.jpg\",\"width\":600,\"height\":400},{\"@type\":\"BreadcrumbList\",\"@id\":\"https:\/\/www.notibras.com\/site\/chuvas-matam-um-e-provocam-destruicao-em-cidades-do-interior-de-sao-paulo\/#breadcrumb\",\"itemListElement\":[{\"@type\":\"ListItem\",\"position\":1,\"name\":\"In\u00edcio\",\"item\":\"https:\/\/www.notibras.com\/site\/\"},{\"@type\":\"ListItem\",\"position\":2,\"name\":\"Chuvas matam um e provocam destrui\u00e7\u00e3o em cidades do interior paulista\"}]},{\"@type\":\"WebSite\",\"@id\":\"https:\/\/www.notibras.com\/site\/#website\",\"url\":\"https:\/\/www.notibras.com\/site\/\",\"name\":\"Notibras\",\"description\":\"Not\u00edcias de Bras\u00edlia, do Brasil e do Mundo\",\"publisher\":{\"@id\":\"https:\/\/www.notibras.com\/site\/#organization\"},\"potentialAction\":[{\"@type\":\"SearchAction\",\"target\":{\"@type\":\"EntryPoint\",\"urlTemplate\":\"https:\/\/www.notibras.com\/site\/?s={search_term_string}\"},\"query-input\":{\"@type\":\"PropertyValueSpecification\",\"valueRequired\":true,\"valueName\":\"search_term_string\"}}],\"inLanguage\":\"pt-BR\"},{\"@type\":\"Organization\",\"@id\":\"https:\/\/www.notibras.com\/site\/#organization\",\"name\":\"Grupo Notibras de Comunica\u00e7\u00e3o\",\"url\":\"https:\/\/www.notibras.com\/site\/\",\"logo\":{\"@type\":\"ImageObject\",\"inLanguage\":\"pt-BR\",\"@id\":\"https:\/\/www.notibras.com\/site\/#\/schema\/logo\/image\/\",\"url\":\"https:\/\/www.notibras.com\/site\/wp-content\/uploads\/2023\/01\/notibras23.png\",\"contentUrl\":\"https:\/\/www.notibras.com\/site\/wp-content\/uploads\/2023\/01\/notibras23.png\",\"width\":350,\"height\":87,\"caption\":\"Grupo Notibras de Comunica\u00e7\u00e3o\"},\"image\":{\"@id\":\"https:\/\/www.notibras.com\/site\/#\/schema\/logo\/image\/\"},\"sameAs\":[\"https:\/\/www.facebook.com\/notibras\/\",\"https:\/\/x.com\/Notibras\",\"https:\/\/www.instagram.com\/notibras\/\"]},{\"@type\":\"Person\",\"@id\":\"https:\/\/www.notibras.com\/site\/#\/schema\/person\/36ab0979449956132d3e5b517ea76ac8\",\"name\":\"Reda\u00e7\u00e3o\",\"image\":{\"@type\":\"ImageObject\",\"inLanguage\":\"pt-BR\",\"@id\":\"https:\/\/secure.gravatar.com\/avatar\/e0a867bdedb85fd243eadf09663511f96fc81e0720a4a42581f334ad4303aa6b?s=96&d=mm&r=g\",\"url\":\"https:\/\/secure.gravatar.com\/avatar\/e0a867bdedb85fd243eadf09663511f96fc81e0720a4a42581f334ad4303aa6b?s=96&d=mm&r=g\",\"contentUrl\":\"https:\/\/secure.gravatar.com\/avatar\/e0a867bdedb85fd243eadf09663511f96fc81e0720a4a42581f334ad4303aa6b?s=96&d=mm&r=g\",\"caption\":\"Reda\u00e7\u00e3o\"}}]}<\/script>\n<!-- \/ Yoast SEO plugin. -->","yoast_head_json":{"title":"Chuvas matam um e provocam destrui\u00e7\u00e3o em cidades do interior paulista - Notibras","robots":{"index":"index","follow":"follow","max-snippet":"max-snippet:-1","max-image-preview":"max-image-preview:large","max-video-preview":"max-video-preview:-1"},"canonical":"https:\/\/www.notibras.com\/site\/chuvas-matam-um-e-provocam-destruicao-em-cidades-do-interior-de-sao-paulo\/","og_locale":"pt_BR","og_type":"article","og_title":"Chuvas matam um e provocam destrui\u00e7\u00e3o em cidades do interior paulista - Notibras","og_description":"Uma sequ\u00eancia de temporais com raios e rajadas de vento destruiu casas, derrubou \u00e1rvores e deixou fam\u00edlias desabrigadas entre a noite de quarta-feira, 21, e a tarde desta quinta-feira, 22, no interior de S\u00e3o Paulo. Em Motuca, regi\u00e3o Araraquara, um raio matou o lavrador Jo\u00e3o Nilson Mateus, de 48 anos, que trabalhava em uma planta\u00e7\u00e3o, [&hellip;]","og_url":"https:\/\/www.notibras.com\/site\/chuvas-matam-um-e-provocam-destruicao-em-cidades-do-interior-de-sao-paulo\/","og_site_name":"Notibras","article_publisher":"https:\/\/www.facebook.com\/notibras\/","article_published_time":"2015-10-22T21:02:08+00:00","article_modified_time":"2015-10-22T21:03:16+00:00","og_image":[{"width":600,"height":400,"url":"https:\/\/www.notibras.com\/site\/wp-content\/uploads\/2015\/10\/015611269-EX00.jpg","type":"image\/jpeg"}],"author":"Reda\u00e7\u00e3o","twitter_card":"summary_large_image","twitter_creator":"@Notibras","twitter_site":"@Notibras","twitter_misc":{"Escrito por":"Reda\u00e7\u00e3o","Est. tempo de leitura":"2 minutos"},"schema":{"@context":"https:\/\/schema.org","@graph":[{"@type":"Article","@id":"https:\/\/www.notibras.com\/site\/chuvas-matam-um-e-provocam-destruicao-em-cidades-do-interior-de-sao-paulo\/#article","isPartOf":{"@id":"https:\/\/www.notibras.com\/site\/chuvas-matam-um-e-provocam-destruicao-em-cidades-do-interior-de-sao-paulo\/"},"author":{"name":"Reda\u00e7\u00e3o","@id":"https:\/\/www.notibras.com\/site\/#\/schema\/person\/36ab0979449956132d3e5b517ea76ac8"},"headline":"Chuvas matam um e provocam destrui\u00e7\u00e3o em cidades do interior paulista","datePublished":"2015-10-22T21:02:08+00:00","dateModified":"2015-10-22T21:03:16+00:00","mainEntityOfPage":{"@id":"https:\/\/www.notibras.com\/site\/chuvas-matam-um-e-provocam-destruicao-em-cidades-do-interior-de-sao-paulo\/"},"wordCount":409,"commentCount":0,"publisher":{"@id":"https:\/\/www.notibras.com\/site\/#organization"},"image":{"@id":"https:\/\/www.notibras.com\/site\/chuvas-matam-um-e-provocam-destruicao-em-cidades-do-interior-de-sao-paulo\/#primaryimage"},"thumbnailUrl":"https:\/\/www.notibras.com\/site\/wp-content\/uploads\/2015\/10\/015611269-EX00.jpg","articleSection":["Brasil"],"inLanguage":"pt-BR","potentialAction":[{"@type":"CommentAction","name":"Comment","target":["https:\/\/www.notibras.com\/site\/chuvas-matam-um-e-provocam-destruicao-em-cidades-do-interior-de-sao-paulo\/#respond"]}]},{"@type":"WebPage","@id":"https:\/\/www.notibras.com\/site\/chuvas-matam-um-e-provocam-destruicao-em-cidades-do-interior-de-sao-paulo\/","url":"https:\/\/www.notibras.com\/site\/chuvas-matam-um-e-provocam-destruicao-em-cidades-do-interior-de-sao-paulo\/","name":"Chuvas matam um e provocam destrui\u00e7\u00e3o em cidades do interior paulista - Notibras","isPartOf":{"@id":"https:\/\/www.notibras.com\/site\/#website"},"primaryImageOfPage":{"@id":"https:\/\/www.notibras.com\/site\/chuvas-matam-um-e-provocam-destruicao-em-cidades-do-interior-de-sao-paulo\/#primaryimage"},"image":{"@id":"https:\/\/www.notibras.com\/site\/chuvas-matam-um-e-provocam-destruicao-em-cidades-do-interior-de-sao-paulo\/#primaryimage"},"thumbnailUrl":"https:\/\/www.notibras.com\/site\/wp-content\/uploads\/2015\/10\/015611269-EX00.jpg","datePublished":"2015-10-22T21:02:08+00:00","dateModified":"2015-10-22T21:03:16+00:00","breadcrumb":{"@id":"https:\/\/www.notibras.com\/site\/chuvas-matam-um-e-provocam-destruicao-em-cidades-do-interior-de-sao-paulo\/#breadcrumb"},"inLanguage":"pt-BR","potentialAction":[{"@type":"ReadAction","target":["https:\/\/www.notibras.com\/site\/chuvas-matam-um-e-provocam-destruicao-em-cidades-do-interior-de-sao-paulo\/"]}]},{"@type":"ImageObject","inLanguage":"pt-BR","@id":"https:\/\/www.notibras.com\/site\/chuvas-matam-um-e-provocam-destruicao-em-cidades-do-interior-de-sao-paulo\/#primaryimage","url":"https:\/\/www.notibras.com\/site\/wp-content\/uploads\/2015\/10\/015611269-EX00.jpg","contentUrl":"https:\/\/www.notibras.com\/site\/wp-content\/uploads\/2015\/10\/015611269-EX00.jpg","width":600,"height":400},{"@type":"BreadcrumbList","@id":"https:\/\/www.notibras.com\/site\/chuvas-matam-um-e-provocam-destruicao-em-cidades-do-interior-de-sao-paulo\/#breadcrumb","itemListElement":[{"@type":"ListItem","position":1,"name":"In\u00edcio","item":"https:\/\/www.notibras.com\/site\/"},{"@type":"ListItem","position":2,"name":"Chuvas matam um e provocam destrui\u00e7\u00e3o em cidades do interior paulista"}]},{"@type":"WebSite","@id":"https:\/\/www.notibras.com\/site\/#website","url":"https:\/\/www.notibras.com\/site\/","name":"Notibras","description":"Not\u00edcias de Bras\u00edlia, do Brasil e do Mundo","publisher":{"@id":"https:\/\/www.notibras.com\/site\/#organization"},"potentialAction":[{"@type":"SearchAction","target":{"@type":"EntryPoint","urlTemplate":"https:\/\/www.notibras.com\/site\/?s={search_term_string}"},"query-input":{"@type":"PropertyValueSpecification","valueRequired":true,"valueName":"search_term_string"}}],"inLanguage":"pt-BR"},{"@type":"Organization","@id":"https:\/\/www.notibras.com\/site\/#organization","name":"Grupo Notibras de Comunica\u00e7\u00e3o","url":"https:\/\/www.notibras.com\/site\/","logo":{"@type":"ImageObject","inLanguage":"pt-BR","@id":"https:\/\/www.notibras.com\/site\/#\/schema\/logo\/image\/","url":"https:\/\/www.notibras.com\/site\/wp-content\/uploads\/2023\/01\/notibras23.png","contentUrl":"https:\/\/www.notibras.com\/site\/wp-content\/uploads\/2023\/01\/notibras23.png","width":350,"height":87,"caption":"Grupo Notibras de Comunica\u00e7\u00e3o"},"image":{"@id":"https:\/\/www.notibras.com\/site\/#\/schema\/logo\/image\/"},"sameAs":["https:\/\/www.facebook.com\/notibras\/","https:\/\/x.com\/Notibras","https:\/\/www.instagram.com\/notibras\/"]},{"@type":"Person","@id":"https:\/\/www.notibras.com\/site\/#\/schema\/person\/36ab0979449956132d3e5b517ea76ac8","name":"Reda\u00e7\u00e3o","image":{"@type":"ImageObject","inLanguage":"pt-BR","@id":"https:\/\/secure.gravatar.com\/avatar\/e0a867bdedb85fd243eadf09663511f96fc81e0720a4a42581f334ad4303aa6b?s=96&d=mm&r=g","url":"https:\/\/secure.gravatar.com\/avatar\/e0a867bdedb85fd243eadf09663511f96fc81e0720a4a42581f334ad4303aa6b?s=96&d=mm&r=g","contentUrl":"https:\/\/secure.gravatar.com\/avatar\/e0a867bdedb85fd243eadf09663511f96fc81e0720a4a42581f334ad4303aa6b?s=96&d=mm&r=g","caption":"Reda\u00e7\u00e3o"}}]}},"amp_enabled":true,"_links":{"self":[{"href":"https:\/\/www.notibras.com\/site\/wp-json\/wp\/v2\/posts\/72585","targetHints":{"allow":["GET"]}}],"collection":[{"href":"https:\/\/www.notibras.com\/site\/wp-json\/wp\/v2\/posts"}],"about":[{"href":"https:\/\/www.notibras.com\/site\/wp-json\/wp\/v2\/types\/post"}],"author":[{"embeddable":true,"href":"https:\/\/www.notibras.com\/site\/wp-json\/wp\/v2\/users\/2"}],"replies":[{"embeddable":true,"href":"https:\/\/www.notibras.com\/site\/wp-json\/wp\/v2\/comments?post=72585"}],"version-history":[{"count":2,"href":"https:\/\/www.notibras.com\/site\/wp-json\/wp\/v2\/posts\/72585\/revisions"}],"predecessor-version":[{"id":72588,"href":"https:\/\/www.notibras.com\/site\/wp-json\/wp\/v2\/posts\/72585\/revisions\/72588"}],"wp:featuredmedia":[{"embeddable":true,"href":"https:\/\/www.notibras.com\/site\/wp-json\/wp\/v2\/media\/72586"}],"wp:attachment":[{"href":"https:\/\/www.notibras.com\/site\/wp-json\/wp\/v2\/media?parent=72585"}],"wp:term":[{"taxonomy":"category","embeddable":true,"href":"https:\/\/www.notibras.com\/site\/wp-json\/wp\/v2\/categories?post=72585"},{"taxonomy":"post_tag","embeddable":true,"href":"https:\/\/www.notibras.com\/site\/wp-json\/wp\/v2\/tags?post=72585"}],"curies":[{"name":"wp","href":"https:\/\/api.w.org\/{rel}","templated":true}]}}