{"id":7265,"date":"2014-04-21T08:34:45","date_gmt":"2014-04-21T11:34:45","guid":{"rendered":"http:\/\/www.notibras.com\/site\/?p=7265"},"modified":"2014-04-21T16:26:40","modified_gmt":"2014-04-21T19:26:40","slug":"pagina-no-face-propoe-a-lei-bernardo-para-garantir-a-vida-das-criancas","status":"publish","type":"post","link":"https:\/\/www.notibras.com\/site\/pagina-no-face-propoe-a-lei-bernardo-para-garantir-a-vida-das-criancas\/","title":{"rendered":"P\u00e1gina no Facebook presta homenagem e prop\u00f5e a Lei Bernardo contra agress\u00f5es"},"content":{"rendered":"<p>Uma p\u00e1gina criada no Facebook em 9 de abril se transformou em uma rede para a cria\u00e7\u00e3o da \u201cLei Bernardo\u201d. Segundo o jornal Zero Hora, os participantes da comunidade virtual discutem uma lei para que \u201cquando houver algum ind\u00edcio de abandono, maus tratos ou agress\u00e3o por parte de um dos pais, os magistrados tenham mais recursos para interferir e precaver este tipo de acontecimento\u201d.<\/p>\n<p>At\u00e9 a publica\u00e7\u00e3o desta not\u00edcia, mais de 1.020 pessoas tinham curtido o post da \u201cCorrente do BEm\u201d &#8211; o \u201cBE\u201d mai\u00fasculos se referem ao apelido de Bernardo Uglione Boldrini, de 11 anos, que desapareceu e foi morto no in\u00edcio de abril em Tr\u00eas Passos (RS). A pol\u00edcia encontrou o corpo do menino dez dias depois e prendeu o pai dele, Leandro Boldrini, e a madrasta Graciele Ugulini, al\u00e9m da amiga do casal Edelv\u00e2nia Wirganovicz, que confessou ter ajudado no crime.<\/p>\n<p>A p\u00e1gina \u201cDesaparecido &#8211; Bernardo Boldrini\u201d conta com mais de 60 mil curtidas na rede social e foi criada pelo estudante Magnos Leandro de Souza, 33 anos, de Tr\u00eas Passos. Ele n\u00e3o conhecia Bernardo e nem a fam\u00edlia, mas organizou a p\u00e1gina para ajudar nas buscas da crian\u00e7a depois de seu desaparecimento.<\/p>\n<p>Postagens na comunidade lamentam a morte do menino, reclamam dos \u00f3rg\u00e3os respons\u00e1veis pela prote\u00e7\u00e3o de crian\u00e7as e pedem aten\u00e7\u00e3o para a possibilidade de haver mais \u201cBernardos\u201d em perigo. Tamb\u00e9m h\u00e1 sugest\u00f5es de se criar uma p\u00e1gina na qual as pr\u00f3prias crian\u00e7as possam fazer den\u00fancias de maus-tratos.<\/p>\n","protected":false},"excerpt":{"rendered":"<p>Uma p\u00e1gina criada no Facebook em 9 de abril se transformou em uma rede para a cria\u00e7\u00e3o da \u201cLei Bernardo\u201d. Segundo o jornal Zero Hora, os participantes da comunidade virtual discutem uma lei para que \u201cquando houver algum ind\u00edcio de abandono, maus tratos ou agress\u00e3o por parte de um dos pais, os magistrados tenham mais [&hellip;]<\/p>\n","protected":false},"author":2,"featured_media":7266,"comment_status":"open","ping_status":"closed","sticky":false,"template":"","format":"standard","meta":{"_acf_changed":false,"footnotes":""},"categories":[16],"tags":[],"class_list":["post-7265","post","type-post","status-publish","format-standard","has-post-thumbnail","hentry","category-brasil"],"acf":[],"yoast_head":"<!-- This site is optimized with the Yoast SEO plugin v27.2 - https:\/\/yoast.com\/product\/yoast-seo-wordpress\/ -->\n<title>P\u00e1gina no Facebook presta homenagem e prop\u00f5e a Lei Bernardo contra agress\u00f5es - Notibras<\/title>\n<meta name=\"robots\" content=\"index, follow, max-snippet:-1, max-image-preview:large, max-video-preview:-1\" \/>\n<link rel=\"canonical\" href=\"https:\/\/www.notibras.com\/site\/pagina-no-face-propoe-a-lei-bernardo-para-garantir-a-vida-das-criancas\/\" \/>\n<meta property=\"og:locale\" content=\"pt_BR\" \/>\n<meta property=\"og:type\" content=\"article\" \/>\n<meta property=\"og:title\" content=\"P\u00e1gina no Facebook presta homenagem e prop\u00f5e a Lei Bernardo contra agress\u00f5es - Notibras\" \/>\n<meta property=\"og:description\" content=\"Uma p\u00e1gina criada no Facebook em 9 de abril se transformou em uma rede para a cria\u00e7\u00e3o da \u201cLei Bernardo\u201d. Segundo o jornal Zero Hora, os participantes da comunidade virtual discutem uma lei para que \u201cquando houver algum ind\u00edcio de abandono, maus tratos ou agress\u00e3o por parte de um dos pais, os magistrados tenham mais [&hellip;]\" \/>\n<meta property=\"og:url\" content=\"https:\/\/www.notibras.com\/site\/pagina-no-face-propoe-a-lei-bernardo-para-garantir-a-vida-das-criancas\/\" \/>\n<meta property=\"og:site_name\" content=\"Notibras\" \/>\n<meta property=\"article:publisher\" content=\"https:\/\/www.facebook.com\/notibras\/\" \/>\n<meta property=\"article:published_time\" content=\"2014-04-21T11:34:45+00:00\" \/>\n<meta property=\"article:modified_time\" content=\"2014-04-21T19:26:40+00:00\" \/>\n<meta property=\"og:image\" content=\"https:\/\/www.notibras.com\/site\/wp-content\/uploads\/2014\/04\/manchete2a..jpg\" \/>\n\t<meta property=\"og:image:width\" content=\"460\" \/>\n\t<meta property=\"og:image:height\" content=\"340\" \/>\n\t<meta property=\"og:image:type\" content=\"image\/jpeg\" \/>\n<meta name=\"author\" content=\"Reda\u00e7\u00e3o\" \/>\n<meta name=\"twitter:card\" content=\"summary_large_image\" \/>\n<meta name=\"twitter:creator\" content=\"@Notibras\" \/>\n<meta name=\"twitter:site\" content=\"@Notibras\" \/>\n<meta name=\"twitter:label1\" content=\"Escrito por\" \/>\n\t<meta name=\"twitter:data1\" content=\"Reda\u00e7\u00e3o\" \/>\n\t<meta name=\"twitter:label2\" content=\"Est. tempo de leitura\" \/>\n\t<meta name=\"twitter:data2\" content=\"1 minuto\" \/>\n<script type=\"application\/ld+json\" class=\"yoast-schema-graph\">{\"@context\":\"https:\/\/schema.org\",\"@graph\":[{\"@type\":\"Article\",\"@id\":\"https:\/\/www.notibras.com\/site\/pagina-no-face-propoe-a-lei-bernardo-para-garantir-a-vida-das-criancas\/#article\",\"isPartOf\":{\"@id\":\"https:\/\/www.notibras.com\/site\/pagina-no-face-propoe-a-lei-bernardo-para-garantir-a-vida-das-criancas\/\"},\"author\":{\"name\":\"Reda\u00e7\u00e3o\",\"@id\":\"https:\/\/www.notibras.com\/site\/#\/schema\/person\/36ab0979449956132d3e5b517ea76ac8\"},\"headline\":\"P\u00e1gina no Facebook presta homenagem e prop\u00f5e a Lei Bernardo contra agress\u00f5es\",\"datePublished\":\"2014-04-21T11:34:45+00:00\",\"dateModified\":\"2014-04-21T19:26:40+00:00\",\"mainEntityOfPage\":{\"@id\":\"https:\/\/www.notibras.com\/site\/pagina-no-face-propoe-a-lei-bernardo-para-garantir-a-vida-das-criancas\/\"},\"wordCount\":281,\"commentCount\":0,\"publisher\":{\"@id\":\"https:\/\/www.notibras.com\/site\/#organization\"},\"image\":{\"@id\":\"https:\/\/www.notibras.com\/site\/pagina-no-face-propoe-a-lei-bernardo-para-garantir-a-vida-das-criancas\/#primaryimage\"},\"thumbnailUrl\":\"https:\/\/www.notibras.com\/site\/wp-content\/uploads\/2014\/04\/manchete2a..jpg\",\"articleSection\":[\"Brasil\"],\"inLanguage\":\"pt-BR\",\"potentialAction\":[{\"@type\":\"CommentAction\",\"name\":\"Comment\",\"target\":[\"https:\/\/www.notibras.com\/site\/pagina-no-face-propoe-a-lei-bernardo-para-garantir-a-vida-das-criancas\/#respond\"]}]},{\"@type\":\"WebPage\",\"@id\":\"https:\/\/www.notibras.com\/site\/pagina-no-face-propoe-a-lei-bernardo-para-garantir-a-vida-das-criancas\/\",\"url\":\"https:\/\/www.notibras.com\/site\/pagina-no-face-propoe-a-lei-bernardo-para-garantir-a-vida-das-criancas\/\",\"name\":\"P\u00e1gina no Facebook presta homenagem e prop\u00f5e a Lei Bernardo contra agress\u00f5es - Notibras\",\"isPartOf\":{\"@id\":\"https:\/\/www.notibras.com\/site\/#website\"},\"primaryImageOfPage\":{\"@id\":\"https:\/\/www.notibras.com\/site\/pagina-no-face-propoe-a-lei-bernardo-para-garantir-a-vida-das-criancas\/#primaryimage\"},\"image\":{\"@id\":\"https:\/\/www.notibras.com\/site\/pagina-no-face-propoe-a-lei-bernardo-para-garantir-a-vida-das-criancas\/#primaryimage\"},\"thumbnailUrl\":\"https:\/\/www.notibras.com\/site\/wp-content\/uploads\/2014\/04\/manchete2a..jpg\",\"datePublished\":\"2014-04-21T11:34:45+00:00\",\"dateModified\":\"2014-04-21T19:26:40+00:00\",\"breadcrumb\":{\"@id\":\"https:\/\/www.notibras.com\/site\/pagina-no-face-propoe-a-lei-bernardo-para-garantir-a-vida-das-criancas\/#breadcrumb\"},\"inLanguage\":\"pt-BR\",\"potentialAction\":[{\"@type\":\"ReadAction\",\"target\":[\"https:\/\/www.notibras.com\/site\/pagina-no-face-propoe-a-lei-bernardo-para-garantir-a-vida-das-criancas\/\"]}]},{\"@type\":\"ImageObject\",\"inLanguage\":\"pt-BR\",\"@id\":\"https:\/\/www.notibras.com\/site\/pagina-no-face-propoe-a-lei-bernardo-para-garantir-a-vida-das-criancas\/#primaryimage\",\"url\":\"https:\/\/www.notibras.com\/site\/wp-content\/uploads\/2014\/04\/manchete2a..jpg\",\"contentUrl\":\"https:\/\/www.notibras.com\/site\/wp-content\/uploads\/2014\/04\/manchete2a..jpg\",\"width\":460,\"height\":340},{\"@type\":\"BreadcrumbList\",\"@id\":\"https:\/\/www.notibras.com\/site\/pagina-no-face-propoe-a-lei-bernardo-para-garantir-a-vida-das-criancas\/#breadcrumb\",\"itemListElement\":[{\"@type\":\"ListItem\",\"position\":1,\"name\":\"In\u00edcio\",\"item\":\"https:\/\/www.notibras.com\/site\/\"},{\"@type\":\"ListItem\",\"position\":2,\"name\":\"P\u00e1gina no Facebook presta homenagem e prop\u00f5e a Lei Bernardo contra agress\u00f5es\"}]},{\"@type\":\"WebSite\",\"@id\":\"https:\/\/www.notibras.com\/site\/#website\",\"url\":\"https:\/\/www.notibras.com\/site\/\",\"name\":\"Notibras\",\"description\":\"Not\u00edcias de Bras\u00edlia, do Brasil e do Mundo\",\"publisher\":{\"@id\":\"https:\/\/www.notibras.com\/site\/#organization\"},\"potentialAction\":[{\"@type\":\"SearchAction\",\"target\":{\"@type\":\"EntryPoint\",\"urlTemplate\":\"https:\/\/www.notibras.com\/site\/?s={search_term_string}\"},\"query-input\":{\"@type\":\"PropertyValueSpecification\",\"valueRequired\":true,\"valueName\":\"search_term_string\"}}],\"inLanguage\":\"pt-BR\"},{\"@type\":\"Organization\",\"@id\":\"https:\/\/www.notibras.com\/site\/#organization\",\"name\":\"Grupo Notibras de Comunica\u00e7\u00e3o\",\"url\":\"https:\/\/www.notibras.com\/site\/\",\"logo\":{\"@type\":\"ImageObject\",\"inLanguage\":\"pt-BR\",\"@id\":\"https:\/\/www.notibras.com\/site\/#\/schema\/logo\/image\/\",\"url\":\"https:\/\/www.notibras.com\/site\/wp-content\/uploads\/2023\/01\/notibras23.png\",\"contentUrl\":\"https:\/\/www.notibras.com\/site\/wp-content\/uploads\/2023\/01\/notibras23.png\",\"width\":350,\"height\":87,\"caption\":\"Grupo Notibras de Comunica\u00e7\u00e3o\"},\"image\":{\"@id\":\"https:\/\/www.notibras.com\/site\/#\/schema\/logo\/image\/\"},\"sameAs\":[\"https:\/\/www.facebook.com\/notibras\/\",\"https:\/\/x.com\/Notibras\",\"https:\/\/www.instagram.com\/notibras\/\"]},{\"@type\":\"Person\",\"@id\":\"https:\/\/www.notibras.com\/site\/#\/schema\/person\/36ab0979449956132d3e5b517ea76ac8\",\"name\":\"Reda\u00e7\u00e3o\",\"image\":{\"@type\":\"ImageObject\",\"inLanguage\":\"pt-BR\",\"@id\":\"https:\/\/secure.gravatar.com\/avatar\/e0a867bdedb85fd243eadf09663511f96fc81e0720a4a42581f334ad4303aa6b?s=96&d=mm&r=g\",\"url\":\"https:\/\/secure.gravatar.com\/avatar\/e0a867bdedb85fd243eadf09663511f96fc81e0720a4a42581f334ad4303aa6b?s=96&d=mm&r=g\",\"contentUrl\":\"https:\/\/secure.gravatar.com\/avatar\/e0a867bdedb85fd243eadf09663511f96fc81e0720a4a42581f334ad4303aa6b?s=96&d=mm&r=g\",\"caption\":\"Reda\u00e7\u00e3o\"}}]}<\/script>\n<!-- \/ Yoast SEO plugin. -->","yoast_head_json":{"title":"P\u00e1gina no Facebook presta homenagem e prop\u00f5e a Lei Bernardo contra agress\u00f5es - Notibras","robots":{"index":"index","follow":"follow","max-snippet":"max-snippet:-1","max-image-preview":"max-image-preview:large","max-video-preview":"max-video-preview:-1"},"canonical":"https:\/\/www.notibras.com\/site\/pagina-no-face-propoe-a-lei-bernardo-para-garantir-a-vida-das-criancas\/","og_locale":"pt_BR","og_type":"article","og_title":"P\u00e1gina no Facebook presta homenagem e prop\u00f5e a Lei Bernardo contra agress\u00f5es - Notibras","og_description":"Uma p\u00e1gina criada no Facebook em 9 de abril se transformou em uma rede para a cria\u00e7\u00e3o da \u201cLei Bernardo\u201d. Segundo o jornal Zero Hora, os participantes da comunidade virtual discutem uma lei para que \u201cquando houver algum ind\u00edcio de abandono, maus tratos ou agress\u00e3o por parte de um dos pais, os magistrados tenham mais [&hellip;]","og_url":"https:\/\/www.notibras.com\/site\/pagina-no-face-propoe-a-lei-bernardo-para-garantir-a-vida-das-criancas\/","og_site_name":"Notibras","article_publisher":"https:\/\/www.facebook.com\/notibras\/","article_published_time":"2014-04-21T11:34:45+00:00","article_modified_time":"2014-04-21T19:26:40+00:00","og_image":[{"width":460,"height":340,"url":"https:\/\/www.notibras.com\/site\/wp-content\/uploads\/2014\/04\/manchete2a..jpg","type":"image\/jpeg"}],"author":"Reda\u00e7\u00e3o","twitter_card":"summary_large_image","twitter_creator":"@Notibras","twitter_site":"@Notibras","twitter_misc":{"Escrito por":"Reda\u00e7\u00e3o","Est. tempo de leitura":"1 minuto"},"schema":{"@context":"https:\/\/schema.org","@graph":[{"@type":"Article","@id":"https:\/\/www.notibras.com\/site\/pagina-no-face-propoe-a-lei-bernardo-para-garantir-a-vida-das-criancas\/#article","isPartOf":{"@id":"https:\/\/www.notibras.com\/site\/pagina-no-face-propoe-a-lei-bernardo-para-garantir-a-vida-das-criancas\/"},"author":{"name":"Reda\u00e7\u00e3o","@id":"https:\/\/www.notibras.com\/site\/#\/schema\/person\/36ab0979449956132d3e5b517ea76ac8"},"headline":"P\u00e1gina no Facebook presta homenagem e prop\u00f5e a Lei Bernardo contra agress\u00f5es","datePublished":"2014-04-21T11:34:45+00:00","dateModified":"2014-04-21T19:26:40+00:00","mainEntityOfPage":{"@id":"https:\/\/www.notibras.com\/site\/pagina-no-face-propoe-a-lei-bernardo-para-garantir-a-vida-das-criancas\/"},"wordCount":281,"commentCount":0,"publisher":{"@id":"https:\/\/www.notibras.com\/site\/#organization"},"image":{"@id":"https:\/\/www.notibras.com\/site\/pagina-no-face-propoe-a-lei-bernardo-para-garantir-a-vida-das-criancas\/#primaryimage"},"thumbnailUrl":"https:\/\/www.notibras.com\/site\/wp-content\/uploads\/2014\/04\/manchete2a..jpg","articleSection":["Brasil"],"inLanguage":"pt-BR","potentialAction":[{"@type":"CommentAction","name":"Comment","target":["https:\/\/www.notibras.com\/site\/pagina-no-face-propoe-a-lei-bernardo-para-garantir-a-vida-das-criancas\/#respond"]}]},{"@type":"WebPage","@id":"https:\/\/www.notibras.com\/site\/pagina-no-face-propoe-a-lei-bernardo-para-garantir-a-vida-das-criancas\/","url":"https:\/\/www.notibras.com\/site\/pagina-no-face-propoe-a-lei-bernardo-para-garantir-a-vida-das-criancas\/","name":"P\u00e1gina no Facebook presta homenagem e prop\u00f5e a Lei Bernardo contra agress\u00f5es - Notibras","isPartOf":{"@id":"https:\/\/www.notibras.com\/site\/#website"},"primaryImageOfPage":{"@id":"https:\/\/www.notibras.com\/site\/pagina-no-face-propoe-a-lei-bernardo-para-garantir-a-vida-das-criancas\/#primaryimage"},"image":{"@id":"https:\/\/www.notibras.com\/site\/pagina-no-face-propoe-a-lei-bernardo-para-garantir-a-vida-das-criancas\/#primaryimage"},"thumbnailUrl":"https:\/\/www.notibras.com\/site\/wp-content\/uploads\/2014\/04\/manchete2a..jpg","datePublished":"2014-04-21T11:34:45+00:00","dateModified":"2014-04-21T19:26:40+00:00","breadcrumb":{"@id":"https:\/\/www.notibras.com\/site\/pagina-no-face-propoe-a-lei-bernardo-para-garantir-a-vida-das-criancas\/#breadcrumb"},"inLanguage":"pt-BR","potentialAction":[{"@type":"ReadAction","target":["https:\/\/www.notibras.com\/site\/pagina-no-face-propoe-a-lei-bernardo-para-garantir-a-vida-das-criancas\/"]}]},{"@type":"ImageObject","inLanguage":"pt-BR","@id":"https:\/\/www.notibras.com\/site\/pagina-no-face-propoe-a-lei-bernardo-para-garantir-a-vida-das-criancas\/#primaryimage","url":"https:\/\/www.notibras.com\/site\/wp-content\/uploads\/2014\/04\/manchete2a..jpg","contentUrl":"https:\/\/www.notibras.com\/site\/wp-content\/uploads\/2014\/04\/manchete2a..jpg","width":460,"height":340},{"@type":"BreadcrumbList","@id":"https:\/\/www.notibras.com\/site\/pagina-no-face-propoe-a-lei-bernardo-para-garantir-a-vida-das-criancas\/#breadcrumb","itemListElement":[{"@type":"ListItem","position":1,"name":"In\u00edcio","item":"https:\/\/www.notibras.com\/site\/"},{"@type":"ListItem","position":2,"name":"P\u00e1gina no Facebook presta homenagem e prop\u00f5e a Lei Bernardo contra agress\u00f5es"}]},{"@type":"WebSite","@id":"https:\/\/www.notibras.com\/site\/#website","url":"https:\/\/www.notibras.com\/site\/","name":"Notibras","description":"Not\u00edcias de Bras\u00edlia, do Brasil e do Mundo","publisher":{"@id":"https:\/\/www.notibras.com\/site\/#organization"},"potentialAction":[{"@type":"SearchAction","target":{"@type":"EntryPoint","urlTemplate":"https:\/\/www.notibras.com\/site\/?s={search_term_string}"},"query-input":{"@type":"PropertyValueSpecification","valueRequired":true,"valueName":"search_term_string"}}],"inLanguage":"pt-BR"},{"@type":"Organization","@id":"https:\/\/www.notibras.com\/site\/#organization","name":"Grupo Notibras de Comunica\u00e7\u00e3o","url":"https:\/\/www.notibras.com\/site\/","logo":{"@type":"ImageObject","inLanguage":"pt-BR","@id":"https:\/\/www.notibras.com\/site\/#\/schema\/logo\/image\/","url":"https:\/\/www.notibras.com\/site\/wp-content\/uploads\/2023\/01\/notibras23.png","contentUrl":"https:\/\/www.notibras.com\/site\/wp-content\/uploads\/2023\/01\/notibras23.png","width":350,"height":87,"caption":"Grupo Notibras de Comunica\u00e7\u00e3o"},"image":{"@id":"https:\/\/www.notibras.com\/site\/#\/schema\/logo\/image\/"},"sameAs":["https:\/\/www.facebook.com\/notibras\/","https:\/\/x.com\/Notibras","https:\/\/www.instagram.com\/notibras\/"]},{"@type":"Person","@id":"https:\/\/www.notibras.com\/site\/#\/schema\/person\/36ab0979449956132d3e5b517ea76ac8","name":"Reda\u00e7\u00e3o","image":{"@type":"ImageObject","inLanguage":"pt-BR","@id":"https:\/\/secure.gravatar.com\/avatar\/e0a867bdedb85fd243eadf09663511f96fc81e0720a4a42581f334ad4303aa6b?s=96&d=mm&r=g","url":"https:\/\/secure.gravatar.com\/avatar\/e0a867bdedb85fd243eadf09663511f96fc81e0720a4a42581f334ad4303aa6b?s=96&d=mm&r=g","contentUrl":"https:\/\/secure.gravatar.com\/avatar\/e0a867bdedb85fd243eadf09663511f96fc81e0720a4a42581f334ad4303aa6b?s=96&d=mm&r=g","caption":"Reda\u00e7\u00e3o"}}]}},"amp_enabled":true,"_links":{"self":[{"href":"https:\/\/www.notibras.com\/site\/wp-json\/wp\/v2\/posts\/7265","targetHints":{"allow":["GET"]}}],"collection":[{"href":"https:\/\/www.notibras.com\/site\/wp-json\/wp\/v2\/posts"}],"about":[{"href":"https:\/\/www.notibras.com\/site\/wp-json\/wp\/v2\/types\/post"}],"author":[{"embeddable":true,"href":"https:\/\/www.notibras.com\/site\/wp-json\/wp\/v2\/users\/2"}],"replies":[{"embeddable":true,"href":"https:\/\/www.notibras.com\/site\/wp-json\/wp\/v2\/comments?post=7265"}],"version-history":[{"count":0,"href":"https:\/\/www.notibras.com\/site\/wp-json\/wp\/v2\/posts\/7265\/revisions"}],"wp:featuredmedia":[{"embeddable":true,"href":"https:\/\/www.notibras.com\/site\/wp-json\/wp\/v2\/media\/7266"}],"wp:attachment":[{"href":"https:\/\/www.notibras.com\/site\/wp-json\/wp\/v2\/media?parent=7265"}],"wp:term":[{"taxonomy":"category","embeddable":true,"href":"https:\/\/www.notibras.com\/site\/wp-json\/wp\/v2\/categories?post=7265"},{"taxonomy":"post_tag","embeddable":true,"href":"https:\/\/www.notibras.com\/site\/wp-json\/wp\/v2\/tags?post=7265"}],"curies":[{"name":"wp","href":"https:\/\/api.w.org\/{rel}","templated":true}]}}