{"id":72692,"date":"2015-10-24T00:32:49","date_gmt":"2015-10-24T02:32:49","guid":{"rendered":"http:\/\/www.notibras.com\/site\/?p=72692"},"modified":"2015-10-24T16:47:38","modified_gmt":"2015-10-24T18:47:38","slug":"patricia-perde-for-mas-chega-ao-mexico-com-ventos-de-265-kmh","status":"publish","type":"post","link":"https:\/\/www.notibras.com\/site\/patricia-perde-for-mas-chega-ao-mexico-com-ventos-de-265-kmh\/","title":{"rendered":"Patr\u00edcia perde for\u00e7a mas chega ao M\u00e9xico com ventos de 265 km\/h"},"content":{"rendered":"<p>O furac\u00e3o Patr\u00edcia, a tempestade mais forte j\u00e1 registrada no continente americano, diminuiu sua for\u00e7a levemente na noite de sexta-feira, antes de atingir a costa do Pac\u00edfico, no M\u00e9xico, com ventos de ao menos 265 quil\u00f4metros por hora.<\/p>\n<p>Imagens de sat\u00e9lite do Centro Nacional de Furac\u00f5es dos Estados Unidos mostraram o oloho do poderoso furac\u00e3o atingindo a costa a cerca de 72 quil\u00f4metros ao norte de Manzanillo, um pequeno resort tur\u00edstico, e alguns quil\u00f4metros ao sul de Puerto Vallarta, um grande resort.<\/p>\n<p>O Centro Nacional de Furac\u00f5es dos EUA estimou ventos de no m\u00e1ximo 265 quil\u00f4metros por hora na hora da chegada ao continente, apesar de o Centro Clim\u00e1tico do M\u00e9xico ter medidos ventos a 305 quil\u00f4metros por hora.<\/p>\n<p>A tempestade perdeu um pouco da for\u00e7a, comparado com o come\u00e7o da sexta-feira, quando tinha ventos de no m\u00e1ximo 321 quil\u00f4metros por hora e rajadas de 402 quil\u00f4metros por hora &#8211; fortes o suficiente, segundo as autoridades, para atingir avi\u00f5es. Assim que chegasse ao continente, era esperado que a for\u00e7a do furac\u00e3o diminu\u00edsse rapidamente, \u00e0 medida que alcan\u00e7asse as montanhas de Sierra Madre, no M\u00e9xico.<\/p>\n<p>Os mexicanos postaram imagens na Internet de ventos atingindo o litoral perto de Manzanillo, balan\u00e7ando fortemente palmeiras e destruindo as placas nas estradas. Ondas de quatro a seis metros atingiram a costa, de acordo com o governo. N\u00e3o houve relatos de feridos.<\/p>\n<p>Uma autoridade do M\u00e9xico afirmou que a \u00e1rea da costa do Oceano Pac\u00edfico pode receber quase 40% da m\u00e9dia anual de chuvas em apenas dois dias.<\/p>\n<p>&#8220;N\u00f3s nunca vimos nada como isso&#8221;, disse Roberto Ram\u00edrez, chefe da Ag\u00eancia Nacional Clim\u00e1tica do M\u00e9xico, para o canal de televis\u00e3o Mil\u00eanio.<\/p>\n<p>O trecho de terra entre Manzanillo e Puerto Vallarta \u00e9 ponteada por pequenos hot\u00e9is e resorts, mas n\u00e3o h\u00e1 grandes centros populacionais.<\/p>\n<p>&#8220;Esta parte da costa do M\u00e9xico \u00e9 pouco povoada, ent\u00e3o os impactos dos fortes ventos &#8211; que est\u00e3o concentrados em uma pequena \u00e1rea &#8211; podem ficar limitados a atingir algumas pequenas cidades e vilarejos, mas sabemos que esse certamente n\u00e3o \u00e9 um evento qualquer para as pessoas que vivem l\u00e1&#8221;, disse Mark Bove, meteorologista, pesquisador da Munich Reinsurance America.<\/p>\n<p>O maior risco pode ocorrer ap\u00f3s a chegada do furac\u00e3o ao continente. &#8220;Uma grande parte do M\u00e9xico estar\u00e1 em risco de chuvas torrenciais e deslizamentos de terra, \u00e0 medida que o furac\u00e3o Patr\u00edcia move-se para o norte, e potencialmente, isso pode causar mais danos do que os pr\u00f3prios ventos&#8221;, ele disse.<\/p>\n<p>As autoridades do pa\u00eds declararam situa\u00e7\u00e3o de emerg\u00eancia em tr\u00eas estados da costa do pa\u00eds, Jalisco, Nayarit e Colima, fechando escolas e pedindo aos residentes para tomarem precau\u00e7\u00f5es, como armazenar comida, \u00e1gua e lanternas.<\/p>\n<p>O governo do M\u00e9xico afirmou que cerca de 3.500 pessoas foram evacuadas da regi\u00e3o em 150 \u00f4nibus e tr\u00eas voos que sa\u00edram de Puerto Vallarta. Centenas de outras pessoas foram colocadas em abrigos.<\/p>\n<p>O furac\u00e3o Patr\u00edcia tamb\u00e9m pode tornar-se um problema para o estado do Texas, nos Estados Unidos. Modelos de previs\u00e3o indicam que ap\u00f3s a tempestade atingir o continente, resqu\u00edcios da tempestade tropical devem provavelmente contribuir para as fortes chuvas torrenciais que j\u00e1 est\u00e3o atingindo o Texas, mesmo sem o furac\u00e3o.<\/p>\n","protected":false},"excerpt":{"rendered":"<p>O furac\u00e3o Patr\u00edcia, a tempestade mais forte j\u00e1 registrada no continente americano, diminuiu sua for\u00e7a levemente na noite de sexta-feira, antes de atingir a costa do Pac\u00edfico, no M\u00e9xico, com ventos de ao menos 265 quil\u00f4metros por hora. Imagens de sat\u00e9lite do Centro Nacional de Furac\u00f5es dos Estados Unidos mostraram o oloho do poderoso furac\u00e3o [&hellip;]<\/p>\n","protected":false},"author":2,"featured_media":72721,"comment_status":"open","ping_status":"closed","sticky":false,"template":"","format":"standard","meta":{"_acf_changed":false,"footnotes":""},"categories":[17],"tags":[],"class_list":["post-72692","post","type-post","status-publish","format-standard","has-post-thumbnail","hentry","category-mundo"],"acf":[],"yoast_head":"<!-- This site is optimized with the Yoast SEO plugin v27.2 - https:\/\/yoast.com\/product\/yoast-seo-wordpress\/ -->\n<title>Patr\u00edcia perde for\u00e7a mas chega ao M\u00e9xico com ventos de 265 km\/h - Notibras<\/title>\n<meta name=\"robots\" content=\"index, follow, max-snippet:-1, max-image-preview:large, max-video-preview:-1\" \/>\n<link rel=\"canonical\" href=\"https:\/\/www.notibras.com\/site\/patricia-perde-for-mas-chega-ao-mexico-com-ventos-de-265-kmh\/\" \/>\n<meta property=\"og:locale\" content=\"pt_BR\" \/>\n<meta property=\"og:type\" content=\"article\" \/>\n<meta property=\"og:title\" content=\"Patr\u00edcia perde for\u00e7a mas chega ao M\u00e9xico com ventos de 265 km\/h - Notibras\" \/>\n<meta property=\"og:description\" content=\"O furac\u00e3o Patr\u00edcia, a tempestade mais forte j\u00e1 registrada no continente americano, diminuiu sua for\u00e7a levemente na noite de sexta-feira, antes de atingir a costa do Pac\u00edfico, no M\u00e9xico, com ventos de ao menos 265 quil\u00f4metros por hora. Imagens de sat\u00e9lite do Centro Nacional de Furac\u00f5es dos Estados Unidos mostraram o oloho do poderoso furac\u00e3o [&hellip;]\" \/>\n<meta property=\"og:url\" content=\"https:\/\/www.notibras.com\/site\/patricia-perde-for-mas-chega-ao-mexico-com-ventos-de-265-kmh\/\" \/>\n<meta property=\"og:site_name\" content=\"Notibras\" \/>\n<meta property=\"article:publisher\" content=\"https:\/\/www.facebook.com\/notibras\/\" \/>\n<meta property=\"article:published_time\" content=\"2015-10-24T02:32:49+00:00\" \/>\n<meta property=\"article:modified_time\" content=\"2015-10-24T18:47:38+00:00\" \/>\n<meta property=\"og:image\" content=\"https:\/\/www.notibras.com\/site\/wp-content\/uploads\/2015\/10\/1_csbp1nbwiaas4yz__1__jpg_large-1132547.jpg\" \/>\n\t<meta property=\"og:image:width\" content=\"500\" \/>\n\t<meta property=\"og:image:height\" content=\"352\" \/>\n\t<meta property=\"og:image:type\" content=\"image\/jpeg\" \/>\n<meta name=\"author\" content=\"Reda\u00e7\u00e3o\" \/>\n<meta name=\"twitter:card\" content=\"summary_large_image\" \/>\n<meta name=\"twitter:creator\" content=\"@Notibras\" \/>\n<meta name=\"twitter:site\" content=\"@Notibras\" \/>\n<meta name=\"twitter:label1\" content=\"Escrito por\" \/>\n\t<meta name=\"twitter:data1\" content=\"Reda\u00e7\u00e3o\" \/>\n\t<meta name=\"twitter:label2\" content=\"Est. tempo de leitura\" \/>\n\t<meta name=\"twitter:data2\" content=\"3 minutos\" \/>\n<script type=\"application\/ld+json\" class=\"yoast-schema-graph\">{\"@context\":\"https:\/\/schema.org\",\"@graph\":[{\"@type\":\"Article\",\"@id\":\"https:\/\/www.notibras.com\/site\/patricia-perde-for-mas-chega-ao-mexico-com-ventos-de-265-kmh\/#article\",\"isPartOf\":{\"@id\":\"https:\/\/www.notibras.com\/site\/patricia-perde-for-mas-chega-ao-mexico-com-ventos-de-265-kmh\/\"},\"author\":{\"name\":\"Reda\u00e7\u00e3o\",\"@id\":\"https:\/\/www.notibras.com\/site\/#\/schema\/person\/36ab0979449956132d3e5b517ea76ac8\"},\"headline\":\"Patr\u00edcia perde for\u00e7a mas chega ao M\u00e9xico com ventos de 265 km\/h\",\"datePublished\":\"2015-10-24T02:32:49+00:00\",\"dateModified\":\"2015-10-24T18:47:38+00:00\",\"mainEntityOfPage\":{\"@id\":\"https:\/\/www.notibras.com\/site\/patricia-perde-for-mas-chega-ao-mexico-com-ventos-de-265-kmh\/\"},\"wordCount\":594,\"commentCount\":0,\"publisher\":{\"@id\":\"https:\/\/www.notibras.com\/site\/#organization\"},\"image\":{\"@id\":\"https:\/\/www.notibras.com\/site\/patricia-perde-for-mas-chega-ao-mexico-com-ventos-de-265-kmh\/#primaryimage\"},\"thumbnailUrl\":\"https:\/\/www.notibras.com\/site\/wp-content\/uploads\/2015\/10\/1_csbp1nbwiaas4yz__1__jpg_large-1132547.jpg\",\"articleSection\":[\"Mundo\"],\"inLanguage\":\"pt-BR\",\"potentialAction\":[{\"@type\":\"CommentAction\",\"name\":\"Comment\",\"target\":[\"https:\/\/www.notibras.com\/site\/patricia-perde-for-mas-chega-ao-mexico-com-ventos-de-265-kmh\/#respond\"]}]},{\"@type\":\"WebPage\",\"@id\":\"https:\/\/www.notibras.com\/site\/patricia-perde-for-mas-chega-ao-mexico-com-ventos-de-265-kmh\/\",\"url\":\"https:\/\/www.notibras.com\/site\/patricia-perde-for-mas-chega-ao-mexico-com-ventos-de-265-kmh\/\",\"name\":\"Patr\u00edcia perde for\u00e7a mas chega ao M\u00e9xico com ventos de 265 km\/h - Notibras\",\"isPartOf\":{\"@id\":\"https:\/\/www.notibras.com\/site\/#website\"},\"primaryImageOfPage\":{\"@id\":\"https:\/\/www.notibras.com\/site\/patricia-perde-for-mas-chega-ao-mexico-com-ventos-de-265-kmh\/#primaryimage\"},\"image\":{\"@id\":\"https:\/\/www.notibras.com\/site\/patricia-perde-for-mas-chega-ao-mexico-com-ventos-de-265-kmh\/#primaryimage\"},\"thumbnailUrl\":\"https:\/\/www.notibras.com\/site\/wp-content\/uploads\/2015\/10\/1_csbp1nbwiaas4yz__1__jpg_large-1132547.jpg\",\"datePublished\":\"2015-10-24T02:32:49+00:00\",\"dateModified\":\"2015-10-24T18:47:38+00:00\",\"breadcrumb\":{\"@id\":\"https:\/\/www.notibras.com\/site\/patricia-perde-for-mas-chega-ao-mexico-com-ventos-de-265-kmh\/#breadcrumb\"},\"inLanguage\":\"pt-BR\",\"potentialAction\":[{\"@type\":\"ReadAction\",\"target\":[\"https:\/\/www.notibras.com\/site\/patricia-perde-for-mas-chega-ao-mexico-com-ventos-de-265-kmh\/\"]}]},{\"@type\":\"ImageObject\",\"inLanguage\":\"pt-BR\",\"@id\":\"https:\/\/www.notibras.com\/site\/patricia-perde-for-mas-chega-ao-mexico-com-ventos-de-265-kmh\/#primaryimage\",\"url\":\"https:\/\/www.notibras.com\/site\/wp-content\/uploads\/2015\/10\/1_csbp1nbwiaas4yz__1__jpg_large-1132547.jpg\",\"contentUrl\":\"https:\/\/www.notibras.com\/site\/wp-content\/uploads\/2015\/10\/1_csbp1nbwiaas4yz__1__jpg_large-1132547.jpg\",\"width\":500,\"height\":352},{\"@type\":\"BreadcrumbList\",\"@id\":\"https:\/\/www.notibras.com\/site\/patricia-perde-for-mas-chega-ao-mexico-com-ventos-de-265-kmh\/#breadcrumb\",\"itemListElement\":[{\"@type\":\"ListItem\",\"position\":1,\"name\":\"In\u00edcio\",\"item\":\"https:\/\/www.notibras.com\/site\/\"},{\"@type\":\"ListItem\",\"position\":2,\"name\":\"Patr\u00edcia perde for\u00e7a mas chega ao M\u00e9xico com ventos de 265 km\/h\"}]},{\"@type\":\"WebSite\",\"@id\":\"https:\/\/www.notibras.com\/site\/#website\",\"url\":\"https:\/\/www.notibras.com\/site\/\",\"name\":\"Notibras\",\"description\":\"Not\u00edcias de Bras\u00edlia, do Brasil e do Mundo\",\"publisher\":{\"@id\":\"https:\/\/www.notibras.com\/site\/#organization\"},\"potentialAction\":[{\"@type\":\"SearchAction\",\"target\":{\"@type\":\"EntryPoint\",\"urlTemplate\":\"https:\/\/www.notibras.com\/site\/?s={search_term_string}\"},\"query-input\":{\"@type\":\"PropertyValueSpecification\",\"valueRequired\":true,\"valueName\":\"search_term_string\"}}],\"inLanguage\":\"pt-BR\"},{\"@type\":\"Organization\",\"@id\":\"https:\/\/www.notibras.com\/site\/#organization\",\"name\":\"Grupo Notibras de Comunica\u00e7\u00e3o\",\"url\":\"https:\/\/www.notibras.com\/site\/\",\"logo\":{\"@type\":\"ImageObject\",\"inLanguage\":\"pt-BR\",\"@id\":\"https:\/\/www.notibras.com\/site\/#\/schema\/logo\/image\/\",\"url\":\"https:\/\/www.notibras.com\/site\/wp-content\/uploads\/2023\/01\/notibras23.png\",\"contentUrl\":\"https:\/\/www.notibras.com\/site\/wp-content\/uploads\/2023\/01\/notibras23.png\",\"width\":350,\"height\":87,\"caption\":\"Grupo Notibras de Comunica\u00e7\u00e3o\"},\"image\":{\"@id\":\"https:\/\/www.notibras.com\/site\/#\/schema\/logo\/image\/\"},\"sameAs\":[\"https:\/\/www.facebook.com\/notibras\/\",\"https:\/\/x.com\/Notibras\",\"https:\/\/www.instagram.com\/notibras\/\"]},{\"@type\":\"Person\",\"@id\":\"https:\/\/www.notibras.com\/site\/#\/schema\/person\/36ab0979449956132d3e5b517ea76ac8\",\"name\":\"Reda\u00e7\u00e3o\",\"image\":{\"@type\":\"ImageObject\",\"inLanguage\":\"pt-BR\",\"@id\":\"https:\/\/secure.gravatar.com\/avatar\/e0a867bdedb85fd243eadf09663511f96fc81e0720a4a42581f334ad4303aa6b?s=96&d=mm&r=g\",\"url\":\"https:\/\/secure.gravatar.com\/avatar\/e0a867bdedb85fd243eadf09663511f96fc81e0720a4a42581f334ad4303aa6b?s=96&d=mm&r=g\",\"contentUrl\":\"https:\/\/secure.gravatar.com\/avatar\/e0a867bdedb85fd243eadf09663511f96fc81e0720a4a42581f334ad4303aa6b?s=96&d=mm&r=g\",\"caption\":\"Reda\u00e7\u00e3o\"}}]}<\/script>\n<!-- \/ Yoast SEO plugin. -->","yoast_head_json":{"title":"Patr\u00edcia perde for\u00e7a mas chega ao M\u00e9xico com ventos de 265 km\/h - Notibras","robots":{"index":"index","follow":"follow","max-snippet":"max-snippet:-1","max-image-preview":"max-image-preview:large","max-video-preview":"max-video-preview:-1"},"canonical":"https:\/\/www.notibras.com\/site\/patricia-perde-for-mas-chega-ao-mexico-com-ventos-de-265-kmh\/","og_locale":"pt_BR","og_type":"article","og_title":"Patr\u00edcia perde for\u00e7a mas chega ao M\u00e9xico com ventos de 265 km\/h - Notibras","og_description":"O furac\u00e3o Patr\u00edcia, a tempestade mais forte j\u00e1 registrada no continente americano, diminuiu sua for\u00e7a levemente na noite de sexta-feira, antes de atingir a costa do Pac\u00edfico, no M\u00e9xico, com ventos de ao menos 265 quil\u00f4metros por hora. Imagens de sat\u00e9lite do Centro Nacional de Furac\u00f5es dos Estados Unidos mostraram o oloho do poderoso furac\u00e3o [&hellip;]","og_url":"https:\/\/www.notibras.com\/site\/patricia-perde-for-mas-chega-ao-mexico-com-ventos-de-265-kmh\/","og_site_name":"Notibras","article_publisher":"https:\/\/www.facebook.com\/notibras\/","article_published_time":"2015-10-24T02:32:49+00:00","article_modified_time":"2015-10-24T18:47:38+00:00","og_image":[{"width":500,"height":352,"url":"https:\/\/www.notibras.com\/site\/wp-content\/uploads\/2015\/10\/1_csbp1nbwiaas4yz__1__jpg_large-1132547.jpg","type":"image\/jpeg"}],"author":"Reda\u00e7\u00e3o","twitter_card":"summary_large_image","twitter_creator":"@Notibras","twitter_site":"@Notibras","twitter_misc":{"Escrito por":"Reda\u00e7\u00e3o","Est. tempo de leitura":"3 minutos"},"schema":{"@context":"https:\/\/schema.org","@graph":[{"@type":"Article","@id":"https:\/\/www.notibras.com\/site\/patricia-perde-for-mas-chega-ao-mexico-com-ventos-de-265-kmh\/#article","isPartOf":{"@id":"https:\/\/www.notibras.com\/site\/patricia-perde-for-mas-chega-ao-mexico-com-ventos-de-265-kmh\/"},"author":{"name":"Reda\u00e7\u00e3o","@id":"https:\/\/www.notibras.com\/site\/#\/schema\/person\/36ab0979449956132d3e5b517ea76ac8"},"headline":"Patr\u00edcia perde for\u00e7a mas chega ao M\u00e9xico com ventos de 265 km\/h","datePublished":"2015-10-24T02:32:49+00:00","dateModified":"2015-10-24T18:47:38+00:00","mainEntityOfPage":{"@id":"https:\/\/www.notibras.com\/site\/patricia-perde-for-mas-chega-ao-mexico-com-ventos-de-265-kmh\/"},"wordCount":594,"commentCount":0,"publisher":{"@id":"https:\/\/www.notibras.com\/site\/#organization"},"image":{"@id":"https:\/\/www.notibras.com\/site\/patricia-perde-for-mas-chega-ao-mexico-com-ventos-de-265-kmh\/#primaryimage"},"thumbnailUrl":"https:\/\/www.notibras.com\/site\/wp-content\/uploads\/2015\/10\/1_csbp1nbwiaas4yz__1__jpg_large-1132547.jpg","articleSection":["Mundo"],"inLanguage":"pt-BR","potentialAction":[{"@type":"CommentAction","name":"Comment","target":["https:\/\/www.notibras.com\/site\/patricia-perde-for-mas-chega-ao-mexico-com-ventos-de-265-kmh\/#respond"]}]},{"@type":"WebPage","@id":"https:\/\/www.notibras.com\/site\/patricia-perde-for-mas-chega-ao-mexico-com-ventos-de-265-kmh\/","url":"https:\/\/www.notibras.com\/site\/patricia-perde-for-mas-chega-ao-mexico-com-ventos-de-265-kmh\/","name":"Patr\u00edcia perde for\u00e7a mas chega ao M\u00e9xico com ventos de 265 km\/h - Notibras","isPartOf":{"@id":"https:\/\/www.notibras.com\/site\/#website"},"primaryImageOfPage":{"@id":"https:\/\/www.notibras.com\/site\/patricia-perde-for-mas-chega-ao-mexico-com-ventos-de-265-kmh\/#primaryimage"},"image":{"@id":"https:\/\/www.notibras.com\/site\/patricia-perde-for-mas-chega-ao-mexico-com-ventos-de-265-kmh\/#primaryimage"},"thumbnailUrl":"https:\/\/www.notibras.com\/site\/wp-content\/uploads\/2015\/10\/1_csbp1nbwiaas4yz__1__jpg_large-1132547.jpg","datePublished":"2015-10-24T02:32:49+00:00","dateModified":"2015-10-24T18:47:38+00:00","breadcrumb":{"@id":"https:\/\/www.notibras.com\/site\/patricia-perde-for-mas-chega-ao-mexico-com-ventos-de-265-kmh\/#breadcrumb"},"inLanguage":"pt-BR","potentialAction":[{"@type":"ReadAction","target":["https:\/\/www.notibras.com\/site\/patricia-perde-for-mas-chega-ao-mexico-com-ventos-de-265-kmh\/"]}]},{"@type":"ImageObject","inLanguage":"pt-BR","@id":"https:\/\/www.notibras.com\/site\/patricia-perde-for-mas-chega-ao-mexico-com-ventos-de-265-kmh\/#primaryimage","url":"https:\/\/www.notibras.com\/site\/wp-content\/uploads\/2015\/10\/1_csbp1nbwiaas4yz__1__jpg_large-1132547.jpg","contentUrl":"https:\/\/www.notibras.com\/site\/wp-content\/uploads\/2015\/10\/1_csbp1nbwiaas4yz__1__jpg_large-1132547.jpg","width":500,"height":352},{"@type":"BreadcrumbList","@id":"https:\/\/www.notibras.com\/site\/patricia-perde-for-mas-chega-ao-mexico-com-ventos-de-265-kmh\/#breadcrumb","itemListElement":[{"@type":"ListItem","position":1,"name":"In\u00edcio","item":"https:\/\/www.notibras.com\/site\/"},{"@type":"ListItem","position":2,"name":"Patr\u00edcia perde for\u00e7a mas chega ao M\u00e9xico com ventos de 265 km\/h"}]},{"@type":"WebSite","@id":"https:\/\/www.notibras.com\/site\/#website","url":"https:\/\/www.notibras.com\/site\/","name":"Notibras","description":"Not\u00edcias de Bras\u00edlia, do Brasil e do Mundo","publisher":{"@id":"https:\/\/www.notibras.com\/site\/#organization"},"potentialAction":[{"@type":"SearchAction","target":{"@type":"EntryPoint","urlTemplate":"https:\/\/www.notibras.com\/site\/?s={search_term_string}"},"query-input":{"@type":"PropertyValueSpecification","valueRequired":true,"valueName":"search_term_string"}}],"inLanguage":"pt-BR"},{"@type":"Organization","@id":"https:\/\/www.notibras.com\/site\/#organization","name":"Grupo Notibras de Comunica\u00e7\u00e3o","url":"https:\/\/www.notibras.com\/site\/","logo":{"@type":"ImageObject","inLanguage":"pt-BR","@id":"https:\/\/www.notibras.com\/site\/#\/schema\/logo\/image\/","url":"https:\/\/www.notibras.com\/site\/wp-content\/uploads\/2023\/01\/notibras23.png","contentUrl":"https:\/\/www.notibras.com\/site\/wp-content\/uploads\/2023\/01\/notibras23.png","width":350,"height":87,"caption":"Grupo Notibras de Comunica\u00e7\u00e3o"},"image":{"@id":"https:\/\/www.notibras.com\/site\/#\/schema\/logo\/image\/"},"sameAs":["https:\/\/www.facebook.com\/notibras\/","https:\/\/x.com\/Notibras","https:\/\/www.instagram.com\/notibras\/"]},{"@type":"Person","@id":"https:\/\/www.notibras.com\/site\/#\/schema\/person\/36ab0979449956132d3e5b517ea76ac8","name":"Reda\u00e7\u00e3o","image":{"@type":"ImageObject","inLanguage":"pt-BR","@id":"https:\/\/secure.gravatar.com\/avatar\/e0a867bdedb85fd243eadf09663511f96fc81e0720a4a42581f334ad4303aa6b?s=96&d=mm&r=g","url":"https:\/\/secure.gravatar.com\/avatar\/e0a867bdedb85fd243eadf09663511f96fc81e0720a4a42581f334ad4303aa6b?s=96&d=mm&r=g","contentUrl":"https:\/\/secure.gravatar.com\/avatar\/e0a867bdedb85fd243eadf09663511f96fc81e0720a4a42581f334ad4303aa6b?s=96&d=mm&r=g","caption":"Reda\u00e7\u00e3o"}}]}},"amp_enabled":true,"_links":{"self":[{"href":"https:\/\/www.notibras.com\/site\/wp-json\/wp\/v2\/posts\/72692","targetHints":{"allow":["GET"]}}],"collection":[{"href":"https:\/\/www.notibras.com\/site\/wp-json\/wp\/v2\/posts"}],"about":[{"href":"https:\/\/www.notibras.com\/site\/wp-json\/wp\/v2\/types\/post"}],"author":[{"embeddable":true,"href":"https:\/\/www.notibras.com\/site\/wp-json\/wp\/v2\/users\/2"}],"replies":[{"embeddable":true,"href":"https:\/\/www.notibras.com\/site\/wp-json\/wp\/v2\/comments?post=72692"}],"version-history":[{"count":2,"href":"https:\/\/www.notibras.com\/site\/wp-json\/wp\/v2\/posts\/72692\/revisions"}],"predecessor-version":[{"id":72723,"href":"https:\/\/www.notibras.com\/site\/wp-json\/wp\/v2\/posts\/72692\/revisions\/72723"}],"wp:featuredmedia":[{"embeddable":true,"href":"https:\/\/www.notibras.com\/site\/wp-json\/wp\/v2\/media\/72721"}],"wp:attachment":[{"href":"https:\/\/www.notibras.com\/site\/wp-json\/wp\/v2\/media?parent=72692"}],"wp:term":[{"taxonomy":"category","embeddable":true,"href":"https:\/\/www.notibras.com\/site\/wp-json\/wp\/v2\/categories?post=72692"},{"taxonomy":"post_tag","embeddable":true,"href":"https:\/\/www.notibras.com\/site\/wp-json\/wp\/v2\/tags?post=72692"}],"curies":[{"name":"wp","href":"https:\/\/api.w.org\/{rel}","templated":true}]}}