{"id":7273,"date":"2014-04-21T12:07:49","date_gmt":"2014-04-21T15:07:49","guid":{"rendered":"http:\/\/www.notibras.com\/site\/?p=7273"},"modified":"2014-04-21T12:09:29","modified_gmt":"2014-04-21T15:09:29","slug":"brasilia-pos-cinquenta-virou-polo-de-desenvolvimento-de-cultura-e-arte","status":"publish","type":"post","link":"https:\/\/www.notibras.com\/site\/brasilia-pos-cinquenta-virou-polo-de-desenvolvimento-de-cultura-e-arte\/","title":{"rendered":"Bras\u00edlia p\u00f3s-cinquenta \u00e9 um verdadeiro celeiro para a cultura e a arte"},"content":{"rendered":"<p>O c\u00e9u azul, a arquitetura moderna e as avenidas largas ainda conseguem despertar paix\u00e3o e carinho. Mas ao completar 54 anos hoje (21), Bras\u00edlia, a capital planejada de todos os brasileiros, enfrenta um momento delicado como um adolescente deixando a puberdade e prestes a entrar na fase adulta. Assim, poetas, m\u00fasicos, jornalistas e pessoas comuns ouvidas pela <strong>Ag\u00eancia Brasil<\/strong> analisam o atual momento da capital federal.<\/p>\n<p>Passados 54 anos da inaugura\u00e7\u00e3o da cidade por Juscelino Kubitschek, a arquitetura modernista de L\u00facio Costa e os tra\u00e7os ousados de Oscar Niemeyer t\u00eam ficado em segundo plano diante de problemas comuns aos grandes centros: a m\u00e1 presta\u00e7\u00e3o de servi\u00e7os p\u00fablicos, como sa\u00fade, seguran\u00e7a e transporte, e a descren\u00e7a na classe pol\u00edtica.<\/p>\n<p>\u201cBras\u00edlia est\u00e1 passando por um processo de metropoliza\u00e7\u00e3o muito claro. Interessante como j\u00e1 se pode falar de centro hist\u00f3rico, ainda mais quando vemos a verticaliza\u00e7\u00e3o das cidades- sat\u00e9lites. Bras\u00edlia passa por um momento delicado por causa da press\u00e3o imobili\u00e1ria para mexer na \u00e1rea tombada, que acho que n\u00e3o pode mexer\u201d, avaliou o poeta Nicolas Behr, autor de cinco livros sobre a capital do pa\u00eds.<\/p>\n<p>\u201cA cidade est\u00e1 vivenciando dor do crescimento e buscando uma identidade. Ela \u00e9 muito nova, apesar dos seus 54 anos. Acho isso bacana, a cidade estar buscando sua identidade e a sociedade come\u00e7ando a ir \u00e0s ruas para cobrar dos gestores uma atitude correta e uma preocupa\u00e7\u00e3o maior. D\u00f3i, as vezes, mas \u00e9 bom porque a gente cresce. Isso \u00e9 bacana e saud\u00e1vel\u201d, acrescentou o jornalista e poeta Z\u00e9 Carlos Vieira, paraibano que chegou ao Planalto Central com 2 meses de vida, h\u00e1 54 anos.<\/p>\n<p>Para Behr, Bras\u00edlia ultrapassou barreiras e tornou-se um polo de desenvolvimento e cultura. Diferentemente, do que se pensava para ela em 1960. \u201cPensava-se em uma cidade pequena. N\u00e3o havia o Lago Sul, Norte e n\u00e3o tinha as cidades-sat\u00e9lites. O L\u00facio Costa pensava uma cidade pequena, de burocratas, que trabalhavam no servi\u00e7o p\u00fablico. Mas Bras\u00edlia virou um polo de desenvolvimento. Os migrantes que vieram para c\u00e1, os candangos, n\u00e3o retornaram. Agora, ela n\u00e3o \u00e9 mais uma maquete. J\u00e1 \u00e9 uma cidade viva, n\u00e3o \u00e9 mais artificial como era. Isso quem fez fomos n\u00f3s\u201d, disse o poeta.<\/p>\n<p>E esse crescimento criou oportunidades, mas trouxe tamb\u00e9m desafios. \u201cAqui, a vis\u00e3o j\u00e1 n\u00e3o \u00e9 t\u00e3o bela. Bras\u00edlia, periferia, Santa Maria [regi\u00e3o administrativa] \u00e9 o nome dela. Estupros, assaltos, fatos corriqueiros. Desempregados se embriagam o dia inteiro\u201d. Os versos do <em>rapper <\/em>Gog, em Bras\u00edlia Periferia, descrevem o cotidiano dos brasilienses que moram \u201cfora das asas do avi\u00e3o\u201d.<\/p>\n<p>Nascido na regi\u00e3o administrativa de Sobradinho, a cerca de 25 quil\u00f4metros do centro de Bras\u00edlia, Gog vivenciou de perto o crescimento da \u201camiga e parceira\u201d. \u201cEngatinhamos, crescemos juntos, chegamos \u00e0 maturidade juntos. Nesse crescimento, Bras\u00edlia apresenta contradi\u00e7\u00f5es do sistema que est\u00e3o aparecendo agora, com o tempo\u201d.<\/p>\n<p>\u201cO maior desafio \u00e9 ela se consolidar como cidade e n\u00e3o s\u00f3 como capital administrativa. Que ela tenha um corpo humano e n\u00e3o apenas de concreto. Esse \u00e9 o grande desafio da cidade. L\u00f3gico que esse corpo humano vai demorar algum tempo. Mas est\u00e1 na hora de esquecer do concreto e pensar mais nas pessoas\u201d, projeta Vieira.<\/p>\n<p>O poeta goiano Jos\u00e9 Garcia Caianno, h\u00e1 46 anos em Bras\u00edlia, compara a capital a uma crian\u00e7a, que precisa do acompanhamento e do apoio dos pais. \u201cA cidade n\u00e3o est\u00e1 independente. E os pais s\u00e3o o povo. Ningu\u00e9m melhor que o povo para tutelar, criar e desenvolver. O povo tem que tomar as r\u00e9deas da cidade\u201d, frisou o artista.<\/p>\n<p>Com o passar dos anos, ressalta Behr, Bras\u00edlia deixou para traz as solu\u00e7\u00f5es ousadas em termos de constru\u00e7\u00e3o e mobilidade e se burocratizou. \u201cTemos v\u00e1rios problemas e n\u00e3o se encontra solu\u00e7\u00e3o. O carro est\u00e1 matando Bras\u00edlia. E n\u00e3o vejo uma solu\u00e7\u00e3o ousada. Que se encontrou foi abrir mais pistas. Vai haver uma hora que n\u00e3o teremos mais espa\u00e7o\u201d.<\/p>\n<p>Para o poeta, os problemas do dia a dia acabam encobrindo o significado da cidade no cora\u00e7\u00e3o do povo brasileiro. \u201cAs pessoas n\u00e3o conhecem o que Bras\u00edlia significou para o povo brasileiro no final dos anos 1950. Mas ai veio o poder e o estigma. A gente que est\u00e1 aqui tenta mostrar outra Bras\u00edlia, criativa, rebelde, roqueira, trabalhadora, principalmente\u201d, disse Behr.<\/p>\n<p>Mesmo com as dificuldades, Bras\u00edlia, hoje com mais de 2,5 milh\u00f5es de habitantes, continua atraindo os \u201cnovos candangos\u201d, como a economista catarinense Daisy Lima, radicada na cidade h\u00e1 oito anos. Apesar de considerar que a cidade se tornou mais violenta, n\u00e3o pensa em voltar para a terra natal. \u201cN\u00e3o deixo de fazer as coisas que eu gosto, mas vou com medo, 100%\u201d, pontuou.<\/p>\n<p>Para <em>rapper<\/em> Gog, o grande desafio da capital \u00e9 incluir a popula\u00e7\u00e3o que vive \u201cna \u00f3rbita\u201d da cidade. \u201cQue essa barreira da distancia seja superada tamb\u00e9m no cora\u00e7\u00e3o dos pol\u00edticos. Que eles tenham a humildade de perceber que as pol\u00edticas p\u00fablicas jamais ser\u00e3o fortalecedoras se n\u00e3o forem frutos das pr\u00f3prias comunidades. Fala-se em reforma politica, mas temos que fazer uma reforma na politica, na forma de pensar a politica.\u201d<\/p>\n<p>O cordelista paraibano Jairo Mozart considera que Bras\u00edlia perdeu qualidade de vida ao longo do tempo, mas ainda h\u00e1 tempo para resgatar uma das suas principais qualidades. \u201cEsse resgate s\u00f3 acontece quando os governantes olharem para as pessoas que querem que a cidade seja como j\u00e1 foi. Essas pessoas est\u00e3o aqui dizendo: oi, estamos aqui. Mas ningu\u00e9m escuta. Bras\u00edlia saiu do tra\u00e7o do arquiteto, mas o c\u00e9u continua azul. \u00c9 poss\u00edvel reverter o quadro\u201d, disse.<\/p>\n<p><strong>Ivan Richard, ABr<\/strong><\/p>\n","protected":false},"excerpt":{"rendered":"<p>O c\u00e9u azul, a arquitetura moderna e as avenidas largas ainda conseguem despertar paix\u00e3o e carinho. Mas ao completar 54 anos hoje (21), Bras\u00edlia, a capital planejada de todos os brasileiros, enfrenta um momento delicado como um adolescente deixando a puberdade e prestes a entrar na fase adulta. Assim, poetas, m\u00fasicos, jornalistas e pessoas comuns [&hellip;]<\/p>\n","protected":false},"author":2,"featured_media":7274,"comment_status":"open","ping_status":"closed","sticky":false,"template":"","format":"standard","meta":{"_acf_changed":false,"footnotes":""},"categories":[1],"tags":[],"class_list":["post-7273","post","type-post","status-publish","format-standard","has-post-thumbnail","hentry","category-brasilia"],"acf":[],"yoast_head":"<!-- This site is optimized with the Yoast SEO plugin v27.2 - https:\/\/yoast.com\/product\/yoast-seo-wordpress\/ -->\n<title>Bras\u00edlia p\u00f3s-cinquenta \u00e9 um verdadeiro celeiro para a cultura e a arte - Notibras<\/title>\n<meta name=\"robots\" content=\"index, follow, max-snippet:-1, max-image-preview:large, max-video-preview:-1\" \/>\n<link rel=\"canonical\" href=\"https:\/\/www.notibras.com\/site\/brasilia-pos-cinquenta-virou-polo-de-desenvolvimento-de-cultura-e-arte\/\" \/>\n<meta property=\"og:locale\" content=\"pt_BR\" \/>\n<meta property=\"og:type\" content=\"article\" \/>\n<meta property=\"og:title\" content=\"Bras\u00edlia p\u00f3s-cinquenta \u00e9 um verdadeiro celeiro para a cultura e a arte - Notibras\" \/>\n<meta property=\"og:description\" content=\"O c\u00e9u azul, a arquitetura moderna e as avenidas largas ainda conseguem despertar paix\u00e3o e carinho. Mas ao completar 54 anos hoje (21), Bras\u00edlia, a capital planejada de todos os brasileiros, enfrenta um momento delicado como um adolescente deixando a puberdade e prestes a entrar na fase adulta. Assim, poetas, m\u00fasicos, jornalistas e pessoas comuns [&hellip;]\" \/>\n<meta property=\"og:url\" content=\"https:\/\/www.notibras.com\/site\/brasilia-pos-cinquenta-virou-polo-de-desenvolvimento-de-cultura-e-arte\/\" \/>\n<meta property=\"og:site_name\" content=\"Notibras\" \/>\n<meta property=\"article:publisher\" content=\"https:\/\/www.facebook.com\/notibras\/\" \/>\n<meta property=\"article:published_time\" content=\"2014-04-21T15:07:49+00:00\" \/>\n<meta property=\"article:modified_time\" content=\"2014-04-21T15:09:29+00:00\" \/>\n<meta property=\"og:image\" content=\"https:\/\/www.notibras.com\/site\/wp-content\/uploads\/2014\/04\/bsb.jpg\" \/>\n\t<meta property=\"og:image:width\" content=\"620\" \/>\n\t<meta property=\"og:image:height\" content=\"465\" \/>\n\t<meta property=\"og:image:type\" content=\"image\/jpeg\" \/>\n<meta name=\"author\" content=\"Reda\u00e7\u00e3o\" \/>\n<meta name=\"twitter:card\" content=\"summary_large_image\" \/>\n<meta name=\"twitter:creator\" content=\"@Notibras\" \/>\n<meta name=\"twitter:site\" content=\"@Notibras\" \/>\n<meta name=\"twitter:label1\" content=\"Escrito por\" \/>\n\t<meta name=\"twitter:data1\" content=\"Reda\u00e7\u00e3o\" \/>\n\t<meta name=\"twitter:label2\" content=\"Est. tempo de leitura\" \/>\n\t<meta name=\"twitter:data2\" content=\"5 minutos\" \/>\n<script type=\"application\/ld+json\" class=\"yoast-schema-graph\">{\"@context\":\"https:\/\/schema.org\",\"@graph\":[{\"@type\":\"Article\",\"@id\":\"https:\/\/www.notibras.com\/site\/brasilia-pos-cinquenta-virou-polo-de-desenvolvimento-de-cultura-e-arte\/#article\",\"isPartOf\":{\"@id\":\"https:\/\/www.notibras.com\/site\/brasilia-pos-cinquenta-virou-polo-de-desenvolvimento-de-cultura-e-arte\/\"},\"author\":{\"name\":\"Reda\u00e7\u00e3o\",\"@id\":\"https:\/\/www.notibras.com\/site\/#\/schema\/person\/36ab0979449956132d3e5b517ea76ac8\"},\"headline\":\"Bras\u00edlia p\u00f3s-cinquenta \u00e9 um verdadeiro celeiro para a cultura e a arte\",\"datePublished\":\"2014-04-21T15:07:49+00:00\",\"dateModified\":\"2014-04-21T15:09:29+00:00\",\"mainEntityOfPage\":{\"@id\":\"https:\/\/www.notibras.com\/site\/brasilia-pos-cinquenta-virou-polo-de-desenvolvimento-de-cultura-e-arte\/\"},\"wordCount\":998,\"commentCount\":0,\"publisher\":{\"@id\":\"https:\/\/www.notibras.com\/site\/#organization\"},\"image\":{\"@id\":\"https:\/\/www.notibras.com\/site\/brasilia-pos-cinquenta-virou-polo-de-desenvolvimento-de-cultura-e-arte\/#primaryimage\"},\"thumbnailUrl\":\"https:\/\/www.notibras.com\/site\/wp-content\/uploads\/2014\/04\/bsb.jpg\",\"articleSection\":[\"Bras\u00edlia\"],\"inLanguage\":\"pt-BR\",\"potentialAction\":[{\"@type\":\"CommentAction\",\"name\":\"Comment\",\"target\":[\"https:\/\/www.notibras.com\/site\/brasilia-pos-cinquenta-virou-polo-de-desenvolvimento-de-cultura-e-arte\/#respond\"]}]},{\"@type\":\"WebPage\",\"@id\":\"https:\/\/www.notibras.com\/site\/brasilia-pos-cinquenta-virou-polo-de-desenvolvimento-de-cultura-e-arte\/\",\"url\":\"https:\/\/www.notibras.com\/site\/brasilia-pos-cinquenta-virou-polo-de-desenvolvimento-de-cultura-e-arte\/\",\"name\":\"Bras\u00edlia p\u00f3s-cinquenta \u00e9 um verdadeiro celeiro para a cultura e a arte - Notibras\",\"isPartOf\":{\"@id\":\"https:\/\/www.notibras.com\/site\/#website\"},\"primaryImageOfPage\":{\"@id\":\"https:\/\/www.notibras.com\/site\/brasilia-pos-cinquenta-virou-polo-de-desenvolvimento-de-cultura-e-arte\/#primaryimage\"},\"image\":{\"@id\":\"https:\/\/www.notibras.com\/site\/brasilia-pos-cinquenta-virou-polo-de-desenvolvimento-de-cultura-e-arte\/#primaryimage\"},\"thumbnailUrl\":\"https:\/\/www.notibras.com\/site\/wp-content\/uploads\/2014\/04\/bsb.jpg\",\"datePublished\":\"2014-04-21T15:07:49+00:00\",\"dateModified\":\"2014-04-21T15:09:29+00:00\",\"breadcrumb\":{\"@id\":\"https:\/\/www.notibras.com\/site\/brasilia-pos-cinquenta-virou-polo-de-desenvolvimento-de-cultura-e-arte\/#breadcrumb\"},\"inLanguage\":\"pt-BR\",\"potentialAction\":[{\"@type\":\"ReadAction\",\"target\":[\"https:\/\/www.notibras.com\/site\/brasilia-pos-cinquenta-virou-polo-de-desenvolvimento-de-cultura-e-arte\/\"]}]},{\"@type\":\"ImageObject\",\"inLanguage\":\"pt-BR\",\"@id\":\"https:\/\/www.notibras.com\/site\/brasilia-pos-cinquenta-virou-polo-de-desenvolvimento-de-cultura-e-arte\/#primaryimage\",\"url\":\"https:\/\/www.notibras.com\/site\/wp-content\/uploads\/2014\/04\/bsb.jpg\",\"contentUrl\":\"https:\/\/www.notibras.com\/site\/wp-content\/uploads\/2014\/04\/bsb.jpg\",\"width\":620,\"height\":465},{\"@type\":\"BreadcrumbList\",\"@id\":\"https:\/\/www.notibras.com\/site\/brasilia-pos-cinquenta-virou-polo-de-desenvolvimento-de-cultura-e-arte\/#breadcrumb\",\"itemListElement\":[{\"@type\":\"ListItem\",\"position\":1,\"name\":\"In\u00edcio\",\"item\":\"https:\/\/www.notibras.com\/site\/\"},{\"@type\":\"ListItem\",\"position\":2,\"name\":\"Bras\u00edlia p\u00f3s-cinquenta \u00e9 um verdadeiro celeiro para a cultura e a arte\"}]},{\"@type\":\"WebSite\",\"@id\":\"https:\/\/www.notibras.com\/site\/#website\",\"url\":\"https:\/\/www.notibras.com\/site\/\",\"name\":\"Notibras\",\"description\":\"Not\u00edcias de Bras\u00edlia, do Brasil e do Mundo\",\"publisher\":{\"@id\":\"https:\/\/www.notibras.com\/site\/#organization\"},\"potentialAction\":[{\"@type\":\"SearchAction\",\"target\":{\"@type\":\"EntryPoint\",\"urlTemplate\":\"https:\/\/www.notibras.com\/site\/?s={search_term_string}\"},\"query-input\":{\"@type\":\"PropertyValueSpecification\",\"valueRequired\":true,\"valueName\":\"search_term_string\"}}],\"inLanguage\":\"pt-BR\"},{\"@type\":\"Organization\",\"@id\":\"https:\/\/www.notibras.com\/site\/#organization\",\"name\":\"Grupo Notibras de Comunica\u00e7\u00e3o\",\"url\":\"https:\/\/www.notibras.com\/site\/\",\"logo\":{\"@type\":\"ImageObject\",\"inLanguage\":\"pt-BR\",\"@id\":\"https:\/\/www.notibras.com\/site\/#\/schema\/logo\/image\/\",\"url\":\"https:\/\/www.notibras.com\/site\/wp-content\/uploads\/2023\/01\/notibras23.png\",\"contentUrl\":\"https:\/\/www.notibras.com\/site\/wp-content\/uploads\/2023\/01\/notibras23.png\",\"width\":350,\"height\":87,\"caption\":\"Grupo Notibras de Comunica\u00e7\u00e3o\"},\"image\":{\"@id\":\"https:\/\/www.notibras.com\/site\/#\/schema\/logo\/image\/\"},\"sameAs\":[\"https:\/\/www.facebook.com\/notibras\/\",\"https:\/\/x.com\/Notibras\",\"https:\/\/www.instagram.com\/notibras\/\"]},{\"@type\":\"Person\",\"@id\":\"https:\/\/www.notibras.com\/site\/#\/schema\/person\/36ab0979449956132d3e5b517ea76ac8\",\"name\":\"Reda\u00e7\u00e3o\",\"image\":{\"@type\":\"ImageObject\",\"inLanguage\":\"pt-BR\",\"@id\":\"https:\/\/secure.gravatar.com\/avatar\/e0a867bdedb85fd243eadf09663511f96fc81e0720a4a42581f334ad4303aa6b?s=96&d=mm&r=g\",\"url\":\"https:\/\/secure.gravatar.com\/avatar\/e0a867bdedb85fd243eadf09663511f96fc81e0720a4a42581f334ad4303aa6b?s=96&d=mm&r=g\",\"contentUrl\":\"https:\/\/secure.gravatar.com\/avatar\/e0a867bdedb85fd243eadf09663511f96fc81e0720a4a42581f334ad4303aa6b?s=96&d=mm&r=g\",\"caption\":\"Reda\u00e7\u00e3o\"}}]}<\/script>\n<!-- \/ Yoast SEO plugin. -->","yoast_head_json":{"title":"Bras\u00edlia p\u00f3s-cinquenta \u00e9 um verdadeiro celeiro para a cultura e a arte - Notibras","robots":{"index":"index","follow":"follow","max-snippet":"max-snippet:-1","max-image-preview":"max-image-preview:large","max-video-preview":"max-video-preview:-1"},"canonical":"https:\/\/www.notibras.com\/site\/brasilia-pos-cinquenta-virou-polo-de-desenvolvimento-de-cultura-e-arte\/","og_locale":"pt_BR","og_type":"article","og_title":"Bras\u00edlia p\u00f3s-cinquenta \u00e9 um verdadeiro celeiro para a cultura e a arte - Notibras","og_description":"O c\u00e9u azul, a arquitetura moderna e as avenidas largas ainda conseguem despertar paix\u00e3o e carinho. Mas ao completar 54 anos hoje (21), Bras\u00edlia, a capital planejada de todos os brasileiros, enfrenta um momento delicado como um adolescente deixando a puberdade e prestes a entrar na fase adulta. Assim, poetas, m\u00fasicos, jornalistas e pessoas comuns [&hellip;]","og_url":"https:\/\/www.notibras.com\/site\/brasilia-pos-cinquenta-virou-polo-de-desenvolvimento-de-cultura-e-arte\/","og_site_name":"Notibras","article_publisher":"https:\/\/www.facebook.com\/notibras\/","article_published_time":"2014-04-21T15:07:49+00:00","article_modified_time":"2014-04-21T15:09:29+00:00","og_image":[{"width":620,"height":465,"url":"https:\/\/www.notibras.com\/site\/wp-content\/uploads\/2014\/04\/bsb.jpg","type":"image\/jpeg"}],"author":"Reda\u00e7\u00e3o","twitter_card":"summary_large_image","twitter_creator":"@Notibras","twitter_site":"@Notibras","twitter_misc":{"Escrito por":"Reda\u00e7\u00e3o","Est. tempo de leitura":"5 minutos"},"schema":{"@context":"https:\/\/schema.org","@graph":[{"@type":"Article","@id":"https:\/\/www.notibras.com\/site\/brasilia-pos-cinquenta-virou-polo-de-desenvolvimento-de-cultura-e-arte\/#article","isPartOf":{"@id":"https:\/\/www.notibras.com\/site\/brasilia-pos-cinquenta-virou-polo-de-desenvolvimento-de-cultura-e-arte\/"},"author":{"name":"Reda\u00e7\u00e3o","@id":"https:\/\/www.notibras.com\/site\/#\/schema\/person\/36ab0979449956132d3e5b517ea76ac8"},"headline":"Bras\u00edlia p\u00f3s-cinquenta \u00e9 um verdadeiro celeiro para a cultura e a arte","datePublished":"2014-04-21T15:07:49+00:00","dateModified":"2014-04-21T15:09:29+00:00","mainEntityOfPage":{"@id":"https:\/\/www.notibras.com\/site\/brasilia-pos-cinquenta-virou-polo-de-desenvolvimento-de-cultura-e-arte\/"},"wordCount":998,"commentCount":0,"publisher":{"@id":"https:\/\/www.notibras.com\/site\/#organization"},"image":{"@id":"https:\/\/www.notibras.com\/site\/brasilia-pos-cinquenta-virou-polo-de-desenvolvimento-de-cultura-e-arte\/#primaryimage"},"thumbnailUrl":"https:\/\/www.notibras.com\/site\/wp-content\/uploads\/2014\/04\/bsb.jpg","articleSection":["Bras\u00edlia"],"inLanguage":"pt-BR","potentialAction":[{"@type":"CommentAction","name":"Comment","target":["https:\/\/www.notibras.com\/site\/brasilia-pos-cinquenta-virou-polo-de-desenvolvimento-de-cultura-e-arte\/#respond"]}]},{"@type":"WebPage","@id":"https:\/\/www.notibras.com\/site\/brasilia-pos-cinquenta-virou-polo-de-desenvolvimento-de-cultura-e-arte\/","url":"https:\/\/www.notibras.com\/site\/brasilia-pos-cinquenta-virou-polo-de-desenvolvimento-de-cultura-e-arte\/","name":"Bras\u00edlia p\u00f3s-cinquenta \u00e9 um verdadeiro celeiro para a cultura e a arte - Notibras","isPartOf":{"@id":"https:\/\/www.notibras.com\/site\/#website"},"primaryImageOfPage":{"@id":"https:\/\/www.notibras.com\/site\/brasilia-pos-cinquenta-virou-polo-de-desenvolvimento-de-cultura-e-arte\/#primaryimage"},"image":{"@id":"https:\/\/www.notibras.com\/site\/brasilia-pos-cinquenta-virou-polo-de-desenvolvimento-de-cultura-e-arte\/#primaryimage"},"thumbnailUrl":"https:\/\/www.notibras.com\/site\/wp-content\/uploads\/2014\/04\/bsb.jpg","datePublished":"2014-04-21T15:07:49+00:00","dateModified":"2014-04-21T15:09:29+00:00","breadcrumb":{"@id":"https:\/\/www.notibras.com\/site\/brasilia-pos-cinquenta-virou-polo-de-desenvolvimento-de-cultura-e-arte\/#breadcrumb"},"inLanguage":"pt-BR","potentialAction":[{"@type":"ReadAction","target":["https:\/\/www.notibras.com\/site\/brasilia-pos-cinquenta-virou-polo-de-desenvolvimento-de-cultura-e-arte\/"]}]},{"@type":"ImageObject","inLanguage":"pt-BR","@id":"https:\/\/www.notibras.com\/site\/brasilia-pos-cinquenta-virou-polo-de-desenvolvimento-de-cultura-e-arte\/#primaryimage","url":"https:\/\/www.notibras.com\/site\/wp-content\/uploads\/2014\/04\/bsb.jpg","contentUrl":"https:\/\/www.notibras.com\/site\/wp-content\/uploads\/2014\/04\/bsb.jpg","width":620,"height":465},{"@type":"BreadcrumbList","@id":"https:\/\/www.notibras.com\/site\/brasilia-pos-cinquenta-virou-polo-de-desenvolvimento-de-cultura-e-arte\/#breadcrumb","itemListElement":[{"@type":"ListItem","position":1,"name":"In\u00edcio","item":"https:\/\/www.notibras.com\/site\/"},{"@type":"ListItem","position":2,"name":"Bras\u00edlia p\u00f3s-cinquenta \u00e9 um verdadeiro celeiro para a cultura e a arte"}]},{"@type":"WebSite","@id":"https:\/\/www.notibras.com\/site\/#website","url":"https:\/\/www.notibras.com\/site\/","name":"Notibras","description":"Not\u00edcias de Bras\u00edlia, do Brasil e do Mundo","publisher":{"@id":"https:\/\/www.notibras.com\/site\/#organization"},"potentialAction":[{"@type":"SearchAction","target":{"@type":"EntryPoint","urlTemplate":"https:\/\/www.notibras.com\/site\/?s={search_term_string}"},"query-input":{"@type":"PropertyValueSpecification","valueRequired":true,"valueName":"search_term_string"}}],"inLanguage":"pt-BR"},{"@type":"Organization","@id":"https:\/\/www.notibras.com\/site\/#organization","name":"Grupo Notibras de Comunica\u00e7\u00e3o","url":"https:\/\/www.notibras.com\/site\/","logo":{"@type":"ImageObject","inLanguage":"pt-BR","@id":"https:\/\/www.notibras.com\/site\/#\/schema\/logo\/image\/","url":"https:\/\/www.notibras.com\/site\/wp-content\/uploads\/2023\/01\/notibras23.png","contentUrl":"https:\/\/www.notibras.com\/site\/wp-content\/uploads\/2023\/01\/notibras23.png","width":350,"height":87,"caption":"Grupo Notibras de Comunica\u00e7\u00e3o"},"image":{"@id":"https:\/\/www.notibras.com\/site\/#\/schema\/logo\/image\/"},"sameAs":["https:\/\/www.facebook.com\/notibras\/","https:\/\/x.com\/Notibras","https:\/\/www.instagram.com\/notibras\/"]},{"@type":"Person","@id":"https:\/\/www.notibras.com\/site\/#\/schema\/person\/36ab0979449956132d3e5b517ea76ac8","name":"Reda\u00e7\u00e3o","image":{"@type":"ImageObject","inLanguage":"pt-BR","@id":"https:\/\/secure.gravatar.com\/avatar\/e0a867bdedb85fd243eadf09663511f96fc81e0720a4a42581f334ad4303aa6b?s=96&d=mm&r=g","url":"https:\/\/secure.gravatar.com\/avatar\/e0a867bdedb85fd243eadf09663511f96fc81e0720a4a42581f334ad4303aa6b?s=96&d=mm&r=g","contentUrl":"https:\/\/secure.gravatar.com\/avatar\/e0a867bdedb85fd243eadf09663511f96fc81e0720a4a42581f334ad4303aa6b?s=96&d=mm&r=g","caption":"Reda\u00e7\u00e3o"}}]}},"amp_enabled":true,"_links":{"self":[{"href":"https:\/\/www.notibras.com\/site\/wp-json\/wp\/v2\/posts\/7273","targetHints":{"allow":["GET"]}}],"collection":[{"href":"https:\/\/www.notibras.com\/site\/wp-json\/wp\/v2\/posts"}],"about":[{"href":"https:\/\/www.notibras.com\/site\/wp-json\/wp\/v2\/types\/post"}],"author":[{"embeddable":true,"href":"https:\/\/www.notibras.com\/site\/wp-json\/wp\/v2\/users\/2"}],"replies":[{"embeddable":true,"href":"https:\/\/www.notibras.com\/site\/wp-json\/wp\/v2\/comments?post=7273"}],"version-history":[{"count":0,"href":"https:\/\/www.notibras.com\/site\/wp-json\/wp\/v2\/posts\/7273\/revisions"}],"wp:featuredmedia":[{"embeddable":true,"href":"https:\/\/www.notibras.com\/site\/wp-json\/wp\/v2\/media\/7274"}],"wp:attachment":[{"href":"https:\/\/www.notibras.com\/site\/wp-json\/wp\/v2\/media?parent=7273"}],"wp:term":[{"taxonomy":"category","embeddable":true,"href":"https:\/\/www.notibras.com\/site\/wp-json\/wp\/v2\/categories?post=7273"},{"taxonomy":"post_tag","embeddable":true,"href":"https:\/\/www.notibras.com\/site\/wp-json\/wp\/v2\/tags?post=7273"}],"curies":[{"name":"wp","href":"https:\/\/api.w.org\/{rel}","templated":true}]}}