{"id":72762,"date":"2015-10-24T14:36:01","date_gmt":"2015-10-24T16:36:01","guid":{"rendered":"http:\/\/www.notibras.com\/site\/?p=72762"},"modified":"2015-10-24T20:42:28","modified_gmt":"2015-10-24T22:42:28","slug":"hillary-clinton-cola-em-obama-para-ser-a-candidata-dos-democratas-a-casa-branca","status":"publish","type":"post","link":"https:\/\/www.notibras.com\/site\/hillary-clinton-cola-em-obama-para-ser-a-candidata-dos-democratas-a-casa-branca\/","title":{"rendered":"Hillary Clinton cola em Obama para ser a candidata democrata"},"content":{"rendered":"<p>A pr\u00e9-candidata Hillary Clinton participa na noite deste s\u00e1bado de um importante jantar em Iowa com influentes colaboradores das campanhas democratas, enquanto tenta aproximar sua imagem ao legado do presidente Barack Obama.<\/p>\n<p>O jantar anual de Jefferson-Jackson catalisou o nome de Obama oito anos antes, justamente na disputa com a ent\u00e3o senadora pela vaga do partido na elei\u00e7\u00e3o presidencial de 2008.<\/p>\n<p>O evento ocorre poucos dias depois do vice-presidente Joe Biden anunciar que n\u00e3o iria entrar na corrida presidencial e depois de uma longa sabatina em um comit\u00ea do Congresso que investiga ataques em Benghazi, na L\u00edbia, quando ela era secret\u00e1ria de Estado.<\/p>\n<p>Dois rivais menos conhecidos, o ex-senador pelo estado de Virginia Jim Webb e o ex-governador de Rhode Island Lincoln Chafee, abandonaram a corrida ap\u00f3s um forte desempenho de Clinton no primeiro debate das prim\u00e1rias na semana passada.<\/p>\n<p>Ao lado do governador de Virginia, Terry McAuliffe, que foi chefe de sua pr\u00e9-campanha em 2008, Hillary elogiou o que chamou de &#8220;modelo para o pa\u00eds&#8221; criado por Obama e Biden nos \u00faltimos anos.<\/p>\n<p>&#8220;O legado deles deve deixar todos n\u00f3s democratas orgulhosos, bem como todos os americanos&#8221;, afirmou na sexta-feira, em entrevista \u00e0 rede de televis\u00e3o NBC. &#8220;Eu quero construir a minha agenda nas bases do progresso que eles est\u00e3o nos deixando.&#8221;<\/p>\n<p>A reluta de Biden em se lan\u00e7ar como pr\u00e9-candidato deixou o palco da campanha democrata para apenas dois personagens principais: al\u00e9m de Hillary, franca favorita, o senador por Vermont Bernie Sanders, que tem atra\u00eddo multid\u00f5es para seus com\u00edcios onde apresenta sua &#8220;revolu\u00e7\u00e3o pol\u00edtica para lidar com o abismo entre ricos e pobres&#8221;.<\/p>\n<p>Clinton, Sanders e o ex-governador de Maryland Martin O&#8217;Malley devem participar do evento na noite deste s\u00e1bado, que re\u00fane mais de seis mil partid\u00e1rios democratas. O jantar serve tradicionalmente como um pontap\u00e9 para as pr\u00e9vias de Iowa, que ser\u00e3o realizadas em 1\u00ba de fevereiro.<\/p>\n<p>Foi o bom desempenho de Obama, ent\u00e3o senador por Illinois, neste jantar que abriu caminho para ele vencer as prim\u00e1rias democratas em 2008.<\/p>\n<p>Obama continua a ser uma figura popular dentro do partido. A associa\u00e7\u00e3o de Hillary com sua agenda poderia ajud\u00e1-la com os partid\u00e1rios democratas que veem com cautela o nome da pr\u00e9-candidata, envolvida no esc\u00e2ndalo do uso de sua conta privada de e-mail para trocar correspond\u00eancias confidenciais.<\/p>\n<p>Por sua vez, Hillary tamb\u00e9m tem de enfrentar a popularidade crescente de Sanders, que chamou a aten\u00e7\u00e3o de eleitores que se abstiveram de votar nas elei\u00e7\u00f5es de meio de mandato no ano passado.<\/p>\n<p><img loading=\"lazy\" decoding=\"async\" class=\"alignnone size-full wp-image-72756\" src=\"http:\/\/www.notibras.com\/site\/wp-content\/uploads\/2015\/10\/estadao-3.png\" alt=\"estadao (3)\" width=\"99\" height=\"16\" \/><\/p>\n","protected":false},"excerpt":{"rendered":"<p>A pr\u00e9-candidata Hillary Clinton participa na noite deste s\u00e1bado de um importante jantar em Iowa com influentes colaboradores das campanhas democratas, enquanto tenta aproximar sua imagem ao legado do presidente Barack Obama. O jantar anual de Jefferson-Jackson catalisou o nome de Obama oito anos antes, justamente na disputa com a ent\u00e3o senadora pela vaga do [&hellip;]<\/p>\n","protected":false},"author":2,"featured_media":72763,"comment_status":"open","ping_status":"closed","sticky":false,"template":"","format":"standard","meta":{"_acf_changed":false,"footnotes":""},"categories":[17],"tags":[],"class_list":["post-72762","post","type-post","status-publish","format-standard","has-post-thumbnail","hentry","category-mundo"],"acf":[],"yoast_head":"<!-- This site is optimized with the Yoast SEO plugin v27.2 - https:\/\/yoast.com\/product\/yoast-seo-wordpress\/ -->\n<title>Hillary Clinton cola em Obama para ser a candidata democrata - Notibras<\/title>\n<meta name=\"robots\" content=\"index, follow, max-snippet:-1, max-image-preview:large, max-video-preview:-1\" \/>\n<link rel=\"canonical\" href=\"https:\/\/www.notibras.com\/site\/hillary-clinton-cola-em-obama-para-ser-a-candidata-dos-democratas-a-casa-branca\/\" \/>\n<meta property=\"og:locale\" content=\"pt_BR\" \/>\n<meta property=\"og:type\" content=\"article\" \/>\n<meta property=\"og:title\" content=\"Hillary Clinton cola em Obama para ser a candidata democrata - Notibras\" \/>\n<meta property=\"og:description\" content=\"A pr\u00e9-candidata Hillary Clinton participa na noite deste s\u00e1bado de um importante jantar em Iowa com influentes colaboradores das campanhas democratas, enquanto tenta aproximar sua imagem ao legado do presidente Barack Obama. O jantar anual de Jefferson-Jackson catalisou o nome de Obama oito anos antes, justamente na disputa com a ent\u00e3o senadora pela vaga do [&hellip;]\" \/>\n<meta property=\"og:url\" content=\"https:\/\/www.notibras.com\/site\/hillary-clinton-cola-em-obama-para-ser-a-candidata-dos-democratas-a-casa-branca\/\" \/>\n<meta property=\"og:site_name\" content=\"Notibras\" \/>\n<meta property=\"article:publisher\" content=\"https:\/\/www.facebook.com\/notibras\/\" \/>\n<meta property=\"article:published_time\" content=\"2015-10-24T16:36:01+00:00\" \/>\n<meta property=\"article:modified_time\" content=\"2015-10-24T22:42:28+00:00\" \/>\n<meta property=\"og:image\" content=\"https:\/\/www.notibras.com\/site\/wp-content\/uploads\/2015\/10\/hilla.jpg\" \/>\n\t<meta property=\"og:image:width\" content=\"271\" \/>\n\t<meta property=\"og:image:height\" content=\"186\" \/>\n\t<meta property=\"og:image:type\" content=\"image\/jpeg\" \/>\n<meta name=\"author\" content=\"Reda\u00e7\u00e3o\" \/>\n<meta name=\"twitter:card\" content=\"summary_large_image\" \/>\n<meta name=\"twitter:creator\" content=\"@Notibras\" \/>\n<meta name=\"twitter:site\" content=\"@Notibras\" \/>\n<meta name=\"twitter:label1\" content=\"Escrito por\" \/>\n\t<meta name=\"twitter:data1\" content=\"Reda\u00e7\u00e3o\" \/>\n\t<meta name=\"twitter:label2\" content=\"Est. tempo de leitura\" \/>\n\t<meta name=\"twitter:data2\" content=\"2 minutos\" \/>\n<script type=\"application\/ld+json\" class=\"yoast-schema-graph\">{\"@context\":\"https:\/\/schema.org\",\"@graph\":[{\"@type\":\"Article\",\"@id\":\"https:\/\/www.notibras.com\/site\/hillary-clinton-cola-em-obama-para-ser-a-candidata-dos-democratas-a-casa-branca\/#article\",\"isPartOf\":{\"@id\":\"https:\/\/www.notibras.com\/site\/hillary-clinton-cola-em-obama-para-ser-a-candidata-dos-democratas-a-casa-branca\/\"},\"author\":{\"name\":\"Reda\u00e7\u00e3o\",\"@id\":\"https:\/\/www.notibras.com\/site\/#\/schema\/person\/36ab0979449956132d3e5b517ea76ac8\"},\"headline\":\"Hillary Clinton cola em Obama para ser a candidata democrata\",\"datePublished\":\"2015-10-24T16:36:01+00:00\",\"dateModified\":\"2015-10-24T22:42:28+00:00\",\"mainEntityOfPage\":{\"@id\":\"https:\/\/www.notibras.com\/site\/hillary-clinton-cola-em-obama-para-ser-a-candidata-dos-democratas-a-casa-branca\/\"},\"wordCount\":454,\"commentCount\":0,\"publisher\":{\"@id\":\"https:\/\/www.notibras.com\/site\/#organization\"},\"image\":{\"@id\":\"https:\/\/www.notibras.com\/site\/hillary-clinton-cola-em-obama-para-ser-a-candidata-dos-democratas-a-casa-branca\/#primaryimage\"},\"thumbnailUrl\":\"https:\/\/www.notibras.com\/site\/wp-content\/uploads\/2015\/10\/hilla.jpg\",\"articleSection\":[\"Mundo\"],\"inLanguage\":\"pt-BR\",\"potentialAction\":[{\"@type\":\"CommentAction\",\"name\":\"Comment\",\"target\":[\"https:\/\/www.notibras.com\/site\/hillary-clinton-cola-em-obama-para-ser-a-candidata-dos-democratas-a-casa-branca\/#respond\"]}]},{\"@type\":\"WebPage\",\"@id\":\"https:\/\/www.notibras.com\/site\/hillary-clinton-cola-em-obama-para-ser-a-candidata-dos-democratas-a-casa-branca\/\",\"url\":\"https:\/\/www.notibras.com\/site\/hillary-clinton-cola-em-obama-para-ser-a-candidata-dos-democratas-a-casa-branca\/\",\"name\":\"Hillary Clinton cola em Obama para ser a candidata democrata - Notibras\",\"isPartOf\":{\"@id\":\"https:\/\/www.notibras.com\/site\/#website\"},\"primaryImageOfPage\":{\"@id\":\"https:\/\/www.notibras.com\/site\/hillary-clinton-cola-em-obama-para-ser-a-candidata-dos-democratas-a-casa-branca\/#primaryimage\"},\"image\":{\"@id\":\"https:\/\/www.notibras.com\/site\/hillary-clinton-cola-em-obama-para-ser-a-candidata-dos-democratas-a-casa-branca\/#primaryimage\"},\"thumbnailUrl\":\"https:\/\/www.notibras.com\/site\/wp-content\/uploads\/2015\/10\/hilla.jpg\",\"datePublished\":\"2015-10-24T16:36:01+00:00\",\"dateModified\":\"2015-10-24T22:42:28+00:00\",\"breadcrumb\":{\"@id\":\"https:\/\/www.notibras.com\/site\/hillary-clinton-cola-em-obama-para-ser-a-candidata-dos-democratas-a-casa-branca\/#breadcrumb\"},\"inLanguage\":\"pt-BR\",\"potentialAction\":[{\"@type\":\"ReadAction\",\"target\":[\"https:\/\/www.notibras.com\/site\/hillary-clinton-cola-em-obama-para-ser-a-candidata-dos-democratas-a-casa-branca\/\"]}]},{\"@type\":\"ImageObject\",\"inLanguage\":\"pt-BR\",\"@id\":\"https:\/\/www.notibras.com\/site\/hillary-clinton-cola-em-obama-para-ser-a-candidata-dos-democratas-a-casa-branca\/#primaryimage\",\"url\":\"https:\/\/www.notibras.com\/site\/wp-content\/uploads\/2015\/10\/hilla.jpg\",\"contentUrl\":\"https:\/\/www.notibras.com\/site\/wp-content\/uploads\/2015\/10\/hilla.jpg\",\"width\":271,\"height\":186},{\"@type\":\"BreadcrumbList\",\"@id\":\"https:\/\/www.notibras.com\/site\/hillary-clinton-cola-em-obama-para-ser-a-candidata-dos-democratas-a-casa-branca\/#breadcrumb\",\"itemListElement\":[{\"@type\":\"ListItem\",\"position\":1,\"name\":\"In\u00edcio\",\"item\":\"https:\/\/www.notibras.com\/site\/\"},{\"@type\":\"ListItem\",\"position\":2,\"name\":\"Hillary Clinton cola em Obama para ser a candidata democrata\"}]},{\"@type\":\"WebSite\",\"@id\":\"https:\/\/www.notibras.com\/site\/#website\",\"url\":\"https:\/\/www.notibras.com\/site\/\",\"name\":\"Notibras\",\"description\":\"Not\u00edcias de Bras\u00edlia, do Brasil e do Mundo\",\"publisher\":{\"@id\":\"https:\/\/www.notibras.com\/site\/#organization\"},\"potentialAction\":[{\"@type\":\"SearchAction\",\"target\":{\"@type\":\"EntryPoint\",\"urlTemplate\":\"https:\/\/www.notibras.com\/site\/?s={search_term_string}\"},\"query-input\":{\"@type\":\"PropertyValueSpecification\",\"valueRequired\":true,\"valueName\":\"search_term_string\"}}],\"inLanguage\":\"pt-BR\"},{\"@type\":\"Organization\",\"@id\":\"https:\/\/www.notibras.com\/site\/#organization\",\"name\":\"Grupo Notibras de Comunica\u00e7\u00e3o\",\"url\":\"https:\/\/www.notibras.com\/site\/\",\"logo\":{\"@type\":\"ImageObject\",\"inLanguage\":\"pt-BR\",\"@id\":\"https:\/\/www.notibras.com\/site\/#\/schema\/logo\/image\/\",\"url\":\"https:\/\/www.notibras.com\/site\/wp-content\/uploads\/2023\/01\/notibras23.png\",\"contentUrl\":\"https:\/\/www.notibras.com\/site\/wp-content\/uploads\/2023\/01\/notibras23.png\",\"width\":350,\"height\":87,\"caption\":\"Grupo Notibras de Comunica\u00e7\u00e3o\"},\"image\":{\"@id\":\"https:\/\/www.notibras.com\/site\/#\/schema\/logo\/image\/\"},\"sameAs\":[\"https:\/\/www.facebook.com\/notibras\/\",\"https:\/\/x.com\/Notibras\",\"https:\/\/www.instagram.com\/notibras\/\"]},{\"@type\":\"Person\",\"@id\":\"https:\/\/www.notibras.com\/site\/#\/schema\/person\/36ab0979449956132d3e5b517ea76ac8\",\"name\":\"Reda\u00e7\u00e3o\",\"image\":{\"@type\":\"ImageObject\",\"inLanguage\":\"pt-BR\",\"@id\":\"https:\/\/secure.gravatar.com\/avatar\/e0a867bdedb85fd243eadf09663511f96fc81e0720a4a42581f334ad4303aa6b?s=96&d=mm&r=g\",\"url\":\"https:\/\/secure.gravatar.com\/avatar\/e0a867bdedb85fd243eadf09663511f96fc81e0720a4a42581f334ad4303aa6b?s=96&d=mm&r=g\",\"contentUrl\":\"https:\/\/secure.gravatar.com\/avatar\/e0a867bdedb85fd243eadf09663511f96fc81e0720a4a42581f334ad4303aa6b?s=96&d=mm&r=g\",\"caption\":\"Reda\u00e7\u00e3o\"}}]}<\/script>\n<!-- \/ Yoast SEO plugin. -->","yoast_head_json":{"title":"Hillary Clinton cola em Obama para ser a candidata democrata - Notibras","robots":{"index":"index","follow":"follow","max-snippet":"max-snippet:-1","max-image-preview":"max-image-preview:large","max-video-preview":"max-video-preview:-1"},"canonical":"https:\/\/www.notibras.com\/site\/hillary-clinton-cola-em-obama-para-ser-a-candidata-dos-democratas-a-casa-branca\/","og_locale":"pt_BR","og_type":"article","og_title":"Hillary Clinton cola em Obama para ser a candidata democrata - Notibras","og_description":"A pr\u00e9-candidata Hillary Clinton participa na noite deste s\u00e1bado de um importante jantar em Iowa com influentes colaboradores das campanhas democratas, enquanto tenta aproximar sua imagem ao legado do presidente Barack Obama. O jantar anual de Jefferson-Jackson catalisou o nome de Obama oito anos antes, justamente na disputa com a ent\u00e3o senadora pela vaga do [&hellip;]","og_url":"https:\/\/www.notibras.com\/site\/hillary-clinton-cola-em-obama-para-ser-a-candidata-dos-democratas-a-casa-branca\/","og_site_name":"Notibras","article_publisher":"https:\/\/www.facebook.com\/notibras\/","article_published_time":"2015-10-24T16:36:01+00:00","article_modified_time":"2015-10-24T22:42:28+00:00","og_image":[{"width":271,"height":186,"url":"https:\/\/www.notibras.com\/site\/wp-content\/uploads\/2015\/10\/hilla.jpg","type":"image\/jpeg"}],"author":"Reda\u00e7\u00e3o","twitter_card":"summary_large_image","twitter_creator":"@Notibras","twitter_site":"@Notibras","twitter_misc":{"Escrito por":"Reda\u00e7\u00e3o","Est. tempo de leitura":"2 minutos"},"schema":{"@context":"https:\/\/schema.org","@graph":[{"@type":"Article","@id":"https:\/\/www.notibras.com\/site\/hillary-clinton-cola-em-obama-para-ser-a-candidata-dos-democratas-a-casa-branca\/#article","isPartOf":{"@id":"https:\/\/www.notibras.com\/site\/hillary-clinton-cola-em-obama-para-ser-a-candidata-dos-democratas-a-casa-branca\/"},"author":{"name":"Reda\u00e7\u00e3o","@id":"https:\/\/www.notibras.com\/site\/#\/schema\/person\/36ab0979449956132d3e5b517ea76ac8"},"headline":"Hillary Clinton cola em Obama para ser a candidata democrata","datePublished":"2015-10-24T16:36:01+00:00","dateModified":"2015-10-24T22:42:28+00:00","mainEntityOfPage":{"@id":"https:\/\/www.notibras.com\/site\/hillary-clinton-cola-em-obama-para-ser-a-candidata-dos-democratas-a-casa-branca\/"},"wordCount":454,"commentCount":0,"publisher":{"@id":"https:\/\/www.notibras.com\/site\/#organization"},"image":{"@id":"https:\/\/www.notibras.com\/site\/hillary-clinton-cola-em-obama-para-ser-a-candidata-dos-democratas-a-casa-branca\/#primaryimage"},"thumbnailUrl":"https:\/\/www.notibras.com\/site\/wp-content\/uploads\/2015\/10\/hilla.jpg","articleSection":["Mundo"],"inLanguage":"pt-BR","potentialAction":[{"@type":"CommentAction","name":"Comment","target":["https:\/\/www.notibras.com\/site\/hillary-clinton-cola-em-obama-para-ser-a-candidata-dos-democratas-a-casa-branca\/#respond"]}]},{"@type":"WebPage","@id":"https:\/\/www.notibras.com\/site\/hillary-clinton-cola-em-obama-para-ser-a-candidata-dos-democratas-a-casa-branca\/","url":"https:\/\/www.notibras.com\/site\/hillary-clinton-cola-em-obama-para-ser-a-candidata-dos-democratas-a-casa-branca\/","name":"Hillary Clinton cola em Obama para ser a candidata democrata - Notibras","isPartOf":{"@id":"https:\/\/www.notibras.com\/site\/#website"},"primaryImageOfPage":{"@id":"https:\/\/www.notibras.com\/site\/hillary-clinton-cola-em-obama-para-ser-a-candidata-dos-democratas-a-casa-branca\/#primaryimage"},"image":{"@id":"https:\/\/www.notibras.com\/site\/hillary-clinton-cola-em-obama-para-ser-a-candidata-dos-democratas-a-casa-branca\/#primaryimage"},"thumbnailUrl":"https:\/\/www.notibras.com\/site\/wp-content\/uploads\/2015\/10\/hilla.jpg","datePublished":"2015-10-24T16:36:01+00:00","dateModified":"2015-10-24T22:42:28+00:00","breadcrumb":{"@id":"https:\/\/www.notibras.com\/site\/hillary-clinton-cola-em-obama-para-ser-a-candidata-dos-democratas-a-casa-branca\/#breadcrumb"},"inLanguage":"pt-BR","potentialAction":[{"@type":"ReadAction","target":["https:\/\/www.notibras.com\/site\/hillary-clinton-cola-em-obama-para-ser-a-candidata-dos-democratas-a-casa-branca\/"]}]},{"@type":"ImageObject","inLanguage":"pt-BR","@id":"https:\/\/www.notibras.com\/site\/hillary-clinton-cola-em-obama-para-ser-a-candidata-dos-democratas-a-casa-branca\/#primaryimage","url":"https:\/\/www.notibras.com\/site\/wp-content\/uploads\/2015\/10\/hilla.jpg","contentUrl":"https:\/\/www.notibras.com\/site\/wp-content\/uploads\/2015\/10\/hilla.jpg","width":271,"height":186},{"@type":"BreadcrumbList","@id":"https:\/\/www.notibras.com\/site\/hillary-clinton-cola-em-obama-para-ser-a-candidata-dos-democratas-a-casa-branca\/#breadcrumb","itemListElement":[{"@type":"ListItem","position":1,"name":"In\u00edcio","item":"https:\/\/www.notibras.com\/site\/"},{"@type":"ListItem","position":2,"name":"Hillary Clinton cola em Obama para ser a candidata democrata"}]},{"@type":"WebSite","@id":"https:\/\/www.notibras.com\/site\/#website","url":"https:\/\/www.notibras.com\/site\/","name":"Notibras","description":"Not\u00edcias de Bras\u00edlia, do Brasil e do Mundo","publisher":{"@id":"https:\/\/www.notibras.com\/site\/#organization"},"potentialAction":[{"@type":"SearchAction","target":{"@type":"EntryPoint","urlTemplate":"https:\/\/www.notibras.com\/site\/?s={search_term_string}"},"query-input":{"@type":"PropertyValueSpecification","valueRequired":true,"valueName":"search_term_string"}}],"inLanguage":"pt-BR"},{"@type":"Organization","@id":"https:\/\/www.notibras.com\/site\/#organization","name":"Grupo Notibras de Comunica\u00e7\u00e3o","url":"https:\/\/www.notibras.com\/site\/","logo":{"@type":"ImageObject","inLanguage":"pt-BR","@id":"https:\/\/www.notibras.com\/site\/#\/schema\/logo\/image\/","url":"https:\/\/www.notibras.com\/site\/wp-content\/uploads\/2023\/01\/notibras23.png","contentUrl":"https:\/\/www.notibras.com\/site\/wp-content\/uploads\/2023\/01\/notibras23.png","width":350,"height":87,"caption":"Grupo Notibras de Comunica\u00e7\u00e3o"},"image":{"@id":"https:\/\/www.notibras.com\/site\/#\/schema\/logo\/image\/"},"sameAs":["https:\/\/www.facebook.com\/notibras\/","https:\/\/x.com\/Notibras","https:\/\/www.instagram.com\/notibras\/"]},{"@type":"Person","@id":"https:\/\/www.notibras.com\/site\/#\/schema\/person\/36ab0979449956132d3e5b517ea76ac8","name":"Reda\u00e7\u00e3o","image":{"@type":"ImageObject","inLanguage":"pt-BR","@id":"https:\/\/secure.gravatar.com\/avatar\/e0a867bdedb85fd243eadf09663511f96fc81e0720a4a42581f334ad4303aa6b?s=96&d=mm&r=g","url":"https:\/\/secure.gravatar.com\/avatar\/e0a867bdedb85fd243eadf09663511f96fc81e0720a4a42581f334ad4303aa6b?s=96&d=mm&r=g","contentUrl":"https:\/\/secure.gravatar.com\/avatar\/e0a867bdedb85fd243eadf09663511f96fc81e0720a4a42581f334ad4303aa6b?s=96&d=mm&r=g","caption":"Reda\u00e7\u00e3o"}}]}},"amp_enabled":true,"_links":{"self":[{"href":"https:\/\/www.notibras.com\/site\/wp-json\/wp\/v2\/posts\/72762","targetHints":{"allow":["GET"]}}],"collection":[{"href":"https:\/\/www.notibras.com\/site\/wp-json\/wp\/v2\/posts"}],"about":[{"href":"https:\/\/www.notibras.com\/site\/wp-json\/wp\/v2\/types\/post"}],"author":[{"embeddable":true,"href":"https:\/\/www.notibras.com\/site\/wp-json\/wp\/v2\/users\/2"}],"replies":[{"embeddable":true,"href":"https:\/\/www.notibras.com\/site\/wp-json\/wp\/v2\/comments?post=72762"}],"version-history":[{"count":3,"href":"https:\/\/www.notibras.com\/site\/wp-json\/wp\/v2\/posts\/72762\/revisions"}],"predecessor-version":[{"id":72804,"href":"https:\/\/www.notibras.com\/site\/wp-json\/wp\/v2\/posts\/72762\/revisions\/72804"}],"wp:featuredmedia":[{"embeddable":true,"href":"https:\/\/www.notibras.com\/site\/wp-json\/wp\/v2\/media\/72763"}],"wp:attachment":[{"href":"https:\/\/www.notibras.com\/site\/wp-json\/wp\/v2\/media?parent=72762"}],"wp:term":[{"taxonomy":"category","embeddable":true,"href":"https:\/\/www.notibras.com\/site\/wp-json\/wp\/v2\/categories?post=72762"},{"taxonomy":"post_tag","embeddable":true,"href":"https:\/\/www.notibras.com\/site\/wp-json\/wp\/v2\/tags?post=72762"}],"curies":[{"name":"wp","href":"https:\/\/api.w.org\/{rel}","templated":true}]}}