{"id":72782,"date":"2015-10-24T17:08:44","date_gmt":"2015-10-24T19:08:44","guid":{"rendered":"http:\/\/www.notibras.com\/site\/?p=72782"},"modified":"2015-10-25T04:25:08","modified_gmt":"2015-10-25T06:25:08","slug":"igreja-atende-ao-papa-e-abre-as-portas-para-os-divorciados-e-gays","status":"publish","type":"post","link":"https:\/\/www.notibras.com\/site\/igreja-atende-ao-papa-e-abre-as-portas-para-os-divorciados-e-gays\/","title":{"rendered":"Igreja atende papa Francisco e abre porta para divorciados e gays"},"content":{"rendered":"<p>Bispos cat\u00f3licos de todo o mundo adotaram neste s\u00e1bado um documento que p\u00f5e fim a um pol\u00eamico s\u00ednodo de tr\u00eas semanas, no qual atenderam os pedidos do papa Francisco para criar uma Igreja mais acolhedora aos parceiros que n\u00e3o se casaram no religioso, aos gays e aos que divorciados recasados.<\/p>\n<p>O documento final ressaltou o papel do discernimento e da consci\u00eancia individual no manejo de situa\u00e7\u00f5es familiares dif\u00edceis, um m\u00e9todo j\u00e1 amplamente usado pelos setores mais liberais da Igreja. Na pr\u00e1tica, cabe a cada padre a decis\u00e3o sobre como lidar com temas controversos, como a comunh\u00e3o a pessoas divorciadas.<\/p>\n<p>Foi necess\u00e1rio uma maioria de dois ter\u00e7os para aprovar cada par\u00e1grafo.<\/p>\n<p>Os conservadores estavam resistindo em dar qualquer margem de manobra para a medida que dava o direito \u00e0 comunh\u00e3o aos divorciados. O esclarecimento acerca do discernimento e da consci\u00eancia pode, no entanto, abrir a porta para exce\u00e7\u00f5es caso a caso, de acordo com a doutrina cat\u00f3lica.<\/p>\n<p>A disputada c\u00fapula de 270 bispos exp\u00f4s as profundas diferen\u00e7as entre os prelados ante o pedido de Francisco para a Igreja se tornar mais misericordiosa e menos cr\u00edtica.<\/p>\n<p>Os dois temas mais pol\u00eamicos do s\u00ednodo foram os que tratavam da quest\u00e3o dos homossexuais e dos divorciados frente \u00e0 Igreja.<\/p>\n<p>O texto final repetiu a doutrina da Igreja que diz que os gays devem ser amados e respeitados. A \u00fanica novidade foi dizer que as fam\u00edlias homossexuais requerem cuidado pastoral especial.<\/p>\n<p>Os conservadores se ativeram \u00e0 doutrina da Igreja e resistiram \u00e0 press\u00e3o dos colegas mais progressistas, que queriam uma nova estrat\u00e9gia.<\/p>\n<p>No entanto, Francisco retirou do debate um tema pol\u00eamico pouco antes de o s\u00ednodo ter in\u00edcio, ao aprovar uma nova norma que facilita o processo para que casais divorciados consigam a nulidade de seu matrim\u00f4nio.<\/p>\n<p>Assim, o s\u00ednodo se centrou em quest\u00f5es muito mais controversas, desde como oferecer \u00e0 Igreja uma prepara\u00e7\u00e3o melhor para o casamento de novos casais at\u00e9 como achar formas de acolher as fam\u00edlias divididas pela imigra\u00e7\u00e3o, pela pobreza ou pela guerra.<\/p>\n<p>&#8220;N\u00e3o creio que nenhuma de nossas fam\u00edlias seja perfeita&#8221;, disse o cardeal canadense Gerald Lacroix. &#8220;Todas as nossas fam\u00edlias, incluindo a minha, t\u00eam pessoas com problemas. Temos de caminhar com eles e ajud\u00e1-los.&#8221;<\/p>\n<p>No in\u00edcio do encontro, uma carta de 13 cardeais conservadores a Francisco ganhou destaque. Eles se queixavam dos procedimentos do s\u00ednodo e advertiam que a pr\u00f3pria Igreja Cat\u00f3lica estava em risco de entrar em colapso se os bispos cedessem \u00e0s press\u00f5es dos fi\u00e9is.<\/p>\n<p>Depois, as discuss\u00f5es chegaram \u00e0 imprensa, quando v\u00e1rios cardeais de alto escal\u00e3o trocaram cr\u00edticas de forma p\u00fablica. Os bispos alem\u00e3es expressaram seu descontentamento redigindo suas pr\u00f3prias emendas por escrito, com uma cr\u00edtica p\u00fablicas ao cardeal australiano George Pell, que liderou o grupo conservador no s\u00ednodo.<\/p>\n<p>Por \u00faltimo, um jornal italiano publicou uma mat\u00e9ria que dizia que Francisco padecia de um tumor cerebral. O Vaticano desmentiu a not\u00edcia de forma veemente e sugeriu que o objetivo dela era colocar em d\u00favida a sa\u00fade, e portanto a autoridade, do papa ante o s\u00ednodo.<\/p>\n<p><img loading=\"lazy\" decoding=\"async\" class=\"alignnone size-full wp-image-72756\" src=\"http:\/\/www.notibras.com\/site\/wp-content\/uploads\/2015\/10\/estadao-3.png\" alt=\"estadao (3)\" width=\"99\" height=\"16\" \/><\/p>\n","protected":false},"excerpt":{"rendered":"<p>Bispos cat\u00f3licos de todo o mundo adotaram neste s\u00e1bado um documento que p\u00f5e fim a um pol\u00eamico s\u00ednodo de tr\u00eas semanas, no qual atenderam os pedidos do papa Francisco para criar uma Igreja mais acolhedora aos parceiros que n\u00e3o se casaram no religioso, aos gays e aos que divorciados recasados. O documento final ressaltou o [&hellip;]<\/p>\n","protected":false},"author":2,"featured_media":72783,"comment_status":"open","ping_status":"closed","sticky":false,"template":"","format":"standard","meta":{"_acf_changed":false,"footnotes":""},"categories":[17],"tags":[],"class_list":["post-72782","post","type-post","status-publish","format-standard","has-post-thumbnail","hentry","category-mundo"],"acf":[],"yoast_head":"<!-- This site is optimized with the Yoast SEO plugin v27.2 - https:\/\/yoast.com\/product\/yoast-seo-wordpress\/ -->\n<title>Igreja atende papa Francisco e abre porta para divorciados e gays - Notibras<\/title>\n<meta name=\"robots\" content=\"index, follow, max-snippet:-1, max-image-preview:large, max-video-preview:-1\" \/>\n<link rel=\"canonical\" href=\"https:\/\/www.notibras.com\/site\/igreja-atende-ao-papa-e-abre-as-portas-para-os-divorciados-e-gays\/\" \/>\n<meta property=\"og:locale\" content=\"pt_BR\" \/>\n<meta property=\"og:type\" content=\"article\" \/>\n<meta property=\"og:title\" content=\"Igreja atende papa Francisco e abre porta para divorciados e gays - Notibras\" \/>\n<meta property=\"og:description\" content=\"Bispos cat\u00f3licos de todo o mundo adotaram neste s\u00e1bado um documento que p\u00f5e fim a um pol\u00eamico s\u00ednodo de tr\u00eas semanas, no qual atenderam os pedidos do papa Francisco para criar uma Igreja mais acolhedora aos parceiros que n\u00e3o se casaram no religioso, aos gays e aos que divorciados recasados. O documento final ressaltou o [&hellip;]\" \/>\n<meta property=\"og:url\" content=\"https:\/\/www.notibras.com\/site\/igreja-atende-ao-papa-e-abre-as-portas-para-os-divorciados-e-gays\/\" \/>\n<meta property=\"og:site_name\" content=\"Notibras\" \/>\n<meta property=\"article:publisher\" content=\"https:\/\/www.facebook.com\/notibras\/\" \/>\n<meta property=\"article:published_time\" content=\"2015-10-24T19:08:44+00:00\" \/>\n<meta property=\"article:modified_time\" content=\"2015-10-25T06:25:08+00:00\" \/>\n<meta property=\"og:image\" content=\"https:\/\/www.notibras.com\/site\/wp-content\/uploads\/2015\/10\/sinodo.jpg\" \/>\n\t<meta property=\"og:image:width\" content=\"490\" \/>\n\t<meta property=\"og:image:height\" content=\"365\" \/>\n\t<meta property=\"og:image:type\" content=\"image\/jpeg\" \/>\n<meta name=\"author\" content=\"Reda\u00e7\u00e3o\" \/>\n<meta name=\"twitter:card\" content=\"summary_large_image\" \/>\n<meta name=\"twitter:creator\" content=\"@Notibras\" \/>\n<meta name=\"twitter:site\" content=\"@Notibras\" \/>\n<meta name=\"twitter:label1\" content=\"Escrito por\" \/>\n\t<meta name=\"twitter:data1\" content=\"Reda\u00e7\u00e3o\" \/>\n\t<meta name=\"twitter:label2\" content=\"Est. tempo de leitura\" \/>\n\t<meta name=\"twitter:data2\" content=\"3 minutos\" \/>\n<script type=\"application\/ld+json\" class=\"yoast-schema-graph\">{\"@context\":\"https:\/\/schema.org\",\"@graph\":[{\"@type\":\"Article\",\"@id\":\"https:\/\/www.notibras.com\/site\/igreja-atende-ao-papa-e-abre-as-portas-para-os-divorciados-e-gays\/#article\",\"isPartOf\":{\"@id\":\"https:\/\/www.notibras.com\/site\/igreja-atende-ao-papa-e-abre-as-portas-para-os-divorciados-e-gays\/\"},\"author\":{\"name\":\"Reda\u00e7\u00e3o\",\"@id\":\"https:\/\/www.notibras.com\/site\/#\/schema\/person\/36ab0979449956132d3e5b517ea76ac8\"},\"headline\":\"Igreja atende papa Francisco e abre porta para divorciados e gays\",\"datePublished\":\"2015-10-24T19:08:44+00:00\",\"dateModified\":\"2015-10-25T06:25:08+00:00\",\"mainEntityOfPage\":{\"@id\":\"https:\/\/www.notibras.com\/site\/igreja-atende-ao-papa-e-abre-as-portas-para-os-divorciados-e-gays\/\"},\"wordCount\":568,\"commentCount\":0,\"publisher\":{\"@id\":\"https:\/\/www.notibras.com\/site\/#organization\"},\"image\":{\"@id\":\"https:\/\/www.notibras.com\/site\/igreja-atende-ao-papa-e-abre-as-portas-para-os-divorciados-e-gays\/#primaryimage\"},\"thumbnailUrl\":\"https:\/\/www.notibras.com\/site\/wp-content\/uploads\/2015\/10\/sinodo.jpg\",\"articleSection\":[\"Mundo\"],\"inLanguage\":\"pt-BR\",\"potentialAction\":[{\"@type\":\"CommentAction\",\"name\":\"Comment\",\"target\":[\"https:\/\/www.notibras.com\/site\/igreja-atende-ao-papa-e-abre-as-portas-para-os-divorciados-e-gays\/#respond\"]}]},{\"@type\":\"WebPage\",\"@id\":\"https:\/\/www.notibras.com\/site\/igreja-atende-ao-papa-e-abre-as-portas-para-os-divorciados-e-gays\/\",\"url\":\"https:\/\/www.notibras.com\/site\/igreja-atende-ao-papa-e-abre-as-portas-para-os-divorciados-e-gays\/\",\"name\":\"Igreja atende papa Francisco e abre porta para divorciados e gays - Notibras\",\"isPartOf\":{\"@id\":\"https:\/\/www.notibras.com\/site\/#website\"},\"primaryImageOfPage\":{\"@id\":\"https:\/\/www.notibras.com\/site\/igreja-atende-ao-papa-e-abre-as-portas-para-os-divorciados-e-gays\/#primaryimage\"},\"image\":{\"@id\":\"https:\/\/www.notibras.com\/site\/igreja-atende-ao-papa-e-abre-as-portas-para-os-divorciados-e-gays\/#primaryimage\"},\"thumbnailUrl\":\"https:\/\/www.notibras.com\/site\/wp-content\/uploads\/2015\/10\/sinodo.jpg\",\"datePublished\":\"2015-10-24T19:08:44+00:00\",\"dateModified\":\"2015-10-25T06:25:08+00:00\",\"breadcrumb\":{\"@id\":\"https:\/\/www.notibras.com\/site\/igreja-atende-ao-papa-e-abre-as-portas-para-os-divorciados-e-gays\/#breadcrumb\"},\"inLanguage\":\"pt-BR\",\"potentialAction\":[{\"@type\":\"ReadAction\",\"target\":[\"https:\/\/www.notibras.com\/site\/igreja-atende-ao-papa-e-abre-as-portas-para-os-divorciados-e-gays\/\"]}]},{\"@type\":\"ImageObject\",\"inLanguage\":\"pt-BR\",\"@id\":\"https:\/\/www.notibras.com\/site\/igreja-atende-ao-papa-e-abre-as-portas-para-os-divorciados-e-gays\/#primaryimage\",\"url\":\"https:\/\/www.notibras.com\/site\/wp-content\/uploads\/2015\/10\/sinodo.jpg\",\"contentUrl\":\"https:\/\/www.notibras.com\/site\/wp-content\/uploads\/2015\/10\/sinodo.jpg\",\"width\":490,\"height\":365},{\"@type\":\"BreadcrumbList\",\"@id\":\"https:\/\/www.notibras.com\/site\/igreja-atende-ao-papa-e-abre-as-portas-para-os-divorciados-e-gays\/#breadcrumb\",\"itemListElement\":[{\"@type\":\"ListItem\",\"position\":1,\"name\":\"In\u00edcio\",\"item\":\"https:\/\/www.notibras.com\/site\/\"},{\"@type\":\"ListItem\",\"position\":2,\"name\":\"Igreja atende papa Francisco e abre porta para divorciados e gays\"}]},{\"@type\":\"WebSite\",\"@id\":\"https:\/\/www.notibras.com\/site\/#website\",\"url\":\"https:\/\/www.notibras.com\/site\/\",\"name\":\"Notibras\",\"description\":\"Not\u00edcias de Bras\u00edlia, do Brasil e do Mundo\",\"publisher\":{\"@id\":\"https:\/\/www.notibras.com\/site\/#organization\"},\"potentialAction\":[{\"@type\":\"SearchAction\",\"target\":{\"@type\":\"EntryPoint\",\"urlTemplate\":\"https:\/\/www.notibras.com\/site\/?s={search_term_string}\"},\"query-input\":{\"@type\":\"PropertyValueSpecification\",\"valueRequired\":true,\"valueName\":\"search_term_string\"}}],\"inLanguage\":\"pt-BR\"},{\"@type\":\"Organization\",\"@id\":\"https:\/\/www.notibras.com\/site\/#organization\",\"name\":\"Grupo Notibras de Comunica\u00e7\u00e3o\",\"url\":\"https:\/\/www.notibras.com\/site\/\",\"logo\":{\"@type\":\"ImageObject\",\"inLanguage\":\"pt-BR\",\"@id\":\"https:\/\/www.notibras.com\/site\/#\/schema\/logo\/image\/\",\"url\":\"https:\/\/www.notibras.com\/site\/wp-content\/uploads\/2023\/01\/notibras23.png\",\"contentUrl\":\"https:\/\/www.notibras.com\/site\/wp-content\/uploads\/2023\/01\/notibras23.png\",\"width\":350,\"height\":87,\"caption\":\"Grupo Notibras de Comunica\u00e7\u00e3o\"},\"image\":{\"@id\":\"https:\/\/www.notibras.com\/site\/#\/schema\/logo\/image\/\"},\"sameAs\":[\"https:\/\/www.facebook.com\/notibras\/\",\"https:\/\/x.com\/Notibras\",\"https:\/\/www.instagram.com\/notibras\/\"]},{\"@type\":\"Person\",\"@id\":\"https:\/\/www.notibras.com\/site\/#\/schema\/person\/36ab0979449956132d3e5b517ea76ac8\",\"name\":\"Reda\u00e7\u00e3o\",\"image\":{\"@type\":\"ImageObject\",\"inLanguage\":\"pt-BR\",\"@id\":\"https:\/\/secure.gravatar.com\/avatar\/e0a867bdedb85fd243eadf09663511f96fc81e0720a4a42581f334ad4303aa6b?s=96&d=mm&r=g\",\"url\":\"https:\/\/secure.gravatar.com\/avatar\/e0a867bdedb85fd243eadf09663511f96fc81e0720a4a42581f334ad4303aa6b?s=96&d=mm&r=g\",\"contentUrl\":\"https:\/\/secure.gravatar.com\/avatar\/e0a867bdedb85fd243eadf09663511f96fc81e0720a4a42581f334ad4303aa6b?s=96&d=mm&r=g\",\"caption\":\"Reda\u00e7\u00e3o\"}}]}<\/script>\n<!-- \/ Yoast SEO plugin. -->","yoast_head_json":{"title":"Igreja atende papa Francisco e abre porta para divorciados e gays - Notibras","robots":{"index":"index","follow":"follow","max-snippet":"max-snippet:-1","max-image-preview":"max-image-preview:large","max-video-preview":"max-video-preview:-1"},"canonical":"https:\/\/www.notibras.com\/site\/igreja-atende-ao-papa-e-abre-as-portas-para-os-divorciados-e-gays\/","og_locale":"pt_BR","og_type":"article","og_title":"Igreja atende papa Francisco e abre porta para divorciados e gays - Notibras","og_description":"Bispos cat\u00f3licos de todo o mundo adotaram neste s\u00e1bado um documento que p\u00f5e fim a um pol\u00eamico s\u00ednodo de tr\u00eas semanas, no qual atenderam os pedidos do papa Francisco para criar uma Igreja mais acolhedora aos parceiros que n\u00e3o se casaram no religioso, aos gays e aos que divorciados recasados. O documento final ressaltou o [&hellip;]","og_url":"https:\/\/www.notibras.com\/site\/igreja-atende-ao-papa-e-abre-as-portas-para-os-divorciados-e-gays\/","og_site_name":"Notibras","article_publisher":"https:\/\/www.facebook.com\/notibras\/","article_published_time":"2015-10-24T19:08:44+00:00","article_modified_time":"2015-10-25T06:25:08+00:00","og_image":[{"width":490,"height":365,"url":"https:\/\/www.notibras.com\/site\/wp-content\/uploads\/2015\/10\/sinodo.jpg","type":"image\/jpeg"}],"author":"Reda\u00e7\u00e3o","twitter_card":"summary_large_image","twitter_creator":"@Notibras","twitter_site":"@Notibras","twitter_misc":{"Escrito por":"Reda\u00e7\u00e3o","Est. tempo de leitura":"3 minutos"},"schema":{"@context":"https:\/\/schema.org","@graph":[{"@type":"Article","@id":"https:\/\/www.notibras.com\/site\/igreja-atende-ao-papa-e-abre-as-portas-para-os-divorciados-e-gays\/#article","isPartOf":{"@id":"https:\/\/www.notibras.com\/site\/igreja-atende-ao-papa-e-abre-as-portas-para-os-divorciados-e-gays\/"},"author":{"name":"Reda\u00e7\u00e3o","@id":"https:\/\/www.notibras.com\/site\/#\/schema\/person\/36ab0979449956132d3e5b517ea76ac8"},"headline":"Igreja atende papa Francisco e abre porta para divorciados e gays","datePublished":"2015-10-24T19:08:44+00:00","dateModified":"2015-10-25T06:25:08+00:00","mainEntityOfPage":{"@id":"https:\/\/www.notibras.com\/site\/igreja-atende-ao-papa-e-abre-as-portas-para-os-divorciados-e-gays\/"},"wordCount":568,"commentCount":0,"publisher":{"@id":"https:\/\/www.notibras.com\/site\/#organization"},"image":{"@id":"https:\/\/www.notibras.com\/site\/igreja-atende-ao-papa-e-abre-as-portas-para-os-divorciados-e-gays\/#primaryimage"},"thumbnailUrl":"https:\/\/www.notibras.com\/site\/wp-content\/uploads\/2015\/10\/sinodo.jpg","articleSection":["Mundo"],"inLanguage":"pt-BR","potentialAction":[{"@type":"CommentAction","name":"Comment","target":["https:\/\/www.notibras.com\/site\/igreja-atende-ao-papa-e-abre-as-portas-para-os-divorciados-e-gays\/#respond"]}]},{"@type":"WebPage","@id":"https:\/\/www.notibras.com\/site\/igreja-atende-ao-papa-e-abre-as-portas-para-os-divorciados-e-gays\/","url":"https:\/\/www.notibras.com\/site\/igreja-atende-ao-papa-e-abre-as-portas-para-os-divorciados-e-gays\/","name":"Igreja atende papa Francisco e abre porta para divorciados e gays - Notibras","isPartOf":{"@id":"https:\/\/www.notibras.com\/site\/#website"},"primaryImageOfPage":{"@id":"https:\/\/www.notibras.com\/site\/igreja-atende-ao-papa-e-abre-as-portas-para-os-divorciados-e-gays\/#primaryimage"},"image":{"@id":"https:\/\/www.notibras.com\/site\/igreja-atende-ao-papa-e-abre-as-portas-para-os-divorciados-e-gays\/#primaryimage"},"thumbnailUrl":"https:\/\/www.notibras.com\/site\/wp-content\/uploads\/2015\/10\/sinodo.jpg","datePublished":"2015-10-24T19:08:44+00:00","dateModified":"2015-10-25T06:25:08+00:00","breadcrumb":{"@id":"https:\/\/www.notibras.com\/site\/igreja-atende-ao-papa-e-abre-as-portas-para-os-divorciados-e-gays\/#breadcrumb"},"inLanguage":"pt-BR","potentialAction":[{"@type":"ReadAction","target":["https:\/\/www.notibras.com\/site\/igreja-atende-ao-papa-e-abre-as-portas-para-os-divorciados-e-gays\/"]}]},{"@type":"ImageObject","inLanguage":"pt-BR","@id":"https:\/\/www.notibras.com\/site\/igreja-atende-ao-papa-e-abre-as-portas-para-os-divorciados-e-gays\/#primaryimage","url":"https:\/\/www.notibras.com\/site\/wp-content\/uploads\/2015\/10\/sinodo.jpg","contentUrl":"https:\/\/www.notibras.com\/site\/wp-content\/uploads\/2015\/10\/sinodo.jpg","width":490,"height":365},{"@type":"BreadcrumbList","@id":"https:\/\/www.notibras.com\/site\/igreja-atende-ao-papa-e-abre-as-portas-para-os-divorciados-e-gays\/#breadcrumb","itemListElement":[{"@type":"ListItem","position":1,"name":"In\u00edcio","item":"https:\/\/www.notibras.com\/site\/"},{"@type":"ListItem","position":2,"name":"Igreja atende papa Francisco e abre porta para divorciados e gays"}]},{"@type":"WebSite","@id":"https:\/\/www.notibras.com\/site\/#website","url":"https:\/\/www.notibras.com\/site\/","name":"Notibras","description":"Not\u00edcias de Bras\u00edlia, do Brasil e do Mundo","publisher":{"@id":"https:\/\/www.notibras.com\/site\/#organization"},"potentialAction":[{"@type":"SearchAction","target":{"@type":"EntryPoint","urlTemplate":"https:\/\/www.notibras.com\/site\/?s={search_term_string}"},"query-input":{"@type":"PropertyValueSpecification","valueRequired":true,"valueName":"search_term_string"}}],"inLanguage":"pt-BR"},{"@type":"Organization","@id":"https:\/\/www.notibras.com\/site\/#organization","name":"Grupo Notibras de Comunica\u00e7\u00e3o","url":"https:\/\/www.notibras.com\/site\/","logo":{"@type":"ImageObject","inLanguage":"pt-BR","@id":"https:\/\/www.notibras.com\/site\/#\/schema\/logo\/image\/","url":"https:\/\/www.notibras.com\/site\/wp-content\/uploads\/2023\/01\/notibras23.png","contentUrl":"https:\/\/www.notibras.com\/site\/wp-content\/uploads\/2023\/01\/notibras23.png","width":350,"height":87,"caption":"Grupo Notibras de Comunica\u00e7\u00e3o"},"image":{"@id":"https:\/\/www.notibras.com\/site\/#\/schema\/logo\/image\/"},"sameAs":["https:\/\/www.facebook.com\/notibras\/","https:\/\/x.com\/Notibras","https:\/\/www.instagram.com\/notibras\/"]},{"@type":"Person","@id":"https:\/\/www.notibras.com\/site\/#\/schema\/person\/36ab0979449956132d3e5b517ea76ac8","name":"Reda\u00e7\u00e3o","image":{"@type":"ImageObject","inLanguage":"pt-BR","@id":"https:\/\/secure.gravatar.com\/avatar\/e0a867bdedb85fd243eadf09663511f96fc81e0720a4a42581f334ad4303aa6b?s=96&d=mm&r=g","url":"https:\/\/secure.gravatar.com\/avatar\/e0a867bdedb85fd243eadf09663511f96fc81e0720a4a42581f334ad4303aa6b?s=96&d=mm&r=g","contentUrl":"https:\/\/secure.gravatar.com\/avatar\/e0a867bdedb85fd243eadf09663511f96fc81e0720a4a42581f334ad4303aa6b?s=96&d=mm&r=g","caption":"Reda\u00e7\u00e3o"}}]}},"amp_enabled":true,"_links":{"self":[{"href":"https:\/\/www.notibras.com\/site\/wp-json\/wp\/v2\/posts\/72782","targetHints":{"allow":["GET"]}}],"collection":[{"href":"https:\/\/www.notibras.com\/site\/wp-json\/wp\/v2\/posts"}],"about":[{"href":"https:\/\/www.notibras.com\/site\/wp-json\/wp\/v2\/types\/post"}],"author":[{"embeddable":true,"href":"https:\/\/www.notibras.com\/site\/wp-json\/wp\/v2\/users\/2"}],"replies":[{"embeddable":true,"href":"https:\/\/www.notibras.com\/site\/wp-json\/wp\/v2\/comments?post=72782"}],"version-history":[{"count":5,"href":"https:\/\/www.notibras.com\/site\/wp-json\/wp\/v2\/posts\/72782\/revisions"}],"predecessor-version":[{"id":72836,"href":"https:\/\/www.notibras.com\/site\/wp-json\/wp\/v2\/posts\/72782\/revisions\/72836"}],"wp:featuredmedia":[{"embeddable":true,"href":"https:\/\/www.notibras.com\/site\/wp-json\/wp\/v2\/media\/72783"}],"wp:attachment":[{"href":"https:\/\/www.notibras.com\/site\/wp-json\/wp\/v2\/media?parent=72782"}],"wp:term":[{"taxonomy":"category","embeddable":true,"href":"https:\/\/www.notibras.com\/site\/wp-json\/wp\/v2\/categories?post=72782"},{"taxonomy":"post_tag","embeddable":true,"href":"https:\/\/www.notibras.com\/site\/wp-json\/wp\/v2\/tags?post=72782"}],"curies":[{"name":"wp","href":"https:\/\/api.w.org\/{rel}","templated":true}]}}