{"id":72800,"date":"2015-10-24T20:39:25","date_gmt":"2015-10-24T22:39:25","guid":{"rendered":"http:\/\/www.notibras.com\/site\/?p=72800"},"modified":"2015-10-25T04:06:26","modified_gmt":"2015-10-25T06:06:26","slug":"furacao-se-fecha-na-defesa-ataca-faz-1-a-0-e-complica-o-fluminense","status":"publish","type":"post","link":"https:\/\/www.notibras.com\/site\/furacao-se-fecha-na-defesa-ataca-faz-1-a-0-e-complica-o-fluminense\/","title":{"rendered":"Furac\u00e3o se fecha na defesa, contra-ataca, faz 1 a 0 e complica para o Fluminense"},"content":{"rendered":"<p>O Atl\u00e9tico-PR derrotou o Fluminense por 1 a 0, neste s\u00e1bado, no Maracan\u00e3, pela 32\u00aa rodada do Campeonato Brasileiro. Mesmo com maior dom\u00ednio da partida, o time tricolor n\u00e3o foi eficiente nas finaliza\u00e7\u00f5es e acabou levando um gol de seu ex-atacante Walter, em lance de contra-ataque. Com 40 pontos, o Fluminense caiu para a 13\u00aa posi\u00e7\u00e3o. Ap\u00f3s a vit\u00f3ria, o Atl\u00e9tico-PR chega a 42 pontos, na 11\u00aa coloca\u00e7\u00e3o.<\/p>\n<p>As equipes voltam a campo na pr\u00f3xima semana. O Fluminense joga na quarta-feira, \u00e0s 22 h, contra o Palmeiras, no Allianz Parque, pela segunda partida da semifinal da Copa do Brasil. O Atl\u00e9tico-PR vai a Luque, no Paraguai, para enfrentar o Sportivo Luque\u00f1o pela segunda partida das quartas de final da Copa Sul-Americana.<\/p>\n<p>O Fluminense come\u00e7ou a partida exercendo seu papel de mandante. Aos 4 minutos, Wellington cruzou na medida para Osvaldo, que cabeceou bem no cantinho e Weverton fez bela defesa. No minuto seguinte, Osvaldo bateu forte de fora da \u00e1rea e a bola raspou na trave direita do Atl\u00e9tico. Ap\u00f3s a press\u00e3o inicial, os visitantes passaram a ter mais posse de bola, mas n\u00e3o conseguiram criar lances de perigo.<\/p>\n<p>Aos 15, Ot\u00e1vio arriscou na intermedi\u00e1ria, a bola desviou em C\u00edcero e Cavalieri espalmou para escanteio. Aos 21, Vinicius recebeu belo passe cara a cara com Weverton, que saiu com rapidez e bloqueou o chute do jogador tricolor. Na sequ\u00eancia, a bola sobrou com Gustavo Scarpa, que limpou a zaga e bateu colocado. Novamente, o goleiro do Atl\u00e9tico-PR fez grande defesa. Logo depois, aos 24, C\u00edcero chutou forte de fora e Weverton espalmou.<\/p>\n<p>O Fluminense dominou o restante do primeiro tempo e mostrou que tinha muito mais poder ofensivo que o clube paranaense. O goleiro Weverton se destacou pela grande participa\u00e7\u00e3o, evitando que o Atl\u00e9tico fosse para o intervalo em desvantagem no placar.<\/p>\n<p>Na segunda etapa, os mandantes demonstraram que n\u00e3o perderam o \u00e2nimo no jogo. No primeiro minuto, Weverton salvou ao interceptar um cruzamento na \u00e1rea antes que os tricolores pudessem finalizar. O jogo seguiu disputado e o Atl\u00e9tico chegou pela primeira vez aos 13 minutos. Marcos Guilherme recebeu pela esquerda em contra-ataque, se livrou do marcador, mas, na frente de Diego Cavalieri, e praticamente recuou para o goleiro.<\/p>\n<p>Apesar de atuar melhor, n\u00e3o foi o time tricolor carioca que marcou o primeiro gol. O Atl\u00e9tico-PR foi eficiente e abriu o placar aos 14 minutos. Marcos Guilherme lan\u00e7ou Walter pelo alto, livre dentro da \u00e1rea. O atacante cabeceou com categoria no canto, deslocando o goleiro Diego Cavalieri e fazendo o primeiro gol do jogo.<\/p>\n<p>Depois do gol, o Fluminense se lan\u00e7ou ao ataque de forma desorganizada, o que culminou em lances sem perigo para o Atl\u00e9tico. Em vantagem, os visitantes aproveitavam o despreparo dos advers\u00e1rios para administrar o jogo. O clube tricolor caiu de produ\u00e7\u00e3o, se tornou menos agressivo e foi incapaz de reverter o resultado. Aos 49, Weverton se consagrou como her\u00f3i da partida ao interceptar um cruzamento que encontraria Wellington Paulista livre dentro da \u00e1rea.<\/p>\n<p><img loading=\"lazy\" decoding=\"async\" class=\"alignnone size-full wp-image-70065\" src=\"http:\/\/www.notibras.com\/site\/wp-content\/uploads\/2015\/10\/estadao.png\" alt=\"estadao\" width=\"99\" height=\"16\" \/><\/p>\n","protected":false},"excerpt":{"rendered":"<p>O Atl\u00e9tico-PR derrotou o Fluminense por 1 a 0, neste s\u00e1bado, no Maracan\u00e3, pela 32\u00aa rodada do Campeonato Brasileiro. Mesmo com maior dom\u00ednio da partida, o time tricolor n\u00e3o foi eficiente nas finaliza\u00e7\u00f5es e acabou levando um gol de seu ex-atacante Walter, em lance de contra-ataque. Com 40 pontos, o Fluminense caiu para a 13\u00aa [&hellip;]<\/p>\n","protected":false},"author":2,"featured_media":72801,"comment_status":"open","ping_status":"closed","sticky":false,"template":"","format":"standard","meta":{"_acf_changed":false,"footnotes":""},"categories":[29],"tags":[],"class_list":["post-72800","post","type-post","status-publish","format-standard","has-post-thumbnail","hentry","category-futebol"],"acf":[],"yoast_head":"<!-- This site is optimized with the Yoast SEO plugin v27.2 - https:\/\/yoast.com\/product\/yoast-seo-wordpress\/ -->\n<title>Furac\u00e3o se fecha na defesa, contra-ataca, faz 1 a 0 e complica para o Fluminense - Notibras<\/title>\n<meta name=\"robots\" content=\"index, follow, max-snippet:-1, max-image-preview:large, max-video-preview:-1\" \/>\n<link rel=\"canonical\" href=\"https:\/\/www.notibras.com\/site\/furacao-se-fecha-na-defesa-ataca-faz-1-a-0-e-complica-o-fluminense\/\" \/>\n<meta property=\"og:locale\" content=\"pt_BR\" \/>\n<meta property=\"og:type\" content=\"article\" \/>\n<meta property=\"og:title\" content=\"Furac\u00e3o se fecha na defesa, contra-ataca, faz 1 a 0 e complica para o Fluminense - Notibras\" \/>\n<meta property=\"og:description\" content=\"O Atl\u00e9tico-PR derrotou o Fluminense por 1 a 0, neste s\u00e1bado, no Maracan\u00e3, pela 32\u00aa rodada do Campeonato Brasileiro. Mesmo com maior dom\u00ednio da partida, o time tricolor n\u00e3o foi eficiente nas finaliza\u00e7\u00f5es e acabou levando um gol de seu ex-atacante Walter, em lance de contra-ataque. Com 40 pontos, o Fluminense caiu para a 13\u00aa [&hellip;]\" \/>\n<meta property=\"og:url\" content=\"https:\/\/www.notibras.com\/site\/furacao-se-fecha-na-defesa-ataca-faz-1-a-0-e-complica-o-fluminense\/\" \/>\n<meta property=\"og:site_name\" content=\"Notibras\" \/>\n<meta property=\"article:publisher\" content=\"https:\/\/www.facebook.com\/notibras\/\" \/>\n<meta property=\"article:published_time\" content=\"2015-10-24T22:39:25+00:00\" \/>\n<meta property=\"article:modified_time\" content=\"2015-10-25T06:06:26+00:00\" \/>\n<meta property=\"og:image\" content=\"https:\/\/www.notibras.com\/site\/wp-content\/uploads\/2015\/10\/furaflu.jpg\" \/>\n\t<meta property=\"og:image:width\" content=\"585\" \/>\n\t<meta property=\"og:image:height\" content=\"395\" \/>\n\t<meta property=\"og:image:type\" content=\"image\/jpeg\" \/>\n<meta name=\"author\" content=\"Reda\u00e7\u00e3o\" \/>\n<meta name=\"twitter:card\" content=\"summary_large_image\" \/>\n<meta name=\"twitter:creator\" content=\"@Notibras\" \/>\n<meta name=\"twitter:site\" content=\"@Notibras\" \/>\n<meta name=\"twitter:label1\" content=\"Escrito por\" \/>\n\t<meta name=\"twitter:data1\" content=\"Reda\u00e7\u00e3o\" \/>\n\t<meta name=\"twitter:label2\" content=\"Est. tempo de leitura\" \/>\n\t<meta name=\"twitter:data2\" content=\"3 minutos\" \/>\n<script type=\"application\/ld+json\" class=\"yoast-schema-graph\">{\"@context\":\"https:\/\/schema.org\",\"@graph\":[{\"@type\":\"Article\",\"@id\":\"https:\/\/www.notibras.com\/site\/furacao-se-fecha-na-defesa-ataca-faz-1-a-0-e-complica-o-fluminense\/#article\",\"isPartOf\":{\"@id\":\"https:\/\/www.notibras.com\/site\/furacao-se-fecha-na-defesa-ataca-faz-1-a-0-e-complica-o-fluminense\/\"},\"author\":{\"name\":\"Reda\u00e7\u00e3o\",\"@id\":\"https:\/\/www.notibras.com\/site\/#\/schema\/person\/36ab0979449956132d3e5b517ea76ac8\"},\"headline\":\"Furac\u00e3o se fecha na defesa, contra-ataca, faz 1 a 0 e complica para o Fluminense\",\"datePublished\":\"2015-10-24T22:39:25+00:00\",\"dateModified\":\"2015-10-25T06:06:26+00:00\",\"mainEntityOfPage\":{\"@id\":\"https:\/\/www.notibras.com\/site\/furacao-se-fecha-na-defesa-ataca-faz-1-a-0-e-complica-o-fluminense\/\"},\"wordCount\":532,\"commentCount\":0,\"publisher\":{\"@id\":\"https:\/\/www.notibras.com\/site\/#organization\"},\"image\":{\"@id\":\"https:\/\/www.notibras.com\/site\/furacao-se-fecha-na-defesa-ataca-faz-1-a-0-e-complica-o-fluminense\/#primaryimage\"},\"thumbnailUrl\":\"https:\/\/www.notibras.com\/site\/wp-content\/uploads\/2015\/10\/furaflu.jpg\",\"articleSection\":[\"Futebol\"],\"inLanguage\":\"pt-BR\",\"potentialAction\":[{\"@type\":\"CommentAction\",\"name\":\"Comment\",\"target\":[\"https:\/\/www.notibras.com\/site\/furacao-se-fecha-na-defesa-ataca-faz-1-a-0-e-complica-o-fluminense\/#respond\"]}]},{\"@type\":\"WebPage\",\"@id\":\"https:\/\/www.notibras.com\/site\/furacao-se-fecha-na-defesa-ataca-faz-1-a-0-e-complica-o-fluminense\/\",\"url\":\"https:\/\/www.notibras.com\/site\/furacao-se-fecha-na-defesa-ataca-faz-1-a-0-e-complica-o-fluminense\/\",\"name\":\"Furac\u00e3o se fecha na defesa, contra-ataca, faz 1 a 0 e complica para o Fluminense - Notibras\",\"isPartOf\":{\"@id\":\"https:\/\/www.notibras.com\/site\/#website\"},\"primaryImageOfPage\":{\"@id\":\"https:\/\/www.notibras.com\/site\/furacao-se-fecha-na-defesa-ataca-faz-1-a-0-e-complica-o-fluminense\/#primaryimage\"},\"image\":{\"@id\":\"https:\/\/www.notibras.com\/site\/furacao-se-fecha-na-defesa-ataca-faz-1-a-0-e-complica-o-fluminense\/#primaryimage\"},\"thumbnailUrl\":\"https:\/\/www.notibras.com\/site\/wp-content\/uploads\/2015\/10\/furaflu.jpg\",\"datePublished\":\"2015-10-24T22:39:25+00:00\",\"dateModified\":\"2015-10-25T06:06:26+00:00\",\"breadcrumb\":{\"@id\":\"https:\/\/www.notibras.com\/site\/furacao-se-fecha-na-defesa-ataca-faz-1-a-0-e-complica-o-fluminense\/#breadcrumb\"},\"inLanguage\":\"pt-BR\",\"potentialAction\":[{\"@type\":\"ReadAction\",\"target\":[\"https:\/\/www.notibras.com\/site\/furacao-se-fecha-na-defesa-ataca-faz-1-a-0-e-complica-o-fluminense\/\"]}]},{\"@type\":\"ImageObject\",\"inLanguage\":\"pt-BR\",\"@id\":\"https:\/\/www.notibras.com\/site\/furacao-se-fecha-na-defesa-ataca-faz-1-a-0-e-complica-o-fluminense\/#primaryimage\",\"url\":\"https:\/\/www.notibras.com\/site\/wp-content\/uploads\/2015\/10\/furaflu.jpg\",\"contentUrl\":\"https:\/\/www.notibras.com\/site\/wp-content\/uploads\/2015\/10\/furaflu.jpg\",\"width\":585,\"height\":395},{\"@type\":\"BreadcrumbList\",\"@id\":\"https:\/\/www.notibras.com\/site\/furacao-se-fecha-na-defesa-ataca-faz-1-a-0-e-complica-o-fluminense\/#breadcrumb\",\"itemListElement\":[{\"@type\":\"ListItem\",\"position\":1,\"name\":\"In\u00edcio\",\"item\":\"https:\/\/www.notibras.com\/site\/\"},{\"@type\":\"ListItem\",\"position\":2,\"name\":\"Furac\u00e3o se fecha na defesa, contra-ataca, faz 1 a 0 e complica para o Fluminense\"}]},{\"@type\":\"WebSite\",\"@id\":\"https:\/\/www.notibras.com\/site\/#website\",\"url\":\"https:\/\/www.notibras.com\/site\/\",\"name\":\"Notibras\",\"description\":\"Not\u00edcias de Bras\u00edlia, do Brasil e do Mundo\",\"publisher\":{\"@id\":\"https:\/\/www.notibras.com\/site\/#organization\"},\"potentialAction\":[{\"@type\":\"SearchAction\",\"target\":{\"@type\":\"EntryPoint\",\"urlTemplate\":\"https:\/\/www.notibras.com\/site\/?s={search_term_string}\"},\"query-input\":{\"@type\":\"PropertyValueSpecification\",\"valueRequired\":true,\"valueName\":\"search_term_string\"}}],\"inLanguage\":\"pt-BR\"},{\"@type\":\"Organization\",\"@id\":\"https:\/\/www.notibras.com\/site\/#organization\",\"name\":\"Grupo Notibras de Comunica\u00e7\u00e3o\",\"url\":\"https:\/\/www.notibras.com\/site\/\",\"logo\":{\"@type\":\"ImageObject\",\"inLanguage\":\"pt-BR\",\"@id\":\"https:\/\/www.notibras.com\/site\/#\/schema\/logo\/image\/\",\"url\":\"https:\/\/www.notibras.com\/site\/wp-content\/uploads\/2023\/01\/notibras23.png\",\"contentUrl\":\"https:\/\/www.notibras.com\/site\/wp-content\/uploads\/2023\/01\/notibras23.png\",\"width\":350,\"height\":87,\"caption\":\"Grupo Notibras de Comunica\u00e7\u00e3o\"},\"image\":{\"@id\":\"https:\/\/www.notibras.com\/site\/#\/schema\/logo\/image\/\"},\"sameAs\":[\"https:\/\/www.facebook.com\/notibras\/\",\"https:\/\/x.com\/Notibras\",\"https:\/\/www.instagram.com\/notibras\/\"]},{\"@type\":\"Person\",\"@id\":\"https:\/\/www.notibras.com\/site\/#\/schema\/person\/36ab0979449956132d3e5b517ea76ac8\",\"name\":\"Reda\u00e7\u00e3o\",\"image\":{\"@type\":\"ImageObject\",\"inLanguage\":\"pt-BR\",\"@id\":\"https:\/\/secure.gravatar.com\/avatar\/e0a867bdedb85fd243eadf09663511f96fc81e0720a4a42581f334ad4303aa6b?s=96&d=mm&r=g\",\"url\":\"https:\/\/secure.gravatar.com\/avatar\/e0a867bdedb85fd243eadf09663511f96fc81e0720a4a42581f334ad4303aa6b?s=96&d=mm&r=g\",\"contentUrl\":\"https:\/\/secure.gravatar.com\/avatar\/e0a867bdedb85fd243eadf09663511f96fc81e0720a4a42581f334ad4303aa6b?s=96&d=mm&r=g\",\"caption\":\"Reda\u00e7\u00e3o\"}}]}<\/script>\n<!-- \/ Yoast SEO plugin. -->","yoast_head_json":{"title":"Furac\u00e3o se fecha na defesa, contra-ataca, faz 1 a 0 e complica para o Fluminense - Notibras","robots":{"index":"index","follow":"follow","max-snippet":"max-snippet:-1","max-image-preview":"max-image-preview:large","max-video-preview":"max-video-preview:-1"},"canonical":"https:\/\/www.notibras.com\/site\/furacao-se-fecha-na-defesa-ataca-faz-1-a-0-e-complica-o-fluminense\/","og_locale":"pt_BR","og_type":"article","og_title":"Furac\u00e3o se fecha na defesa, contra-ataca, faz 1 a 0 e complica para o Fluminense - Notibras","og_description":"O Atl\u00e9tico-PR derrotou o Fluminense por 1 a 0, neste s\u00e1bado, no Maracan\u00e3, pela 32\u00aa rodada do Campeonato Brasileiro. Mesmo com maior dom\u00ednio da partida, o time tricolor n\u00e3o foi eficiente nas finaliza\u00e7\u00f5es e acabou levando um gol de seu ex-atacante Walter, em lance de contra-ataque. Com 40 pontos, o Fluminense caiu para a 13\u00aa [&hellip;]","og_url":"https:\/\/www.notibras.com\/site\/furacao-se-fecha-na-defesa-ataca-faz-1-a-0-e-complica-o-fluminense\/","og_site_name":"Notibras","article_publisher":"https:\/\/www.facebook.com\/notibras\/","article_published_time":"2015-10-24T22:39:25+00:00","article_modified_time":"2015-10-25T06:06:26+00:00","og_image":[{"width":585,"height":395,"url":"https:\/\/www.notibras.com\/site\/wp-content\/uploads\/2015\/10\/furaflu.jpg","type":"image\/jpeg"}],"author":"Reda\u00e7\u00e3o","twitter_card":"summary_large_image","twitter_creator":"@Notibras","twitter_site":"@Notibras","twitter_misc":{"Escrito por":"Reda\u00e7\u00e3o","Est. tempo de leitura":"3 minutos"},"schema":{"@context":"https:\/\/schema.org","@graph":[{"@type":"Article","@id":"https:\/\/www.notibras.com\/site\/furacao-se-fecha-na-defesa-ataca-faz-1-a-0-e-complica-o-fluminense\/#article","isPartOf":{"@id":"https:\/\/www.notibras.com\/site\/furacao-se-fecha-na-defesa-ataca-faz-1-a-0-e-complica-o-fluminense\/"},"author":{"name":"Reda\u00e7\u00e3o","@id":"https:\/\/www.notibras.com\/site\/#\/schema\/person\/36ab0979449956132d3e5b517ea76ac8"},"headline":"Furac\u00e3o se fecha na defesa, contra-ataca, faz 1 a 0 e complica para o Fluminense","datePublished":"2015-10-24T22:39:25+00:00","dateModified":"2015-10-25T06:06:26+00:00","mainEntityOfPage":{"@id":"https:\/\/www.notibras.com\/site\/furacao-se-fecha-na-defesa-ataca-faz-1-a-0-e-complica-o-fluminense\/"},"wordCount":532,"commentCount":0,"publisher":{"@id":"https:\/\/www.notibras.com\/site\/#organization"},"image":{"@id":"https:\/\/www.notibras.com\/site\/furacao-se-fecha-na-defesa-ataca-faz-1-a-0-e-complica-o-fluminense\/#primaryimage"},"thumbnailUrl":"https:\/\/www.notibras.com\/site\/wp-content\/uploads\/2015\/10\/furaflu.jpg","articleSection":["Futebol"],"inLanguage":"pt-BR","potentialAction":[{"@type":"CommentAction","name":"Comment","target":["https:\/\/www.notibras.com\/site\/furacao-se-fecha-na-defesa-ataca-faz-1-a-0-e-complica-o-fluminense\/#respond"]}]},{"@type":"WebPage","@id":"https:\/\/www.notibras.com\/site\/furacao-se-fecha-na-defesa-ataca-faz-1-a-0-e-complica-o-fluminense\/","url":"https:\/\/www.notibras.com\/site\/furacao-se-fecha-na-defesa-ataca-faz-1-a-0-e-complica-o-fluminense\/","name":"Furac\u00e3o se fecha na defesa, contra-ataca, faz 1 a 0 e complica para o Fluminense - Notibras","isPartOf":{"@id":"https:\/\/www.notibras.com\/site\/#website"},"primaryImageOfPage":{"@id":"https:\/\/www.notibras.com\/site\/furacao-se-fecha-na-defesa-ataca-faz-1-a-0-e-complica-o-fluminense\/#primaryimage"},"image":{"@id":"https:\/\/www.notibras.com\/site\/furacao-se-fecha-na-defesa-ataca-faz-1-a-0-e-complica-o-fluminense\/#primaryimage"},"thumbnailUrl":"https:\/\/www.notibras.com\/site\/wp-content\/uploads\/2015\/10\/furaflu.jpg","datePublished":"2015-10-24T22:39:25+00:00","dateModified":"2015-10-25T06:06:26+00:00","breadcrumb":{"@id":"https:\/\/www.notibras.com\/site\/furacao-se-fecha-na-defesa-ataca-faz-1-a-0-e-complica-o-fluminense\/#breadcrumb"},"inLanguage":"pt-BR","potentialAction":[{"@type":"ReadAction","target":["https:\/\/www.notibras.com\/site\/furacao-se-fecha-na-defesa-ataca-faz-1-a-0-e-complica-o-fluminense\/"]}]},{"@type":"ImageObject","inLanguage":"pt-BR","@id":"https:\/\/www.notibras.com\/site\/furacao-se-fecha-na-defesa-ataca-faz-1-a-0-e-complica-o-fluminense\/#primaryimage","url":"https:\/\/www.notibras.com\/site\/wp-content\/uploads\/2015\/10\/furaflu.jpg","contentUrl":"https:\/\/www.notibras.com\/site\/wp-content\/uploads\/2015\/10\/furaflu.jpg","width":585,"height":395},{"@type":"BreadcrumbList","@id":"https:\/\/www.notibras.com\/site\/furacao-se-fecha-na-defesa-ataca-faz-1-a-0-e-complica-o-fluminense\/#breadcrumb","itemListElement":[{"@type":"ListItem","position":1,"name":"In\u00edcio","item":"https:\/\/www.notibras.com\/site\/"},{"@type":"ListItem","position":2,"name":"Furac\u00e3o se fecha na defesa, contra-ataca, faz 1 a 0 e complica para o Fluminense"}]},{"@type":"WebSite","@id":"https:\/\/www.notibras.com\/site\/#website","url":"https:\/\/www.notibras.com\/site\/","name":"Notibras","description":"Not\u00edcias de Bras\u00edlia, do Brasil e do Mundo","publisher":{"@id":"https:\/\/www.notibras.com\/site\/#organization"},"potentialAction":[{"@type":"SearchAction","target":{"@type":"EntryPoint","urlTemplate":"https:\/\/www.notibras.com\/site\/?s={search_term_string}"},"query-input":{"@type":"PropertyValueSpecification","valueRequired":true,"valueName":"search_term_string"}}],"inLanguage":"pt-BR"},{"@type":"Organization","@id":"https:\/\/www.notibras.com\/site\/#organization","name":"Grupo Notibras de Comunica\u00e7\u00e3o","url":"https:\/\/www.notibras.com\/site\/","logo":{"@type":"ImageObject","inLanguage":"pt-BR","@id":"https:\/\/www.notibras.com\/site\/#\/schema\/logo\/image\/","url":"https:\/\/www.notibras.com\/site\/wp-content\/uploads\/2023\/01\/notibras23.png","contentUrl":"https:\/\/www.notibras.com\/site\/wp-content\/uploads\/2023\/01\/notibras23.png","width":350,"height":87,"caption":"Grupo Notibras de Comunica\u00e7\u00e3o"},"image":{"@id":"https:\/\/www.notibras.com\/site\/#\/schema\/logo\/image\/"},"sameAs":["https:\/\/www.facebook.com\/notibras\/","https:\/\/x.com\/Notibras","https:\/\/www.instagram.com\/notibras\/"]},{"@type":"Person","@id":"https:\/\/www.notibras.com\/site\/#\/schema\/person\/36ab0979449956132d3e5b517ea76ac8","name":"Reda\u00e7\u00e3o","image":{"@type":"ImageObject","inLanguage":"pt-BR","@id":"https:\/\/secure.gravatar.com\/avatar\/e0a867bdedb85fd243eadf09663511f96fc81e0720a4a42581f334ad4303aa6b?s=96&d=mm&r=g","url":"https:\/\/secure.gravatar.com\/avatar\/e0a867bdedb85fd243eadf09663511f96fc81e0720a4a42581f334ad4303aa6b?s=96&d=mm&r=g","contentUrl":"https:\/\/secure.gravatar.com\/avatar\/e0a867bdedb85fd243eadf09663511f96fc81e0720a4a42581f334ad4303aa6b?s=96&d=mm&r=g","caption":"Reda\u00e7\u00e3o"}}]}},"amp_enabled":true,"_links":{"self":[{"href":"https:\/\/www.notibras.com\/site\/wp-json\/wp\/v2\/posts\/72800","targetHints":{"allow":["GET"]}}],"collection":[{"href":"https:\/\/www.notibras.com\/site\/wp-json\/wp\/v2\/posts"}],"about":[{"href":"https:\/\/www.notibras.com\/site\/wp-json\/wp\/v2\/types\/post"}],"author":[{"embeddable":true,"href":"https:\/\/www.notibras.com\/site\/wp-json\/wp\/v2\/users\/2"}],"replies":[{"embeddable":true,"href":"https:\/\/www.notibras.com\/site\/wp-json\/wp\/v2\/comments?post=72800"}],"version-history":[{"count":3,"href":"https:\/\/www.notibras.com\/site\/wp-json\/wp\/v2\/posts\/72800\/revisions"}],"predecessor-version":[{"id":72832,"href":"https:\/\/www.notibras.com\/site\/wp-json\/wp\/v2\/posts\/72800\/revisions\/72832"}],"wp:featuredmedia":[{"embeddable":true,"href":"https:\/\/www.notibras.com\/site\/wp-json\/wp\/v2\/media\/72801"}],"wp:attachment":[{"href":"https:\/\/www.notibras.com\/site\/wp-json\/wp\/v2\/media?parent=72800"}],"wp:term":[{"taxonomy":"category","embeddable":true,"href":"https:\/\/www.notibras.com\/site\/wp-json\/wp\/v2\/categories?post=72800"},{"taxonomy":"post_tag","embeddable":true,"href":"https:\/\/www.notibras.com\/site\/wp-json\/wp\/v2\/tags?post=72800"}],"curies":[{"name":"wp","href":"https:\/\/api.w.org\/{rel}","templated":true}]}}