{"id":72820,"date":"2015-10-24T20:21:41","date_gmt":"2015-10-24T22:21:41","guid":{"rendered":"http:\/\/www.notibras.com\/site\/?p=72820"},"modified":"2015-10-24T21:28:54","modified_gmt":"2015-10-24T23:28:54","slug":"internacional-passa-apertado-pelo-joinville-no-beira-rio-e-cola-de-vez-no-g-4","status":"publish","type":"post","link":"https:\/\/www.notibras.com\/site\/internacional-passa-apertado-pelo-joinville-no-beira-rio-e-cola-de-vez-no-g-4\/","title":{"rendered":"Internacional passa apertado pelo Joinville no Beira-Rio e cola de vez no G-4"},"content":{"rendered":"<p>O Inter venceu o Joinville por 1 a 0, neste s\u00e1bado, em casa, em partida v\u00e1lida pela 32\u00aa rodada do Brasileiro. Com o resultado, o time colorado foi a 50 pontos e alcan\u00e7ou a quinta coloca\u00e7\u00e3o, colado no G4 &#8211; o Santos, quarto colocado, tem a mesma pontua\u00e7\u00e3o, mas possui melhor saldo de gols.<\/p>\n<p>O Palmeiras tem 48 pontos e pode ultrapassar caso ven\u00e7a o Sport ainda neste s\u00e1bado. O Joinville termina a rodada em 19\u00ba, em pen\u00faltimo lugar, na zona de rebaixamento, com 30 pontos.<\/p>\n<p>As duas equipes apresentaram um futebol fraco para os 19.133 torcedores pagantes que estavam no Beira-Rio. O Joinville foi um pouco melhor no primeiro tempo, mas sem dar medo aos anfitri\u00f5es. No segundo tempo, D&#8217;Alessandro entrou no lugar de Alex. E foi ele quem iniciou a jogada para o gol da vit\u00f3ria.<\/p>\n<p>O Inter abriu o placar aos 19 do segundo tempo. O meia argentino cruzou na \u00e1rea pela direita e Vitinho apareceu livre na pequena \u00e1rea para desviar de cabe\u00e7a e garantir os tr\u00eas pontos para o time da casa.<\/p>\n<p>O time colorado volta a campo no domingo, em 1\u00ba de novembro, quando visita o Goi\u00e1s, no Serra Dourada. O Joinville encara o Ponte Preta no s\u00e1bado, 31, em casa.<\/p>\n<p><img loading=\"lazy\" decoding=\"async\" class=\"alignnone size-full wp-image-70065\" src=\"http:\/\/www.notibras.com\/site\/wp-content\/uploads\/2015\/10\/estadao.png\" alt=\"estadao\" width=\"99\" height=\"16\" \/><\/p>\n","protected":false},"excerpt":{"rendered":"<p>O Inter venceu o Joinville por 1 a 0, neste s\u00e1bado, em casa, em partida v\u00e1lida pela 32\u00aa rodada do Brasileiro. Com o resultado, o time colorado foi a 50 pontos e alcan\u00e7ou a quinta coloca\u00e7\u00e3o, colado no G4 &#8211; o Santos, quarto colocado, tem a mesma pontua\u00e7\u00e3o, mas possui melhor saldo de gols. O [&hellip;]<\/p>\n","protected":false},"author":2,"featured_media":72821,"comment_status":"open","ping_status":"closed","sticky":false,"template":"","format":"standard","meta":{"_acf_changed":false,"footnotes":""},"categories":[29],"tags":[],"class_list":["post-72820","post","type-post","status-publish","format-standard","has-post-thumbnail","hentry","category-futebol"],"acf":[],"yoast_head":"<!-- This site is optimized with the Yoast SEO plugin v27.2 - https:\/\/yoast.com\/product\/yoast-seo-wordpress\/ -->\n<title>Internacional passa apertado pelo Joinville no Beira-Rio e cola de vez no G-4 - Notibras<\/title>\n<meta name=\"robots\" content=\"index, follow, max-snippet:-1, max-image-preview:large, max-video-preview:-1\" \/>\n<link rel=\"canonical\" href=\"https:\/\/www.notibras.com\/site\/internacional-passa-apertado-pelo-joinville-no-beira-rio-e-cola-de-vez-no-g-4\/\" \/>\n<meta property=\"og:locale\" content=\"pt_BR\" \/>\n<meta property=\"og:type\" content=\"article\" \/>\n<meta property=\"og:title\" content=\"Internacional passa apertado pelo Joinville no Beira-Rio e cola de vez no G-4 - Notibras\" \/>\n<meta property=\"og:description\" content=\"O Inter venceu o Joinville por 1 a 0, neste s\u00e1bado, em casa, em partida v\u00e1lida pela 32\u00aa rodada do Brasileiro. Com o resultado, o time colorado foi a 50 pontos e alcan\u00e7ou a quinta coloca\u00e7\u00e3o, colado no G4 &#8211; o Santos, quarto colocado, tem a mesma pontua\u00e7\u00e3o, mas possui melhor saldo de gols. O [&hellip;]\" \/>\n<meta property=\"og:url\" content=\"https:\/\/www.notibras.com\/site\/internacional-passa-apertado-pelo-joinville-no-beira-rio-e-cola-de-vez-no-g-4\/\" \/>\n<meta property=\"og:site_name\" content=\"Notibras\" \/>\n<meta property=\"article:publisher\" content=\"https:\/\/www.facebook.com\/notibras\/\" \/>\n<meta property=\"article:published_time\" content=\"2015-10-24T22:21:41+00:00\" \/>\n<meta property=\"article:modified_time\" content=\"2015-10-24T23:28:54+00:00\" \/>\n<meta property=\"og:image\" content=\"https:\/\/www.notibras.com\/site\/wp-content\/uploads\/2015\/10\/inter24.jpg\" \/>\n\t<meta property=\"og:image:width\" content=\"527\" \/>\n\t<meta property=\"og:image:height\" content=\"307\" \/>\n\t<meta property=\"og:image:type\" content=\"image\/jpeg\" \/>\n<meta name=\"author\" content=\"Reda\u00e7\u00e3o\" \/>\n<meta name=\"twitter:card\" content=\"summary_large_image\" \/>\n<meta name=\"twitter:creator\" content=\"@Notibras\" \/>\n<meta name=\"twitter:site\" content=\"@Notibras\" \/>\n<meta name=\"twitter:label1\" content=\"Escrito por\" \/>\n\t<meta name=\"twitter:data1\" content=\"Reda\u00e7\u00e3o\" \/>\n\t<meta name=\"twitter:label2\" content=\"Est. tempo de leitura\" \/>\n\t<meta name=\"twitter:data2\" content=\"1 minuto\" \/>\n<script type=\"application\/ld+json\" class=\"yoast-schema-graph\">{\"@context\":\"https:\/\/schema.org\",\"@graph\":[{\"@type\":\"Article\",\"@id\":\"https:\/\/www.notibras.com\/site\/internacional-passa-apertado-pelo-joinville-no-beira-rio-e-cola-de-vez-no-g-4\/#article\",\"isPartOf\":{\"@id\":\"https:\/\/www.notibras.com\/site\/internacional-passa-apertado-pelo-joinville-no-beira-rio-e-cola-de-vez-no-g-4\/\"},\"author\":{\"name\":\"Reda\u00e7\u00e3o\",\"@id\":\"https:\/\/www.notibras.com\/site\/#\/schema\/person\/36ab0979449956132d3e5b517ea76ac8\"},\"headline\":\"Internacional passa apertado pelo Joinville no Beira-Rio e cola de vez no G-4\",\"datePublished\":\"2015-10-24T22:21:41+00:00\",\"dateModified\":\"2015-10-24T23:28:54+00:00\",\"mainEntityOfPage\":{\"@id\":\"https:\/\/www.notibras.com\/site\/internacional-passa-apertado-pelo-joinville-no-beira-rio-e-cola-de-vez-no-g-4\/\"},\"wordCount\":223,\"commentCount\":0,\"publisher\":{\"@id\":\"https:\/\/www.notibras.com\/site\/#organization\"},\"image\":{\"@id\":\"https:\/\/www.notibras.com\/site\/internacional-passa-apertado-pelo-joinville-no-beira-rio-e-cola-de-vez-no-g-4\/#primaryimage\"},\"thumbnailUrl\":\"https:\/\/www.notibras.com\/site\/wp-content\/uploads\/2015\/10\/inter24.jpg\",\"articleSection\":[\"Futebol\"],\"inLanguage\":\"pt-BR\",\"potentialAction\":[{\"@type\":\"CommentAction\",\"name\":\"Comment\",\"target\":[\"https:\/\/www.notibras.com\/site\/internacional-passa-apertado-pelo-joinville-no-beira-rio-e-cola-de-vez-no-g-4\/#respond\"]}]},{\"@type\":\"WebPage\",\"@id\":\"https:\/\/www.notibras.com\/site\/internacional-passa-apertado-pelo-joinville-no-beira-rio-e-cola-de-vez-no-g-4\/\",\"url\":\"https:\/\/www.notibras.com\/site\/internacional-passa-apertado-pelo-joinville-no-beira-rio-e-cola-de-vez-no-g-4\/\",\"name\":\"Internacional passa apertado pelo Joinville no Beira-Rio e cola de vez no G-4 - Notibras\",\"isPartOf\":{\"@id\":\"https:\/\/www.notibras.com\/site\/#website\"},\"primaryImageOfPage\":{\"@id\":\"https:\/\/www.notibras.com\/site\/internacional-passa-apertado-pelo-joinville-no-beira-rio-e-cola-de-vez-no-g-4\/#primaryimage\"},\"image\":{\"@id\":\"https:\/\/www.notibras.com\/site\/internacional-passa-apertado-pelo-joinville-no-beira-rio-e-cola-de-vez-no-g-4\/#primaryimage\"},\"thumbnailUrl\":\"https:\/\/www.notibras.com\/site\/wp-content\/uploads\/2015\/10\/inter24.jpg\",\"datePublished\":\"2015-10-24T22:21:41+00:00\",\"dateModified\":\"2015-10-24T23:28:54+00:00\",\"breadcrumb\":{\"@id\":\"https:\/\/www.notibras.com\/site\/internacional-passa-apertado-pelo-joinville-no-beira-rio-e-cola-de-vez-no-g-4\/#breadcrumb\"},\"inLanguage\":\"pt-BR\",\"potentialAction\":[{\"@type\":\"ReadAction\",\"target\":[\"https:\/\/www.notibras.com\/site\/internacional-passa-apertado-pelo-joinville-no-beira-rio-e-cola-de-vez-no-g-4\/\"]}]},{\"@type\":\"ImageObject\",\"inLanguage\":\"pt-BR\",\"@id\":\"https:\/\/www.notibras.com\/site\/internacional-passa-apertado-pelo-joinville-no-beira-rio-e-cola-de-vez-no-g-4\/#primaryimage\",\"url\":\"https:\/\/www.notibras.com\/site\/wp-content\/uploads\/2015\/10\/inter24.jpg\",\"contentUrl\":\"https:\/\/www.notibras.com\/site\/wp-content\/uploads\/2015\/10\/inter24.jpg\",\"width\":527,\"height\":307},{\"@type\":\"BreadcrumbList\",\"@id\":\"https:\/\/www.notibras.com\/site\/internacional-passa-apertado-pelo-joinville-no-beira-rio-e-cola-de-vez-no-g-4\/#breadcrumb\",\"itemListElement\":[{\"@type\":\"ListItem\",\"position\":1,\"name\":\"In\u00edcio\",\"item\":\"https:\/\/www.notibras.com\/site\/\"},{\"@type\":\"ListItem\",\"position\":2,\"name\":\"Internacional passa apertado pelo Joinville no Beira-Rio e cola de vez no G-4\"}]},{\"@type\":\"WebSite\",\"@id\":\"https:\/\/www.notibras.com\/site\/#website\",\"url\":\"https:\/\/www.notibras.com\/site\/\",\"name\":\"Notibras\",\"description\":\"Not\u00edcias de Bras\u00edlia, do Brasil e do Mundo\",\"publisher\":{\"@id\":\"https:\/\/www.notibras.com\/site\/#organization\"},\"potentialAction\":[{\"@type\":\"SearchAction\",\"target\":{\"@type\":\"EntryPoint\",\"urlTemplate\":\"https:\/\/www.notibras.com\/site\/?s={search_term_string}\"},\"query-input\":{\"@type\":\"PropertyValueSpecification\",\"valueRequired\":true,\"valueName\":\"search_term_string\"}}],\"inLanguage\":\"pt-BR\"},{\"@type\":\"Organization\",\"@id\":\"https:\/\/www.notibras.com\/site\/#organization\",\"name\":\"Grupo Notibras de Comunica\u00e7\u00e3o\",\"url\":\"https:\/\/www.notibras.com\/site\/\",\"logo\":{\"@type\":\"ImageObject\",\"inLanguage\":\"pt-BR\",\"@id\":\"https:\/\/www.notibras.com\/site\/#\/schema\/logo\/image\/\",\"url\":\"https:\/\/www.notibras.com\/site\/wp-content\/uploads\/2023\/01\/notibras23.png\",\"contentUrl\":\"https:\/\/www.notibras.com\/site\/wp-content\/uploads\/2023\/01\/notibras23.png\",\"width\":350,\"height\":87,\"caption\":\"Grupo Notibras de Comunica\u00e7\u00e3o\"},\"image\":{\"@id\":\"https:\/\/www.notibras.com\/site\/#\/schema\/logo\/image\/\"},\"sameAs\":[\"https:\/\/www.facebook.com\/notibras\/\",\"https:\/\/x.com\/Notibras\",\"https:\/\/www.instagram.com\/notibras\/\"]},{\"@type\":\"Person\",\"@id\":\"https:\/\/www.notibras.com\/site\/#\/schema\/person\/36ab0979449956132d3e5b517ea76ac8\",\"name\":\"Reda\u00e7\u00e3o\",\"image\":{\"@type\":\"ImageObject\",\"inLanguage\":\"pt-BR\",\"@id\":\"https:\/\/secure.gravatar.com\/avatar\/e0a867bdedb85fd243eadf09663511f96fc81e0720a4a42581f334ad4303aa6b?s=96&d=mm&r=g\",\"url\":\"https:\/\/secure.gravatar.com\/avatar\/e0a867bdedb85fd243eadf09663511f96fc81e0720a4a42581f334ad4303aa6b?s=96&d=mm&r=g\",\"contentUrl\":\"https:\/\/secure.gravatar.com\/avatar\/e0a867bdedb85fd243eadf09663511f96fc81e0720a4a42581f334ad4303aa6b?s=96&d=mm&r=g\",\"caption\":\"Reda\u00e7\u00e3o\"}}]}<\/script>\n<!-- \/ Yoast SEO plugin. -->","yoast_head_json":{"title":"Internacional passa apertado pelo Joinville no Beira-Rio e cola de vez no G-4 - Notibras","robots":{"index":"index","follow":"follow","max-snippet":"max-snippet:-1","max-image-preview":"max-image-preview:large","max-video-preview":"max-video-preview:-1"},"canonical":"https:\/\/www.notibras.com\/site\/internacional-passa-apertado-pelo-joinville-no-beira-rio-e-cola-de-vez-no-g-4\/","og_locale":"pt_BR","og_type":"article","og_title":"Internacional passa apertado pelo Joinville no Beira-Rio e cola de vez no G-4 - Notibras","og_description":"O Inter venceu o Joinville por 1 a 0, neste s\u00e1bado, em casa, em partida v\u00e1lida pela 32\u00aa rodada do Brasileiro. Com o resultado, o time colorado foi a 50 pontos e alcan\u00e7ou a quinta coloca\u00e7\u00e3o, colado no G4 &#8211; o Santos, quarto colocado, tem a mesma pontua\u00e7\u00e3o, mas possui melhor saldo de gols. O [&hellip;]","og_url":"https:\/\/www.notibras.com\/site\/internacional-passa-apertado-pelo-joinville-no-beira-rio-e-cola-de-vez-no-g-4\/","og_site_name":"Notibras","article_publisher":"https:\/\/www.facebook.com\/notibras\/","article_published_time":"2015-10-24T22:21:41+00:00","article_modified_time":"2015-10-24T23:28:54+00:00","og_image":[{"width":527,"height":307,"url":"https:\/\/www.notibras.com\/site\/wp-content\/uploads\/2015\/10\/inter24.jpg","type":"image\/jpeg"}],"author":"Reda\u00e7\u00e3o","twitter_card":"summary_large_image","twitter_creator":"@Notibras","twitter_site":"@Notibras","twitter_misc":{"Escrito por":"Reda\u00e7\u00e3o","Est. tempo de leitura":"1 minuto"},"schema":{"@context":"https:\/\/schema.org","@graph":[{"@type":"Article","@id":"https:\/\/www.notibras.com\/site\/internacional-passa-apertado-pelo-joinville-no-beira-rio-e-cola-de-vez-no-g-4\/#article","isPartOf":{"@id":"https:\/\/www.notibras.com\/site\/internacional-passa-apertado-pelo-joinville-no-beira-rio-e-cola-de-vez-no-g-4\/"},"author":{"name":"Reda\u00e7\u00e3o","@id":"https:\/\/www.notibras.com\/site\/#\/schema\/person\/36ab0979449956132d3e5b517ea76ac8"},"headline":"Internacional passa apertado pelo Joinville no Beira-Rio e cola de vez no G-4","datePublished":"2015-10-24T22:21:41+00:00","dateModified":"2015-10-24T23:28:54+00:00","mainEntityOfPage":{"@id":"https:\/\/www.notibras.com\/site\/internacional-passa-apertado-pelo-joinville-no-beira-rio-e-cola-de-vez-no-g-4\/"},"wordCount":223,"commentCount":0,"publisher":{"@id":"https:\/\/www.notibras.com\/site\/#organization"},"image":{"@id":"https:\/\/www.notibras.com\/site\/internacional-passa-apertado-pelo-joinville-no-beira-rio-e-cola-de-vez-no-g-4\/#primaryimage"},"thumbnailUrl":"https:\/\/www.notibras.com\/site\/wp-content\/uploads\/2015\/10\/inter24.jpg","articleSection":["Futebol"],"inLanguage":"pt-BR","potentialAction":[{"@type":"CommentAction","name":"Comment","target":["https:\/\/www.notibras.com\/site\/internacional-passa-apertado-pelo-joinville-no-beira-rio-e-cola-de-vez-no-g-4\/#respond"]}]},{"@type":"WebPage","@id":"https:\/\/www.notibras.com\/site\/internacional-passa-apertado-pelo-joinville-no-beira-rio-e-cola-de-vez-no-g-4\/","url":"https:\/\/www.notibras.com\/site\/internacional-passa-apertado-pelo-joinville-no-beira-rio-e-cola-de-vez-no-g-4\/","name":"Internacional passa apertado pelo Joinville no Beira-Rio e cola de vez no G-4 - Notibras","isPartOf":{"@id":"https:\/\/www.notibras.com\/site\/#website"},"primaryImageOfPage":{"@id":"https:\/\/www.notibras.com\/site\/internacional-passa-apertado-pelo-joinville-no-beira-rio-e-cola-de-vez-no-g-4\/#primaryimage"},"image":{"@id":"https:\/\/www.notibras.com\/site\/internacional-passa-apertado-pelo-joinville-no-beira-rio-e-cola-de-vez-no-g-4\/#primaryimage"},"thumbnailUrl":"https:\/\/www.notibras.com\/site\/wp-content\/uploads\/2015\/10\/inter24.jpg","datePublished":"2015-10-24T22:21:41+00:00","dateModified":"2015-10-24T23:28:54+00:00","breadcrumb":{"@id":"https:\/\/www.notibras.com\/site\/internacional-passa-apertado-pelo-joinville-no-beira-rio-e-cola-de-vez-no-g-4\/#breadcrumb"},"inLanguage":"pt-BR","potentialAction":[{"@type":"ReadAction","target":["https:\/\/www.notibras.com\/site\/internacional-passa-apertado-pelo-joinville-no-beira-rio-e-cola-de-vez-no-g-4\/"]}]},{"@type":"ImageObject","inLanguage":"pt-BR","@id":"https:\/\/www.notibras.com\/site\/internacional-passa-apertado-pelo-joinville-no-beira-rio-e-cola-de-vez-no-g-4\/#primaryimage","url":"https:\/\/www.notibras.com\/site\/wp-content\/uploads\/2015\/10\/inter24.jpg","contentUrl":"https:\/\/www.notibras.com\/site\/wp-content\/uploads\/2015\/10\/inter24.jpg","width":527,"height":307},{"@type":"BreadcrumbList","@id":"https:\/\/www.notibras.com\/site\/internacional-passa-apertado-pelo-joinville-no-beira-rio-e-cola-de-vez-no-g-4\/#breadcrumb","itemListElement":[{"@type":"ListItem","position":1,"name":"In\u00edcio","item":"https:\/\/www.notibras.com\/site\/"},{"@type":"ListItem","position":2,"name":"Internacional passa apertado pelo Joinville no Beira-Rio e cola de vez no G-4"}]},{"@type":"WebSite","@id":"https:\/\/www.notibras.com\/site\/#website","url":"https:\/\/www.notibras.com\/site\/","name":"Notibras","description":"Not\u00edcias de Bras\u00edlia, do Brasil e do Mundo","publisher":{"@id":"https:\/\/www.notibras.com\/site\/#organization"},"potentialAction":[{"@type":"SearchAction","target":{"@type":"EntryPoint","urlTemplate":"https:\/\/www.notibras.com\/site\/?s={search_term_string}"},"query-input":{"@type":"PropertyValueSpecification","valueRequired":true,"valueName":"search_term_string"}}],"inLanguage":"pt-BR"},{"@type":"Organization","@id":"https:\/\/www.notibras.com\/site\/#organization","name":"Grupo Notibras de Comunica\u00e7\u00e3o","url":"https:\/\/www.notibras.com\/site\/","logo":{"@type":"ImageObject","inLanguage":"pt-BR","@id":"https:\/\/www.notibras.com\/site\/#\/schema\/logo\/image\/","url":"https:\/\/www.notibras.com\/site\/wp-content\/uploads\/2023\/01\/notibras23.png","contentUrl":"https:\/\/www.notibras.com\/site\/wp-content\/uploads\/2023\/01\/notibras23.png","width":350,"height":87,"caption":"Grupo Notibras de Comunica\u00e7\u00e3o"},"image":{"@id":"https:\/\/www.notibras.com\/site\/#\/schema\/logo\/image\/"},"sameAs":["https:\/\/www.facebook.com\/notibras\/","https:\/\/x.com\/Notibras","https:\/\/www.instagram.com\/notibras\/"]},{"@type":"Person","@id":"https:\/\/www.notibras.com\/site\/#\/schema\/person\/36ab0979449956132d3e5b517ea76ac8","name":"Reda\u00e7\u00e3o","image":{"@type":"ImageObject","inLanguage":"pt-BR","@id":"https:\/\/secure.gravatar.com\/avatar\/e0a867bdedb85fd243eadf09663511f96fc81e0720a4a42581f334ad4303aa6b?s=96&d=mm&r=g","url":"https:\/\/secure.gravatar.com\/avatar\/e0a867bdedb85fd243eadf09663511f96fc81e0720a4a42581f334ad4303aa6b?s=96&d=mm&r=g","contentUrl":"https:\/\/secure.gravatar.com\/avatar\/e0a867bdedb85fd243eadf09663511f96fc81e0720a4a42581f334ad4303aa6b?s=96&d=mm&r=g","caption":"Reda\u00e7\u00e3o"}}]}},"amp_enabled":true,"_links":{"self":[{"href":"https:\/\/www.notibras.com\/site\/wp-json\/wp\/v2\/posts\/72820","targetHints":{"allow":["GET"]}}],"collection":[{"href":"https:\/\/www.notibras.com\/site\/wp-json\/wp\/v2\/posts"}],"about":[{"href":"https:\/\/www.notibras.com\/site\/wp-json\/wp\/v2\/types\/post"}],"author":[{"embeddable":true,"href":"https:\/\/www.notibras.com\/site\/wp-json\/wp\/v2\/users\/2"}],"replies":[{"embeddable":true,"href":"https:\/\/www.notibras.com\/site\/wp-json\/wp\/v2\/comments?post=72820"}],"version-history":[{"count":1,"href":"https:\/\/www.notibras.com\/site\/wp-json\/wp\/v2\/posts\/72820\/revisions"}],"predecessor-version":[{"id":72822,"href":"https:\/\/www.notibras.com\/site\/wp-json\/wp\/v2\/posts\/72820\/revisions\/72822"}],"wp:featuredmedia":[{"embeddable":true,"href":"https:\/\/www.notibras.com\/site\/wp-json\/wp\/v2\/media\/72821"}],"wp:attachment":[{"href":"https:\/\/www.notibras.com\/site\/wp-json\/wp\/v2\/media?parent=72820"}],"wp:term":[{"taxonomy":"category","embeddable":true,"href":"https:\/\/www.notibras.com\/site\/wp-json\/wp\/v2\/categories?post=72820"},{"taxonomy":"post_tag","embeddable":true,"href":"https:\/\/www.notibras.com\/site\/wp-json\/wp\/v2\/tags?post=72820"}],"curies":[{"name":"wp","href":"https:\/\/api.w.org\/{rel}","templated":true}]}}