{"id":72827,"date":"2015-10-24T23:19:46","date_gmt":"2015-10-25T01:19:46","guid":{"rendered":"http:\/\/www.notibras.com\/site\/?p=72827"},"modified":"2015-10-25T20:30:52","modified_gmt":"2015-10-25T22:30:52","slug":"palmeiras-fica-de-olho-na-copa-do-brasil-e-e-engolido-pelo-leao","status":"publish","type":"post","link":"https:\/\/www.notibras.com\/site\/palmeiras-fica-de-olho-na-copa-do-brasil-e-e-engolido-pelo-leao\/","title":{"rendered":"Palmeiras fica de olho no Flu na disputa pela Copa do Brasil e \u00e9 engolido pelo Le\u00e3o"},"content":{"rendered":"<p>O Palmeiras pensou na Copa da Brasil e se deu mal no Brasileir\u00e3o. E Marcelo Oliveira pagou caro por escalar reservas. Seu time perdeu para o Sport por 2 a 0 no Pacaembu, despencou na classifica\u00e7\u00e3o (pode cair para 9\u00ba neste domingo) e comprometeu uma vaga no G4. Mais do que nunca a semifinal contra o Fluminense quarta-feira ganhou tom ainda mais dram\u00e1tico. &#8220;Libertadores virou obriga\u00e7\u00e3o&#8221;, protestou neste s\u00e1bado \u00e0 noite o torcedor. O time e o treinador est\u00e3o em xeque.<\/p>\n<p>J\u00e1 o Sport desencantou ao finalmente conquistar a sua primeira vit\u00f3ria fora de casa neste Brasileir\u00e3o, chegar ao sexto lugar, com 49 pontos, e ultrapassar o pr\u00f3prio Palmeiras, que estacionou nos 48 e caiu para a s\u00e9tima posi\u00e7\u00e3o.<\/p>\n<p>Marcelo Oliveira deixou seu melhores jogadores no banco: Barrios, Gabriel Jesus, Dudu e Z\u00e9 Roberto. O Sport veio com g\u00e1s todo e com Diego Souza buscando e querendo jogo &#8211; foi ele que sofreu o p\u00eanalti que originou o segundo gol dos pernambucanos.<\/p>\n<p>O t\u00e9cnico do Palmeiras tentou consertar as coisas no intervalo, colocando Dudu e Z\u00e9 Roberto, mas seu time j\u00e1 perdia por 1 a 0. E levou o segundo gol quando a equipe ensaiou uma t\u00edmida melhora. Gabriel Jesus entrou com o jogo j\u00e1 perdido e com o Sport levando a melhor no contra-ataque.<\/p>\n<p>O primeiro tempo j\u00e1 evidenciava os problemas do Palmeiras. O time tinha mais posse de bola no primeiro tempo, mas n\u00e3o sabia o que fazer com ela. Prevaleceram os passes de errados, a falta de criatividade e o poder de fogo (o chute ao gol).<\/p>\n<p>Allione n\u00e3o era capaz de organizar a transi\u00e7\u00e3o entre o meio de campo e ataque. E trio formado por Rafael Marques, Cristal e Mouche n\u00e3o cumpria seu papel de atacar. A primeira (e talvez) \u00fanica grande chance de gol no primeiro tempo aconteceu nos acr\u00e9scimos, aos 49, quando o resultado j\u00e1 era adverso: 1 a 0.<\/p>\n<p>J\u00e1 o Sport mostrava porque melhorou com a chegada de Falc\u00e3o, voltando a brigar pelo G4. Os pernambucanos marcavam bem, pressionavam o Palmeiras no campo de campo de ataque, for\u00e7ando o erro do rival. Andr\u00e9 encaixa a jogada de piv\u00f4 com tremenda facilidade.<\/p>\n<p>O gol de Marlone, aos 15, come\u00e7ou assim e uma bela troca de passes terminou com a bola no fundo de gol de Fernando Prass. O goleiro do Palmeiras j\u00e1 havia feito uma defesa dif\u00edcil num chute de Diego Souza, mas n\u00e3o evitou o arremate de Marlone. Esta era outra diferen\u00e7a entre os dois times. O Sport n\u00e3o pensava duas vezes quando o assunto era chutar o gol. O Palmeiras sequer conseguia finalizar com efici\u00eancia.<\/p>\n<p>No segundo tempo, Dudu deu mais velocidade ao Palmeiras. Numa de suas jogadas pela direita, Cristaldo quase empatou. N\u00e3o fosse a boa sa\u00edda de Danilo Fernandes o 1 a 1 poderia ter sa\u00eddo ali. Na sequencia, veio o erro fatal. Diego Souza recebeu uma bola pela esquerda, ganhou da marca\u00e7\u00e3o e, na experi\u00eancia, sofreu p\u00eanalti cometido por Jo\u00e3o Pedro.<\/p>\n<p>Andr\u00e9 fez 2 a 0 aos 13 minutos do segundo tempo e resolveu o jogo para o Sport, que passou a explorar mais o contra-ataque e ficou at\u00e9 perto do terceiro gol. O Palmeiras, mais desorganizado, estava entregue. Curiosamente, a \u00faltima vit\u00f3ria do Sport fora de casa ocorreu h\u00e1 quase um ano, justamente contra o Palmeiras, na inaugura\u00e7\u00e3o do Allianz Parque.<\/p>\n<p><img loading=\"lazy\" decoding=\"async\" class=\"alignnone size-full wp-image-70065\" src=\"http:\/\/www.notibras.com\/site\/wp-content\/uploads\/2015\/10\/estadao.png\" alt=\"estadao\" width=\"99\" height=\"16\" \/><\/p>\n","protected":false},"excerpt":{"rendered":"<p>O Palmeiras pensou na Copa da Brasil e se deu mal no Brasileir\u00e3o. E Marcelo Oliveira pagou caro por escalar reservas. Seu time perdeu para o Sport por 2 a 0 no Pacaembu, despencou na classifica\u00e7\u00e3o (pode cair para 9\u00ba neste domingo) e comprometeu uma vaga no G4. Mais do que nunca a semifinal contra [&hellip;]<\/p>\n","protected":false},"author":2,"featured_media":72828,"comment_status":"open","ping_status":"closed","sticky":false,"template":"","format":"standard","meta":{"_acf_changed":false,"footnotes":""},"categories":[29],"tags":[],"class_list":["post-72827","post","type-post","status-publish","format-standard","has-post-thumbnail","hentry","category-futebol"],"acf":[],"yoast_head":"<!-- This site is optimized with the Yoast SEO plugin v27.2 - https:\/\/yoast.com\/product\/yoast-seo-wordpress\/ -->\n<title>Palmeiras fica de olho no Flu na disputa pela Copa do Brasil e \u00e9 engolido pelo Le\u00e3o - Notibras<\/title>\n<meta name=\"robots\" content=\"index, follow, max-snippet:-1, max-image-preview:large, max-video-preview:-1\" \/>\n<link rel=\"canonical\" href=\"https:\/\/www.notibras.com\/site\/palmeiras-fica-de-olho-na-copa-do-brasil-e-e-engolido-pelo-leao\/\" \/>\n<meta property=\"og:locale\" content=\"pt_BR\" \/>\n<meta property=\"og:type\" content=\"article\" \/>\n<meta property=\"og:title\" content=\"Palmeiras fica de olho no Flu na disputa pela Copa do Brasil e \u00e9 engolido pelo Le\u00e3o - Notibras\" \/>\n<meta property=\"og:description\" content=\"O Palmeiras pensou na Copa da Brasil e se deu mal no Brasileir\u00e3o. E Marcelo Oliveira pagou caro por escalar reservas. Seu time perdeu para o Sport por 2 a 0 no Pacaembu, despencou na classifica\u00e7\u00e3o (pode cair para 9\u00ba neste domingo) e comprometeu uma vaga no G4. Mais do que nunca a semifinal contra [&hellip;]\" \/>\n<meta property=\"og:url\" content=\"https:\/\/www.notibras.com\/site\/palmeiras-fica-de-olho-na-copa-do-brasil-e-e-engolido-pelo-leao\/\" \/>\n<meta property=\"og:site_name\" content=\"Notibras\" \/>\n<meta property=\"article:publisher\" content=\"https:\/\/www.facebook.com\/notibras\/\" \/>\n<meta property=\"article:published_time\" content=\"2015-10-25T01:19:46+00:00\" \/>\n<meta property=\"article:modified_time\" content=\"2015-10-25T22:30:52+00:00\" \/>\n<meta property=\"og:image\" content=\"https:\/\/www.notibras.com\/site\/wp-content\/uploads\/2015\/10\/palleao.jpg\" \/>\n\t<meta property=\"og:image:width\" content=\"527\" \/>\n\t<meta property=\"og:image:height\" content=\"307\" \/>\n\t<meta property=\"og:image:type\" content=\"image\/jpeg\" \/>\n<meta name=\"author\" content=\"Reda\u00e7\u00e3o\" \/>\n<meta name=\"twitter:card\" content=\"summary_large_image\" \/>\n<meta name=\"twitter:creator\" content=\"@Notibras\" \/>\n<meta name=\"twitter:site\" content=\"@Notibras\" \/>\n<meta name=\"twitter:label1\" content=\"Escrito por\" \/>\n\t<meta name=\"twitter:data1\" content=\"Reda\u00e7\u00e3o\" \/>\n\t<meta name=\"twitter:label2\" content=\"Est. tempo de leitura\" \/>\n\t<meta name=\"twitter:data2\" content=\"3 minutos\" \/>\n<script type=\"application\/ld+json\" class=\"yoast-schema-graph\">{\"@context\":\"https:\/\/schema.org\",\"@graph\":[{\"@type\":\"Article\",\"@id\":\"https:\/\/www.notibras.com\/site\/palmeiras-fica-de-olho-na-copa-do-brasil-e-e-engolido-pelo-leao\/#article\",\"isPartOf\":{\"@id\":\"https:\/\/www.notibras.com\/site\/palmeiras-fica-de-olho-na-copa-do-brasil-e-e-engolido-pelo-leao\/\"},\"author\":{\"name\":\"Reda\u00e7\u00e3o\",\"@id\":\"https:\/\/www.notibras.com\/site\/#\/schema\/person\/36ab0979449956132d3e5b517ea76ac8\"},\"headline\":\"Palmeiras fica de olho no Flu na disputa pela Copa do Brasil e \u00e9 engolido pelo Le\u00e3o\",\"datePublished\":\"2015-10-25T01:19:46+00:00\",\"dateModified\":\"2015-10-25T22:30:52+00:00\",\"mainEntityOfPage\":{\"@id\":\"https:\/\/www.notibras.com\/site\/palmeiras-fica-de-olho-na-copa-do-brasil-e-e-engolido-pelo-leao\/\"},\"wordCount\":591,\"commentCount\":0,\"publisher\":{\"@id\":\"https:\/\/www.notibras.com\/site\/#organization\"},\"image\":{\"@id\":\"https:\/\/www.notibras.com\/site\/palmeiras-fica-de-olho-na-copa-do-brasil-e-e-engolido-pelo-leao\/#primaryimage\"},\"thumbnailUrl\":\"https:\/\/www.notibras.com\/site\/wp-content\/uploads\/2015\/10\/palleao.jpg\",\"articleSection\":[\"Futebol\"],\"inLanguage\":\"pt-BR\",\"potentialAction\":[{\"@type\":\"CommentAction\",\"name\":\"Comment\",\"target\":[\"https:\/\/www.notibras.com\/site\/palmeiras-fica-de-olho-na-copa-do-brasil-e-e-engolido-pelo-leao\/#respond\"]}]},{\"@type\":\"WebPage\",\"@id\":\"https:\/\/www.notibras.com\/site\/palmeiras-fica-de-olho-na-copa-do-brasil-e-e-engolido-pelo-leao\/\",\"url\":\"https:\/\/www.notibras.com\/site\/palmeiras-fica-de-olho-na-copa-do-brasil-e-e-engolido-pelo-leao\/\",\"name\":\"Palmeiras fica de olho no Flu na disputa pela Copa do Brasil e \u00e9 engolido pelo Le\u00e3o - Notibras\",\"isPartOf\":{\"@id\":\"https:\/\/www.notibras.com\/site\/#website\"},\"primaryImageOfPage\":{\"@id\":\"https:\/\/www.notibras.com\/site\/palmeiras-fica-de-olho-na-copa-do-brasil-e-e-engolido-pelo-leao\/#primaryimage\"},\"image\":{\"@id\":\"https:\/\/www.notibras.com\/site\/palmeiras-fica-de-olho-na-copa-do-brasil-e-e-engolido-pelo-leao\/#primaryimage\"},\"thumbnailUrl\":\"https:\/\/www.notibras.com\/site\/wp-content\/uploads\/2015\/10\/palleao.jpg\",\"datePublished\":\"2015-10-25T01:19:46+00:00\",\"dateModified\":\"2015-10-25T22:30:52+00:00\",\"breadcrumb\":{\"@id\":\"https:\/\/www.notibras.com\/site\/palmeiras-fica-de-olho-na-copa-do-brasil-e-e-engolido-pelo-leao\/#breadcrumb\"},\"inLanguage\":\"pt-BR\",\"potentialAction\":[{\"@type\":\"ReadAction\",\"target\":[\"https:\/\/www.notibras.com\/site\/palmeiras-fica-de-olho-na-copa-do-brasil-e-e-engolido-pelo-leao\/\"]}]},{\"@type\":\"ImageObject\",\"inLanguage\":\"pt-BR\",\"@id\":\"https:\/\/www.notibras.com\/site\/palmeiras-fica-de-olho-na-copa-do-brasil-e-e-engolido-pelo-leao\/#primaryimage\",\"url\":\"https:\/\/www.notibras.com\/site\/wp-content\/uploads\/2015\/10\/palleao.jpg\",\"contentUrl\":\"https:\/\/www.notibras.com\/site\/wp-content\/uploads\/2015\/10\/palleao.jpg\",\"width\":527,\"height\":307},{\"@type\":\"BreadcrumbList\",\"@id\":\"https:\/\/www.notibras.com\/site\/palmeiras-fica-de-olho-na-copa-do-brasil-e-e-engolido-pelo-leao\/#breadcrumb\",\"itemListElement\":[{\"@type\":\"ListItem\",\"position\":1,\"name\":\"In\u00edcio\",\"item\":\"https:\/\/www.notibras.com\/site\/\"},{\"@type\":\"ListItem\",\"position\":2,\"name\":\"Palmeiras fica de olho no Flu na disputa pela Copa do Brasil e \u00e9 engolido pelo Le\u00e3o\"}]},{\"@type\":\"WebSite\",\"@id\":\"https:\/\/www.notibras.com\/site\/#website\",\"url\":\"https:\/\/www.notibras.com\/site\/\",\"name\":\"Notibras\",\"description\":\"Not\u00edcias de Bras\u00edlia, do Brasil e do Mundo\",\"publisher\":{\"@id\":\"https:\/\/www.notibras.com\/site\/#organization\"},\"potentialAction\":[{\"@type\":\"SearchAction\",\"target\":{\"@type\":\"EntryPoint\",\"urlTemplate\":\"https:\/\/www.notibras.com\/site\/?s={search_term_string}\"},\"query-input\":{\"@type\":\"PropertyValueSpecification\",\"valueRequired\":true,\"valueName\":\"search_term_string\"}}],\"inLanguage\":\"pt-BR\"},{\"@type\":\"Organization\",\"@id\":\"https:\/\/www.notibras.com\/site\/#organization\",\"name\":\"Grupo Notibras de Comunica\u00e7\u00e3o\",\"url\":\"https:\/\/www.notibras.com\/site\/\",\"logo\":{\"@type\":\"ImageObject\",\"inLanguage\":\"pt-BR\",\"@id\":\"https:\/\/www.notibras.com\/site\/#\/schema\/logo\/image\/\",\"url\":\"https:\/\/www.notibras.com\/site\/wp-content\/uploads\/2023\/01\/notibras23.png\",\"contentUrl\":\"https:\/\/www.notibras.com\/site\/wp-content\/uploads\/2023\/01\/notibras23.png\",\"width\":350,\"height\":87,\"caption\":\"Grupo Notibras de Comunica\u00e7\u00e3o\"},\"image\":{\"@id\":\"https:\/\/www.notibras.com\/site\/#\/schema\/logo\/image\/\"},\"sameAs\":[\"https:\/\/www.facebook.com\/notibras\/\",\"https:\/\/x.com\/Notibras\",\"https:\/\/www.instagram.com\/notibras\/\"]},{\"@type\":\"Person\",\"@id\":\"https:\/\/www.notibras.com\/site\/#\/schema\/person\/36ab0979449956132d3e5b517ea76ac8\",\"name\":\"Reda\u00e7\u00e3o\",\"image\":{\"@type\":\"ImageObject\",\"inLanguage\":\"pt-BR\",\"@id\":\"https:\/\/secure.gravatar.com\/avatar\/e0a867bdedb85fd243eadf09663511f96fc81e0720a4a42581f334ad4303aa6b?s=96&d=mm&r=g\",\"url\":\"https:\/\/secure.gravatar.com\/avatar\/e0a867bdedb85fd243eadf09663511f96fc81e0720a4a42581f334ad4303aa6b?s=96&d=mm&r=g\",\"contentUrl\":\"https:\/\/secure.gravatar.com\/avatar\/e0a867bdedb85fd243eadf09663511f96fc81e0720a4a42581f334ad4303aa6b?s=96&d=mm&r=g\",\"caption\":\"Reda\u00e7\u00e3o\"}}]}<\/script>\n<!-- \/ Yoast SEO plugin. -->","yoast_head_json":{"title":"Palmeiras fica de olho no Flu na disputa pela Copa do Brasil e \u00e9 engolido pelo Le\u00e3o - Notibras","robots":{"index":"index","follow":"follow","max-snippet":"max-snippet:-1","max-image-preview":"max-image-preview:large","max-video-preview":"max-video-preview:-1"},"canonical":"https:\/\/www.notibras.com\/site\/palmeiras-fica-de-olho-na-copa-do-brasil-e-e-engolido-pelo-leao\/","og_locale":"pt_BR","og_type":"article","og_title":"Palmeiras fica de olho no Flu na disputa pela Copa do Brasil e \u00e9 engolido pelo Le\u00e3o - Notibras","og_description":"O Palmeiras pensou na Copa da Brasil e se deu mal no Brasileir\u00e3o. E Marcelo Oliveira pagou caro por escalar reservas. Seu time perdeu para o Sport por 2 a 0 no Pacaembu, despencou na classifica\u00e7\u00e3o (pode cair para 9\u00ba neste domingo) e comprometeu uma vaga no G4. Mais do que nunca a semifinal contra [&hellip;]","og_url":"https:\/\/www.notibras.com\/site\/palmeiras-fica-de-olho-na-copa-do-brasil-e-e-engolido-pelo-leao\/","og_site_name":"Notibras","article_publisher":"https:\/\/www.facebook.com\/notibras\/","article_published_time":"2015-10-25T01:19:46+00:00","article_modified_time":"2015-10-25T22:30:52+00:00","og_image":[{"width":527,"height":307,"url":"https:\/\/www.notibras.com\/site\/wp-content\/uploads\/2015\/10\/palleao.jpg","type":"image\/jpeg"}],"author":"Reda\u00e7\u00e3o","twitter_card":"summary_large_image","twitter_creator":"@Notibras","twitter_site":"@Notibras","twitter_misc":{"Escrito por":"Reda\u00e7\u00e3o","Est. tempo de leitura":"3 minutos"},"schema":{"@context":"https:\/\/schema.org","@graph":[{"@type":"Article","@id":"https:\/\/www.notibras.com\/site\/palmeiras-fica-de-olho-na-copa-do-brasil-e-e-engolido-pelo-leao\/#article","isPartOf":{"@id":"https:\/\/www.notibras.com\/site\/palmeiras-fica-de-olho-na-copa-do-brasil-e-e-engolido-pelo-leao\/"},"author":{"name":"Reda\u00e7\u00e3o","@id":"https:\/\/www.notibras.com\/site\/#\/schema\/person\/36ab0979449956132d3e5b517ea76ac8"},"headline":"Palmeiras fica de olho no Flu na disputa pela Copa do Brasil e \u00e9 engolido pelo Le\u00e3o","datePublished":"2015-10-25T01:19:46+00:00","dateModified":"2015-10-25T22:30:52+00:00","mainEntityOfPage":{"@id":"https:\/\/www.notibras.com\/site\/palmeiras-fica-de-olho-na-copa-do-brasil-e-e-engolido-pelo-leao\/"},"wordCount":591,"commentCount":0,"publisher":{"@id":"https:\/\/www.notibras.com\/site\/#organization"},"image":{"@id":"https:\/\/www.notibras.com\/site\/palmeiras-fica-de-olho-na-copa-do-brasil-e-e-engolido-pelo-leao\/#primaryimage"},"thumbnailUrl":"https:\/\/www.notibras.com\/site\/wp-content\/uploads\/2015\/10\/palleao.jpg","articleSection":["Futebol"],"inLanguage":"pt-BR","potentialAction":[{"@type":"CommentAction","name":"Comment","target":["https:\/\/www.notibras.com\/site\/palmeiras-fica-de-olho-na-copa-do-brasil-e-e-engolido-pelo-leao\/#respond"]}]},{"@type":"WebPage","@id":"https:\/\/www.notibras.com\/site\/palmeiras-fica-de-olho-na-copa-do-brasil-e-e-engolido-pelo-leao\/","url":"https:\/\/www.notibras.com\/site\/palmeiras-fica-de-olho-na-copa-do-brasil-e-e-engolido-pelo-leao\/","name":"Palmeiras fica de olho no Flu na disputa pela Copa do Brasil e \u00e9 engolido pelo Le\u00e3o - Notibras","isPartOf":{"@id":"https:\/\/www.notibras.com\/site\/#website"},"primaryImageOfPage":{"@id":"https:\/\/www.notibras.com\/site\/palmeiras-fica-de-olho-na-copa-do-brasil-e-e-engolido-pelo-leao\/#primaryimage"},"image":{"@id":"https:\/\/www.notibras.com\/site\/palmeiras-fica-de-olho-na-copa-do-brasil-e-e-engolido-pelo-leao\/#primaryimage"},"thumbnailUrl":"https:\/\/www.notibras.com\/site\/wp-content\/uploads\/2015\/10\/palleao.jpg","datePublished":"2015-10-25T01:19:46+00:00","dateModified":"2015-10-25T22:30:52+00:00","breadcrumb":{"@id":"https:\/\/www.notibras.com\/site\/palmeiras-fica-de-olho-na-copa-do-brasil-e-e-engolido-pelo-leao\/#breadcrumb"},"inLanguage":"pt-BR","potentialAction":[{"@type":"ReadAction","target":["https:\/\/www.notibras.com\/site\/palmeiras-fica-de-olho-na-copa-do-brasil-e-e-engolido-pelo-leao\/"]}]},{"@type":"ImageObject","inLanguage":"pt-BR","@id":"https:\/\/www.notibras.com\/site\/palmeiras-fica-de-olho-na-copa-do-brasil-e-e-engolido-pelo-leao\/#primaryimage","url":"https:\/\/www.notibras.com\/site\/wp-content\/uploads\/2015\/10\/palleao.jpg","contentUrl":"https:\/\/www.notibras.com\/site\/wp-content\/uploads\/2015\/10\/palleao.jpg","width":527,"height":307},{"@type":"BreadcrumbList","@id":"https:\/\/www.notibras.com\/site\/palmeiras-fica-de-olho-na-copa-do-brasil-e-e-engolido-pelo-leao\/#breadcrumb","itemListElement":[{"@type":"ListItem","position":1,"name":"In\u00edcio","item":"https:\/\/www.notibras.com\/site\/"},{"@type":"ListItem","position":2,"name":"Palmeiras fica de olho no Flu na disputa pela Copa do Brasil e \u00e9 engolido pelo Le\u00e3o"}]},{"@type":"WebSite","@id":"https:\/\/www.notibras.com\/site\/#website","url":"https:\/\/www.notibras.com\/site\/","name":"Notibras","description":"Not\u00edcias de Bras\u00edlia, do Brasil e do Mundo","publisher":{"@id":"https:\/\/www.notibras.com\/site\/#organization"},"potentialAction":[{"@type":"SearchAction","target":{"@type":"EntryPoint","urlTemplate":"https:\/\/www.notibras.com\/site\/?s={search_term_string}"},"query-input":{"@type":"PropertyValueSpecification","valueRequired":true,"valueName":"search_term_string"}}],"inLanguage":"pt-BR"},{"@type":"Organization","@id":"https:\/\/www.notibras.com\/site\/#organization","name":"Grupo Notibras de Comunica\u00e7\u00e3o","url":"https:\/\/www.notibras.com\/site\/","logo":{"@type":"ImageObject","inLanguage":"pt-BR","@id":"https:\/\/www.notibras.com\/site\/#\/schema\/logo\/image\/","url":"https:\/\/www.notibras.com\/site\/wp-content\/uploads\/2023\/01\/notibras23.png","contentUrl":"https:\/\/www.notibras.com\/site\/wp-content\/uploads\/2023\/01\/notibras23.png","width":350,"height":87,"caption":"Grupo Notibras de Comunica\u00e7\u00e3o"},"image":{"@id":"https:\/\/www.notibras.com\/site\/#\/schema\/logo\/image\/"},"sameAs":["https:\/\/www.facebook.com\/notibras\/","https:\/\/x.com\/Notibras","https:\/\/www.instagram.com\/notibras\/"]},{"@type":"Person","@id":"https:\/\/www.notibras.com\/site\/#\/schema\/person\/36ab0979449956132d3e5b517ea76ac8","name":"Reda\u00e7\u00e3o","image":{"@type":"ImageObject","inLanguage":"pt-BR","@id":"https:\/\/secure.gravatar.com\/avatar\/e0a867bdedb85fd243eadf09663511f96fc81e0720a4a42581f334ad4303aa6b?s=96&d=mm&r=g","url":"https:\/\/secure.gravatar.com\/avatar\/e0a867bdedb85fd243eadf09663511f96fc81e0720a4a42581f334ad4303aa6b?s=96&d=mm&r=g","contentUrl":"https:\/\/secure.gravatar.com\/avatar\/e0a867bdedb85fd243eadf09663511f96fc81e0720a4a42581f334ad4303aa6b?s=96&d=mm&r=g","caption":"Reda\u00e7\u00e3o"}}]}},"amp_enabled":true,"_links":{"self":[{"href":"https:\/\/www.notibras.com\/site\/wp-json\/wp\/v2\/posts\/72827","targetHints":{"allow":["GET"]}}],"collection":[{"href":"https:\/\/www.notibras.com\/site\/wp-json\/wp\/v2\/posts"}],"about":[{"href":"https:\/\/www.notibras.com\/site\/wp-json\/wp\/v2\/types\/post"}],"author":[{"embeddable":true,"href":"https:\/\/www.notibras.com\/site\/wp-json\/wp\/v2\/users\/2"}],"replies":[{"embeddable":true,"href":"https:\/\/www.notibras.com\/site\/wp-json\/wp\/v2\/comments?post=72827"}],"version-history":[{"count":2,"href":"https:\/\/www.notibras.com\/site\/wp-json\/wp\/v2\/posts\/72827\/revisions"}],"predecessor-version":[{"id":72864,"href":"https:\/\/www.notibras.com\/site\/wp-json\/wp\/v2\/posts\/72827\/revisions\/72864"}],"wp:featuredmedia":[{"embeddable":true,"href":"https:\/\/www.notibras.com\/site\/wp-json\/wp\/v2\/media\/72828"}],"wp:attachment":[{"href":"https:\/\/www.notibras.com\/site\/wp-json\/wp\/v2\/media?parent=72827"}],"wp:term":[{"taxonomy":"category","embeddable":true,"href":"https:\/\/www.notibras.com\/site\/wp-json\/wp\/v2\/categories?post=72827"},{"taxonomy":"post_tag","embeddable":true,"href":"https:\/\/www.notibras.com\/site\/wp-json\/wp\/v2\/tags?post=72827"}],"curies":[{"name":"wp","href":"https:\/\/api.w.org\/{rel}","templated":true}]}}