{"id":72879,"date":"2015-10-25T19:20:34","date_gmt":"2015-10-25T21:20:34","guid":{"rendered":"http:\/\/www.notibras.com\/site\/?p=72879"},"modified":"2015-10-26T10:04:12","modified_gmt":"2015-10-26T12:04:12","slug":"guerrero-volta-ao-itaquerao-e-ve-o-flamengo-perder-com-gol-de-love","status":"publish","type":"post","link":"https:\/\/www.notibras.com\/site\/guerrero-volta-ao-itaquerao-e-ve-o-flamengo-perder-com-gol-de-love\/","title":{"rendered":"Guerrero volta ao Itaquer\u00e3o e v\u00ea o Flamengo perder com gol de Vagner Love, o \u00eddolo"},"content":{"rendered":"<p>No reencontro com Paolo Guerrero, o Corinthians venceu o Flamengo com um gol do atacante de Vagner Love, que deixou o gramado ovacionado em contraste com o peruano, que foi tratado com indiferen\u00e7a e frieza. A lembran\u00e7a do \u00eddolo e autor do gol do t\u00edtulo mundial foi apagada pela pol\u00eamica troca de time.<\/p>\n<p>O placar de 1 a 0, alcan\u00e7ado com novo recorde de p\u00fablico no Itaquer\u00e3o (43.515 pagantes), mant\u00e9m o Corinthians com folga consider\u00e1vel na lideran\u00e7a do Campeonato Brasileiro. A diferen\u00e7a de oito aumentou para 11 pontos neste momento (o Atl\u00e9tico-MG enfrenta a Ponte Preta ainda neste domingo, \u00e0s 19h30).<\/p>\n<p>A seis rodadas do fim do Campeonato Brasileiro, o Corinthians se aproxima cada vez mais do hexacampeonato e pode dar um passo ainda mais importante na pr\u00f3xima rodada, quando enfrenta justamente o Atl\u00e9tico-MG em Belo Horizonte. J\u00e1 o Flamengo estacionou nos 44 pontos e segue distante da luta por um lugar no G4.<\/p>\n<p>A vit\u00f3ria poderia ter sido com o placar maior &#8211; e com menos riscos. No final do jogo, o Flamengo se lan\u00e7ou ao ataque. E o Corinthians se defendeu com um objetivo at\u00e9 maior que o de sofrer o empate. Era n\u00edtida a sensa\u00e7\u00e3o de que os zagueiros jogavam para n\u00e3o deixar que Guerrero tivesse uma chance clara e fizesse um gol em Itaquera.<\/p>\n<p>O Corinthians j\u00e1 havia rondado a \u00e1rea de Paulo Victor com perigo bem antes de Vagner Love abrir o placar, aos 47 minutos do primeiro tempo. O pr\u00f3prio Love j\u00e1 tinha desperdi\u00e7ado uma chance clara chutando cruzado e tamb\u00e9m tinha perdido o tempo da bola em um cruzamento de Jadson, que deveria ter batido para o gol em vez de buscar o atacante na \u00e1rea.<\/p>\n<p>Por isso, o 1 a 0 feito no primeiro tempo foi, de certo modo, justo. O Flamengo conseguia neutralizar os laterais do Corinthians com dois atacantes, adiantava a marca\u00e7\u00e3o, mas deixava um espa\u00e7o enorme no lado esquerdo de sua defesa. E o time de Oswaldo de Oliveira se atrapalhava todo quando o Corinthians atacava em velocidade, estrat\u00e9gia mortal de Tite.<\/p>\n<p>O Corinthians pecava na finaliza\u00e7\u00e3o, o Flamengo pela falta de objetividade. Guerrero, muito bem marcado ora por Gil, ora por Felipe, pouco apareceu nos primeiros 45 minutos. A melhor chance do Fla na primeira etapa foi uma finaliza\u00e7\u00e3o do zagueiro C\u00e9sar Martins ap\u00f3s cobran\u00e7a de escanteio.<\/p>\n<p>E quando o Flamengo j\u00e1 agradecia o 0 a 0 no primeiro tempo (houve at\u00e9 um p\u00eanalti claro n\u00e3o marcado em cima de Elias), o Corinthians fez seu gol. Jadson passou para Malcom, que invadiu a \u00e1rea e cruzou para Love, que bateu do lado esquerdo de Paulo Victor: 1 a 0.<\/p>\n<p>No segundo tempo, a expuls\u00e3o infantil e logo aos dez minutos tornou aos coisas mais f\u00e1ceis para o Corinthians, que passou a controlar o meio de campo na base da troca de passes. Sem afoba\u00e7\u00e3o, sem pressa. Elias foi mais presente no ataque e deu mais corpo ao ataque. Houve chance de ampliar o placar, mas 1 a 0 se manteve at\u00e9 o final.<\/p>\n<p><img loading=\"lazy\" decoding=\"async\" class=\"alignnone size-full wp-image-70065\" src=\"http:\/\/www.notibras.com\/site\/wp-content\/uploads\/2015\/10\/estadao.png\" alt=\"estadao\" width=\"99\" height=\"16\" \/><\/p>\n","protected":false},"excerpt":{"rendered":"<p>No reencontro com Paolo Guerrero, o Corinthians venceu o Flamengo com um gol do atacante de Vagner Love, que deixou o gramado ovacionado em contraste com o peruano, que foi tratado com indiferen\u00e7a e frieza. A lembran\u00e7a do \u00eddolo e autor do gol do t\u00edtulo mundial foi apagada pela pol\u00eamica troca de time. O placar [&hellip;]<\/p>\n","protected":false},"author":2,"featured_media":72882,"comment_status":"open","ping_status":"closed","sticky":false,"template":"","format":"standard","meta":{"_acf_changed":false,"footnotes":""},"categories":[29],"tags":[],"class_list":["post-72879","post","type-post","status-publish","format-standard","has-post-thumbnail","hentry","category-futebol"],"acf":[],"yoast_head":"<!-- This site is optimized with the Yoast SEO plugin v27.2 - https:\/\/yoast.com\/product\/yoast-seo-wordpress\/ -->\n<title>Guerrero volta ao Itaquer\u00e3o e v\u00ea o Flamengo perder com gol de Vagner Love, o \u00eddolo - Notibras<\/title>\n<meta name=\"robots\" content=\"index, follow, max-snippet:-1, max-image-preview:large, max-video-preview:-1\" \/>\n<link rel=\"canonical\" href=\"https:\/\/www.notibras.com\/site\/guerrero-volta-ao-itaquerao-e-ve-o-flamengo-perder-com-gol-de-love\/\" \/>\n<meta property=\"og:locale\" content=\"pt_BR\" \/>\n<meta property=\"og:type\" content=\"article\" \/>\n<meta property=\"og:title\" content=\"Guerrero volta ao Itaquer\u00e3o e v\u00ea o Flamengo perder com gol de Vagner Love, o \u00eddolo - Notibras\" \/>\n<meta property=\"og:description\" content=\"No reencontro com Paolo Guerrero, o Corinthians venceu o Flamengo com um gol do atacante de Vagner Love, que deixou o gramado ovacionado em contraste com o peruano, que foi tratado com indiferen\u00e7a e frieza. A lembran\u00e7a do \u00eddolo e autor do gol do t\u00edtulo mundial foi apagada pela pol\u00eamica troca de time. O placar [&hellip;]\" \/>\n<meta property=\"og:url\" content=\"https:\/\/www.notibras.com\/site\/guerrero-volta-ao-itaquerao-e-ve-o-flamengo-perder-com-gol-de-love\/\" \/>\n<meta property=\"og:site_name\" content=\"Notibras\" \/>\n<meta property=\"article:publisher\" content=\"https:\/\/www.facebook.com\/notibras\/\" \/>\n<meta property=\"article:published_time\" content=\"2015-10-25T21:20:34+00:00\" \/>\n<meta property=\"article:modified_time\" content=\"2015-10-26T12:04:12+00:00\" \/>\n<meta property=\"og:image\" content=\"https:\/\/www.notibras.com\/site\/wp-content\/uploads\/2015\/10\/love25.jpg\" \/>\n\t<meta property=\"og:image:width\" content=\"527\" \/>\n\t<meta property=\"og:image:height\" content=\"307\" \/>\n\t<meta property=\"og:image:type\" content=\"image\/jpeg\" \/>\n<meta name=\"author\" content=\"Reda\u00e7\u00e3o\" \/>\n<meta name=\"twitter:card\" content=\"summary_large_image\" \/>\n<meta name=\"twitter:creator\" content=\"@Notibras\" \/>\n<meta name=\"twitter:site\" content=\"@Notibras\" \/>\n<meta name=\"twitter:label1\" content=\"Escrito por\" \/>\n\t<meta name=\"twitter:data1\" content=\"Reda\u00e7\u00e3o\" \/>\n\t<meta name=\"twitter:label2\" content=\"Est. tempo de leitura\" \/>\n\t<meta name=\"twitter:data2\" content=\"3 minutos\" \/>\n<script type=\"application\/ld+json\" class=\"yoast-schema-graph\">{\"@context\":\"https:\/\/schema.org\",\"@graph\":[{\"@type\":\"Article\",\"@id\":\"https:\/\/www.notibras.com\/site\/guerrero-volta-ao-itaquerao-e-ve-o-flamengo-perder-com-gol-de-love\/#article\",\"isPartOf\":{\"@id\":\"https:\/\/www.notibras.com\/site\/guerrero-volta-ao-itaquerao-e-ve-o-flamengo-perder-com-gol-de-love\/\"},\"author\":{\"name\":\"Reda\u00e7\u00e3o\",\"@id\":\"https:\/\/www.notibras.com\/site\/#\/schema\/person\/36ab0979449956132d3e5b517ea76ac8\"},\"headline\":\"Guerrero volta ao Itaquer\u00e3o e v\u00ea o Flamengo perder com gol de Vagner Love, o \u00eddolo\",\"datePublished\":\"2015-10-25T21:20:34+00:00\",\"dateModified\":\"2015-10-26T12:04:12+00:00\",\"mainEntityOfPage\":{\"@id\":\"https:\/\/www.notibras.com\/site\/guerrero-volta-ao-itaquerao-e-ve-o-flamengo-perder-com-gol-de-love\/\"},\"wordCount\":542,\"commentCount\":0,\"publisher\":{\"@id\":\"https:\/\/www.notibras.com\/site\/#organization\"},\"image\":{\"@id\":\"https:\/\/www.notibras.com\/site\/guerrero-volta-ao-itaquerao-e-ve-o-flamengo-perder-com-gol-de-love\/#primaryimage\"},\"thumbnailUrl\":\"https:\/\/www.notibras.com\/site\/wp-content\/uploads\/2015\/10\/love25.jpg\",\"articleSection\":[\"Futebol\"],\"inLanguage\":\"pt-BR\",\"potentialAction\":[{\"@type\":\"CommentAction\",\"name\":\"Comment\",\"target\":[\"https:\/\/www.notibras.com\/site\/guerrero-volta-ao-itaquerao-e-ve-o-flamengo-perder-com-gol-de-love\/#respond\"]}]},{\"@type\":\"WebPage\",\"@id\":\"https:\/\/www.notibras.com\/site\/guerrero-volta-ao-itaquerao-e-ve-o-flamengo-perder-com-gol-de-love\/\",\"url\":\"https:\/\/www.notibras.com\/site\/guerrero-volta-ao-itaquerao-e-ve-o-flamengo-perder-com-gol-de-love\/\",\"name\":\"Guerrero volta ao Itaquer\u00e3o e v\u00ea o Flamengo perder com gol de Vagner Love, o \u00eddolo - Notibras\",\"isPartOf\":{\"@id\":\"https:\/\/www.notibras.com\/site\/#website\"},\"primaryImageOfPage\":{\"@id\":\"https:\/\/www.notibras.com\/site\/guerrero-volta-ao-itaquerao-e-ve-o-flamengo-perder-com-gol-de-love\/#primaryimage\"},\"image\":{\"@id\":\"https:\/\/www.notibras.com\/site\/guerrero-volta-ao-itaquerao-e-ve-o-flamengo-perder-com-gol-de-love\/#primaryimage\"},\"thumbnailUrl\":\"https:\/\/www.notibras.com\/site\/wp-content\/uploads\/2015\/10\/love25.jpg\",\"datePublished\":\"2015-10-25T21:20:34+00:00\",\"dateModified\":\"2015-10-26T12:04:12+00:00\",\"breadcrumb\":{\"@id\":\"https:\/\/www.notibras.com\/site\/guerrero-volta-ao-itaquerao-e-ve-o-flamengo-perder-com-gol-de-love\/#breadcrumb\"},\"inLanguage\":\"pt-BR\",\"potentialAction\":[{\"@type\":\"ReadAction\",\"target\":[\"https:\/\/www.notibras.com\/site\/guerrero-volta-ao-itaquerao-e-ve-o-flamengo-perder-com-gol-de-love\/\"]}]},{\"@type\":\"ImageObject\",\"inLanguage\":\"pt-BR\",\"@id\":\"https:\/\/www.notibras.com\/site\/guerrero-volta-ao-itaquerao-e-ve-o-flamengo-perder-com-gol-de-love\/#primaryimage\",\"url\":\"https:\/\/www.notibras.com\/site\/wp-content\/uploads\/2015\/10\/love25.jpg\",\"contentUrl\":\"https:\/\/www.notibras.com\/site\/wp-content\/uploads\/2015\/10\/love25.jpg\",\"width\":527,\"height\":307},{\"@type\":\"BreadcrumbList\",\"@id\":\"https:\/\/www.notibras.com\/site\/guerrero-volta-ao-itaquerao-e-ve-o-flamengo-perder-com-gol-de-love\/#breadcrumb\",\"itemListElement\":[{\"@type\":\"ListItem\",\"position\":1,\"name\":\"In\u00edcio\",\"item\":\"https:\/\/www.notibras.com\/site\/\"},{\"@type\":\"ListItem\",\"position\":2,\"name\":\"Guerrero volta ao Itaquer\u00e3o e v\u00ea o Flamengo perder com gol de Vagner Love, o \u00eddolo\"}]},{\"@type\":\"WebSite\",\"@id\":\"https:\/\/www.notibras.com\/site\/#website\",\"url\":\"https:\/\/www.notibras.com\/site\/\",\"name\":\"Notibras\",\"description\":\"Not\u00edcias de Bras\u00edlia, do Brasil e do Mundo\",\"publisher\":{\"@id\":\"https:\/\/www.notibras.com\/site\/#organization\"},\"potentialAction\":[{\"@type\":\"SearchAction\",\"target\":{\"@type\":\"EntryPoint\",\"urlTemplate\":\"https:\/\/www.notibras.com\/site\/?s={search_term_string}\"},\"query-input\":{\"@type\":\"PropertyValueSpecification\",\"valueRequired\":true,\"valueName\":\"search_term_string\"}}],\"inLanguage\":\"pt-BR\"},{\"@type\":\"Organization\",\"@id\":\"https:\/\/www.notibras.com\/site\/#organization\",\"name\":\"Grupo Notibras de Comunica\u00e7\u00e3o\",\"url\":\"https:\/\/www.notibras.com\/site\/\",\"logo\":{\"@type\":\"ImageObject\",\"inLanguage\":\"pt-BR\",\"@id\":\"https:\/\/www.notibras.com\/site\/#\/schema\/logo\/image\/\",\"url\":\"https:\/\/www.notibras.com\/site\/wp-content\/uploads\/2023\/01\/notibras23.png\",\"contentUrl\":\"https:\/\/www.notibras.com\/site\/wp-content\/uploads\/2023\/01\/notibras23.png\",\"width\":350,\"height\":87,\"caption\":\"Grupo Notibras de Comunica\u00e7\u00e3o\"},\"image\":{\"@id\":\"https:\/\/www.notibras.com\/site\/#\/schema\/logo\/image\/\"},\"sameAs\":[\"https:\/\/www.facebook.com\/notibras\/\",\"https:\/\/x.com\/Notibras\",\"https:\/\/www.instagram.com\/notibras\/\"]},{\"@type\":\"Person\",\"@id\":\"https:\/\/www.notibras.com\/site\/#\/schema\/person\/36ab0979449956132d3e5b517ea76ac8\",\"name\":\"Reda\u00e7\u00e3o\",\"image\":{\"@type\":\"ImageObject\",\"inLanguage\":\"pt-BR\",\"@id\":\"https:\/\/secure.gravatar.com\/avatar\/e0a867bdedb85fd243eadf09663511f96fc81e0720a4a42581f334ad4303aa6b?s=96&d=mm&r=g\",\"url\":\"https:\/\/secure.gravatar.com\/avatar\/e0a867bdedb85fd243eadf09663511f96fc81e0720a4a42581f334ad4303aa6b?s=96&d=mm&r=g\",\"contentUrl\":\"https:\/\/secure.gravatar.com\/avatar\/e0a867bdedb85fd243eadf09663511f96fc81e0720a4a42581f334ad4303aa6b?s=96&d=mm&r=g\",\"caption\":\"Reda\u00e7\u00e3o\"}}]}<\/script>\n<!-- \/ Yoast SEO plugin. -->","yoast_head_json":{"title":"Guerrero volta ao Itaquer\u00e3o e v\u00ea o Flamengo perder com gol de Vagner Love, o \u00eddolo - Notibras","robots":{"index":"index","follow":"follow","max-snippet":"max-snippet:-1","max-image-preview":"max-image-preview:large","max-video-preview":"max-video-preview:-1"},"canonical":"https:\/\/www.notibras.com\/site\/guerrero-volta-ao-itaquerao-e-ve-o-flamengo-perder-com-gol-de-love\/","og_locale":"pt_BR","og_type":"article","og_title":"Guerrero volta ao Itaquer\u00e3o e v\u00ea o Flamengo perder com gol de Vagner Love, o \u00eddolo - Notibras","og_description":"No reencontro com Paolo Guerrero, o Corinthians venceu o Flamengo com um gol do atacante de Vagner Love, que deixou o gramado ovacionado em contraste com o peruano, que foi tratado com indiferen\u00e7a e frieza. A lembran\u00e7a do \u00eddolo e autor do gol do t\u00edtulo mundial foi apagada pela pol\u00eamica troca de time. O placar [&hellip;]","og_url":"https:\/\/www.notibras.com\/site\/guerrero-volta-ao-itaquerao-e-ve-o-flamengo-perder-com-gol-de-love\/","og_site_name":"Notibras","article_publisher":"https:\/\/www.facebook.com\/notibras\/","article_published_time":"2015-10-25T21:20:34+00:00","article_modified_time":"2015-10-26T12:04:12+00:00","og_image":[{"width":527,"height":307,"url":"https:\/\/www.notibras.com\/site\/wp-content\/uploads\/2015\/10\/love25.jpg","type":"image\/jpeg"}],"author":"Reda\u00e7\u00e3o","twitter_card":"summary_large_image","twitter_creator":"@Notibras","twitter_site":"@Notibras","twitter_misc":{"Escrito por":"Reda\u00e7\u00e3o","Est. tempo de leitura":"3 minutos"},"schema":{"@context":"https:\/\/schema.org","@graph":[{"@type":"Article","@id":"https:\/\/www.notibras.com\/site\/guerrero-volta-ao-itaquerao-e-ve-o-flamengo-perder-com-gol-de-love\/#article","isPartOf":{"@id":"https:\/\/www.notibras.com\/site\/guerrero-volta-ao-itaquerao-e-ve-o-flamengo-perder-com-gol-de-love\/"},"author":{"name":"Reda\u00e7\u00e3o","@id":"https:\/\/www.notibras.com\/site\/#\/schema\/person\/36ab0979449956132d3e5b517ea76ac8"},"headline":"Guerrero volta ao Itaquer\u00e3o e v\u00ea o Flamengo perder com gol de Vagner Love, o \u00eddolo","datePublished":"2015-10-25T21:20:34+00:00","dateModified":"2015-10-26T12:04:12+00:00","mainEntityOfPage":{"@id":"https:\/\/www.notibras.com\/site\/guerrero-volta-ao-itaquerao-e-ve-o-flamengo-perder-com-gol-de-love\/"},"wordCount":542,"commentCount":0,"publisher":{"@id":"https:\/\/www.notibras.com\/site\/#organization"},"image":{"@id":"https:\/\/www.notibras.com\/site\/guerrero-volta-ao-itaquerao-e-ve-o-flamengo-perder-com-gol-de-love\/#primaryimage"},"thumbnailUrl":"https:\/\/www.notibras.com\/site\/wp-content\/uploads\/2015\/10\/love25.jpg","articleSection":["Futebol"],"inLanguage":"pt-BR","potentialAction":[{"@type":"CommentAction","name":"Comment","target":["https:\/\/www.notibras.com\/site\/guerrero-volta-ao-itaquerao-e-ve-o-flamengo-perder-com-gol-de-love\/#respond"]}]},{"@type":"WebPage","@id":"https:\/\/www.notibras.com\/site\/guerrero-volta-ao-itaquerao-e-ve-o-flamengo-perder-com-gol-de-love\/","url":"https:\/\/www.notibras.com\/site\/guerrero-volta-ao-itaquerao-e-ve-o-flamengo-perder-com-gol-de-love\/","name":"Guerrero volta ao Itaquer\u00e3o e v\u00ea o Flamengo perder com gol de Vagner Love, o \u00eddolo - Notibras","isPartOf":{"@id":"https:\/\/www.notibras.com\/site\/#website"},"primaryImageOfPage":{"@id":"https:\/\/www.notibras.com\/site\/guerrero-volta-ao-itaquerao-e-ve-o-flamengo-perder-com-gol-de-love\/#primaryimage"},"image":{"@id":"https:\/\/www.notibras.com\/site\/guerrero-volta-ao-itaquerao-e-ve-o-flamengo-perder-com-gol-de-love\/#primaryimage"},"thumbnailUrl":"https:\/\/www.notibras.com\/site\/wp-content\/uploads\/2015\/10\/love25.jpg","datePublished":"2015-10-25T21:20:34+00:00","dateModified":"2015-10-26T12:04:12+00:00","breadcrumb":{"@id":"https:\/\/www.notibras.com\/site\/guerrero-volta-ao-itaquerao-e-ve-o-flamengo-perder-com-gol-de-love\/#breadcrumb"},"inLanguage":"pt-BR","potentialAction":[{"@type":"ReadAction","target":["https:\/\/www.notibras.com\/site\/guerrero-volta-ao-itaquerao-e-ve-o-flamengo-perder-com-gol-de-love\/"]}]},{"@type":"ImageObject","inLanguage":"pt-BR","@id":"https:\/\/www.notibras.com\/site\/guerrero-volta-ao-itaquerao-e-ve-o-flamengo-perder-com-gol-de-love\/#primaryimage","url":"https:\/\/www.notibras.com\/site\/wp-content\/uploads\/2015\/10\/love25.jpg","contentUrl":"https:\/\/www.notibras.com\/site\/wp-content\/uploads\/2015\/10\/love25.jpg","width":527,"height":307},{"@type":"BreadcrumbList","@id":"https:\/\/www.notibras.com\/site\/guerrero-volta-ao-itaquerao-e-ve-o-flamengo-perder-com-gol-de-love\/#breadcrumb","itemListElement":[{"@type":"ListItem","position":1,"name":"In\u00edcio","item":"https:\/\/www.notibras.com\/site\/"},{"@type":"ListItem","position":2,"name":"Guerrero volta ao Itaquer\u00e3o e v\u00ea o Flamengo perder com gol de Vagner Love, o \u00eddolo"}]},{"@type":"WebSite","@id":"https:\/\/www.notibras.com\/site\/#website","url":"https:\/\/www.notibras.com\/site\/","name":"Notibras","description":"Not\u00edcias de Bras\u00edlia, do Brasil e do Mundo","publisher":{"@id":"https:\/\/www.notibras.com\/site\/#organization"},"potentialAction":[{"@type":"SearchAction","target":{"@type":"EntryPoint","urlTemplate":"https:\/\/www.notibras.com\/site\/?s={search_term_string}"},"query-input":{"@type":"PropertyValueSpecification","valueRequired":true,"valueName":"search_term_string"}}],"inLanguage":"pt-BR"},{"@type":"Organization","@id":"https:\/\/www.notibras.com\/site\/#organization","name":"Grupo Notibras de Comunica\u00e7\u00e3o","url":"https:\/\/www.notibras.com\/site\/","logo":{"@type":"ImageObject","inLanguage":"pt-BR","@id":"https:\/\/www.notibras.com\/site\/#\/schema\/logo\/image\/","url":"https:\/\/www.notibras.com\/site\/wp-content\/uploads\/2023\/01\/notibras23.png","contentUrl":"https:\/\/www.notibras.com\/site\/wp-content\/uploads\/2023\/01\/notibras23.png","width":350,"height":87,"caption":"Grupo Notibras de Comunica\u00e7\u00e3o"},"image":{"@id":"https:\/\/www.notibras.com\/site\/#\/schema\/logo\/image\/"},"sameAs":["https:\/\/www.facebook.com\/notibras\/","https:\/\/x.com\/Notibras","https:\/\/www.instagram.com\/notibras\/"]},{"@type":"Person","@id":"https:\/\/www.notibras.com\/site\/#\/schema\/person\/36ab0979449956132d3e5b517ea76ac8","name":"Reda\u00e7\u00e3o","image":{"@type":"ImageObject","inLanguage":"pt-BR","@id":"https:\/\/secure.gravatar.com\/avatar\/e0a867bdedb85fd243eadf09663511f96fc81e0720a4a42581f334ad4303aa6b?s=96&d=mm&r=g","url":"https:\/\/secure.gravatar.com\/avatar\/e0a867bdedb85fd243eadf09663511f96fc81e0720a4a42581f334ad4303aa6b?s=96&d=mm&r=g","contentUrl":"https:\/\/secure.gravatar.com\/avatar\/e0a867bdedb85fd243eadf09663511f96fc81e0720a4a42581f334ad4303aa6b?s=96&d=mm&r=g","caption":"Reda\u00e7\u00e3o"}}]}},"amp_enabled":true,"_links":{"self":[{"href":"https:\/\/www.notibras.com\/site\/wp-json\/wp\/v2\/posts\/72879","targetHints":{"allow":["GET"]}}],"collection":[{"href":"https:\/\/www.notibras.com\/site\/wp-json\/wp\/v2\/posts"}],"about":[{"href":"https:\/\/www.notibras.com\/site\/wp-json\/wp\/v2\/types\/post"}],"author":[{"embeddable":true,"href":"https:\/\/www.notibras.com\/site\/wp-json\/wp\/v2\/users\/2"}],"replies":[{"embeddable":true,"href":"https:\/\/www.notibras.com\/site\/wp-json\/wp\/v2\/comments?post=72879"}],"version-history":[{"count":3,"href":"https:\/\/www.notibras.com\/site\/wp-json\/wp\/v2\/posts\/72879\/revisions"}],"predecessor-version":[{"id":72903,"href":"https:\/\/www.notibras.com\/site\/wp-json\/wp\/v2\/posts\/72879\/revisions\/72903"}],"wp:featuredmedia":[{"embeddable":true,"href":"https:\/\/www.notibras.com\/site\/wp-json\/wp\/v2\/media\/72882"}],"wp:attachment":[{"href":"https:\/\/www.notibras.com\/site\/wp-json\/wp\/v2\/media?parent=72879"}],"wp:term":[{"taxonomy":"category","embeddable":true,"href":"https:\/\/www.notibras.com\/site\/wp-json\/wp\/v2\/categories?post=72879"},{"taxonomy":"post_tag","embeddable":true,"href":"https:\/\/www.notibras.com\/site\/wp-json\/wp\/v2\/tags?post=72879"}],"curies":[{"name":"wp","href":"https:\/\/api.w.org\/{rel}","templated":true}]}}