{"id":72883,"date":"2015-10-25T19:19:35","date_gmt":"2015-10-25T21:19:35","guid":{"rendered":"http:\/\/www.notibras.com\/site\/?p=72883"},"modified":"2015-10-26T10:03:34","modified_gmt":"2015-10-26T12:03:34","slug":"vasco-para-na-retranca-do-gremio-fica-no-0-a-0-e-continua-segurando-a-lanterna","status":"publish","type":"post","link":"https:\/\/www.notibras.com\/site\/vasco-para-na-retranca-do-gremio-fica-no-0-a-0-e-continua-segurando-a-lanterna\/","title":{"rendered":"Vasco para na retranca do Gr\u00eamio, fica no 0 a 0 e mant\u00e9m a lanterna na m\u00e3o"},"content":{"rendered":"<p>N\u00e3o foi suficiente. Apesar de jogar bem no Maracan\u00e3, o Vasco empatou com o Gr\u00eamio por 0 a 0 neste domingo pela 32\u00aa rodada do Campeonato Brasileiro. As equipes protagonizaram um duelo ofensivo com muitas finaliza\u00e7\u00f5es para ambos os lados. Os cariocas, pela situa\u00e7\u00e3o dram\u00e1tica no Brasileir\u00e3o, pressionaram os visitantes e tiveram bom volume de jogo. Com o resultado, o Vasco segue na lanterna da competi\u00e7\u00e3o, com 30 pontos, enquanto o Gr\u00eamio foi aos 56 pontos na terceira posi\u00e7\u00e3o.<\/p>\n<p>As equipes voltam a campo na pr\u00f3xima rodada do Brasileir\u00e3o. O Vasco enfrenta o rival Fluminense no domingo, no Engenh\u00e3o, \u00e0s 18 horas. O Gr\u00eamio recebe o Flamengo no mesmo dia na Arena Gr\u00eamio, \u00e0s 17 horas.<\/p>\n<p><strong>O jogo<\/strong> &#8211; O Vasco iniciou a partida pressionando o time ga\u00facho, tomando a atitude para encontrar a t\u00e3o necess\u00e1ria vit\u00f3ria. O Gr\u00eamio se defendia bem e buscava espa\u00e7os para contra-atacar. Pouco a pouco, o time ga\u00facho conteve o entusiasmo do clube carioca e equilibrou a partida. Aos 17 minutos, Marcelo Oliveira acionou Giuliano, que entrou na \u00e1rea e enfiou a bola para Bob\u00f4. O goleiro Mart\u00edn Silva saiu r\u00e1pido e abafou o atacante.<\/p>\n<p>Os mandantes conseguiram voltar a pressionar. Aos 27, Nen\u00ea tabelou com Julio dos Santos e bateu na entrada da \u00e1rea. Marcelo segurou firme no canto esquerdo. Aos 37, em um r\u00e1pido contra-ataque, Nen\u00ea fez linda jogada e enfiou, pelo alto, para Rodrigo, livre na \u00e1rea. Sem \u00e2ngulo, o zagueiro bateu forte para fora. Dois minutos depois, Nen\u00ea bateu falta na lateral da \u00e1rea, a bola desviou na cabe\u00e7a de Maicon e acertou em cheio o travess\u00e3o de Marcelo Grohe.<\/p>\n<p>O primeiro tempo deixou um sabor um pouco amargo para o Vasco, que foi incisivo e jogou bem, mas n\u00e3o teve sucesso nas finaliza\u00e7\u00f5es.<\/p>\n<p>Na segunda etapa, o clube de S\u00e3o Janu\u00e1rio voltou com o mesmo \u00edmpeto. Logo aos 4 minutos, Jorge Henrique cruzou na \u00e1rea e Julio dos Santos escorou de peito para Nen\u00ea, que bateu de primeira. Marcelo Grohe fez excelente defesa em dois tempos.<\/p>\n<p>O Gr\u00eamio acordou na partida aos nove minutos, quando Mart\u00edn Silva fez \u00f3tima defesa em chute forte de fora da \u00e1rea de Giuliano. Em seguida, aos 12, Maicon finalizou bem de fora da \u00e1rea e a bola bateu nas redes laterais da meta. O jogo ficou aberto. O Vasco buscou obsessivamente seu gol e os ga\u00fachos aproveitaram os espa\u00e7os. Aos 21, Douglas lan\u00e7ou Pedro Rocha, mas o atacante se enrolou e recuou a bola para o goleiro. Aos 24, Maicon ficou cara a cara com Martin Silva, que defendeu com o p\u00e9 o chute do meia e salvou os cariocas.<\/p>\n<p>Com o tempo, a equipe cruzmaltina sentiu muito fisicamente e arrefeceu o ritmo. Os visitantes aproveitaram para pressionar. Aos 42, Everton cruzou na cabe\u00e7a de Fernandinho, que cabeceou mas a bola foi para fora. No minuto seguinte, Everton limpou a jogada pelo meio e chutou no canto esquerdo. Mart\u00edn Silva espalmou novamente. O jogo continuou em ritmo ofensivo at\u00e9 o final, mas nenhuma das equipes transformou as oportunidades em gols.<\/p>\n<p><img loading=\"lazy\" decoding=\"async\" class=\"alignnone size-full wp-image-70065\" src=\"http:\/\/www.notibras.com\/site\/wp-content\/uploads\/2015\/10\/estadao.png\" alt=\"estadao\" width=\"99\" height=\"16\" \/><\/p>\n","protected":false},"excerpt":{"rendered":"<p>N\u00e3o foi suficiente. Apesar de jogar bem no Maracan\u00e3, o Vasco empatou com o Gr\u00eamio por 0 a 0 neste domingo pela 32\u00aa rodada do Campeonato Brasileiro. As equipes protagonizaram um duelo ofensivo com muitas finaliza\u00e7\u00f5es para ambos os lados. Os cariocas, pela situa\u00e7\u00e3o dram\u00e1tica no Brasileir\u00e3o, pressionaram os visitantes e tiveram bom volume de [&hellip;]<\/p>\n","protected":false},"author":2,"featured_media":72884,"comment_status":"open","ping_status":"closed","sticky":false,"template":"","format":"standard","meta":{"_acf_changed":false,"footnotes":""},"categories":[29],"tags":[],"class_list":["post-72883","post","type-post","status-publish","format-standard","has-post-thumbnail","hentry","category-futebol"],"acf":[],"yoast_head":"<!-- This site is optimized with the Yoast SEO plugin v27.2 - https:\/\/yoast.com\/product\/yoast-seo-wordpress\/ -->\n<title>Vasco para na retranca do Gr\u00eamio, fica no 0 a 0 e mant\u00e9m a lanterna na m\u00e3o - Notibras<\/title>\n<meta name=\"robots\" content=\"index, follow, max-snippet:-1, max-image-preview:large, max-video-preview:-1\" \/>\n<link rel=\"canonical\" href=\"https:\/\/www.notibras.com\/site\/vasco-para-na-retranca-do-gremio-fica-no-0-a-0-e-continua-segurando-a-lanterna\/\" \/>\n<meta property=\"og:locale\" content=\"pt_BR\" \/>\n<meta property=\"og:type\" content=\"article\" \/>\n<meta property=\"og:title\" content=\"Vasco para na retranca do Gr\u00eamio, fica no 0 a 0 e mant\u00e9m a lanterna na m\u00e3o - Notibras\" \/>\n<meta property=\"og:description\" content=\"N\u00e3o foi suficiente. Apesar de jogar bem no Maracan\u00e3, o Vasco empatou com o Gr\u00eamio por 0 a 0 neste domingo pela 32\u00aa rodada do Campeonato Brasileiro. As equipes protagonizaram um duelo ofensivo com muitas finaliza\u00e7\u00f5es para ambos os lados. Os cariocas, pela situa\u00e7\u00e3o dram\u00e1tica no Brasileir\u00e3o, pressionaram os visitantes e tiveram bom volume de [&hellip;]\" \/>\n<meta property=\"og:url\" content=\"https:\/\/www.notibras.com\/site\/vasco-para-na-retranca-do-gremio-fica-no-0-a-0-e-continua-segurando-a-lanterna\/\" \/>\n<meta property=\"og:site_name\" content=\"Notibras\" \/>\n<meta property=\"article:publisher\" content=\"https:\/\/www.facebook.com\/notibras\/\" \/>\n<meta property=\"article:published_time\" content=\"2015-10-25T21:19:35+00:00\" \/>\n<meta property=\"article:modified_time\" content=\"2015-10-26T12:03:34+00:00\" \/>\n<meta property=\"og:image\" content=\"https:\/\/www.notibras.com\/site\/wp-content\/uploads\/2015\/10\/vas25.jpg\" \/>\n\t<meta property=\"og:image:width\" content=\"645\" \/>\n\t<meta property=\"og:image:height\" content=\"255\" \/>\n\t<meta property=\"og:image:type\" content=\"image\/jpeg\" \/>\n<meta name=\"author\" content=\"Reda\u00e7\u00e3o\" \/>\n<meta name=\"twitter:card\" content=\"summary_large_image\" \/>\n<meta name=\"twitter:creator\" content=\"@Notibras\" \/>\n<meta name=\"twitter:site\" content=\"@Notibras\" \/>\n<meta name=\"twitter:label1\" content=\"Escrito por\" \/>\n\t<meta name=\"twitter:data1\" content=\"Reda\u00e7\u00e3o\" \/>\n\t<meta name=\"twitter:label2\" content=\"Est. tempo de leitura\" \/>\n\t<meta name=\"twitter:data2\" content=\"3 minutos\" \/>\n<script type=\"application\/ld+json\" class=\"yoast-schema-graph\">{\"@context\":\"https:\/\/schema.org\",\"@graph\":[{\"@type\":\"Article\",\"@id\":\"https:\/\/www.notibras.com\/site\/vasco-para-na-retranca-do-gremio-fica-no-0-a-0-e-continua-segurando-a-lanterna\/#article\",\"isPartOf\":{\"@id\":\"https:\/\/www.notibras.com\/site\/vasco-para-na-retranca-do-gremio-fica-no-0-a-0-e-continua-segurando-a-lanterna\/\"},\"author\":{\"name\":\"Reda\u00e7\u00e3o\",\"@id\":\"https:\/\/www.notibras.com\/site\/#\/schema\/person\/36ab0979449956132d3e5b517ea76ac8\"},\"headline\":\"Vasco para na retranca do Gr\u00eamio, fica no 0 a 0 e mant\u00e9m a lanterna na m\u00e3o\",\"datePublished\":\"2015-10-25T21:19:35+00:00\",\"dateModified\":\"2015-10-26T12:03:34+00:00\",\"mainEntityOfPage\":{\"@id\":\"https:\/\/www.notibras.com\/site\/vasco-para-na-retranca-do-gremio-fica-no-0-a-0-e-continua-segurando-a-lanterna\/\"},\"wordCount\":546,\"commentCount\":0,\"publisher\":{\"@id\":\"https:\/\/www.notibras.com\/site\/#organization\"},\"image\":{\"@id\":\"https:\/\/www.notibras.com\/site\/vasco-para-na-retranca-do-gremio-fica-no-0-a-0-e-continua-segurando-a-lanterna\/#primaryimage\"},\"thumbnailUrl\":\"https:\/\/www.notibras.com\/site\/wp-content\/uploads\/2015\/10\/vas25.jpg\",\"articleSection\":[\"Futebol\"],\"inLanguage\":\"pt-BR\",\"potentialAction\":[{\"@type\":\"CommentAction\",\"name\":\"Comment\",\"target\":[\"https:\/\/www.notibras.com\/site\/vasco-para-na-retranca-do-gremio-fica-no-0-a-0-e-continua-segurando-a-lanterna\/#respond\"]}]},{\"@type\":\"WebPage\",\"@id\":\"https:\/\/www.notibras.com\/site\/vasco-para-na-retranca-do-gremio-fica-no-0-a-0-e-continua-segurando-a-lanterna\/\",\"url\":\"https:\/\/www.notibras.com\/site\/vasco-para-na-retranca-do-gremio-fica-no-0-a-0-e-continua-segurando-a-lanterna\/\",\"name\":\"Vasco para na retranca do Gr\u00eamio, fica no 0 a 0 e mant\u00e9m a lanterna na m\u00e3o - Notibras\",\"isPartOf\":{\"@id\":\"https:\/\/www.notibras.com\/site\/#website\"},\"primaryImageOfPage\":{\"@id\":\"https:\/\/www.notibras.com\/site\/vasco-para-na-retranca-do-gremio-fica-no-0-a-0-e-continua-segurando-a-lanterna\/#primaryimage\"},\"image\":{\"@id\":\"https:\/\/www.notibras.com\/site\/vasco-para-na-retranca-do-gremio-fica-no-0-a-0-e-continua-segurando-a-lanterna\/#primaryimage\"},\"thumbnailUrl\":\"https:\/\/www.notibras.com\/site\/wp-content\/uploads\/2015\/10\/vas25.jpg\",\"datePublished\":\"2015-10-25T21:19:35+00:00\",\"dateModified\":\"2015-10-26T12:03:34+00:00\",\"breadcrumb\":{\"@id\":\"https:\/\/www.notibras.com\/site\/vasco-para-na-retranca-do-gremio-fica-no-0-a-0-e-continua-segurando-a-lanterna\/#breadcrumb\"},\"inLanguage\":\"pt-BR\",\"potentialAction\":[{\"@type\":\"ReadAction\",\"target\":[\"https:\/\/www.notibras.com\/site\/vasco-para-na-retranca-do-gremio-fica-no-0-a-0-e-continua-segurando-a-lanterna\/\"]}]},{\"@type\":\"ImageObject\",\"inLanguage\":\"pt-BR\",\"@id\":\"https:\/\/www.notibras.com\/site\/vasco-para-na-retranca-do-gremio-fica-no-0-a-0-e-continua-segurando-a-lanterna\/#primaryimage\",\"url\":\"https:\/\/www.notibras.com\/site\/wp-content\/uploads\/2015\/10\/vas25.jpg\",\"contentUrl\":\"https:\/\/www.notibras.com\/site\/wp-content\/uploads\/2015\/10\/vas25.jpg\",\"width\":645,\"height\":255},{\"@type\":\"BreadcrumbList\",\"@id\":\"https:\/\/www.notibras.com\/site\/vasco-para-na-retranca-do-gremio-fica-no-0-a-0-e-continua-segurando-a-lanterna\/#breadcrumb\",\"itemListElement\":[{\"@type\":\"ListItem\",\"position\":1,\"name\":\"In\u00edcio\",\"item\":\"https:\/\/www.notibras.com\/site\/\"},{\"@type\":\"ListItem\",\"position\":2,\"name\":\"Vasco para na retranca do Gr\u00eamio, fica no 0 a 0 e mant\u00e9m a lanterna na m\u00e3o\"}]},{\"@type\":\"WebSite\",\"@id\":\"https:\/\/www.notibras.com\/site\/#website\",\"url\":\"https:\/\/www.notibras.com\/site\/\",\"name\":\"Notibras\",\"description\":\"Not\u00edcias de Bras\u00edlia, do Brasil e do Mundo\",\"publisher\":{\"@id\":\"https:\/\/www.notibras.com\/site\/#organization\"},\"potentialAction\":[{\"@type\":\"SearchAction\",\"target\":{\"@type\":\"EntryPoint\",\"urlTemplate\":\"https:\/\/www.notibras.com\/site\/?s={search_term_string}\"},\"query-input\":{\"@type\":\"PropertyValueSpecification\",\"valueRequired\":true,\"valueName\":\"search_term_string\"}}],\"inLanguage\":\"pt-BR\"},{\"@type\":\"Organization\",\"@id\":\"https:\/\/www.notibras.com\/site\/#organization\",\"name\":\"Grupo Notibras de Comunica\u00e7\u00e3o\",\"url\":\"https:\/\/www.notibras.com\/site\/\",\"logo\":{\"@type\":\"ImageObject\",\"inLanguage\":\"pt-BR\",\"@id\":\"https:\/\/www.notibras.com\/site\/#\/schema\/logo\/image\/\",\"url\":\"https:\/\/www.notibras.com\/site\/wp-content\/uploads\/2023\/01\/notibras23.png\",\"contentUrl\":\"https:\/\/www.notibras.com\/site\/wp-content\/uploads\/2023\/01\/notibras23.png\",\"width\":350,\"height\":87,\"caption\":\"Grupo Notibras de Comunica\u00e7\u00e3o\"},\"image\":{\"@id\":\"https:\/\/www.notibras.com\/site\/#\/schema\/logo\/image\/\"},\"sameAs\":[\"https:\/\/www.facebook.com\/notibras\/\",\"https:\/\/x.com\/Notibras\",\"https:\/\/www.instagram.com\/notibras\/\"]},{\"@type\":\"Person\",\"@id\":\"https:\/\/www.notibras.com\/site\/#\/schema\/person\/36ab0979449956132d3e5b517ea76ac8\",\"name\":\"Reda\u00e7\u00e3o\",\"image\":{\"@type\":\"ImageObject\",\"inLanguage\":\"pt-BR\",\"@id\":\"https:\/\/secure.gravatar.com\/avatar\/e0a867bdedb85fd243eadf09663511f96fc81e0720a4a42581f334ad4303aa6b?s=96&d=mm&r=g\",\"url\":\"https:\/\/secure.gravatar.com\/avatar\/e0a867bdedb85fd243eadf09663511f96fc81e0720a4a42581f334ad4303aa6b?s=96&d=mm&r=g\",\"contentUrl\":\"https:\/\/secure.gravatar.com\/avatar\/e0a867bdedb85fd243eadf09663511f96fc81e0720a4a42581f334ad4303aa6b?s=96&d=mm&r=g\",\"caption\":\"Reda\u00e7\u00e3o\"}}]}<\/script>\n<!-- \/ Yoast SEO plugin. -->","yoast_head_json":{"title":"Vasco para na retranca do Gr\u00eamio, fica no 0 a 0 e mant\u00e9m a lanterna na m\u00e3o - Notibras","robots":{"index":"index","follow":"follow","max-snippet":"max-snippet:-1","max-image-preview":"max-image-preview:large","max-video-preview":"max-video-preview:-1"},"canonical":"https:\/\/www.notibras.com\/site\/vasco-para-na-retranca-do-gremio-fica-no-0-a-0-e-continua-segurando-a-lanterna\/","og_locale":"pt_BR","og_type":"article","og_title":"Vasco para na retranca do Gr\u00eamio, fica no 0 a 0 e mant\u00e9m a lanterna na m\u00e3o - Notibras","og_description":"N\u00e3o foi suficiente. Apesar de jogar bem no Maracan\u00e3, o Vasco empatou com o Gr\u00eamio por 0 a 0 neste domingo pela 32\u00aa rodada do Campeonato Brasileiro. As equipes protagonizaram um duelo ofensivo com muitas finaliza\u00e7\u00f5es para ambos os lados. Os cariocas, pela situa\u00e7\u00e3o dram\u00e1tica no Brasileir\u00e3o, pressionaram os visitantes e tiveram bom volume de [&hellip;]","og_url":"https:\/\/www.notibras.com\/site\/vasco-para-na-retranca-do-gremio-fica-no-0-a-0-e-continua-segurando-a-lanterna\/","og_site_name":"Notibras","article_publisher":"https:\/\/www.facebook.com\/notibras\/","article_published_time":"2015-10-25T21:19:35+00:00","article_modified_time":"2015-10-26T12:03:34+00:00","og_image":[{"width":645,"height":255,"url":"https:\/\/www.notibras.com\/site\/wp-content\/uploads\/2015\/10\/vas25.jpg","type":"image\/jpeg"}],"author":"Reda\u00e7\u00e3o","twitter_card":"summary_large_image","twitter_creator":"@Notibras","twitter_site":"@Notibras","twitter_misc":{"Escrito por":"Reda\u00e7\u00e3o","Est. tempo de leitura":"3 minutos"},"schema":{"@context":"https:\/\/schema.org","@graph":[{"@type":"Article","@id":"https:\/\/www.notibras.com\/site\/vasco-para-na-retranca-do-gremio-fica-no-0-a-0-e-continua-segurando-a-lanterna\/#article","isPartOf":{"@id":"https:\/\/www.notibras.com\/site\/vasco-para-na-retranca-do-gremio-fica-no-0-a-0-e-continua-segurando-a-lanterna\/"},"author":{"name":"Reda\u00e7\u00e3o","@id":"https:\/\/www.notibras.com\/site\/#\/schema\/person\/36ab0979449956132d3e5b517ea76ac8"},"headline":"Vasco para na retranca do Gr\u00eamio, fica no 0 a 0 e mant\u00e9m a lanterna na m\u00e3o","datePublished":"2015-10-25T21:19:35+00:00","dateModified":"2015-10-26T12:03:34+00:00","mainEntityOfPage":{"@id":"https:\/\/www.notibras.com\/site\/vasco-para-na-retranca-do-gremio-fica-no-0-a-0-e-continua-segurando-a-lanterna\/"},"wordCount":546,"commentCount":0,"publisher":{"@id":"https:\/\/www.notibras.com\/site\/#organization"},"image":{"@id":"https:\/\/www.notibras.com\/site\/vasco-para-na-retranca-do-gremio-fica-no-0-a-0-e-continua-segurando-a-lanterna\/#primaryimage"},"thumbnailUrl":"https:\/\/www.notibras.com\/site\/wp-content\/uploads\/2015\/10\/vas25.jpg","articleSection":["Futebol"],"inLanguage":"pt-BR","potentialAction":[{"@type":"CommentAction","name":"Comment","target":["https:\/\/www.notibras.com\/site\/vasco-para-na-retranca-do-gremio-fica-no-0-a-0-e-continua-segurando-a-lanterna\/#respond"]}]},{"@type":"WebPage","@id":"https:\/\/www.notibras.com\/site\/vasco-para-na-retranca-do-gremio-fica-no-0-a-0-e-continua-segurando-a-lanterna\/","url":"https:\/\/www.notibras.com\/site\/vasco-para-na-retranca-do-gremio-fica-no-0-a-0-e-continua-segurando-a-lanterna\/","name":"Vasco para na retranca do Gr\u00eamio, fica no 0 a 0 e mant\u00e9m a lanterna na m\u00e3o - Notibras","isPartOf":{"@id":"https:\/\/www.notibras.com\/site\/#website"},"primaryImageOfPage":{"@id":"https:\/\/www.notibras.com\/site\/vasco-para-na-retranca-do-gremio-fica-no-0-a-0-e-continua-segurando-a-lanterna\/#primaryimage"},"image":{"@id":"https:\/\/www.notibras.com\/site\/vasco-para-na-retranca-do-gremio-fica-no-0-a-0-e-continua-segurando-a-lanterna\/#primaryimage"},"thumbnailUrl":"https:\/\/www.notibras.com\/site\/wp-content\/uploads\/2015\/10\/vas25.jpg","datePublished":"2015-10-25T21:19:35+00:00","dateModified":"2015-10-26T12:03:34+00:00","breadcrumb":{"@id":"https:\/\/www.notibras.com\/site\/vasco-para-na-retranca-do-gremio-fica-no-0-a-0-e-continua-segurando-a-lanterna\/#breadcrumb"},"inLanguage":"pt-BR","potentialAction":[{"@type":"ReadAction","target":["https:\/\/www.notibras.com\/site\/vasco-para-na-retranca-do-gremio-fica-no-0-a-0-e-continua-segurando-a-lanterna\/"]}]},{"@type":"ImageObject","inLanguage":"pt-BR","@id":"https:\/\/www.notibras.com\/site\/vasco-para-na-retranca-do-gremio-fica-no-0-a-0-e-continua-segurando-a-lanterna\/#primaryimage","url":"https:\/\/www.notibras.com\/site\/wp-content\/uploads\/2015\/10\/vas25.jpg","contentUrl":"https:\/\/www.notibras.com\/site\/wp-content\/uploads\/2015\/10\/vas25.jpg","width":645,"height":255},{"@type":"BreadcrumbList","@id":"https:\/\/www.notibras.com\/site\/vasco-para-na-retranca-do-gremio-fica-no-0-a-0-e-continua-segurando-a-lanterna\/#breadcrumb","itemListElement":[{"@type":"ListItem","position":1,"name":"In\u00edcio","item":"https:\/\/www.notibras.com\/site\/"},{"@type":"ListItem","position":2,"name":"Vasco para na retranca do Gr\u00eamio, fica no 0 a 0 e mant\u00e9m a lanterna na m\u00e3o"}]},{"@type":"WebSite","@id":"https:\/\/www.notibras.com\/site\/#website","url":"https:\/\/www.notibras.com\/site\/","name":"Notibras","description":"Not\u00edcias de Bras\u00edlia, do Brasil e do Mundo","publisher":{"@id":"https:\/\/www.notibras.com\/site\/#organization"},"potentialAction":[{"@type":"SearchAction","target":{"@type":"EntryPoint","urlTemplate":"https:\/\/www.notibras.com\/site\/?s={search_term_string}"},"query-input":{"@type":"PropertyValueSpecification","valueRequired":true,"valueName":"search_term_string"}}],"inLanguage":"pt-BR"},{"@type":"Organization","@id":"https:\/\/www.notibras.com\/site\/#organization","name":"Grupo Notibras de Comunica\u00e7\u00e3o","url":"https:\/\/www.notibras.com\/site\/","logo":{"@type":"ImageObject","inLanguage":"pt-BR","@id":"https:\/\/www.notibras.com\/site\/#\/schema\/logo\/image\/","url":"https:\/\/www.notibras.com\/site\/wp-content\/uploads\/2023\/01\/notibras23.png","contentUrl":"https:\/\/www.notibras.com\/site\/wp-content\/uploads\/2023\/01\/notibras23.png","width":350,"height":87,"caption":"Grupo Notibras de Comunica\u00e7\u00e3o"},"image":{"@id":"https:\/\/www.notibras.com\/site\/#\/schema\/logo\/image\/"},"sameAs":["https:\/\/www.facebook.com\/notibras\/","https:\/\/x.com\/Notibras","https:\/\/www.instagram.com\/notibras\/"]},{"@type":"Person","@id":"https:\/\/www.notibras.com\/site\/#\/schema\/person\/36ab0979449956132d3e5b517ea76ac8","name":"Reda\u00e7\u00e3o","image":{"@type":"ImageObject","inLanguage":"pt-BR","@id":"https:\/\/secure.gravatar.com\/avatar\/e0a867bdedb85fd243eadf09663511f96fc81e0720a4a42581f334ad4303aa6b?s=96&d=mm&r=g","url":"https:\/\/secure.gravatar.com\/avatar\/e0a867bdedb85fd243eadf09663511f96fc81e0720a4a42581f334ad4303aa6b?s=96&d=mm&r=g","contentUrl":"https:\/\/secure.gravatar.com\/avatar\/e0a867bdedb85fd243eadf09663511f96fc81e0720a4a42581f334ad4303aa6b?s=96&d=mm&r=g","caption":"Reda\u00e7\u00e3o"}}]}},"amp_enabled":true,"_links":{"self":[{"href":"https:\/\/www.notibras.com\/site\/wp-json\/wp\/v2\/posts\/72883","targetHints":{"allow":["GET"]}}],"collection":[{"href":"https:\/\/www.notibras.com\/site\/wp-json\/wp\/v2\/posts"}],"about":[{"href":"https:\/\/www.notibras.com\/site\/wp-json\/wp\/v2\/types\/post"}],"author":[{"embeddable":true,"href":"https:\/\/www.notibras.com\/site\/wp-json\/wp\/v2\/users\/2"}],"replies":[{"embeddable":true,"href":"https:\/\/www.notibras.com\/site\/wp-json\/wp\/v2\/comments?post=72883"}],"version-history":[{"count":2,"href":"https:\/\/www.notibras.com\/site\/wp-json\/wp\/v2\/posts\/72883\/revisions"}],"predecessor-version":[{"id":72886,"href":"https:\/\/www.notibras.com\/site\/wp-json\/wp\/v2\/posts\/72883\/revisions\/72886"}],"wp:featuredmedia":[{"embeddable":true,"href":"https:\/\/www.notibras.com\/site\/wp-json\/wp\/v2\/media\/72884"}],"wp:attachment":[{"href":"https:\/\/www.notibras.com\/site\/wp-json\/wp\/v2\/media?parent=72883"}],"wp:term":[{"taxonomy":"category","embeddable":true,"href":"https:\/\/www.notibras.com\/site\/wp-json\/wp\/v2\/categories?post=72883"},{"taxonomy":"post_tag","embeddable":true,"href":"https:\/\/www.notibras.com\/site\/wp-json\/wp\/v2\/tags?post=72883"}],"curies":[{"name":"wp","href":"https:\/\/api.w.org\/{rel}","templated":true}]}}