{"id":72887,"date":"2015-10-25T19:17:45","date_gmt":"2015-10-25T21:17:45","guid":{"rendered":"http:\/\/www.notibras.com\/site\/?p=72887"},"modified":"2015-10-26T10:02:59","modified_gmt":"2015-10-26T12:02:59","slug":"sao-paulo-derrota-coritiba-com-gols-de-kardec-e-pato-e-esquenta-briga-pelo-g-4","status":"publish","type":"post","link":"https:\/\/www.notibras.com\/site\/sao-paulo-derrota-coritiba-com-gols-de-kardec-e-pato-e-esquenta-briga-pelo-g-4\/","title":{"rendered":"S\u00e3o Paulo derrota Coritiba com gols de Kardec e Pato e esquenta a briga pelo G-4"},"content":{"rendered":"<p>A vit\u00f3ria do S\u00e3o Paulo sobre o Coritiba por 2 a 1, fora de casa, foi triplamente positiva. A equipe chegou aos 50 pontos e est\u00e1 viva na briga pela \u00faltima vaga da Libertadores. A pontua\u00e7\u00e3o \u00e9 a mesma do Santos &#8211; nos crit\u00e9rios de desempate, o S\u00e3o Paulo est\u00e1 em quinto lugar. O triunfo, o quinto fora de casa, representa um alento para o jogo contra o Santos, quarta-feira, na Vila Belmiro, pela Copa do Brasil. Por fim, Doriva conseguiu sua primeira vit\u00f3ria como t\u00e9cnico no Morumbi.<\/p>\n<p>J\u00e1 para o Coritiba, a nova derrota fez a equipe fechar a 32\u00aa rodada no 17\u00ba lugar, encabe\u00e7ando a zona de rebaixamento, com 33 pontos.<\/p>\n<p>As duas defesas mostraram muitos problemas no in\u00edcio de jogo. Erros de passe na sa\u00edda de bola ou de posicionamento deixaram o jogo aberto, l\u00e1 e c\u00e1. Aos 9, Kleber perdeu grande chance para o Coritiba chutando em cima de Rog\u00e9rio Ceni. Tr\u00eas minutos depois foi a vez de Pato cometer exatamente o mesmo erro pelo S\u00e3o Paulo<\/p>\n<p>Sem uma muralha intranspon\u00edvel pela frente, o S\u00e3o Paulo usou o talento individual para abrir o placar. Com bela vis\u00e3o de jogo, Ganso lan\u00e7ou Kardec, que chutou cruzado aos 24. Foi seu primeiro gol no Campeonato Brasileiro &#8211; ele ficou seis meses parado em recupera\u00e7\u00e3o de uma cirurgia no joelho direito.<\/p>\n<p>Com a vantagem, o S\u00e3o Paulo tomou conta da partida. Visivelmente nervoso e pressionado pela sequ\u00eancia de quatro jogos sem vit\u00f3ria e o risco de rebaixamento, o Coritiba sofreu para criar mais chances. Vivia apenas dos erros defensivos do S\u00e3o Paulo. Eles apareceram de novo aos 27, quando Henrique driblou Rodrigo Caio e chutou firme. Rog\u00e9rio Ceni salvou mais uma vez.<\/p>\n<p>Aos 45 foi a vez de o pr\u00f3prio goleiro s\u00e3o-paulino falhar. Ele vacilou um d\u00e9cimo, por causa da vis\u00e3o encoberta, e permitiu que o chute alto de C\u00e1ceres entrasse no canto esquerdo.<\/p>\n<p>Os vazamentos defensivos foram vedados no segundo tempo, e o jogo ficou mais travado no meio campo. As chances rarearam. A exemplo do que acontece na maioria das partidas, o S\u00e3o Paulo teve mais posse de bola, mas foi pouco agressivo. Rodou a bola de um lado para o outro, mas parecia ter gastado todas as finaliza\u00e7\u00f5es na etapa inicial.<\/p>\n<p>Foi Alexandre Pato, artilheiro do time na temporada, quem quebrou essa escrita. Depois de uma atua\u00e7\u00e3o discreta, com um lance bom, outro ali, o atacante teve um lampejo de craque. Tramou com Ganso na entrada da \u00e1rea e acertou um belo chute de perna esquerda no \u00e2ngulo: 2 a 1.<\/p>\n<p>A partida pendeu ainda mais para o lado s\u00e3o-paulino quando o atacante Henrique foi expulso. Com mais posse de bola e um homem a mais, o S\u00e3o Paulo estava com a faca e o queijo nas m\u00e3os. E poderia ter matado o jogo com Alexandre Pato aos 38, mas o atacante perdeu a chance. Inst\u00e1vel, foi pressionado at\u00e9 o \u00faltimo lance.<\/p>\n<p><img loading=\"lazy\" decoding=\"async\" class=\"alignnone size-full wp-image-70065\" src=\"http:\/\/www.notibras.com\/site\/wp-content\/uploads\/2015\/10\/estadao.png\" alt=\"estadao\" width=\"99\" height=\"16\" \/><\/p>\n","protected":false},"excerpt":{"rendered":"<p>A vit\u00f3ria do S\u00e3o Paulo sobre o Coritiba por 2 a 1, fora de casa, foi triplamente positiva. A equipe chegou aos 50 pontos e est\u00e1 viva na briga pela \u00faltima vaga da Libertadores. A pontua\u00e7\u00e3o \u00e9 a mesma do Santos &#8211; nos crit\u00e9rios de desempate, o S\u00e3o Paulo est\u00e1 em quinto lugar. O triunfo, [&hellip;]<\/p>\n","protected":false},"author":2,"featured_media":72888,"comment_status":"open","ping_status":"closed","sticky":false,"template":"","format":"standard","meta":{"_acf_changed":false,"footnotes":""},"categories":[29],"tags":[],"class_list":["post-72887","post","type-post","status-publish","format-standard","has-post-thumbnail","hentry","category-futebol"],"acf":[],"yoast_head":"<!-- This site is optimized with the Yoast SEO plugin v27.2 - https:\/\/yoast.com\/product\/yoast-seo-wordpress\/ -->\n<title>S\u00e3o Paulo derrota Coritiba com gols de Kardec e Pato e esquenta a briga pelo G-4 - Notibras<\/title>\n<meta name=\"robots\" content=\"index, follow, max-snippet:-1, max-image-preview:large, max-video-preview:-1\" \/>\n<link rel=\"canonical\" href=\"https:\/\/www.notibras.com\/site\/sao-paulo-derrota-coritiba-com-gols-de-kardec-e-pato-e-esquenta-briga-pelo-g-4\/\" \/>\n<meta property=\"og:locale\" content=\"pt_BR\" \/>\n<meta property=\"og:type\" content=\"article\" \/>\n<meta property=\"og:title\" content=\"S\u00e3o Paulo derrota Coritiba com gols de Kardec e Pato e esquenta a briga pelo G-4 - Notibras\" \/>\n<meta property=\"og:description\" content=\"A vit\u00f3ria do S\u00e3o Paulo sobre o Coritiba por 2 a 1, fora de casa, foi triplamente positiva. A equipe chegou aos 50 pontos e est\u00e1 viva na briga pela \u00faltima vaga da Libertadores. A pontua\u00e7\u00e3o \u00e9 a mesma do Santos &#8211; nos crit\u00e9rios de desempate, o S\u00e3o Paulo est\u00e1 em quinto lugar. O triunfo, [&hellip;]\" \/>\n<meta property=\"og:url\" content=\"https:\/\/www.notibras.com\/site\/sao-paulo-derrota-coritiba-com-gols-de-kardec-e-pato-e-esquenta-briga-pelo-g-4\/\" \/>\n<meta property=\"og:site_name\" content=\"Notibras\" \/>\n<meta property=\"article:publisher\" content=\"https:\/\/www.facebook.com\/notibras\/\" \/>\n<meta property=\"article:published_time\" content=\"2015-10-25T21:17:45+00:00\" \/>\n<meta property=\"article:modified_time\" content=\"2015-10-26T12:02:59+00:00\" \/>\n<meta property=\"og:image\" content=\"https:\/\/www.notibras.com\/site\/wp-content\/uploads\/2015\/10\/sp25.jpg\" \/>\n\t<meta property=\"og:image:width\" content=\"585\" \/>\n\t<meta property=\"og:image:height\" content=\"395\" \/>\n\t<meta property=\"og:image:type\" content=\"image\/jpeg\" \/>\n<meta name=\"author\" content=\"Reda\u00e7\u00e3o\" \/>\n<meta name=\"twitter:card\" content=\"summary_large_image\" \/>\n<meta name=\"twitter:creator\" content=\"@Notibras\" \/>\n<meta name=\"twitter:site\" content=\"@Notibras\" \/>\n<meta name=\"twitter:label1\" content=\"Escrito por\" \/>\n\t<meta name=\"twitter:data1\" content=\"Reda\u00e7\u00e3o\" \/>\n\t<meta name=\"twitter:label2\" content=\"Est. tempo de leitura\" \/>\n\t<meta name=\"twitter:data2\" content=\"3 minutos\" \/>\n<script type=\"application\/ld+json\" class=\"yoast-schema-graph\">{\"@context\":\"https:\/\/schema.org\",\"@graph\":[{\"@type\":\"Article\",\"@id\":\"https:\/\/www.notibras.com\/site\/sao-paulo-derrota-coritiba-com-gols-de-kardec-e-pato-e-esquenta-briga-pelo-g-4\/#article\",\"isPartOf\":{\"@id\":\"https:\/\/www.notibras.com\/site\/sao-paulo-derrota-coritiba-com-gols-de-kardec-e-pato-e-esquenta-briga-pelo-g-4\/\"},\"author\":{\"name\":\"Reda\u00e7\u00e3o\",\"@id\":\"https:\/\/www.notibras.com\/site\/#\/schema\/person\/36ab0979449956132d3e5b517ea76ac8\"},\"headline\":\"S\u00e3o Paulo derrota Coritiba com gols de Kardec e Pato e esquenta a briga pelo G-4\",\"datePublished\":\"2015-10-25T21:17:45+00:00\",\"dateModified\":\"2015-10-26T12:02:59+00:00\",\"mainEntityOfPage\":{\"@id\":\"https:\/\/www.notibras.com\/site\/sao-paulo-derrota-coritiba-com-gols-de-kardec-e-pato-e-esquenta-briga-pelo-g-4\/\"},\"wordCount\":524,\"commentCount\":0,\"publisher\":{\"@id\":\"https:\/\/www.notibras.com\/site\/#organization\"},\"image\":{\"@id\":\"https:\/\/www.notibras.com\/site\/sao-paulo-derrota-coritiba-com-gols-de-kardec-e-pato-e-esquenta-briga-pelo-g-4\/#primaryimage\"},\"thumbnailUrl\":\"https:\/\/www.notibras.com\/site\/wp-content\/uploads\/2015\/10\/sp25.jpg\",\"articleSection\":[\"Futebol\"],\"inLanguage\":\"pt-BR\",\"potentialAction\":[{\"@type\":\"CommentAction\",\"name\":\"Comment\",\"target\":[\"https:\/\/www.notibras.com\/site\/sao-paulo-derrota-coritiba-com-gols-de-kardec-e-pato-e-esquenta-briga-pelo-g-4\/#respond\"]}]},{\"@type\":\"WebPage\",\"@id\":\"https:\/\/www.notibras.com\/site\/sao-paulo-derrota-coritiba-com-gols-de-kardec-e-pato-e-esquenta-briga-pelo-g-4\/\",\"url\":\"https:\/\/www.notibras.com\/site\/sao-paulo-derrota-coritiba-com-gols-de-kardec-e-pato-e-esquenta-briga-pelo-g-4\/\",\"name\":\"S\u00e3o Paulo derrota Coritiba com gols de Kardec e Pato e esquenta a briga pelo G-4 - Notibras\",\"isPartOf\":{\"@id\":\"https:\/\/www.notibras.com\/site\/#website\"},\"primaryImageOfPage\":{\"@id\":\"https:\/\/www.notibras.com\/site\/sao-paulo-derrota-coritiba-com-gols-de-kardec-e-pato-e-esquenta-briga-pelo-g-4\/#primaryimage\"},\"image\":{\"@id\":\"https:\/\/www.notibras.com\/site\/sao-paulo-derrota-coritiba-com-gols-de-kardec-e-pato-e-esquenta-briga-pelo-g-4\/#primaryimage\"},\"thumbnailUrl\":\"https:\/\/www.notibras.com\/site\/wp-content\/uploads\/2015\/10\/sp25.jpg\",\"datePublished\":\"2015-10-25T21:17:45+00:00\",\"dateModified\":\"2015-10-26T12:02:59+00:00\",\"breadcrumb\":{\"@id\":\"https:\/\/www.notibras.com\/site\/sao-paulo-derrota-coritiba-com-gols-de-kardec-e-pato-e-esquenta-briga-pelo-g-4\/#breadcrumb\"},\"inLanguage\":\"pt-BR\",\"potentialAction\":[{\"@type\":\"ReadAction\",\"target\":[\"https:\/\/www.notibras.com\/site\/sao-paulo-derrota-coritiba-com-gols-de-kardec-e-pato-e-esquenta-briga-pelo-g-4\/\"]}]},{\"@type\":\"ImageObject\",\"inLanguage\":\"pt-BR\",\"@id\":\"https:\/\/www.notibras.com\/site\/sao-paulo-derrota-coritiba-com-gols-de-kardec-e-pato-e-esquenta-briga-pelo-g-4\/#primaryimage\",\"url\":\"https:\/\/www.notibras.com\/site\/wp-content\/uploads\/2015\/10\/sp25.jpg\",\"contentUrl\":\"https:\/\/www.notibras.com\/site\/wp-content\/uploads\/2015\/10\/sp25.jpg\",\"width\":585,\"height\":395},{\"@type\":\"BreadcrumbList\",\"@id\":\"https:\/\/www.notibras.com\/site\/sao-paulo-derrota-coritiba-com-gols-de-kardec-e-pato-e-esquenta-briga-pelo-g-4\/#breadcrumb\",\"itemListElement\":[{\"@type\":\"ListItem\",\"position\":1,\"name\":\"In\u00edcio\",\"item\":\"https:\/\/www.notibras.com\/site\/\"},{\"@type\":\"ListItem\",\"position\":2,\"name\":\"S\u00e3o Paulo derrota Coritiba com gols de Kardec e Pato e esquenta a briga pelo G-4\"}]},{\"@type\":\"WebSite\",\"@id\":\"https:\/\/www.notibras.com\/site\/#website\",\"url\":\"https:\/\/www.notibras.com\/site\/\",\"name\":\"Notibras\",\"description\":\"Not\u00edcias de Bras\u00edlia, do Brasil e do Mundo\",\"publisher\":{\"@id\":\"https:\/\/www.notibras.com\/site\/#organization\"},\"potentialAction\":[{\"@type\":\"SearchAction\",\"target\":{\"@type\":\"EntryPoint\",\"urlTemplate\":\"https:\/\/www.notibras.com\/site\/?s={search_term_string}\"},\"query-input\":{\"@type\":\"PropertyValueSpecification\",\"valueRequired\":true,\"valueName\":\"search_term_string\"}}],\"inLanguage\":\"pt-BR\"},{\"@type\":\"Organization\",\"@id\":\"https:\/\/www.notibras.com\/site\/#organization\",\"name\":\"Grupo Notibras de Comunica\u00e7\u00e3o\",\"url\":\"https:\/\/www.notibras.com\/site\/\",\"logo\":{\"@type\":\"ImageObject\",\"inLanguage\":\"pt-BR\",\"@id\":\"https:\/\/www.notibras.com\/site\/#\/schema\/logo\/image\/\",\"url\":\"https:\/\/www.notibras.com\/site\/wp-content\/uploads\/2023\/01\/notibras23.png\",\"contentUrl\":\"https:\/\/www.notibras.com\/site\/wp-content\/uploads\/2023\/01\/notibras23.png\",\"width\":350,\"height\":87,\"caption\":\"Grupo Notibras de Comunica\u00e7\u00e3o\"},\"image\":{\"@id\":\"https:\/\/www.notibras.com\/site\/#\/schema\/logo\/image\/\"},\"sameAs\":[\"https:\/\/www.facebook.com\/notibras\/\",\"https:\/\/x.com\/Notibras\",\"https:\/\/www.instagram.com\/notibras\/\"]},{\"@type\":\"Person\",\"@id\":\"https:\/\/www.notibras.com\/site\/#\/schema\/person\/36ab0979449956132d3e5b517ea76ac8\",\"name\":\"Reda\u00e7\u00e3o\",\"image\":{\"@type\":\"ImageObject\",\"inLanguage\":\"pt-BR\",\"@id\":\"https:\/\/secure.gravatar.com\/avatar\/e0a867bdedb85fd243eadf09663511f96fc81e0720a4a42581f334ad4303aa6b?s=96&d=mm&r=g\",\"url\":\"https:\/\/secure.gravatar.com\/avatar\/e0a867bdedb85fd243eadf09663511f96fc81e0720a4a42581f334ad4303aa6b?s=96&d=mm&r=g\",\"contentUrl\":\"https:\/\/secure.gravatar.com\/avatar\/e0a867bdedb85fd243eadf09663511f96fc81e0720a4a42581f334ad4303aa6b?s=96&d=mm&r=g\",\"caption\":\"Reda\u00e7\u00e3o\"}}]}<\/script>\n<!-- \/ Yoast SEO plugin. -->","yoast_head_json":{"title":"S\u00e3o Paulo derrota Coritiba com gols de Kardec e Pato e esquenta a briga pelo G-4 - Notibras","robots":{"index":"index","follow":"follow","max-snippet":"max-snippet:-1","max-image-preview":"max-image-preview:large","max-video-preview":"max-video-preview:-1"},"canonical":"https:\/\/www.notibras.com\/site\/sao-paulo-derrota-coritiba-com-gols-de-kardec-e-pato-e-esquenta-briga-pelo-g-4\/","og_locale":"pt_BR","og_type":"article","og_title":"S\u00e3o Paulo derrota Coritiba com gols de Kardec e Pato e esquenta a briga pelo G-4 - Notibras","og_description":"A vit\u00f3ria do S\u00e3o Paulo sobre o Coritiba por 2 a 1, fora de casa, foi triplamente positiva. A equipe chegou aos 50 pontos e est\u00e1 viva na briga pela \u00faltima vaga da Libertadores. A pontua\u00e7\u00e3o \u00e9 a mesma do Santos &#8211; nos crit\u00e9rios de desempate, o S\u00e3o Paulo est\u00e1 em quinto lugar. O triunfo, [&hellip;]","og_url":"https:\/\/www.notibras.com\/site\/sao-paulo-derrota-coritiba-com-gols-de-kardec-e-pato-e-esquenta-briga-pelo-g-4\/","og_site_name":"Notibras","article_publisher":"https:\/\/www.facebook.com\/notibras\/","article_published_time":"2015-10-25T21:17:45+00:00","article_modified_time":"2015-10-26T12:02:59+00:00","og_image":[{"width":585,"height":395,"url":"https:\/\/www.notibras.com\/site\/wp-content\/uploads\/2015\/10\/sp25.jpg","type":"image\/jpeg"}],"author":"Reda\u00e7\u00e3o","twitter_card":"summary_large_image","twitter_creator":"@Notibras","twitter_site":"@Notibras","twitter_misc":{"Escrito por":"Reda\u00e7\u00e3o","Est. tempo de leitura":"3 minutos"},"schema":{"@context":"https:\/\/schema.org","@graph":[{"@type":"Article","@id":"https:\/\/www.notibras.com\/site\/sao-paulo-derrota-coritiba-com-gols-de-kardec-e-pato-e-esquenta-briga-pelo-g-4\/#article","isPartOf":{"@id":"https:\/\/www.notibras.com\/site\/sao-paulo-derrota-coritiba-com-gols-de-kardec-e-pato-e-esquenta-briga-pelo-g-4\/"},"author":{"name":"Reda\u00e7\u00e3o","@id":"https:\/\/www.notibras.com\/site\/#\/schema\/person\/36ab0979449956132d3e5b517ea76ac8"},"headline":"S\u00e3o Paulo derrota Coritiba com gols de Kardec e Pato e esquenta a briga pelo G-4","datePublished":"2015-10-25T21:17:45+00:00","dateModified":"2015-10-26T12:02:59+00:00","mainEntityOfPage":{"@id":"https:\/\/www.notibras.com\/site\/sao-paulo-derrota-coritiba-com-gols-de-kardec-e-pato-e-esquenta-briga-pelo-g-4\/"},"wordCount":524,"commentCount":0,"publisher":{"@id":"https:\/\/www.notibras.com\/site\/#organization"},"image":{"@id":"https:\/\/www.notibras.com\/site\/sao-paulo-derrota-coritiba-com-gols-de-kardec-e-pato-e-esquenta-briga-pelo-g-4\/#primaryimage"},"thumbnailUrl":"https:\/\/www.notibras.com\/site\/wp-content\/uploads\/2015\/10\/sp25.jpg","articleSection":["Futebol"],"inLanguage":"pt-BR","potentialAction":[{"@type":"CommentAction","name":"Comment","target":["https:\/\/www.notibras.com\/site\/sao-paulo-derrota-coritiba-com-gols-de-kardec-e-pato-e-esquenta-briga-pelo-g-4\/#respond"]}]},{"@type":"WebPage","@id":"https:\/\/www.notibras.com\/site\/sao-paulo-derrota-coritiba-com-gols-de-kardec-e-pato-e-esquenta-briga-pelo-g-4\/","url":"https:\/\/www.notibras.com\/site\/sao-paulo-derrota-coritiba-com-gols-de-kardec-e-pato-e-esquenta-briga-pelo-g-4\/","name":"S\u00e3o Paulo derrota Coritiba com gols de Kardec e Pato e esquenta a briga pelo G-4 - Notibras","isPartOf":{"@id":"https:\/\/www.notibras.com\/site\/#website"},"primaryImageOfPage":{"@id":"https:\/\/www.notibras.com\/site\/sao-paulo-derrota-coritiba-com-gols-de-kardec-e-pato-e-esquenta-briga-pelo-g-4\/#primaryimage"},"image":{"@id":"https:\/\/www.notibras.com\/site\/sao-paulo-derrota-coritiba-com-gols-de-kardec-e-pato-e-esquenta-briga-pelo-g-4\/#primaryimage"},"thumbnailUrl":"https:\/\/www.notibras.com\/site\/wp-content\/uploads\/2015\/10\/sp25.jpg","datePublished":"2015-10-25T21:17:45+00:00","dateModified":"2015-10-26T12:02:59+00:00","breadcrumb":{"@id":"https:\/\/www.notibras.com\/site\/sao-paulo-derrota-coritiba-com-gols-de-kardec-e-pato-e-esquenta-briga-pelo-g-4\/#breadcrumb"},"inLanguage":"pt-BR","potentialAction":[{"@type":"ReadAction","target":["https:\/\/www.notibras.com\/site\/sao-paulo-derrota-coritiba-com-gols-de-kardec-e-pato-e-esquenta-briga-pelo-g-4\/"]}]},{"@type":"ImageObject","inLanguage":"pt-BR","@id":"https:\/\/www.notibras.com\/site\/sao-paulo-derrota-coritiba-com-gols-de-kardec-e-pato-e-esquenta-briga-pelo-g-4\/#primaryimage","url":"https:\/\/www.notibras.com\/site\/wp-content\/uploads\/2015\/10\/sp25.jpg","contentUrl":"https:\/\/www.notibras.com\/site\/wp-content\/uploads\/2015\/10\/sp25.jpg","width":585,"height":395},{"@type":"BreadcrumbList","@id":"https:\/\/www.notibras.com\/site\/sao-paulo-derrota-coritiba-com-gols-de-kardec-e-pato-e-esquenta-briga-pelo-g-4\/#breadcrumb","itemListElement":[{"@type":"ListItem","position":1,"name":"In\u00edcio","item":"https:\/\/www.notibras.com\/site\/"},{"@type":"ListItem","position":2,"name":"S\u00e3o Paulo derrota Coritiba com gols de Kardec e Pato e esquenta a briga pelo G-4"}]},{"@type":"WebSite","@id":"https:\/\/www.notibras.com\/site\/#website","url":"https:\/\/www.notibras.com\/site\/","name":"Notibras","description":"Not\u00edcias de Bras\u00edlia, do Brasil e do Mundo","publisher":{"@id":"https:\/\/www.notibras.com\/site\/#organization"},"potentialAction":[{"@type":"SearchAction","target":{"@type":"EntryPoint","urlTemplate":"https:\/\/www.notibras.com\/site\/?s={search_term_string}"},"query-input":{"@type":"PropertyValueSpecification","valueRequired":true,"valueName":"search_term_string"}}],"inLanguage":"pt-BR"},{"@type":"Organization","@id":"https:\/\/www.notibras.com\/site\/#organization","name":"Grupo Notibras de Comunica\u00e7\u00e3o","url":"https:\/\/www.notibras.com\/site\/","logo":{"@type":"ImageObject","inLanguage":"pt-BR","@id":"https:\/\/www.notibras.com\/site\/#\/schema\/logo\/image\/","url":"https:\/\/www.notibras.com\/site\/wp-content\/uploads\/2023\/01\/notibras23.png","contentUrl":"https:\/\/www.notibras.com\/site\/wp-content\/uploads\/2023\/01\/notibras23.png","width":350,"height":87,"caption":"Grupo Notibras de Comunica\u00e7\u00e3o"},"image":{"@id":"https:\/\/www.notibras.com\/site\/#\/schema\/logo\/image\/"},"sameAs":["https:\/\/www.facebook.com\/notibras\/","https:\/\/x.com\/Notibras","https:\/\/www.instagram.com\/notibras\/"]},{"@type":"Person","@id":"https:\/\/www.notibras.com\/site\/#\/schema\/person\/36ab0979449956132d3e5b517ea76ac8","name":"Reda\u00e7\u00e3o","image":{"@type":"ImageObject","inLanguage":"pt-BR","@id":"https:\/\/secure.gravatar.com\/avatar\/e0a867bdedb85fd243eadf09663511f96fc81e0720a4a42581f334ad4303aa6b?s=96&d=mm&r=g","url":"https:\/\/secure.gravatar.com\/avatar\/e0a867bdedb85fd243eadf09663511f96fc81e0720a4a42581f334ad4303aa6b?s=96&d=mm&r=g","contentUrl":"https:\/\/secure.gravatar.com\/avatar\/e0a867bdedb85fd243eadf09663511f96fc81e0720a4a42581f334ad4303aa6b?s=96&d=mm&r=g","caption":"Reda\u00e7\u00e3o"}}]}},"amp_enabled":true,"_links":{"self":[{"href":"https:\/\/www.notibras.com\/site\/wp-json\/wp\/v2\/posts\/72887","targetHints":{"allow":["GET"]}}],"collection":[{"href":"https:\/\/www.notibras.com\/site\/wp-json\/wp\/v2\/posts"}],"about":[{"href":"https:\/\/www.notibras.com\/site\/wp-json\/wp\/v2\/types\/post"}],"author":[{"embeddable":true,"href":"https:\/\/www.notibras.com\/site\/wp-json\/wp\/v2\/users\/2"}],"replies":[{"embeddable":true,"href":"https:\/\/www.notibras.com\/site\/wp-json\/wp\/v2\/comments?post=72887"}],"version-history":[{"count":2,"href":"https:\/\/www.notibras.com\/site\/wp-json\/wp\/v2\/posts\/72887\/revisions"}],"predecessor-version":[{"id":72890,"href":"https:\/\/www.notibras.com\/site\/wp-json\/wp\/v2\/posts\/72887\/revisions\/72890"}],"wp:featuredmedia":[{"embeddable":true,"href":"https:\/\/www.notibras.com\/site\/wp-json\/wp\/v2\/media\/72888"}],"wp:attachment":[{"href":"https:\/\/www.notibras.com\/site\/wp-json\/wp\/v2\/media?parent=72887"}],"wp:term":[{"taxonomy":"category","embeddable":true,"href":"https:\/\/www.notibras.com\/site\/wp-json\/wp\/v2\/categories?post=72887"},{"taxonomy":"post_tag","embeddable":true,"href":"https:\/\/www.notibras.com\/site\/wp-json\/wp\/v2\/tags?post=72887"}],"curies":[{"name":"wp","href":"https:\/\/api.w.org\/{rel}","templated":true}]}}