{"id":72894,"date":"2015-10-25T20:07:08","date_gmt":"2015-10-25T22:07:08","guid":{"rendered":"http:\/\/www.notibras.com\/site\/?p=72894"},"modified":"2015-10-26T23:24:07","modified_gmt":"2015-10-27T01:24:07","slug":"samambaia-menina-dos-olhos-de-roriz-faz-26-anos-pedindo-o-velho","status":"publish","type":"post","link":"https:\/\/www.notibras.com\/site\/samambaia-menina-dos-olhos-de-roriz-faz-26-anos-pedindo-o-velho\/","title":{"rendered":"Samambaia, menina dos olhos de Roriz, aos 26 anos pede a volta do &#8216;Velho&#8217;"},"content":{"rendered":"<p>Na Sess\u00e3o Solene realizada no CCI em comemora\u00e7\u00e3o aos 26 anos do anivers\u00e1rio de Samambaia, l\u00edderes e pioneiros celebraram o crescimento da cidade, conhecida como a menina dos Olhos de Roriz. A sess\u00e3o foi dirigida pela vice-presidente da C\u00e2mara Legislativa, herdeira pol\u00edtica do pai, o ex-governador Joaquim Roriz. Ali\u00e1s, Liliane Roriz foi a \u00fanica parlamentar que se prestou a aparecer na homenagem.<\/p>\n<p>Pioneiros que apostaram na cidade pediram a continuidade do progresso de Samambaia, que vive hoje dez meses de total abandono refletido em assaltos, bocas de esgoto estouradas, cal\u00e7adas quebradas\u00a0e nenhuma expectativa de melhora pela Administra\u00e7\u00e3o Regional, que mesmo tendo dado votos para eleger Rodrigo\u00a0Rollemberg, sofre\u00a0como as outras cidades por n\u00e3o ter um administrador com afinidade com a comunidade, dificultando melhorias e o pr\u00f3prio acesso da comuniadde ao seu gabinete de trabalho.<\/p>\n<p>Rollemberg, mesmo prometendo elei\u00e7\u00e3o para as administra\u00e7\u00f5es, aplicou, ap\u00f3s a elei\u00e7\u00e3o, o golpe do &#8220;n\u00e3o deu pra cumprir&#8221;, e vem seguindo a continuidade do sistema de entregar a vaga de administrador e os cargos comissionados para os deputados eleitos. Para Samambaia, claro, essa situa\u00e7\u00e3o representa o fim antecipado da cidade, j\u00e1 que o parlamentar que indicou o administrador, eleito pelo col\u00e9gio eleitoral patrocinado pela Igreja Universal, tamb\u00e9m n\u00e3o \u00e9 bem quisto na\u00a0cidade.<\/p>\n<p>Entre muitas lembran\u00e7as boas do passado e de governos anteriores, o povo lembrou n\u00e3o s\u00f3 das benfeitorias de Roriz, mas tamb\u00e9m da Vila Ol\u00edmpica, que veio com governo Jos\u00e9 Roberto Arruda e \u00e9 sucesso at\u00e9 hoje. A cidade tamb\u00e9m se vangloriava da melhora na sa\u00fade p\u00fablica, com a Upa e cl\u00ednica da Fam\u00edlia que chegaram com o governo de Agnelo Queiroz. Aos poucos, por\u00e9m, as conquistas se esvaem como \u00e1gua que escorre entre dedos.<\/p>\n<p>As muitas reclama\u00e7\u00f5es s\u00e3o dirigidas ao\u00a0governo Rollemberg, que al\u00e9m de n\u00e3o mostrar para o que veio, ainda vem deteriorando o patrim\u00f4nio deixado pelos governos passados. Os pioneiros pediram a deputada Liliane Roriz que Joaquim Roriz, apare\u00e7a no jantar em homenagem aos 26 anos de Samambaia, que ser\u00e1 comemorado por aqueles que muito lutaram pela transforma\u00e7\u00e3o do local, que deixou de ser chamado de assentamento e se tornou uma cidade com qualidade de vida, apesar das dificuldades cotidianas.<\/p>\n<p>Quem tamb\u00e9m foi lembrado na sess\u00e3o foi o ex-vizinho da cidade de Ceil\u00e2ndia, o vice-governador\u00a0Renato Santana (PSD), que para alguns anda vivendo o glamour do cargo e se esquecendo de suas fun\u00e7\u00f5es. Logo ele, que se colocava na campanha &#8216;gente como a gente&#8217; e fez promessas n\u00e3o honradas. O povo, por\u00e9m, por estar esquecido, n\u00e3o esquece de Renato,\u00a0principalmente pelas dificuldades em que se encontram as entidades sociais, que sem condi\u00e7\u00f5es de uso, foram fechadas. Para a comunidade de Samambaia, Renato Santana est\u00e1 na mesma linha dos pol\u00edticos fanfarr\u00f5es que fizeram e fazem hist\u00f3ria em Bras\u00edlia.<\/p>\n<p>O quadro \u00e9 de lam\u00faria. E, como diz um morador da cidade, \u00e9 preciso saber por onde anda o deputado J\u00falio C\u00e9sar, &#8220;que colocou aqui o sapateiro Claudeci para ser administrador de uma cidade que nem conhecia; \u00e9 muita falta de respeito e hombridade para com a comunidade. N\u00e3o pedimos que J\u00falio C\u00e9sar nos representasse. Ele foi empurrado de garganta a baixo e tivemos que lhe engolir e a toda a sua equipe de despreparados. O tempo, por\u00e9m, n\u00e3o para. E em 2018 n\u00e3o haver\u00e1 espa\u00e7o para churumelas. Ser\u00e1 o ano da elei\u00e7\u00e3o dente por dente, quando o povo, arrependido, ter\u00e1 aprendido a li\u00e7\u00e3o e saber\u00e1 escolher pol\u00edticos de verdade na hora do voto&#8221;.<\/p>\n","protected":false},"excerpt":{"rendered":"<p>Na Sess\u00e3o Solene realizada no CCI em comemora\u00e7\u00e3o aos 26 anos do anivers\u00e1rio de Samambaia, l\u00edderes e pioneiros celebraram o crescimento da cidade, conhecida como a menina dos Olhos de Roriz. A sess\u00e3o foi dirigida pela vice-presidente da C\u00e2mara Legislativa, herdeira pol\u00edtica do pai, o ex-governador Joaquim Roriz. Ali\u00e1s, Liliane Roriz foi a \u00fanica parlamentar [&hellip;]<\/p>\n","protected":false},"author":2,"featured_media":72895,"comment_status":"open","ping_status":"closed","sticky":false,"template":"","format":"standard","meta":{"_acf_changed":false,"footnotes":""},"categories":[45],"tags":[],"class_list":["post-72894","post","type-post","status-publish","format-standard","has-post-thumbnail","hentry","category-cris"],"acf":[],"yoast_head":"<!-- This site is optimized with the Yoast SEO plugin v27.2 - https:\/\/yoast.com\/product\/yoast-seo-wordpress\/ -->\n<title>Samambaia, menina dos olhos de Roriz, aos 26 anos pede a volta do &#039;Velho&#039; - Notibras<\/title>\n<meta name=\"robots\" content=\"index, follow, max-snippet:-1, max-image-preview:large, max-video-preview:-1\" \/>\n<link rel=\"canonical\" href=\"https:\/\/www.notibras.com\/site\/samambaia-menina-dos-olhos-de-roriz-faz-26-anos-pedindo-o-velho\/\" \/>\n<meta property=\"og:locale\" content=\"pt_BR\" \/>\n<meta property=\"og:type\" content=\"article\" \/>\n<meta property=\"og:title\" content=\"Samambaia, menina dos olhos de Roriz, aos 26 anos pede a volta do &#039;Velho&#039; - Notibras\" \/>\n<meta property=\"og:description\" content=\"Na Sess\u00e3o Solene realizada no CCI em comemora\u00e7\u00e3o aos 26 anos do anivers\u00e1rio de Samambaia, l\u00edderes e pioneiros celebraram o crescimento da cidade, conhecida como a menina dos Olhos de Roriz. A sess\u00e3o foi dirigida pela vice-presidente da C\u00e2mara Legislativa, herdeira pol\u00edtica do pai, o ex-governador Joaquim Roriz. Ali\u00e1s, Liliane Roriz foi a \u00fanica parlamentar [&hellip;]\" \/>\n<meta property=\"og:url\" content=\"https:\/\/www.notibras.com\/site\/samambaia-menina-dos-olhos-de-roriz-faz-26-anos-pedindo-o-velho\/\" \/>\n<meta property=\"og:site_name\" content=\"Notibras\" \/>\n<meta property=\"article:publisher\" content=\"https:\/\/www.facebook.com\/notibras\/\" \/>\n<meta property=\"article:published_time\" content=\"2015-10-25T22:07:08+00:00\" \/>\n<meta property=\"article:modified_time\" content=\"2015-10-27T01:24:07+00:00\" \/>\n<meta property=\"og:image\" content=\"https:\/\/www.notibras.com\/site\/wp-content\/uploads\/2015\/10\/sama.jpg\" \/>\n\t<meta property=\"og:image:width\" content=\"512\" \/>\n\t<meta property=\"og:image:height\" content=\"341\" \/>\n\t<meta property=\"og:image:type\" content=\"image\/jpeg\" \/>\n<meta name=\"author\" content=\"Reda\u00e7\u00e3o\" \/>\n<meta name=\"twitter:card\" content=\"summary_large_image\" \/>\n<meta name=\"twitter:creator\" content=\"@Notibras\" \/>\n<meta name=\"twitter:site\" content=\"@Notibras\" \/>\n<meta name=\"twitter:label1\" content=\"Escrito por\" \/>\n\t<meta name=\"twitter:data1\" content=\"Reda\u00e7\u00e3o\" \/>\n\t<meta name=\"twitter:label2\" content=\"Est. tempo de leitura\" \/>\n\t<meta name=\"twitter:data2\" content=\"3 minutos\" \/>\n<script type=\"application\/ld+json\" class=\"yoast-schema-graph\">{\"@context\":\"https:\/\/schema.org\",\"@graph\":[{\"@type\":\"Article\",\"@id\":\"https:\/\/www.notibras.com\/site\/samambaia-menina-dos-olhos-de-roriz-faz-26-anos-pedindo-o-velho\/#article\",\"isPartOf\":{\"@id\":\"https:\/\/www.notibras.com\/site\/samambaia-menina-dos-olhos-de-roriz-faz-26-anos-pedindo-o-velho\/\"},\"author\":{\"name\":\"Reda\u00e7\u00e3o\",\"@id\":\"https:\/\/www.notibras.com\/site\/#\/schema\/person\/36ab0979449956132d3e5b517ea76ac8\"},\"headline\":\"Samambaia, menina dos olhos de Roriz, aos 26 anos pede a volta do &#8216;Velho&#8217;\",\"datePublished\":\"2015-10-25T22:07:08+00:00\",\"dateModified\":\"2015-10-27T01:24:07+00:00\",\"mainEntityOfPage\":{\"@id\":\"https:\/\/www.notibras.com\/site\/samambaia-menina-dos-olhos-de-roriz-faz-26-anos-pedindo-o-velho\/\"},\"wordCount\":640,\"commentCount\":0,\"publisher\":{\"@id\":\"https:\/\/www.notibras.com\/site\/#organization\"},\"image\":{\"@id\":\"https:\/\/www.notibras.com\/site\/samambaia-menina-dos-olhos-de-roriz-faz-26-anos-pedindo-o-velho\/#primaryimage\"},\"thumbnailUrl\":\"https:\/\/www.notibras.com\/site\/wp-content\/uploads\/2015\/10\/sama.jpg\",\"articleSection\":[\"Cris Oliveira\"],\"inLanguage\":\"pt-BR\",\"potentialAction\":[{\"@type\":\"CommentAction\",\"name\":\"Comment\",\"target\":[\"https:\/\/www.notibras.com\/site\/samambaia-menina-dos-olhos-de-roriz-faz-26-anos-pedindo-o-velho\/#respond\"]}]},{\"@type\":\"WebPage\",\"@id\":\"https:\/\/www.notibras.com\/site\/samambaia-menina-dos-olhos-de-roriz-faz-26-anos-pedindo-o-velho\/\",\"url\":\"https:\/\/www.notibras.com\/site\/samambaia-menina-dos-olhos-de-roriz-faz-26-anos-pedindo-o-velho\/\",\"name\":\"Samambaia, menina dos olhos de Roriz, aos 26 anos pede a volta do 'Velho' - Notibras\",\"isPartOf\":{\"@id\":\"https:\/\/www.notibras.com\/site\/#website\"},\"primaryImageOfPage\":{\"@id\":\"https:\/\/www.notibras.com\/site\/samambaia-menina-dos-olhos-de-roriz-faz-26-anos-pedindo-o-velho\/#primaryimage\"},\"image\":{\"@id\":\"https:\/\/www.notibras.com\/site\/samambaia-menina-dos-olhos-de-roriz-faz-26-anos-pedindo-o-velho\/#primaryimage\"},\"thumbnailUrl\":\"https:\/\/www.notibras.com\/site\/wp-content\/uploads\/2015\/10\/sama.jpg\",\"datePublished\":\"2015-10-25T22:07:08+00:00\",\"dateModified\":\"2015-10-27T01:24:07+00:00\",\"breadcrumb\":{\"@id\":\"https:\/\/www.notibras.com\/site\/samambaia-menina-dos-olhos-de-roriz-faz-26-anos-pedindo-o-velho\/#breadcrumb\"},\"inLanguage\":\"pt-BR\",\"potentialAction\":[{\"@type\":\"ReadAction\",\"target\":[\"https:\/\/www.notibras.com\/site\/samambaia-menina-dos-olhos-de-roriz-faz-26-anos-pedindo-o-velho\/\"]}]},{\"@type\":\"ImageObject\",\"inLanguage\":\"pt-BR\",\"@id\":\"https:\/\/www.notibras.com\/site\/samambaia-menina-dos-olhos-de-roriz-faz-26-anos-pedindo-o-velho\/#primaryimage\",\"url\":\"https:\/\/www.notibras.com\/site\/wp-content\/uploads\/2015\/10\/sama.jpg\",\"contentUrl\":\"https:\/\/www.notibras.com\/site\/wp-content\/uploads\/2015\/10\/sama.jpg\",\"width\":512,\"height\":341},{\"@type\":\"BreadcrumbList\",\"@id\":\"https:\/\/www.notibras.com\/site\/samambaia-menina-dos-olhos-de-roriz-faz-26-anos-pedindo-o-velho\/#breadcrumb\",\"itemListElement\":[{\"@type\":\"ListItem\",\"position\":1,\"name\":\"In\u00edcio\",\"item\":\"https:\/\/www.notibras.com\/site\/\"},{\"@type\":\"ListItem\",\"position\":2,\"name\":\"Samambaia, menina dos olhos de Roriz, aos 26 anos pede a volta do &#8216;Velho&#8217;\"}]},{\"@type\":\"WebSite\",\"@id\":\"https:\/\/www.notibras.com\/site\/#website\",\"url\":\"https:\/\/www.notibras.com\/site\/\",\"name\":\"Notibras\",\"description\":\"Not\u00edcias de Bras\u00edlia, do Brasil e do Mundo\",\"publisher\":{\"@id\":\"https:\/\/www.notibras.com\/site\/#organization\"},\"potentialAction\":[{\"@type\":\"SearchAction\",\"target\":{\"@type\":\"EntryPoint\",\"urlTemplate\":\"https:\/\/www.notibras.com\/site\/?s={search_term_string}\"},\"query-input\":{\"@type\":\"PropertyValueSpecification\",\"valueRequired\":true,\"valueName\":\"search_term_string\"}}],\"inLanguage\":\"pt-BR\"},{\"@type\":\"Organization\",\"@id\":\"https:\/\/www.notibras.com\/site\/#organization\",\"name\":\"Grupo Notibras de Comunica\u00e7\u00e3o\",\"url\":\"https:\/\/www.notibras.com\/site\/\",\"logo\":{\"@type\":\"ImageObject\",\"inLanguage\":\"pt-BR\",\"@id\":\"https:\/\/www.notibras.com\/site\/#\/schema\/logo\/image\/\",\"url\":\"https:\/\/www.notibras.com\/site\/wp-content\/uploads\/2023\/01\/notibras23.png\",\"contentUrl\":\"https:\/\/www.notibras.com\/site\/wp-content\/uploads\/2023\/01\/notibras23.png\",\"width\":350,\"height\":87,\"caption\":\"Grupo Notibras de Comunica\u00e7\u00e3o\"},\"image\":{\"@id\":\"https:\/\/www.notibras.com\/site\/#\/schema\/logo\/image\/\"},\"sameAs\":[\"https:\/\/www.facebook.com\/notibras\/\",\"https:\/\/x.com\/Notibras\",\"https:\/\/www.instagram.com\/notibras\/\"]},{\"@type\":\"Person\",\"@id\":\"https:\/\/www.notibras.com\/site\/#\/schema\/person\/36ab0979449956132d3e5b517ea76ac8\",\"name\":\"Reda\u00e7\u00e3o\",\"image\":{\"@type\":\"ImageObject\",\"inLanguage\":\"pt-BR\",\"@id\":\"https:\/\/secure.gravatar.com\/avatar\/e0a867bdedb85fd243eadf09663511f96fc81e0720a4a42581f334ad4303aa6b?s=96&d=mm&r=g\",\"url\":\"https:\/\/secure.gravatar.com\/avatar\/e0a867bdedb85fd243eadf09663511f96fc81e0720a4a42581f334ad4303aa6b?s=96&d=mm&r=g\",\"contentUrl\":\"https:\/\/secure.gravatar.com\/avatar\/e0a867bdedb85fd243eadf09663511f96fc81e0720a4a42581f334ad4303aa6b?s=96&d=mm&r=g\",\"caption\":\"Reda\u00e7\u00e3o\"}}]}<\/script>\n<!-- \/ Yoast SEO plugin. -->","yoast_head_json":{"title":"Samambaia, menina dos olhos de Roriz, aos 26 anos pede a volta do 'Velho' - Notibras","robots":{"index":"index","follow":"follow","max-snippet":"max-snippet:-1","max-image-preview":"max-image-preview:large","max-video-preview":"max-video-preview:-1"},"canonical":"https:\/\/www.notibras.com\/site\/samambaia-menina-dos-olhos-de-roriz-faz-26-anos-pedindo-o-velho\/","og_locale":"pt_BR","og_type":"article","og_title":"Samambaia, menina dos olhos de Roriz, aos 26 anos pede a volta do 'Velho' - Notibras","og_description":"Na Sess\u00e3o Solene realizada no CCI em comemora\u00e7\u00e3o aos 26 anos do anivers\u00e1rio de Samambaia, l\u00edderes e pioneiros celebraram o crescimento da cidade, conhecida como a menina dos Olhos de Roriz. A sess\u00e3o foi dirigida pela vice-presidente da C\u00e2mara Legislativa, herdeira pol\u00edtica do pai, o ex-governador Joaquim Roriz. Ali\u00e1s, Liliane Roriz foi a \u00fanica parlamentar [&hellip;]","og_url":"https:\/\/www.notibras.com\/site\/samambaia-menina-dos-olhos-de-roriz-faz-26-anos-pedindo-o-velho\/","og_site_name":"Notibras","article_publisher":"https:\/\/www.facebook.com\/notibras\/","article_published_time":"2015-10-25T22:07:08+00:00","article_modified_time":"2015-10-27T01:24:07+00:00","og_image":[{"width":512,"height":341,"url":"https:\/\/www.notibras.com\/site\/wp-content\/uploads\/2015\/10\/sama.jpg","type":"image\/jpeg"}],"author":"Reda\u00e7\u00e3o","twitter_card":"summary_large_image","twitter_creator":"@Notibras","twitter_site":"@Notibras","twitter_misc":{"Escrito por":"Reda\u00e7\u00e3o","Est. tempo de leitura":"3 minutos"},"schema":{"@context":"https:\/\/schema.org","@graph":[{"@type":"Article","@id":"https:\/\/www.notibras.com\/site\/samambaia-menina-dos-olhos-de-roriz-faz-26-anos-pedindo-o-velho\/#article","isPartOf":{"@id":"https:\/\/www.notibras.com\/site\/samambaia-menina-dos-olhos-de-roriz-faz-26-anos-pedindo-o-velho\/"},"author":{"name":"Reda\u00e7\u00e3o","@id":"https:\/\/www.notibras.com\/site\/#\/schema\/person\/36ab0979449956132d3e5b517ea76ac8"},"headline":"Samambaia, menina dos olhos de Roriz, aos 26 anos pede a volta do &#8216;Velho&#8217;","datePublished":"2015-10-25T22:07:08+00:00","dateModified":"2015-10-27T01:24:07+00:00","mainEntityOfPage":{"@id":"https:\/\/www.notibras.com\/site\/samambaia-menina-dos-olhos-de-roriz-faz-26-anos-pedindo-o-velho\/"},"wordCount":640,"commentCount":0,"publisher":{"@id":"https:\/\/www.notibras.com\/site\/#organization"},"image":{"@id":"https:\/\/www.notibras.com\/site\/samambaia-menina-dos-olhos-de-roriz-faz-26-anos-pedindo-o-velho\/#primaryimage"},"thumbnailUrl":"https:\/\/www.notibras.com\/site\/wp-content\/uploads\/2015\/10\/sama.jpg","articleSection":["Cris Oliveira"],"inLanguage":"pt-BR","potentialAction":[{"@type":"CommentAction","name":"Comment","target":["https:\/\/www.notibras.com\/site\/samambaia-menina-dos-olhos-de-roriz-faz-26-anos-pedindo-o-velho\/#respond"]}]},{"@type":"WebPage","@id":"https:\/\/www.notibras.com\/site\/samambaia-menina-dos-olhos-de-roriz-faz-26-anos-pedindo-o-velho\/","url":"https:\/\/www.notibras.com\/site\/samambaia-menina-dos-olhos-de-roriz-faz-26-anos-pedindo-o-velho\/","name":"Samambaia, menina dos olhos de Roriz, aos 26 anos pede a volta do 'Velho' - Notibras","isPartOf":{"@id":"https:\/\/www.notibras.com\/site\/#website"},"primaryImageOfPage":{"@id":"https:\/\/www.notibras.com\/site\/samambaia-menina-dos-olhos-de-roriz-faz-26-anos-pedindo-o-velho\/#primaryimage"},"image":{"@id":"https:\/\/www.notibras.com\/site\/samambaia-menina-dos-olhos-de-roriz-faz-26-anos-pedindo-o-velho\/#primaryimage"},"thumbnailUrl":"https:\/\/www.notibras.com\/site\/wp-content\/uploads\/2015\/10\/sama.jpg","datePublished":"2015-10-25T22:07:08+00:00","dateModified":"2015-10-27T01:24:07+00:00","breadcrumb":{"@id":"https:\/\/www.notibras.com\/site\/samambaia-menina-dos-olhos-de-roriz-faz-26-anos-pedindo-o-velho\/#breadcrumb"},"inLanguage":"pt-BR","potentialAction":[{"@type":"ReadAction","target":["https:\/\/www.notibras.com\/site\/samambaia-menina-dos-olhos-de-roriz-faz-26-anos-pedindo-o-velho\/"]}]},{"@type":"ImageObject","inLanguage":"pt-BR","@id":"https:\/\/www.notibras.com\/site\/samambaia-menina-dos-olhos-de-roriz-faz-26-anos-pedindo-o-velho\/#primaryimage","url":"https:\/\/www.notibras.com\/site\/wp-content\/uploads\/2015\/10\/sama.jpg","contentUrl":"https:\/\/www.notibras.com\/site\/wp-content\/uploads\/2015\/10\/sama.jpg","width":512,"height":341},{"@type":"BreadcrumbList","@id":"https:\/\/www.notibras.com\/site\/samambaia-menina-dos-olhos-de-roriz-faz-26-anos-pedindo-o-velho\/#breadcrumb","itemListElement":[{"@type":"ListItem","position":1,"name":"In\u00edcio","item":"https:\/\/www.notibras.com\/site\/"},{"@type":"ListItem","position":2,"name":"Samambaia, menina dos olhos de Roriz, aos 26 anos pede a volta do &#8216;Velho&#8217;"}]},{"@type":"WebSite","@id":"https:\/\/www.notibras.com\/site\/#website","url":"https:\/\/www.notibras.com\/site\/","name":"Notibras","description":"Not\u00edcias de Bras\u00edlia, do Brasil e do Mundo","publisher":{"@id":"https:\/\/www.notibras.com\/site\/#organization"},"potentialAction":[{"@type":"SearchAction","target":{"@type":"EntryPoint","urlTemplate":"https:\/\/www.notibras.com\/site\/?s={search_term_string}"},"query-input":{"@type":"PropertyValueSpecification","valueRequired":true,"valueName":"search_term_string"}}],"inLanguage":"pt-BR"},{"@type":"Organization","@id":"https:\/\/www.notibras.com\/site\/#organization","name":"Grupo Notibras de Comunica\u00e7\u00e3o","url":"https:\/\/www.notibras.com\/site\/","logo":{"@type":"ImageObject","inLanguage":"pt-BR","@id":"https:\/\/www.notibras.com\/site\/#\/schema\/logo\/image\/","url":"https:\/\/www.notibras.com\/site\/wp-content\/uploads\/2023\/01\/notibras23.png","contentUrl":"https:\/\/www.notibras.com\/site\/wp-content\/uploads\/2023\/01\/notibras23.png","width":350,"height":87,"caption":"Grupo Notibras de Comunica\u00e7\u00e3o"},"image":{"@id":"https:\/\/www.notibras.com\/site\/#\/schema\/logo\/image\/"},"sameAs":["https:\/\/www.facebook.com\/notibras\/","https:\/\/x.com\/Notibras","https:\/\/www.instagram.com\/notibras\/"]},{"@type":"Person","@id":"https:\/\/www.notibras.com\/site\/#\/schema\/person\/36ab0979449956132d3e5b517ea76ac8","name":"Reda\u00e7\u00e3o","image":{"@type":"ImageObject","inLanguage":"pt-BR","@id":"https:\/\/secure.gravatar.com\/avatar\/e0a867bdedb85fd243eadf09663511f96fc81e0720a4a42581f334ad4303aa6b?s=96&d=mm&r=g","url":"https:\/\/secure.gravatar.com\/avatar\/e0a867bdedb85fd243eadf09663511f96fc81e0720a4a42581f334ad4303aa6b?s=96&d=mm&r=g","contentUrl":"https:\/\/secure.gravatar.com\/avatar\/e0a867bdedb85fd243eadf09663511f96fc81e0720a4a42581f334ad4303aa6b?s=96&d=mm&r=g","caption":"Reda\u00e7\u00e3o"}}]}},"amp_enabled":true,"_links":{"self":[{"href":"https:\/\/www.notibras.com\/site\/wp-json\/wp\/v2\/posts\/72894","targetHints":{"allow":["GET"]}}],"collection":[{"href":"https:\/\/www.notibras.com\/site\/wp-json\/wp\/v2\/posts"}],"about":[{"href":"https:\/\/www.notibras.com\/site\/wp-json\/wp\/v2\/types\/post"}],"author":[{"embeddable":true,"href":"https:\/\/www.notibras.com\/site\/wp-json\/wp\/v2\/users\/2"}],"replies":[{"embeddable":true,"href":"https:\/\/www.notibras.com\/site\/wp-json\/wp\/v2\/comments?post=72894"}],"version-history":[{"count":8,"href":"https:\/\/www.notibras.com\/site\/wp-json\/wp\/v2\/posts\/72894\/revisions"}],"predecessor-version":[{"id":73130,"href":"https:\/\/www.notibras.com\/site\/wp-json\/wp\/v2\/posts\/72894\/revisions\/73130"}],"wp:featuredmedia":[{"embeddable":true,"href":"https:\/\/www.notibras.com\/site\/wp-json\/wp\/v2\/media\/72895"}],"wp:attachment":[{"href":"https:\/\/www.notibras.com\/site\/wp-json\/wp\/v2\/media?parent=72894"}],"wp:term":[{"taxonomy":"category","embeddable":true,"href":"https:\/\/www.notibras.com\/site\/wp-json\/wp\/v2\/categories?post=72894"},{"taxonomy":"post_tag","embeddable":true,"href":"https:\/\/www.notibras.com\/site\/wp-json\/wp\/v2\/tags?post=72894"}],"curies":[{"name":"wp","href":"https:\/\/api.w.org\/{rel}","templated":true}]}}