{"id":72926,"date":"2015-10-25T22:11:20","date_gmt":"2015-10-26T00:11:20","guid":{"rendered":"http:\/\/www.notibras.com\/site\/?p=72926"},"modified":"2015-10-28T21:22:45","modified_gmt":"2015-10-28T23:22:45","slug":"galo-derruba-a-ponte-preta-e-aguarda-o-lider-para-o-tira-teima","status":"publish","type":"post","link":"https:\/\/www.notibras.com\/site\/galo-derruba-a-ponte-preta-e-aguarda-o-lider-para-o-tira-teima\/","title":{"rendered":"Galo derruba a Ponte Preta em Belo Horizonte e aguarda o l\u00edder para o tira-teima"},"content":{"rendered":"<p>O Atl\u00e9tico-MG encerrou uma invencibilidade de sete jogos da Ponte Preta e segue com esperan\u00e7as na briga pelo t\u00edtulo do Campeonato Brasileiro. Sem grandes sustos, o time mineiro controlou o jogo e venceu o clube de Campinas por 2 a 1, na noite deste domingo, na Arena Independ\u00eancia, em Belo Horizonte, no encerramento da 32.\u00aa rodada.<\/p>\n<p>Apesar de ganhar f\u00f4lego extra na disputa do t\u00edtulo, o Atl\u00e9tico segue oito pontos atr\u00e1s do l\u00edder Corinthians, que bateu o Flamengo, por 1 a 0, em Itaquera. Faltando seis rodadas para o final, o time mineiro tem 62 pontos, contra 70 dos corintianos. Por outro lado, a Ponte, que vinha de seis vit\u00f3rias e um empate, estaciona nos 47 pontos, na nona posi\u00e7\u00e3o, e v\u00ea sonho de se classificar \u00e0 Libertadores mais distante.<\/p>\n<p>No pr\u00f3ximo domingo, \u00e0s 17 horas, o Atl\u00e9tico-MG faz o confronto direto contra o Corinthians, na mesma Arena Independ\u00eancia, em Belo Horizonte. Enquanto isso, a Ponte Preta encara o Joinville, no s\u00e1bado, \u00e0s 19h30, no Est\u00e1dio Mois\u00e9s Lucarelli, em Campinas.<\/p>\n<p><strong>Marca\u00e7\u00e3o<\/strong>\u00a0&#8211; Diante de uma Ponte Preta bem postada na defesa, o Atl\u00e9tico demorou a se encontrar em campo. Quando conseguiu pressionar a partir dos 20 minutos, se deparou com uma noite inspirada do goleiro Marcelo Lomba, que fez, pelo menos, quatro grandes defesas. Na melhor delas, aos 24, o camisa 1 do time paulista defendeu desvio \u00e0 queima-roupa do atacante Pratto.<\/p>\n<p>Depois de pressionar em todo o primeiro tempo sem sucesso, o clube mineiro precisou de apenas seis minutos para chegar ao gol na segunda etapa. E com ajuda advers\u00e1ria. Biro Biro saiu jogando errado e perdeu bola para Luan. O atacante tocou para o meia D\u00e1tolo, que chutou para grande defesa de Marcelo Lomba. No rebote, o pr\u00f3prio Luan, quase sem \u00e2ngulo, mandou para o gol.<\/p>\n<p>A Ponte acusou o golpe e o Atl\u00e9tico fez uma &#8220;blitz&#8221; para tentar matar o jogo. E o segundo gol saiu logo aos 11 minutos, em mais uma desaten\u00e7\u00e3o da defesa campineira. O atacante Borges deu passe errado e o lateral Douglas Santos levantou da esquerda. Sem marca\u00e7\u00e3o, Giovanni Augusto completou de cabe\u00e7a.<\/p>\n<p>Ap\u00f3s o segundo gol, os donos da casa diminu\u00edram o ritmo e correram o risco de sofrer o empate. Aos 46 minutos, Biro Biro cobrou falta na \u00e1rea e o zagueiro Renato Chaves desviou de cabe\u00e7a de leve para as redes. No lance seguinte, o atacante Cesinha saiu na cara do gol, mas demorou a finalizar e foi desarmado pelo goleiro Victor. Para completar, ele tinha um companheiro livre do seu lado, que ficaria com o gol vazio \u00e0 frente se recebesse o passe, mas foi fominha no lance. Poderia ser o empate. N\u00e3o foi.<\/p>\n<p><img loading=\"lazy\" decoding=\"async\" class=\"alignnone size-full wp-image-70065\" src=\"http:\/\/www.notibras.com\/site\/wp-content\/uploads\/2015\/10\/estadao.png\" alt=\"estadao\" width=\"99\" height=\"16\" \/><\/p>\n","protected":false},"excerpt":{"rendered":"<p>O Atl\u00e9tico-MG encerrou uma invencibilidade de sete jogos da Ponte Preta e segue com esperan\u00e7as na briga pelo t\u00edtulo do Campeonato Brasileiro. Sem grandes sustos, o time mineiro controlou o jogo e venceu o clube de Campinas por 2 a 1, na noite deste domingo, na Arena Independ\u00eancia, em Belo Horizonte, no encerramento da 32.\u00aa [&hellip;]<\/p>\n","protected":false},"author":2,"featured_media":72927,"comment_status":"open","ping_status":"closed","sticky":false,"template":"","format":"standard","meta":{"_acf_changed":false,"footnotes":""},"categories":[29],"tags":[],"class_list":["post-72926","post","type-post","status-publish","format-standard","has-post-thumbnail","hentry","category-futebol"],"acf":[],"yoast_head":"<!-- This site is optimized with the Yoast SEO plugin v27.2 - https:\/\/yoast.com\/product\/yoast-seo-wordpress\/ -->\n<title>Galo derruba a Ponte Preta em Belo Horizonte e aguarda o l\u00edder para o tira-teima - Notibras<\/title>\n<meta name=\"robots\" content=\"index, follow, max-snippet:-1, max-image-preview:large, max-video-preview:-1\" \/>\n<link rel=\"canonical\" href=\"https:\/\/www.notibras.com\/site\/galo-derruba-a-ponte-preta-e-aguarda-o-lider-para-o-tira-teima\/\" \/>\n<meta property=\"og:locale\" content=\"pt_BR\" \/>\n<meta property=\"og:type\" content=\"article\" \/>\n<meta property=\"og:title\" content=\"Galo derruba a Ponte Preta em Belo Horizonte e aguarda o l\u00edder para o tira-teima - Notibras\" \/>\n<meta property=\"og:description\" content=\"O Atl\u00e9tico-MG encerrou uma invencibilidade de sete jogos da Ponte Preta e segue com esperan\u00e7as na briga pelo t\u00edtulo do Campeonato Brasileiro. Sem grandes sustos, o time mineiro controlou o jogo e venceu o clube de Campinas por 2 a 1, na noite deste domingo, na Arena Independ\u00eancia, em Belo Horizonte, no encerramento da 32.\u00aa [&hellip;]\" \/>\n<meta property=\"og:url\" content=\"https:\/\/www.notibras.com\/site\/galo-derruba-a-ponte-preta-e-aguarda-o-lider-para-o-tira-teima\/\" \/>\n<meta property=\"og:site_name\" content=\"Notibras\" \/>\n<meta property=\"article:publisher\" content=\"https:\/\/www.facebook.com\/notibras\/\" \/>\n<meta property=\"article:published_time\" content=\"2015-10-26T00:11:20+00:00\" \/>\n<meta property=\"article:modified_time\" content=\"2015-10-28T23:22:45+00:00\" \/>\n<meta property=\"og:image\" content=\"https:\/\/www.notibras.com\/site\/wp-content\/uploads\/2015\/10\/galo25.jpg\" \/>\n\t<meta property=\"og:image:width\" content=\"527\" \/>\n\t<meta property=\"og:image:height\" content=\"307\" \/>\n\t<meta property=\"og:image:type\" content=\"image\/jpeg\" \/>\n<meta name=\"author\" content=\"Reda\u00e7\u00e3o\" \/>\n<meta name=\"twitter:card\" content=\"summary_large_image\" \/>\n<meta name=\"twitter:creator\" content=\"@Notibras\" \/>\n<meta name=\"twitter:site\" content=\"@Notibras\" \/>\n<meta name=\"twitter:label1\" content=\"Escrito por\" \/>\n\t<meta name=\"twitter:data1\" content=\"Reda\u00e7\u00e3o\" \/>\n\t<meta name=\"twitter:label2\" content=\"Est. tempo de leitura\" \/>\n\t<meta name=\"twitter:data2\" content=\"2 minutos\" \/>\n<script type=\"application\/ld+json\" class=\"yoast-schema-graph\">{\"@context\":\"https:\/\/schema.org\",\"@graph\":[{\"@type\":\"Article\",\"@id\":\"https:\/\/www.notibras.com\/site\/galo-derruba-a-ponte-preta-e-aguarda-o-lider-para-o-tira-teima\/#article\",\"isPartOf\":{\"@id\":\"https:\/\/www.notibras.com\/site\/galo-derruba-a-ponte-preta-e-aguarda-o-lider-para-o-tira-teima\/\"},\"author\":{\"name\":\"Reda\u00e7\u00e3o\",\"@id\":\"https:\/\/www.notibras.com\/site\/#\/schema\/person\/36ab0979449956132d3e5b517ea76ac8\"},\"headline\":\"Galo derruba a Ponte Preta em Belo Horizonte e aguarda o l\u00edder para o tira-teima\",\"datePublished\":\"2015-10-26T00:11:20+00:00\",\"dateModified\":\"2015-10-28T23:22:45+00:00\",\"mainEntityOfPage\":{\"@id\":\"https:\/\/www.notibras.com\/site\/galo-derruba-a-ponte-preta-e-aguarda-o-lider-para-o-tira-teima\/\"},\"wordCount\":475,\"commentCount\":0,\"publisher\":{\"@id\":\"https:\/\/www.notibras.com\/site\/#organization\"},\"image\":{\"@id\":\"https:\/\/www.notibras.com\/site\/galo-derruba-a-ponte-preta-e-aguarda-o-lider-para-o-tira-teima\/#primaryimage\"},\"thumbnailUrl\":\"https:\/\/www.notibras.com\/site\/wp-content\/uploads\/2015\/10\/galo25.jpg\",\"articleSection\":[\"Futebol\"],\"inLanguage\":\"pt-BR\",\"potentialAction\":[{\"@type\":\"CommentAction\",\"name\":\"Comment\",\"target\":[\"https:\/\/www.notibras.com\/site\/galo-derruba-a-ponte-preta-e-aguarda-o-lider-para-o-tira-teima\/#respond\"]}]},{\"@type\":\"WebPage\",\"@id\":\"https:\/\/www.notibras.com\/site\/galo-derruba-a-ponte-preta-e-aguarda-o-lider-para-o-tira-teima\/\",\"url\":\"https:\/\/www.notibras.com\/site\/galo-derruba-a-ponte-preta-e-aguarda-o-lider-para-o-tira-teima\/\",\"name\":\"Galo derruba a Ponte Preta em Belo Horizonte e aguarda o l\u00edder para o tira-teima - Notibras\",\"isPartOf\":{\"@id\":\"https:\/\/www.notibras.com\/site\/#website\"},\"primaryImageOfPage\":{\"@id\":\"https:\/\/www.notibras.com\/site\/galo-derruba-a-ponte-preta-e-aguarda-o-lider-para-o-tira-teima\/#primaryimage\"},\"image\":{\"@id\":\"https:\/\/www.notibras.com\/site\/galo-derruba-a-ponte-preta-e-aguarda-o-lider-para-o-tira-teima\/#primaryimage\"},\"thumbnailUrl\":\"https:\/\/www.notibras.com\/site\/wp-content\/uploads\/2015\/10\/galo25.jpg\",\"datePublished\":\"2015-10-26T00:11:20+00:00\",\"dateModified\":\"2015-10-28T23:22:45+00:00\",\"breadcrumb\":{\"@id\":\"https:\/\/www.notibras.com\/site\/galo-derruba-a-ponte-preta-e-aguarda-o-lider-para-o-tira-teima\/#breadcrumb\"},\"inLanguage\":\"pt-BR\",\"potentialAction\":[{\"@type\":\"ReadAction\",\"target\":[\"https:\/\/www.notibras.com\/site\/galo-derruba-a-ponte-preta-e-aguarda-o-lider-para-o-tira-teima\/\"]}]},{\"@type\":\"ImageObject\",\"inLanguage\":\"pt-BR\",\"@id\":\"https:\/\/www.notibras.com\/site\/galo-derruba-a-ponte-preta-e-aguarda-o-lider-para-o-tira-teima\/#primaryimage\",\"url\":\"https:\/\/www.notibras.com\/site\/wp-content\/uploads\/2015\/10\/galo25.jpg\",\"contentUrl\":\"https:\/\/www.notibras.com\/site\/wp-content\/uploads\/2015\/10\/galo25.jpg\",\"width\":527,\"height\":307},{\"@type\":\"BreadcrumbList\",\"@id\":\"https:\/\/www.notibras.com\/site\/galo-derruba-a-ponte-preta-e-aguarda-o-lider-para-o-tira-teima\/#breadcrumb\",\"itemListElement\":[{\"@type\":\"ListItem\",\"position\":1,\"name\":\"In\u00edcio\",\"item\":\"https:\/\/www.notibras.com\/site\/\"},{\"@type\":\"ListItem\",\"position\":2,\"name\":\"Galo derruba a Ponte Preta em Belo Horizonte e aguarda o l\u00edder para o tira-teima\"}]},{\"@type\":\"WebSite\",\"@id\":\"https:\/\/www.notibras.com\/site\/#website\",\"url\":\"https:\/\/www.notibras.com\/site\/\",\"name\":\"Notibras\",\"description\":\"Not\u00edcias de Bras\u00edlia, do Brasil e do Mundo\",\"publisher\":{\"@id\":\"https:\/\/www.notibras.com\/site\/#organization\"},\"potentialAction\":[{\"@type\":\"SearchAction\",\"target\":{\"@type\":\"EntryPoint\",\"urlTemplate\":\"https:\/\/www.notibras.com\/site\/?s={search_term_string}\"},\"query-input\":{\"@type\":\"PropertyValueSpecification\",\"valueRequired\":true,\"valueName\":\"search_term_string\"}}],\"inLanguage\":\"pt-BR\"},{\"@type\":\"Organization\",\"@id\":\"https:\/\/www.notibras.com\/site\/#organization\",\"name\":\"Grupo Notibras de Comunica\u00e7\u00e3o\",\"url\":\"https:\/\/www.notibras.com\/site\/\",\"logo\":{\"@type\":\"ImageObject\",\"inLanguage\":\"pt-BR\",\"@id\":\"https:\/\/www.notibras.com\/site\/#\/schema\/logo\/image\/\",\"url\":\"https:\/\/www.notibras.com\/site\/wp-content\/uploads\/2023\/01\/notibras23.png\",\"contentUrl\":\"https:\/\/www.notibras.com\/site\/wp-content\/uploads\/2023\/01\/notibras23.png\",\"width\":350,\"height\":87,\"caption\":\"Grupo Notibras de Comunica\u00e7\u00e3o\"},\"image\":{\"@id\":\"https:\/\/www.notibras.com\/site\/#\/schema\/logo\/image\/\"},\"sameAs\":[\"https:\/\/www.facebook.com\/notibras\/\",\"https:\/\/x.com\/Notibras\",\"https:\/\/www.instagram.com\/notibras\/\"]},{\"@type\":\"Person\",\"@id\":\"https:\/\/www.notibras.com\/site\/#\/schema\/person\/36ab0979449956132d3e5b517ea76ac8\",\"name\":\"Reda\u00e7\u00e3o\",\"image\":{\"@type\":\"ImageObject\",\"inLanguage\":\"pt-BR\",\"@id\":\"https:\/\/secure.gravatar.com\/avatar\/e0a867bdedb85fd243eadf09663511f96fc81e0720a4a42581f334ad4303aa6b?s=96&d=mm&r=g\",\"url\":\"https:\/\/secure.gravatar.com\/avatar\/e0a867bdedb85fd243eadf09663511f96fc81e0720a4a42581f334ad4303aa6b?s=96&d=mm&r=g\",\"contentUrl\":\"https:\/\/secure.gravatar.com\/avatar\/e0a867bdedb85fd243eadf09663511f96fc81e0720a4a42581f334ad4303aa6b?s=96&d=mm&r=g\",\"caption\":\"Reda\u00e7\u00e3o\"}}]}<\/script>\n<!-- \/ Yoast SEO plugin. -->","yoast_head_json":{"title":"Galo derruba a Ponte Preta em Belo Horizonte e aguarda o l\u00edder para o tira-teima - Notibras","robots":{"index":"index","follow":"follow","max-snippet":"max-snippet:-1","max-image-preview":"max-image-preview:large","max-video-preview":"max-video-preview:-1"},"canonical":"https:\/\/www.notibras.com\/site\/galo-derruba-a-ponte-preta-e-aguarda-o-lider-para-o-tira-teima\/","og_locale":"pt_BR","og_type":"article","og_title":"Galo derruba a Ponte Preta em Belo Horizonte e aguarda o l\u00edder para o tira-teima - Notibras","og_description":"O Atl\u00e9tico-MG encerrou uma invencibilidade de sete jogos da Ponte Preta e segue com esperan\u00e7as na briga pelo t\u00edtulo do Campeonato Brasileiro. Sem grandes sustos, o time mineiro controlou o jogo e venceu o clube de Campinas por 2 a 1, na noite deste domingo, na Arena Independ\u00eancia, em Belo Horizonte, no encerramento da 32.\u00aa [&hellip;]","og_url":"https:\/\/www.notibras.com\/site\/galo-derruba-a-ponte-preta-e-aguarda-o-lider-para-o-tira-teima\/","og_site_name":"Notibras","article_publisher":"https:\/\/www.facebook.com\/notibras\/","article_published_time":"2015-10-26T00:11:20+00:00","article_modified_time":"2015-10-28T23:22:45+00:00","og_image":[{"width":527,"height":307,"url":"https:\/\/www.notibras.com\/site\/wp-content\/uploads\/2015\/10\/galo25.jpg","type":"image\/jpeg"}],"author":"Reda\u00e7\u00e3o","twitter_card":"summary_large_image","twitter_creator":"@Notibras","twitter_site":"@Notibras","twitter_misc":{"Escrito por":"Reda\u00e7\u00e3o","Est. tempo de leitura":"2 minutos"},"schema":{"@context":"https:\/\/schema.org","@graph":[{"@type":"Article","@id":"https:\/\/www.notibras.com\/site\/galo-derruba-a-ponte-preta-e-aguarda-o-lider-para-o-tira-teima\/#article","isPartOf":{"@id":"https:\/\/www.notibras.com\/site\/galo-derruba-a-ponte-preta-e-aguarda-o-lider-para-o-tira-teima\/"},"author":{"name":"Reda\u00e7\u00e3o","@id":"https:\/\/www.notibras.com\/site\/#\/schema\/person\/36ab0979449956132d3e5b517ea76ac8"},"headline":"Galo derruba a Ponte Preta em Belo Horizonte e aguarda o l\u00edder para o tira-teima","datePublished":"2015-10-26T00:11:20+00:00","dateModified":"2015-10-28T23:22:45+00:00","mainEntityOfPage":{"@id":"https:\/\/www.notibras.com\/site\/galo-derruba-a-ponte-preta-e-aguarda-o-lider-para-o-tira-teima\/"},"wordCount":475,"commentCount":0,"publisher":{"@id":"https:\/\/www.notibras.com\/site\/#organization"},"image":{"@id":"https:\/\/www.notibras.com\/site\/galo-derruba-a-ponte-preta-e-aguarda-o-lider-para-o-tira-teima\/#primaryimage"},"thumbnailUrl":"https:\/\/www.notibras.com\/site\/wp-content\/uploads\/2015\/10\/galo25.jpg","articleSection":["Futebol"],"inLanguage":"pt-BR","potentialAction":[{"@type":"CommentAction","name":"Comment","target":["https:\/\/www.notibras.com\/site\/galo-derruba-a-ponte-preta-e-aguarda-o-lider-para-o-tira-teima\/#respond"]}]},{"@type":"WebPage","@id":"https:\/\/www.notibras.com\/site\/galo-derruba-a-ponte-preta-e-aguarda-o-lider-para-o-tira-teima\/","url":"https:\/\/www.notibras.com\/site\/galo-derruba-a-ponte-preta-e-aguarda-o-lider-para-o-tira-teima\/","name":"Galo derruba a Ponte Preta em Belo Horizonte e aguarda o l\u00edder para o tira-teima - Notibras","isPartOf":{"@id":"https:\/\/www.notibras.com\/site\/#website"},"primaryImageOfPage":{"@id":"https:\/\/www.notibras.com\/site\/galo-derruba-a-ponte-preta-e-aguarda-o-lider-para-o-tira-teima\/#primaryimage"},"image":{"@id":"https:\/\/www.notibras.com\/site\/galo-derruba-a-ponte-preta-e-aguarda-o-lider-para-o-tira-teima\/#primaryimage"},"thumbnailUrl":"https:\/\/www.notibras.com\/site\/wp-content\/uploads\/2015\/10\/galo25.jpg","datePublished":"2015-10-26T00:11:20+00:00","dateModified":"2015-10-28T23:22:45+00:00","breadcrumb":{"@id":"https:\/\/www.notibras.com\/site\/galo-derruba-a-ponte-preta-e-aguarda-o-lider-para-o-tira-teima\/#breadcrumb"},"inLanguage":"pt-BR","potentialAction":[{"@type":"ReadAction","target":["https:\/\/www.notibras.com\/site\/galo-derruba-a-ponte-preta-e-aguarda-o-lider-para-o-tira-teima\/"]}]},{"@type":"ImageObject","inLanguage":"pt-BR","@id":"https:\/\/www.notibras.com\/site\/galo-derruba-a-ponte-preta-e-aguarda-o-lider-para-o-tira-teima\/#primaryimage","url":"https:\/\/www.notibras.com\/site\/wp-content\/uploads\/2015\/10\/galo25.jpg","contentUrl":"https:\/\/www.notibras.com\/site\/wp-content\/uploads\/2015\/10\/galo25.jpg","width":527,"height":307},{"@type":"BreadcrumbList","@id":"https:\/\/www.notibras.com\/site\/galo-derruba-a-ponte-preta-e-aguarda-o-lider-para-o-tira-teima\/#breadcrumb","itemListElement":[{"@type":"ListItem","position":1,"name":"In\u00edcio","item":"https:\/\/www.notibras.com\/site\/"},{"@type":"ListItem","position":2,"name":"Galo derruba a Ponte Preta em Belo Horizonte e aguarda o l\u00edder para o tira-teima"}]},{"@type":"WebSite","@id":"https:\/\/www.notibras.com\/site\/#website","url":"https:\/\/www.notibras.com\/site\/","name":"Notibras","description":"Not\u00edcias de Bras\u00edlia, do Brasil e do Mundo","publisher":{"@id":"https:\/\/www.notibras.com\/site\/#organization"},"potentialAction":[{"@type":"SearchAction","target":{"@type":"EntryPoint","urlTemplate":"https:\/\/www.notibras.com\/site\/?s={search_term_string}"},"query-input":{"@type":"PropertyValueSpecification","valueRequired":true,"valueName":"search_term_string"}}],"inLanguage":"pt-BR"},{"@type":"Organization","@id":"https:\/\/www.notibras.com\/site\/#organization","name":"Grupo Notibras de Comunica\u00e7\u00e3o","url":"https:\/\/www.notibras.com\/site\/","logo":{"@type":"ImageObject","inLanguage":"pt-BR","@id":"https:\/\/www.notibras.com\/site\/#\/schema\/logo\/image\/","url":"https:\/\/www.notibras.com\/site\/wp-content\/uploads\/2023\/01\/notibras23.png","contentUrl":"https:\/\/www.notibras.com\/site\/wp-content\/uploads\/2023\/01\/notibras23.png","width":350,"height":87,"caption":"Grupo Notibras de Comunica\u00e7\u00e3o"},"image":{"@id":"https:\/\/www.notibras.com\/site\/#\/schema\/logo\/image\/"},"sameAs":["https:\/\/www.facebook.com\/notibras\/","https:\/\/x.com\/Notibras","https:\/\/www.instagram.com\/notibras\/"]},{"@type":"Person","@id":"https:\/\/www.notibras.com\/site\/#\/schema\/person\/36ab0979449956132d3e5b517ea76ac8","name":"Reda\u00e7\u00e3o","image":{"@type":"ImageObject","inLanguage":"pt-BR","@id":"https:\/\/secure.gravatar.com\/avatar\/e0a867bdedb85fd243eadf09663511f96fc81e0720a4a42581f334ad4303aa6b?s=96&d=mm&r=g","url":"https:\/\/secure.gravatar.com\/avatar\/e0a867bdedb85fd243eadf09663511f96fc81e0720a4a42581f334ad4303aa6b?s=96&d=mm&r=g","contentUrl":"https:\/\/secure.gravatar.com\/avatar\/e0a867bdedb85fd243eadf09663511f96fc81e0720a4a42581f334ad4303aa6b?s=96&d=mm&r=g","caption":"Reda\u00e7\u00e3o"}}]}},"amp_enabled":true,"_links":{"self":[{"href":"https:\/\/www.notibras.com\/site\/wp-json\/wp\/v2\/posts\/72926","targetHints":{"allow":["GET"]}}],"collection":[{"href":"https:\/\/www.notibras.com\/site\/wp-json\/wp\/v2\/posts"}],"about":[{"href":"https:\/\/www.notibras.com\/site\/wp-json\/wp\/v2\/types\/post"}],"author":[{"embeddable":true,"href":"https:\/\/www.notibras.com\/site\/wp-json\/wp\/v2\/users\/2"}],"replies":[{"embeddable":true,"href":"https:\/\/www.notibras.com\/site\/wp-json\/wp\/v2\/comments?post=72926"}],"version-history":[{"count":1,"href":"https:\/\/www.notibras.com\/site\/wp-json\/wp\/v2\/posts\/72926\/revisions"}],"predecessor-version":[{"id":72928,"href":"https:\/\/www.notibras.com\/site\/wp-json\/wp\/v2\/posts\/72926\/revisions\/72928"}],"wp:featuredmedia":[{"embeddable":true,"href":"https:\/\/www.notibras.com\/site\/wp-json\/wp\/v2\/media\/72927"}],"wp:attachment":[{"href":"https:\/\/www.notibras.com\/site\/wp-json\/wp\/v2\/media?parent=72926"}],"wp:term":[{"taxonomy":"category","embeddable":true,"href":"https:\/\/www.notibras.com\/site\/wp-json\/wp\/v2\/categories?post=72926"},{"taxonomy":"post_tag","embeddable":true,"href":"https:\/\/www.notibras.com\/site\/wp-json\/wp\/v2\/tags?post=72926"}],"curies":[{"name":"wp","href":"https:\/\/api.w.org\/{rel}","templated":true}]}}