{"id":73175,"date":"2015-10-27T09:41:44","date_gmt":"2015-10-27T11:41:44","guid":{"rendered":"http:\/\/www.notibras.com\/site\/?p=73175"},"modified":"2015-10-27T22:20:17","modified_gmt":"2015-10-28T00:20:17","slug":"lula-anda-se-fazendo-de-demente-ou-charuto-cubano-esta-estragado","status":"publish","type":"post","link":"https:\/\/www.notibras.com\/site\/lula-anda-se-fazendo-de-demente-ou-charuto-cubano-esta-estragado\/","title":{"rendered":"Lula se faz de demente, ou o charuto cubano que ele fuma est\u00e1 estragado"},"content":{"rendered":"<p>dem\u00eancia<br \/>\nsubstantivo feminino<br \/>\n<strong>1. 1.<\/strong>\u00a0psicop perda de origem org\u00e2nica, freq. progressiva, sobretudo da mem\u00f3ria, mas que tb. compromete o pensamento, julgamento e\/ou a capacidade de adapta\u00e7\u00e3o a situa\u00e7\u00f5es sociais.<br \/>\n<strong>2. 2.<\/strong>\u00a0p.ext. comportamento inusual que aparenta ou sugere loucura; insensatez, doidice, parvo\u00edce.<\/p>\n<p>O que est\u00e1 acontecendo, s\u00f3 torneiros mec\u00e2nicos sabem no \u00edntimo. Torneiros mec\u00e2nicos menos oportunistas, menos doutrinados, menos revolucion\u00e1rios. Torneiros mec\u00e2nicos competentes s\u00e3o mais precisos, n\u00e3o avan\u00e7am no alheio. O torneiro louco est\u00e1 livre, ainda, mas continua ativo, antes que suas nove impress\u00f5es digitais definitivamente sejam colhidas pela sociedade brasileira, hoje reconhecida como Procuradoria Geral da Rep\u00fablica, por meio da Pol\u00edcia Federal. Ter nove impress\u00f5es digitais n\u00e3o \u00e9 nenhum dem\u00e9rito. O que define esse poder de manipula\u00e7\u00e3o \u00e9 a quantidade de d\u00f3lares que consegue contar.<\/p>\n<p>Continuando, para o torneiro mec\u00e2nico \u00e9 um absurdo o instituto da dela\u00e7\u00e3o premiada. Desespero. \u00c9 que ele n\u00e3o foi orientado assim pela ditadura militar enquanto estava sendo forjado por ela. Para as pessoas de bem, comprovadamente \u00e9 um nojo que o torneiro mec\u00e2nico, status de onde veio e para onde j\u00e1 voltou, depois da engendrada maracutaia bilion\u00e1ria que promoveu com seus asseclas mais inteligentes (ele julgou assim), e que a Justi\u00e7a hoje mandou a estrela dos espertos para a cana l\u00e1 em Curitiba, produz revolta ao torneiro mec\u00e2nico.<\/p>\n<p>Est\u00e1 dando piti. O que \u00e9 isso? No julgamento dele, o fato de ter sido premiado pela sorte e pelo infort\u00fanio dos brasileiros que ele conhece t\u00e3o bem \u2013 n\u00e3o os brasileiros, mas os infort\u00fanios, dos quais foi v\u00edtima e que se aproveitou \u2013 \u00e9 combust\u00edvel para questionar os preceitos constitucionais que ele acredita, na sua dem\u00eancia, estarem abaixo de suas engana\u00e7\u00f5es teatrais e oportunistas.<\/p>\n<p>D\u00e1 nojo mesmo. Esse mesmo engodo chamado Lula n\u00e3o acredita que as institui\u00e7\u00f5es chegaram ao seu calcanhar. Entre as institui\u00e7\u00f5es, a mais sagrada, que \u00e9 a sociedade organizada produtora, pensante, honesta, que para ele n\u00e3o existe.<\/p>\n<p>Sua quadrilha entende que os famintos, unidos, poderiam, \u00e0s suas benesses e comando, conquistar o pa\u00eds, esquartejar princ\u00edpios e definhar institui\u00e7\u00f5es consolidadas, como em qualquer republiqueta repulsiva e s\u00f3cia dele em muitos neg\u00f3cios na Am\u00e9rica do Sul ou na \u00c1frica, est\u00e3o fazendo.<\/p>\n<p>Maduro est\u00e1 rindo do idiota, Evo d\u00e1 gargalhadas do imbecil, a fam\u00edlia Castro que devolveu Cuba aos Estados Unidos e a quem Lula ensaiou um presente com o desprezo ao presidente Obama, meteram a m\u00e3o do dinheiro brasileiro e querem que Lula se exploda.<\/p>\n<p>Como um mau torneiro mec\u00e2nico \u2013 os bons jamais fariam isso \u2013 decidiu enfiar os dedos mais uma vez onde n\u00e3o devia. O demente Lula e os seus 40 ou mais condenados ladr\u00f5es, ainda n\u00e3o entenderam que a ficha caiu, a casa caiu, a Dilma caiu, a mentira caiu.<\/p>\n<p>Est\u00e3o apostando na miseric\u00f3rdia de outros bandidos que agora, num surto de humildade, os estrelistas entendem que podem socorr\u00ea-los. Est\u00e3o contemplados para jogar a b\u00f3ia os presidentes da C\u00e2mara Federal e do Senado. \u00c9 sujeira tentando lavar sujeira, uma receita que seria pr\u00eamio Nobel de faxina em qualquer tempo. Em qualquer exerc\u00edcio criminoso de poder.<\/p>\n<p>O Brasil viveu o maior per\u00edodo de crimes no exerc\u00edcio do Poder Executivo at\u00e9 hoje, desde 1808. O golpe \u00e9 t\u00e3o rom\u00e2ntico e cinematogr\u00e1fico que o governo de Lula at\u00e9 produziu, com o auxilio de um diretor pulha e oportunista, um longa metragem para ganhar o Oscar em territ\u00f3rio do homem mais poderoso do mundo, negro, filho de africanos, que at\u00e9 chegou a dizer que Lula \u201cera o cara\u201d, mas que o desqualificado Luis In\u00e1cio, para fazer gracinha aos s\u00f3cios menos qualificados na Am\u00e9rica do Sul, desprezou.<\/p>\n<p>Um cara muito mais aut\u00eantico do que ele. Obama hoje \u00e9 dono de Cuba, dos 12 pa\u00edses que v\u00e3o substituir as exporta\u00e7\u00f5es do Brasil, vai implodir o tal de Brics, est\u00e1 cagando para o Mercosul.<\/p>\n<p>Ser\u00e1 que a mentira do Bolsa Fam\u00edlia que n\u00e3o poder\u00e1 ser honrada vai expor as v\u00edsceras da dem\u00eancia? S\u00f3 tem um detalhe: louco n\u00e3o rasga dinheiro, mas a imprensa, que seu assecla Franklin Martins tentou censurar, n\u00e3o est\u00e1 s\u00f3.<\/p>\n<p>Prendam logo, senhores ministros-juristas, encaminhem a institutos de recupera\u00e7\u00e3o mental essa subclasse de indiv\u00edduos que s\u00f3 funcionam para o mal.<\/p>\n<p>Sugiro uma campanha, n\u00e3o igual \u00e0quela que recolheu fundos para pagar fian\u00e7as de outros bandidos do PT, lavando dinheiro, mas uma iniciativa proba, que possa construir um asilo mental para esses coitados apodrecerem com dignidade. Dignidade, diga-se, n\u00e3o conquistada por esses criminosos, mas oferecida por uma sociedade humanista e que n\u00e3o vive um regime de exce\u00e7\u00e3o como sugere a dem\u00eancia dos descobertos, mas que existe h\u00e1 mais de duas d\u00e9cadas.<\/p>\n<p>\u00cata, torneiro mec\u00e2nico, o charuto cubano que voc\u00ea fumou estava estragado? \u00c9 inacredit\u00e1vel que as institui\u00e7\u00f5es ainda respeitem disfun\u00e7\u00f5es mentais graves como essas que destruiram o pa\u00eds por muitas gera\u00e7\u00f5es. Preciso parar para vomitar.<\/p>\n","protected":false},"excerpt":{"rendered":"<p>dem\u00eancia substantivo feminino 1. 1.\u00a0psicop perda de origem org\u00e2nica, freq. progressiva, sobretudo da mem\u00f3ria, mas que tb. compromete o pensamento, julgamento e\/ou a capacidade de adapta\u00e7\u00e3o a situa\u00e7\u00f5es sociais. 2. 2.\u00a0p.ext. comportamento inusual que aparenta ou sugere loucura; insensatez, doidice, parvo\u00edce. O que est\u00e1 acontecendo, s\u00f3 torneiros mec\u00e2nicos sabem no \u00edntimo. Torneiros mec\u00e2nicos menos oportunistas, [&hellip;]<\/p>\n","protected":false},"author":2,"featured_media":73176,"comment_status":"open","ping_status":"closed","sticky":false,"template":"","format":"standard","meta":{"_acf_changed":false,"footnotes":""},"categories":[49],"tags":[],"class_list":["post-73175","post","type-post","status-publish","format-standard","has-post-thumbnail","hentry","category-max"],"acf":[],"yoast_head":"<!-- This site is optimized with the Yoast SEO plugin v27.2 - https:\/\/yoast.com\/product\/yoast-seo-wordpress\/ -->\n<title>Lula se faz de demente, ou o charuto cubano que ele fuma est\u00e1 estragado - Notibras<\/title>\n<meta name=\"robots\" content=\"index, follow, max-snippet:-1, max-image-preview:large, max-video-preview:-1\" \/>\n<link rel=\"canonical\" href=\"https:\/\/www.notibras.com\/site\/lula-anda-se-fazendo-de-demente-ou-charuto-cubano-esta-estragado\/\" \/>\n<meta property=\"og:locale\" content=\"pt_BR\" \/>\n<meta property=\"og:type\" content=\"article\" \/>\n<meta property=\"og:title\" content=\"Lula se faz de demente, ou o charuto cubano que ele fuma est\u00e1 estragado - Notibras\" \/>\n<meta property=\"og:description\" content=\"dem\u00eancia substantivo feminino 1. 1.\u00a0psicop perda de origem org\u00e2nica, freq. progressiva, sobretudo da mem\u00f3ria, mas que tb. compromete o pensamento, julgamento e\/ou a capacidade de adapta\u00e7\u00e3o a situa\u00e7\u00f5es sociais. 2. 2.\u00a0p.ext. comportamento inusual que aparenta ou sugere loucura; insensatez, doidice, parvo\u00edce. O que est\u00e1 acontecendo, s\u00f3 torneiros mec\u00e2nicos sabem no \u00edntimo. Torneiros mec\u00e2nicos menos oportunistas, [&hellip;]\" \/>\n<meta property=\"og:url\" content=\"https:\/\/www.notibras.com\/site\/lula-anda-se-fazendo-de-demente-ou-charuto-cubano-esta-estragado\/\" \/>\n<meta property=\"og:site_name\" content=\"Notibras\" \/>\n<meta property=\"article:publisher\" content=\"https:\/\/www.facebook.com\/notibras\/\" \/>\n<meta property=\"article:published_time\" content=\"2015-10-27T11:41:44+00:00\" \/>\n<meta property=\"article:modified_time\" content=\"2015-10-28T00:20:17+00:00\" \/>\n<meta property=\"og:image\" content=\"https:\/\/www.notibras.com\/site\/wp-content\/uploads\/2015\/10\/lula_fumando.jpg\" \/>\n\t<meta property=\"og:image:width\" content=\"350\" \/>\n\t<meta property=\"og:image:height\" content=\"263\" \/>\n\t<meta property=\"og:image:type\" content=\"image\/jpeg\" \/>\n<meta name=\"author\" content=\"Reda\u00e7\u00e3o\" \/>\n<meta name=\"twitter:card\" content=\"summary_large_image\" \/>\n<meta name=\"twitter:creator\" content=\"@Notibras\" \/>\n<meta name=\"twitter:site\" content=\"@Notibras\" \/>\n<meta name=\"twitter:label1\" content=\"Escrito por\" \/>\n\t<meta name=\"twitter:data1\" content=\"Reda\u00e7\u00e3o\" \/>\n\t<meta name=\"twitter:label2\" content=\"Est. tempo de leitura\" \/>\n\t<meta name=\"twitter:data2\" content=\"4 minutos\" \/>\n<script type=\"application\/ld+json\" class=\"yoast-schema-graph\">{\"@context\":\"https:\/\/schema.org\",\"@graph\":[{\"@type\":\"Article\",\"@id\":\"https:\/\/www.notibras.com\/site\/lula-anda-se-fazendo-de-demente-ou-charuto-cubano-esta-estragado\/#article\",\"isPartOf\":{\"@id\":\"https:\/\/www.notibras.com\/site\/lula-anda-se-fazendo-de-demente-ou-charuto-cubano-esta-estragado\/\"},\"author\":{\"name\":\"Reda\u00e7\u00e3o\",\"@id\":\"https:\/\/www.notibras.com\/site\/#\/schema\/person\/36ab0979449956132d3e5b517ea76ac8\"},\"headline\":\"Lula se faz de demente, ou o charuto cubano que ele fuma est\u00e1 estragado\",\"datePublished\":\"2015-10-27T11:41:44+00:00\",\"dateModified\":\"2015-10-28T00:20:17+00:00\",\"mainEntityOfPage\":{\"@id\":\"https:\/\/www.notibras.com\/site\/lula-anda-se-fazendo-de-demente-ou-charuto-cubano-esta-estragado\/\"},\"wordCount\":879,\"commentCount\":0,\"publisher\":{\"@id\":\"https:\/\/www.notibras.com\/site\/#organization\"},\"image\":{\"@id\":\"https:\/\/www.notibras.com\/site\/lula-anda-se-fazendo-de-demente-ou-charuto-cubano-esta-estragado\/#primaryimage\"},\"thumbnailUrl\":\"https:\/\/www.notibras.com\/site\/wp-content\/uploads\/2015\/10\/lula_fumando.jpg\",\"articleSection\":[\"Max de Quental\"],\"inLanguage\":\"pt-BR\",\"potentialAction\":[{\"@type\":\"CommentAction\",\"name\":\"Comment\",\"target\":[\"https:\/\/www.notibras.com\/site\/lula-anda-se-fazendo-de-demente-ou-charuto-cubano-esta-estragado\/#respond\"]}]},{\"@type\":\"WebPage\",\"@id\":\"https:\/\/www.notibras.com\/site\/lula-anda-se-fazendo-de-demente-ou-charuto-cubano-esta-estragado\/\",\"url\":\"https:\/\/www.notibras.com\/site\/lula-anda-se-fazendo-de-demente-ou-charuto-cubano-esta-estragado\/\",\"name\":\"Lula se faz de demente, ou o charuto cubano que ele fuma est\u00e1 estragado - Notibras\",\"isPartOf\":{\"@id\":\"https:\/\/www.notibras.com\/site\/#website\"},\"primaryImageOfPage\":{\"@id\":\"https:\/\/www.notibras.com\/site\/lula-anda-se-fazendo-de-demente-ou-charuto-cubano-esta-estragado\/#primaryimage\"},\"image\":{\"@id\":\"https:\/\/www.notibras.com\/site\/lula-anda-se-fazendo-de-demente-ou-charuto-cubano-esta-estragado\/#primaryimage\"},\"thumbnailUrl\":\"https:\/\/www.notibras.com\/site\/wp-content\/uploads\/2015\/10\/lula_fumando.jpg\",\"datePublished\":\"2015-10-27T11:41:44+00:00\",\"dateModified\":\"2015-10-28T00:20:17+00:00\",\"breadcrumb\":{\"@id\":\"https:\/\/www.notibras.com\/site\/lula-anda-se-fazendo-de-demente-ou-charuto-cubano-esta-estragado\/#breadcrumb\"},\"inLanguage\":\"pt-BR\",\"potentialAction\":[{\"@type\":\"ReadAction\",\"target\":[\"https:\/\/www.notibras.com\/site\/lula-anda-se-fazendo-de-demente-ou-charuto-cubano-esta-estragado\/\"]}]},{\"@type\":\"ImageObject\",\"inLanguage\":\"pt-BR\",\"@id\":\"https:\/\/www.notibras.com\/site\/lula-anda-se-fazendo-de-demente-ou-charuto-cubano-esta-estragado\/#primaryimage\",\"url\":\"https:\/\/www.notibras.com\/site\/wp-content\/uploads\/2015\/10\/lula_fumando.jpg\",\"contentUrl\":\"https:\/\/www.notibras.com\/site\/wp-content\/uploads\/2015\/10\/lula_fumando.jpg\",\"width\":350,\"height\":263},{\"@type\":\"BreadcrumbList\",\"@id\":\"https:\/\/www.notibras.com\/site\/lula-anda-se-fazendo-de-demente-ou-charuto-cubano-esta-estragado\/#breadcrumb\",\"itemListElement\":[{\"@type\":\"ListItem\",\"position\":1,\"name\":\"In\u00edcio\",\"item\":\"https:\/\/www.notibras.com\/site\/\"},{\"@type\":\"ListItem\",\"position\":2,\"name\":\"Lula se faz de demente, ou o charuto cubano que ele fuma est\u00e1 estragado\"}]},{\"@type\":\"WebSite\",\"@id\":\"https:\/\/www.notibras.com\/site\/#website\",\"url\":\"https:\/\/www.notibras.com\/site\/\",\"name\":\"Notibras\",\"description\":\"Not\u00edcias de Bras\u00edlia, do Brasil e do Mundo\",\"publisher\":{\"@id\":\"https:\/\/www.notibras.com\/site\/#organization\"},\"potentialAction\":[{\"@type\":\"SearchAction\",\"target\":{\"@type\":\"EntryPoint\",\"urlTemplate\":\"https:\/\/www.notibras.com\/site\/?s={search_term_string}\"},\"query-input\":{\"@type\":\"PropertyValueSpecification\",\"valueRequired\":true,\"valueName\":\"search_term_string\"}}],\"inLanguage\":\"pt-BR\"},{\"@type\":\"Organization\",\"@id\":\"https:\/\/www.notibras.com\/site\/#organization\",\"name\":\"Grupo Notibras de Comunica\u00e7\u00e3o\",\"url\":\"https:\/\/www.notibras.com\/site\/\",\"logo\":{\"@type\":\"ImageObject\",\"inLanguage\":\"pt-BR\",\"@id\":\"https:\/\/www.notibras.com\/site\/#\/schema\/logo\/image\/\",\"url\":\"https:\/\/www.notibras.com\/site\/wp-content\/uploads\/2023\/01\/notibras23.png\",\"contentUrl\":\"https:\/\/www.notibras.com\/site\/wp-content\/uploads\/2023\/01\/notibras23.png\",\"width\":350,\"height\":87,\"caption\":\"Grupo Notibras de Comunica\u00e7\u00e3o\"},\"image\":{\"@id\":\"https:\/\/www.notibras.com\/site\/#\/schema\/logo\/image\/\"},\"sameAs\":[\"https:\/\/www.facebook.com\/notibras\/\",\"https:\/\/x.com\/Notibras\",\"https:\/\/www.instagram.com\/notibras\/\"]},{\"@type\":\"Person\",\"@id\":\"https:\/\/www.notibras.com\/site\/#\/schema\/person\/36ab0979449956132d3e5b517ea76ac8\",\"name\":\"Reda\u00e7\u00e3o\",\"image\":{\"@type\":\"ImageObject\",\"inLanguage\":\"pt-BR\",\"@id\":\"https:\/\/secure.gravatar.com\/avatar\/e0a867bdedb85fd243eadf09663511f96fc81e0720a4a42581f334ad4303aa6b?s=96&d=mm&r=g\",\"url\":\"https:\/\/secure.gravatar.com\/avatar\/e0a867bdedb85fd243eadf09663511f96fc81e0720a4a42581f334ad4303aa6b?s=96&d=mm&r=g\",\"contentUrl\":\"https:\/\/secure.gravatar.com\/avatar\/e0a867bdedb85fd243eadf09663511f96fc81e0720a4a42581f334ad4303aa6b?s=96&d=mm&r=g\",\"caption\":\"Reda\u00e7\u00e3o\"}}]}<\/script>\n<!-- \/ Yoast SEO plugin. -->","yoast_head_json":{"title":"Lula se faz de demente, ou o charuto cubano que ele fuma est\u00e1 estragado - Notibras","robots":{"index":"index","follow":"follow","max-snippet":"max-snippet:-1","max-image-preview":"max-image-preview:large","max-video-preview":"max-video-preview:-1"},"canonical":"https:\/\/www.notibras.com\/site\/lula-anda-se-fazendo-de-demente-ou-charuto-cubano-esta-estragado\/","og_locale":"pt_BR","og_type":"article","og_title":"Lula se faz de demente, ou o charuto cubano que ele fuma est\u00e1 estragado - Notibras","og_description":"dem\u00eancia substantivo feminino 1. 1.\u00a0psicop perda de origem org\u00e2nica, freq. progressiva, sobretudo da mem\u00f3ria, mas que tb. compromete o pensamento, julgamento e\/ou a capacidade de adapta\u00e7\u00e3o a situa\u00e7\u00f5es sociais. 2. 2.\u00a0p.ext. comportamento inusual que aparenta ou sugere loucura; insensatez, doidice, parvo\u00edce. O que est\u00e1 acontecendo, s\u00f3 torneiros mec\u00e2nicos sabem no \u00edntimo. Torneiros mec\u00e2nicos menos oportunistas, [&hellip;]","og_url":"https:\/\/www.notibras.com\/site\/lula-anda-se-fazendo-de-demente-ou-charuto-cubano-esta-estragado\/","og_site_name":"Notibras","article_publisher":"https:\/\/www.facebook.com\/notibras\/","article_published_time":"2015-10-27T11:41:44+00:00","article_modified_time":"2015-10-28T00:20:17+00:00","og_image":[{"width":350,"height":263,"url":"https:\/\/www.notibras.com\/site\/wp-content\/uploads\/2015\/10\/lula_fumando.jpg","type":"image\/jpeg"}],"author":"Reda\u00e7\u00e3o","twitter_card":"summary_large_image","twitter_creator":"@Notibras","twitter_site":"@Notibras","twitter_misc":{"Escrito por":"Reda\u00e7\u00e3o","Est. tempo de leitura":"4 minutos"},"schema":{"@context":"https:\/\/schema.org","@graph":[{"@type":"Article","@id":"https:\/\/www.notibras.com\/site\/lula-anda-se-fazendo-de-demente-ou-charuto-cubano-esta-estragado\/#article","isPartOf":{"@id":"https:\/\/www.notibras.com\/site\/lula-anda-se-fazendo-de-demente-ou-charuto-cubano-esta-estragado\/"},"author":{"name":"Reda\u00e7\u00e3o","@id":"https:\/\/www.notibras.com\/site\/#\/schema\/person\/36ab0979449956132d3e5b517ea76ac8"},"headline":"Lula se faz de demente, ou o charuto cubano que ele fuma est\u00e1 estragado","datePublished":"2015-10-27T11:41:44+00:00","dateModified":"2015-10-28T00:20:17+00:00","mainEntityOfPage":{"@id":"https:\/\/www.notibras.com\/site\/lula-anda-se-fazendo-de-demente-ou-charuto-cubano-esta-estragado\/"},"wordCount":879,"commentCount":0,"publisher":{"@id":"https:\/\/www.notibras.com\/site\/#organization"},"image":{"@id":"https:\/\/www.notibras.com\/site\/lula-anda-se-fazendo-de-demente-ou-charuto-cubano-esta-estragado\/#primaryimage"},"thumbnailUrl":"https:\/\/www.notibras.com\/site\/wp-content\/uploads\/2015\/10\/lula_fumando.jpg","articleSection":["Max de Quental"],"inLanguage":"pt-BR","potentialAction":[{"@type":"CommentAction","name":"Comment","target":["https:\/\/www.notibras.com\/site\/lula-anda-se-fazendo-de-demente-ou-charuto-cubano-esta-estragado\/#respond"]}]},{"@type":"WebPage","@id":"https:\/\/www.notibras.com\/site\/lula-anda-se-fazendo-de-demente-ou-charuto-cubano-esta-estragado\/","url":"https:\/\/www.notibras.com\/site\/lula-anda-se-fazendo-de-demente-ou-charuto-cubano-esta-estragado\/","name":"Lula se faz de demente, ou o charuto cubano que ele fuma est\u00e1 estragado - Notibras","isPartOf":{"@id":"https:\/\/www.notibras.com\/site\/#website"},"primaryImageOfPage":{"@id":"https:\/\/www.notibras.com\/site\/lula-anda-se-fazendo-de-demente-ou-charuto-cubano-esta-estragado\/#primaryimage"},"image":{"@id":"https:\/\/www.notibras.com\/site\/lula-anda-se-fazendo-de-demente-ou-charuto-cubano-esta-estragado\/#primaryimage"},"thumbnailUrl":"https:\/\/www.notibras.com\/site\/wp-content\/uploads\/2015\/10\/lula_fumando.jpg","datePublished":"2015-10-27T11:41:44+00:00","dateModified":"2015-10-28T00:20:17+00:00","breadcrumb":{"@id":"https:\/\/www.notibras.com\/site\/lula-anda-se-fazendo-de-demente-ou-charuto-cubano-esta-estragado\/#breadcrumb"},"inLanguage":"pt-BR","potentialAction":[{"@type":"ReadAction","target":["https:\/\/www.notibras.com\/site\/lula-anda-se-fazendo-de-demente-ou-charuto-cubano-esta-estragado\/"]}]},{"@type":"ImageObject","inLanguage":"pt-BR","@id":"https:\/\/www.notibras.com\/site\/lula-anda-se-fazendo-de-demente-ou-charuto-cubano-esta-estragado\/#primaryimage","url":"https:\/\/www.notibras.com\/site\/wp-content\/uploads\/2015\/10\/lula_fumando.jpg","contentUrl":"https:\/\/www.notibras.com\/site\/wp-content\/uploads\/2015\/10\/lula_fumando.jpg","width":350,"height":263},{"@type":"BreadcrumbList","@id":"https:\/\/www.notibras.com\/site\/lula-anda-se-fazendo-de-demente-ou-charuto-cubano-esta-estragado\/#breadcrumb","itemListElement":[{"@type":"ListItem","position":1,"name":"In\u00edcio","item":"https:\/\/www.notibras.com\/site\/"},{"@type":"ListItem","position":2,"name":"Lula se faz de demente, ou o charuto cubano que ele fuma est\u00e1 estragado"}]},{"@type":"WebSite","@id":"https:\/\/www.notibras.com\/site\/#website","url":"https:\/\/www.notibras.com\/site\/","name":"Notibras","description":"Not\u00edcias de Bras\u00edlia, do Brasil e do Mundo","publisher":{"@id":"https:\/\/www.notibras.com\/site\/#organization"},"potentialAction":[{"@type":"SearchAction","target":{"@type":"EntryPoint","urlTemplate":"https:\/\/www.notibras.com\/site\/?s={search_term_string}"},"query-input":{"@type":"PropertyValueSpecification","valueRequired":true,"valueName":"search_term_string"}}],"inLanguage":"pt-BR"},{"@type":"Organization","@id":"https:\/\/www.notibras.com\/site\/#organization","name":"Grupo Notibras de Comunica\u00e7\u00e3o","url":"https:\/\/www.notibras.com\/site\/","logo":{"@type":"ImageObject","inLanguage":"pt-BR","@id":"https:\/\/www.notibras.com\/site\/#\/schema\/logo\/image\/","url":"https:\/\/www.notibras.com\/site\/wp-content\/uploads\/2023\/01\/notibras23.png","contentUrl":"https:\/\/www.notibras.com\/site\/wp-content\/uploads\/2023\/01\/notibras23.png","width":350,"height":87,"caption":"Grupo Notibras de Comunica\u00e7\u00e3o"},"image":{"@id":"https:\/\/www.notibras.com\/site\/#\/schema\/logo\/image\/"},"sameAs":["https:\/\/www.facebook.com\/notibras\/","https:\/\/x.com\/Notibras","https:\/\/www.instagram.com\/notibras\/"]},{"@type":"Person","@id":"https:\/\/www.notibras.com\/site\/#\/schema\/person\/36ab0979449956132d3e5b517ea76ac8","name":"Reda\u00e7\u00e3o","image":{"@type":"ImageObject","inLanguage":"pt-BR","@id":"https:\/\/secure.gravatar.com\/avatar\/e0a867bdedb85fd243eadf09663511f96fc81e0720a4a42581f334ad4303aa6b?s=96&d=mm&r=g","url":"https:\/\/secure.gravatar.com\/avatar\/e0a867bdedb85fd243eadf09663511f96fc81e0720a4a42581f334ad4303aa6b?s=96&d=mm&r=g","contentUrl":"https:\/\/secure.gravatar.com\/avatar\/e0a867bdedb85fd243eadf09663511f96fc81e0720a4a42581f334ad4303aa6b?s=96&d=mm&r=g","caption":"Reda\u00e7\u00e3o"}}]}},"amp_enabled":true,"_links":{"self":[{"href":"https:\/\/www.notibras.com\/site\/wp-json\/wp\/v2\/posts\/73175","targetHints":{"allow":["GET"]}}],"collection":[{"href":"https:\/\/www.notibras.com\/site\/wp-json\/wp\/v2\/posts"}],"about":[{"href":"https:\/\/www.notibras.com\/site\/wp-json\/wp\/v2\/types\/post"}],"author":[{"embeddable":true,"href":"https:\/\/www.notibras.com\/site\/wp-json\/wp\/v2\/users\/2"}],"replies":[{"embeddable":true,"href":"https:\/\/www.notibras.com\/site\/wp-json\/wp\/v2\/comments?post=73175"}],"version-history":[{"count":4,"href":"https:\/\/www.notibras.com\/site\/wp-json\/wp\/v2\/posts\/73175\/revisions"}],"predecessor-version":[{"id":73321,"href":"https:\/\/www.notibras.com\/site\/wp-json\/wp\/v2\/posts\/73175\/revisions\/73321"}],"wp:featuredmedia":[{"embeddable":true,"href":"https:\/\/www.notibras.com\/site\/wp-json\/wp\/v2\/media\/73176"}],"wp:attachment":[{"href":"https:\/\/www.notibras.com\/site\/wp-json\/wp\/v2\/media?parent=73175"}],"wp:term":[{"taxonomy":"category","embeddable":true,"href":"https:\/\/www.notibras.com\/site\/wp-json\/wp\/v2\/categories?post=73175"},{"taxonomy":"post_tag","embeddable":true,"href":"https:\/\/www.notibras.com\/site\/wp-json\/wp\/v2\/tags?post=73175"}],"curies":[{"name":"wp","href":"https:\/\/api.w.org\/{rel}","templated":true}]}}