{"id":7319,"date":"2014-04-22T05:56:18","date_gmt":"2014-04-22T08:56:18","guid":{"rendered":"http:\/\/www.notibras.com\/site\/?p=7319"},"modified":"2014-04-28T22:05:40","modified_gmt":"2014-04-29T01:05:40","slug":"catador-acha-30-kg-de-restos-humanos-em-saco-plastico-em-lixao-de-sao-paulo","status":"publish","type":"post","link":"https:\/\/www.notibras.com\/site\/catador-acha-30-kg-de-restos-humanos-em-saco-plastico-em-lixao-de-sao-paulo\/","title":{"rendered":"Catador acha 30 kg de restos humanos em saco pl\u00e1stico"},"content":{"rendered":"<p>A Pol\u00edcia Civil de Ja\u00fa, distante 300 km da capital pualista, investiga a origem dos cerca de 30 quilos restos de corpos, \u00f3rg\u00e3os, al\u00e9m de um feto de aproximadamente seis meses encontrados em um saco pl\u00e1stico na \u00e1rea de transbordo do lixo residencial da cidade, que \u00e9 levado para o munic\u00edpio de Piratininga, distante 60 km de Ja\u00fa.<\/p>\n<p>De acordo com a Pol\u00edcia Civil, os \u00f3rg\u00e3os encontrados estavam com etiquetas e n\u00famero de quartos, mas sem indica\u00e7\u00e3o do hospital ou cl\u00ednica de origem. O nome de uma paciente e de um m\u00e9dico encontrados no local podem levar policiais a identificar os respons\u00e1veis pelo descarte irregular. De acordo com o delegado seccional de Ja\u00fa, Luverci da Costa Melo, esses dados ir\u00e3o auxiliar o setor de investiga\u00e7\u00e3o para solucionar o caso.<\/p>\n<p>\u201cProvavelmente o descarte incorreto dos tecidos humanos se trata de erro de um funcion\u00e1rio que se equivocou, mas nossa preocupa\u00e7\u00e3o est\u00e1 em descobrir a origem do feto, se houve um aborto instant\u00e2neo, terap\u00eautico ou criminoso. Os exames v\u00e3o apontar a resposta para essas perguntas\u201d, afirmou o delegado seccional.<\/p>\n<p>O lix\u00e3o \u00e9 mantido pelo munic\u00edpio e fica no quil\u00f4metro 167 da rodovia Engenheiro Paulo Nilo Romano, no sentido Ja\u00fa-Brotas. Os restos mortais foram encontrados neste domingo por um catador de recicl\u00e1veis que reside pr\u00f3ximo ao local. Ele contou aos policiais civis que, com a chegada dos caminh\u00f5es que fazem a coleta do lixo na cidade, foi at\u00e9 o local para separar os materiais recicl\u00e1veis como papel\u00e3o, metais e pl\u00e1stico.<\/p>\n<p>De acordo com as informa\u00e7\u00f5es prestadas pelo catador aos policiais, em um dos sacos despejados havia algo de estranho, j\u00e1 que era pesado e sem rigidez. Ao abrir, o catador, que n\u00e3o teve o nome divulgado, contou que viu diversos \u00f3rg\u00e3os humanos e um feto. Apesar de ter encontrado os restos mortais pela manh\u00e3, ele apenas comunicou os policiais por volta das 17h de domingo.<\/p>\n<p>O motivo apontado por ele \u00e9 n\u00e3o existem telefones fixos no local e aparelhos celulares ficam sem sinal no lix\u00e3o. O homem contou que esperou a passagem de um caminh\u00e3o no local para solicitar ajuda e comunicar \u00e0s autoridades. Enquanto aguardava a chegada da pol\u00edcia, o catador pegou o feto colocou em uma caixa e os restos mortais do saco ele ateou fogo e enterrou por ali mesmo.<\/p>\n<p>Os policiais relataram no boletim de ocorr\u00eancia registrado que o feto encontrado aparentava ter cerca de seis meses, tinha pele branca e estava com as pernas encolhidas. N\u00e3o foi poss\u00edvel afirmar o sexo do feto que foi encaminhado para O Instituto M\u00e9dico Legal (IML) de Ja\u00fa.<\/p>\n<p>A Lei Federal n\u00ba 6.437\/77 estabelece que res\u00edduos bil\u00f3gicos n\u00e3o podem ser descartados como lixo comum, sob pena de multa as entidades ou institui\u00e7\u00f5es que descumprirem a norma. A fiscaliza\u00e7\u00e3o cabe a Ag\u00eancia Nacional de Vigil\u00e2ncia Sanit\u00e1ria (Anvisa).<\/p>\n","protected":false},"excerpt":{"rendered":"<p>A Pol\u00edcia Civil de Ja\u00fa, distante 300 km da capital pualista, investiga a origem dos cerca de 30 quilos restos de corpos, \u00f3rg\u00e3os, al\u00e9m de um feto de aproximadamente seis meses encontrados em um saco pl\u00e1stico na \u00e1rea de transbordo do lixo residencial da cidade, que \u00e9 levado para o munic\u00edpio de Piratininga, distante 60 [&hellip;]<\/p>\n","protected":false},"author":2,"featured_media":7320,"comment_status":"open","ping_status":"closed","sticky":false,"template":"","format":"standard","meta":{"_acf_changed":false,"footnotes":""},"categories":[24],"tags":[],"class_list":["post-7319","post","type-post","status-publish","format-standard","has-post-thumbnail","hentry","category-sao-paulo"],"acf":[],"yoast_head":"<!-- This site is optimized with the Yoast SEO plugin v27.2 - https:\/\/yoast.com\/product\/yoast-seo-wordpress\/ -->\n<title>Catador acha 30 kg de restos humanos em saco pl\u00e1stico - Notibras<\/title>\n<meta name=\"robots\" content=\"index, follow, max-snippet:-1, max-image-preview:large, max-video-preview:-1\" \/>\n<link rel=\"canonical\" href=\"https:\/\/www.notibras.com\/site\/catador-acha-30-kg-de-restos-humanos-em-saco-plastico-em-lixao-de-sao-paulo\/\" \/>\n<meta property=\"og:locale\" content=\"pt_BR\" \/>\n<meta property=\"og:type\" content=\"article\" \/>\n<meta property=\"og:title\" content=\"Catador acha 30 kg de restos humanos em saco pl\u00e1stico - Notibras\" \/>\n<meta property=\"og:description\" content=\"A Pol\u00edcia Civil de Ja\u00fa, distante 300 km da capital pualista, investiga a origem dos cerca de 30 quilos restos de corpos, \u00f3rg\u00e3os, al\u00e9m de um feto de aproximadamente seis meses encontrados em um saco pl\u00e1stico na \u00e1rea de transbordo do lixo residencial da cidade, que \u00e9 levado para o munic\u00edpio de Piratininga, distante 60 [&hellip;]\" \/>\n<meta property=\"og:url\" content=\"https:\/\/www.notibras.com\/site\/catador-acha-30-kg-de-restos-humanos-em-saco-plastico-em-lixao-de-sao-paulo\/\" \/>\n<meta property=\"og:site_name\" content=\"Notibras\" \/>\n<meta property=\"article:publisher\" content=\"https:\/\/www.facebook.com\/notibras\/\" \/>\n<meta property=\"article:published_time\" content=\"2014-04-22T08:56:18+00:00\" \/>\n<meta property=\"article:modified_time\" content=\"2014-04-29T01:05:40+00:00\" \/>\n<meta property=\"og:image\" content=\"https:\/\/www.notibras.com\/site\/wp-content\/uploads\/2014\/04\/lixo.jpg\" \/>\n\t<meta property=\"og:image:width\" content=\"420\" \/>\n\t<meta property=\"og:image:height\" content=\"315\" \/>\n\t<meta property=\"og:image:type\" content=\"image\/jpeg\" \/>\n<meta name=\"author\" content=\"Reda\u00e7\u00e3o\" \/>\n<meta name=\"twitter:card\" content=\"summary_large_image\" \/>\n<meta name=\"twitter:creator\" content=\"@Notibras\" \/>\n<meta name=\"twitter:site\" content=\"@Notibras\" \/>\n<meta name=\"twitter:label1\" content=\"Escrito por\" \/>\n\t<meta name=\"twitter:data1\" content=\"Reda\u00e7\u00e3o\" \/>\n\t<meta name=\"twitter:label2\" content=\"Est. tempo de leitura\" \/>\n\t<meta name=\"twitter:data2\" content=\"3 minutos\" \/>\n<script type=\"application\/ld+json\" class=\"yoast-schema-graph\">{\"@context\":\"https:\/\/schema.org\",\"@graph\":[{\"@type\":\"Article\",\"@id\":\"https:\/\/www.notibras.com\/site\/catador-acha-30-kg-de-restos-humanos-em-saco-plastico-em-lixao-de-sao-paulo\/#article\",\"isPartOf\":{\"@id\":\"https:\/\/www.notibras.com\/site\/catador-acha-30-kg-de-restos-humanos-em-saco-plastico-em-lixao-de-sao-paulo\/\"},\"author\":{\"name\":\"Reda\u00e7\u00e3o\",\"@id\":\"https:\/\/www.notibras.com\/site\/#\/schema\/person\/36ab0979449956132d3e5b517ea76ac8\"},\"headline\":\"Catador acha 30 kg de restos humanos em saco pl\u00e1stico\",\"datePublished\":\"2014-04-22T08:56:18+00:00\",\"dateModified\":\"2014-04-29T01:05:40+00:00\",\"mainEntityOfPage\":{\"@id\":\"https:\/\/www.notibras.com\/site\/catador-acha-30-kg-de-restos-humanos-em-saco-plastico-em-lixao-de-sao-paulo\/\"},\"wordCount\":514,\"commentCount\":0,\"publisher\":{\"@id\":\"https:\/\/www.notibras.com\/site\/#organization\"},\"image\":{\"@id\":\"https:\/\/www.notibras.com\/site\/catador-acha-30-kg-de-restos-humanos-em-saco-plastico-em-lixao-de-sao-paulo\/#primaryimage\"},\"thumbnailUrl\":\"https:\/\/www.notibras.com\/site\/wp-content\/uploads\/2014\/04\/lixo.jpg\",\"articleSection\":[\"S\u00e3o Paulo\"],\"inLanguage\":\"pt-BR\",\"potentialAction\":[{\"@type\":\"CommentAction\",\"name\":\"Comment\",\"target\":[\"https:\/\/www.notibras.com\/site\/catador-acha-30-kg-de-restos-humanos-em-saco-plastico-em-lixao-de-sao-paulo\/#respond\"]}]},{\"@type\":\"WebPage\",\"@id\":\"https:\/\/www.notibras.com\/site\/catador-acha-30-kg-de-restos-humanos-em-saco-plastico-em-lixao-de-sao-paulo\/\",\"url\":\"https:\/\/www.notibras.com\/site\/catador-acha-30-kg-de-restos-humanos-em-saco-plastico-em-lixao-de-sao-paulo\/\",\"name\":\"Catador acha 30 kg de restos humanos em saco pl\u00e1stico - Notibras\",\"isPartOf\":{\"@id\":\"https:\/\/www.notibras.com\/site\/#website\"},\"primaryImageOfPage\":{\"@id\":\"https:\/\/www.notibras.com\/site\/catador-acha-30-kg-de-restos-humanos-em-saco-plastico-em-lixao-de-sao-paulo\/#primaryimage\"},\"image\":{\"@id\":\"https:\/\/www.notibras.com\/site\/catador-acha-30-kg-de-restos-humanos-em-saco-plastico-em-lixao-de-sao-paulo\/#primaryimage\"},\"thumbnailUrl\":\"https:\/\/www.notibras.com\/site\/wp-content\/uploads\/2014\/04\/lixo.jpg\",\"datePublished\":\"2014-04-22T08:56:18+00:00\",\"dateModified\":\"2014-04-29T01:05:40+00:00\",\"breadcrumb\":{\"@id\":\"https:\/\/www.notibras.com\/site\/catador-acha-30-kg-de-restos-humanos-em-saco-plastico-em-lixao-de-sao-paulo\/#breadcrumb\"},\"inLanguage\":\"pt-BR\",\"potentialAction\":[{\"@type\":\"ReadAction\",\"target\":[\"https:\/\/www.notibras.com\/site\/catador-acha-30-kg-de-restos-humanos-em-saco-plastico-em-lixao-de-sao-paulo\/\"]}]},{\"@type\":\"ImageObject\",\"inLanguage\":\"pt-BR\",\"@id\":\"https:\/\/www.notibras.com\/site\/catador-acha-30-kg-de-restos-humanos-em-saco-plastico-em-lixao-de-sao-paulo\/#primaryimage\",\"url\":\"https:\/\/www.notibras.com\/site\/wp-content\/uploads\/2014\/04\/lixo.jpg\",\"contentUrl\":\"https:\/\/www.notibras.com\/site\/wp-content\/uploads\/2014\/04\/lixo.jpg\",\"width\":420,\"height\":315},{\"@type\":\"BreadcrumbList\",\"@id\":\"https:\/\/www.notibras.com\/site\/catador-acha-30-kg-de-restos-humanos-em-saco-plastico-em-lixao-de-sao-paulo\/#breadcrumb\",\"itemListElement\":[{\"@type\":\"ListItem\",\"position\":1,\"name\":\"In\u00edcio\",\"item\":\"https:\/\/www.notibras.com\/site\/\"},{\"@type\":\"ListItem\",\"position\":2,\"name\":\"Catador acha 30 kg de restos humanos em saco pl\u00e1stico\"}]},{\"@type\":\"WebSite\",\"@id\":\"https:\/\/www.notibras.com\/site\/#website\",\"url\":\"https:\/\/www.notibras.com\/site\/\",\"name\":\"Notibras\",\"description\":\"Not\u00edcias de Bras\u00edlia, do Brasil e do Mundo\",\"publisher\":{\"@id\":\"https:\/\/www.notibras.com\/site\/#organization\"},\"potentialAction\":[{\"@type\":\"SearchAction\",\"target\":{\"@type\":\"EntryPoint\",\"urlTemplate\":\"https:\/\/www.notibras.com\/site\/?s={search_term_string}\"},\"query-input\":{\"@type\":\"PropertyValueSpecification\",\"valueRequired\":true,\"valueName\":\"search_term_string\"}}],\"inLanguage\":\"pt-BR\"},{\"@type\":\"Organization\",\"@id\":\"https:\/\/www.notibras.com\/site\/#organization\",\"name\":\"Grupo Notibras de Comunica\u00e7\u00e3o\",\"url\":\"https:\/\/www.notibras.com\/site\/\",\"logo\":{\"@type\":\"ImageObject\",\"inLanguage\":\"pt-BR\",\"@id\":\"https:\/\/www.notibras.com\/site\/#\/schema\/logo\/image\/\",\"url\":\"https:\/\/www.notibras.com\/site\/wp-content\/uploads\/2023\/01\/notibras23.png\",\"contentUrl\":\"https:\/\/www.notibras.com\/site\/wp-content\/uploads\/2023\/01\/notibras23.png\",\"width\":350,\"height\":87,\"caption\":\"Grupo Notibras de Comunica\u00e7\u00e3o\"},\"image\":{\"@id\":\"https:\/\/www.notibras.com\/site\/#\/schema\/logo\/image\/\"},\"sameAs\":[\"https:\/\/www.facebook.com\/notibras\/\",\"https:\/\/x.com\/Notibras\",\"https:\/\/www.instagram.com\/notibras\/\"]},{\"@type\":\"Person\",\"@id\":\"https:\/\/www.notibras.com\/site\/#\/schema\/person\/36ab0979449956132d3e5b517ea76ac8\",\"name\":\"Reda\u00e7\u00e3o\",\"image\":{\"@type\":\"ImageObject\",\"inLanguage\":\"pt-BR\",\"@id\":\"https:\/\/secure.gravatar.com\/avatar\/e0a867bdedb85fd243eadf09663511f96fc81e0720a4a42581f334ad4303aa6b?s=96&d=mm&r=g\",\"url\":\"https:\/\/secure.gravatar.com\/avatar\/e0a867bdedb85fd243eadf09663511f96fc81e0720a4a42581f334ad4303aa6b?s=96&d=mm&r=g\",\"contentUrl\":\"https:\/\/secure.gravatar.com\/avatar\/e0a867bdedb85fd243eadf09663511f96fc81e0720a4a42581f334ad4303aa6b?s=96&d=mm&r=g\",\"caption\":\"Reda\u00e7\u00e3o\"}}]}<\/script>\n<!-- \/ Yoast SEO plugin. -->","yoast_head_json":{"title":"Catador acha 30 kg de restos humanos em saco pl\u00e1stico - Notibras","robots":{"index":"index","follow":"follow","max-snippet":"max-snippet:-1","max-image-preview":"max-image-preview:large","max-video-preview":"max-video-preview:-1"},"canonical":"https:\/\/www.notibras.com\/site\/catador-acha-30-kg-de-restos-humanos-em-saco-plastico-em-lixao-de-sao-paulo\/","og_locale":"pt_BR","og_type":"article","og_title":"Catador acha 30 kg de restos humanos em saco pl\u00e1stico - Notibras","og_description":"A Pol\u00edcia Civil de Ja\u00fa, distante 300 km da capital pualista, investiga a origem dos cerca de 30 quilos restos de corpos, \u00f3rg\u00e3os, al\u00e9m de um feto de aproximadamente seis meses encontrados em um saco pl\u00e1stico na \u00e1rea de transbordo do lixo residencial da cidade, que \u00e9 levado para o munic\u00edpio de Piratininga, distante 60 [&hellip;]","og_url":"https:\/\/www.notibras.com\/site\/catador-acha-30-kg-de-restos-humanos-em-saco-plastico-em-lixao-de-sao-paulo\/","og_site_name":"Notibras","article_publisher":"https:\/\/www.facebook.com\/notibras\/","article_published_time":"2014-04-22T08:56:18+00:00","article_modified_time":"2014-04-29T01:05:40+00:00","og_image":[{"width":420,"height":315,"url":"https:\/\/www.notibras.com\/site\/wp-content\/uploads\/2014\/04\/lixo.jpg","type":"image\/jpeg"}],"author":"Reda\u00e7\u00e3o","twitter_card":"summary_large_image","twitter_creator":"@Notibras","twitter_site":"@Notibras","twitter_misc":{"Escrito por":"Reda\u00e7\u00e3o","Est. tempo de leitura":"3 minutos"},"schema":{"@context":"https:\/\/schema.org","@graph":[{"@type":"Article","@id":"https:\/\/www.notibras.com\/site\/catador-acha-30-kg-de-restos-humanos-em-saco-plastico-em-lixao-de-sao-paulo\/#article","isPartOf":{"@id":"https:\/\/www.notibras.com\/site\/catador-acha-30-kg-de-restos-humanos-em-saco-plastico-em-lixao-de-sao-paulo\/"},"author":{"name":"Reda\u00e7\u00e3o","@id":"https:\/\/www.notibras.com\/site\/#\/schema\/person\/36ab0979449956132d3e5b517ea76ac8"},"headline":"Catador acha 30 kg de restos humanos em saco pl\u00e1stico","datePublished":"2014-04-22T08:56:18+00:00","dateModified":"2014-04-29T01:05:40+00:00","mainEntityOfPage":{"@id":"https:\/\/www.notibras.com\/site\/catador-acha-30-kg-de-restos-humanos-em-saco-plastico-em-lixao-de-sao-paulo\/"},"wordCount":514,"commentCount":0,"publisher":{"@id":"https:\/\/www.notibras.com\/site\/#organization"},"image":{"@id":"https:\/\/www.notibras.com\/site\/catador-acha-30-kg-de-restos-humanos-em-saco-plastico-em-lixao-de-sao-paulo\/#primaryimage"},"thumbnailUrl":"https:\/\/www.notibras.com\/site\/wp-content\/uploads\/2014\/04\/lixo.jpg","articleSection":["S\u00e3o Paulo"],"inLanguage":"pt-BR","potentialAction":[{"@type":"CommentAction","name":"Comment","target":["https:\/\/www.notibras.com\/site\/catador-acha-30-kg-de-restos-humanos-em-saco-plastico-em-lixao-de-sao-paulo\/#respond"]}]},{"@type":"WebPage","@id":"https:\/\/www.notibras.com\/site\/catador-acha-30-kg-de-restos-humanos-em-saco-plastico-em-lixao-de-sao-paulo\/","url":"https:\/\/www.notibras.com\/site\/catador-acha-30-kg-de-restos-humanos-em-saco-plastico-em-lixao-de-sao-paulo\/","name":"Catador acha 30 kg de restos humanos em saco pl\u00e1stico - Notibras","isPartOf":{"@id":"https:\/\/www.notibras.com\/site\/#website"},"primaryImageOfPage":{"@id":"https:\/\/www.notibras.com\/site\/catador-acha-30-kg-de-restos-humanos-em-saco-plastico-em-lixao-de-sao-paulo\/#primaryimage"},"image":{"@id":"https:\/\/www.notibras.com\/site\/catador-acha-30-kg-de-restos-humanos-em-saco-plastico-em-lixao-de-sao-paulo\/#primaryimage"},"thumbnailUrl":"https:\/\/www.notibras.com\/site\/wp-content\/uploads\/2014\/04\/lixo.jpg","datePublished":"2014-04-22T08:56:18+00:00","dateModified":"2014-04-29T01:05:40+00:00","breadcrumb":{"@id":"https:\/\/www.notibras.com\/site\/catador-acha-30-kg-de-restos-humanos-em-saco-plastico-em-lixao-de-sao-paulo\/#breadcrumb"},"inLanguage":"pt-BR","potentialAction":[{"@type":"ReadAction","target":["https:\/\/www.notibras.com\/site\/catador-acha-30-kg-de-restos-humanos-em-saco-plastico-em-lixao-de-sao-paulo\/"]}]},{"@type":"ImageObject","inLanguage":"pt-BR","@id":"https:\/\/www.notibras.com\/site\/catador-acha-30-kg-de-restos-humanos-em-saco-plastico-em-lixao-de-sao-paulo\/#primaryimage","url":"https:\/\/www.notibras.com\/site\/wp-content\/uploads\/2014\/04\/lixo.jpg","contentUrl":"https:\/\/www.notibras.com\/site\/wp-content\/uploads\/2014\/04\/lixo.jpg","width":420,"height":315},{"@type":"BreadcrumbList","@id":"https:\/\/www.notibras.com\/site\/catador-acha-30-kg-de-restos-humanos-em-saco-plastico-em-lixao-de-sao-paulo\/#breadcrumb","itemListElement":[{"@type":"ListItem","position":1,"name":"In\u00edcio","item":"https:\/\/www.notibras.com\/site\/"},{"@type":"ListItem","position":2,"name":"Catador acha 30 kg de restos humanos em saco pl\u00e1stico"}]},{"@type":"WebSite","@id":"https:\/\/www.notibras.com\/site\/#website","url":"https:\/\/www.notibras.com\/site\/","name":"Notibras","description":"Not\u00edcias de Bras\u00edlia, do Brasil e do Mundo","publisher":{"@id":"https:\/\/www.notibras.com\/site\/#organization"},"potentialAction":[{"@type":"SearchAction","target":{"@type":"EntryPoint","urlTemplate":"https:\/\/www.notibras.com\/site\/?s={search_term_string}"},"query-input":{"@type":"PropertyValueSpecification","valueRequired":true,"valueName":"search_term_string"}}],"inLanguage":"pt-BR"},{"@type":"Organization","@id":"https:\/\/www.notibras.com\/site\/#organization","name":"Grupo Notibras de Comunica\u00e7\u00e3o","url":"https:\/\/www.notibras.com\/site\/","logo":{"@type":"ImageObject","inLanguage":"pt-BR","@id":"https:\/\/www.notibras.com\/site\/#\/schema\/logo\/image\/","url":"https:\/\/www.notibras.com\/site\/wp-content\/uploads\/2023\/01\/notibras23.png","contentUrl":"https:\/\/www.notibras.com\/site\/wp-content\/uploads\/2023\/01\/notibras23.png","width":350,"height":87,"caption":"Grupo Notibras de Comunica\u00e7\u00e3o"},"image":{"@id":"https:\/\/www.notibras.com\/site\/#\/schema\/logo\/image\/"},"sameAs":["https:\/\/www.facebook.com\/notibras\/","https:\/\/x.com\/Notibras","https:\/\/www.instagram.com\/notibras\/"]},{"@type":"Person","@id":"https:\/\/www.notibras.com\/site\/#\/schema\/person\/36ab0979449956132d3e5b517ea76ac8","name":"Reda\u00e7\u00e3o","image":{"@type":"ImageObject","inLanguage":"pt-BR","@id":"https:\/\/secure.gravatar.com\/avatar\/e0a867bdedb85fd243eadf09663511f96fc81e0720a4a42581f334ad4303aa6b?s=96&d=mm&r=g","url":"https:\/\/secure.gravatar.com\/avatar\/e0a867bdedb85fd243eadf09663511f96fc81e0720a4a42581f334ad4303aa6b?s=96&d=mm&r=g","contentUrl":"https:\/\/secure.gravatar.com\/avatar\/e0a867bdedb85fd243eadf09663511f96fc81e0720a4a42581f334ad4303aa6b?s=96&d=mm&r=g","caption":"Reda\u00e7\u00e3o"}}]}},"amp_enabled":true,"_links":{"self":[{"href":"https:\/\/www.notibras.com\/site\/wp-json\/wp\/v2\/posts\/7319","targetHints":{"allow":["GET"]}}],"collection":[{"href":"https:\/\/www.notibras.com\/site\/wp-json\/wp\/v2\/posts"}],"about":[{"href":"https:\/\/www.notibras.com\/site\/wp-json\/wp\/v2\/types\/post"}],"author":[{"embeddable":true,"href":"https:\/\/www.notibras.com\/site\/wp-json\/wp\/v2\/users\/2"}],"replies":[{"embeddable":true,"href":"https:\/\/www.notibras.com\/site\/wp-json\/wp\/v2\/comments?post=7319"}],"version-history":[{"count":0,"href":"https:\/\/www.notibras.com\/site\/wp-json\/wp\/v2\/posts\/7319\/revisions"}],"wp:featuredmedia":[{"embeddable":true,"href":"https:\/\/www.notibras.com\/site\/wp-json\/wp\/v2\/media\/7320"}],"wp:attachment":[{"href":"https:\/\/www.notibras.com\/site\/wp-json\/wp\/v2\/media?parent=7319"}],"wp:term":[{"taxonomy":"category","embeddable":true,"href":"https:\/\/www.notibras.com\/site\/wp-json\/wp\/v2\/categories?post=7319"},{"taxonomy":"post_tag","embeddable":true,"href":"https:\/\/www.notibras.com\/site\/wp-json\/wp\/v2\/tags?post=7319"}],"curies":[{"name":"wp","href":"https:\/\/api.w.org\/{rel}","templated":true}]}}