{"id":73204,"date":"2015-10-27T11:02:10","date_gmt":"2015-10-27T13:02:10","guid":{"rendered":"http:\/\/www.notibras.com\/site\/?p=73204"},"modified":"2015-10-27T23:16:06","modified_gmt":"2015-10-28T01:16:06","slug":"lei-antiterror-brasileira-coloca-em-xeque-convencao-latina-dos-direitos-humanos","status":"publish","type":"post","link":"https:\/\/www.notibras.com\/site\/lei-antiterror-brasileira-coloca-em-xeque-convencao-latina-dos-direitos-humanos\/","title":{"rendered":"Lei antiterror brasileira coloca em xeque conven\u00e7\u00e3o latina dos direitos humanos"},"content":{"rendered":"<p>O projeto de Lei Antiterrorismo que tramita no Congresso Nacional poder\u00e1 violar a Conven\u00e7\u00e3o Interamericana de Direitos Humanos se estabelecer tipos penais muito amplos e amb\u00edguos, que poderiam ser usados para criminalizar movimentos sociais e vozes dissidentes, afirma o uruguaio Edison Lanza, relator especial para Liberdade de Express\u00e3o da Comiss\u00e3o Interamericana de Direitos Humanos (CIDH) &#8211; ligada \u00e0 Organiza\u00e7\u00e3o dos Estados Americanos (OEA).<\/p>\n<p>Lanza defende que o projeto em tramita\u00e7\u00e3o no Senado contemple o par\u00e1grafo que exclui da aplica\u00e7\u00e3o da lei manifesta\u00e7\u00f5es pol\u00edticas e movimentos sociais ou reivindicat\u00f3rios. Emenda nesse sentido foi aprovada na C\u00e2mara dos Deputados, mas foi exclu\u00edda na proposta que est\u00e1 no Senado por parecer do tucano Aloysio Nunes Ferreira.<\/p>\n<p>Segundo o parlamentar, manter o dispositivo seria o mesmo que criar uma &#8220;causa justa&#8221; para crimes de terror. &#8220;Em um Estado democr\u00e1tico de Direito, as manifesta\u00e7\u00f5es e reivindica\u00e7\u00f5es sociais, sejam elas coletivas ou individuais, n\u00e3o t\u00eam outra forma de serem realizadas sen\u00e3o de maneira pac\u00edfica e civilizada&#8221;, escreveu em seu parecer.<\/p>\n<p><b>&#8216;Jurisprud\u00eancia&#8217; &#8211;\u00a0<\/b>&#8220;H\u00e1 jurisprud\u00eancia e casos abundantes na Am\u00e9rica Latina que mostram que leis antiterrorismo redigidas em termos vagos e amb\u00edguos servem muitas vezes para de algum modo criminalizar grupos que s\u00e3o vozes muito fortes, dissidentes, mas n\u00e3o necessariamente grupos terroristas&#8221;, disse Lanza. &#8220;N\u00f3s sabemos que em manifesta\u00e7\u00f5es muitas vezes n\u00e3o acontece nada, mas \u00e0s vezes h\u00e1 pequenos grupos que quebram vidros, incendeiam uma porta. O perigo \u00e9 que esse tipo de lei acabe por gerar obst\u00e1culos para o desenvolvimento de protestos e manifesta\u00e7\u00f5es &#8221;<\/p>\n<p>O projeto define o terrorismo contra pessoas como o ato de viol\u00eancia premeditada que &#8220;provoca terror generalizado&#8221; e \u00e9 motivado &#8220;por extremismo pol\u00edtico, intoler\u00e2ncia religiosa ou de preconceito racial, \u00e9tnico, de g\u00eanero ou xen\u00f3fobo&#8221;. Tamb\u00e9m h\u00e1 o terrorismo contra coisas, que tem as mesmas caracter\u00edsticas e resulta na destrui\u00e7\u00e3o ou inutiliza\u00e7\u00e3o de bem ou servi\u00e7o social.<\/p>\n<p>Lanza observou que h\u00e1 antecedentes no Chile, em Honduras e na Guatemala de aplica\u00e7\u00e3o de leis de combate ao terrorismo que levaram \u00e0 condena\u00e7\u00e3o de ativistas de movimentos sociais, especialmente ind\u00edgenas ou envolvidos com quest\u00f5es fundi\u00e1rias. No ano passado, a Corte Interamericana de Direitos Humanos determinou que o Chile anulasse a condena\u00e7\u00e3o por terrorismo de sete \u00edndios mapuches.<\/p>\n<p>&#8220;A Corte disse que o direito penal n\u00e3o pode ser usado com tipos abertos ou vagos para criminalizar setores que demandam direitos N\u00e3o digo que n\u00e3o seja leg\u00edtimo proteger os cidad\u00e3os contra o terrorismo. Mas todos sabemos que se cometeram excessos em nome da luta contra o terrorismo&#8221;, observou Lanza. Outra cr\u00edtica do uruguaio diz respeito \u00e0s penas previstas no projeto, que podem chegar a 30 anos de pris\u00e3o, algo que considera excessivo.<\/p>\n<p><img loading=\"lazy\" decoding=\"async\" class=\"alignnone size-full wp-image-70065\" src=\"http:\/\/www.notibras.com\/site\/wp-content\/uploads\/2015\/10\/estadao.png\" alt=\"estadao\" width=\"99\" height=\"16\" \/><\/p>\n","protected":false},"excerpt":{"rendered":"<p>O projeto de Lei Antiterrorismo que tramita no Congresso Nacional poder\u00e1 violar a Conven\u00e7\u00e3o Interamericana de Direitos Humanos se estabelecer tipos penais muito amplos e amb\u00edguos, que poderiam ser usados para criminalizar movimentos sociais e vozes dissidentes, afirma o uruguaio Edison Lanza, relator especial para Liberdade de Express\u00e3o da Comiss\u00e3o Interamericana de Direitos Humanos (CIDH) [&hellip;]<\/p>\n","protected":false},"author":2,"featured_media":73205,"comment_status":"open","ping_status":"closed","sticky":false,"template":"","format":"standard","meta":{"_acf_changed":false,"footnotes":""},"categories":[16],"tags":[],"class_list":["post-73204","post","type-post","status-publish","format-standard","has-post-thumbnail","hentry","category-brasil"],"acf":[],"yoast_head":"<!-- This site is optimized with the Yoast SEO plugin v27.2 - https:\/\/yoast.com\/product\/yoast-seo-wordpress\/ -->\n<title>Lei antiterror brasileira coloca em xeque conven\u00e7\u00e3o latina dos direitos humanos - Notibras<\/title>\n<meta name=\"robots\" content=\"index, follow, max-snippet:-1, max-image-preview:large, max-video-preview:-1\" \/>\n<link rel=\"canonical\" href=\"https:\/\/www.notibras.com\/site\/lei-antiterror-brasileira-coloca-em-xeque-convencao-latina-dos-direitos-humanos\/\" \/>\n<meta property=\"og:locale\" content=\"pt_BR\" \/>\n<meta property=\"og:type\" content=\"article\" \/>\n<meta property=\"og:title\" content=\"Lei antiterror brasileira coloca em xeque conven\u00e7\u00e3o latina dos direitos humanos - Notibras\" \/>\n<meta property=\"og:description\" content=\"O projeto de Lei Antiterrorismo que tramita no Congresso Nacional poder\u00e1 violar a Conven\u00e7\u00e3o Interamericana de Direitos Humanos se estabelecer tipos penais muito amplos e amb\u00edguos, que poderiam ser usados para criminalizar movimentos sociais e vozes dissidentes, afirma o uruguaio Edison Lanza, relator especial para Liberdade de Express\u00e3o da Comiss\u00e3o Interamericana de Direitos Humanos (CIDH) [&hellip;]\" \/>\n<meta property=\"og:url\" content=\"https:\/\/www.notibras.com\/site\/lei-antiterror-brasileira-coloca-em-xeque-convencao-latina-dos-direitos-humanos\/\" \/>\n<meta property=\"og:site_name\" content=\"Notibras\" \/>\n<meta property=\"article:publisher\" content=\"https:\/\/www.facebook.com\/notibras\/\" \/>\n<meta property=\"article:published_time\" content=\"2015-10-27T13:02:10+00:00\" \/>\n<meta property=\"article:modified_time\" content=\"2015-10-28T01:16:06+00:00\" \/>\n<meta property=\"og:image\" content=\"https:\/\/www.notibras.com\/site\/wp-content\/uploads\/2015\/10\/21866750200_289bf906fe_b.jpg\" \/>\n\t<meta property=\"og:image:width\" content=\"1024\" \/>\n\t<meta property=\"og:image:height\" content=\"683\" \/>\n\t<meta property=\"og:image:type\" content=\"image\/jpeg\" \/>\n<meta name=\"author\" content=\"Reda\u00e7\u00e3o\" \/>\n<meta name=\"twitter:card\" content=\"summary_large_image\" \/>\n<meta name=\"twitter:creator\" content=\"@Notibras\" \/>\n<meta name=\"twitter:site\" content=\"@Notibras\" \/>\n<meta name=\"twitter:label1\" content=\"Escrito por\" \/>\n\t<meta name=\"twitter:data1\" content=\"Reda\u00e7\u00e3o\" \/>\n\t<meta name=\"twitter:label2\" content=\"Est. tempo de leitura\" \/>\n\t<meta name=\"twitter:data2\" content=\"2 minutos\" \/>\n<script type=\"application\/ld+json\" class=\"yoast-schema-graph\">{\"@context\":\"https:\/\/schema.org\",\"@graph\":[{\"@type\":\"Article\",\"@id\":\"https:\/\/www.notibras.com\/site\/lei-antiterror-brasileira-coloca-em-xeque-convencao-latina-dos-direitos-humanos\/#article\",\"isPartOf\":{\"@id\":\"https:\/\/www.notibras.com\/site\/lei-antiterror-brasileira-coloca-em-xeque-convencao-latina-dos-direitos-humanos\/\"},\"author\":{\"name\":\"Reda\u00e7\u00e3o\",\"@id\":\"https:\/\/www.notibras.com\/site\/#\/schema\/person\/36ab0979449956132d3e5b517ea76ac8\"},\"headline\":\"Lei antiterror brasileira coloca em xeque conven\u00e7\u00e3o latina dos direitos humanos\",\"datePublished\":\"2015-10-27T13:02:10+00:00\",\"dateModified\":\"2015-10-28T01:16:06+00:00\",\"mainEntityOfPage\":{\"@id\":\"https:\/\/www.notibras.com\/site\/lei-antiterror-brasileira-coloca-em-xeque-convencao-latina-dos-direitos-humanos\/\"},\"wordCount\":496,\"commentCount\":0,\"publisher\":{\"@id\":\"https:\/\/www.notibras.com\/site\/#organization\"},\"image\":{\"@id\":\"https:\/\/www.notibras.com\/site\/lei-antiterror-brasileira-coloca-em-xeque-convencao-latina-dos-direitos-humanos\/#primaryimage\"},\"thumbnailUrl\":\"https:\/\/www.notibras.com\/site\/wp-content\/uploads\/2015\/10\/21866750200_289bf906fe_b.jpg\",\"articleSection\":[\"Brasil\"],\"inLanguage\":\"pt-BR\",\"potentialAction\":[{\"@type\":\"CommentAction\",\"name\":\"Comment\",\"target\":[\"https:\/\/www.notibras.com\/site\/lei-antiterror-brasileira-coloca-em-xeque-convencao-latina-dos-direitos-humanos\/#respond\"]}]},{\"@type\":\"WebPage\",\"@id\":\"https:\/\/www.notibras.com\/site\/lei-antiterror-brasileira-coloca-em-xeque-convencao-latina-dos-direitos-humanos\/\",\"url\":\"https:\/\/www.notibras.com\/site\/lei-antiterror-brasileira-coloca-em-xeque-convencao-latina-dos-direitos-humanos\/\",\"name\":\"Lei antiterror brasileira coloca em xeque conven\u00e7\u00e3o latina dos direitos humanos - Notibras\",\"isPartOf\":{\"@id\":\"https:\/\/www.notibras.com\/site\/#website\"},\"primaryImageOfPage\":{\"@id\":\"https:\/\/www.notibras.com\/site\/lei-antiterror-brasileira-coloca-em-xeque-convencao-latina-dos-direitos-humanos\/#primaryimage\"},\"image\":{\"@id\":\"https:\/\/www.notibras.com\/site\/lei-antiterror-brasileira-coloca-em-xeque-convencao-latina-dos-direitos-humanos\/#primaryimage\"},\"thumbnailUrl\":\"https:\/\/www.notibras.com\/site\/wp-content\/uploads\/2015\/10\/21866750200_289bf906fe_b.jpg\",\"datePublished\":\"2015-10-27T13:02:10+00:00\",\"dateModified\":\"2015-10-28T01:16:06+00:00\",\"breadcrumb\":{\"@id\":\"https:\/\/www.notibras.com\/site\/lei-antiterror-brasileira-coloca-em-xeque-convencao-latina-dos-direitos-humanos\/#breadcrumb\"},\"inLanguage\":\"pt-BR\",\"potentialAction\":[{\"@type\":\"ReadAction\",\"target\":[\"https:\/\/www.notibras.com\/site\/lei-antiterror-brasileira-coloca-em-xeque-convencao-latina-dos-direitos-humanos\/\"]}]},{\"@type\":\"ImageObject\",\"inLanguage\":\"pt-BR\",\"@id\":\"https:\/\/www.notibras.com\/site\/lei-antiterror-brasileira-coloca-em-xeque-convencao-latina-dos-direitos-humanos\/#primaryimage\",\"url\":\"https:\/\/www.notibras.com\/site\/wp-content\/uploads\/2015\/10\/21866750200_289bf906fe_b.jpg\",\"contentUrl\":\"https:\/\/www.notibras.com\/site\/wp-content\/uploads\/2015\/10\/21866750200_289bf906fe_b.jpg\",\"width\":1024,\"height\":683},{\"@type\":\"BreadcrumbList\",\"@id\":\"https:\/\/www.notibras.com\/site\/lei-antiterror-brasileira-coloca-em-xeque-convencao-latina-dos-direitos-humanos\/#breadcrumb\",\"itemListElement\":[{\"@type\":\"ListItem\",\"position\":1,\"name\":\"In\u00edcio\",\"item\":\"https:\/\/www.notibras.com\/site\/\"},{\"@type\":\"ListItem\",\"position\":2,\"name\":\"Lei antiterror brasileira coloca em xeque conven\u00e7\u00e3o latina dos direitos humanos\"}]},{\"@type\":\"WebSite\",\"@id\":\"https:\/\/www.notibras.com\/site\/#website\",\"url\":\"https:\/\/www.notibras.com\/site\/\",\"name\":\"Notibras\",\"description\":\"Not\u00edcias de Bras\u00edlia, do Brasil e do Mundo\",\"publisher\":{\"@id\":\"https:\/\/www.notibras.com\/site\/#organization\"},\"potentialAction\":[{\"@type\":\"SearchAction\",\"target\":{\"@type\":\"EntryPoint\",\"urlTemplate\":\"https:\/\/www.notibras.com\/site\/?s={search_term_string}\"},\"query-input\":{\"@type\":\"PropertyValueSpecification\",\"valueRequired\":true,\"valueName\":\"search_term_string\"}}],\"inLanguage\":\"pt-BR\"},{\"@type\":\"Organization\",\"@id\":\"https:\/\/www.notibras.com\/site\/#organization\",\"name\":\"Grupo Notibras de Comunica\u00e7\u00e3o\",\"url\":\"https:\/\/www.notibras.com\/site\/\",\"logo\":{\"@type\":\"ImageObject\",\"inLanguage\":\"pt-BR\",\"@id\":\"https:\/\/www.notibras.com\/site\/#\/schema\/logo\/image\/\",\"url\":\"https:\/\/www.notibras.com\/site\/wp-content\/uploads\/2023\/01\/notibras23.png\",\"contentUrl\":\"https:\/\/www.notibras.com\/site\/wp-content\/uploads\/2023\/01\/notibras23.png\",\"width\":350,\"height\":87,\"caption\":\"Grupo Notibras de Comunica\u00e7\u00e3o\"},\"image\":{\"@id\":\"https:\/\/www.notibras.com\/site\/#\/schema\/logo\/image\/\"},\"sameAs\":[\"https:\/\/www.facebook.com\/notibras\/\",\"https:\/\/x.com\/Notibras\",\"https:\/\/www.instagram.com\/notibras\/\"]},{\"@type\":\"Person\",\"@id\":\"https:\/\/www.notibras.com\/site\/#\/schema\/person\/36ab0979449956132d3e5b517ea76ac8\",\"name\":\"Reda\u00e7\u00e3o\",\"image\":{\"@type\":\"ImageObject\",\"inLanguage\":\"pt-BR\",\"@id\":\"https:\/\/secure.gravatar.com\/avatar\/e0a867bdedb85fd243eadf09663511f96fc81e0720a4a42581f334ad4303aa6b?s=96&d=mm&r=g\",\"url\":\"https:\/\/secure.gravatar.com\/avatar\/e0a867bdedb85fd243eadf09663511f96fc81e0720a4a42581f334ad4303aa6b?s=96&d=mm&r=g\",\"contentUrl\":\"https:\/\/secure.gravatar.com\/avatar\/e0a867bdedb85fd243eadf09663511f96fc81e0720a4a42581f334ad4303aa6b?s=96&d=mm&r=g\",\"caption\":\"Reda\u00e7\u00e3o\"}}]}<\/script>\n<!-- \/ Yoast SEO plugin. -->","yoast_head_json":{"title":"Lei antiterror brasileira coloca em xeque conven\u00e7\u00e3o latina dos direitos humanos - Notibras","robots":{"index":"index","follow":"follow","max-snippet":"max-snippet:-1","max-image-preview":"max-image-preview:large","max-video-preview":"max-video-preview:-1"},"canonical":"https:\/\/www.notibras.com\/site\/lei-antiterror-brasileira-coloca-em-xeque-convencao-latina-dos-direitos-humanos\/","og_locale":"pt_BR","og_type":"article","og_title":"Lei antiterror brasileira coloca em xeque conven\u00e7\u00e3o latina dos direitos humanos - Notibras","og_description":"O projeto de Lei Antiterrorismo que tramita no Congresso Nacional poder\u00e1 violar a Conven\u00e7\u00e3o Interamericana de Direitos Humanos se estabelecer tipos penais muito amplos e amb\u00edguos, que poderiam ser usados para criminalizar movimentos sociais e vozes dissidentes, afirma o uruguaio Edison Lanza, relator especial para Liberdade de Express\u00e3o da Comiss\u00e3o Interamericana de Direitos Humanos (CIDH) [&hellip;]","og_url":"https:\/\/www.notibras.com\/site\/lei-antiterror-brasileira-coloca-em-xeque-convencao-latina-dos-direitos-humanos\/","og_site_name":"Notibras","article_publisher":"https:\/\/www.facebook.com\/notibras\/","article_published_time":"2015-10-27T13:02:10+00:00","article_modified_time":"2015-10-28T01:16:06+00:00","og_image":[{"width":1024,"height":683,"url":"https:\/\/www.notibras.com\/site\/wp-content\/uploads\/2015\/10\/21866750200_289bf906fe_b.jpg","type":"image\/jpeg"}],"author":"Reda\u00e7\u00e3o","twitter_card":"summary_large_image","twitter_creator":"@Notibras","twitter_site":"@Notibras","twitter_misc":{"Escrito por":"Reda\u00e7\u00e3o","Est. tempo de leitura":"2 minutos"},"schema":{"@context":"https:\/\/schema.org","@graph":[{"@type":"Article","@id":"https:\/\/www.notibras.com\/site\/lei-antiterror-brasileira-coloca-em-xeque-convencao-latina-dos-direitos-humanos\/#article","isPartOf":{"@id":"https:\/\/www.notibras.com\/site\/lei-antiterror-brasileira-coloca-em-xeque-convencao-latina-dos-direitos-humanos\/"},"author":{"name":"Reda\u00e7\u00e3o","@id":"https:\/\/www.notibras.com\/site\/#\/schema\/person\/36ab0979449956132d3e5b517ea76ac8"},"headline":"Lei antiterror brasileira coloca em xeque conven\u00e7\u00e3o latina dos direitos humanos","datePublished":"2015-10-27T13:02:10+00:00","dateModified":"2015-10-28T01:16:06+00:00","mainEntityOfPage":{"@id":"https:\/\/www.notibras.com\/site\/lei-antiterror-brasileira-coloca-em-xeque-convencao-latina-dos-direitos-humanos\/"},"wordCount":496,"commentCount":0,"publisher":{"@id":"https:\/\/www.notibras.com\/site\/#organization"},"image":{"@id":"https:\/\/www.notibras.com\/site\/lei-antiterror-brasileira-coloca-em-xeque-convencao-latina-dos-direitos-humanos\/#primaryimage"},"thumbnailUrl":"https:\/\/www.notibras.com\/site\/wp-content\/uploads\/2015\/10\/21866750200_289bf906fe_b.jpg","articleSection":["Brasil"],"inLanguage":"pt-BR","potentialAction":[{"@type":"CommentAction","name":"Comment","target":["https:\/\/www.notibras.com\/site\/lei-antiterror-brasileira-coloca-em-xeque-convencao-latina-dos-direitos-humanos\/#respond"]}]},{"@type":"WebPage","@id":"https:\/\/www.notibras.com\/site\/lei-antiterror-brasileira-coloca-em-xeque-convencao-latina-dos-direitos-humanos\/","url":"https:\/\/www.notibras.com\/site\/lei-antiterror-brasileira-coloca-em-xeque-convencao-latina-dos-direitos-humanos\/","name":"Lei antiterror brasileira coloca em xeque conven\u00e7\u00e3o latina dos direitos humanos - Notibras","isPartOf":{"@id":"https:\/\/www.notibras.com\/site\/#website"},"primaryImageOfPage":{"@id":"https:\/\/www.notibras.com\/site\/lei-antiterror-brasileira-coloca-em-xeque-convencao-latina-dos-direitos-humanos\/#primaryimage"},"image":{"@id":"https:\/\/www.notibras.com\/site\/lei-antiterror-brasileira-coloca-em-xeque-convencao-latina-dos-direitos-humanos\/#primaryimage"},"thumbnailUrl":"https:\/\/www.notibras.com\/site\/wp-content\/uploads\/2015\/10\/21866750200_289bf906fe_b.jpg","datePublished":"2015-10-27T13:02:10+00:00","dateModified":"2015-10-28T01:16:06+00:00","breadcrumb":{"@id":"https:\/\/www.notibras.com\/site\/lei-antiterror-brasileira-coloca-em-xeque-convencao-latina-dos-direitos-humanos\/#breadcrumb"},"inLanguage":"pt-BR","potentialAction":[{"@type":"ReadAction","target":["https:\/\/www.notibras.com\/site\/lei-antiterror-brasileira-coloca-em-xeque-convencao-latina-dos-direitos-humanos\/"]}]},{"@type":"ImageObject","inLanguage":"pt-BR","@id":"https:\/\/www.notibras.com\/site\/lei-antiterror-brasileira-coloca-em-xeque-convencao-latina-dos-direitos-humanos\/#primaryimage","url":"https:\/\/www.notibras.com\/site\/wp-content\/uploads\/2015\/10\/21866750200_289bf906fe_b.jpg","contentUrl":"https:\/\/www.notibras.com\/site\/wp-content\/uploads\/2015\/10\/21866750200_289bf906fe_b.jpg","width":1024,"height":683},{"@type":"BreadcrumbList","@id":"https:\/\/www.notibras.com\/site\/lei-antiterror-brasileira-coloca-em-xeque-convencao-latina-dos-direitos-humanos\/#breadcrumb","itemListElement":[{"@type":"ListItem","position":1,"name":"In\u00edcio","item":"https:\/\/www.notibras.com\/site\/"},{"@type":"ListItem","position":2,"name":"Lei antiterror brasileira coloca em xeque conven\u00e7\u00e3o latina dos direitos humanos"}]},{"@type":"WebSite","@id":"https:\/\/www.notibras.com\/site\/#website","url":"https:\/\/www.notibras.com\/site\/","name":"Notibras","description":"Not\u00edcias de Bras\u00edlia, do Brasil e do Mundo","publisher":{"@id":"https:\/\/www.notibras.com\/site\/#organization"},"potentialAction":[{"@type":"SearchAction","target":{"@type":"EntryPoint","urlTemplate":"https:\/\/www.notibras.com\/site\/?s={search_term_string}"},"query-input":{"@type":"PropertyValueSpecification","valueRequired":true,"valueName":"search_term_string"}}],"inLanguage":"pt-BR"},{"@type":"Organization","@id":"https:\/\/www.notibras.com\/site\/#organization","name":"Grupo Notibras de Comunica\u00e7\u00e3o","url":"https:\/\/www.notibras.com\/site\/","logo":{"@type":"ImageObject","inLanguage":"pt-BR","@id":"https:\/\/www.notibras.com\/site\/#\/schema\/logo\/image\/","url":"https:\/\/www.notibras.com\/site\/wp-content\/uploads\/2023\/01\/notibras23.png","contentUrl":"https:\/\/www.notibras.com\/site\/wp-content\/uploads\/2023\/01\/notibras23.png","width":350,"height":87,"caption":"Grupo Notibras de Comunica\u00e7\u00e3o"},"image":{"@id":"https:\/\/www.notibras.com\/site\/#\/schema\/logo\/image\/"},"sameAs":["https:\/\/www.facebook.com\/notibras\/","https:\/\/x.com\/Notibras","https:\/\/www.instagram.com\/notibras\/"]},{"@type":"Person","@id":"https:\/\/www.notibras.com\/site\/#\/schema\/person\/36ab0979449956132d3e5b517ea76ac8","name":"Reda\u00e7\u00e3o","image":{"@type":"ImageObject","inLanguage":"pt-BR","@id":"https:\/\/secure.gravatar.com\/avatar\/e0a867bdedb85fd243eadf09663511f96fc81e0720a4a42581f334ad4303aa6b?s=96&d=mm&r=g","url":"https:\/\/secure.gravatar.com\/avatar\/e0a867bdedb85fd243eadf09663511f96fc81e0720a4a42581f334ad4303aa6b?s=96&d=mm&r=g","contentUrl":"https:\/\/secure.gravatar.com\/avatar\/e0a867bdedb85fd243eadf09663511f96fc81e0720a4a42581f334ad4303aa6b?s=96&d=mm&r=g","caption":"Reda\u00e7\u00e3o"}}]}},"amp_enabled":true,"_links":{"self":[{"href":"https:\/\/www.notibras.com\/site\/wp-json\/wp\/v2\/posts\/73204","targetHints":{"allow":["GET"]}}],"collection":[{"href":"https:\/\/www.notibras.com\/site\/wp-json\/wp\/v2\/posts"}],"about":[{"href":"https:\/\/www.notibras.com\/site\/wp-json\/wp\/v2\/types\/post"}],"author":[{"embeddable":true,"href":"https:\/\/www.notibras.com\/site\/wp-json\/wp\/v2\/users\/2"}],"replies":[{"embeddable":true,"href":"https:\/\/www.notibras.com\/site\/wp-json\/wp\/v2\/comments?post=73204"}],"version-history":[{"count":1,"href":"https:\/\/www.notibras.com\/site\/wp-json\/wp\/v2\/posts\/73204\/revisions"}],"predecessor-version":[{"id":73206,"href":"https:\/\/www.notibras.com\/site\/wp-json\/wp\/v2\/posts\/73204\/revisions\/73206"}],"wp:featuredmedia":[{"embeddable":true,"href":"https:\/\/www.notibras.com\/site\/wp-json\/wp\/v2\/media\/73205"}],"wp:attachment":[{"href":"https:\/\/www.notibras.com\/site\/wp-json\/wp\/v2\/media?parent=73204"}],"wp:term":[{"taxonomy":"category","embeddable":true,"href":"https:\/\/www.notibras.com\/site\/wp-json\/wp\/v2\/categories?post=73204"},{"taxonomy":"post_tag","embeddable":true,"href":"https:\/\/www.notibras.com\/site\/wp-json\/wp\/v2\/tags?post=73204"}],"curies":[{"name":"wp","href":"https:\/\/api.w.org\/{rel}","templated":true}]}}