{"id":73235,"date":"2015-10-27T15:52:58","date_gmt":"2015-10-27T17:52:58","guid":{"rendered":"http:\/\/www.notibras.com\/site\/?p=73235"},"modified":"2015-10-27T20:27:56","modified_gmt":"2015-10-27T22:27:56","slug":"levy-sugere-sacudidela-na-economia-para-resgatar-o-crescimento","status":"publish","type":"post","link":"https:\/\/www.notibras.com\/site\/levy-sugere-sacudidela-na-economia-para-resgatar-o-crescimento\/","title":{"rendered":"Levy sugere que se d\u00ea uma &#8216;sacudidela&#8217; na economia para que Pa\u00eds volte a crescer"},"content":{"rendered":"<p>O ministro da Fazenda, Joaquim Levy, afirmou nesta ter\u00e7a-feira, 27, que a economia brasileira precisa de uma &#8220;sacudida&#8221;. Ele lembrou que Paul Valcker, presidente do Federal Reserve (banco central dos EUA) nos anos 1980, deu um choque de juros e acabou com a infla\u00e7\u00e3o, sendo que a economia sentiu o impacto em um primeiro momento, mas depois voltou a crescer. &#8220;Outras coisas mudaram, se criou um novo ambiente nos EUA. Se a gente tiver a mesma coragem e dar uma sacudida geral na economia, o sol vai raiar no horizonte do Brasil&#8221;, afirmou durante evento em S\u00e3o Paulo.<\/p>\n<p>Segundo ele, o primeiro passo \u00e9 resolver a quest\u00e3o fiscal, mas depois ser\u00e1 preciso trabalhar em reformas estruturais importantes, como no mercado de trabalho, Previd\u00eancia e abertura da economia brasileira para o com\u00e9rcio externo. &#8220;Hoje, est\u00e1 cheio de empresas que querem investir, aproveitar a oportunidade criada pelo c\u00e2mbio, mas elas est\u00e3o t\u00edmidas porque n\u00e3o sabem o que vai acontecer com o fiscal&#8221;, explicou. &#8220;Se n\u00e3o trabalharmos os aspectos mais estruturais, daqui a pouco bate no muro outra vez.&#8221;<\/p>\n<p>Questionado se tem tido sucesso em convencer o Congresso sobre a import\u00e2ncia desse ajuste, Levy disse que alguns parlamentares entendem o que o governo est\u00e1 fazendo, e outros menos. Ele ressaltou, no entanto, que os partidos da base de apoio precisam ter clareza sobre a pol\u00edtica econ\u00f4mica. &#8220;O projeto que mandamos para acabar com a incerteza jur\u00eddica do ICMS, por exemplo, est\u00e1 virando uma outra coisa muito diferente&#8221;, criticou.<\/p>\n<p><b>Investimento &#8211;\u00a0<\/b>Levy ressaltou a necessidade de simplificar as regras de investimento, especialmente em grandes projetos de infraestrutura. Ele comentou que o Brasil \u00e9 um pa\u00eds forte e atrativo para investimentos estrangeiros e afirmou que o governo brasileiro n\u00e3o faz diferencia\u00e7\u00e3o entre as empresas nacionais e internacionais nem nunca teve uma grande briga jur\u00eddica com um investidor estrangeiro.<\/p>\n<p>Ele lembrou que o relat\u00f3rio Doing Business, do Banco Mundial, deve ser divulgado nos pr\u00f3ximos dias e vai mostrar uma melhora nas condi\u00e7\u00f5es do Brasil, mas ainda aqu\u00e9m de seus concorrentes. O ministro admitiu que o governo precisa abrir mais a economia e apontou que a proposta de um acordo de livre com\u00e9rcio com a Uni\u00e3o Europeia \u00e9 um passo nesse sentido.<\/p>\n<p>&#8220;A abertura da economia pode facilitar uma s\u00e9rie de medidas de efici\u00eancia. Inclusive, quando a infla\u00e7\u00e3o caiu no Brasil, foi entre outros fatores pela pequena abertura que houve na d\u00e9cada de 1990&#8221;, lembrou, afirmando que nesse cen\u00e1rio as empresas locais s\u00e3o obrigadas a competir com rivais estrangeiras e assim aumentam sua efici\u00eancia.<\/p>\n<p>Levy mencionou que o governo vem trabalhando em uma aproxima\u00e7\u00e3o significativa com a Organiza\u00e7\u00e3o para a Coopera\u00e7\u00e3o e o Desenvolvimento Econ\u00f4mico (OCDE) e disse que o secret\u00e1rio-geral da entidade deve vir ao Brasil na pr\u00f3xima semana. &#8220;N\u00f3s temos uma receptividade muito grande na OCDE.&#8221;<\/p>\n<p><img loading=\"lazy\" decoding=\"async\" class=\"alignnone size-full wp-image-70065\" src=\"http:\/\/www.notibras.com\/site\/wp-content\/uploads\/2015\/10\/estadao.png\" alt=\"estadao\" width=\"99\" height=\"16\" \/><\/p>\n","protected":false},"excerpt":{"rendered":"<p>O ministro da Fazenda, Joaquim Levy, afirmou nesta ter\u00e7a-feira, 27, que a economia brasileira precisa de uma &#8220;sacudida&#8221;. Ele lembrou que Paul Valcker, presidente do Federal Reserve (banco central dos EUA) nos anos 1980, deu um choque de juros e acabou com a infla\u00e7\u00e3o, sendo que a economia sentiu o impacto em um primeiro momento, [&hellip;]<\/p>\n","protected":false},"author":2,"featured_media":0,"comment_status":"open","ping_status":"closed","sticky":false,"template":"","format":"standard","meta":{"_acf_changed":false,"footnotes":""},"categories":[16],"tags":[],"class_list":["post-73235","post","type-post","status-publish","format-standard","hentry","category-brasil"],"acf":[],"yoast_head":"<!-- This site is optimized with the Yoast SEO plugin v27.2 - https:\/\/yoast.com\/product\/yoast-seo-wordpress\/ -->\n<title>Levy sugere que se d\u00ea uma &#039;sacudidela&#039; na economia para que Pa\u00eds volte a crescer - Notibras<\/title>\n<meta name=\"robots\" content=\"index, follow, max-snippet:-1, max-image-preview:large, max-video-preview:-1\" \/>\n<link rel=\"canonical\" href=\"https:\/\/www.notibras.com\/site\/levy-sugere-sacudidela-na-economia-para-resgatar-o-crescimento\/\" \/>\n<meta property=\"og:locale\" content=\"pt_BR\" \/>\n<meta property=\"og:type\" content=\"article\" \/>\n<meta property=\"og:title\" content=\"Levy sugere que se d\u00ea uma &#039;sacudidela&#039; na economia para que Pa\u00eds volte a crescer - Notibras\" \/>\n<meta property=\"og:description\" content=\"O ministro da Fazenda, Joaquim Levy, afirmou nesta ter\u00e7a-feira, 27, que a economia brasileira precisa de uma &#8220;sacudida&#8221;. Ele lembrou que Paul Valcker, presidente do Federal Reserve (banco central dos EUA) nos anos 1980, deu um choque de juros e acabou com a infla\u00e7\u00e3o, sendo que a economia sentiu o impacto em um primeiro momento, [&hellip;]\" \/>\n<meta property=\"og:url\" content=\"https:\/\/www.notibras.com\/site\/levy-sugere-sacudidela-na-economia-para-resgatar-o-crescimento\/\" \/>\n<meta property=\"og:site_name\" content=\"Notibras\" \/>\n<meta property=\"article:publisher\" content=\"https:\/\/www.facebook.com\/notibras\/\" \/>\n<meta property=\"article:published_time\" content=\"2015-10-27T17:52:58+00:00\" \/>\n<meta property=\"article:modified_time\" content=\"2015-10-27T22:27:56+00:00\" \/>\n<meta property=\"og:image\" content=\"https:\/\/www.notibras.com\/site\/wp-content\/uploads\/2015\/10\/981400-22102015-dsc_60891.jpg\" \/>\n\t<meta property=\"og:image:width\" content=\"800\" \/>\n\t<meta property=\"og:image:height\" content=\"532\" \/>\n\t<meta property=\"og:image:type\" content=\"image\/jpeg\" \/>\n<meta name=\"author\" content=\"Reda\u00e7\u00e3o\" \/>\n<meta name=\"twitter:card\" content=\"summary_large_image\" \/>\n<meta name=\"twitter:creator\" content=\"@Notibras\" \/>\n<meta name=\"twitter:site\" content=\"@Notibras\" \/>\n<meta name=\"twitter:label1\" content=\"Escrito por\" \/>\n\t<meta name=\"twitter:data1\" content=\"Reda\u00e7\u00e3o\" \/>\n\t<meta name=\"twitter:label2\" content=\"Est. tempo de leitura\" \/>\n\t<meta name=\"twitter:data2\" content=\"2 minutos\" \/>\n<script type=\"application\/ld+json\" class=\"yoast-schema-graph\">{\"@context\":\"https:\/\/schema.org\",\"@graph\":[{\"@type\":\"Article\",\"@id\":\"https:\/\/www.notibras.com\/site\/levy-sugere-sacudidela-na-economia-para-resgatar-o-crescimento\/#article\",\"isPartOf\":{\"@id\":\"https:\/\/www.notibras.com\/site\/levy-sugere-sacudidela-na-economia-para-resgatar-o-crescimento\/\"},\"author\":{\"name\":\"Reda\u00e7\u00e3o\",\"@id\":\"https:\/\/www.notibras.com\/site\/#\/schema\/person\/36ab0979449956132d3e5b517ea76ac8\"},\"headline\":\"Levy sugere que se d\u00ea uma &#8216;sacudidela&#8217; na economia para que Pa\u00eds volte a crescer\",\"datePublished\":\"2015-10-27T17:52:58+00:00\",\"dateModified\":\"2015-10-27T22:27:56+00:00\",\"mainEntityOfPage\":{\"@id\":\"https:\/\/www.notibras.com\/site\/levy-sugere-sacudidela-na-economia-para-resgatar-o-crescimento\/\"},\"wordCount\":510,\"commentCount\":0,\"publisher\":{\"@id\":\"https:\/\/www.notibras.com\/site\/#organization\"},\"image\":{\"@id\":\"https:\/\/www.notibras.com\/site\/levy-sugere-sacudidela-na-economia-para-resgatar-o-crescimento\/#primaryimage\"},\"thumbnailUrl\":\"http:\/\/www.notibras.com\/site\/wp-content\/uploads\/2015\/10\/estadao.png\",\"articleSection\":[\"Brasil\"],\"inLanguage\":\"pt-BR\",\"potentialAction\":[{\"@type\":\"CommentAction\",\"name\":\"Comment\",\"target\":[\"https:\/\/www.notibras.com\/site\/levy-sugere-sacudidela-na-economia-para-resgatar-o-crescimento\/#respond\"]}]},{\"@type\":\"WebPage\",\"@id\":\"https:\/\/www.notibras.com\/site\/levy-sugere-sacudidela-na-economia-para-resgatar-o-crescimento\/\",\"url\":\"https:\/\/www.notibras.com\/site\/levy-sugere-sacudidela-na-economia-para-resgatar-o-crescimento\/\",\"name\":\"Levy sugere que se d\u00ea uma 'sacudidela' na economia para que Pa\u00eds volte a crescer - Notibras\",\"isPartOf\":{\"@id\":\"https:\/\/www.notibras.com\/site\/#website\"},\"primaryImageOfPage\":{\"@id\":\"https:\/\/www.notibras.com\/site\/levy-sugere-sacudidela-na-economia-para-resgatar-o-crescimento\/#primaryimage\"},\"image\":{\"@id\":\"https:\/\/www.notibras.com\/site\/levy-sugere-sacudidela-na-economia-para-resgatar-o-crescimento\/#primaryimage\"},\"thumbnailUrl\":\"http:\/\/www.notibras.com\/site\/wp-content\/uploads\/2015\/10\/estadao.png\",\"datePublished\":\"2015-10-27T17:52:58+00:00\",\"dateModified\":\"2015-10-27T22:27:56+00:00\",\"breadcrumb\":{\"@id\":\"https:\/\/www.notibras.com\/site\/levy-sugere-sacudidela-na-economia-para-resgatar-o-crescimento\/#breadcrumb\"},\"inLanguage\":\"pt-BR\",\"potentialAction\":[{\"@type\":\"ReadAction\",\"target\":[\"https:\/\/www.notibras.com\/site\/levy-sugere-sacudidela-na-economia-para-resgatar-o-crescimento\/\"]}]},{\"@type\":\"ImageObject\",\"inLanguage\":\"pt-BR\",\"@id\":\"https:\/\/www.notibras.com\/site\/levy-sugere-sacudidela-na-economia-para-resgatar-o-crescimento\/#primaryimage\",\"url\":\"http:\/\/www.notibras.com\/site\/wp-content\/uploads\/2015\/10\/estadao.png\",\"contentUrl\":\"http:\/\/www.notibras.com\/site\/wp-content\/uploads\/2015\/10\/estadao.png\"},{\"@type\":\"BreadcrumbList\",\"@id\":\"https:\/\/www.notibras.com\/site\/levy-sugere-sacudidela-na-economia-para-resgatar-o-crescimento\/#breadcrumb\",\"itemListElement\":[{\"@type\":\"ListItem\",\"position\":1,\"name\":\"In\u00edcio\",\"item\":\"https:\/\/www.notibras.com\/site\/\"},{\"@type\":\"ListItem\",\"position\":2,\"name\":\"Levy sugere que se d\u00ea uma &#8216;sacudidela&#8217; na economia para que Pa\u00eds volte a crescer\"}]},{\"@type\":\"WebSite\",\"@id\":\"https:\/\/www.notibras.com\/site\/#website\",\"url\":\"https:\/\/www.notibras.com\/site\/\",\"name\":\"Notibras\",\"description\":\"Not\u00edcias de Bras\u00edlia, do Brasil e do Mundo\",\"publisher\":{\"@id\":\"https:\/\/www.notibras.com\/site\/#organization\"},\"potentialAction\":[{\"@type\":\"SearchAction\",\"target\":{\"@type\":\"EntryPoint\",\"urlTemplate\":\"https:\/\/www.notibras.com\/site\/?s={search_term_string}\"},\"query-input\":{\"@type\":\"PropertyValueSpecification\",\"valueRequired\":true,\"valueName\":\"search_term_string\"}}],\"inLanguage\":\"pt-BR\"},{\"@type\":\"Organization\",\"@id\":\"https:\/\/www.notibras.com\/site\/#organization\",\"name\":\"Grupo Notibras de Comunica\u00e7\u00e3o\",\"url\":\"https:\/\/www.notibras.com\/site\/\",\"logo\":{\"@type\":\"ImageObject\",\"inLanguage\":\"pt-BR\",\"@id\":\"https:\/\/www.notibras.com\/site\/#\/schema\/logo\/image\/\",\"url\":\"https:\/\/www.notibras.com\/site\/wp-content\/uploads\/2023\/01\/notibras23.png\",\"contentUrl\":\"https:\/\/www.notibras.com\/site\/wp-content\/uploads\/2023\/01\/notibras23.png\",\"width\":350,\"height\":87,\"caption\":\"Grupo Notibras de Comunica\u00e7\u00e3o\"},\"image\":{\"@id\":\"https:\/\/www.notibras.com\/site\/#\/schema\/logo\/image\/\"},\"sameAs\":[\"https:\/\/www.facebook.com\/notibras\/\",\"https:\/\/x.com\/Notibras\",\"https:\/\/www.instagram.com\/notibras\/\"]},{\"@type\":\"Person\",\"@id\":\"https:\/\/www.notibras.com\/site\/#\/schema\/person\/36ab0979449956132d3e5b517ea76ac8\",\"name\":\"Reda\u00e7\u00e3o\",\"image\":{\"@type\":\"ImageObject\",\"inLanguage\":\"pt-BR\",\"@id\":\"https:\/\/secure.gravatar.com\/avatar\/e0a867bdedb85fd243eadf09663511f96fc81e0720a4a42581f334ad4303aa6b?s=96&d=mm&r=g\",\"url\":\"https:\/\/secure.gravatar.com\/avatar\/e0a867bdedb85fd243eadf09663511f96fc81e0720a4a42581f334ad4303aa6b?s=96&d=mm&r=g\",\"contentUrl\":\"https:\/\/secure.gravatar.com\/avatar\/e0a867bdedb85fd243eadf09663511f96fc81e0720a4a42581f334ad4303aa6b?s=96&d=mm&r=g\",\"caption\":\"Reda\u00e7\u00e3o\"}}]}<\/script>\n<!-- \/ Yoast SEO plugin. -->","yoast_head_json":{"title":"Levy sugere que se d\u00ea uma 'sacudidela' na economia para que Pa\u00eds volte a crescer - Notibras","robots":{"index":"index","follow":"follow","max-snippet":"max-snippet:-1","max-image-preview":"max-image-preview:large","max-video-preview":"max-video-preview:-1"},"canonical":"https:\/\/www.notibras.com\/site\/levy-sugere-sacudidela-na-economia-para-resgatar-o-crescimento\/","og_locale":"pt_BR","og_type":"article","og_title":"Levy sugere que se d\u00ea uma 'sacudidela' na economia para que Pa\u00eds volte a crescer - Notibras","og_description":"O ministro da Fazenda, Joaquim Levy, afirmou nesta ter\u00e7a-feira, 27, que a economia brasileira precisa de uma &#8220;sacudida&#8221;. Ele lembrou que Paul Valcker, presidente do Federal Reserve (banco central dos EUA) nos anos 1980, deu um choque de juros e acabou com a infla\u00e7\u00e3o, sendo que a economia sentiu o impacto em um primeiro momento, [&hellip;]","og_url":"https:\/\/www.notibras.com\/site\/levy-sugere-sacudidela-na-economia-para-resgatar-o-crescimento\/","og_site_name":"Notibras","article_publisher":"https:\/\/www.facebook.com\/notibras\/","article_published_time":"2015-10-27T17:52:58+00:00","article_modified_time":"2015-10-27T22:27:56+00:00","og_image":[{"width":800,"height":532,"url":"https:\/\/www.notibras.com\/site\/wp-content\/uploads\/2015\/10\/981400-22102015-dsc_60891.jpg","type":"image\/jpeg"}],"author":"Reda\u00e7\u00e3o","twitter_card":"summary_large_image","twitter_creator":"@Notibras","twitter_site":"@Notibras","twitter_misc":{"Escrito por":"Reda\u00e7\u00e3o","Est. tempo de leitura":"2 minutos"},"schema":{"@context":"https:\/\/schema.org","@graph":[{"@type":"Article","@id":"https:\/\/www.notibras.com\/site\/levy-sugere-sacudidela-na-economia-para-resgatar-o-crescimento\/#article","isPartOf":{"@id":"https:\/\/www.notibras.com\/site\/levy-sugere-sacudidela-na-economia-para-resgatar-o-crescimento\/"},"author":{"name":"Reda\u00e7\u00e3o","@id":"https:\/\/www.notibras.com\/site\/#\/schema\/person\/36ab0979449956132d3e5b517ea76ac8"},"headline":"Levy sugere que se d\u00ea uma &#8216;sacudidela&#8217; na economia para que Pa\u00eds volte a crescer","datePublished":"2015-10-27T17:52:58+00:00","dateModified":"2015-10-27T22:27:56+00:00","mainEntityOfPage":{"@id":"https:\/\/www.notibras.com\/site\/levy-sugere-sacudidela-na-economia-para-resgatar-o-crescimento\/"},"wordCount":510,"commentCount":0,"publisher":{"@id":"https:\/\/www.notibras.com\/site\/#organization"},"image":{"@id":"https:\/\/www.notibras.com\/site\/levy-sugere-sacudidela-na-economia-para-resgatar-o-crescimento\/#primaryimage"},"thumbnailUrl":"http:\/\/www.notibras.com\/site\/wp-content\/uploads\/2015\/10\/estadao.png","articleSection":["Brasil"],"inLanguage":"pt-BR","potentialAction":[{"@type":"CommentAction","name":"Comment","target":["https:\/\/www.notibras.com\/site\/levy-sugere-sacudidela-na-economia-para-resgatar-o-crescimento\/#respond"]}]},{"@type":"WebPage","@id":"https:\/\/www.notibras.com\/site\/levy-sugere-sacudidela-na-economia-para-resgatar-o-crescimento\/","url":"https:\/\/www.notibras.com\/site\/levy-sugere-sacudidela-na-economia-para-resgatar-o-crescimento\/","name":"Levy sugere que se d\u00ea uma 'sacudidela' na economia para que Pa\u00eds volte a crescer - Notibras","isPartOf":{"@id":"https:\/\/www.notibras.com\/site\/#website"},"primaryImageOfPage":{"@id":"https:\/\/www.notibras.com\/site\/levy-sugere-sacudidela-na-economia-para-resgatar-o-crescimento\/#primaryimage"},"image":{"@id":"https:\/\/www.notibras.com\/site\/levy-sugere-sacudidela-na-economia-para-resgatar-o-crescimento\/#primaryimage"},"thumbnailUrl":"http:\/\/www.notibras.com\/site\/wp-content\/uploads\/2015\/10\/estadao.png","datePublished":"2015-10-27T17:52:58+00:00","dateModified":"2015-10-27T22:27:56+00:00","breadcrumb":{"@id":"https:\/\/www.notibras.com\/site\/levy-sugere-sacudidela-na-economia-para-resgatar-o-crescimento\/#breadcrumb"},"inLanguage":"pt-BR","potentialAction":[{"@type":"ReadAction","target":["https:\/\/www.notibras.com\/site\/levy-sugere-sacudidela-na-economia-para-resgatar-o-crescimento\/"]}]},{"@type":"ImageObject","inLanguage":"pt-BR","@id":"https:\/\/www.notibras.com\/site\/levy-sugere-sacudidela-na-economia-para-resgatar-o-crescimento\/#primaryimage","url":"http:\/\/www.notibras.com\/site\/wp-content\/uploads\/2015\/10\/estadao.png","contentUrl":"http:\/\/www.notibras.com\/site\/wp-content\/uploads\/2015\/10\/estadao.png"},{"@type":"BreadcrumbList","@id":"https:\/\/www.notibras.com\/site\/levy-sugere-sacudidela-na-economia-para-resgatar-o-crescimento\/#breadcrumb","itemListElement":[{"@type":"ListItem","position":1,"name":"In\u00edcio","item":"https:\/\/www.notibras.com\/site\/"},{"@type":"ListItem","position":2,"name":"Levy sugere que se d\u00ea uma &#8216;sacudidela&#8217; na economia para que Pa\u00eds volte a crescer"}]},{"@type":"WebSite","@id":"https:\/\/www.notibras.com\/site\/#website","url":"https:\/\/www.notibras.com\/site\/","name":"Notibras","description":"Not\u00edcias de Bras\u00edlia, do Brasil e do Mundo","publisher":{"@id":"https:\/\/www.notibras.com\/site\/#organization"},"potentialAction":[{"@type":"SearchAction","target":{"@type":"EntryPoint","urlTemplate":"https:\/\/www.notibras.com\/site\/?s={search_term_string}"},"query-input":{"@type":"PropertyValueSpecification","valueRequired":true,"valueName":"search_term_string"}}],"inLanguage":"pt-BR"},{"@type":"Organization","@id":"https:\/\/www.notibras.com\/site\/#organization","name":"Grupo Notibras de Comunica\u00e7\u00e3o","url":"https:\/\/www.notibras.com\/site\/","logo":{"@type":"ImageObject","inLanguage":"pt-BR","@id":"https:\/\/www.notibras.com\/site\/#\/schema\/logo\/image\/","url":"https:\/\/www.notibras.com\/site\/wp-content\/uploads\/2023\/01\/notibras23.png","contentUrl":"https:\/\/www.notibras.com\/site\/wp-content\/uploads\/2023\/01\/notibras23.png","width":350,"height":87,"caption":"Grupo Notibras de Comunica\u00e7\u00e3o"},"image":{"@id":"https:\/\/www.notibras.com\/site\/#\/schema\/logo\/image\/"},"sameAs":["https:\/\/www.facebook.com\/notibras\/","https:\/\/x.com\/Notibras","https:\/\/www.instagram.com\/notibras\/"]},{"@type":"Person","@id":"https:\/\/www.notibras.com\/site\/#\/schema\/person\/36ab0979449956132d3e5b517ea76ac8","name":"Reda\u00e7\u00e3o","image":{"@type":"ImageObject","inLanguage":"pt-BR","@id":"https:\/\/secure.gravatar.com\/avatar\/e0a867bdedb85fd243eadf09663511f96fc81e0720a4a42581f334ad4303aa6b?s=96&d=mm&r=g","url":"https:\/\/secure.gravatar.com\/avatar\/e0a867bdedb85fd243eadf09663511f96fc81e0720a4a42581f334ad4303aa6b?s=96&d=mm&r=g","contentUrl":"https:\/\/secure.gravatar.com\/avatar\/e0a867bdedb85fd243eadf09663511f96fc81e0720a4a42581f334ad4303aa6b?s=96&d=mm&r=g","caption":"Reda\u00e7\u00e3o"}}]}},"amp_enabled":true,"_links":{"self":[{"href":"https:\/\/www.notibras.com\/site\/wp-json\/wp\/v2\/posts\/73235","targetHints":{"allow":["GET"]}}],"collection":[{"href":"https:\/\/www.notibras.com\/site\/wp-json\/wp\/v2\/posts"}],"about":[{"href":"https:\/\/www.notibras.com\/site\/wp-json\/wp\/v2\/types\/post"}],"author":[{"embeddable":true,"href":"https:\/\/www.notibras.com\/site\/wp-json\/wp\/v2\/users\/2"}],"replies":[{"embeddable":true,"href":"https:\/\/www.notibras.com\/site\/wp-json\/wp\/v2\/comments?post=73235"}],"version-history":[{"count":7,"href":"https:\/\/www.notibras.com\/site\/wp-json\/wp\/v2\/posts\/73235\/revisions"}],"predecessor-version":[{"id":73281,"href":"https:\/\/www.notibras.com\/site\/wp-json\/wp\/v2\/posts\/73235\/revisions\/73281"}],"wp:attachment":[{"href":"https:\/\/www.notibras.com\/site\/wp-json\/wp\/v2\/media?parent=73235"}],"wp:term":[{"taxonomy":"category","embeddable":true,"href":"https:\/\/www.notibras.com\/site\/wp-json\/wp\/v2\/categories?post=73235"},{"taxonomy":"post_tag","embeddable":true,"href":"https:\/\/www.notibras.com\/site\/wp-json\/wp\/v2\/tags?post=73235"}],"curies":[{"name":"wp","href":"https:\/\/api.w.org\/{rel}","templated":true}]}}