{"id":73263,"date":"2015-10-27T20:22:31","date_gmt":"2015-10-27T22:22:31","guid":{"rendered":"http:\/\/www.notibras.com\/site\/?p=73263"},"modified":"2015-10-28T23:46:23","modified_gmt":"2015-10-29T01:46:23","slug":"maior-de-21-podera-ter-arma-e-politico-levara-revolver-na-cintura","status":"publish","type":"post","link":"https:\/\/www.notibras.com\/site\/maior-de-21-podera-ter-arma-e-politico-levara-revolver-na-cintura\/","title":{"rendered":"Maior de 21 usar\u00e1 arma e pol\u00edtico andar\u00e1 com rev\u00f3lver na cintura"},"content":{"rendered":"<p>Se tudo acontecer coimo quer a &#8216;bancada da bala&#8217;, a compra de armas ficar\u00e1\u00a0mais f\u00e1cil no Brasil. Essa \u00e9 uma das altera\u00e7\u00f5es sugeridas no Estatuto do Desarmamento, que est\u00e3o sendo discutidas em uma comiss\u00e3o da C\u00e2mara dos Deputados.\u00a0Al\u00e9m de facilitar a compra, o texto reduz a idade m\u00ednima para a aquisi\u00e7\u00e3o de armas de fogo de 25 para 21 anos e tamb\u00e9m prev\u00ea que deputados e senadores poder\u00e3o portar um revolver na cintura.<\/p>\n<p>Novo debate na comiss\u00e3o est\u00e1 marcado para a pr\u00f3xima ter\u00e7a-feira (3 de novembro), quando ser\u00e3o analisados e eventualmente votados v\u00e1rios destaques.\u00a0O texto-base do deputado Laudivio Carvalho (PMDB-MG), com modifica\u00e7\u00f5es, foi aprovado nesta ter\u00e7a-feira (27) pela comiss\u00e3o por 19 votos a 8.<\/p>\n<p>As mudan\u00e7as propostas come\u00e7am pelo nome &#8211; Estatuto de Controle de Armas de\u00a0Fogo &#8211; e afetam diretamente os textos dos Projetos de Lei (3722\/12 e apensados) e \u00a0Estatuto do Desarmamento (Lei 10.826\/03).<\/p>\n<p>Atualmente, a lei prev\u00ea que o interessado em comprar declare a efetiva necessidade da arma, o que permite que a licen\u00e7a venha a ser negada ou recusada pelo \u00f3rg\u00e3o expedidor.<\/p>\n<p>O relat\u00f3rio proposto por Carvalho, entre outras mudan\u00e7as, estende o porte para outras autoridades, como deputados e senadores; e autoriza a posse e o porte de armas de fogo para pessoas que respondam a inqu\u00e9rito policial ou a processo criminal. Tamb\u00e9m assegura a todos os cidad\u00e3os que cumprirem os requisitos m\u00ednimos exigidos em lei o direito de possuir e portar armas de fogo para leg\u00edtima defesa ou prote\u00e7\u00e3o do pr\u00f3prio patrim\u00f4nio.<\/p>\n<p><strong>Importa\u00e7\u00e3o<\/strong> &#8211; Outra altera\u00e7\u00e3o no substitutivo autoriza a importa\u00e7\u00e3o de armas, partes e muni\u00e7\u00f5es desde que o produto fabricado no Brasil n\u00e3o atenda \u00e0s especifica\u00e7\u00f5es t\u00e9cnicas e de qualidade pretendida pelo \u00f3rg\u00e3o adquirente. O texto anterior permitia a compra de armas no exterior mesmo havendo similares fabricados no pa\u00eds.<\/p>\n<p>Atualmente, uma portaria do Minist\u00e9rio da Defesa (620\/MD) determina que a importa\u00e7\u00e3o de armas de fogo e demais produtos controlados pode ser negada, quando existirem similares fabricados por ind\u00fastria brasileira do setor de defessa.<\/p>\n<p><strong>Escolta<\/strong> &#8211;\u00a0Por sugest\u00f5es de parlamentares, Carvalho ainda modificou o texto para conceder aos policiais legislativos da C\u00e2mara e do Senado o direito de portar armas em avi\u00f5es quando realizam a escolta de parlamentares. Essa situa\u00e7\u00e3o acontece principalmente quando os congressistas visitam outros Estados em miss\u00f5es oficiais.<\/p>\n<p>Durante os debates, chamou a aten\u00e7\u00e3o um discurso do deputado federal Jo\u00e3o Rodrigues (PSD-SC), que defendia as mudan\u00e7as no sentido de flexibiliza\u00e7\u00e3o da atual legisla\u00e7\u00e3o de porte e uso de armas.<\/p>\n<p>O catarinense Rodrigues disse que tinha a &#8220;convic\u00e7\u00e3o de que o bandido entra na casa de quem est\u00e1 desprevenido, despreparado e desarmado. O bandido n\u00e3o procura a casa de um cidad\u00e3o que est\u00e1 preparado, armado, seguro para proteger a sua fam\u00edlia&#8221;, declarou o deputado, &#8220;sabendo que o cidad\u00e3o de bem estar\u00e1 armado, alguns bandidos ser\u00e3o eliminados, e \u00e9 bom que se fa\u00e7a uma limpeza, \u00e9 bom que se fa\u00e7a uma faxina, porque chega de morrer, chega de eliminar cidad\u00e3o de bem. Chega de morrer trabalhador.&#8221;<\/p>\n<p><strong>Da Reda\u00e7\u00e3o com Ag\u00eancias<\/strong><\/p>\n","protected":false},"excerpt":{"rendered":"<p>Se tudo acontecer coimo quer a &#8216;bancada da bala&#8217;, a compra de armas ficar\u00e1\u00a0mais f\u00e1cil no Brasil. Essa \u00e9 uma das altera\u00e7\u00f5es sugeridas no Estatuto do Desarmamento, que est\u00e3o sendo discutidas em uma comiss\u00e3o da C\u00e2mara dos Deputados.\u00a0Al\u00e9m de facilitar a compra, o texto reduz a idade m\u00ednima para a aquisi\u00e7\u00e3o de armas de fogo [&hellip;]<\/p>\n","protected":false},"author":2,"featured_media":73271,"comment_status":"open","ping_status":"closed","sticky":false,"template":"","format":"standard","meta":{"_acf_changed":false,"footnotes":""},"categories":[16],"tags":[],"class_list":["post-73263","post","type-post","status-publish","format-standard","has-post-thumbnail","hentry","category-brasil"],"acf":[],"yoast_head":"<!-- This site is optimized with the Yoast SEO plugin v27.5 - https:\/\/yoast.com\/product\/yoast-seo-wordpress\/ -->\n<title>Maior de 21 usar\u00e1 arma e pol\u00edtico andar\u00e1 com rev\u00f3lver na cintura - Notibras<\/title>\n<meta name=\"robots\" content=\"index, follow, max-snippet:-1, max-image-preview:large, max-video-preview:-1\" \/>\n<link rel=\"canonical\" href=\"https:\/\/www.notibras.com\/site\/maior-de-21-podera-ter-arma-e-politico-levara-revolver-na-cintura\/\" \/>\n<meta property=\"og:locale\" content=\"pt_BR\" \/>\n<meta property=\"og:type\" content=\"article\" \/>\n<meta property=\"og:title\" content=\"Maior de 21 usar\u00e1 arma e pol\u00edtico andar\u00e1 com rev\u00f3lver na cintura - Notibras\" \/>\n<meta property=\"og:description\" content=\"Se tudo acontecer coimo quer a &#8216;bancada da bala&#8217;, a compra de armas ficar\u00e1\u00a0mais f\u00e1cil no Brasil. Essa \u00e9 uma das altera\u00e7\u00f5es sugeridas no Estatuto do Desarmamento, que est\u00e3o sendo discutidas em uma comiss\u00e3o da C\u00e2mara dos Deputados.\u00a0Al\u00e9m de facilitar a compra, o texto reduz a idade m\u00ednima para a aquisi\u00e7\u00e3o de armas de fogo [&hellip;]\" \/>\n<meta property=\"og:url\" content=\"https:\/\/www.notibras.com\/site\/maior-de-21-podera-ter-arma-e-politico-levara-revolver-na-cintura\/\" \/>\n<meta property=\"og:site_name\" content=\"Notibras\" \/>\n<meta property=\"article:publisher\" content=\"https:\/\/www.facebook.com\/notibras\/\" \/>\n<meta property=\"article:published_time\" content=\"2015-10-27T22:22:31+00:00\" \/>\n<meta property=\"article:modified_time\" content=\"2015-10-29T01:46:23+00:00\" \/>\n<meta property=\"og:image\" content=\"https:\/\/www.notibras.com\/site\/wp-content\/uploads\/2015\/10\/homem_armado20042011170217_med.jpg\" \/>\n\t<meta property=\"og:image:width\" content=\"305\" \/>\n\t<meta property=\"og:image:height\" content=\"229\" \/>\n\t<meta property=\"og:image:type\" content=\"image\/jpeg\" \/>\n<meta name=\"author\" content=\"Reda\u00e7\u00e3o\" \/>\n<meta name=\"twitter:card\" content=\"summary_large_image\" \/>\n<meta name=\"twitter:creator\" content=\"@Notibras\" \/>\n<meta name=\"twitter:site\" content=\"@Notibras\" \/>\n<meta name=\"twitter:label1\" content=\"Escrito por\" \/>\n\t<meta name=\"twitter:data1\" content=\"Reda\u00e7\u00e3o\" \/>\n\t<meta name=\"twitter:label2\" content=\"Est. tempo de leitura\" \/>\n\t<meta name=\"twitter:data2\" content=\"3 minutos\" \/>\n<script type=\"application\/ld+json\" class=\"yoast-schema-graph\">{\"@context\":\"https:\\\/\\\/schema.org\",\"@graph\":[{\"@type\":\"Article\",\"@id\":\"https:\\\/\\\/www.notibras.com\\\/site\\\/maior-de-21-podera-ter-arma-e-politico-levara-revolver-na-cintura\\\/#article\",\"isPartOf\":{\"@id\":\"https:\\\/\\\/www.notibras.com\\\/site\\\/maior-de-21-podera-ter-arma-e-politico-levara-revolver-na-cintura\\\/\"},\"author\":{\"name\":\"Reda\u00e7\u00e3o\",\"@id\":\"https:\\\/\\\/www.notibras.com\\\/site\\\/#\\\/schema\\\/person\\\/36ab0979449956132d3e5b517ea76ac8\"},\"headline\":\"Maior de 21 usar\u00e1 arma e pol\u00edtico andar\u00e1 com rev\u00f3lver na cintura\",\"datePublished\":\"2015-10-27T22:22:31+00:00\",\"dateModified\":\"2015-10-29T01:46:23+00:00\",\"mainEntityOfPage\":{\"@id\":\"https:\\\/\\\/www.notibras.com\\\/site\\\/maior-de-21-podera-ter-arma-e-politico-levara-revolver-na-cintura\\\/\"},\"wordCount\":568,\"commentCount\":0,\"publisher\":{\"@id\":\"https:\\\/\\\/www.notibras.com\\\/site\\\/#organization\"},\"image\":{\"@id\":\"https:\\\/\\\/www.notibras.com\\\/site\\\/maior-de-21-podera-ter-arma-e-politico-levara-revolver-na-cintura\\\/#primaryimage\"},\"thumbnailUrl\":\"https:\\\/\\\/www.notibras.com\\\/site\\\/wp-content\\\/uploads\\\/2015\\\/10\\\/homem_armado20042011170217_med.jpg\",\"articleSection\":[\"Brasil\"],\"inLanguage\":\"pt-BR\",\"potentialAction\":[{\"@type\":\"CommentAction\",\"name\":\"Comment\",\"target\":[\"https:\\\/\\\/www.notibras.com\\\/site\\\/maior-de-21-podera-ter-arma-e-politico-levara-revolver-na-cintura\\\/#respond\"]}]},{\"@type\":\"WebPage\",\"@id\":\"https:\\\/\\\/www.notibras.com\\\/site\\\/maior-de-21-podera-ter-arma-e-politico-levara-revolver-na-cintura\\\/\",\"url\":\"https:\\\/\\\/www.notibras.com\\\/site\\\/maior-de-21-podera-ter-arma-e-politico-levara-revolver-na-cintura\\\/\",\"name\":\"Maior de 21 usar\u00e1 arma e pol\u00edtico andar\u00e1 com rev\u00f3lver na cintura - Notibras\",\"isPartOf\":{\"@id\":\"https:\\\/\\\/www.notibras.com\\\/site\\\/#website\"},\"primaryImageOfPage\":{\"@id\":\"https:\\\/\\\/www.notibras.com\\\/site\\\/maior-de-21-podera-ter-arma-e-politico-levara-revolver-na-cintura\\\/#primaryimage\"},\"image\":{\"@id\":\"https:\\\/\\\/www.notibras.com\\\/site\\\/maior-de-21-podera-ter-arma-e-politico-levara-revolver-na-cintura\\\/#primaryimage\"},\"thumbnailUrl\":\"https:\\\/\\\/www.notibras.com\\\/site\\\/wp-content\\\/uploads\\\/2015\\\/10\\\/homem_armado20042011170217_med.jpg\",\"datePublished\":\"2015-10-27T22:22:31+00:00\",\"dateModified\":\"2015-10-29T01:46:23+00:00\",\"breadcrumb\":{\"@id\":\"https:\\\/\\\/www.notibras.com\\\/site\\\/maior-de-21-podera-ter-arma-e-politico-levara-revolver-na-cintura\\\/#breadcrumb\"},\"inLanguage\":\"pt-BR\",\"potentialAction\":[{\"@type\":\"ReadAction\",\"target\":[\"https:\\\/\\\/www.notibras.com\\\/site\\\/maior-de-21-podera-ter-arma-e-politico-levara-revolver-na-cintura\\\/\"]}]},{\"@type\":\"ImageObject\",\"inLanguage\":\"pt-BR\",\"@id\":\"https:\\\/\\\/www.notibras.com\\\/site\\\/maior-de-21-podera-ter-arma-e-politico-levara-revolver-na-cintura\\\/#primaryimage\",\"url\":\"https:\\\/\\\/www.notibras.com\\\/site\\\/wp-content\\\/uploads\\\/2015\\\/10\\\/homem_armado20042011170217_med.jpg\",\"contentUrl\":\"https:\\\/\\\/www.notibras.com\\\/site\\\/wp-content\\\/uploads\\\/2015\\\/10\\\/homem_armado20042011170217_med.jpg\",\"width\":305,\"height\":229},{\"@type\":\"BreadcrumbList\",\"@id\":\"https:\\\/\\\/www.notibras.com\\\/site\\\/maior-de-21-podera-ter-arma-e-politico-levara-revolver-na-cintura\\\/#breadcrumb\",\"itemListElement\":[{\"@type\":\"ListItem\",\"position\":1,\"name\":\"In\u00edcio\",\"item\":\"https:\\\/\\\/www.notibras.com\\\/site\\\/\"},{\"@type\":\"ListItem\",\"position\":2,\"name\":\"Maior de 21 usar\u00e1 arma e pol\u00edtico andar\u00e1 com rev\u00f3lver na cintura\"}]},{\"@type\":\"WebSite\",\"@id\":\"https:\\\/\\\/www.notibras.com\\\/site\\\/#website\",\"url\":\"https:\\\/\\\/www.notibras.com\\\/site\\\/\",\"name\":\"Notibras\",\"description\":\"Not\u00edcias de Bras\u00edlia, do Brasil e do Mundo\",\"publisher\":{\"@id\":\"https:\\\/\\\/www.notibras.com\\\/site\\\/#organization\"},\"potentialAction\":[{\"@type\":\"SearchAction\",\"target\":{\"@type\":\"EntryPoint\",\"urlTemplate\":\"https:\\\/\\\/www.notibras.com\\\/site\\\/?s={search_term_string}\"},\"query-input\":{\"@type\":\"PropertyValueSpecification\",\"valueRequired\":true,\"valueName\":\"search_term_string\"}}],\"inLanguage\":\"pt-BR\"},{\"@type\":\"Organization\",\"@id\":\"https:\\\/\\\/www.notibras.com\\\/site\\\/#organization\",\"name\":\"Grupo Notibras de Comunica\u00e7\u00e3o\",\"url\":\"https:\\\/\\\/www.notibras.com\\\/site\\\/\",\"logo\":{\"@type\":\"ImageObject\",\"inLanguage\":\"pt-BR\",\"@id\":\"https:\\\/\\\/www.notibras.com\\\/site\\\/#\\\/schema\\\/logo\\\/image\\\/\",\"url\":\"https:\\\/\\\/www.notibras.com\\\/site\\\/wp-content\\\/uploads\\\/2023\\\/01\\\/notibras23.png\",\"contentUrl\":\"https:\\\/\\\/www.notibras.com\\\/site\\\/wp-content\\\/uploads\\\/2023\\\/01\\\/notibras23.png\",\"width\":350,\"height\":87,\"caption\":\"Grupo Notibras de Comunica\u00e7\u00e3o\"},\"image\":{\"@id\":\"https:\\\/\\\/www.notibras.com\\\/site\\\/#\\\/schema\\\/logo\\\/image\\\/\"},\"sameAs\":[\"https:\\\/\\\/www.facebook.com\\\/notibras\\\/\",\"https:\\\/\\\/x.com\\\/Notibras\",\"https:\\\/\\\/www.instagram.com\\\/notibras\\\/\"]},{\"@type\":\"Person\",\"@id\":\"https:\\\/\\\/www.notibras.com\\\/site\\\/#\\\/schema\\\/person\\\/36ab0979449956132d3e5b517ea76ac8\",\"name\":\"Reda\u00e7\u00e3o\",\"image\":{\"@type\":\"ImageObject\",\"inLanguage\":\"pt-BR\",\"@id\":\"https:\\\/\\\/secure.gravatar.com\\\/avatar\\\/e0a867bdedb85fd243eadf09663511f96fc81e0720a4a42581f334ad4303aa6b?s=96&d=mm&r=g\",\"url\":\"https:\\\/\\\/secure.gravatar.com\\\/avatar\\\/e0a867bdedb85fd243eadf09663511f96fc81e0720a4a42581f334ad4303aa6b?s=96&d=mm&r=g\",\"contentUrl\":\"https:\\\/\\\/secure.gravatar.com\\\/avatar\\\/e0a867bdedb85fd243eadf09663511f96fc81e0720a4a42581f334ad4303aa6b?s=96&d=mm&r=g\",\"caption\":\"Reda\u00e7\u00e3o\"}}]}<\/script>\n<!-- \/ Yoast SEO plugin. -->","yoast_head_json":{"title":"Maior de 21 usar\u00e1 arma e pol\u00edtico andar\u00e1 com rev\u00f3lver na cintura - Notibras","robots":{"index":"index","follow":"follow","max-snippet":"max-snippet:-1","max-image-preview":"max-image-preview:large","max-video-preview":"max-video-preview:-1"},"canonical":"https:\/\/www.notibras.com\/site\/maior-de-21-podera-ter-arma-e-politico-levara-revolver-na-cintura\/","og_locale":"pt_BR","og_type":"article","og_title":"Maior de 21 usar\u00e1 arma e pol\u00edtico andar\u00e1 com rev\u00f3lver na cintura - Notibras","og_description":"Se tudo acontecer coimo quer a &#8216;bancada da bala&#8217;, a compra de armas ficar\u00e1\u00a0mais f\u00e1cil no Brasil. Essa \u00e9 uma das altera\u00e7\u00f5es sugeridas no Estatuto do Desarmamento, que est\u00e3o sendo discutidas em uma comiss\u00e3o da C\u00e2mara dos Deputados.\u00a0Al\u00e9m de facilitar a compra, o texto reduz a idade m\u00ednima para a aquisi\u00e7\u00e3o de armas de fogo [&hellip;]","og_url":"https:\/\/www.notibras.com\/site\/maior-de-21-podera-ter-arma-e-politico-levara-revolver-na-cintura\/","og_site_name":"Notibras","article_publisher":"https:\/\/www.facebook.com\/notibras\/","article_published_time":"2015-10-27T22:22:31+00:00","article_modified_time":"2015-10-29T01:46:23+00:00","og_image":[{"width":305,"height":229,"url":"https:\/\/www.notibras.com\/site\/wp-content\/uploads\/2015\/10\/homem_armado20042011170217_med.jpg","type":"image\/jpeg"}],"author":"Reda\u00e7\u00e3o","twitter_card":"summary_large_image","twitter_creator":"@Notibras","twitter_site":"@Notibras","twitter_misc":{"Escrito por":"Reda\u00e7\u00e3o","Est. tempo de leitura":"3 minutos"},"schema":{"@context":"https:\/\/schema.org","@graph":[{"@type":"Article","@id":"https:\/\/www.notibras.com\/site\/maior-de-21-podera-ter-arma-e-politico-levara-revolver-na-cintura\/#article","isPartOf":{"@id":"https:\/\/www.notibras.com\/site\/maior-de-21-podera-ter-arma-e-politico-levara-revolver-na-cintura\/"},"author":{"name":"Reda\u00e7\u00e3o","@id":"https:\/\/www.notibras.com\/site\/#\/schema\/person\/36ab0979449956132d3e5b517ea76ac8"},"headline":"Maior de 21 usar\u00e1 arma e pol\u00edtico andar\u00e1 com rev\u00f3lver na cintura","datePublished":"2015-10-27T22:22:31+00:00","dateModified":"2015-10-29T01:46:23+00:00","mainEntityOfPage":{"@id":"https:\/\/www.notibras.com\/site\/maior-de-21-podera-ter-arma-e-politico-levara-revolver-na-cintura\/"},"wordCount":568,"commentCount":0,"publisher":{"@id":"https:\/\/www.notibras.com\/site\/#organization"},"image":{"@id":"https:\/\/www.notibras.com\/site\/maior-de-21-podera-ter-arma-e-politico-levara-revolver-na-cintura\/#primaryimage"},"thumbnailUrl":"https:\/\/www.notibras.com\/site\/wp-content\/uploads\/2015\/10\/homem_armado20042011170217_med.jpg","articleSection":["Brasil"],"inLanguage":"pt-BR","potentialAction":[{"@type":"CommentAction","name":"Comment","target":["https:\/\/www.notibras.com\/site\/maior-de-21-podera-ter-arma-e-politico-levara-revolver-na-cintura\/#respond"]}]},{"@type":"WebPage","@id":"https:\/\/www.notibras.com\/site\/maior-de-21-podera-ter-arma-e-politico-levara-revolver-na-cintura\/","url":"https:\/\/www.notibras.com\/site\/maior-de-21-podera-ter-arma-e-politico-levara-revolver-na-cintura\/","name":"Maior de 21 usar\u00e1 arma e pol\u00edtico andar\u00e1 com rev\u00f3lver na cintura - Notibras","isPartOf":{"@id":"https:\/\/www.notibras.com\/site\/#website"},"primaryImageOfPage":{"@id":"https:\/\/www.notibras.com\/site\/maior-de-21-podera-ter-arma-e-politico-levara-revolver-na-cintura\/#primaryimage"},"image":{"@id":"https:\/\/www.notibras.com\/site\/maior-de-21-podera-ter-arma-e-politico-levara-revolver-na-cintura\/#primaryimage"},"thumbnailUrl":"https:\/\/www.notibras.com\/site\/wp-content\/uploads\/2015\/10\/homem_armado20042011170217_med.jpg","datePublished":"2015-10-27T22:22:31+00:00","dateModified":"2015-10-29T01:46:23+00:00","breadcrumb":{"@id":"https:\/\/www.notibras.com\/site\/maior-de-21-podera-ter-arma-e-politico-levara-revolver-na-cintura\/#breadcrumb"},"inLanguage":"pt-BR","potentialAction":[{"@type":"ReadAction","target":["https:\/\/www.notibras.com\/site\/maior-de-21-podera-ter-arma-e-politico-levara-revolver-na-cintura\/"]}]},{"@type":"ImageObject","inLanguage":"pt-BR","@id":"https:\/\/www.notibras.com\/site\/maior-de-21-podera-ter-arma-e-politico-levara-revolver-na-cintura\/#primaryimage","url":"https:\/\/www.notibras.com\/site\/wp-content\/uploads\/2015\/10\/homem_armado20042011170217_med.jpg","contentUrl":"https:\/\/www.notibras.com\/site\/wp-content\/uploads\/2015\/10\/homem_armado20042011170217_med.jpg","width":305,"height":229},{"@type":"BreadcrumbList","@id":"https:\/\/www.notibras.com\/site\/maior-de-21-podera-ter-arma-e-politico-levara-revolver-na-cintura\/#breadcrumb","itemListElement":[{"@type":"ListItem","position":1,"name":"In\u00edcio","item":"https:\/\/www.notibras.com\/site\/"},{"@type":"ListItem","position":2,"name":"Maior de 21 usar\u00e1 arma e pol\u00edtico andar\u00e1 com rev\u00f3lver na cintura"}]},{"@type":"WebSite","@id":"https:\/\/www.notibras.com\/site\/#website","url":"https:\/\/www.notibras.com\/site\/","name":"Notibras","description":"Not\u00edcias de Bras\u00edlia, do Brasil e do Mundo","publisher":{"@id":"https:\/\/www.notibras.com\/site\/#organization"},"potentialAction":[{"@type":"SearchAction","target":{"@type":"EntryPoint","urlTemplate":"https:\/\/www.notibras.com\/site\/?s={search_term_string}"},"query-input":{"@type":"PropertyValueSpecification","valueRequired":true,"valueName":"search_term_string"}}],"inLanguage":"pt-BR"},{"@type":"Organization","@id":"https:\/\/www.notibras.com\/site\/#organization","name":"Grupo Notibras de Comunica\u00e7\u00e3o","url":"https:\/\/www.notibras.com\/site\/","logo":{"@type":"ImageObject","inLanguage":"pt-BR","@id":"https:\/\/www.notibras.com\/site\/#\/schema\/logo\/image\/","url":"https:\/\/www.notibras.com\/site\/wp-content\/uploads\/2023\/01\/notibras23.png","contentUrl":"https:\/\/www.notibras.com\/site\/wp-content\/uploads\/2023\/01\/notibras23.png","width":350,"height":87,"caption":"Grupo Notibras de Comunica\u00e7\u00e3o"},"image":{"@id":"https:\/\/www.notibras.com\/site\/#\/schema\/logo\/image\/"},"sameAs":["https:\/\/www.facebook.com\/notibras\/","https:\/\/x.com\/Notibras","https:\/\/www.instagram.com\/notibras\/"]},{"@type":"Person","@id":"https:\/\/www.notibras.com\/site\/#\/schema\/person\/36ab0979449956132d3e5b517ea76ac8","name":"Reda\u00e7\u00e3o","image":{"@type":"ImageObject","inLanguage":"pt-BR","@id":"https:\/\/secure.gravatar.com\/avatar\/e0a867bdedb85fd243eadf09663511f96fc81e0720a4a42581f334ad4303aa6b?s=96&d=mm&r=g","url":"https:\/\/secure.gravatar.com\/avatar\/e0a867bdedb85fd243eadf09663511f96fc81e0720a4a42581f334ad4303aa6b?s=96&d=mm&r=g","contentUrl":"https:\/\/secure.gravatar.com\/avatar\/e0a867bdedb85fd243eadf09663511f96fc81e0720a4a42581f334ad4303aa6b?s=96&d=mm&r=g","caption":"Reda\u00e7\u00e3o"}}]}},"amp_enabled":true,"_links":{"self":[{"href":"https:\/\/www.notibras.com\/site\/wp-json\/wp\/v2\/posts\/73263","targetHints":{"allow":["GET"]}}],"collection":[{"href":"https:\/\/www.notibras.com\/site\/wp-json\/wp\/v2\/posts"}],"about":[{"href":"https:\/\/www.notibras.com\/site\/wp-json\/wp\/v2\/types\/post"}],"author":[{"embeddable":true,"href":"https:\/\/www.notibras.com\/site\/wp-json\/wp\/v2\/users\/2"}],"replies":[{"embeddable":true,"href":"https:\/\/www.notibras.com\/site\/wp-json\/wp\/v2\/comments?post=73263"}],"version-history":[{"count":4,"href":"https:\/\/www.notibras.com\/site\/wp-json\/wp\/v2\/posts\/73263\/revisions"}],"predecessor-version":[{"id":73277,"href":"https:\/\/www.notibras.com\/site\/wp-json\/wp\/v2\/posts\/73263\/revisions\/73277"}],"wp:featuredmedia":[{"embeddable":true,"href":"https:\/\/www.notibras.com\/site\/wp-json\/wp\/v2\/media\/73271"}],"wp:attachment":[{"href":"https:\/\/www.notibras.com\/site\/wp-json\/wp\/v2\/media?parent=73263"}],"wp:term":[{"taxonomy":"category","embeddable":true,"href":"https:\/\/www.notibras.com\/site\/wp-json\/wp\/v2\/categories?post=73263"},{"taxonomy":"post_tag","embeddable":true,"href":"https:\/\/www.notibras.com\/site\/wp-json\/wp\/v2\/tags?post=73263"}],"curies":[{"name":"wp","href":"https:\/\/api.w.org\/{rel}","templated":true}]}}