{"id":73289,"date":"2015-10-27T20:36:47","date_gmt":"2015-10-27T22:36:47","guid":{"rendered":"http:\/\/www.notibras.com\/site\/?p=73289"},"modified":"2015-10-27T20:37:22","modified_gmt":"2015-10-27T22:37:22","slug":"se-ouvi-dizser-valer-vaccari-operou-tambem-nos-fundos-de-pensao-diz-youssef","status":"publish","type":"post","link":"https:\/\/www.notibras.com\/site\/se-ouvi-dizser-valer-vaccari-operou-tambem-nos-fundos-de-pensao-diz-youssef\/","title":{"rendered":"Se &#8216;ouvi dizer&#8217; valer, Vaccari operou tamb\u00e9m nos Fundos de Pens\u00e3o, afirma Youssef"},"content":{"rendered":"<p>Um dos principais delatores da Opera\u00e7\u00e3o Lava Jato, o doleiro Alberto Youssef afirmou, em depoimento \u00e0 CPI dos Fundos de Pens\u00e3o nesta ter\u00e7a-feira, 27, que ouviu dizer pelo mercado que o ex-tesoureiro do PT Jo\u00e3o Vaccari Neto era um dos operadores de alguns fundos de pens\u00e3o. Em sua fala, ele confirmou que conhecia ex-diretores dos quatro fundos de pens\u00e3o investigados pelo colegiado (Previ, Petros, Postalis e Funcef), mas negou participa\u00e7\u00e3o em qualquer ato de corrup\u00e7\u00e3o envolvendo essas empresas.<\/p>\n<p>&#8220;Ouvi dizer no mercado que o Vaccari era um dos operadores de alguns fundos de pens\u00e3o, como Petros e Funcef, mas s\u00f3 ouvi dizer&#8221;, afirmou Youssef em seu depoimento, negando que tenha participado de qualquer tratativa com o ex-tesoureiro do PT. &#8220;Minha rela\u00e7\u00e3o com ele era totalmente superficial&#8221;, disse o doleiro, que chegou \u00e0 CPI munido de habeas corpus concedido pelo Supremo Tribunal Federal (STF), autorizando-o a ficar em sil\u00eancio, mas optou por responder as perguntas feitas pelos deputados.<\/p>\n<p>Alberto Youssef destacou no depoimento \u00e0 CPI que, em sua dela\u00e7\u00e3o premiada \u00e0 Pol\u00edcia Federal, h\u00e1 apenas dois relatos sobre os fundos de pens\u00e3o. Um deles foi a tentativa de vender deb\u00eantures para Funcef e Postalis &#8211; neg\u00f3cio que, de acordo com ele, n\u00e3o se concretizou. Outra men\u00e7\u00e3o que teria sido feita pelo doleiro em sua dela\u00e7\u00e3o, acrescentou, foi a investimentos de fundos municipais e estaduais no fundo &#8220;Viagens Brasil&#8221;, da empresa Marsans. &#8220;Al\u00e9m disso, n\u00e3o sei mais nada&#8221;, afirmou.<\/p>\n<p><b>Outras \u00e1reas &#8211;\u00a0<\/b>Em sua fala, o doleiro ainda sugeriu que o esquema de pagamento de propina por parte de empreiteiros para obter contratos com a Petrobras tamb\u00e9m pode ter acontecido com fundos de pens\u00e3o. &#8220;Acho que pode isso acontecer em qualquer \u00e1rea, inclusive nos fundos de pens\u00e3o, infelizmente&#8221;, afirmou. Youssef disse acreditar que, no caso da petrol\u00edfera, empreiteiros n\u00e3o superfaturavam os contratos, mas, sim, pagavam as propinas a diretores da estatal, por serem pressionados por partidos.<\/p>\n<p>Apesar de Youssef ter respondido \u00e0s perguntas dos deputados mesmo munido de habeas corpus, parlamentares se disseram frustrados com o depoimento do doleiro. &#8220;Felizmente, temos a Pol\u00edcia Federal, a Justi\u00e7a e o Minist\u00e9rio P\u00fablico, porque nem esta Casa d\u00e1 respostas, como o fiasco da CPI da Petrobras na semana passada&#8221;, disse o l\u00edder do PPS na C\u00e2mara, Rubens Bueno (PR). &#8220;Youssef parece ter tido um ataque de esquecimento&#8221;, lamentou o deputado Rocha (PSDB-AC).<\/p>\n<p><b>Bra\u00e7o direito &#8211;\u00a0<\/b>Tamb\u00e9m depoente na CPI dos fundos de pens\u00e3o hoje, o advogado Carlos Alberto Costa, considerado ex-bra\u00e7o direito de Youssef, confirmou den\u00fancias de fraudes em fundos de pens\u00e3o. Costa disse crer que pode ter havido uma atua\u00e7\u00e3o institucionalizada dos fundos para desviar recursos para campanhas eleitorais. &#8220;\u00c9 uma cren\u00e7a pelo que vivenciei. Foi dinheiro dos fundos para pagar propina. Tenho a cren\u00e7a de que foram para esse fim, mas n\u00e3o participei e n\u00e3o poderia confirmar&#8221;, afirmou.<\/p>\n<p>Em sua fala, o advogado ainda confirmou que, dos R$ 13 milh\u00f5es investidos pela Petros na Ind\u00fastria de Metais do Vale (IMV), cerca de R$ 3 milh\u00f5es foram desviados para pagamento de propinas. Segundo ele, o dinheiro desviado teria sido sacado pela companhia e entregue a Claudio Mente, empres\u00e1rio que, segundo ele, seria ligado a Vaccari, o qual teria intermediado neg\u00f3cios com o fundo da Petrobras.<\/p>\n<p><img loading=\"lazy\" decoding=\"async\" class=\"alignnone size-full wp-image-70065\" src=\"http:\/\/www.notibras.com\/site\/wp-content\/uploads\/2015\/10\/estadao.png\" alt=\"estadao\" width=\"99\" height=\"16\" \/><\/p>\n","protected":false},"excerpt":{"rendered":"<p>Um dos principais delatores da Opera\u00e7\u00e3o Lava Jato, o doleiro Alberto Youssef afirmou, em depoimento \u00e0 CPI dos Fundos de Pens\u00e3o nesta ter\u00e7a-feira, 27, que ouviu dizer pelo mercado que o ex-tesoureiro do PT Jo\u00e3o Vaccari Neto era um dos operadores de alguns fundos de pens\u00e3o. Em sua fala, ele confirmou que conhecia ex-diretores dos [&hellip;]<\/p>\n","protected":false},"author":2,"featured_media":0,"comment_status":"open","ping_status":"closed","sticky":false,"template":"","format":"standard","meta":{"_acf_changed":false,"footnotes":""},"categories":[16],"tags":[],"class_list":["post-73289","post","type-post","status-publish","format-standard","hentry","category-brasil"],"acf":[],"yoast_head":"<!-- This site is optimized with the Yoast SEO plugin v27.2 - https:\/\/yoast.com\/product\/yoast-seo-wordpress\/ -->\n<title>Se &#039;ouvi dizer&#039; valer, Vaccari operou tamb\u00e9m nos Fundos de Pens\u00e3o, afirma Youssef - Notibras<\/title>\n<meta name=\"robots\" content=\"index, follow, max-snippet:-1, max-image-preview:large, max-video-preview:-1\" \/>\n<link rel=\"canonical\" href=\"https:\/\/www.notibras.com\/site\/se-ouvi-dizser-valer-vaccari-operou-tambem-nos-fundos-de-pensao-diz-youssef\/\" \/>\n<meta property=\"og:locale\" content=\"pt_BR\" \/>\n<meta property=\"og:type\" content=\"article\" \/>\n<meta property=\"og:title\" content=\"Se &#039;ouvi dizer&#039; valer, Vaccari operou tamb\u00e9m nos Fundos de Pens\u00e3o, afirma Youssef - Notibras\" \/>\n<meta property=\"og:description\" content=\"Um dos principais delatores da Opera\u00e7\u00e3o Lava Jato, o doleiro Alberto Youssef afirmou, em depoimento \u00e0 CPI dos Fundos de Pens\u00e3o nesta ter\u00e7a-feira, 27, que ouviu dizer pelo mercado que o ex-tesoureiro do PT Jo\u00e3o Vaccari Neto era um dos operadores de alguns fundos de pens\u00e3o. Em sua fala, ele confirmou que conhecia ex-diretores dos [&hellip;]\" \/>\n<meta property=\"og:url\" content=\"https:\/\/www.notibras.com\/site\/se-ouvi-dizser-valer-vaccari-operou-tambem-nos-fundos-de-pensao-diz-youssef\/\" \/>\n<meta property=\"og:site_name\" content=\"Notibras\" \/>\n<meta property=\"article:publisher\" content=\"https:\/\/www.facebook.com\/notibras\/\" \/>\n<meta property=\"article:published_time\" content=\"2015-10-27T22:36:47+00:00\" \/>\n<meta property=\"article:modified_time\" content=\"2015-10-27T22:37:22+00:00\" \/>\n<meta property=\"og:image\" content=\"https:\/\/www.notibras.com\/site\/wp-content\/uploads\/2015\/10\/982202-27102015-dsc_88841.jpg\" \/>\n\t<meta property=\"og:image:width\" content=\"800\" \/>\n\t<meta property=\"og:image:height\" content=\"532\" \/>\n\t<meta property=\"og:image:type\" content=\"image\/jpeg\" \/>\n<meta name=\"author\" content=\"Reda\u00e7\u00e3o\" \/>\n<meta name=\"twitter:card\" content=\"summary_large_image\" \/>\n<meta name=\"twitter:creator\" content=\"@Notibras\" \/>\n<meta name=\"twitter:site\" content=\"@Notibras\" \/>\n<meta name=\"twitter:label1\" content=\"Escrito por\" \/>\n\t<meta name=\"twitter:data1\" content=\"Reda\u00e7\u00e3o\" \/>\n\t<meta name=\"twitter:label2\" content=\"Est. tempo de leitura\" \/>\n\t<meta name=\"twitter:data2\" content=\"3 minutos\" \/>\n<script type=\"application\/ld+json\" class=\"yoast-schema-graph\">{\"@context\":\"https:\/\/schema.org\",\"@graph\":[{\"@type\":\"Article\",\"@id\":\"https:\/\/www.notibras.com\/site\/se-ouvi-dizser-valer-vaccari-operou-tambem-nos-fundos-de-pensao-diz-youssef\/#article\",\"isPartOf\":{\"@id\":\"https:\/\/www.notibras.com\/site\/se-ouvi-dizser-valer-vaccari-operou-tambem-nos-fundos-de-pensao-diz-youssef\/\"},\"author\":{\"name\":\"Reda\u00e7\u00e3o\",\"@id\":\"https:\/\/www.notibras.com\/site\/#\/schema\/person\/36ab0979449956132d3e5b517ea76ac8\"},\"headline\":\"Se &#8216;ouvi dizer&#8217; valer, Vaccari operou tamb\u00e9m nos Fundos de Pens\u00e3o, afirma Youssef\",\"datePublished\":\"2015-10-27T22:36:47+00:00\",\"dateModified\":\"2015-10-27T22:37:22+00:00\",\"mainEntityOfPage\":{\"@id\":\"https:\/\/www.notibras.com\/site\/se-ouvi-dizser-valer-vaccari-operou-tambem-nos-fundos-de-pensao-diz-youssef\/\"},\"wordCount\":586,\"commentCount\":0,\"publisher\":{\"@id\":\"https:\/\/www.notibras.com\/site\/#organization\"},\"image\":{\"@id\":\"https:\/\/www.notibras.com\/site\/se-ouvi-dizser-valer-vaccari-operou-tambem-nos-fundos-de-pensao-diz-youssef\/#primaryimage\"},\"thumbnailUrl\":\"http:\/\/www.notibras.com\/site\/wp-content\/uploads\/2015\/10\/estadao.png\",\"articleSection\":[\"Brasil\"],\"inLanguage\":\"pt-BR\",\"potentialAction\":[{\"@type\":\"CommentAction\",\"name\":\"Comment\",\"target\":[\"https:\/\/www.notibras.com\/site\/se-ouvi-dizser-valer-vaccari-operou-tambem-nos-fundos-de-pensao-diz-youssef\/#respond\"]}]},{\"@type\":\"WebPage\",\"@id\":\"https:\/\/www.notibras.com\/site\/se-ouvi-dizser-valer-vaccari-operou-tambem-nos-fundos-de-pensao-diz-youssef\/\",\"url\":\"https:\/\/www.notibras.com\/site\/se-ouvi-dizser-valer-vaccari-operou-tambem-nos-fundos-de-pensao-diz-youssef\/\",\"name\":\"Se 'ouvi dizer' valer, Vaccari operou tamb\u00e9m nos Fundos de Pens\u00e3o, afirma Youssef - Notibras\",\"isPartOf\":{\"@id\":\"https:\/\/www.notibras.com\/site\/#website\"},\"primaryImageOfPage\":{\"@id\":\"https:\/\/www.notibras.com\/site\/se-ouvi-dizser-valer-vaccari-operou-tambem-nos-fundos-de-pensao-diz-youssef\/#primaryimage\"},\"image\":{\"@id\":\"https:\/\/www.notibras.com\/site\/se-ouvi-dizser-valer-vaccari-operou-tambem-nos-fundos-de-pensao-diz-youssef\/#primaryimage\"},\"thumbnailUrl\":\"http:\/\/www.notibras.com\/site\/wp-content\/uploads\/2015\/10\/estadao.png\",\"datePublished\":\"2015-10-27T22:36:47+00:00\",\"dateModified\":\"2015-10-27T22:37:22+00:00\",\"breadcrumb\":{\"@id\":\"https:\/\/www.notibras.com\/site\/se-ouvi-dizser-valer-vaccari-operou-tambem-nos-fundos-de-pensao-diz-youssef\/#breadcrumb\"},\"inLanguage\":\"pt-BR\",\"potentialAction\":[{\"@type\":\"ReadAction\",\"target\":[\"https:\/\/www.notibras.com\/site\/se-ouvi-dizser-valer-vaccari-operou-tambem-nos-fundos-de-pensao-diz-youssef\/\"]}]},{\"@type\":\"ImageObject\",\"inLanguage\":\"pt-BR\",\"@id\":\"https:\/\/www.notibras.com\/site\/se-ouvi-dizser-valer-vaccari-operou-tambem-nos-fundos-de-pensao-diz-youssef\/#primaryimage\",\"url\":\"http:\/\/www.notibras.com\/site\/wp-content\/uploads\/2015\/10\/estadao.png\",\"contentUrl\":\"http:\/\/www.notibras.com\/site\/wp-content\/uploads\/2015\/10\/estadao.png\"},{\"@type\":\"BreadcrumbList\",\"@id\":\"https:\/\/www.notibras.com\/site\/se-ouvi-dizser-valer-vaccari-operou-tambem-nos-fundos-de-pensao-diz-youssef\/#breadcrumb\",\"itemListElement\":[{\"@type\":\"ListItem\",\"position\":1,\"name\":\"In\u00edcio\",\"item\":\"https:\/\/www.notibras.com\/site\/\"},{\"@type\":\"ListItem\",\"position\":2,\"name\":\"Se &#8216;ouvi dizer&#8217; valer, Vaccari operou tamb\u00e9m nos Fundos de Pens\u00e3o, afirma Youssef\"}]},{\"@type\":\"WebSite\",\"@id\":\"https:\/\/www.notibras.com\/site\/#website\",\"url\":\"https:\/\/www.notibras.com\/site\/\",\"name\":\"Notibras\",\"description\":\"Not\u00edcias de Bras\u00edlia, do Brasil e do Mundo\",\"publisher\":{\"@id\":\"https:\/\/www.notibras.com\/site\/#organization\"},\"potentialAction\":[{\"@type\":\"SearchAction\",\"target\":{\"@type\":\"EntryPoint\",\"urlTemplate\":\"https:\/\/www.notibras.com\/site\/?s={search_term_string}\"},\"query-input\":{\"@type\":\"PropertyValueSpecification\",\"valueRequired\":true,\"valueName\":\"search_term_string\"}}],\"inLanguage\":\"pt-BR\"},{\"@type\":\"Organization\",\"@id\":\"https:\/\/www.notibras.com\/site\/#organization\",\"name\":\"Grupo Notibras de Comunica\u00e7\u00e3o\",\"url\":\"https:\/\/www.notibras.com\/site\/\",\"logo\":{\"@type\":\"ImageObject\",\"inLanguage\":\"pt-BR\",\"@id\":\"https:\/\/www.notibras.com\/site\/#\/schema\/logo\/image\/\",\"url\":\"https:\/\/www.notibras.com\/site\/wp-content\/uploads\/2023\/01\/notibras23.png\",\"contentUrl\":\"https:\/\/www.notibras.com\/site\/wp-content\/uploads\/2023\/01\/notibras23.png\",\"width\":350,\"height\":87,\"caption\":\"Grupo Notibras de Comunica\u00e7\u00e3o\"},\"image\":{\"@id\":\"https:\/\/www.notibras.com\/site\/#\/schema\/logo\/image\/\"},\"sameAs\":[\"https:\/\/www.facebook.com\/notibras\/\",\"https:\/\/x.com\/Notibras\",\"https:\/\/www.instagram.com\/notibras\/\"]},{\"@type\":\"Person\",\"@id\":\"https:\/\/www.notibras.com\/site\/#\/schema\/person\/36ab0979449956132d3e5b517ea76ac8\",\"name\":\"Reda\u00e7\u00e3o\",\"image\":{\"@type\":\"ImageObject\",\"inLanguage\":\"pt-BR\",\"@id\":\"https:\/\/secure.gravatar.com\/avatar\/e0a867bdedb85fd243eadf09663511f96fc81e0720a4a42581f334ad4303aa6b?s=96&d=mm&r=g\",\"url\":\"https:\/\/secure.gravatar.com\/avatar\/e0a867bdedb85fd243eadf09663511f96fc81e0720a4a42581f334ad4303aa6b?s=96&d=mm&r=g\",\"contentUrl\":\"https:\/\/secure.gravatar.com\/avatar\/e0a867bdedb85fd243eadf09663511f96fc81e0720a4a42581f334ad4303aa6b?s=96&d=mm&r=g\",\"caption\":\"Reda\u00e7\u00e3o\"}}]}<\/script>\n<!-- \/ Yoast SEO plugin. -->","yoast_head_json":{"title":"Se 'ouvi dizer' valer, Vaccari operou tamb\u00e9m nos Fundos de Pens\u00e3o, afirma Youssef - Notibras","robots":{"index":"index","follow":"follow","max-snippet":"max-snippet:-1","max-image-preview":"max-image-preview:large","max-video-preview":"max-video-preview:-1"},"canonical":"https:\/\/www.notibras.com\/site\/se-ouvi-dizser-valer-vaccari-operou-tambem-nos-fundos-de-pensao-diz-youssef\/","og_locale":"pt_BR","og_type":"article","og_title":"Se 'ouvi dizer' valer, Vaccari operou tamb\u00e9m nos Fundos de Pens\u00e3o, afirma Youssef - Notibras","og_description":"Um dos principais delatores da Opera\u00e7\u00e3o Lava Jato, o doleiro Alberto Youssef afirmou, em depoimento \u00e0 CPI dos Fundos de Pens\u00e3o nesta ter\u00e7a-feira, 27, que ouviu dizer pelo mercado que o ex-tesoureiro do PT Jo\u00e3o Vaccari Neto era um dos operadores de alguns fundos de pens\u00e3o. Em sua fala, ele confirmou que conhecia ex-diretores dos [&hellip;]","og_url":"https:\/\/www.notibras.com\/site\/se-ouvi-dizser-valer-vaccari-operou-tambem-nos-fundos-de-pensao-diz-youssef\/","og_site_name":"Notibras","article_publisher":"https:\/\/www.facebook.com\/notibras\/","article_published_time":"2015-10-27T22:36:47+00:00","article_modified_time":"2015-10-27T22:37:22+00:00","og_image":[{"width":800,"height":532,"url":"https:\/\/www.notibras.com\/site\/wp-content\/uploads\/2015\/10\/982202-27102015-dsc_88841.jpg","type":"image\/jpeg"}],"author":"Reda\u00e7\u00e3o","twitter_card":"summary_large_image","twitter_creator":"@Notibras","twitter_site":"@Notibras","twitter_misc":{"Escrito por":"Reda\u00e7\u00e3o","Est. tempo de leitura":"3 minutos"},"schema":{"@context":"https:\/\/schema.org","@graph":[{"@type":"Article","@id":"https:\/\/www.notibras.com\/site\/se-ouvi-dizser-valer-vaccari-operou-tambem-nos-fundos-de-pensao-diz-youssef\/#article","isPartOf":{"@id":"https:\/\/www.notibras.com\/site\/se-ouvi-dizser-valer-vaccari-operou-tambem-nos-fundos-de-pensao-diz-youssef\/"},"author":{"name":"Reda\u00e7\u00e3o","@id":"https:\/\/www.notibras.com\/site\/#\/schema\/person\/36ab0979449956132d3e5b517ea76ac8"},"headline":"Se &#8216;ouvi dizer&#8217; valer, Vaccari operou tamb\u00e9m nos Fundos de Pens\u00e3o, afirma Youssef","datePublished":"2015-10-27T22:36:47+00:00","dateModified":"2015-10-27T22:37:22+00:00","mainEntityOfPage":{"@id":"https:\/\/www.notibras.com\/site\/se-ouvi-dizser-valer-vaccari-operou-tambem-nos-fundos-de-pensao-diz-youssef\/"},"wordCount":586,"commentCount":0,"publisher":{"@id":"https:\/\/www.notibras.com\/site\/#organization"},"image":{"@id":"https:\/\/www.notibras.com\/site\/se-ouvi-dizser-valer-vaccari-operou-tambem-nos-fundos-de-pensao-diz-youssef\/#primaryimage"},"thumbnailUrl":"http:\/\/www.notibras.com\/site\/wp-content\/uploads\/2015\/10\/estadao.png","articleSection":["Brasil"],"inLanguage":"pt-BR","potentialAction":[{"@type":"CommentAction","name":"Comment","target":["https:\/\/www.notibras.com\/site\/se-ouvi-dizser-valer-vaccari-operou-tambem-nos-fundos-de-pensao-diz-youssef\/#respond"]}]},{"@type":"WebPage","@id":"https:\/\/www.notibras.com\/site\/se-ouvi-dizser-valer-vaccari-operou-tambem-nos-fundos-de-pensao-diz-youssef\/","url":"https:\/\/www.notibras.com\/site\/se-ouvi-dizser-valer-vaccari-operou-tambem-nos-fundos-de-pensao-diz-youssef\/","name":"Se 'ouvi dizer' valer, Vaccari operou tamb\u00e9m nos Fundos de Pens\u00e3o, afirma Youssef - Notibras","isPartOf":{"@id":"https:\/\/www.notibras.com\/site\/#website"},"primaryImageOfPage":{"@id":"https:\/\/www.notibras.com\/site\/se-ouvi-dizser-valer-vaccari-operou-tambem-nos-fundos-de-pensao-diz-youssef\/#primaryimage"},"image":{"@id":"https:\/\/www.notibras.com\/site\/se-ouvi-dizser-valer-vaccari-operou-tambem-nos-fundos-de-pensao-diz-youssef\/#primaryimage"},"thumbnailUrl":"http:\/\/www.notibras.com\/site\/wp-content\/uploads\/2015\/10\/estadao.png","datePublished":"2015-10-27T22:36:47+00:00","dateModified":"2015-10-27T22:37:22+00:00","breadcrumb":{"@id":"https:\/\/www.notibras.com\/site\/se-ouvi-dizser-valer-vaccari-operou-tambem-nos-fundos-de-pensao-diz-youssef\/#breadcrumb"},"inLanguage":"pt-BR","potentialAction":[{"@type":"ReadAction","target":["https:\/\/www.notibras.com\/site\/se-ouvi-dizser-valer-vaccari-operou-tambem-nos-fundos-de-pensao-diz-youssef\/"]}]},{"@type":"ImageObject","inLanguage":"pt-BR","@id":"https:\/\/www.notibras.com\/site\/se-ouvi-dizser-valer-vaccari-operou-tambem-nos-fundos-de-pensao-diz-youssef\/#primaryimage","url":"http:\/\/www.notibras.com\/site\/wp-content\/uploads\/2015\/10\/estadao.png","contentUrl":"http:\/\/www.notibras.com\/site\/wp-content\/uploads\/2015\/10\/estadao.png"},{"@type":"BreadcrumbList","@id":"https:\/\/www.notibras.com\/site\/se-ouvi-dizser-valer-vaccari-operou-tambem-nos-fundos-de-pensao-diz-youssef\/#breadcrumb","itemListElement":[{"@type":"ListItem","position":1,"name":"In\u00edcio","item":"https:\/\/www.notibras.com\/site\/"},{"@type":"ListItem","position":2,"name":"Se &#8216;ouvi dizer&#8217; valer, Vaccari operou tamb\u00e9m nos Fundos de Pens\u00e3o, afirma Youssef"}]},{"@type":"WebSite","@id":"https:\/\/www.notibras.com\/site\/#website","url":"https:\/\/www.notibras.com\/site\/","name":"Notibras","description":"Not\u00edcias de Bras\u00edlia, do Brasil e do Mundo","publisher":{"@id":"https:\/\/www.notibras.com\/site\/#organization"},"potentialAction":[{"@type":"SearchAction","target":{"@type":"EntryPoint","urlTemplate":"https:\/\/www.notibras.com\/site\/?s={search_term_string}"},"query-input":{"@type":"PropertyValueSpecification","valueRequired":true,"valueName":"search_term_string"}}],"inLanguage":"pt-BR"},{"@type":"Organization","@id":"https:\/\/www.notibras.com\/site\/#organization","name":"Grupo Notibras de Comunica\u00e7\u00e3o","url":"https:\/\/www.notibras.com\/site\/","logo":{"@type":"ImageObject","inLanguage":"pt-BR","@id":"https:\/\/www.notibras.com\/site\/#\/schema\/logo\/image\/","url":"https:\/\/www.notibras.com\/site\/wp-content\/uploads\/2023\/01\/notibras23.png","contentUrl":"https:\/\/www.notibras.com\/site\/wp-content\/uploads\/2023\/01\/notibras23.png","width":350,"height":87,"caption":"Grupo Notibras de Comunica\u00e7\u00e3o"},"image":{"@id":"https:\/\/www.notibras.com\/site\/#\/schema\/logo\/image\/"},"sameAs":["https:\/\/www.facebook.com\/notibras\/","https:\/\/x.com\/Notibras","https:\/\/www.instagram.com\/notibras\/"]},{"@type":"Person","@id":"https:\/\/www.notibras.com\/site\/#\/schema\/person\/36ab0979449956132d3e5b517ea76ac8","name":"Reda\u00e7\u00e3o","image":{"@type":"ImageObject","inLanguage":"pt-BR","@id":"https:\/\/secure.gravatar.com\/avatar\/e0a867bdedb85fd243eadf09663511f96fc81e0720a4a42581f334ad4303aa6b?s=96&d=mm&r=g","url":"https:\/\/secure.gravatar.com\/avatar\/e0a867bdedb85fd243eadf09663511f96fc81e0720a4a42581f334ad4303aa6b?s=96&d=mm&r=g","contentUrl":"https:\/\/secure.gravatar.com\/avatar\/e0a867bdedb85fd243eadf09663511f96fc81e0720a4a42581f334ad4303aa6b?s=96&d=mm&r=g","caption":"Reda\u00e7\u00e3o"}}]}},"amp_enabled":true,"_links":{"self":[{"href":"https:\/\/www.notibras.com\/site\/wp-json\/wp\/v2\/posts\/73289","targetHints":{"allow":["GET"]}}],"collection":[{"href":"https:\/\/www.notibras.com\/site\/wp-json\/wp\/v2\/posts"}],"about":[{"href":"https:\/\/www.notibras.com\/site\/wp-json\/wp\/v2\/types\/post"}],"author":[{"embeddable":true,"href":"https:\/\/www.notibras.com\/site\/wp-json\/wp\/v2\/users\/2"}],"replies":[{"embeddable":true,"href":"https:\/\/www.notibras.com\/site\/wp-json\/wp\/v2\/comments?post=73289"}],"version-history":[{"count":2,"href":"https:\/\/www.notibras.com\/site\/wp-json\/wp\/v2\/posts\/73289\/revisions"}],"predecessor-version":[{"id":73292,"href":"https:\/\/www.notibras.com\/site\/wp-json\/wp\/v2\/posts\/73289\/revisions\/73292"}],"wp:attachment":[{"href":"https:\/\/www.notibras.com\/site\/wp-json\/wp\/v2\/media?parent=73289"}],"wp:term":[{"taxonomy":"category","embeddable":true,"href":"https:\/\/www.notibras.com\/site\/wp-json\/wp\/v2\/categories?post=73289"},{"taxonomy":"post_tag","embeddable":true,"href":"https:\/\/www.notibras.com\/site\/wp-json\/wp\/v2\/tags?post=73289"}],"curies":[{"name":"wp","href":"https:\/\/api.w.org\/{rel}","templated":true}]}}