{"id":73296,"date":"2015-10-27T20:48:35","date_gmt":"2015-10-27T22:48:35","guid":{"rendered":"http:\/\/www.notibras.com\/site\/?p=73296"},"modified":"2015-10-27T20:49:15","modified_gmt":"2015-10-27T22:49:15","slug":"cunha-incorpora-he-man-que-tem-a-forca-ele-a-ultima-palavra-sobre-impeachment","status":"publish","type":"post","link":"https:\/\/www.notibras.com\/site\/cunha-incorpora-he-man-que-tem-a-forca-ele-a-ultima-palavra-sobre-impeachment\/","title":{"rendered":"Cunha incorpora He-man, que tem a for\u00e7a; ele tem a \u00faltima palavra sobre o impeachment"},"content":{"rendered":"<p>O presidente da C\u00e2mara dos Deputados, Eduardo Cunha (PMDB-RJ), disse nesta ter\u00e7a-feira, 27, que os pedidos de impeachment contra a presidente Dilma Rousseff ainda est\u00e3o sob an\u00e1lise. Em nota divulgada nesta tarde, ele enfatizou que, independentemente da orienta\u00e7\u00e3o jur\u00eddica, a palavra final sobre a abertura de processo de afastamento da presidente da Rep\u00fablica \u00e9 dele.<\/p>\n<p>&#8220;O presidente da C\u00e2mara dos Deputados, Eduardo Cunha, afirma que n\u00e3o recebeu qualquer parecer da \u00e1rea t\u00e9cnica da Casa sobre os pedidos de impeachment contra a presidente Dilma Rousseff que ainda est\u00e3o sob an\u00e1lise. Cunha reitera ainda que cabe a ele a decis\u00e3o sobre o andamento dos processos independentemente da orienta\u00e7\u00e3o jur\u00eddica&#8221;, diz a mensagem.<\/p>\n<p>O jornal &#8220;Folha de S.Paulo&#8221; divulgou nesta tarde a informa\u00e7\u00e3o de que a \u00e1rea t\u00e9cnica da Casa est\u00e1 finalizando um parecer em que recomenda ao presidente que d\u00ea prosseguimento ao pedido de impeachment protocolado pela oposi\u00e7\u00e3o.<\/p>\n<p>Ao Broadcast Pol\u00edtico, servi\u00e7o de not\u00edcias em tempo real da Ag\u00eancia Estado, Cunha disse que n\u00e3o recebeu ainda a manifesta\u00e7\u00e3o do corpo jur\u00eddico. &#8220;N\u00e3o recebi nada. E mesmo que tenha, a \u00faltima palavra ser\u00e1 minha. Eu posso concordar ou n\u00e3o com pareceres&#8221;, declarou. A Secretaria Geral da Mesa negou a exist\u00eancia de um parecer pr\u00e9vio.<\/p>\n<p>Um aliado do peemedebista disse que a \u00e1rea t\u00e9cnica j\u00e1 havia apresentado um parecer favor\u00e1vel ao pedido de impeachment do advogado Luis Carlos Crema. Esse documento \u00e9 baseado em decretos presidenciais de 2015 e nas chamadas pedaladas fiscais praticadas neste ano. O embasamento jur\u00eddico \u00e9 o mesmo do requerimento apresentado pelos juristas H\u00e9lio Bicudo, Miguel Reale J\u00fanior e Jana\u00edna Paschoal.<\/p>\n<p><b>Protesto &#8211;\u00a0<\/b>Hoje, membros do Movimento Brasil Livre (MBL) ocupavam parte da galeria da C\u00e2mara, onde estenderam uma faixa em verde e amarelo com os dizeres &#8220;Fora Dilma&#8221;. O grupo \u00e9 o mesmo que ocupa o gramado do Congresso desde a semana passada. Cunha pediu que a seguran\u00e7a da C\u00e2mara retirasse a faixa.<\/p>\n<p><b>Conselho de \u00c9tica &#8211;\u00a0<\/b>Cunha disse ainda que n\u00e3o interfere na Mesa Diretora da C\u00e2mara, em favor pr\u00f3prio. Questionado quando a Mesa mandaria o caso dele para o Conselho de \u00c9tica, disse que essa \u00e9 uma decis\u00e3o da Mesa. &#8220;\u00c9 com Mesa, n\u00e3o estou praticando ato nenhum em rela\u00e7\u00e3o \u00e0 Mesa. Amanh\u00e3 ela se re\u00fane \u00e0s 12h&#8221;, explicou.<\/p>\n<p><img loading=\"lazy\" decoding=\"async\" class=\"alignnone size-full wp-image-70065\" src=\"http:\/\/www.notibras.com\/site\/wp-content\/uploads\/2015\/10\/estadao.png\" alt=\"estadao\" width=\"99\" height=\"16\" \/><\/p>\n","protected":false},"excerpt":{"rendered":"<p>O presidente da C\u00e2mara dos Deputados, Eduardo Cunha (PMDB-RJ), disse nesta ter\u00e7a-feira, 27, que os pedidos de impeachment contra a presidente Dilma Rousseff ainda est\u00e3o sob an\u00e1lise. Em nota divulgada nesta tarde, ele enfatizou que, independentemente da orienta\u00e7\u00e3o jur\u00eddica, a palavra final sobre a abertura de processo de afastamento da presidente da Rep\u00fablica \u00e9 dele. [&hellip;]<\/p>\n","protected":false},"author":2,"featured_media":0,"comment_status":"open","ping_status":"closed","sticky":false,"template":"","format":"standard","meta":{"_acf_changed":false,"footnotes":""},"categories":[16],"tags":[],"class_list":["post-73296","post","type-post","status-publish","format-standard","hentry","category-brasil"],"acf":[],"yoast_head":"<!-- This site is optimized with the Yoast SEO plugin v27.2 - https:\/\/yoast.com\/product\/yoast-seo-wordpress\/ -->\n<title>Cunha incorpora He-man, que tem a for\u00e7a; ele tem a \u00faltima palavra sobre o impeachment - Notibras<\/title>\n<meta name=\"robots\" content=\"index, follow, max-snippet:-1, max-image-preview:large, max-video-preview:-1\" \/>\n<link rel=\"canonical\" href=\"https:\/\/www.notibras.com\/site\/cunha-incorpora-he-man-que-tem-a-forca-ele-a-ultima-palavra-sobre-impeachment\/\" \/>\n<meta property=\"og:locale\" content=\"pt_BR\" \/>\n<meta property=\"og:type\" content=\"article\" \/>\n<meta property=\"og:title\" content=\"Cunha incorpora He-man, que tem a for\u00e7a; ele tem a \u00faltima palavra sobre o impeachment - Notibras\" \/>\n<meta property=\"og:description\" content=\"O presidente da C\u00e2mara dos Deputados, Eduardo Cunha (PMDB-RJ), disse nesta ter\u00e7a-feira, 27, que os pedidos de impeachment contra a presidente Dilma Rousseff ainda est\u00e3o sob an\u00e1lise. Em nota divulgada nesta tarde, ele enfatizou que, independentemente da orienta\u00e7\u00e3o jur\u00eddica, a palavra final sobre a abertura de processo de afastamento da presidente da Rep\u00fablica \u00e9 dele. [&hellip;]\" \/>\n<meta property=\"og:url\" content=\"https:\/\/www.notibras.com\/site\/cunha-incorpora-he-man-que-tem-a-forca-ele-a-ultima-palavra-sobre-impeachment\/\" \/>\n<meta property=\"og:site_name\" content=\"Notibras\" \/>\n<meta property=\"article:publisher\" content=\"https:\/\/www.facebook.com\/notibras\/\" \/>\n<meta property=\"article:published_time\" content=\"2015-10-27T22:48:35+00:00\" \/>\n<meta property=\"article:modified_time\" content=\"2015-10-27T22:49:15+00:00\" \/>\n<meta property=\"og:image\" content=\"https:\/\/www.notibras.com\/site\/wp-content\/uploads\/2015\/10\/982234-27102015-dsc_85021.jpg\" \/>\n\t<meta property=\"og:image:width\" content=\"800\" \/>\n\t<meta property=\"og:image:height\" content=\"533\" \/>\n\t<meta property=\"og:image:type\" content=\"image\/jpeg\" \/>\n<meta name=\"author\" content=\"Reda\u00e7\u00e3o\" \/>\n<meta name=\"twitter:card\" content=\"summary_large_image\" \/>\n<meta name=\"twitter:creator\" content=\"@Notibras\" \/>\n<meta name=\"twitter:site\" content=\"@Notibras\" \/>\n<meta name=\"twitter:label1\" content=\"Escrito por\" \/>\n\t<meta name=\"twitter:data1\" content=\"Reda\u00e7\u00e3o\" \/>\n\t<meta name=\"twitter:label2\" content=\"Est. tempo de leitura\" \/>\n\t<meta name=\"twitter:data2\" content=\"2 minutos\" \/>\n<script type=\"application\/ld+json\" class=\"yoast-schema-graph\">{\"@context\":\"https:\/\/schema.org\",\"@graph\":[{\"@type\":\"Article\",\"@id\":\"https:\/\/www.notibras.com\/site\/cunha-incorpora-he-man-que-tem-a-forca-ele-a-ultima-palavra-sobre-impeachment\/#article\",\"isPartOf\":{\"@id\":\"https:\/\/www.notibras.com\/site\/cunha-incorpora-he-man-que-tem-a-forca-ele-a-ultima-palavra-sobre-impeachment\/\"},\"author\":{\"name\":\"Reda\u00e7\u00e3o\",\"@id\":\"https:\/\/www.notibras.com\/site\/#\/schema\/person\/36ab0979449956132d3e5b517ea76ac8\"},\"headline\":\"Cunha incorpora He-man, que tem a for\u00e7a; ele tem a \u00faltima palavra sobre o impeachment\",\"datePublished\":\"2015-10-27T22:48:35+00:00\",\"dateModified\":\"2015-10-27T22:49:15+00:00\",\"mainEntityOfPage\":{\"@id\":\"https:\/\/www.notibras.com\/site\/cunha-incorpora-he-man-que-tem-a-forca-ele-a-ultima-palavra-sobre-impeachment\/\"},\"wordCount\":425,\"commentCount\":0,\"publisher\":{\"@id\":\"https:\/\/www.notibras.com\/site\/#organization\"},\"image\":{\"@id\":\"https:\/\/www.notibras.com\/site\/cunha-incorpora-he-man-que-tem-a-forca-ele-a-ultima-palavra-sobre-impeachment\/#primaryimage\"},\"thumbnailUrl\":\"http:\/\/www.notibras.com\/site\/wp-content\/uploads\/2015\/10\/estadao.png\",\"articleSection\":[\"Brasil\"],\"inLanguage\":\"pt-BR\",\"potentialAction\":[{\"@type\":\"CommentAction\",\"name\":\"Comment\",\"target\":[\"https:\/\/www.notibras.com\/site\/cunha-incorpora-he-man-que-tem-a-forca-ele-a-ultima-palavra-sobre-impeachment\/#respond\"]}]},{\"@type\":\"WebPage\",\"@id\":\"https:\/\/www.notibras.com\/site\/cunha-incorpora-he-man-que-tem-a-forca-ele-a-ultima-palavra-sobre-impeachment\/\",\"url\":\"https:\/\/www.notibras.com\/site\/cunha-incorpora-he-man-que-tem-a-forca-ele-a-ultima-palavra-sobre-impeachment\/\",\"name\":\"Cunha incorpora He-man, que tem a for\u00e7a; ele tem a \u00faltima palavra sobre o impeachment - Notibras\",\"isPartOf\":{\"@id\":\"https:\/\/www.notibras.com\/site\/#website\"},\"primaryImageOfPage\":{\"@id\":\"https:\/\/www.notibras.com\/site\/cunha-incorpora-he-man-que-tem-a-forca-ele-a-ultima-palavra-sobre-impeachment\/#primaryimage\"},\"image\":{\"@id\":\"https:\/\/www.notibras.com\/site\/cunha-incorpora-he-man-que-tem-a-forca-ele-a-ultima-palavra-sobre-impeachment\/#primaryimage\"},\"thumbnailUrl\":\"http:\/\/www.notibras.com\/site\/wp-content\/uploads\/2015\/10\/estadao.png\",\"datePublished\":\"2015-10-27T22:48:35+00:00\",\"dateModified\":\"2015-10-27T22:49:15+00:00\",\"breadcrumb\":{\"@id\":\"https:\/\/www.notibras.com\/site\/cunha-incorpora-he-man-que-tem-a-forca-ele-a-ultima-palavra-sobre-impeachment\/#breadcrumb\"},\"inLanguage\":\"pt-BR\",\"potentialAction\":[{\"@type\":\"ReadAction\",\"target\":[\"https:\/\/www.notibras.com\/site\/cunha-incorpora-he-man-que-tem-a-forca-ele-a-ultima-palavra-sobre-impeachment\/\"]}]},{\"@type\":\"ImageObject\",\"inLanguage\":\"pt-BR\",\"@id\":\"https:\/\/www.notibras.com\/site\/cunha-incorpora-he-man-que-tem-a-forca-ele-a-ultima-palavra-sobre-impeachment\/#primaryimage\",\"url\":\"http:\/\/www.notibras.com\/site\/wp-content\/uploads\/2015\/10\/estadao.png\",\"contentUrl\":\"http:\/\/www.notibras.com\/site\/wp-content\/uploads\/2015\/10\/estadao.png\"},{\"@type\":\"BreadcrumbList\",\"@id\":\"https:\/\/www.notibras.com\/site\/cunha-incorpora-he-man-que-tem-a-forca-ele-a-ultima-palavra-sobre-impeachment\/#breadcrumb\",\"itemListElement\":[{\"@type\":\"ListItem\",\"position\":1,\"name\":\"In\u00edcio\",\"item\":\"https:\/\/www.notibras.com\/site\/\"},{\"@type\":\"ListItem\",\"position\":2,\"name\":\"Cunha incorpora He-man, que tem a for\u00e7a; ele tem a \u00faltima palavra sobre o impeachment\"}]},{\"@type\":\"WebSite\",\"@id\":\"https:\/\/www.notibras.com\/site\/#website\",\"url\":\"https:\/\/www.notibras.com\/site\/\",\"name\":\"Notibras\",\"description\":\"Not\u00edcias de Bras\u00edlia, do Brasil e do Mundo\",\"publisher\":{\"@id\":\"https:\/\/www.notibras.com\/site\/#organization\"},\"potentialAction\":[{\"@type\":\"SearchAction\",\"target\":{\"@type\":\"EntryPoint\",\"urlTemplate\":\"https:\/\/www.notibras.com\/site\/?s={search_term_string}\"},\"query-input\":{\"@type\":\"PropertyValueSpecification\",\"valueRequired\":true,\"valueName\":\"search_term_string\"}}],\"inLanguage\":\"pt-BR\"},{\"@type\":\"Organization\",\"@id\":\"https:\/\/www.notibras.com\/site\/#organization\",\"name\":\"Grupo Notibras de Comunica\u00e7\u00e3o\",\"url\":\"https:\/\/www.notibras.com\/site\/\",\"logo\":{\"@type\":\"ImageObject\",\"inLanguage\":\"pt-BR\",\"@id\":\"https:\/\/www.notibras.com\/site\/#\/schema\/logo\/image\/\",\"url\":\"https:\/\/www.notibras.com\/site\/wp-content\/uploads\/2023\/01\/notibras23.png\",\"contentUrl\":\"https:\/\/www.notibras.com\/site\/wp-content\/uploads\/2023\/01\/notibras23.png\",\"width\":350,\"height\":87,\"caption\":\"Grupo Notibras de Comunica\u00e7\u00e3o\"},\"image\":{\"@id\":\"https:\/\/www.notibras.com\/site\/#\/schema\/logo\/image\/\"},\"sameAs\":[\"https:\/\/www.facebook.com\/notibras\/\",\"https:\/\/x.com\/Notibras\",\"https:\/\/www.instagram.com\/notibras\/\"]},{\"@type\":\"Person\",\"@id\":\"https:\/\/www.notibras.com\/site\/#\/schema\/person\/36ab0979449956132d3e5b517ea76ac8\",\"name\":\"Reda\u00e7\u00e3o\",\"image\":{\"@type\":\"ImageObject\",\"inLanguage\":\"pt-BR\",\"@id\":\"https:\/\/secure.gravatar.com\/avatar\/e0a867bdedb85fd243eadf09663511f96fc81e0720a4a42581f334ad4303aa6b?s=96&d=mm&r=g\",\"url\":\"https:\/\/secure.gravatar.com\/avatar\/e0a867bdedb85fd243eadf09663511f96fc81e0720a4a42581f334ad4303aa6b?s=96&d=mm&r=g\",\"contentUrl\":\"https:\/\/secure.gravatar.com\/avatar\/e0a867bdedb85fd243eadf09663511f96fc81e0720a4a42581f334ad4303aa6b?s=96&d=mm&r=g\",\"caption\":\"Reda\u00e7\u00e3o\"}}]}<\/script>\n<!-- \/ Yoast SEO plugin. -->","yoast_head_json":{"title":"Cunha incorpora He-man, que tem a for\u00e7a; ele tem a \u00faltima palavra sobre o impeachment - Notibras","robots":{"index":"index","follow":"follow","max-snippet":"max-snippet:-1","max-image-preview":"max-image-preview:large","max-video-preview":"max-video-preview:-1"},"canonical":"https:\/\/www.notibras.com\/site\/cunha-incorpora-he-man-que-tem-a-forca-ele-a-ultima-palavra-sobre-impeachment\/","og_locale":"pt_BR","og_type":"article","og_title":"Cunha incorpora He-man, que tem a for\u00e7a; ele tem a \u00faltima palavra sobre o impeachment - Notibras","og_description":"O presidente da C\u00e2mara dos Deputados, Eduardo Cunha (PMDB-RJ), disse nesta ter\u00e7a-feira, 27, que os pedidos de impeachment contra a presidente Dilma Rousseff ainda est\u00e3o sob an\u00e1lise. Em nota divulgada nesta tarde, ele enfatizou que, independentemente da orienta\u00e7\u00e3o jur\u00eddica, a palavra final sobre a abertura de processo de afastamento da presidente da Rep\u00fablica \u00e9 dele. [&hellip;]","og_url":"https:\/\/www.notibras.com\/site\/cunha-incorpora-he-man-que-tem-a-forca-ele-a-ultima-palavra-sobre-impeachment\/","og_site_name":"Notibras","article_publisher":"https:\/\/www.facebook.com\/notibras\/","article_published_time":"2015-10-27T22:48:35+00:00","article_modified_time":"2015-10-27T22:49:15+00:00","og_image":[{"width":800,"height":533,"url":"https:\/\/www.notibras.com\/site\/wp-content\/uploads\/2015\/10\/982234-27102015-dsc_85021.jpg","type":"image\/jpeg"}],"author":"Reda\u00e7\u00e3o","twitter_card":"summary_large_image","twitter_creator":"@Notibras","twitter_site":"@Notibras","twitter_misc":{"Escrito por":"Reda\u00e7\u00e3o","Est. tempo de leitura":"2 minutos"},"schema":{"@context":"https:\/\/schema.org","@graph":[{"@type":"Article","@id":"https:\/\/www.notibras.com\/site\/cunha-incorpora-he-man-que-tem-a-forca-ele-a-ultima-palavra-sobre-impeachment\/#article","isPartOf":{"@id":"https:\/\/www.notibras.com\/site\/cunha-incorpora-he-man-que-tem-a-forca-ele-a-ultima-palavra-sobre-impeachment\/"},"author":{"name":"Reda\u00e7\u00e3o","@id":"https:\/\/www.notibras.com\/site\/#\/schema\/person\/36ab0979449956132d3e5b517ea76ac8"},"headline":"Cunha incorpora He-man, que tem a for\u00e7a; ele tem a \u00faltima palavra sobre o impeachment","datePublished":"2015-10-27T22:48:35+00:00","dateModified":"2015-10-27T22:49:15+00:00","mainEntityOfPage":{"@id":"https:\/\/www.notibras.com\/site\/cunha-incorpora-he-man-que-tem-a-forca-ele-a-ultima-palavra-sobre-impeachment\/"},"wordCount":425,"commentCount":0,"publisher":{"@id":"https:\/\/www.notibras.com\/site\/#organization"},"image":{"@id":"https:\/\/www.notibras.com\/site\/cunha-incorpora-he-man-que-tem-a-forca-ele-a-ultima-palavra-sobre-impeachment\/#primaryimage"},"thumbnailUrl":"http:\/\/www.notibras.com\/site\/wp-content\/uploads\/2015\/10\/estadao.png","articleSection":["Brasil"],"inLanguage":"pt-BR","potentialAction":[{"@type":"CommentAction","name":"Comment","target":["https:\/\/www.notibras.com\/site\/cunha-incorpora-he-man-que-tem-a-forca-ele-a-ultima-palavra-sobre-impeachment\/#respond"]}]},{"@type":"WebPage","@id":"https:\/\/www.notibras.com\/site\/cunha-incorpora-he-man-que-tem-a-forca-ele-a-ultima-palavra-sobre-impeachment\/","url":"https:\/\/www.notibras.com\/site\/cunha-incorpora-he-man-que-tem-a-forca-ele-a-ultima-palavra-sobre-impeachment\/","name":"Cunha incorpora He-man, que tem a for\u00e7a; ele tem a \u00faltima palavra sobre o impeachment - Notibras","isPartOf":{"@id":"https:\/\/www.notibras.com\/site\/#website"},"primaryImageOfPage":{"@id":"https:\/\/www.notibras.com\/site\/cunha-incorpora-he-man-que-tem-a-forca-ele-a-ultima-palavra-sobre-impeachment\/#primaryimage"},"image":{"@id":"https:\/\/www.notibras.com\/site\/cunha-incorpora-he-man-que-tem-a-forca-ele-a-ultima-palavra-sobre-impeachment\/#primaryimage"},"thumbnailUrl":"http:\/\/www.notibras.com\/site\/wp-content\/uploads\/2015\/10\/estadao.png","datePublished":"2015-10-27T22:48:35+00:00","dateModified":"2015-10-27T22:49:15+00:00","breadcrumb":{"@id":"https:\/\/www.notibras.com\/site\/cunha-incorpora-he-man-que-tem-a-forca-ele-a-ultima-palavra-sobre-impeachment\/#breadcrumb"},"inLanguage":"pt-BR","potentialAction":[{"@type":"ReadAction","target":["https:\/\/www.notibras.com\/site\/cunha-incorpora-he-man-que-tem-a-forca-ele-a-ultima-palavra-sobre-impeachment\/"]}]},{"@type":"ImageObject","inLanguage":"pt-BR","@id":"https:\/\/www.notibras.com\/site\/cunha-incorpora-he-man-que-tem-a-forca-ele-a-ultima-palavra-sobre-impeachment\/#primaryimage","url":"http:\/\/www.notibras.com\/site\/wp-content\/uploads\/2015\/10\/estadao.png","contentUrl":"http:\/\/www.notibras.com\/site\/wp-content\/uploads\/2015\/10\/estadao.png"},{"@type":"BreadcrumbList","@id":"https:\/\/www.notibras.com\/site\/cunha-incorpora-he-man-que-tem-a-forca-ele-a-ultima-palavra-sobre-impeachment\/#breadcrumb","itemListElement":[{"@type":"ListItem","position":1,"name":"In\u00edcio","item":"https:\/\/www.notibras.com\/site\/"},{"@type":"ListItem","position":2,"name":"Cunha incorpora He-man, que tem a for\u00e7a; ele tem a \u00faltima palavra sobre o impeachment"}]},{"@type":"WebSite","@id":"https:\/\/www.notibras.com\/site\/#website","url":"https:\/\/www.notibras.com\/site\/","name":"Notibras","description":"Not\u00edcias de Bras\u00edlia, do Brasil e do Mundo","publisher":{"@id":"https:\/\/www.notibras.com\/site\/#organization"},"potentialAction":[{"@type":"SearchAction","target":{"@type":"EntryPoint","urlTemplate":"https:\/\/www.notibras.com\/site\/?s={search_term_string}"},"query-input":{"@type":"PropertyValueSpecification","valueRequired":true,"valueName":"search_term_string"}}],"inLanguage":"pt-BR"},{"@type":"Organization","@id":"https:\/\/www.notibras.com\/site\/#organization","name":"Grupo Notibras de Comunica\u00e7\u00e3o","url":"https:\/\/www.notibras.com\/site\/","logo":{"@type":"ImageObject","inLanguage":"pt-BR","@id":"https:\/\/www.notibras.com\/site\/#\/schema\/logo\/image\/","url":"https:\/\/www.notibras.com\/site\/wp-content\/uploads\/2023\/01\/notibras23.png","contentUrl":"https:\/\/www.notibras.com\/site\/wp-content\/uploads\/2023\/01\/notibras23.png","width":350,"height":87,"caption":"Grupo Notibras de Comunica\u00e7\u00e3o"},"image":{"@id":"https:\/\/www.notibras.com\/site\/#\/schema\/logo\/image\/"},"sameAs":["https:\/\/www.facebook.com\/notibras\/","https:\/\/x.com\/Notibras","https:\/\/www.instagram.com\/notibras\/"]},{"@type":"Person","@id":"https:\/\/www.notibras.com\/site\/#\/schema\/person\/36ab0979449956132d3e5b517ea76ac8","name":"Reda\u00e7\u00e3o","image":{"@type":"ImageObject","inLanguage":"pt-BR","@id":"https:\/\/secure.gravatar.com\/avatar\/e0a867bdedb85fd243eadf09663511f96fc81e0720a4a42581f334ad4303aa6b?s=96&d=mm&r=g","url":"https:\/\/secure.gravatar.com\/avatar\/e0a867bdedb85fd243eadf09663511f96fc81e0720a4a42581f334ad4303aa6b?s=96&d=mm&r=g","contentUrl":"https:\/\/secure.gravatar.com\/avatar\/e0a867bdedb85fd243eadf09663511f96fc81e0720a4a42581f334ad4303aa6b?s=96&d=mm&r=g","caption":"Reda\u00e7\u00e3o"}}]}},"amp_enabled":true,"_links":{"self":[{"href":"https:\/\/www.notibras.com\/site\/wp-json\/wp\/v2\/posts\/73296","targetHints":{"allow":["GET"]}}],"collection":[{"href":"https:\/\/www.notibras.com\/site\/wp-json\/wp\/v2\/posts"}],"about":[{"href":"https:\/\/www.notibras.com\/site\/wp-json\/wp\/v2\/types\/post"}],"author":[{"embeddable":true,"href":"https:\/\/www.notibras.com\/site\/wp-json\/wp\/v2\/users\/2"}],"replies":[{"embeddable":true,"href":"https:\/\/www.notibras.com\/site\/wp-json\/wp\/v2\/comments?post=73296"}],"version-history":[{"count":2,"href":"https:\/\/www.notibras.com\/site\/wp-json\/wp\/v2\/posts\/73296\/revisions"}],"predecessor-version":[{"id":73299,"href":"https:\/\/www.notibras.com\/site\/wp-json\/wp\/v2\/posts\/73296\/revisions\/73299"}],"wp:attachment":[{"href":"https:\/\/www.notibras.com\/site\/wp-json\/wp\/v2\/media?parent=73296"}],"wp:term":[{"taxonomy":"category","embeddable":true,"href":"https:\/\/www.notibras.com\/site\/wp-json\/wp\/v2\/categories?post=73296"},{"taxonomy":"post_tag","embeddable":true,"href":"https:\/\/www.notibras.com\/site\/wp-json\/wp\/v2\/tags?post=73296"}],"curies":[{"name":"wp","href":"https:\/\/api.w.org\/{rel}","templated":true}]}}