{"id":7333,"date":"2014-04-22T15:49:25","date_gmt":"2014-04-22T18:49:25","guid":{"rendered":"http:\/\/www.notibras.com\/site\/?p=7333"},"modified":"2014-04-22T15:49:25","modified_gmt":"2014-04-22T18:49:25","slug":"comissao-da-verdade-descarta-tese-de-assassinato-morte-de-jk-foi-acidente","status":"publish","type":"post","link":"https:\/\/www.notibras.com\/site\/comissao-da-verdade-descarta-tese-de-assassinato-morte-de-jk-foi-acidente\/","title":{"rendered":"Comiss\u00e3o da Verdade descarta tese de assassinato; morte de JK foi acidente"},"content":{"rendered":"<p>A Comiss\u00e3o Nacional da Verdade (CNV) concluiu que o ex-presidente Juscelino Kubitschek morreu em decorr\u00eancia de um acidente, afastando a suspeita de que ele teria sido v\u00edtima de um atentado. A constata\u00e7\u00e3o est\u00e1 em linha com vers\u00e3o oficial de que ele sofreu um acidente de tr\u00e2nsito na rodovia Presidente Dutra em 1976.<\/p>\n<p class=\"text\">\u201cN\u00e3o h\u00e1 nos documentos, laudos e fotografias trazidos para a presente an\u00e1lise qualquer elemento material que, sequer, sugira que o ex-presidente Juscelino Kubitschek de Oliveira e Geraldo Ribeiro tenham sido assassinados, v\u00edtima de homic\u00eddio doloso\u201d, afirma uma das conclus\u00f5es do relat\u00f3rio referente \u00e0 pesquisa espec\u00edfica sobre o caso JK.<\/p>\n<p class=\"text\">\u201cO conjunto de vest\u00edgios materiais indicam que o ex-presidente Juscelino Kubitschek de Oliveira e Geraldo Ribeiro morreram em virtude de um acidente de tr\u00e2nsito\u201d, diz outro trecho do relat\u00f3rio.<\/p>\n<p class=\"text\">O caso \u00e9 objeto de investiga\u00e7\u00e3o da Comiss\u00e3o desde 2012, quando o colegiado recebeu uma representa\u00e7\u00e3o da se\u00e7\u00e3o mineira da Ordem dos Advogados do Brasil. Instalada em 2012 pela presidente Dilma Rousseff, a Comiss\u00e3o Nacional da Verdade \u00e9 respons\u00e1vel por investigar viola\u00e7\u00f5es de direitos humanos ocorridas entre 1946 e 1988, per\u00edodo que compreende o regime militar.<\/p>\n","protected":false},"excerpt":{"rendered":"<p>A Comiss\u00e3o Nacional da Verdade (CNV) concluiu que o ex-presidente Juscelino Kubitschek morreu em decorr\u00eancia de um acidente, afastando a suspeita de que ele teria sido v\u00edtima de um atentado. A constata\u00e7\u00e3o est\u00e1 em linha com vers\u00e3o oficial de que ele sofreu um acidente de tr\u00e2nsito na rodovia Presidente Dutra em 1976. \u201cN\u00e3o h\u00e1 nos [&hellip;]<\/p>\n","protected":false},"author":2,"featured_media":7334,"comment_status":"open","ping_status":"closed","sticky":false,"template":"","format":"standard","meta":{"_acf_changed":false,"footnotes":""},"categories":[16],"tags":[],"class_list":["post-7333","post","type-post","status-publish","format-standard","has-post-thumbnail","hentry","category-brasil"],"acf":[],"yoast_head":"<!-- This site is optimized with the Yoast SEO plugin v27.2 - https:\/\/yoast.com\/product\/yoast-seo-wordpress\/ -->\n<title>Comiss\u00e3o da Verdade descarta tese de assassinato; morte de JK foi acidente - Notibras<\/title>\n<meta name=\"robots\" content=\"index, follow, max-snippet:-1, max-image-preview:large, max-video-preview:-1\" \/>\n<link rel=\"canonical\" href=\"https:\/\/www.notibras.com\/site\/comissao-da-verdade-descarta-tese-de-assassinato-morte-de-jk-foi-acidente\/\" \/>\n<meta property=\"og:locale\" content=\"pt_BR\" \/>\n<meta property=\"og:type\" content=\"article\" \/>\n<meta property=\"og:title\" content=\"Comiss\u00e3o da Verdade descarta tese de assassinato; morte de JK foi acidente - Notibras\" \/>\n<meta property=\"og:description\" content=\"A Comiss\u00e3o Nacional da Verdade (CNV) concluiu que o ex-presidente Juscelino Kubitschek morreu em decorr\u00eancia de um acidente, afastando a suspeita de que ele teria sido v\u00edtima de um atentado. A constata\u00e7\u00e3o est\u00e1 em linha com vers\u00e3o oficial de que ele sofreu um acidente de tr\u00e2nsito na rodovia Presidente Dutra em 1976. \u201cN\u00e3o h\u00e1 nos [&hellip;]\" \/>\n<meta property=\"og:url\" content=\"https:\/\/www.notibras.com\/site\/comissao-da-verdade-descarta-tese-de-assassinato-morte-de-jk-foi-acidente\/\" \/>\n<meta property=\"og:site_name\" content=\"Notibras\" \/>\n<meta property=\"article:publisher\" content=\"https:\/\/www.facebook.com\/notibras\/\" \/>\n<meta property=\"article:published_time\" content=\"2014-04-22T18:49:25+00:00\" \/>\n<meta property=\"og:image\" content=\"https:\/\/www.notibras.com\/site\/wp-content\/uploads\/2014\/04\/get_img.jpg\" \/>\n\t<meta property=\"og:image:width\" content=\"651\" \/>\n\t<meta property=\"og:image:height\" content=\"383\" \/>\n\t<meta property=\"og:image:type\" content=\"image\/jpeg\" \/>\n<meta name=\"author\" content=\"Reda\u00e7\u00e3o\" \/>\n<meta name=\"twitter:card\" content=\"summary_large_image\" \/>\n<meta name=\"twitter:creator\" content=\"@Notibras\" \/>\n<meta name=\"twitter:site\" content=\"@Notibras\" \/>\n<meta name=\"twitter:label1\" content=\"Escrito por\" \/>\n\t<meta name=\"twitter:data1\" content=\"Reda\u00e7\u00e3o\" \/>\n\t<meta name=\"twitter:label2\" content=\"Est. tempo de leitura\" \/>\n\t<meta name=\"twitter:data2\" content=\"1 minuto\" \/>\n<script type=\"application\/ld+json\" class=\"yoast-schema-graph\">{\"@context\":\"https:\/\/schema.org\",\"@graph\":[{\"@type\":\"Article\",\"@id\":\"https:\/\/www.notibras.com\/site\/comissao-da-verdade-descarta-tese-de-assassinato-morte-de-jk-foi-acidente\/#article\",\"isPartOf\":{\"@id\":\"https:\/\/www.notibras.com\/site\/comissao-da-verdade-descarta-tese-de-assassinato-morte-de-jk-foi-acidente\/\"},\"author\":{\"name\":\"Reda\u00e7\u00e3o\",\"@id\":\"https:\/\/www.notibras.com\/site\/#\/schema\/person\/36ab0979449956132d3e5b517ea76ac8\"},\"headline\":\"Comiss\u00e3o da Verdade descarta tese de assassinato; morte de JK foi acidente\",\"datePublished\":\"2014-04-22T18:49:25+00:00\",\"mainEntityOfPage\":{\"@id\":\"https:\/\/www.notibras.com\/site\/comissao-da-verdade-descarta-tese-de-assassinato-morte-de-jk-foi-acidente\/\"},\"wordCount\":215,\"commentCount\":0,\"publisher\":{\"@id\":\"https:\/\/www.notibras.com\/site\/#organization\"},\"image\":{\"@id\":\"https:\/\/www.notibras.com\/site\/comissao-da-verdade-descarta-tese-de-assassinato-morte-de-jk-foi-acidente\/#primaryimage\"},\"thumbnailUrl\":\"https:\/\/www.notibras.com\/site\/wp-content\/uploads\/2014\/04\/get_img.jpg\",\"articleSection\":[\"Brasil\"],\"inLanguage\":\"pt-BR\",\"potentialAction\":[{\"@type\":\"CommentAction\",\"name\":\"Comment\",\"target\":[\"https:\/\/www.notibras.com\/site\/comissao-da-verdade-descarta-tese-de-assassinato-morte-de-jk-foi-acidente\/#respond\"]}]},{\"@type\":\"WebPage\",\"@id\":\"https:\/\/www.notibras.com\/site\/comissao-da-verdade-descarta-tese-de-assassinato-morte-de-jk-foi-acidente\/\",\"url\":\"https:\/\/www.notibras.com\/site\/comissao-da-verdade-descarta-tese-de-assassinato-morte-de-jk-foi-acidente\/\",\"name\":\"Comiss\u00e3o da Verdade descarta tese de assassinato; morte de JK foi acidente - Notibras\",\"isPartOf\":{\"@id\":\"https:\/\/www.notibras.com\/site\/#website\"},\"primaryImageOfPage\":{\"@id\":\"https:\/\/www.notibras.com\/site\/comissao-da-verdade-descarta-tese-de-assassinato-morte-de-jk-foi-acidente\/#primaryimage\"},\"image\":{\"@id\":\"https:\/\/www.notibras.com\/site\/comissao-da-verdade-descarta-tese-de-assassinato-morte-de-jk-foi-acidente\/#primaryimage\"},\"thumbnailUrl\":\"https:\/\/www.notibras.com\/site\/wp-content\/uploads\/2014\/04\/get_img.jpg\",\"datePublished\":\"2014-04-22T18:49:25+00:00\",\"breadcrumb\":{\"@id\":\"https:\/\/www.notibras.com\/site\/comissao-da-verdade-descarta-tese-de-assassinato-morte-de-jk-foi-acidente\/#breadcrumb\"},\"inLanguage\":\"pt-BR\",\"potentialAction\":[{\"@type\":\"ReadAction\",\"target\":[\"https:\/\/www.notibras.com\/site\/comissao-da-verdade-descarta-tese-de-assassinato-morte-de-jk-foi-acidente\/\"]}]},{\"@type\":\"ImageObject\",\"inLanguage\":\"pt-BR\",\"@id\":\"https:\/\/www.notibras.com\/site\/comissao-da-verdade-descarta-tese-de-assassinato-morte-de-jk-foi-acidente\/#primaryimage\",\"url\":\"https:\/\/www.notibras.com\/site\/wp-content\/uploads\/2014\/04\/get_img.jpg\",\"contentUrl\":\"https:\/\/www.notibras.com\/site\/wp-content\/uploads\/2014\/04\/get_img.jpg\",\"width\":651,\"height\":383},{\"@type\":\"BreadcrumbList\",\"@id\":\"https:\/\/www.notibras.com\/site\/comissao-da-verdade-descarta-tese-de-assassinato-morte-de-jk-foi-acidente\/#breadcrumb\",\"itemListElement\":[{\"@type\":\"ListItem\",\"position\":1,\"name\":\"In\u00edcio\",\"item\":\"https:\/\/www.notibras.com\/site\/\"},{\"@type\":\"ListItem\",\"position\":2,\"name\":\"Comiss\u00e3o da Verdade descarta tese de assassinato; morte de JK foi acidente\"}]},{\"@type\":\"WebSite\",\"@id\":\"https:\/\/www.notibras.com\/site\/#website\",\"url\":\"https:\/\/www.notibras.com\/site\/\",\"name\":\"Notibras\",\"description\":\"Not\u00edcias de Bras\u00edlia, do Brasil e do Mundo\",\"publisher\":{\"@id\":\"https:\/\/www.notibras.com\/site\/#organization\"},\"potentialAction\":[{\"@type\":\"SearchAction\",\"target\":{\"@type\":\"EntryPoint\",\"urlTemplate\":\"https:\/\/www.notibras.com\/site\/?s={search_term_string}\"},\"query-input\":{\"@type\":\"PropertyValueSpecification\",\"valueRequired\":true,\"valueName\":\"search_term_string\"}}],\"inLanguage\":\"pt-BR\"},{\"@type\":\"Organization\",\"@id\":\"https:\/\/www.notibras.com\/site\/#organization\",\"name\":\"Grupo Notibras de Comunica\u00e7\u00e3o\",\"url\":\"https:\/\/www.notibras.com\/site\/\",\"logo\":{\"@type\":\"ImageObject\",\"inLanguage\":\"pt-BR\",\"@id\":\"https:\/\/www.notibras.com\/site\/#\/schema\/logo\/image\/\",\"url\":\"https:\/\/www.notibras.com\/site\/wp-content\/uploads\/2023\/01\/notibras23.png\",\"contentUrl\":\"https:\/\/www.notibras.com\/site\/wp-content\/uploads\/2023\/01\/notibras23.png\",\"width\":350,\"height\":87,\"caption\":\"Grupo Notibras de Comunica\u00e7\u00e3o\"},\"image\":{\"@id\":\"https:\/\/www.notibras.com\/site\/#\/schema\/logo\/image\/\"},\"sameAs\":[\"https:\/\/www.facebook.com\/notibras\/\",\"https:\/\/x.com\/Notibras\",\"https:\/\/www.instagram.com\/notibras\/\"]},{\"@type\":\"Person\",\"@id\":\"https:\/\/www.notibras.com\/site\/#\/schema\/person\/36ab0979449956132d3e5b517ea76ac8\",\"name\":\"Reda\u00e7\u00e3o\",\"image\":{\"@type\":\"ImageObject\",\"inLanguage\":\"pt-BR\",\"@id\":\"https:\/\/secure.gravatar.com\/avatar\/e0a867bdedb85fd243eadf09663511f96fc81e0720a4a42581f334ad4303aa6b?s=96&d=mm&r=g\",\"url\":\"https:\/\/secure.gravatar.com\/avatar\/e0a867bdedb85fd243eadf09663511f96fc81e0720a4a42581f334ad4303aa6b?s=96&d=mm&r=g\",\"contentUrl\":\"https:\/\/secure.gravatar.com\/avatar\/e0a867bdedb85fd243eadf09663511f96fc81e0720a4a42581f334ad4303aa6b?s=96&d=mm&r=g\",\"caption\":\"Reda\u00e7\u00e3o\"}}]}<\/script>\n<!-- \/ Yoast SEO plugin. -->","yoast_head_json":{"title":"Comiss\u00e3o da Verdade descarta tese de assassinato; morte de JK foi acidente - Notibras","robots":{"index":"index","follow":"follow","max-snippet":"max-snippet:-1","max-image-preview":"max-image-preview:large","max-video-preview":"max-video-preview:-1"},"canonical":"https:\/\/www.notibras.com\/site\/comissao-da-verdade-descarta-tese-de-assassinato-morte-de-jk-foi-acidente\/","og_locale":"pt_BR","og_type":"article","og_title":"Comiss\u00e3o da Verdade descarta tese de assassinato; morte de JK foi acidente - Notibras","og_description":"A Comiss\u00e3o Nacional da Verdade (CNV) concluiu que o ex-presidente Juscelino Kubitschek morreu em decorr\u00eancia de um acidente, afastando a suspeita de que ele teria sido v\u00edtima de um atentado. A constata\u00e7\u00e3o est\u00e1 em linha com vers\u00e3o oficial de que ele sofreu um acidente de tr\u00e2nsito na rodovia Presidente Dutra em 1976. \u201cN\u00e3o h\u00e1 nos [&hellip;]","og_url":"https:\/\/www.notibras.com\/site\/comissao-da-verdade-descarta-tese-de-assassinato-morte-de-jk-foi-acidente\/","og_site_name":"Notibras","article_publisher":"https:\/\/www.facebook.com\/notibras\/","article_published_time":"2014-04-22T18:49:25+00:00","og_image":[{"width":651,"height":383,"url":"https:\/\/www.notibras.com\/site\/wp-content\/uploads\/2014\/04\/get_img.jpg","type":"image\/jpeg"}],"author":"Reda\u00e7\u00e3o","twitter_card":"summary_large_image","twitter_creator":"@Notibras","twitter_site":"@Notibras","twitter_misc":{"Escrito por":"Reda\u00e7\u00e3o","Est. tempo de leitura":"1 minuto"},"schema":{"@context":"https:\/\/schema.org","@graph":[{"@type":"Article","@id":"https:\/\/www.notibras.com\/site\/comissao-da-verdade-descarta-tese-de-assassinato-morte-de-jk-foi-acidente\/#article","isPartOf":{"@id":"https:\/\/www.notibras.com\/site\/comissao-da-verdade-descarta-tese-de-assassinato-morte-de-jk-foi-acidente\/"},"author":{"name":"Reda\u00e7\u00e3o","@id":"https:\/\/www.notibras.com\/site\/#\/schema\/person\/36ab0979449956132d3e5b517ea76ac8"},"headline":"Comiss\u00e3o da Verdade descarta tese de assassinato; morte de JK foi acidente","datePublished":"2014-04-22T18:49:25+00:00","mainEntityOfPage":{"@id":"https:\/\/www.notibras.com\/site\/comissao-da-verdade-descarta-tese-de-assassinato-morte-de-jk-foi-acidente\/"},"wordCount":215,"commentCount":0,"publisher":{"@id":"https:\/\/www.notibras.com\/site\/#organization"},"image":{"@id":"https:\/\/www.notibras.com\/site\/comissao-da-verdade-descarta-tese-de-assassinato-morte-de-jk-foi-acidente\/#primaryimage"},"thumbnailUrl":"https:\/\/www.notibras.com\/site\/wp-content\/uploads\/2014\/04\/get_img.jpg","articleSection":["Brasil"],"inLanguage":"pt-BR","potentialAction":[{"@type":"CommentAction","name":"Comment","target":["https:\/\/www.notibras.com\/site\/comissao-da-verdade-descarta-tese-de-assassinato-morte-de-jk-foi-acidente\/#respond"]}]},{"@type":"WebPage","@id":"https:\/\/www.notibras.com\/site\/comissao-da-verdade-descarta-tese-de-assassinato-morte-de-jk-foi-acidente\/","url":"https:\/\/www.notibras.com\/site\/comissao-da-verdade-descarta-tese-de-assassinato-morte-de-jk-foi-acidente\/","name":"Comiss\u00e3o da Verdade descarta tese de assassinato; morte de JK foi acidente - Notibras","isPartOf":{"@id":"https:\/\/www.notibras.com\/site\/#website"},"primaryImageOfPage":{"@id":"https:\/\/www.notibras.com\/site\/comissao-da-verdade-descarta-tese-de-assassinato-morte-de-jk-foi-acidente\/#primaryimage"},"image":{"@id":"https:\/\/www.notibras.com\/site\/comissao-da-verdade-descarta-tese-de-assassinato-morte-de-jk-foi-acidente\/#primaryimage"},"thumbnailUrl":"https:\/\/www.notibras.com\/site\/wp-content\/uploads\/2014\/04\/get_img.jpg","datePublished":"2014-04-22T18:49:25+00:00","breadcrumb":{"@id":"https:\/\/www.notibras.com\/site\/comissao-da-verdade-descarta-tese-de-assassinato-morte-de-jk-foi-acidente\/#breadcrumb"},"inLanguage":"pt-BR","potentialAction":[{"@type":"ReadAction","target":["https:\/\/www.notibras.com\/site\/comissao-da-verdade-descarta-tese-de-assassinato-morte-de-jk-foi-acidente\/"]}]},{"@type":"ImageObject","inLanguage":"pt-BR","@id":"https:\/\/www.notibras.com\/site\/comissao-da-verdade-descarta-tese-de-assassinato-morte-de-jk-foi-acidente\/#primaryimage","url":"https:\/\/www.notibras.com\/site\/wp-content\/uploads\/2014\/04\/get_img.jpg","contentUrl":"https:\/\/www.notibras.com\/site\/wp-content\/uploads\/2014\/04\/get_img.jpg","width":651,"height":383},{"@type":"BreadcrumbList","@id":"https:\/\/www.notibras.com\/site\/comissao-da-verdade-descarta-tese-de-assassinato-morte-de-jk-foi-acidente\/#breadcrumb","itemListElement":[{"@type":"ListItem","position":1,"name":"In\u00edcio","item":"https:\/\/www.notibras.com\/site\/"},{"@type":"ListItem","position":2,"name":"Comiss\u00e3o da Verdade descarta tese de assassinato; morte de JK foi acidente"}]},{"@type":"WebSite","@id":"https:\/\/www.notibras.com\/site\/#website","url":"https:\/\/www.notibras.com\/site\/","name":"Notibras","description":"Not\u00edcias de Bras\u00edlia, do Brasil e do Mundo","publisher":{"@id":"https:\/\/www.notibras.com\/site\/#organization"},"potentialAction":[{"@type":"SearchAction","target":{"@type":"EntryPoint","urlTemplate":"https:\/\/www.notibras.com\/site\/?s={search_term_string}"},"query-input":{"@type":"PropertyValueSpecification","valueRequired":true,"valueName":"search_term_string"}}],"inLanguage":"pt-BR"},{"@type":"Organization","@id":"https:\/\/www.notibras.com\/site\/#organization","name":"Grupo Notibras de Comunica\u00e7\u00e3o","url":"https:\/\/www.notibras.com\/site\/","logo":{"@type":"ImageObject","inLanguage":"pt-BR","@id":"https:\/\/www.notibras.com\/site\/#\/schema\/logo\/image\/","url":"https:\/\/www.notibras.com\/site\/wp-content\/uploads\/2023\/01\/notibras23.png","contentUrl":"https:\/\/www.notibras.com\/site\/wp-content\/uploads\/2023\/01\/notibras23.png","width":350,"height":87,"caption":"Grupo Notibras de Comunica\u00e7\u00e3o"},"image":{"@id":"https:\/\/www.notibras.com\/site\/#\/schema\/logo\/image\/"},"sameAs":["https:\/\/www.facebook.com\/notibras\/","https:\/\/x.com\/Notibras","https:\/\/www.instagram.com\/notibras\/"]},{"@type":"Person","@id":"https:\/\/www.notibras.com\/site\/#\/schema\/person\/36ab0979449956132d3e5b517ea76ac8","name":"Reda\u00e7\u00e3o","image":{"@type":"ImageObject","inLanguage":"pt-BR","@id":"https:\/\/secure.gravatar.com\/avatar\/e0a867bdedb85fd243eadf09663511f96fc81e0720a4a42581f334ad4303aa6b?s=96&d=mm&r=g","url":"https:\/\/secure.gravatar.com\/avatar\/e0a867bdedb85fd243eadf09663511f96fc81e0720a4a42581f334ad4303aa6b?s=96&d=mm&r=g","contentUrl":"https:\/\/secure.gravatar.com\/avatar\/e0a867bdedb85fd243eadf09663511f96fc81e0720a4a42581f334ad4303aa6b?s=96&d=mm&r=g","caption":"Reda\u00e7\u00e3o"}}]}},"amp_enabled":true,"_links":{"self":[{"href":"https:\/\/www.notibras.com\/site\/wp-json\/wp\/v2\/posts\/7333","targetHints":{"allow":["GET"]}}],"collection":[{"href":"https:\/\/www.notibras.com\/site\/wp-json\/wp\/v2\/posts"}],"about":[{"href":"https:\/\/www.notibras.com\/site\/wp-json\/wp\/v2\/types\/post"}],"author":[{"embeddable":true,"href":"https:\/\/www.notibras.com\/site\/wp-json\/wp\/v2\/users\/2"}],"replies":[{"embeddable":true,"href":"https:\/\/www.notibras.com\/site\/wp-json\/wp\/v2\/comments?post=7333"}],"version-history":[{"count":0,"href":"https:\/\/www.notibras.com\/site\/wp-json\/wp\/v2\/posts\/7333\/revisions"}],"wp:featuredmedia":[{"embeddable":true,"href":"https:\/\/www.notibras.com\/site\/wp-json\/wp\/v2\/media\/7334"}],"wp:attachment":[{"href":"https:\/\/www.notibras.com\/site\/wp-json\/wp\/v2\/media?parent=7333"}],"wp:term":[{"taxonomy":"category","embeddable":true,"href":"https:\/\/www.notibras.com\/site\/wp-json\/wp\/v2\/categories?post=7333"},{"taxonomy":"post_tag","embeddable":true,"href":"https:\/\/www.notibras.com\/site\/wp-json\/wp\/v2\/tags?post=7333"}],"curies":[{"name":"wp","href":"https:\/\/api.w.org\/{rel}","templated":true}]}}